{"id":80498,"date":"2017-12-14T13:25:00","date_gmt":"2017-12-14T11:25:00","guid":{"rendered":"http:\/\/slovaklinesmagazin.sk\/cms\/?p=80498"},"modified":"2017-12-14T14:22:18","modified_gmt":"2017-12-14T12:22:18","slug":"umeleckohistoricke-muzeum-kunsthistorisches-museum-wien","status":"publish","type":"post","link":"https:\/\/www.slovaklinesmagazin.sk\/cms\/2017\/12\/umeleckohistoricke-muzeum-kunsthistorisches-museum-wien\/","title":{"rendered":"Umeleckohistorick\u00e9 m\u00fazeum \u2013 Kunsthistorisches Museum Wien"},"content":{"rendered":"<p>Kunsthistorisches Museum bolo postaven\u00e9 cis\u00e1rom Franti\u0161kom Jozefom pre uchovanie prekr\u00e1snych zbierok Habsburgovcov, ktor\u00e9 z\u00edskavali v priebehu nieko\u013ek\u00fdch storo\u010d\u00ed.<\/p>\n<p style=\"text-align: center;\"><img loading=\"lazy\" decoding=\"async\" class=\"aligncenter\" src=\"http:\/\/slovaklinesmagazin.sk\/cms\/wp-content\/uploads\/2017\/11\/Depositphotos_39112777_maly.jpg\" width=\"841\" height=\"560\" \/><\/p>\n<p>Budova m\u00fazea na viedenskej Ringstra\u00dfe je v\u00fdnimo\u010dn\u00fdm dielom architektov Gottfried Sempera a Karla Hasenauera a\u00a0 je jedn\u00fdm z najp\u00f4sobivej\u0161\u00edch m\u00faze\u00ed postaven\u00fdch v 19. storo\u010d\u00ed. Na ploche 2700 m2 tu n\u00e1jdeme vy\u0161e 2 200 svetovo jedine\u010dn\u00fdch umeleck\u00fdch diel.<\/p>\n<p><strong>Kunstkammer Wien: Priv\u00e1tna Zbierka Habsburgovcov<\/strong><\/p>\n<p>Od svojho znovuotvorenia v marci 2013 sa stal Kunstkammer Viede\u0148 kult\u00farnou pozoruhodnos\u0165ou ka\u017edej n\u00e1v\u0161tevy Viedne.<\/p>\n<p>Na prelome stredoveku a novoveku za\u010dali cis\u00e1ri a arcivojvodovia z rodu Habsburgovcov zbiera\u0165 doklady v\u0161etk\u00e9ho poznania vtedaj\u0161ej doby vo forme vynikaj\u00facich umeleck\u00fdch predmetov. Ako symbol svojej moci a v\u00fdraz svojich osobn\u00fdch z\u00e1\u013eub sp\u00e1jali vo svojich zbierkach pr\u00edrodu a umenia, poznatky techniky a vedy, a s\u00fastre\u010fovali tieto skvosty a kuriozity vo svojich sie\u0148ach umenia, ktor\u00e9 sa tak stali kol\u00edskou m\u00fazea.<\/p>\n<p>T\u00e1to zberate\u013esk\u00e1 v\u00e1\u0161e\u0148 Habsburgovcov trvaj\u00faca po st\u00e1ro\u010dia dala vznikn\u00fa\u0165 cel\u00e9mu vesm\u00edru umenia a kr\u00e1sy, ktor\u00fd znovu povst\u00e1va v Kunstkammer Viede\u0148 a rozpr\u00e1va nespo\u010detn\u00e9 pr\u00edbehy svojich tvorcov, zberate\u013eov a panovn\u00edkov minul\u00fdch \u010dasov.<\/p>\n<p>Svetovo jedine\u010dn\u00e9 zlatn\u00edcke pr\u00e1ce, vrcholn\u00e9 diela soch\u00e1rstvo, majstrovsk\u00e9 bronzov\u00e9 so\u0161ky, filigr\u00e1nske a bizarn\u00e9 pr\u00e1ce zo slonoviny, dokonal\u00e9 kamenn\u00e9 n\u00e1doby, vz\u00e1cne hodiny a zlo\u017eit\u00e9 pr\u00edstroje najlep\u0161\u00edch a najzn\u00e1mej\u0161\u00edch umelcov svojej doby ok\u00faz\u013euj\u00fa svojich obdivovate\u013eov u\u017e po st\u00e1ro\u010dia a prived\u00fa k \u00fa\u017easu aj v\u00e1s.<\/p>\n<p>Obraz\u00e1re\u0148 uchov\u00e1va jednu z najv\u00fdznamnej\u0161\u00edch zbierok star\u00e9ho umenia na svete. Medzi nimi s\u00fa aj\u00a0 najvz\u00e1cnej\u0161ie majstrovsk\u00e9 diela Rubensa, Rembrandta, Rafaela, Vermeera, Vel\u00e1zquez, Tiziana a D\u00fcrera, rovnako ako najrozsiahlej\u0161ia zbierka obrazov Petra Bruegela star\u0161ieho. Z va\u0161ej n\u00e1v\u0161tevy sa stane naozaj nezabudnute\u013en\u00fd z\u00e1\u017eitok!<\/p>\n<p><strong>Zbierka egyptsk\u00e9ho a orient\u00e1lneho umenia<\/strong><\/p>\n<p>Ve\u013ekolep\u00e9 sochy a reli\u00e9fy, sarkof\u00e1gy m\u00fami\u00ed, tri obrovsk\u00e9 st\u013apy v tvare stoniek papyrusu a \u010fal\u0161ie umeleck\u00e9 objekty pon\u00faka poh\u013ead do fascinuj\u00faceho sveta starovek\u00e9ho Egypta. V\u00e4\u010d\u0161ina z nich je vystaven\u00e1 v gal\u00e9ri\u00e1ch vyzdoben\u00fdch v 19. storo\u010d\u00ed v neo-egyptskom \u0161t\u00fdle.<\/p>\n<p><strong>Zbierka gr\u00e9ckeho a r\u00edmskeho antick\u00e9ho umenia<\/strong><\/p>\n<p>Spoznajte umeleck\u00e9 diela, ktor\u00e9 pokr\u00fdvaj\u00fa tri tis\u00edcro\u010dia \u2013 od doby bronzovej do doby temna, z Cypru cez Gr\u00e9cko, Taliansko a\u017e do Rak\u00faska. Zbierka obsahuje ok\u00e1zal\u00e9 staro\u017eitn\u00e9 portr\u00e9ty, poklady z neskorej antiky a temn\u00e9ho stredoveku, gr\u00e9ckej v\u00e1zy a r\u00edmske artefakty.<\/p>\n<p><strong>Kabinet numizmatiky<\/strong><\/p>\n<p>Mince od doby ich vzniku po dne\u0161n\u00fa dobu. Pr\u00edrodn\u00e9 a papierov\u00e9 peniaze, v\u00fdznamn\u00e9 medaily a vyznamenania. T\u00e1to kolekcia, ktor\u00e1 patr\u00ed s viac ako 700,000 artefaktmi medzi p\u00e4\u0165 najv\u00e4\u010d\u0161\u00edch na svete, poz\u00fdva v\u00e1s\u00a0 na fascinuj\u00facu cestu dejinami platidiel.<\/p>\n<p><strong>Kunsthistorisches museum Wien<\/strong><\/p>\n<p>1010 Viede\u0148, Maria Theresien-Platz<\/p>\n<p>Tel. +43 1 525 24 -2500<\/p>\n<p>tourist@khm.at<\/p>\n<p>www.tourism.khm.at<\/p>\n<p>Metro: linka U2 do stanice \u201eMuseumsquartier\u201c, Alebo U3 na \u201eVolkstheater\u201c<\/p>\n<p>Elektri\u010dka: linka D, 1, 2, 71, 46, 49<\/p>\n<p>Autobus: linka 48A, 57A<\/p>\n<p><strong>Otv\u00e1racia doba<\/strong><\/p>\n<p>Denne okrem pondelka 10 \u2013 18 hod.<\/p>\n<p>\u0160tvrtok 10-21 hod.<\/p>\n<p>J\u00fan a\u017e august otvoren\u00e9 denne vr\u00e1tane pondelku<\/p>\n<p><strong>Vstupn\u00e9<\/strong><\/p>\n<p>Kunsthistorisches Museum + Neue Burg<\/p>\n<p>Dospel\u00ed \u20ac 14<\/p>\n<p>Zn\u00ed\u017een\u00e9 vstupn\u00e9 \u20ac 11 osoba<\/p>\n<p>Skupiny nad 10 os\u00f4b \u20ac 11 osoba<\/p>\n<p>Deti a ml\u00e1de\u017e do 19 rokov: vo\u013en\u00fd vstup do v\u0161etk\u00fdch m\u00faze\u00ed<\/p>\n<p style=\"text-align: center;\"><a href=\"http:\/\/slovaklinesmagazin.sk\/cms\/wp-content\/uploads\/2017\/11\/Rubens-banner.png\"><img decoding=\"async\" class=\"aligncenter\" src=\"http:\/\/slovaklinesmagazin.sk\/cms\/wp-content\/uploads\/2017\/11\/Rubens-banner.png\" \/><\/a><\/p>\n","protected":false},"excerpt":{"rendered":"<p>Kunsthistorisches Museum bolo postaven\u00e9 cis\u00e1rom Franti\u0161kom Jozefom pre uchovanie prekr\u00e1snych zbierok Habsburgovcov, ktor\u00e9 z\u00edskavali v priebehu nieko\u013ek\u00fdch storo\u010d\u00ed. Budova m\u00fazea na viedenskej Ringstra\u00dfe je v\u00fdnimo\u010dn\u00fdm dielom architektov Gottfried Sempera a Karla Hasenauera a\u00a0 je jedn\u00fdm z najp\u00f4sobivej\u0161\u00edch m\u00faze\u00ed postaven\u00fdch v 19. storo\u010d\u00ed. Na ploche 2700 m2 tu n\u00e1jdeme vy\u0161e 2 200 svetovo jedine\u010dn\u00fdch umeleck\u00fdch diel. [&hellip;]<\/p>\n","protected":false},"author":7,"featured_media":80499,"comment_status":"closed","ping_status":"closed","sticky":false,"template":"","format":"standard","meta":{"footnotes":""},"categories":[13,45,48],"tags":[],"class_list":["post-80498","post","type-post","status-publish","format-standard","has-post-thumbnail","hentry","category-real-estate","category-nas-tip","category-umenie-a-kultura","eq-blocks"],"_links":{"self":[{"href":"https:\/\/www.slovaklinesmagazin.sk\/cms\/wp-json\/wp\/v2\/posts\/80498","targetHints":{"allow":["GET"]}}],"collection":[{"href":"https:\/\/www.slovaklinesmagazin.sk\/cms\/wp-json\/wp\/v2\/posts"}],"about":[{"href":"https:\/\/www.slovaklinesmagazin.sk\/cms\/wp-json\/wp\/v2\/types\/post"}],"author":[{"embeddable":true,"href":"https:\/\/www.slovaklinesmagazin.sk\/cms\/wp-json\/wp\/v2\/users\/7"}],"replies":[{"embeddable":true,"href":"https:\/\/www.slovaklinesmagazin.sk\/cms\/wp-json\/wp\/v2\/comments?post=80498"}],"version-history":[{"count":1,"href":"https:\/\/www.slovaklinesmagazin.sk\/cms\/wp-json\/wp\/v2\/posts\/80498\/revisions"}],"predecessor-version":[{"id":80501,"href":"https:\/\/www.slovaklinesmagazin.sk\/cms\/wp-json\/wp\/v2\/posts\/80498\/revisions\/80501"}],"wp:featuredmedia":[{"embeddable":true,"href":"https:\/\/www.slovaklinesmagazin.sk\/cms\/wp-json\/wp\/v2\/media\/80499"}],"wp:attachment":[{"href":"https:\/\/www.slovaklinesmagazin.sk\/cms\/wp-json\/wp\/v2\/media?parent=80498"}],"wp:term":[{"taxonomy":"category","embeddable":true,"href":"https:\/\/www.slovaklinesmagazin.sk\/cms\/wp-json\/wp\/v2\/categories?post=80498"},{"taxonomy":"post_tag","embeddable":true,"href":"https:\/\/www.slovaklinesmagazin.sk\/cms\/wp-json\/wp\/v2\/tags?post=80498"}],"curies":[{"name":"wp","href":"https:\/\/api.w.org\/{rel}","templated":true}]}}