{"id":80917,"date":"2018-01-04T12:44:46","date_gmt":"2018-01-04T10:44:46","guid":{"rendered":"http:\/\/slovaklinesmagazin.sk\/cms\/?p=80917"},"modified":"2018-01-04T13:56:38","modified_gmt":"2018-01-04T11:56:38","slug":"festival-ladovych-soch-sa-po-roku-opat-vracia-na-pustevny","status":"publish","type":"post","link":"https:\/\/www.slovaklinesmagazin.sk\/cms\/2018\/01\/festival-ladovych-soch-sa-po-roku-opat-vracia-na-pustevny\/","title":{"rendered":"Festival \u013eadov\u00fdch s\u00f4ch sa po roku op\u00e4\u0165 vracia na Pustevny"},"content":{"rendered":"<p>Ako sa stalo u\u017e trad\u00edciou, v janu\u00e1ri op\u00e4\u0165 priv\u00edtaj\u00fa Pustevny &#8211; Festival \u013eadov\u00fdch s\u00f4ch.<\/p>\n<p>\u010eal\u0161\u00ed ro\u010dn\u00edk tejto popul\u00e1rnej akcie sa bude kona\u0165 po dobu troch janu\u00e1rov\u00fdch t\u00fd\u017ed\u0148ov, od 6. 1. &#8211; 21. 1. 2018. Sochy z tridsiatich piatich ton \u013eadu vyroben\u00e9ho v opavsk\u00fdch mraziar\u0148ach Bidfood bud\u00fa opracovan\u00e9 \u0161pi\u010dkov\u00fdmi rezb\u00e1ri z \u010ceskej a Slovenskej republiky.<br \/>\nGarantom celej akcie je umeleck\u00fd rezb\u00e1r Jan Pa\u010four, ktor\u00fd je \u010dlenom t\u00edmu rezb\u00e1rov, ktor\u00ed reprezentovali v m\u00e1ji na\u0161u krajinu na najprest\u00ed\u017enej\u0161ej akcii pre rezb\u00e1rov &#8211; Husky Cupu v Nemecku.<\/p>\n<p style=\"text-align: center;\"><a href=\"http:\/\/slovaklinesmagazin.sk\/cms\/wp-content\/uploads\/2018\/01\/DSC09138.jpg\"><img decoding=\"async\" class=\"aligncenter\" src=\"http:\/\/slovaklinesmagazin.sk\/cms\/wp-content\/uploads\/2018\/01\/DSC09138-1024x683.jpg\" \/><\/a><\/p>\n<p>S\u00fa\u0165a\u017e v Nemecku je postaven\u00e1 iba na pozvanie organiz\u00e1torov Husky Cupu, ktor\u00ed si vyberaj\u00fa t\u00edmy z cel\u00e9ho sveta. \u010cesk\u00fdch rezb\u00e1rov na \u010dele s Janom Pa\u010fourom, k \u00fa\u010dasti pozvali u\u017e druh\u00fdkr\u00e1t za sebou. Na Pustevny doraz\u00ed tie\u017e Adam Bako\u0161 zo Slovenska, ktor\u00fd je nielen \u00fa\u010dastn\u00edkom Husky Cupu, ale predov\u0161etk\u00fdm garantom \u013eadovej stavby Tatransk\u00e9ho d\u00f3mu na Hrebienku.<br \/>\nV tomto roku pod taktovkou Adama Bako\u0161a v Tatr\u00e1ch rezb\u00e1ri vytvorili dielo v \u0161t\u00fdle \u0161panielskej &#8222;Sagrada Familia&#8220;.<br \/>\nStavbu vyrezali zo sto dev\u00e4\u0165desiatimi ton \u013eadu.<br \/>\nAdam Bako\u0161 je tie\u017e \u00fa\u010dastn\u00edkom celosvetov\u00e9ho fin\u00e1le s\u00fa\u0165a\u017ee Ice Master a nieko\u013ekon\u00e1sobn\u00fdm v\u00ed\u0165azom tejto s\u00fa\u0165a\u017ee. \u010eal\u0161\u00edmi rezb\u00e1ri na Pustevn\u00e1ch bud\u00fa Mair\u00e1n Mar\u0161\u00e1lek a Ond\u0159ej Proch\u00e1zka, rezb\u00e1ri nominovan\u00ed za \u010cesk\u00fa Republiku na majstrovstv\u00e1ch sveta v rezan\u00ed do \u013eadu &#8211; Ice Master 2018, ktor\u00e9 sa bude kona\u0165 u\u017e v janu\u00e1ri v Tatr\u00e1ch.<br \/>\nRezb\u00e1ri bud\u00fa svoje sochy vytv\u00e1ra\u0165 z p\u00e4\u0165sto kociek \u013eadu priamo na Pustevn\u00e1ch od 3. 1. do 8. 1.<\/p>\n<p style=\"text-align: center;\"><a href=\"http:\/\/slovaklinesmagazin.sk\/cms\/wp-content\/uploads\/2018\/01\/IMG_8508_cerna.jpg\"><img decoding=\"async\" class=\"aligncenter\" src=\"http:\/\/slovaklinesmagazin.sk\/cms\/wp-content\/uploads\/2018\/01\/IMG_8508_cerna-1024x683.jpg\" \/><\/a><\/p>\n<p>Ten, kto by r\u00e1d zhliadol tvorbu s\u00f4ch v priamom prenose by mal dorazi\u0165 na Pustevny hne\u010f prv\u00fd v\u00edkend v\u00fdstavy, v sobotu alebo nede\u013eu (6.-7. Janu\u00e1ra 2018). O tomto v\u00edkende bud\u00fa sochy v hlavnom stane na l\u00fake pred kolibami u\u017e hotov\u00e9 a nasvieten\u00e9. Rezanie s\u00f4ch bude prebieha\u0165 v druhom stane, pod novou hornou stanicou lanovej dr\u00e1hy.<br \/>\nStany so sochami bud\u00fa otvoren\u00e9 pre verejnos\u0165 denne medzi 8.30-17.00 hod. Vstup na v\u00fdstavu \u013eadov\u00fdch s\u00f4ch je samozrejme zadarmo.<\/p>\n<p>Cel\u00fdm festivalom sa bude prel\u00edna\u0165 t\u00e9ma n\u00e1vratu do minulosti v r\u00f4znych podob\u00e1ch. T\u00e9maticky bude pripraven\u00fd aj sprievodn\u00fd program r\u00e1dia \u010cas, ktor\u00e9 v bud\u00facom roku osl\u00e1vi svoje dvadsiate narodeniny.<br \/>\nN\u00e1v\u0161tevn\u00edci sa m\u00f4\u017eu te\u0161i\u0165 na hry a s\u00fa\u0165a\u017ee pre deti i dospel\u00fdch v r\u00e9\u017eii moder\u00e1torov r\u00e1dia \u010cas, ka\u017ed\u00fa sobotu a nede\u013eu od 10.00 hod. Nebud\u00fa ch\u00fdba\u0165 snehov\u00e9 sochy (za priazniv\u00e9ho po\u010dasia), ma\u013eovanie na sneh \u010di lezeck\u00e1 hora pre deti. Novinkou bude fotostena, pri ktorej si n\u00e1v\u0161tevn\u00edci bud\u00fa m\u00f4c\u0165 urobi\u0165 poh\u013eadnicu a rovno ju zasla\u0165 z Pusteven domov.<\/p>\n<p style=\"text-align: center;\"><a href=\"http:\/\/slovaklinesmagazin.sk\/cms\/wp-content\/uploads\/2018\/01\/IMG_8368-1.jpg\"><img decoding=\"async\" class=\"aligncenter\" src=\"http:\/\/slovaklinesmagazin.sk\/cms\/wp-content\/uploads\/2018\/01\/IMG_8368-1.jpg\" \/><\/a><\/p>\n<p>V pr\u00edpade dobr\u00fdch snehov\u00fdch podmienok bude k dispoz\u00edcii svah za stanom so sochami pre bobovanie \u010di s\u00e1nkovanie. Ch\u00fdba\u0165 nebude ani jarmok s lok\u00e1lnymi \u0161pecialitami. Posledn\u00fd v\u00edkend osl\u00e1vime &#8222;World Snow Day&#8220; &#8211; Medzin\u00e1rodn\u00fd de\u0148 snehu.<br \/>\nV Slovenskej republike sa t\u00e1to akcia organizovan\u00e1 Medzin\u00e1rodnou ly\u017eiarskou feder\u00e1ciou FIS, kon\u00e1 u\u017e po siedmy raz, na Pustevny sa vr\u00e1ti tret\u00edm rokom. Cie\u013eom celej akcie je pribl\u00ed\u017ei\u0165 de\u0165om pohyb v zimnom prostred\u00ed a motivova\u0165 ich k zimn\u00fdm \u0161portom.<\/p>\n<p style=\"text-align: center;\"><a href=\"http:\/\/slovaklinesmagazin.sk\/cms\/wp-content\/uploads\/2018\/01\/IMG_8985.jpg\"><img decoding=\"async\" class=\"aligncenter\" src=\"http:\/\/slovaklinesmagazin.sk\/cms\/wp-content\/uploads\/2018\/01\/IMG_8985-1024x683.jpg\" \/><\/a><\/p>\n<p>Deti si bud\u00fa m\u00f4c\u0165 vysk\u00fa\u0161a\u0165 r\u00f4zne druhy zimn\u00fdch \u0161portov vr\u00e1tane zjazdov\u00e9ho ly\u017eovania, be\u017ekovanie vo dvojiciach \u010di snowtubing.<br \/>\nDostupnos\u0165 na Pustevny je zaisten\u00e1 lanovkou z Trojanovic, kde bude fungova\u0165 odstavn\u00e9 parkovisko na R\u00e1ztoce.<br \/>\nZo strany Prostrednej Be\u010dvy, bude posilnen\u00e1 kyvadlov\u00e1 autobusov\u00e1 doprava &#8211;\u00a0 taktie\u017e z odstavn\u00e9ho parkoviska (zast\u00e1vka U B\u00e1rtka).<\/p>\n<p>Aktu\u00e1lne inform\u00e1cie na webe www.pustevny.cz<\/p>\n<p>Viacej fotografi\u00ed si mo\u017eete pozriet v prilo\u017eenej gal\u00e9rii:<\/p>\n<div id='gallery-1' class='gallery galleryid-80917 gallery-columns-1 gallery-size-large'><figure class='gallery-item'>\n\t\t\t<div class='gallery-icon landscape'>\n\t\t\t\t<a href='https:\/\/www.slovaklinesmagazin.sk\/cms\/2018\/01\/festival-ladovych-soch-sa-po-roku-opat-vracia-na-pustevny\/15970013_10154901721107905_1915680587_n\/'><img loading=\"lazy\" decoding=\"async\" width=\"640\" height=\"480\" src=\"https:\/\/www.slovaklinesmagazin.sk\/cms\/wp-content\/uploads\/2018\/01\/15970013_10154901721107905_1915680587_n.jpg\" class=\"attachment-large size-large\" alt=\"\" aria-describedby=\"gallery-1-80923\" srcset=\"https:\/\/www.slovaklinesmagazin.sk\/cms\/wp-content\/uploads\/2018\/01\/15970013_10154901721107905_1915680587_n.jpg 960w, https:\/\/www.slovaklinesmagazin.sk\/cms\/wp-content\/uploads\/2018\/01\/15970013_10154901721107905_1915680587_n-300x225.jpg 300w, https:\/\/www.slovaklinesmagazin.sk\/cms\/wp-content\/uploads\/2018\/01\/15970013_10154901721107905_1915680587_n-768x576.jpg 768w, https:\/\/www.slovaklinesmagazin.sk\/cms\/wp-content\/uploads\/2018\/01\/15970013_10154901721107905_1915680587_n-600x450.jpg 600w, https:\/\/www.slovaklinesmagazin.sk\/cms\/wp-content\/uploads\/2018\/01\/15970013_10154901721107905_1915680587_n-304x228.jpg 304w, https:\/\/www.slovaklinesmagazin.sk\/cms\/wp-content\/uploads\/2018\/01\/15970013_10154901721107905_1915680587_n-296x222.jpg 296w\" sizes=\"auto, (max-width: 640px) 100vw, 640px\" \/><\/a>\n\t\t\t<\/div>\n\t\t\t\t<figcaption class='wp-caption-text gallery-caption' id='gallery-1-80923'>\n\t\t\t\tFestival \u013eadov\u00fdch s\u00f4ch sa po roku op\u00e4\u0165 vracia na Pustevny\n\t\t\t\t<\/figcaption><\/figure><figure class='gallery-item'>\n\t\t\t<div class='gallery-icon landscape'>\n\t\t\t\t<a href='https:\/\/www.slovaklinesmagazin.sk\/cms\/2018\/01\/festival-ladovych-soch-sa-po-roku-opat-vracia-na-pustevny\/sony-dsc-39\/'><img loading=\"lazy\" decoding=\"async\" width=\"640\" height=\"425\" src=\"https:\/\/www.slovaklinesmagazin.sk\/cms\/wp-content\/uploads\/2018\/01\/DSC01268-1024x680.jpg\" class=\"attachment-large size-large\" alt=\"\" aria-describedby=\"gallery-1-80924\" srcset=\"https:\/\/www.slovaklinesmagazin.sk\/cms\/wp-content\/uploads\/2018\/01\/DSC01268-1024x680.jpg 1024w, https:\/\/www.slovaklinesmagazin.sk\/cms\/wp-content\/uploads\/2018\/01\/DSC01268-300x199.jpg 300w, https:\/\/www.slovaklinesmagazin.sk\/cms\/wp-content\/uploads\/2018\/01\/DSC01268-768x510.jpg 768w, https:\/\/www.slovaklinesmagazin.sk\/cms\/wp-content\/uploads\/2018\/01\/DSC01268-600x398.jpg 600w, https:\/\/www.slovaklinesmagazin.sk\/cms\/wp-content\/uploads\/2018\/01\/DSC01268-304x202.jpg 304w, https:\/\/www.slovaklinesmagazin.sk\/cms\/wp-content\/uploads\/2018\/01\/DSC01268-296x197.jpg 296w, https:\/\/www.slovaklinesmagazin.sk\/cms\/wp-content\/uploads\/2018\/01\/DSC01268.jpg 2000w\" sizes=\"auto, (max-width: 640px) 100vw, 640px\" \/><\/a>\n\t\t\t<\/div>\n\t\t\t\t<figcaption class='wp-caption-text gallery-caption' id='gallery-1-80924'>\n\t\t\t\tFestival \u013eadov\u00fdch s\u00f4ch sa po roku op\u00e4\u0165 vracia na Pustevny\n\t\t\t\t<\/figcaption><\/figure><figure class='gallery-item'>\n\t\t\t<div class='gallery-icon landscape'>\n\t\t\t\t<a href='https:\/\/www.slovaklinesmagazin.sk\/cms\/2018\/01\/festival-ladovych-soch-sa-po-roku-opat-vracia-na-pustevny\/sony-dsc-40\/'><img loading=\"lazy\" decoding=\"async\" width=\"640\" height=\"426\" src=\"https:\/\/www.slovaklinesmagazin.sk\/cms\/wp-content\/uploads\/2018\/01\/DSC01372-1024x682.jpg\" class=\"attachment-large size-large\" alt=\"\" aria-describedby=\"gallery-1-80925\" srcset=\"https:\/\/www.slovaklinesmagazin.sk\/cms\/wp-content\/uploads\/2018\/01\/DSC01372-1024x682.jpg 1024w, https:\/\/www.slovaklinesmagazin.sk\/cms\/wp-content\/uploads\/2018\/01\/DSC01372-300x200.jpg 300w, https:\/\/www.slovaklinesmagazin.sk\/cms\/wp-content\/uploads\/2018\/01\/DSC01372-768x512.jpg 768w, https:\/\/www.slovaklinesmagazin.sk\/cms\/wp-content\/uploads\/2018\/01\/DSC01372-600x400.jpg 600w, https:\/\/www.slovaklinesmagazin.sk\/cms\/wp-content\/uploads\/2018\/01\/DSC01372-304x203.jpg 304w, https:\/\/www.slovaklinesmagazin.sk\/cms\/wp-content\/uploads\/2018\/01\/DSC01372-296x197.jpg 296w, https:\/\/www.slovaklinesmagazin.sk\/cms\/wp-content\/uploads\/2018\/01\/DSC01372.jpg 2000w\" sizes=\"auto, (max-width: 640px) 100vw, 640px\" \/><\/a>\n\t\t\t<\/div>\n\t\t\t\t<figcaption class='wp-caption-text gallery-caption' id='gallery-1-80925'>\n\t\t\t\tFestival \u013eadov\u00fdch s\u00f4ch sa po roku op\u00e4\u0165 vracia na Pustevny\n\t\t\t\t<\/figcaption><\/figure><figure class='gallery-item'>\n\t\t\t<div class='gallery-icon landscape'>\n\t\t\t\t<a href='https:\/\/www.slovaklinesmagazin.sk\/cms\/2018\/01\/festival-ladovych-soch-sa-po-roku-opat-vracia-na-pustevny\/sony-dsc-41\/'><img loading=\"lazy\" decoding=\"async\" width=\"640\" height=\"425\" src=\"https:\/\/www.slovaklinesmagazin.sk\/cms\/wp-content\/uploads\/2018\/01\/DSC01413-1024x680.jpg\" class=\"attachment-large size-large\" alt=\"\" aria-describedby=\"gallery-1-80926\" srcset=\"https:\/\/www.slovaklinesmagazin.sk\/cms\/wp-content\/uploads\/2018\/01\/DSC01413-1024x680.jpg 1024w, https:\/\/www.slovaklinesmagazin.sk\/cms\/wp-content\/uploads\/2018\/01\/DSC01413-300x199.jpg 300w, https:\/\/www.slovaklinesmagazin.sk\/cms\/wp-content\/uploads\/2018\/01\/DSC01413-768x510.jpg 768w, https:\/\/www.slovaklinesmagazin.sk\/cms\/wp-content\/uploads\/2018\/01\/DSC01413-600x398.jpg 600w, https:\/\/www.slovaklinesmagazin.sk\/cms\/wp-content\/uploads\/2018\/01\/DSC01413-304x202.jpg 304w, https:\/\/www.slovaklinesmagazin.sk\/cms\/wp-content\/uploads\/2018\/01\/DSC01413-296x197.jpg 296w, https:\/\/www.slovaklinesmagazin.sk\/cms\/wp-content\/uploads\/2018\/01\/DSC01413.jpg 2000w\" sizes=\"auto, (max-width: 640px) 100vw, 640px\" \/><\/a>\n\t\t\t<\/div>\n\t\t\t\t<figcaption class='wp-caption-text gallery-caption' id='gallery-1-80926'>\n\t\t\t\tFestival \u013eadov\u00fdch s\u00f4ch sa po roku op\u00e4\u0165 vracia na Pustevny\n\t\t\t\t<\/figcaption><\/figure><figure class='gallery-item'>\n\t\t\t<div class='gallery-icon landscape'>\n\t\t\t\t<a href='https:\/\/www.slovaklinesmagazin.sk\/cms\/2018\/01\/festival-ladovych-soch-sa-po-roku-opat-vracia-na-pustevny\/sony-dsc-42\/'><img loading=\"lazy\" decoding=\"async\" width=\"640\" height=\"425\" src=\"https:\/\/www.slovaklinesmagazin.sk\/cms\/wp-content\/uploads\/2018\/01\/DSC01440-1024x680.jpg\" class=\"attachment-large size-large\" alt=\"\" aria-describedby=\"gallery-1-80927\" srcset=\"https:\/\/www.slovaklinesmagazin.sk\/cms\/wp-content\/uploads\/2018\/01\/DSC01440-1024x680.jpg 1024w, https:\/\/www.slovaklinesmagazin.sk\/cms\/wp-content\/uploads\/2018\/01\/DSC01440-300x199.jpg 300w, https:\/\/www.slovaklinesmagazin.sk\/cms\/wp-content\/uploads\/2018\/01\/DSC01440-768x510.jpg 768w, https:\/\/www.slovaklinesmagazin.sk\/cms\/wp-content\/uploads\/2018\/01\/DSC01440-600x398.jpg 600w, https:\/\/www.slovaklinesmagazin.sk\/cms\/wp-content\/uploads\/2018\/01\/DSC01440-304x202.jpg 304w, https:\/\/www.slovaklinesmagazin.sk\/cms\/wp-content\/uploads\/2018\/01\/DSC01440-296x197.jpg 296w, https:\/\/www.slovaklinesmagazin.sk\/cms\/wp-content\/uploads\/2018\/01\/DSC01440.jpg 2000w\" sizes=\"auto, (max-width: 640px) 100vw, 640px\" \/><\/a>\n\t\t\t<\/div>\n\t\t\t\t<figcaption class='wp-caption-text gallery-caption' id='gallery-1-80927'>\n\t\t\t\tFestival \u013eadov\u00fdch s\u00f4ch sa po roku op\u00e4\u0165 vracia na Pustevny\n\t\t\t\t<\/figcaption><\/figure><figure class='gallery-item'>\n\t\t\t<div class='gallery-icon landscape'>\n\t\t\t\t<a href='https:\/\/www.slovaklinesmagazin.sk\/cms\/2018\/01\/festival-ladovych-soch-sa-po-roku-opat-vracia-na-pustevny\/dsc09113-1\/'><img loading=\"lazy\" decoding=\"async\" width=\"640\" height=\"427\" src=\"https:\/\/www.slovaklinesmagazin.sk\/cms\/wp-content\/uploads\/2018\/01\/DSC09113-1-1024x683.jpg\" class=\"attachment-large size-large\" alt=\"\" aria-describedby=\"gallery-1-80928\" srcset=\"https:\/\/www.slovaklinesmagazin.sk\/cms\/wp-content\/uploads\/2018\/01\/DSC09113-1-1024x683.jpg 1024w, https:\/\/www.slovaklinesmagazin.sk\/cms\/wp-content\/uploads\/2018\/01\/DSC09113-1-300x200.jpg 300w, https:\/\/www.slovaklinesmagazin.sk\/cms\/wp-content\/uploads\/2018\/01\/DSC09113-1-768x512.jpg 768w, https:\/\/www.slovaklinesmagazin.sk\/cms\/wp-content\/uploads\/2018\/01\/DSC09113-1-600x400.jpg 600w, https:\/\/www.slovaklinesmagazin.sk\/cms\/wp-content\/uploads\/2018\/01\/DSC09113-1-304x203.jpg 304w, https:\/\/www.slovaklinesmagazin.sk\/cms\/wp-content\/uploads\/2018\/01\/DSC09113-1-296x197.jpg 296w\" sizes=\"auto, (max-width: 640px) 100vw, 640px\" \/><\/a>\n\t\t\t<\/div>\n\t\t\t\t<figcaption class='wp-caption-text gallery-caption' id='gallery-1-80928'>\n\t\t\t\tFestival \u013eadov\u00fdch s\u00f4ch sa po roku op\u00e4\u0165 vracia na Pustevny\n\t\t\t\t<\/figcaption><\/figure><figure class='gallery-item'>\n\t\t\t<div class='gallery-icon landscape'>\n\t\t\t\t<a href='https:\/\/www.slovaklinesmagazin.sk\/cms\/2018\/01\/festival-ladovych-soch-sa-po-roku-opat-vracia-na-pustevny\/dsc09138-2\/'><img loading=\"lazy\" decoding=\"async\" width=\"640\" height=\"427\" src=\"https:\/\/www.slovaklinesmagazin.sk\/cms\/wp-content\/uploads\/2018\/01\/DSC09138-1-1024x683.jpg\" class=\"attachment-large size-large\" alt=\"\" aria-describedby=\"gallery-1-80929\" srcset=\"https:\/\/www.slovaklinesmagazin.sk\/cms\/wp-content\/uploads\/2018\/01\/DSC09138-1-1024x683.jpg 1024w, https:\/\/www.slovaklinesmagazin.sk\/cms\/wp-content\/uploads\/2018\/01\/DSC09138-1-300x200.jpg 300w, https:\/\/www.slovaklinesmagazin.sk\/cms\/wp-content\/uploads\/2018\/01\/DSC09138-1-768x512.jpg 768w, https:\/\/www.slovaklinesmagazin.sk\/cms\/wp-content\/uploads\/2018\/01\/DSC09138-1-600x400.jpg 600w, https:\/\/www.slovaklinesmagazin.sk\/cms\/wp-content\/uploads\/2018\/01\/DSC09138-1-304x203.jpg 304w, https:\/\/www.slovaklinesmagazin.sk\/cms\/wp-content\/uploads\/2018\/01\/DSC09138-1-296x197.jpg 296w\" sizes=\"auto, (max-width: 640px) 100vw, 640px\" \/><\/a>\n\t\t\t<\/div>\n\t\t\t\t<figcaption class='wp-caption-text gallery-caption' id='gallery-1-80929'>\n\t\t\t\tFestival \u013eadov\u00fdch s\u00f4ch sa po roku op\u00e4\u0165 vracia na Pustevny\n\t\t\t\t<\/figcaption><\/figure><figure class='gallery-item'>\n\t\t\t<div class='gallery-icon landscape'>\n\t\t\t\t<a href='https:\/\/www.slovaklinesmagazin.sk\/cms\/2018\/01\/festival-ladovych-soch-sa-po-roku-opat-vracia-na-pustevny\/dsc09143-2\/'><img loading=\"lazy\" decoding=\"async\" width=\"640\" height=\"427\" src=\"https:\/\/www.slovaklinesmagazin.sk\/cms\/wp-content\/uploads\/2018\/01\/DSC09143-1-1024x683.jpg\" class=\"attachment-large size-large\" alt=\"\" aria-describedby=\"gallery-1-80930\" srcset=\"https:\/\/www.slovaklinesmagazin.sk\/cms\/wp-content\/uploads\/2018\/01\/DSC09143-1-1024x683.jpg 1024w, https:\/\/www.slovaklinesmagazin.sk\/cms\/wp-content\/uploads\/2018\/01\/DSC09143-1-300x200.jpg 300w, https:\/\/www.slovaklinesmagazin.sk\/cms\/wp-content\/uploads\/2018\/01\/DSC09143-1-768x512.jpg 768w, https:\/\/www.slovaklinesmagazin.sk\/cms\/wp-content\/uploads\/2018\/01\/DSC09143-1-600x400.jpg 600w, https:\/\/www.slovaklinesmagazin.sk\/cms\/wp-content\/uploads\/2018\/01\/DSC09143-1-304x203.jpg 304w, https:\/\/www.slovaklinesmagazin.sk\/cms\/wp-content\/uploads\/2018\/01\/DSC09143-1-296x197.jpg 296w\" sizes=\"auto, (max-width: 640px) 100vw, 640px\" \/><\/a>\n\t\t\t<\/div>\n\t\t\t\t<figcaption class='wp-caption-text gallery-caption' id='gallery-1-80930'>\n\t\t\t\tFestival \u013eadov\u00fdch s\u00f4ch sa po roku op\u00e4\u0165 vracia na Pustevny\n\t\t\t\t<\/figcaption><\/figure><figure class='gallery-item'>\n\t\t\t<div class='gallery-icon landscape'>\n\t\t\t\t<a href='https:\/\/www.slovaklinesmagazin.sk\/cms\/2018\/01\/festival-ladovych-soch-sa-po-roku-opat-vracia-na-pustevny\/img_7531\/'><img loading=\"lazy\" decoding=\"async\" width=\"640\" height=\"427\" src=\"https:\/\/www.slovaklinesmagazin.sk\/cms\/wp-content\/uploads\/2018\/01\/IMG_7531-1024x683.jpg\" class=\"attachment-large size-large\" alt=\"\" aria-describedby=\"gallery-1-80931\" srcset=\"https:\/\/www.slovaklinesmagazin.sk\/cms\/wp-content\/uploads\/2018\/01\/IMG_7531-1024x683.jpg 1024w, https:\/\/www.slovaklinesmagazin.sk\/cms\/wp-content\/uploads\/2018\/01\/IMG_7531-300x200.jpg 300w, https:\/\/www.slovaklinesmagazin.sk\/cms\/wp-content\/uploads\/2018\/01\/IMG_7531-768x512.jpg 768w, https:\/\/www.slovaklinesmagazin.sk\/cms\/wp-content\/uploads\/2018\/01\/IMG_7531-600x400.jpg 600w, https:\/\/www.slovaklinesmagazin.sk\/cms\/wp-content\/uploads\/2018\/01\/IMG_7531-304x203.jpg 304w, https:\/\/www.slovaklinesmagazin.sk\/cms\/wp-content\/uploads\/2018\/01\/IMG_7531-296x197.jpg 296w\" sizes=\"auto, (max-width: 640px) 100vw, 640px\" \/><\/a>\n\t\t\t<\/div>\n\t\t\t\t<figcaption class='wp-caption-text gallery-caption' id='gallery-1-80931'>\n\t\t\t\tFestival \u013eadov\u00fdch s\u00f4ch sa po roku op\u00e4\u0165 vracia na Pustevny\n\t\t\t\t<\/figcaption><\/figure><figure class='gallery-item'>\n\t\t\t<div class='gallery-icon portrait'>\n\t\t\t\t<a href='https:\/\/www.slovaklinesmagazin.sk\/cms\/2018\/01\/festival-ladovych-soch-sa-po-roku-opat-vracia-na-pustevny\/img_7558\/'><img loading=\"lazy\" decoding=\"async\" width=\"436\" height=\"654\" src=\"https:\/\/www.slovaklinesmagazin.sk\/cms\/wp-content\/uploads\/2018\/01\/IMG_7558.jpg\" class=\"attachment-large size-large\" alt=\"\" aria-describedby=\"gallery-1-80932\" srcset=\"https:\/\/www.slovaklinesmagazin.sk\/cms\/wp-content\/uploads\/2018\/01\/IMG_7558.jpg 436w, https:\/\/www.slovaklinesmagazin.sk\/cms\/wp-content\/uploads\/2018\/01\/IMG_7558-200x300.jpg 200w, https:\/\/www.slovaklinesmagazin.sk\/cms\/wp-content\/uploads\/2018\/01\/IMG_7558-304x456.jpg 304w, https:\/\/www.slovaklinesmagazin.sk\/cms\/wp-content\/uploads\/2018\/01\/IMG_7558-296x444.jpg 296w\" sizes=\"auto, (max-width: 436px) 100vw, 436px\" \/><\/a>\n\t\t\t<\/div>\n\t\t\t\t<figcaption class='wp-caption-text gallery-caption' id='gallery-1-80932'>\n\t\t\t\tFestival \u013eadov\u00fdch s\u00f4ch sa po roku op\u00e4\u0165 vracia na Pustevny\n\t\t\t\t<\/figcaption><\/figure><figure class='gallery-item'>\n\t\t\t<div class='gallery-icon portrait'>\n\t\t\t\t<a href='https:\/\/www.slovaklinesmagazin.sk\/cms\/2018\/01\/festival-ladovych-soch-sa-po-roku-opat-vracia-na-pustevny\/img_7560\/'><img loading=\"lazy\" decoding=\"async\" width=\"640\" height=\"960\" src=\"https:\/\/www.slovaklinesmagazin.sk\/cms\/wp-content\/uploads\/2018\/01\/IMG_7560-683x1024.jpg\" class=\"attachment-large size-large\" alt=\"\" aria-describedby=\"gallery-1-80933\" srcset=\"https:\/\/www.slovaklinesmagazin.sk\/cms\/wp-content\/uploads\/2018\/01\/IMG_7560-683x1024.jpg 683w, https:\/\/www.slovaklinesmagazin.sk\/cms\/wp-content\/uploads\/2018\/01\/IMG_7560-200x300.jpg 200w, https:\/\/www.slovaklinesmagazin.sk\/cms\/wp-content\/uploads\/2018\/01\/IMG_7560-768x1152.jpg 768w, https:\/\/www.slovaklinesmagazin.sk\/cms\/wp-content\/uploads\/2018\/01\/IMG_7560-600x900.jpg 600w, https:\/\/www.slovaklinesmagazin.sk\/cms\/wp-content\/uploads\/2018\/01\/IMG_7560-304x456.jpg 304w, https:\/\/www.slovaklinesmagazin.sk\/cms\/wp-content\/uploads\/2018\/01\/IMG_7560-296x444.jpg 296w\" sizes=\"auto, (max-width: 640px) 100vw, 640px\" \/><\/a>\n\t\t\t<\/div>\n\t\t\t\t<figcaption class='wp-caption-text gallery-caption' id='gallery-1-80933'>\n\t\t\t\tFestival \u013eadov\u00fdch s\u00f4ch sa po roku op\u00e4\u0165 vracia na Pustevny\n\t\t\t\t<\/figcaption><\/figure><figure class='gallery-item'>\n\t\t\t<div class='gallery-icon portrait'>\n\t\t\t\t<a href='https:\/\/www.slovaklinesmagazin.sk\/cms\/2018\/01\/festival-ladovych-soch-sa-po-roku-opat-vracia-na-pustevny\/img_7653\/'><img loading=\"lazy\" decoding=\"async\" width=\"640\" height=\"960\" src=\"https:\/\/www.slovaklinesmagazin.sk\/cms\/wp-content\/uploads\/2018\/01\/IMG_7653-683x1024.jpg\" class=\"attachment-large size-large\" alt=\"\" aria-describedby=\"gallery-1-80934\" srcset=\"https:\/\/www.slovaklinesmagazin.sk\/cms\/wp-content\/uploads\/2018\/01\/IMG_7653-683x1024.jpg 683w, https:\/\/www.slovaklinesmagazin.sk\/cms\/wp-content\/uploads\/2018\/01\/IMG_7653-200x300.jpg 200w, https:\/\/www.slovaklinesmagazin.sk\/cms\/wp-content\/uploads\/2018\/01\/IMG_7653-768x1152.jpg 768w, https:\/\/www.slovaklinesmagazin.sk\/cms\/wp-content\/uploads\/2018\/01\/IMG_7653-600x900.jpg 600w, https:\/\/www.slovaklinesmagazin.sk\/cms\/wp-content\/uploads\/2018\/01\/IMG_7653-304x456.jpg 304w, https:\/\/www.slovaklinesmagazin.sk\/cms\/wp-content\/uploads\/2018\/01\/IMG_7653-296x444.jpg 296w\" sizes=\"auto, (max-width: 640px) 100vw, 640px\" \/><\/a>\n\t\t\t<\/div>\n\t\t\t\t<figcaption class='wp-caption-text gallery-caption' id='gallery-1-80934'>\n\t\t\t\tFestival \u013eadov\u00fdch s\u00f4ch sa po roku op\u00e4\u0165 vracia na Pustevny\n\t\t\t\t<\/figcaption><\/figure><figure class='gallery-item'>\n\t\t\t<div class='gallery-icon portrait'>\n\t\t\t\t<a href='https:\/\/www.slovaklinesmagazin.sk\/cms\/2018\/01\/festival-ladovych-soch-sa-po-roku-opat-vracia-na-pustevny\/img_7672\/'><img loading=\"lazy\" decoding=\"async\" width=\"640\" height=\"960\" src=\"https:\/\/www.slovaklinesmagazin.sk\/cms\/wp-content\/uploads\/2018\/01\/IMG_7672-683x1024.jpg\" class=\"attachment-large size-large\" alt=\"\" aria-describedby=\"gallery-1-80935\" srcset=\"https:\/\/www.slovaklinesmagazin.sk\/cms\/wp-content\/uploads\/2018\/01\/IMG_7672-683x1024.jpg 683w, https:\/\/www.slovaklinesmagazin.sk\/cms\/wp-content\/uploads\/2018\/01\/IMG_7672-200x300.jpg 200w, https:\/\/www.slovaklinesmagazin.sk\/cms\/wp-content\/uploads\/2018\/01\/IMG_7672-768x1152.jpg 768w, https:\/\/www.slovaklinesmagazin.sk\/cms\/wp-content\/uploads\/2018\/01\/IMG_7672-600x900.jpg 600w, https:\/\/www.slovaklinesmagazin.sk\/cms\/wp-content\/uploads\/2018\/01\/IMG_7672-304x456.jpg 304w, https:\/\/www.slovaklinesmagazin.sk\/cms\/wp-content\/uploads\/2018\/01\/IMG_7672-296x444.jpg 296w\" sizes=\"auto, (max-width: 640px) 100vw, 640px\" \/><\/a>\n\t\t\t<\/div>\n\t\t\t\t<figcaption class='wp-caption-text gallery-caption' id='gallery-1-80935'>\n\t\t\t\tFestival \u013eadov\u00fdch s\u00f4ch sa po roku op\u00e4\u0165 vracia na Pustevny\n\t\t\t\t<\/figcaption><\/figure><figure class='gallery-item'>\n\t\t\t<div class='gallery-icon portrait'>\n\t\t\t\t<a href='https:\/\/www.slovaklinesmagazin.sk\/cms\/2018\/01\/festival-ladovych-soch-sa-po-roku-opat-vracia-na-pustevny\/img_7694\/'><img loading=\"lazy\" decoding=\"async\" width=\"640\" height=\"960\" src=\"https:\/\/www.slovaklinesmagazin.sk\/cms\/wp-content\/uploads\/2018\/01\/IMG_7694-683x1024.jpg\" class=\"attachment-large size-large\" alt=\"\" aria-describedby=\"gallery-1-80936\" srcset=\"https:\/\/www.slovaklinesmagazin.sk\/cms\/wp-content\/uploads\/2018\/01\/IMG_7694-683x1024.jpg 683w, https:\/\/www.slovaklinesmagazin.sk\/cms\/wp-content\/uploads\/2018\/01\/IMG_7694-200x300.jpg 200w, https:\/\/www.slovaklinesmagazin.sk\/cms\/wp-content\/uploads\/2018\/01\/IMG_7694-768x1152.jpg 768w, https:\/\/www.slovaklinesmagazin.sk\/cms\/wp-content\/uploads\/2018\/01\/IMG_7694-600x900.jpg 600w, https:\/\/www.slovaklinesmagazin.sk\/cms\/wp-content\/uploads\/2018\/01\/IMG_7694-304x456.jpg 304w, https:\/\/www.slovaklinesmagazin.sk\/cms\/wp-content\/uploads\/2018\/01\/IMG_7694-296x444.jpg 296w\" sizes=\"auto, (max-width: 640px) 100vw, 640px\" \/><\/a>\n\t\t\t<\/div>\n\t\t\t\t<figcaption class='wp-caption-text gallery-caption' id='gallery-1-80936'>\n\t\t\t\tFestival \u013eadov\u00fdch s\u00f4ch sa po roku op\u00e4\u0165 vracia na Pustevny\n\t\t\t\t<\/figcaption><\/figure><figure class='gallery-item'>\n\t\t\t<div class='gallery-icon landscape'>\n\t\t\t\t<a href='https:\/\/www.slovaklinesmagazin.sk\/cms\/2018\/01\/festival-ladovych-soch-sa-po-roku-opat-vracia-na-pustevny\/img_7726\/'><img loading=\"lazy\" decoding=\"async\" width=\"640\" height=\"427\" src=\"https:\/\/www.slovaklinesmagazin.sk\/cms\/wp-content\/uploads\/2018\/01\/IMG_7726-1024x683.jpg\" class=\"attachment-large size-large\" alt=\"\" aria-describedby=\"gallery-1-80937\" srcset=\"https:\/\/www.slovaklinesmagazin.sk\/cms\/wp-content\/uploads\/2018\/01\/IMG_7726-1024x683.jpg 1024w, https:\/\/www.slovaklinesmagazin.sk\/cms\/wp-content\/uploads\/2018\/01\/IMG_7726-300x200.jpg 300w, https:\/\/www.slovaklinesmagazin.sk\/cms\/wp-content\/uploads\/2018\/01\/IMG_7726-768x512.jpg 768w, https:\/\/www.slovaklinesmagazin.sk\/cms\/wp-content\/uploads\/2018\/01\/IMG_7726-600x400.jpg 600w, https:\/\/www.slovaklinesmagazin.sk\/cms\/wp-content\/uploads\/2018\/01\/IMG_7726-304x203.jpg 304w, https:\/\/www.slovaklinesmagazin.sk\/cms\/wp-content\/uploads\/2018\/01\/IMG_7726-296x197.jpg 296w\" sizes=\"auto, (max-width: 640px) 100vw, 640px\" \/><\/a>\n\t\t\t<\/div>\n\t\t\t\t<figcaption class='wp-caption-text gallery-caption' id='gallery-1-80937'>\n\t\t\t\tFestival \u013eadov\u00fdch s\u00f4ch sa po roku op\u00e4\u0165 vracia na Pustevny\n\t\t\t\t<\/figcaption><\/figure><figure class='gallery-item'>\n\t\t\t<div class='gallery-icon landscape'>\n\t\t\t\t<a href='https:\/\/www.slovaklinesmagazin.sk\/cms\/2018\/01\/festival-ladovych-soch-sa-po-roku-opat-vracia-na-pustevny\/img_7945\/'><img loading=\"lazy\" decoding=\"async\" width=\"640\" height=\"427\" src=\"https:\/\/www.slovaklinesmagazin.sk\/cms\/wp-content\/uploads\/2018\/01\/IMG_7945-1024x683.jpg\" class=\"attachment-large size-large\" alt=\"\" aria-describedby=\"gallery-1-80938\" srcset=\"https:\/\/www.slovaklinesmagazin.sk\/cms\/wp-content\/uploads\/2018\/01\/IMG_7945-1024x683.jpg 1024w, https:\/\/www.slovaklinesmagazin.sk\/cms\/wp-content\/uploads\/2018\/01\/IMG_7945-300x200.jpg 300w, https:\/\/www.slovaklinesmagazin.sk\/cms\/wp-content\/uploads\/2018\/01\/IMG_7945-768x512.jpg 768w, https:\/\/www.slovaklinesmagazin.sk\/cms\/wp-content\/uploads\/2018\/01\/IMG_7945-600x400.jpg 600w, https:\/\/www.slovaklinesmagazin.sk\/cms\/wp-content\/uploads\/2018\/01\/IMG_7945-304x203.jpg 304w, https:\/\/www.slovaklinesmagazin.sk\/cms\/wp-content\/uploads\/2018\/01\/IMG_7945-296x197.jpg 296w\" sizes=\"auto, (max-width: 640px) 100vw, 640px\" \/><\/a>\n\t\t\t<\/div>\n\t\t\t\t<figcaption class='wp-caption-text gallery-caption' id='gallery-1-80938'>\n\t\t\t\tFestival \u013eadov\u00fdch s\u00f4ch sa po roku op\u00e4\u0165 vracia na Pustevny\n\t\t\t\t<\/figcaption><\/figure><figure class='gallery-item'>\n\t\t\t<div class='gallery-icon landscape'>\n\t\t\t\t<a href='https:\/\/www.slovaklinesmagazin.sk\/cms\/2018\/01\/festival-ladovych-soch-sa-po-roku-opat-vracia-na-pustevny\/img_8019\/'><img loading=\"lazy\" decoding=\"async\" width=\"640\" height=\"427\" src=\"https:\/\/www.slovaklinesmagazin.sk\/cms\/wp-content\/uploads\/2018\/01\/IMG_8019-1024x683.jpg\" class=\"attachment-large size-large\" alt=\"\" aria-describedby=\"gallery-1-80939\" srcset=\"https:\/\/www.slovaklinesmagazin.sk\/cms\/wp-content\/uploads\/2018\/01\/IMG_8019-1024x683.jpg 1024w, https:\/\/www.slovaklinesmagazin.sk\/cms\/wp-content\/uploads\/2018\/01\/IMG_8019-300x200.jpg 300w, https:\/\/www.slovaklinesmagazin.sk\/cms\/wp-content\/uploads\/2018\/01\/IMG_8019-768x512.jpg 768w, https:\/\/www.slovaklinesmagazin.sk\/cms\/wp-content\/uploads\/2018\/01\/IMG_8019-600x400.jpg 600w, https:\/\/www.slovaklinesmagazin.sk\/cms\/wp-content\/uploads\/2018\/01\/IMG_8019-304x203.jpg 304w, https:\/\/www.slovaklinesmagazin.sk\/cms\/wp-content\/uploads\/2018\/01\/IMG_8019-296x197.jpg 296w\" sizes=\"auto, (max-width: 640px) 100vw, 640px\" \/><\/a>\n\t\t\t<\/div>\n\t\t\t\t<figcaption class='wp-caption-text gallery-caption' id='gallery-1-80939'>\n\t\t\t\tFestival \u013eadov\u00fdch s\u00f4ch sa po roku op\u00e4\u0165 vracia na Pustevny\n\t\t\t\t<\/figcaption><\/figure><figure class='gallery-item'>\n\t\t\t<div class='gallery-icon portrait'>\n\t\t\t\t<a href='https:\/\/www.slovaklinesmagazin.sk\/cms\/2018\/01\/festival-ladovych-soch-sa-po-roku-opat-vracia-na-pustevny\/img_8020\/'><img loading=\"lazy\" decoding=\"async\" width=\"640\" height=\"960\" src=\"https:\/\/www.slovaklinesmagazin.sk\/cms\/wp-content\/uploads\/2018\/01\/IMG_8020-683x1024.jpg\" class=\"attachment-large size-large\" alt=\"\" aria-describedby=\"gallery-1-80940\" srcset=\"https:\/\/www.slovaklinesmagazin.sk\/cms\/wp-content\/uploads\/2018\/01\/IMG_8020-683x1024.jpg 683w, https:\/\/www.slovaklinesmagazin.sk\/cms\/wp-content\/uploads\/2018\/01\/IMG_8020-200x300.jpg 200w, https:\/\/www.slovaklinesmagazin.sk\/cms\/wp-content\/uploads\/2018\/01\/IMG_8020-768x1152.jpg 768w, https:\/\/www.slovaklinesmagazin.sk\/cms\/wp-content\/uploads\/2018\/01\/IMG_8020-600x900.jpg 600w, https:\/\/www.slovaklinesmagazin.sk\/cms\/wp-content\/uploads\/2018\/01\/IMG_8020-304x456.jpg 304w, https:\/\/www.slovaklinesmagazin.sk\/cms\/wp-content\/uploads\/2018\/01\/IMG_8020-296x444.jpg 296w\" sizes=\"auto, (max-width: 640px) 100vw, 640px\" \/><\/a>\n\t\t\t<\/div>\n\t\t\t\t<figcaption class='wp-caption-text gallery-caption' id='gallery-1-80940'>\n\t\t\t\tFestival \u013eadov\u00fdch s\u00f4ch sa po roku op\u00e4\u0165 vracia na Pustevny\n\t\t\t\t<\/figcaption><\/figure><figure class='gallery-item'>\n\t\t\t<div class='gallery-icon landscape'>\n\t\t\t\t<a href='https:\/\/www.slovaklinesmagazin.sk\/cms\/2018\/01\/festival-ladovych-soch-sa-po-roku-opat-vracia-na-pustevny\/img_8048\/'><img loading=\"lazy\" decoding=\"async\" width=\"640\" height=\"427\" src=\"https:\/\/www.slovaklinesmagazin.sk\/cms\/wp-content\/uploads\/2018\/01\/IMG_8048-1024x683.jpg\" class=\"attachment-large size-large\" alt=\"\" aria-describedby=\"gallery-1-80941\" srcset=\"https:\/\/www.slovaklinesmagazin.sk\/cms\/wp-content\/uploads\/2018\/01\/IMG_8048-1024x683.jpg 1024w, https:\/\/www.slovaklinesmagazin.sk\/cms\/wp-content\/uploads\/2018\/01\/IMG_8048-300x200.jpg 300w, https:\/\/www.slovaklinesmagazin.sk\/cms\/wp-content\/uploads\/2018\/01\/IMG_8048-768x512.jpg 768w, https:\/\/www.slovaklinesmagazin.sk\/cms\/wp-content\/uploads\/2018\/01\/IMG_8048-600x400.jpg 600w, https:\/\/www.slovaklinesmagazin.sk\/cms\/wp-content\/uploads\/2018\/01\/IMG_8048-304x203.jpg 304w, https:\/\/www.slovaklinesmagazin.sk\/cms\/wp-content\/uploads\/2018\/01\/IMG_8048-296x197.jpg 296w\" sizes=\"auto, (max-width: 640px) 100vw, 640px\" \/><\/a>\n\t\t\t<\/div>\n\t\t\t\t<figcaption class='wp-caption-text gallery-caption' id='gallery-1-80941'>\n\t\t\t\tFestival \u013eadov\u00fdch s\u00f4ch sa po roku op\u00e4\u0165 vracia na Pustevny\n\t\t\t\t<\/figcaption><\/figure><figure class='gallery-item'>\n\t\t\t<div class='gallery-icon landscape'>\n\t\t\t\t<a href='https:\/\/www.slovaklinesmagazin.sk\/cms\/2018\/01\/festival-ladovych-soch-sa-po-roku-opat-vracia-na-pustevny\/img_8368-1-2\/'><img loading=\"lazy\" decoding=\"async\" width=\"640\" height=\"427\" src=\"https:\/\/www.slovaklinesmagazin.sk\/cms\/wp-content\/uploads\/2018\/01\/IMG_8368-1-1.jpg\" class=\"attachment-large size-large\" alt=\"\" aria-describedby=\"gallery-1-80942\" srcset=\"https:\/\/www.slovaklinesmagazin.sk\/cms\/wp-content\/uploads\/2018\/01\/IMG_8368-1-1.jpg 916w, https:\/\/www.slovaklinesmagazin.sk\/cms\/wp-content\/uploads\/2018\/01\/IMG_8368-1-1-300x200.jpg 300w, https:\/\/www.slovaklinesmagazin.sk\/cms\/wp-content\/uploads\/2018\/01\/IMG_8368-1-1-768x512.jpg 768w, https:\/\/www.slovaklinesmagazin.sk\/cms\/wp-content\/uploads\/2018\/01\/IMG_8368-1-1-600x400.jpg 600w, https:\/\/www.slovaklinesmagazin.sk\/cms\/wp-content\/uploads\/2018\/01\/IMG_8368-1-1-304x203.jpg 304w, https:\/\/www.slovaklinesmagazin.sk\/cms\/wp-content\/uploads\/2018\/01\/IMG_8368-1-1-296x197.jpg 296w\" sizes=\"auto, (max-width: 640px) 100vw, 640px\" \/><\/a>\n\t\t\t<\/div>\n\t\t\t\t<figcaption class='wp-caption-text gallery-caption' id='gallery-1-80942'>\n\t\t\t\tFestival \u013eadov\u00fdch s\u00f4ch sa po roku op\u00e4\u0165 vracia na Pustevny\n\t\t\t\t<\/figcaption><\/figure><figure class='gallery-item'>\n\t\t\t<div class='gallery-icon landscape'>\n\t\t\t\t<a href='https:\/\/www.slovaklinesmagazin.sk\/cms\/2018\/01\/festival-ladovych-soch-sa-po-roku-opat-vracia-na-pustevny\/img_8377-1\/'><img loading=\"lazy\" decoding=\"async\" width=\"640\" height=\"427\" src=\"https:\/\/www.slovaklinesmagazin.sk\/cms\/wp-content\/uploads\/2018\/01\/IMG_8377-1.jpg\" class=\"attachment-large size-large\" alt=\"\" aria-describedby=\"gallery-1-80943\" srcset=\"https:\/\/www.slovaklinesmagazin.sk\/cms\/wp-content\/uploads\/2018\/01\/IMG_8377-1.jpg 916w, https:\/\/www.slovaklinesmagazin.sk\/cms\/wp-content\/uploads\/2018\/01\/IMG_8377-1-300x200.jpg 300w, https:\/\/www.slovaklinesmagazin.sk\/cms\/wp-content\/uploads\/2018\/01\/IMG_8377-1-768x512.jpg 768w, https:\/\/www.slovaklinesmagazin.sk\/cms\/wp-content\/uploads\/2018\/01\/IMG_8377-1-600x400.jpg 600w, https:\/\/www.slovaklinesmagazin.sk\/cms\/wp-content\/uploads\/2018\/01\/IMG_8377-1-304x203.jpg 304w, https:\/\/www.slovaklinesmagazin.sk\/cms\/wp-content\/uploads\/2018\/01\/IMG_8377-1-296x197.jpg 296w\" sizes=\"auto, (max-width: 640px) 100vw, 640px\" \/><\/a>\n\t\t\t<\/div>\n\t\t\t\t<figcaption class='wp-caption-text gallery-caption' id='gallery-1-80943'>\n\t\t\t\tFestival \u013eadov\u00fdch s\u00f4ch sa po roku op\u00e4\u0165 vracia na Pustevny\n\t\t\t\t<\/figcaption><\/figure><figure class='gallery-item'>\n\t\t\t<div class='gallery-icon landscape'>\n\t\t\t\t<a href='https:\/\/www.slovaklinesmagazin.sk\/cms\/2018\/01\/festival-ladovych-soch-sa-po-roku-opat-vracia-na-pustevny\/img_8412-1\/'><img loading=\"lazy\" decoding=\"async\" width=\"640\" height=\"427\" src=\"https:\/\/www.slovaklinesmagazin.sk\/cms\/wp-content\/uploads\/2018\/01\/IMG_8412-1.jpg\" class=\"attachment-large size-large\" alt=\"\" aria-describedby=\"gallery-1-80944\" srcset=\"https:\/\/www.slovaklinesmagazin.sk\/cms\/wp-content\/uploads\/2018\/01\/IMG_8412-1.jpg 916w, https:\/\/www.slovaklinesmagazin.sk\/cms\/wp-content\/uploads\/2018\/01\/IMG_8412-1-300x200.jpg 300w, https:\/\/www.slovaklinesmagazin.sk\/cms\/wp-content\/uploads\/2018\/01\/IMG_8412-1-768x512.jpg 768w, https:\/\/www.slovaklinesmagazin.sk\/cms\/wp-content\/uploads\/2018\/01\/IMG_8412-1-600x400.jpg 600w, https:\/\/www.slovaklinesmagazin.sk\/cms\/wp-content\/uploads\/2018\/01\/IMG_8412-1-304x203.jpg 304w, https:\/\/www.slovaklinesmagazin.sk\/cms\/wp-content\/uploads\/2018\/01\/IMG_8412-1-296x197.jpg 296w\" sizes=\"auto, (max-width: 640px) 100vw, 640px\" \/><\/a>\n\t\t\t<\/div>\n\t\t\t\t<figcaption class='wp-caption-text gallery-caption' id='gallery-1-80944'>\n\t\t\t\tFestival \u013eadov\u00fdch s\u00f4ch sa po roku op\u00e4\u0165 vracia na Pustevny\n\t\t\t\t<\/figcaption><\/figure><figure class='gallery-item'>\n\t\t\t<div class='gallery-icon landscape'>\n\t\t\t\t<a href='https:\/\/www.slovaklinesmagazin.sk\/cms\/2018\/01\/festival-ladovych-soch-sa-po-roku-opat-vracia-na-pustevny\/img_8420\/'><img loading=\"lazy\" decoding=\"async\" width=\"640\" height=\"427\" src=\"https:\/\/www.slovaklinesmagazin.sk\/cms\/wp-content\/uploads\/2018\/01\/IMG_8420-1024x683.jpg\" class=\"attachment-large size-large\" alt=\"\" aria-describedby=\"gallery-1-80945\" srcset=\"https:\/\/www.slovaklinesmagazin.sk\/cms\/wp-content\/uploads\/2018\/01\/IMG_8420-1024x683.jpg 1024w, https:\/\/www.slovaklinesmagazin.sk\/cms\/wp-content\/uploads\/2018\/01\/IMG_8420-300x200.jpg 300w, https:\/\/www.slovaklinesmagazin.sk\/cms\/wp-content\/uploads\/2018\/01\/IMG_8420-768x512.jpg 768w, https:\/\/www.slovaklinesmagazin.sk\/cms\/wp-content\/uploads\/2018\/01\/IMG_8420-600x400.jpg 600w, https:\/\/www.slovaklinesmagazin.sk\/cms\/wp-content\/uploads\/2018\/01\/IMG_8420-304x203.jpg 304w, https:\/\/www.slovaklinesmagazin.sk\/cms\/wp-content\/uploads\/2018\/01\/IMG_8420-296x197.jpg 296w\" sizes=\"auto, (max-width: 640px) 100vw, 640px\" \/><\/a>\n\t\t\t<\/div>\n\t\t\t\t<figcaption class='wp-caption-text gallery-caption' id='gallery-1-80945'>\n\t\t\t\tFestival \u013eadov\u00fdch s\u00f4ch sa po roku op\u00e4\u0165 vracia na Pustevny\n\t\t\t\t<\/figcaption><\/figure><figure class='gallery-item'>\n\t\t\t<div class='gallery-icon landscape'>\n\t\t\t\t<a href='https:\/\/www.slovaklinesmagazin.sk\/cms\/2018\/01\/festival-ladovych-soch-sa-po-roku-opat-vracia-na-pustevny\/img_8508_cerna-2\/'><img loading=\"lazy\" decoding=\"async\" width=\"640\" height=\"427\" src=\"https:\/\/www.slovaklinesmagazin.sk\/cms\/wp-content\/uploads\/2018\/01\/IMG_8508_cerna-1-1024x683.jpg\" class=\"attachment-large size-large\" alt=\"\" aria-describedby=\"gallery-1-80946\" srcset=\"https:\/\/www.slovaklinesmagazin.sk\/cms\/wp-content\/uploads\/2018\/01\/IMG_8508_cerna-1-1024x683.jpg 1024w, https:\/\/www.slovaklinesmagazin.sk\/cms\/wp-content\/uploads\/2018\/01\/IMG_8508_cerna-1-300x200.jpg 300w, https:\/\/www.slovaklinesmagazin.sk\/cms\/wp-content\/uploads\/2018\/01\/IMG_8508_cerna-1-768x512.jpg 768w, https:\/\/www.slovaklinesmagazin.sk\/cms\/wp-content\/uploads\/2018\/01\/IMG_8508_cerna-1-600x400.jpg 600w, https:\/\/www.slovaklinesmagazin.sk\/cms\/wp-content\/uploads\/2018\/01\/IMG_8508_cerna-1-304x203.jpg 304w, https:\/\/www.slovaklinesmagazin.sk\/cms\/wp-content\/uploads\/2018\/01\/IMG_8508_cerna-1-296x197.jpg 296w\" sizes=\"auto, (max-width: 640px) 100vw, 640px\" \/><\/a>\n\t\t\t<\/div>\n\t\t\t\t<figcaption class='wp-caption-text gallery-caption' id='gallery-1-80946'>\n\t\t\t\tFestival \u013eadov\u00fdch s\u00f4ch sa po roku op\u00e4\u0165 vracia na Pustevny\n\t\t\t\t<\/figcaption><\/figure><figure class='gallery-item'>\n\t\t\t<div class='gallery-icon landscape'>\n\t\t\t\t<a href='https:\/\/www.slovaklinesmagazin.sk\/cms\/2018\/01\/festival-ladovych-soch-sa-po-roku-opat-vracia-na-pustevny\/img_8517_barva\/'><img loading=\"lazy\" decoding=\"async\" width=\"640\" height=\"427\" src=\"https:\/\/www.slovaklinesmagazin.sk\/cms\/wp-content\/uploads\/2018\/01\/IMG_8517_barva-1024x683.jpg\" class=\"attachment-large size-large\" alt=\"\" aria-describedby=\"gallery-1-80947\" srcset=\"https:\/\/www.slovaklinesmagazin.sk\/cms\/wp-content\/uploads\/2018\/01\/IMG_8517_barva-1024x683.jpg 1024w, https:\/\/www.slovaklinesmagazin.sk\/cms\/wp-content\/uploads\/2018\/01\/IMG_8517_barva-300x200.jpg 300w, https:\/\/www.slovaklinesmagazin.sk\/cms\/wp-content\/uploads\/2018\/01\/IMG_8517_barva-768x512.jpg 768w, https:\/\/www.slovaklinesmagazin.sk\/cms\/wp-content\/uploads\/2018\/01\/IMG_8517_barva-600x400.jpg 600w, https:\/\/www.slovaklinesmagazin.sk\/cms\/wp-content\/uploads\/2018\/01\/IMG_8517_barva-304x203.jpg 304w, https:\/\/www.slovaklinesmagazin.sk\/cms\/wp-content\/uploads\/2018\/01\/IMG_8517_barva-296x197.jpg 296w\" sizes=\"auto, (max-width: 640px) 100vw, 640px\" \/><\/a>\n\t\t\t<\/div>\n\t\t\t\t<figcaption class='wp-caption-text gallery-caption' id='gallery-1-80947'>\n\t\t\t\tFestival \u013eadov\u00fdch s\u00f4ch sa po roku op\u00e4\u0165 vracia na Pustevny\n\t\t\t\t<\/figcaption><\/figure><figure class='gallery-item'>\n\t\t\t<div class='gallery-icon portrait'>\n\t\t\t\t<a href='https:\/\/www.slovaklinesmagazin.sk\/cms\/2018\/01\/festival-ladovych-soch-sa-po-roku-opat-vracia-na-pustevny\/img_8570\/'><img loading=\"lazy\" decoding=\"async\" width=\"640\" height=\"960\" src=\"https:\/\/www.slovaklinesmagazin.sk\/cms\/wp-content\/uploads\/2018\/01\/IMG_8570-683x1024.jpg\" class=\"attachment-large size-large\" alt=\"\" aria-describedby=\"gallery-1-80948\" srcset=\"https:\/\/www.slovaklinesmagazin.sk\/cms\/wp-content\/uploads\/2018\/01\/IMG_8570-683x1024.jpg 683w, https:\/\/www.slovaklinesmagazin.sk\/cms\/wp-content\/uploads\/2018\/01\/IMG_8570-200x300.jpg 200w, https:\/\/www.slovaklinesmagazin.sk\/cms\/wp-content\/uploads\/2018\/01\/IMG_8570-768x1152.jpg 768w, https:\/\/www.slovaklinesmagazin.sk\/cms\/wp-content\/uploads\/2018\/01\/IMG_8570-600x900.jpg 600w, https:\/\/www.slovaklinesmagazin.sk\/cms\/wp-content\/uploads\/2018\/01\/IMG_8570-304x456.jpg 304w, https:\/\/www.slovaklinesmagazin.sk\/cms\/wp-content\/uploads\/2018\/01\/IMG_8570-296x444.jpg 296w, https:\/\/www.slovaklinesmagazin.sk\/cms\/wp-content\/uploads\/2018\/01\/IMG_8570.jpg 1504w\" sizes=\"auto, (max-width: 640px) 100vw, 640px\" \/><\/a>\n\t\t\t<\/div>\n\t\t\t\t<figcaption class='wp-caption-text gallery-caption' id='gallery-1-80948'>\n\t\t\t\tFestival \u013eadov\u00fdch s\u00f4ch sa po roku op\u00e4\u0165 vracia na Pustevny\n\t\t\t\t<\/figcaption><\/figure><figure class='gallery-item'>\n\t\t\t<div class='gallery-icon portrait'>\n\t\t\t\t<a href='https:\/\/www.slovaklinesmagazin.sk\/cms\/2018\/01\/festival-ladovych-soch-sa-po-roku-opat-vracia-na-pustevny\/img_8588\/'><img loading=\"lazy\" decoding=\"async\" width=\"640\" height=\"960\" src=\"https:\/\/www.slovaklinesmagazin.sk\/cms\/wp-content\/uploads\/2018\/01\/IMG_8588-683x1024.jpg\" class=\"attachment-large size-large\" alt=\"\" aria-describedby=\"gallery-1-80949\" srcset=\"https:\/\/www.slovaklinesmagazin.sk\/cms\/wp-content\/uploads\/2018\/01\/IMG_8588-683x1024.jpg 683w, https:\/\/www.slovaklinesmagazin.sk\/cms\/wp-content\/uploads\/2018\/01\/IMG_8588-200x300.jpg 200w, https:\/\/www.slovaklinesmagazin.sk\/cms\/wp-content\/uploads\/2018\/01\/IMG_8588-768x1152.jpg 768w, https:\/\/www.slovaklinesmagazin.sk\/cms\/wp-content\/uploads\/2018\/01\/IMG_8588-600x900.jpg 600w, https:\/\/www.slovaklinesmagazin.sk\/cms\/wp-content\/uploads\/2018\/01\/IMG_8588-304x456.jpg 304w, https:\/\/www.slovaklinesmagazin.sk\/cms\/wp-content\/uploads\/2018\/01\/IMG_8588-296x444.jpg 296w, https:\/\/www.slovaklinesmagazin.sk\/cms\/wp-content\/uploads\/2018\/01\/IMG_8588.jpg 1504w\" sizes=\"auto, (max-width: 640px) 100vw, 640px\" \/><\/a>\n\t\t\t<\/div>\n\t\t\t\t<figcaption class='wp-caption-text gallery-caption' id='gallery-1-80949'>\n\t\t\t\tFestival \u013eadov\u00fdch s\u00f4ch sa po roku op\u00e4\u0165 vracia na Pustevny\n\t\t\t\t<\/figcaption><\/figure><figure class='gallery-item'>\n\t\t\t<div class='gallery-icon landscape'>\n\t\t\t\t<a href='https:\/\/www.slovaklinesmagazin.sk\/cms\/2018\/01\/festival-ladovych-soch-sa-po-roku-opat-vracia-na-pustevny\/img_8591_barva\/'><img loading=\"lazy\" decoding=\"async\" width=\"640\" height=\"427\" src=\"https:\/\/www.slovaklinesmagazin.sk\/cms\/wp-content\/uploads\/2018\/01\/IMG_8591_barva-1024x683.jpg\" class=\"attachment-large size-large\" alt=\"\" aria-describedby=\"gallery-1-80950\" srcset=\"https:\/\/www.slovaklinesmagazin.sk\/cms\/wp-content\/uploads\/2018\/01\/IMG_8591_barva-1024x683.jpg 1024w, https:\/\/www.slovaklinesmagazin.sk\/cms\/wp-content\/uploads\/2018\/01\/IMG_8591_barva-300x200.jpg 300w, https:\/\/www.slovaklinesmagazin.sk\/cms\/wp-content\/uploads\/2018\/01\/IMG_8591_barva-768x512.jpg 768w, https:\/\/www.slovaklinesmagazin.sk\/cms\/wp-content\/uploads\/2018\/01\/IMG_8591_barva-600x400.jpg 600w, https:\/\/www.slovaklinesmagazin.sk\/cms\/wp-content\/uploads\/2018\/01\/IMG_8591_barva-304x203.jpg 304w, https:\/\/www.slovaklinesmagazin.sk\/cms\/wp-content\/uploads\/2018\/01\/IMG_8591_barva-296x197.jpg 296w\" sizes=\"auto, (max-width: 640px) 100vw, 640px\" \/><\/a>\n\t\t\t<\/div>\n\t\t\t\t<figcaption class='wp-caption-text gallery-caption' id='gallery-1-80950'>\n\t\t\t\tFestival \u013eadov\u00fdch s\u00f4ch sa po roku op\u00e4\u0165 vracia na Pustevny\n\t\t\t\t<\/figcaption><\/figure><figure class='gallery-item'>\n\t\t\t<div class='gallery-icon portrait'>\n\t\t\t\t<a href='https:\/\/www.slovaklinesmagazin.sk\/cms\/2018\/01\/festival-ladovych-soch-sa-po-roku-opat-vracia-na-pustevny\/img_8615\/'><img loading=\"lazy\" decoding=\"async\" width=\"640\" height=\"960\" src=\"https:\/\/www.slovaklinesmagazin.sk\/cms\/wp-content\/uploads\/2018\/01\/IMG_8615-683x1024.jpg\" class=\"attachment-large size-large\" alt=\"\" aria-describedby=\"gallery-1-80951\" srcset=\"https:\/\/www.slovaklinesmagazin.sk\/cms\/wp-content\/uploads\/2018\/01\/IMG_8615-683x1024.jpg 683w, https:\/\/www.slovaklinesmagazin.sk\/cms\/wp-content\/uploads\/2018\/01\/IMG_8615-200x300.jpg 200w, https:\/\/www.slovaklinesmagazin.sk\/cms\/wp-content\/uploads\/2018\/01\/IMG_8615-768x1152.jpg 768w, https:\/\/www.slovaklinesmagazin.sk\/cms\/wp-content\/uploads\/2018\/01\/IMG_8615-600x900.jpg 600w, https:\/\/www.slovaklinesmagazin.sk\/cms\/wp-content\/uploads\/2018\/01\/IMG_8615-304x456.jpg 304w, https:\/\/www.slovaklinesmagazin.sk\/cms\/wp-content\/uploads\/2018\/01\/IMG_8615-296x444.jpg 296w, https:\/\/www.slovaklinesmagazin.sk\/cms\/wp-content\/uploads\/2018\/01\/IMG_8615.jpg 1504w\" sizes=\"auto, (max-width: 640px) 100vw, 640px\" \/><\/a>\n\t\t\t<\/div>\n\t\t\t\t<figcaption class='wp-caption-text gallery-caption' id='gallery-1-80951'>\n\t\t\t\tFestival \u013eadov\u00fdch s\u00f4ch sa po roku op\u00e4\u0165 vracia na Pustevny\n\t\t\t\t<\/figcaption><\/figure><figure class='gallery-item'>\n\t\t\t<div class='gallery-icon portrait'>\n\t\t\t\t<a href='https:\/\/www.slovaklinesmagazin.sk\/cms\/2018\/01\/festival-ladovych-soch-sa-po-roku-opat-vracia-na-pustevny\/img_8622\/'><img loading=\"lazy\" decoding=\"async\" width=\"640\" height=\"960\" src=\"https:\/\/www.slovaklinesmagazin.sk\/cms\/wp-content\/uploads\/2018\/01\/IMG_8622-683x1024.jpg\" class=\"attachment-large size-large\" alt=\"\" aria-describedby=\"gallery-1-80952\" srcset=\"https:\/\/www.slovaklinesmagazin.sk\/cms\/wp-content\/uploads\/2018\/01\/IMG_8622-683x1024.jpg 683w, https:\/\/www.slovaklinesmagazin.sk\/cms\/wp-content\/uploads\/2018\/01\/IMG_8622-200x300.jpg 200w, https:\/\/www.slovaklinesmagazin.sk\/cms\/wp-content\/uploads\/2018\/01\/IMG_8622-768x1152.jpg 768w, https:\/\/www.slovaklinesmagazin.sk\/cms\/wp-content\/uploads\/2018\/01\/IMG_8622-600x900.jpg 600w, https:\/\/www.slovaklinesmagazin.sk\/cms\/wp-content\/uploads\/2018\/01\/IMG_8622-304x456.jpg 304w, https:\/\/www.slovaklinesmagazin.sk\/cms\/wp-content\/uploads\/2018\/01\/IMG_8622-296x444.jpg 296w, https:\/\/www.slovaklinesmagazin.sk\/cms\/wp-content\/uploads\/2018\/01\/IMG_8622.jpg 1504w\" sizes=\"auto, (max-width: 640px) 100vw, 640px\" \/><\/a>\n\t\t\t<\/div>\n\t\t\t\t<figcaption class='wp-caption-text gallery-caption' id='gallery-1-80952'>\n\t\t\t\tFestival \u013eadov\u00fdch s\u00f4ch sa po roku op\u00e4\u0165 vracia na Pustevny\n\t\t\t\t<\/figcaption><\/figure><figure class='gallery-item'>\n\t\t\t<div class='gallery-icon landscape'>\n\t\t\t\t<a href='https:\/\/www.slovaklinesmagazin.sk\/cms\/2018\/01\/festival-ladovych-soch-sa-po-roku-opat-vracia-na-pustevny\/img_8629\/'><img loading=\"lazy\" decoding=\"async\" width=\"640\" height=\"322\" src=\"https:\/\/www.slovaklinesmagazin.sk\/cms\/wp-content\/uploads\/2018\/01\/IMG_8629-1024x515.jpg\" class=\"attachment-large size-large\" alt=\"\" aria-describedby=\"gallery-1-80953\" srcset=\"https:\/\/www.slovaklinesmagazin.sk\/cms\/wp-content\/uploads\/2018\/01\/IMG_8629-1024x515.jpg 1024w, https:\/\/www.slovaklinesmagazin.sk\/cms\/wp-content\/uploads\/2018\/01\/IMG_8629-300x151.jpg 300w, https:\/\/www.slovaklinesmagazin.sk\/cms\/wp-content\/uploads\/2018\/01\/IMG_8629-768x386.jpg 768w, https:\/\/www.slovaklinesmagazin.sk\/cms\/wp-content\/uploads\/2018\/01\/IMG_8629-600x302.jpg 600w, https:\/\/www.slovaklinesmagazin.sk\/cms\/wp-content\/uploads\/2018\/01\/IMG_8629-304x153.jpg 304w, https:\/\/www.slovaklinesmagazin.sk\/cms\/wp-content\/uploads\/2018\/01\/IMG_8629-296x149.jpg 296w\" sizes=\"auto, (max-width: 640px) 100vw, 640px\" \/><\/a>\n\t\t\t<\/div>\n\t\t\t\t<figcaption class='wp-caption-text gallery-caption' id='gallery-1-80953'>\n\t\t\t\tFestival \u013eadov\u00fdch s\u00f4ch sa po roku op\u00e4\u0165 vracia na Pustevny\n\t\t\t\t<\/figcaption><\/figure><figure class='gallery-item'>\n\t\t\t<div class='gallery-icon landscape'>\n\t\t\t\t<a href='https:\/\/www.slovaklinesmagazin.sk\/cms\/2018\/01\/festival-ladovych-soch-sa-po-roku-opat-vracia-na-pustevny\/img_8650\/'><img loading=\"lazy\" decoding=\"async\" width=\"640\" height=\"427\" src=\"https:\/\/www.slovaklinesmagazin.sk\/cms\/wp-content\/uploads\/2018\/01\/IMG_8650-1024x683.jpg\" class=\"attachment-large size-large\" alt=\"\" aria-describedby=\"gallery-1-80954\" srcset=\"https:\/\/www.slovaklinesmagazin.sk\/cms\/wp-content\/uploads\/2018\/01\/IMG_8650-1024x683.jpg 1024w, https:\/\/www.slovaklinesmagazin.sk\/cms\/wp-content\/uploads\/2018\/01\/IMG_8650-300x200.jpg 300w, https:\/\/www.slovaklinesmagazin.sk\/cms\/wp-content\/uploads\/2018\/01\/IMG_8650-768x512.jpg 768w, https:\/\/www.slovaklinesmagazin.sk\/cms\/wp-content\/uploads\/2018\/01\/IMG_8650-600x400.jpg 600w, https:\/\/www.slovaklinesmagazin.sk\/cms\/wp-content\/uploads\/2018\/01\/IMG_8650-304x203.jpg 304w, https:\/\/www.slovaklinesmagazin.sk\/cms\/wp-content\/uploads\/2018\/01\/IMG_8650-296x197.jpg 296w\" sizes=\"auto, (max-width: 640px) 100vw, 640px\" \/><\/a>\n\t\t\t<\/div>\n\t\t\t\t<figcaption class='wp-caption-text gallery-caption' id='gallery-1-80954'>\n\t\t\t\tFestival \u013eadov\u00fdch s\u00f4ch sa po roku op\u00e4\u0165 vracia na Pustevny\n\t\t\t\t<\/figcaption><\/figure><figure class='gallery-item'>\n\t\t\t<div class='gallery-icon portrait'>\n\t\t\t\t<a href='https:\/\/www.slovaklinesmagazin.sk\/cms\/2018\/01\/festival-ladovych-soch-sa-po-roku-opat-vracia-na-pustevny\/img_8656\/'><img loading=\"lazy\" decoding=\"async\" width=\"640\" height=\"852\" src=\"https:\/\/www.slovaklinesmagazin.sk\/cms\/wp-content\/uploads\/2018\/01\/IMG_8656-769x1024.jpg\" class=\"attachment-large size-large\" alt=\"\" aria-describedby=\"gallery-1-80955\" srcset=\"https:\/\/www.slovaklinesmagazin.sk\/cms\/wp-content\/uploads\/2018\/01\/IMG_8656-769x1024.jpg 769w, https:\/\/www.slovaklinesmagazin.sk\/cms\/wp-content\/uploads\/2018\/01\/IMG_8656-225x300.jpg 225w, https:\/\/www.slovaklinesmagazin.sk\/cms\/wp-content\/uploads\/2018\/01\/IMG_8656-768x1023.jpg 768w, https:\/\/www.slovaklinesmagazin.sk\/cms\/wp-content\/uploads\/2018\/01\/IMG_8656-600x799.jpg 600w, https:\/\/www.slovaklinesmagazin.sk\/cms\/wp-content\/uploads\/2018\/01\/IMG_8656-304x405.jpg 304w, https:\/\/www.slovaklinesmagazin.sk\/cms\/wp-content\/uploads\/2018\/01\/IMG_8656-296x394.jpg 296w, https:\/\/www.slovaklinesmagazin.sk\/cms\/wp-content\/uploads\/2018\/01\/IMG_8656.jpg 1396w\" sizes=\"auto, (max-width: 640px) 100vw, 640px\" \/><\/a>\n\t\t\t<\/div>\n\t\t\t\t<figcaption class='wp-caption-text gallery-caption' id='gallery-1-80955'>\n\t\t\t\tFestival \u013eadov\u00fdch s\u00f4ch sa po roku op\u00e4\u0165 vracia na Pustevny\n\t\t\t\t<\/figcaption><\/figure><figure class='gallery-item'>\n\t\t\t<div class='gallery-icon landscape'>\n\t\t\t\t<a href='https:\/\/www.slovaklinesmagazin.sk\/cms\/2018\/01\/festival-ladovych-soch-sa-po-roku-opat-vracia-na-pustevny\/img_8672_barva\/'><img loading=\"lazy\" decoding=\"async\" width=\"640\" height=\"427\" src=\"https:\/\/www.slovaklinesmagazin.sk\/cms\/wp-content\/uploads\/2018\/01\/IMG_8672_barva-1024x683.jpg\" class=\"attachment-large size-large\" alt=\"\" aria-describedby=\"gallery-1-80956\" srcset=\"https:\/\/www.slovaklinesmagazin.sk\/cms\/wp-content\/uploads\/2018\/01\/IMG_8672_barva-1024x683.jpg 1024w, https:\/\/www.slovaklinesmagazin.sk\/cms\/wp-content\/uploads\/2018\/01\/IMG_8672_barva-300x200.jpg 300w, https:\/\/www.slovaklinesmagazin.sk\/cms\/wp-content\/uploads\/2018\/01\/IMG_8672_barva-768x512.jpg 768w, https:\/\/www.slovaklinesmagazin.sk\/cms\/wp-content\/uploads\/2018\/01\/IMG_8672_barva-600x400.jpg 600w, https:\/\/www.slovaklinesmagazin.sk\/cms\/wp-content\/uploads\/2018\/01\/IMG_8672_barva-304x203.jpg 304w, https:\/\/www.slovaklinesmagazin.sk\/cms\/wp-content\/uploads\/2018\/01\/IMG_8672_barva-296x197.jpg 296w\" sizes=\"auto, (max-width: 640px) 100vw, 640px\" \/><\/a>\n\t\t\t<\/div>\n\t\t\t\t<figcaption class='wp-caption-text gallery-caption' id='gallery-1-80956'>\n\t\t\t\tFestival \u013eadov\u00fdch s\u00f4ch sa po roku op\u00e4\u0165 vracia na Pustevny\n\t\t\t\t<\/figcaption><\/figure><figure class='gallery-item'>\n\t\t\t<div class='gallery-icon landscape'>\n\t\t\t\t<a href='https:\/\/www.slovaklinesmagazin.sk\/cms\/2018\/01\/festival-ladovych-soch-sa-po-roku-opat-vracia-na-pustevny\/img_8693\/'><img loading=\"lazy\" decoding=\"async\" width=\"640\" height=\"467\" src=\"https:\/\/www.slovaklinesmagazin.sk\/cms\/wp-content\/uploads\/2018\/01\/IMG_8693-1024x747.jpg\" class=\"attachment-large size-large\" alt=\"\" aria-describedby=\"gallery-1-80957\" srcset=\"https:\/\/www.slovaklinesmagazin.sk\/cms\/wp-content\/uploads\/2018\/01\/IMG_8693-1024x747.jpg 1024w, https:\/\/www.slovaklinesmagazin.sk\/cms\/wp-content\/uploads\/2018\/01\/IMG_8693-300x219.jpg 300w, https:\/\/www.slovaklinesmagazin.sk\/cms\/wp-content\/uploads\/2018\/01\/IMG_8693-768x560.jpg 768w, https:\/\/www.slovaklinesmagazin.sk\/cms\/wp-content\/uploads\/2018\/01\/IMG_8693-600x438.jpg 600w, https:\/\/www.slovaklinesmagazin.sk\/cms\/wp-content\/uploads\/2018\/01\/IMG_8693-304x222.jpg 304w, https:\/\/www.slovaklinesmagazin.sk\/cms\/wp-content\/uploads\/2018\/01\/IMG_8693-145x105.jpg 145w, https:\/\/www.slovaklinesmagazin.sk\/cms\/wp-content\/uploads\/2018\/01\/IMG_8693-296x216.jpg 296w\" sizes=\"auto, (max-width: 640px) 100vw, 640px\" \/><\/a>\n\t\t\t<\/div>\n\t\t\t\t<figcaption class='wp-caption-text gallery-caption' id='gallery-1-80957'>\n\t\t\t\tFestival \u013eadov\u00fdch s\u00f4ch sa po roku op\u00e4\u0165 vracia na Pustevny\n\t\t\t\t<\/figcaption><\/figure><figure class='gallery-item'>\n\t\t\t<div class='gallery-icon landscape'>\n\t\t\t\t<a href='https:\/\/www.slovaklinesmagazin.sk\/cms\/2018\/01\/festival-ladovych-soch-sa-po-roku-opat-vracia-na-pustevny\/img_8715_cerna\/'><img loading=\"lazy\" decoding=\"async\" width=\"640\" height=\"427\" src=\"https:\/\/www.slovaklinesmagazin.sk\/cms\/wp-content\/uploads\/2018\/01\/IMG_8715_cerna-1024x683.jpg\" class=\"attachment-large size-large\" alt=\"\" aria-describedby=\"gallery-1-80958\" srcset=\"https:\/\/www.slovaklinesmagazin.sk\/cms\/wp-content\/uploads\/2018\/01\/IMG_8715_cerna-1024x683.jpg 1024w, https:\/\/www.slovaklinesmagazin.sk\/cms\/wp-content\/uploads\/2018\/01\/IMG_8715_cerna-300x200.jpg 300w, https:\/\/www.slovaklinesmagazin.sk\/cms\/wp-content\/uploads\/2018\/01\/IMG_8715_cerna-768x512.jpg 768w, https:\/\/www.slovaklinesmagazin.sk\/cms\/wp-content\/uploads\/2018\/01\/IMG_8715_cerna-600x400.jpg 600w, https:\/\/www.slovaklinesmagazin.sk\/cms\/wp-content\/uploads\/2018\/01\/IMG_8715_cerna-304x203.jpg 304w, https:\/\/www.slovaklinesmagazin.sk\/cms\/wp-content\/uploads\/2018\/01\/IMG_8715_cerna-296x197.jpg 296w\" sizes=\"auto, (max-width: 640px) 100vw, 640px\" \/><\/a>\n\t\t\t<\/div>\n\t\t\t\t<figcaption class='wp-caption-text gallery-caption' id='gallery-1-80958'>\n\t\t\t\tFestival \u013eadov\u00fdch s\u00f4ch sa po roku op\u00e4\u0165 vracia na Pustevny\n\t\t\t\t<\/figcaption><\/figure><figure class='gallery-item'>\n\t\t\t<div class='gallery-icon landscape'>\n\t\t\t\t<a href='https:\/\/www.slovaklinesmagazin.sk\/cms\/2018\/01\/festival-ladovych-soch-sa-po-roku-opat-vracia-na-pustevny\/img_8768_barva\/'><img loading=\"lazy\" decoding=\"async\" width=\"640\" height=\"427\" src=\"https:\/\/www.slovaklinesmagazin.sk\/cms\/wp-content\/uploads\/2018\/01\/IMG_8768_barva-1024x683.jpg\" class=\"attachment-large size-large\" alt=\"\" aria-describedby=\"gallery-1-80959\" srcset=\"https:\/\/www.slovaklinesmagazin.sk\/cms\/wp-content\/uploads\/2018\/01\/IMG_8768_barva-1024x683.jpg 1024w, https:\/\/www.slovaklinesmagazin.sk\/cms\/wp-content\/uploads\/2018\/01\/IMG_8768_barva-300x200.jpg 300w, https:\/\/www.slovaklinesmagazin.sk\/cms\/wp-content\/uploads\/2018\/01\/IMG_8768_barva-768x512.jpg 768w, https:\/\/www.slovaklinesmagazin.sk\/cms\/wp-content\/uploads\/2018\/01\/IMG_8768_barva-600x400.jpg 600w, https:\/\/www.slovaklinesmagazin.sk\/cms\/wp-content\/uploads\/2018\/01\/IMG_8768_barva-304x203.jpg 304w, https:\/\/www.slovaklinesmagazin.sk\/cms\/wp-content\/uploads\/2018\/01\/IMG_8768_barva-296x197.jpg 296w\" sizes=\"auto, (max-width: 640px) 100vw, 640px\" \/><\/a>\n\t\t\t<\/div>\n\t\t\t\t<figcaption class='wp-caption-text gallery-caption' id='gallery-1-80959'>\n\t\t\t\tFestival \u013eadov\u00fdch s\u00f4ch sa po roku op\u00e4\u0165 vracia na Pustevny\n\t\t\t\t<\/figcaption><\/figure><figure class='gallery-item'>\n\t\t\t<div class='gallery-icon landscape'>\n\t\t\t\t<a href='https:\/\/www.slovaklinesmagazin.sk\/cms\/2018\/01\/festival-ladovych-soch-sa-po-roku-opat-vracia-na-pustevny\/img_8953\/'><img loading=\"lazy\" decoding=\"async\" width=\"640\" height=\"427\" src=\"https:\/\/www.slovaklinesmagazin.sk\/cms\/wp-content\/uploads\/2018\/01\/IMG_8953-1024x683.jpg\" class=\"attachment-large size-large\" alt=\"\" aria-describedby=\"gallery-1-80960\" srcset=\"https:\/\/www.slovaklinesmagazin.sk\/cms\/wp-content\/uploads\/2018\/01\/IMG_8953-1024x683.jpg 1024w, https:\/\/www.slovaklinesmagazin.sk\/cms\/wp-content\/uploads\/2018\/01\/IMG_8953-300x200.jpg 300w, https:\/\/www.slovaklinesmagazin.sk\/cms\/wp-content\/uploads\/2018\/01\/IMG_8953-768x512.jpg 768w, https:\/\/www.slovaklinesmagazin.sk\/cms\/wp-content\/uploads\/2018\/01\/IMG_8953-600x400.jpg 600w, https:\/\/www.slovaklinesmagazin.sk\/cms\/wp-content\/uploads\/2018\/01\/IMG_8953-304x203.jpg 304w, https:\/\/www.slovaklinesmagazin.sk\/cms\/wp-content\/uploads\/2018\/01\/IMG_8953-296x197.jpg 296w\" sizes=\"auto, (max-width: 640px) 100vw, 640px\" \/><\/a>\n\t\t\t<\/div>\n\t\t\t\t<figcaption class='wp-caption-text gallery-caption' id='gallery-1-80960'>\n\t\t\t\tFestival \u013eadov\u00fdch s\u00f4ch sa po roku op\u00e4\u0165 vracia na Pustevny\n\t\t\t\t<\/figcaption><\/figure><figure class='gallery-item'>\n\t\t\t<div class='gallery-icon portrait'>\n\t\t\t\t<a href='https:\/\/www.slovaklinesmagazin.sk\/cms\/2018\/01\/festival-ladovych-soch-sa-po-roku-opat-vracia-na-pustevny\/img_8972\/'><img loading=\"lazy\" decoding=\"async\" width=\"640\" height=\"960\" src=\"https:\/\/www.slovaklinesmagazin.sk\/cms\/wp-content\/uploads\/2018\/01\/IMG_8972-683x1024.jpg\" class=\"attachment-large size-large\" alt=\"\" aria-describedby=\"gallery-1-80961\" srcset=\"https:\/\/www.slovaklinesmagazin.sk\/cms\/wp-content\/uploads\/2018\/01\/IMG_8972-683x1024.jpg 683w, https:\/\/www.slovaklinesmagazin.sk\/cms\/wp-content\/uploads\/2018\/01\/IMG_8972-200x300.jpg 200w, https:\/\/www.slovaklinesmagazin.sk\/cms\/wp-content\/uploads\/2018\/01\/IMG_8972-768x1152.jpg 768w, https:\/\/www.slovaklinesmagazin.sk\/cms\/wp-content\/uploads\/2018\/01\/IMG_8972-600x900.jpg 600w, https:\/\/www.slovaklinesmagazin.sk\/cms\/wp-content\/uploads\/2018\/01\/IMG_8972-304x456.jpg 304w, https:\/\/www.slovaklinesmagazin.sk\/cms\/wp-content\/uploads\/2018\/01\/IMG_8972-296x444.jpg 296w, https:\/\/www.slovaklinesmagazin.sk\/cms\/wp-content\/uploads\/2018\/01\/IMG_8972.jpg 1504w\" sizes=\"auto, (max-width: 640px) 100vw, 640px\" \/><\/a>\n\t\t\t<\/div>\n\t\t\t\t<figcaption class='wp-caption-text gallery-caption' id='gallery-1-80961'>\n\t\t\t\tFestival \u013eadov\u00fdch s\u00f4ch sa po roku op\u00e4\u0165 vracia na Pustevny\n\t\t\t\t<\/figcaption><\/figure><figure class='gallery-item'>\n\t\t\t<div class='gallery-icon landscape'>\n\t\t\t\t<a href='https:\/\/www.slovaklinesmagazin.sk\/cms\/2018\/01\/festival-ladovych-soch-sa-po-roku-opat-vracia-na-pustevny\/img_8985-2\/'><img loading=\"lazy\" decoding=\"async\" width=\"640\" height=\"427\" src=\"https:\/\/www.slovaklinesmagazin.sk\/cms\/wp-content\/uploads\/2018\/01\/IMG_8985-1-1024x683.jpg\" class=\"attachment-large size-large\" alt=\"\" aria-describedby=\"gallery-1-80962\" srcset=\"https:\/\/www.slovaklinesmagazin.sk\/cms\/wp-content\/uploads\/2018\/01\/IMG_8985-1-1024x683.jpg 1024w, https:\/\/www.slovaklinesmagazin.sk\/cms\/wp-content\/uploads\/2018\/01\/IMG_8985-1-300x200.jpg 300w, https:\/\/www.slovaklinesmagazin.sk\/cms\/wp-content\/uploads\/2018\/01\/IMG_8985-1-768x512.jpg 768w, https:\/\/www.slovaklinesmagazin.sk\/cms\/wp-content\/uploads\/2018\/01\/IMG_8985-1-600x400.jpg 600w, https:\/\/www.slovaklinesmagazin.sk\/cms\/wp-content\/uploads\/2018\/01\/IMG_8985-1-304x203.jpg 304w, https:\/\/www.slovaklinesmagazin.sk\/cms\/wp-content\/uploads\/2018\/01\/IMG_8985-1-296x197.jpg 296w\" sizes=\"auto, (max-width: 640px) 100vw, 640px\" \/><\/a>\n\t\t\t<\/div>\n\t\t\t\t<figcaption class='wp-caption-text gallery-caption' id='gallery-1-80962'>\n\t\t\t\tFestival \u013eadov\u00fdch s\u00f4ch sa po roku op\u00e4\u0165 vracia na Pustevny\n\t\t\t\t<\/figcaption><\/figure><figure class='gallery-item'>\n\t\t\t<div class='gallery-icon landscape'>\n\t\t\t\t<a href='https:\/\/www.slovaklinesmagazin.sk\/cms\/2018\/01\/festival-ladovych-soch-sa-po-roku-opat-vracia-na-pustevny\/img_8993\/'><img loading=\"lazy\" decoding=\"async\" width=\"640\" height=\"410\" src=\"https:\/\/www.slovaklinesmagazin.sk\/cms\/wp-content\/uploads\/2018\/01\/IMG_8993-1024x656.jpg\" class=\"attachment-large size-large\" alt=\"\" aria-describedby=\"gallery-1-80963\" srcset=\"https:\/\/www.slovaklinesmagazin.sk\/cms\/wp-content\/uploads\/2018\/01\/IMG_8993-1024x656.jpg 1024w, https:\/\/www.slovaklinesmagazin.sk\/cms\/wp-content\/uploads\/2018\/01\/IMG_8993-300x192.jpg 300w, https:\/\/www.slovaklinesmagazin.sk\/cms\/wp-content\/uploads\/2018\/01\/IMG_8993-768x492.jpg 768w, https:\/\/www.slovaklinesmagazin.sk\/cms\/wp-content\/uploads\/2018\/01\/IMG_8993-600x385.jpg 600w, https:\/\/www.slovaklinesmagazin.sk\/cms\/wp-content\/uploads\/2018\/01\/IMG_8993-304x195.jpg 304w, https:\/\/www.slovaklinesmagazin.sk\/cms\/wp-content\/uploads\/2018\/01\/IMG_8993-296x190.jpg 296w\" sizes=\"auto, (max-width: 640px) 100vw, 640px\" \/><\/a>\n\t\t\t<\/div>\n\t\t\t\t<figcaption class='wp-caption-text gallery-caption' id='gallery-1-80963'>\n\t\t\t\tFestival \u013eadov\u00fdch s\u00f4ch sa po roku op\u00e4\u0165 vracia na Pustevny\n\t\t\t\t<\/figcaption><\/figure><figure class='gallery-item'>\n\t\t\t<div class='gallery-icon portrait'>\n\t\t\t\t<a href='https:\/\/www.slovaklinesmagazin.sk\/cms\/2018\/01\/festival-ladovych-soch-sa-po-roku-opat-vracia-na-pustevny\/img_9006\/'><img loading=\"lazy\" decoding=\"async\" width=\"640\" height=\"960\" src=\"https:\/\/www.slovaklinesmagazin.sk\/cms\/wp-content\/uploads\/2018\/01\/IMG_9006-683x1024.jpg\" class=\"attachment-large size-large\" alt=\"\" aria-describedby=\"gallery-1-80964\" srcset=\"https:\/\/www.slovaklinesmagazin.sk\/cms\/wp-content\/uploads\/2018\/01\/IMG_9006-683x1024.jpg 683w, https:\/\/www.slovaklinesmagazin.sk\/cms\/wp-content\/uploads\/2018\/01\/IMG_9006-200x300.jpg 200w, https:\/\/www.slovaklinesmagazin.sk\/cms\/wp-content\/uploads\/2018\/01\/IMG_9006-768x1152.jpg 768w, https:\/\/www.slovaklinesmagazin.sk\/cms\/wp-content\/uploads\/2018\/01\/IMG_9006-600x900.jpg 600w, https:\/\/www.slovaklinesmagazin.sk\/cms\/wp-content\/uploads\/2018\/01\/IMG_9006-304x456.jpg 304w, https:\/\/www.slovaklinesmagazin.sk\/cms\/wp-content\/uploads\/2018\/01\/IMG_9006-296x444.jpg 296w, https:\/\/www.slovaklinesmagazin.sk\/cms\/wp-content\/uploads\/2018\/01\/IMG_9006.jpg 1504w\" sizes=\"auto, (max-width: 640px) 100vw, 640px\" \/><\/a>\n\t\t\t<\/div>\n\t\t\t\t<figcaption class='wp-caption-text gallery-caption' id='gallery-1-80964'>\n\t\t\t\tFestival \u013eadov\u00fdch s\u00f4ch sa po roku op\u00e4\u0165 vracia na Pustevny\n\t\t\t\t<\/figcaption><\/figure>\n\t\t<\/div>\n\n<p>&nbsp;<\/p>\n","protected":false},"excerpt":{"rendered":"<p>Ako sa stalo u\u017e trad\u00edciou, v janu\u00e1ri op\u00e4\u0165 priv\u00edtaj\u00fa Pustevny &#8211; Festival \u013eadov\u00fdch s\u00f4ch. \u010eal\u0161\u00ed ro\u010dn\u00edk tejto popul\u00e1rnej akcie sa bude kona\u0165 po dobu troch janu\u00e1rov\u00fdch t\u00fd\u017ed\u0148ov, od 6. 1. &#8211; 21. 1. 2018. Sochy z tridsiatich piatich ton \u013eadu vyroben\u00e9ho v opavsk\u00fdch mraziar\u0148ach Bidfood bud\u00fa opracovan\u00e9 \u0161pi\u010dkov\u00fdmi rezb\u00e1ri z \u010ceskej a Slovenskej republiky. Garantom [&hellip;]<\/p>\n","protected":false},"author":7,"featured_media":80918,"comment_status":"closed","ping_status":"closed","sticky":false,"template":"","format":"standard","meta":{"footnotes":""},"categories":[13,11,52,56,50,48],"tags":[],"class_list":["post-80917","post","type-post","status-publish","format-standard","has-post-thumbnail","hentry","category-real-estate","category-news","category-outdoor","category-priroda","category-radim-vam","category-umenie-a-kultura","eq-blocks"],"_links":{"self":[{"href":"https:\/\/www.slovaklinesmagazin.sk\/cms\/wp-json\/wp\/v2\/posts\/80917","targetHints":{"allow":["GET"]}}],"collection":[{"href":"https:\/\/www.slovaklinesmagazin.sk\/cms\/wp-json\/wp\/v2\/posts"}],"about":[{"href":"https:\/\/www.slovaklinesmagazin.sk\/cms\/wp-json\/wp\/v2\/types\/post"}],"author":[{"embeddable":true,"href":"https:\/\/www.slovaklinesmagazin.sk\/cms\/wp-json\/wp\/v2\/users\/7"}],"replies":[{"embeddable":true,"href":"https:\/\/www.slovaklinesmagazin.sk\/cms\/wp-json\/wp\/v2\/comments?post=80917"}],"version-history":[{"count":4,"href":"https:\/\/www.slovaklinesmagazin.sk\/cms\/wp-json\/wp\/v2\/posts\/80917\/revisions"}],"predecessor-version":[{"id":80968,"href":"https:\/\/www.slovaklinesmagazin.sk\/cms\/wp-json\/wp\/v2\/posts\/80917\/revisions\/80968"}],"wp:featuredmedia":[{"embeddable":true,"href":"https:\/\/www.slovaklinesmagazin.sk\/cms\/wp-json\/wp\/v2\/media\/80918"}],"wp:attachment":[{"href":"https:\/\/www.slovaklinesmagazin.sk\/cms\/wp-json\/wp\/v2\/media?parent=80917"}],"wp:term":[{"taxonomy":"category","embeddable":true,"href":"https:\/\/www.slovaklinesmagazin.sk\/cms\/wp-json\/wp\/v2\/categories?post=80917"},{"taxonomy":"post_tag","embeddable":true,"href":"https:\/\/www.slovaklinesmagazin.sk\/cms\/wp-json\/wp\/v2\/tags?post=80917"}],"curies":[{"name":"wp","href":"https:\/\/api.w.org\/{rel}","templated":true}]}}