{"id":81282,"date":"2018-01-31T10:56:25","date_gmt":"2018-01-31T08:56:25","guid":{"rendered":"http:\/\/slovaklinesmagazin.sk\/cms\/?p=81282"},"modified":"2018-01-31T10:57:00","modified_gmt":"2018-01-31T08:57:00","slug":"na-sukromie-mate-pravo-aj-pri-nakupe-rohlikov","status":"publish","type":"post","link":"https:\/\/www.slovaklinesmagazin.sk\/cms\/2018\/01\/na-sukromie-mate-pravo-aj-pri-nakupe-rohlikov\/","title":{"rendered":"Pr\u00e1vo na s\u00fakromie m\u00e1te aj pri n\u00e1kupe rohl\u00edkov"},"content":{"rendered":"<p>Nariadenie GDPR od m\u00e1ja tohto roku spr\u00edsni ochranu s\u00fakromia aj v oblasti z\u00e1znamov z bezpe\u010dnostn\u00fdch kamier. Verejnos\u0165 zmeny m\u00f4\u017ee poc\u00edti\u0165 napr\u00edklad pri n\u00e1v\u0161teve predajn\u00ed, kde sa pod\u013ea spolo\u010dnosti Axis pou\u017e\u00edvaj\u00fa kamerov\u00e9 syst\u00e9my \u010doraz intenz\u00edvnej\u0161ie. Majitelia predajn\u00ed sa teraz musia pripravi\u0165 predov\u0161etk\u00fdm na to, \u017ee n\u00e1v\u0161tevn\u00edci maj\u00fa pr\u00e1vo na pln\u00fa informovanos\u0165.<!--more--><\/p>\n<p>Mno\u017estvo a kvalita bezpe\u010dnostn\u00fdch kamier vo verejn\u00fdch priestoroch narast\u00e1 a ve\u013ek\u00e9 percento t\u00fdchto kamier prev\u00e1dzkuj\u00fa retailov\u00e9 re\u0165azce. <em>\u201eKamery navrhnut\u00e9 \u0161peci\u00e1lne na video monitoring predajn\u00ed tvoria v s\u00fa\u010dasnosti pribli\u017ene asi 12% v\u0161etk\u00fdch na\u0161ich predan\u00fdch kamier vo v\u00fdchodnej Eur\u00f3pe, no ich predaje rast\u00fa,\u201c<\/em> povedal Dalibor Sma\u017einka, \u0161pecialista zo spolo\u010dnosti Axis Communications, ktor\u00e1 je popredn\u00fdm svetov\u00fdm v\u00fdrobcom v oblasti IP videa. <em>\u201eInteligentn\u00e9 kamery v obchodoch sl\u00fa\u017eia nielen k prevencii kriminality a odha\u013eovaniu kr\u00e1de\u017e\u00ed, ale plnia aj prev\u00e1dzkov\u00e9 a marketingov\u00e9 \u00falohy &#8211; napr\u00edklad po\u010d\u00edtaj\u00fa n\u00e1v\u0161tevn\u00edkov, vytv\u00e1raj\u00fa demografick\u00e9 d\u00e1ta a pom\u00e1haj\u00fa regulova\u0165 fronty pri pokladniciach.\u201c<\/em> Sn\u00edmanie videoz\u00e1znamu spad\u00e1 do kateg\u00f3rie zhroma\u017e\u010fovania osobn\u00fdch \u00fadajov. \u0160pecialisti na video monitoring a pr\u00e1vnici preto upozor\u0148uj\u00fa, \u017ee eur\u00f3pska smernica GDPR t\u00fdkaj\u00faca sa ochrany d\u00e1t, ktor\u00e1 za\u010dne plati\u0165 od m\u00e1ja 2018, vy\u017eaduje od majite\u013eov predajn\u00ed s kamerami, aby podnikli ur\u010dit\u00e9 konkr\u00e9tne kroky.<\/p>\n<p><a href=\"http:\/\/slovaklinesmagazin.sk\/cms\/wp-content\/uploads\/2018\/01\/AXIS_retail.jpg\"><img decoding=\"async\" class=\"aligncenter\" src=\"http:\/\/slovaklinesmagazin.sk\/cms\/wp-content\/uploads\/2018\/01\/AXIS_retail-300x225.jpg\" \/><\/a><\/p>\n<p><strong>Tabu\u013eka \u201ePriestor je monitorovan\u00fd\u201c sta\u010di\u0165 nebude<\/strong><\/p>\n<p>V s\u00favislosti s roben\u00edm kamerov\u00fdch z\u00e1znamov bud\u00fa musie\u0165 majitelia predajn\u00ed pod\u013ea GDPR posilni\u0165 ochranu s\u00fakromia nieko\u013ek\u00fdmi sp\u00f4sobmi. Jedn\u00fdm z nich je napr\u00edklad to, \u017ee ka\u017ed\u00fd n\u00e1v\u0161tevn\u00edk bude ma\u0165 pr\u00e1vo na presnej\u0161ie inform\u00e1cie. <em>\u201eOby\u010dajn\u00e1 informa\u010dn\u00e1 tabu\u013eka, \u010di n\u00e1lepka s obr\u00e1zkom kamery sta\u010di\u0165 nebude,\u201c<\/em> prezradila Janka Brez\u00e1niov\u00e1 z advok\u00e1tskej kancel\u00e1rie J\u0160K. <em>\u201eN\u00e1v\u0161tevn\u00edk predajne sa bude m\u00f4c\u0165 s\u0165a\u017eova\u0165, ak sa nikde nedozvie napr\u00edklad toto\u017enos\u0165 a kontaktn\u00e9 \u00fadaje spr\u00e1vcu kamerov\u00e9ho syst\u00e9mu, \u00fa\u010del spracovania alebo dobu, po ak\u00fa sa z\u00e1znam uchov\u00e1va.\u201c<\/em> Tieto inform\u00e1cie ale m\u00f4\u017ee prev\u00e1dzkovate\u013e predajne spr\u00edstupni\u0165 napr\u00edklad na webovej str\u00e1nke. Tabu\u013eka na mieste by v\u0161ak mala presne uv\u00e1dza\u0165, kde mo\u017eno tieto inform\u00e1cie z\u00edska\u0165. <em>\u201eRovnako tak odpor\u00fa\u010dame, aby zamestnanci v danom priestore boli primerane vy\u0161kolen\u00ed tak, aby boli schopn\u00ed na pr\u00edpadn\u00e9 ot\u00e1zky t\u00fdkaj\u00face sa kamier kvalifikovane odpoveda\u0165,\u201c<\/em> dod\u00e1va Brez\u00e1niov\u00e1.<\/p>\n<p>David Capou\u0161ek z firmy NetRex, ktor\u00e1 spravuje stovky kamier v r\u00f4znych predajn\u00fdch re\u0165azcoch, tvrd\u00ed, \u017ee splni\u0165 pr\u00edsnej\u0161ie n\u00e1roky na ochranu s\u00fakromia nebude zas a\u017e tak\u00fd probl\u00e9m: <em>\u201eD\u00e1ta s\u00fa \u0161ifrovan\u00e9 a pr\u00edstupy k videu s\u00fa pr\u00edsne obmedzen\u00e9. Z\u00e1znamy sa uchov\u00e1vaj\u00fa len po najnutnej\u0161iu dobu iba kv\u00f4li ochrane majetku a person\u00e1lu, potom sa automaticky ma\u017e\u00fa, no a \u0161tatistick\u00e9 \u00fadaje z\u00edskan\u00e9 pomocou kamier s\u00fa u\u017e anonymn\u00e9. Aktu\u00e1lne spolu s majite\u013emi predajn\u00ed pripravujeme postupy, ako spr\u00edstupni\u0165 v\u0161etky inform\u00e1cie o kamer\u00e1ch komuko\u013evek, kto o to prejav\u00ed z\u00e1ujem.\u201c<\/em><\/p>\n<p><a href=\"http:\/\/slovaklinesmagazin.sk\/cms\/wp-content\/uploads\/2018\/01\/AXIS_retail_2.jpg\"><img decoding=\"async\" class=\"aligncenter\" src=\"http:\/\/slovaklinesmagazin.sk\/cms\/wp-content\/uploads\/2018\/01\/AXIS_retail_2-300x169.jpg\" \/><\/a><\/p>\n<p>Spolo\u010dnos\u0165 Axis Communications na Slovensku a v \u010ceskej republike spolu s pr\u00e1vnikmi a svojimi partnermi &#8211; firmami, ktor\u00e9 sa zaoberaj\u00fa in\u0161tal\u00e1ciou kamerov\u00fdch syst\u00e9mov &#8211; preto iniciovala vznik praktick\u00e9ho manu\u00e1lu, ktor\u00fd umo\u017en\u00ed prev\u00e1dzkovate\u013eom kamier splni\u0165 n\u00e1roky GDPR.<\/p>\n","protected":false},"excerpt":{"rendered":"<p>Nariadenie GDPR od m\u00e1ja tohto roku spr\u00edsni ochranu s\u00fakromia aj v oblasti z\u00e1znamov z bezpe\u010dnostn\u00fdch kamier. Verejnos\u0165 zmeny m\u00f4\u017ee poc\u00edti\u0165 napr\u00edklad pri n\u00e1v\u0161teve predajn\u00ed, kde sa pod\u013ea spolo\u010dnosti Axis pou\u017e\u00edvaj\u00fa kamerov\u00e9 syst\u00e9my \u010doraz intenz\u00edvnej\u0161ie. Majitelia predajn\u00ed sa teraz musia pripravi\u0165 predov\u0161etk\u00fdm na to, \u017ee n\u00e1v\u0161tevn\u00edci maj\u00fa pr\u00e1vo na pln\u00fa informovanos\u0165.<\/p>\n","protected":false},"author":7,"featured_media":81285,"comment_status":"closed","ping_status":"closed","sticky":false,"template":"","format":"standard","meta":{"footnotes":""},"categories":[11,42],"tags":[],"class_list":["post-81282","post","type-post","status-publish","format-standard","has-post-thumbnail","hentry","category-news","category-tech","eq-blocks"],"_links":{"self":[{"href":"https:\/\/www.slovaklinesmagazin.sk\/cms\/wp-json\/wp\/v2\/posts\/81282","targetHints":{"allow":["GET"]}}],"collection":[{"href":"https:\/\/www.slovaklinesmagazin.sk\/cms\/wp-json\/wp\/v2\/posts"}],"about":[{"href":"https:\/\/www.slovaklinesmagazin.sk\/cms\/wp-json\/wp\/v2\/types\/post"}],"author":[{"embeddable":true,"href":"https:\/\/www.slovaklinesmagazin.sk\/cms\/wp-json\/wp\/v2\/users\/7"}],"replies":[{"embeddable":true,"href":"https:\/\/www.slovaklinesmagazin.sk\/cms\/wp-json\/wp\/v2\/comments?post=81282"}],"version-history":[{"count":2,"href":"https:\/\/www.slovaklinesmagazin.sk\/cms\/wp-json\/wp\/v2\/posts\/81282\/revisions"}],"predecessor-version":[{"id":81287,"href":"https:\/\/www.slovaklinesmagazin.sk\/cms\/wp-json\/wp\/v2\/posts\/81282\/revisions\/81287"}],"wp:featuredmedia":[{"embeddable":true,"href":"https:\/\/www.slovaklinesmagazin.sk\/cms\/wp-json\/wp\/v2\/media\/81285"}],"wp:attachment":[{"href":"https:\/\/www.slovaklinesmagazin.sk\/cms\/wp-json\/wp\/v2\/media?parent=81282"}],"wp:term":[{"taxonomy":"category","embeddable":true,"href":"https:\/\/www.slovaklinesmagazin.sk\/cms\/wp-json\/wp\/v2\/categories?post=81282"},{"taxonomy":"post_tag","embeddable":true,"href":"https:\/\/www.slovaklinesmagazin.sk\/cms\/wp-json\/wp\/v2\/tags?post=81282"}],"curies":[{"name":"wp","href":"https:\/\/api.w.org\/{rel}","templated":true}]}}