{"id":81567,"date":"2018-02-22T11:07:33","date_gmt":"2018-02-22T09:07:33","guid":{"rendered":"http:\/\/slovaklinesmagazin.sk\/cms\/?p=81567"},"modified":"2018-02-22T11:19:03","modified_gmt":"2018-02-22T09:19:03","slug":"adidas-sickline-extreme-kayak-world-championship","status":"publish","type":"post","link":"https:\/\/www.slovaklinesmagazin.sk\/cms\/2018\/02\/adidas-sickline-extreme-kayak-world-championship\/","title":{"rendered":"Adidas Sickline Extreme Kayak World Championship"},"content":{"rendered":"<div style=\"width: 640px;\" class=\"wp-video\"><video class=\"wp-video-shortcode\" id=\"video-81567-1\" width=\"640\" height=\"360\" preload=\"metadata\" controls=\"controls\"><source type=\"video\/mp4\" src=\"http:\/\/slovaklinesmagazin.sk\/cms\/wp-content\/uploads\/2018\/02\/846151082.mp4?_=1\" \/><a href=\"http:\/\/slovaklinesmagazin.sk\/cms\/wp-content\/uploads\/2018\/02\/846151082.mp4\">http:\/\/slovaklinesmagazin.sk\/cms\/wp-content\/uploads\/2018\/02\/846151082.mp4<\/a><\/video><\/div>\n<p>&nbsp;<\/p>\n<p>Za\u010diatkom okt\u00f3bra sa op\u00e4\u0165 konaj\u00fa na \u00a0legend\u00e1rnej trati v \u00d6tztali v\u00a0majest\u00e1tnych hor\u00e1ch majstrovstv\u00e1 sveta \u00a0Adidas Sickline Extreme Kayak World Championship.<\/p>\n<p>Stretn\u00fa sa tu jazdci na\u00a0divokej vode a\u00a0extr\u00e9mni kajak\u00e1ri v\u00a0najdlh\u0161om \u00fadol\u00ed Tirolska. Ob\u00e1van\u00e1 tra\u0165 na konci \u00fadolia patr\u00ed k\u00a0naj\u0165a\u017e\u0161\u00edm na svete. 280 metrov dlh\u00e1, nebezpe\u010dn\u00e1 etapa sa ozna\u010duje aj ako severn\u00e1 stena Eigeru v\u00a0\u0161porte na divokej vode.<\/p>\n<p>\u0150etz, Rak\u00fasko, 05.10.2018 &#8211; 07.10.2018<\/p>\n<p>&nbsp;<\/p>\n","protected":false},"excerpt":{"rendered":"<p>&nbsp; Za\u010diatkom okt\u00f3bra sa op\u00e4\u0165 konaj\u00fa na \u00a0legend\u00e1rnej trati v \u00d6tztali v\u00a0majest\u00e1tnych hor\u00e1ch majstrovstv\u00e1 sveta \u00a0Adidas Sickline Extreme Kayak World Championship. Stretn\u00fa sa tu jazdci na\u00a0divokej vode a\u00a0extr\u00e9mni kajak\u00e1ri v\u00a0najdlh\u0161om \u00fadol\u00ed Tirolska. Ob\u00e1van\u00e1 tra\u0165 na konci \u00fadolia patr\u00ed k\u00a0naj\u0165a\u017e\u0161\u00edm na svete. 280 metrov dlh\u00e1, nebezpe\u010dn\u00e1 etapa sa ozna\u010duje aj ako severn\u00e1 stena Eigeru v\u00a0\u0161porte na [&hellip;]<\/p>\n","protected":false},"author":7,"featured_media":0,"comment_status":"closed","ping_status":"closed","sticky":false,"template":"","format":"video","meta":{"footnotes":""},"categories":[52,56,14],"tags":[],"class_list":["post-81567","post","type-post","status-publish","format-video","hentry","category-outdoor","category-priroda","category-sport","post_format-post-format-video","eq-blocks"],"_links":{"self":[{"href":"https:\/\/www.slovaklinesmagazin.sk\/cms\/wp-json\/wp\/v2\/posts\/81567","targetHints":{"allow":["GET"]}}],"collection":[{"href":"https:\/\/www.slovaklinesmagazin.sk\/cms\/wp-json\/wp\/v2\/posts"}],"about":[{"href":"https:\/\/www.slovaklinesmagazin.sk\/cms\/wp-json\/wp\/v2\/types\/post"}],"author":[{"embeddable":true,"href":"https:\/\/www.slovaklinesmagazin.sk\/cms\/wp-json\/wp\/v2\/users\/7"}],"replies":[{"embeddable":true,"href":"https:\/\/www.slovaklinesmagazin.sk\/cms\/wp-json\/wp\/v2\/comments?post=81567"}],"version-history":[{"count":3,"href":"https:\/\/www.slovaklinesmagazin.sk\/cms\/wp-json\/wp\/v2\/posts\/81567\/revisions"}],"predecessor-version":[{"id":81571,"href":"https:\/\/www.slovaklinesmagazin.sk\/cms\/wp-json\/wp\/v2\/posts\/81567\/revisions\/81571"}],"wp:attachment":[{"href":"https:\/\/www.slovaklinesmagazin.sk\/cms\/wp-json\/wp\/v2\/media?parent=81567"}],"wp:term":[{"taxonomy":"category","embeddable":true,"href":"https:\/\/www.slovaklinesmagazin.sk\/cms\/wp-json\/wp\/v2\/categories?post=81567"},{"taxonomy":"post_tag","embeddable":true,"href":"https:\/\/www.slovaklinesmagazin.sk\/cms\/wp-json\/wp\/v2\/tags?post=81567"}],"curies":[{"name":"wp","href":"https:\/\/api.w.org\/{rel}","templated":true}]}}