{"id":81610,"date":"2018-02-26T16:55:23","date_gmt":"2018-02-26T14:55:23","guid":{"rendered":"http:\/\/slovaklinesmagazin.sk\/cms\/?p=81610"},"modified":"2018-02-26T16:56:39","modified_gmt":"2018-02-26T14:56:39","slug":"ked-som-sa-raz-pocas-zimy-tulal-cez-tatry-uplne-som-sa-zamiloval-do-tejto-krajiny-zazrakov","status":"publish","type":"post","link":"https:\/\/www.slovaklinesmagazin.sk\/cms\/2018\/02\/ked-som-sa-raz-pocas-zimy-tulal-cez-tatry-uplne-som-sa-zamiloval-do-tejto-krajiny-zazrakov\/","title":{"rendered":"Ke\u010f som sa raz po\u010das zimy t\u00falal cez Tatry, \u00faplne som sa zamiloval do tejto krajiny z\u00e1zrakov."},"content":{"rendered":"<div class=\"\" data-block=\"true\" data-editor=\"27qg2\" data-offset-key=\"no0t-0-0\">\n<div class=\"_1mf _1mj\" data-offset-key=\"no0t-0-0\"><span data-offset-key=\"no0t-0-0\">Ke\u010f som sa raz po\u010das zimy t\u00falal cez Tatry, \u00faplne som sa zamiloval do tejto krajiny z\u00e1zrakov.<\/span><\/div>\n<\/div>\n<div class=\"\" data-block=\"true\" data-editor=\"27qg2\" data-offset-key=\"8aqhs-0-0\">\n<div class=\"_1mf _1mj\" data-offset-key=\"8aqhs-0-0\"><span data-offset-key=\"8aqhs-0-0\">\u00a0<\/span><\/div>\n<\/div>\n<div class=\"\" data-block=\"true\" data-editor=\"27qg2\" data-offset-key=\"3a6ns-0-0\">\n<div class=\"_1mf _1mj\" data-offset-key=\"3a6ns-0-0\"><span data-offset-key=\"3a6ns-0-0\">Prv\u00fdkr\u00e1t som nav\u0161t\u00edvil Tatry na konci jesene. Hory u\u017e boli pokryt\u00e9 snehom a \u013eadom. Tieto obr\u00e1zky sa mi dostali hlboko do srdca a rozhodol som sa sem vr\u00e1ti\u0165 op\u00e4\u0165.<\/span><\/div>\n<\/div>\n<div class=\"\" data-block=\"true\" data-editor=\"27qg2\" data-offset-key=\"bra4v-0-0\">\n<div class=\"_1mf _1mj\" data-offset-key=\"bra4v-0-0\"><span data-offset-key=\"bra4v-0-0\">Tento kr\u00e1t by som sa s vami r\u00e1d podelil o zop\u00e1r obr\u00e1zkov, ktor\u00e9 som urobil po\u010das zimn\u00fdch v\u00fdletov na toto kr\u00e1sne miesto. Sna\u017eil som sa zachyti\u0165 jedine\u010dn\u00e9 svetlo, zauj\u00edmav\u00e9 oblaky, ticho a silu pr\u00edrody.<\/span><\/div>\n<\/div>\n<div class=\"\" data-block=\"true\" data-editor=\"27qg2\" data-offset-key=\"8lfbd-0-0\">\n<div class=\"_1mf _1mj\" data-offset-key=\"8lfbd-0-0\"><span data-offset-key=\"8lfbd-0-0\">Tatry s\u00fa najvy\u0161\u0161\u00edmi ve\u013ehorami pohoria Karpaty, rozdelen\u00e9 medzi Po\u013eskom a Slovenskom a s\u00fa pr\u00edrodn\u00fdmi pokladmi Eur\u00f3py. T\u00e1to krajina z\u00e1zrakov vyzer\u00e1 \u00fa\u017easne v ka\u017edom ro\u010dnom obdob\u00ed, ale mne sa zdaj\u00fa najkraj\u0161ie v zime.<\/span><\/div>\n<\/div>\n<div class=\"\" data-block=\"true\" data-editor=\"27qg2\" data-offset-key=\"63nnp-0-0\">\n<div class=\"_1mf _1mj\" data-offset-key=\"63nnp-0-0\"><span data-offset-key=\"63nnp-0-0\">Patryk Biega\u0144ski &#8211; fotograf z Po\u013eska a z\u00e1visl\u00e1k na cestovan\u00ed.<\/span><\/div>\n<div data-offset-key=\"63nnp-0-0\">Viac aj tu:\u00a0https:\/\/bieganskifoto.wordpress.com\/<\/div>\n<div data-offset-key=\"63nnp-0-0\">Zdroj: BoredPanda<\/div>\n<\/div>\n<div style=\"text-align: center;\" data-offset-key=\"63nnp-0-0\"><\/div>\n<div style=\"text-align: center;\" data-offset-key=\"63nnp-0-0\">\n<div id='gallery-1' class='gallery galleryid-81610 gallery-columns-1 gallery-size-full'><figure class='gallery-item'>\n\t\t\t<div class='gallery-icon landscape'>\n\t\t\t\t<a href='https:\/\/www.slovaklinesmagazin.sk\/cms\/2018\/02\/ked-som-sa-raz-pocas-zimy-tulal-cez-tatry-uplne-som-sa-zamiloval-do-tejto-krajiny-zazrakov\/12-371\/'><img loading=\"lazy\" decoding=\"async\" width=\"880\" height=\"588\" src=\"https:\/\/www.slovaklinesmagazin.sk\/cms\/wp-content\/uploads\/2018\/02\/12-1.jpg\" class=\"attachment-full size-full\" alt=\"\" srcset=\"https:\/\/www.slovaklinesmagazin.sk\/cms\/wp-content\/uploads\/2018\/02\/12-1.jpg 880w, https:\/\/www.slovaklinesmagazin.sk\/cms\/wp-content\/uploads\/2018\/02\/12-1-300x200.jpg 300w, https:\/\/www.slovaklinesmagazin.sk\/cms\/wp-content\/uploads\/2018\/02\/12-1-768x513.jpg 768w, https:\/\/www.slovaklinesmagazin.sk\/cms\/wp-content\/uploads\/2018\/02\/12-1-600x401.jpg 600w, https:\/\/www.slovaklinesmagazin.sk\/cms\/wp-content\/uploads\/2018\/02\/12-1-304x203.jpg 304w, https:\/\/www.slovaklinesmagazin.sk\/cms\/wp-content\/uploads\/2018\/02\/12-1-296x198.jpg 296w\" sizes=\"auto, (max-width: 880px) 100vw, 880px\" \/><\/a>\n\t\t\t<\/div><\/figure><figure class='gallery-item'>\n\t\t\t<div class='gallery-icon landscape'>\n\t\t\t\t<a href='https:\/\/www.slovaklinesmagazin.sk\/cms\/2018\/02\/ked-som-sa-raz-pocas-zimy-tulal-cez-tatry-uplne-som-sa-zamiloval-do-tejto-krajiny-zazrakov\/11-411\/'><img loading=\"lazy\" decoding=\"async\" width=\"880\" height=\"539\" src=\"https:\/\/www.slovaklinesmagazin.sk\/cms\/wp-content\/uploads\/2018\/02\/11-1.jpg\" class=\"attachment-full size-full\" alt=\"\" srcset=\"https:\/\/www.slovaklinesmagazin.sk\/cms\/wp-content\/uploads\/2018\/02\/11-1.jpg 880w, https:\/\/www.slovaklinesmagazin.sk\/cms\/wp-content\/uploads\/2018\/02\/11-1-300x184.jpg 300w, https:\/\/www.slovaklinesmagazin.sk\/cms\/wp-content\/uploads\/2018\/02\/11-1-768x470.jpg 768w, https:\/\/www.slovaklinesmagazin.sk\/cms\/wp-content\/uploads\/2018\/02\/11-1-600x368.jpg 600w, https:\/\/www.slovaklinesmagazin.sk\/cms\/wp-content\/uploads\/2018\/02\/11-1-304x186.jpg 304w, https:\/\/www.slovaklinesmagazin.sk\/cms\/wp-content\/uploads\/2018\/02\/11-1-296x181.jpg 296w\" sizes=\"auto, (max-width: 880px) 100vw, 880px\" \/><\/a>\n\t\t\t<\/div><\/figure><figure class='gallery-item'>\n\t\t\t<div class='gallery-icon landscape'>\n\t\t\t\t<a href='https:\/\/www.slovaklinesmagazin.sk\/cms\/2018\/02\/ked-som-sa-raz-pocas-zimy-tulal-cez-tatry-uplne-som-sa-zamiloval-do-tejto-krajiny-zazrakov\/10-485\/'><img loading=\"lazy\" decoding=\"async\" width=\"880\" height=\"508\" src=\"https:\/\/www.slovaklinesmagazin.sk\/cms\/wp-content\/uploads\/2018\/02\/10-1.jpg\" class=\"attachment-full size-full\" alt=\"\" srcset=\"https:\/\/www.slovaklinesmagazin.sk\/cms\/wp-content\/uploads\/2018\/02\/10-1.jpg 880w, https:\/\/www.slovaklinesmagazin.sk\/cms\/wp-content\/uploads\/2018\/02\/10-1-300x173.jpg 300w, https:\/\/www.slovaklinesmagazin.sk\/cms\/wp-content\/uploads\/2018\/02\/10-1-768x443.jpg 768w, https:\/\/www.slovaklinesmagazin.sk\/cms\/wp-content\/uploads\/2018\/02\/10-1-600x346.jpg 600w, https:\/\/www.slovaklinesmagazin.sk\/cms\/wp-content\/uploads\/2018\/02\/10-1-304x175.jpg 304w, https:\/\/www.slovaklinesmagazin.sk\/cms\/wp-content\/uploads\/2018\/02\/10-1-296x171.jpg 296w\" sizes=\"auto, (max-width: 880px) 100vw, 880px\" \/><\/a>\n\t\t\t<\/div><\/figure><figure class='gallery-item'>\n\t\t\t<div class='gallery-icon landscape'>\n\t\t\t\t<a href='https:\/\/www.slovaklinesmagazin.sk\/cms\/2018\/02\/ked-som-sa-raz-pocas-zimy-tulal-cez-tatry-uplne-som-sa-zamiloval-do-tejto-krajiny-zazrakov\/9-549\/'><img loading=\"lazy\" decoding=\"async\" width=\"880\" height=\"611\" src=\"https:\/\/www.slovaklinesmagazin.sk\/cms\/wp-content\/uploads\/2018\/02\/9-1.jpg\" class=\"attachment-full size-full\" alt=\"\" srcset=\"https:\/\/www.slovaklinesmagazin.sk\/cms\/wp-content\/uploads\/2018\/02\/9-1.jpg 880w, https:\/\/www.slovaklinesmagazin.sk\/cms\/wp-content\/uploads\/2018\/02\/9-1-300x208.jpg 300w, https:\/\/www.slovaklinesmagazin.sk\/cms\/wp-content\/uploads\/2018\/02\/9-1-768x533.jpg 768w, https:\/\/www.slovaklinesmagazin.sk\/cms\/wp-content\/uploads\/2018\/02\/9-1-600x417.jpg 600w, https:\/\/www.slovaklinesmagazin.sk\/cms\/wp-content\/uploads\/2018\/02\/9-1-304x211.jpg 304w, https:\/\/www.slovaklinesmagazin.sk\/cms\/wp-content\/uploads\/2018\/02\/9-1-296x206.jpg 296w\" sizes=\"auto, (max-width: 880px) 100vw, 880px\" \/><\/a>\n\t\t\t<\/div><\/figure><figure class='gallery-item'>\n\t\t\t<div class='gallery-icon landscape'>\n\t\t\t\t<a href='https:\/\/www.slovaklinesmagazin.sk\/cms\/2018\/02\/ked-som-sa-raz-pocas-zimy-tulal-cez-tatry-uplne-som-sa-zamiloval-do-tejto-krajiny-zazrakov\/8-612\/'><img loading=\"lazy\" decoding=\"async\" width=\"880\" height=\"587\" src=\"https:\/\/www.slovaklinesmagazin.sk\/cms\/wp-content\/uploads\/2018\/02\/8-1.jpg\" class=\"attachment-full size-full\" alt=\"\" srcset=\"https:\/\/www.slovaklinesmagazin.sk\/cms\/wp-content\/uploads\/2018\/02\/8-1.jpg 880w, https:\/\/www.slovaklinesmagazin.sk\/cms\/wp-content\/uploads\/2018\/02\/8-1-300x200.jpg 300w, https:\/\/www.slovaklinesmagazin.sk\/cms\/wp-content\/uploads\/2018\/02\/8-1-768x512.jpg 768w, https:\/\/www.slovaklinesmagazin.sk\/cms\/wp-content\/uploads\/2018\/02\/8-1-600x400.jpg 600w, https:\/\/www.slovaklinesmagazin.sk\/cms\/wp-content\/uploads\/2018\/02\/8-1-304x203.jpg 304w, https:\/\/www.slovaklinesmagazin.sk\/cms\/wp-content\/uploads\/2018\/02\/8-1-296x197.jpg 296w\" sizes=\"auto, (max-width: 880px) 100vw, 880px\" \/><\/a>\n\t\t\t<\/div><\/figure><figure class='gallery-item'>\n\t\t\t<div class='gallery-icon landscape'>\n\t\t\t\t<a href='https:\/\/www.slovaklinesmagazin.sk\/cms\/2018\/02\/ked-som-sa-raz-pocas-zimy-tulal-cez-tatry-uplne-som-sa-zamiloval-do-tejto-krajiny-zazrakov\/7-679\/'><img loading=\"lazy\" decoding=\"async\" width=\"880\" height=\"554\" src=\"https:\/\/www.slovaklinesmagazin.sk\/cms\/wp-content\/uploads\/2018\/02\/7-1.jpg\" class=\"attachment-full size-full\" alt=\"\" srcset=\"https:\/\/www.slovaklinesmagazin.sk\/cms\/wp-content\/uploads\/2018\/02\/7-1.jpg 880w, https:\/\/www.slovaklinesmagazin.sk\/cms\/wp-content\/uploads\/2018\/02\/7-1-300x189.jpg 300w, https:\/\/www.slovaklinesmagazin.sk\/cms\/wp-content\/uploads\/2018\/02\/7-1-768x483.jpg 768w, https:\/\/www.slovaklinesmagazin.sk\/cms\/wp-content\/uploads\/2018\/02\/7-1-600x378.jpg 600w, https:\/\/www.slovaklinesmagazin.sk\/cms\/wp-content\/uploads\/2018\/02\/7-1-304x191.jpg 304w, https:\/\/www.slovaklinesmagazin.sk\/cms\/wp-content\/uploads\/2018\/02\/7-1-296x186.jpg 296w\" sizes=\"auto, (max-width: 880px) 100vw, 880px\" \/><\/a>\n\t\t\t<\/div><\/figure><figure class='gallery-item'>\n\t\t\t<div class='gallery-icon landscape'>\n\t\t\t\t<a href='https:\/\/www.slovaklinesmagazin.sk\/cms\/2018\/02\/ked-som-sa-raz-pocas-zimy-tulal-cez-tatry-uplne-som-sa-zamiloval-do-tejto-krajiny-zazrakov\/6-731\/'><img loading=\"lazy\" decoding=\"async\" width=\"880\" height=\"587\" src=\"https:\/\/www.slovaklinesmagazin.sk\/cms\/wp-content\/uploads\/2018\/02\/6-1.jpg\" class=\"attachment-full size-full\" alt=\"\" srcset=\"https:\/\/www.slovaklinesmagazin.sk\/cms\/wp-content\/uploads\/2018\/02\/6-1.jpg 880w, https:\/\/www.slovaklinesmagazin.sk\/cms\/wp-content\/uploads\/2018\/02\/6-1-300x200.jpg 300w, https:\/\/www.slovaklinesmagazin.sk\/cms\/wp-content\/uploads\/2018\/02\/6-1-768x512.jpg 768w, https:\/\/www.slovaklinesmagazin.sk\/cms\/wp-content\/uploads\/2018\/02\/6-1-600x400.jpg 600w, https:\/\/www.slovaklinesmagazin.sk\/cms\/wp-content\/uploads\/2018\/02\/6-1-304x203.jpg 304w, https:\/\/www.slovaklinesmagazin.sk\/cms\/wp-content\/uploads\/2018\/02\/6-1-296x197.jpg 296w\" sizes=\"auto, (max-width: 880px) 100vw, 880px\" \/><\/a>\n\t\t\t<\/div><\/figure><figure class='gallery-item'>\n\t\t\t<div class='gallery-icon landscape'>\n\t\t\t\t<a href='https:\/\/www.slovaklinesmagazin.sk\/cms\/2018\/02\/ked-som-sa-raz-pocas-zimy-tulal-cez-tatry-uplne-som-sa-zamiloval-do-tejto-krajiny-zazrakov\/5-801\/'><img loading=\"lazy\" decoding=\"async\" width=\"880\" height=\"566\" src=\"https:\/\/www.slovaklinesmagazin.sk\/cms\/wp-content\/uploads\/2018\/02\/5-2.jpg\" class=\"attachment-full size-full\" alt=\"\" srcset=\"https:\/\/www.slovaklinesmagazin.sk\/cms\/wp-content\/uploads\/2018\/02\/5-2.jpg 880w, https:\/\/www.slovaklinesmagazin.sk\/cms\/wp-content\/uploads\/2018\/02\/5-2-300x193.jpg 300w, https:\/\/www.slovaklinesmagazin.sk\/cms\/wp-content\/uploads\/2018\/02\/5-2-768x494.jpg 768w, https:\/\/www.slovaklinesmagazin.sk\/cms\/wp-content\/uploads\/2018\/02\/5-2-600x386.jpg 600w, https:\/\/www.slovaklinesmagazin.sk\/cms\/wp-content\/uploads\/2018\/02\/5-2-304x196.jpg 304w, https:\/\/www.slovaklinesmagazin.sk\/cms\/wp-content\/uploads\/2018\/02\/5-2-296x190.jpg 296w\" sizes=\"auto, (max-width: 880px) 100vw, 880px\" \/><\/a>\n\t\t\t<\/div><\/figure><figure class='gallery-item'>\n\t\t\t<div class='gallery-icon landscape'>\n\t\t\t\t<a href='https:\/\/www.slovaklinesmagazin.sk\/cms\/2018\/02\/ked-som-sa-raz-pocas-zimy-tulal-cez-tatry-uplne-som-sa-zamiloval-do-tejto-krajiny-zazrakov\/4-845\/'><img loading=\"lazy\" decoding=\"async\" width=\"880\" height=\"587\" src=\"https:\/\/www.slovaklinesmagazin.sk\/cms\/wp-content\/uploads\/2018\/02\/4-1.jpg\" class=\"attachment-full size-full\" alt=\"\" srcset=\"https:\/\/www.slovaklinesmagazin.sk\/cms\/wp-content\/uploads\/2018\/02\/4-1.jpg 880w, https:\/\/www.slovaklinesmagazin.sk\/cms\/wp-content\/uploads\/2018\/02\/4-1-300x200.jpg 300w, https:\/\/www.slovaklinesmagazin.sk\/cms\/wp-content\/uploads\/2018\/02\/4-1-768x512.jpg 768w, https:\/\/www.slovaklinesmagazin.sk\/cms\/wp-content\/uploads\/2018\/02\/4-1-600x400.jpg 600w, https:\/\/www.slovaklinesmagazin.sk\/cms\/wp-content\/uploads\/2018\/02\/4-1-304x203.jpg 304w, https:\/\/www.slovaklinesmagazin.sk\/cms\/wp-content\/uploads\/2018\/02\/4-1-296x197.jpg 296w\" sizes=\"auto, (max-width: 880px) 100vw, 880px\" \/><\/a>\n\t\t\t<\/div><\/figure><figure class='gallery-item'>\n\t\t\t<div class='gallery-icon landscape'>\n\t\t\t\t<a href='https:\/\/www.slovaklinesmagazin.sk\/cms\/2018\/02\/ked-som-sa-raz-pocas-zimy-tulal-cez-tatry-uplne-som-sa-zamiloval-do-tejto-krajiny-zazrakov\/3-875\/'><img loading=\"lazy\" decoding=\"async\" width=\"880\" height=\"539\" src=\"https:\/\/www.slovaklinesmagazin.sk\/cms\/wp-content\/uploads\/2018\/02\/3-1.jpg\" class=\"attachment-full size-full\" alt=\"\" srcset=\"https:\/\/www.slovaklinesmagazin.sk\/cms\/wp-content\/uploads\/2018\/02\/3-1.jpg 880w, https:\/\/www.slovaklinesmagazin.sk\/cms\/wp-content\/uploads\/2018\/02\/3-1-300x184.jpg 300w, https:\/\/www.slovaklinesmagazin.sk\/cms\/wp-content\/uploads\/2018\/02\/3-1-768x470.jpg 768w, https:\/\/www.slovaklinesmagazin.sk\/cms\/wp-content\/uploads\/2018\/02\/3-1-600x368.jpg 600w, https:\/\/www.slovaklinesmagazin.sk\/cms\/wp-content\/uploads\/2018\/02\/3-1-304x186.jpg 304w, https:\/\/www.slovaklinesmagazin.sk\/cms\/wp-content\/uploads\/2018\/02\/3-1-296x181.jpg 296w\" sizes=\"auto, (max-width: 880px) 100vw, 880px\" \/><\/a>\n\t\t\t<\/div><\/figure><figure class='gallery-item'>\n\t\t\t<div class='gallery-icon landscape'>\n\t\t\t\t<a href='https:\/\/www.slovaklinesmagazin.sk\/cms\/2018\/02\/ked-som-sa-raz-pocas-zimy-tulal-cez-tatry-uplne-som-sa-zamiloval-do-tejto-krajiny-zazrakov\/2-897\/'><img loading=\"lazy\" decoding=\"async\" width=\"880\" height=\"587\" src=\"https:\/\/www.slovaklinesmagazin.sk\/cms\/wp-content\/uploads\/2018\/02\/2-1.jpg\" class=\"attachment-full size-full\" alt=\"\" srcset=\"https:\/\/www.slovaklinesmagazin.sk\/cms\/wp-content\/uploads\/2018\/02\/2-1.jpg 880w, https:\/\/www.slovaklinesmagazin.sk\/cms\/wp-content\/uploads\/2018\/02\/2-1-300x200.jpg 300w, https:\/\/www.slovaklinesmagazin.sk\/cms\/wp-content\/uploads\/2018\/02\/2-1-768x512.jpg 768w, https:\/\/www.slovaklinesmagazin.sk\/cms\/wp-content\/uploads\/2018\/02\/2-1-600x400.jpg 600w, https:\/\/www.slovaklinesmagazin.sk\/cms\/wp-content\/uploads\/2018\/02\/2-1-304x203.jpg 304w, https:\/\/www.slovaklinesmagazin.sk\/cms\/wp-content\/uploads\/2018\/02\/2-1-296x197.jpg 296w\" sizes=\"auto, (max-width: 880px) 100vw, 880px\" \/><\/a>\n\t\t\t<\/div><\/figure><figure class='gallery-item'>\n\t\t\t<div class='gallery-icon landscape'>\n\t\t\t\t<a href='https:\/\/www.slovaklinesmagazin.sk\/cms\/2018\/02\/ked-som-sa-raz-pocas-zimy-tulal-cez-tatry-uplne-som-sa-zamiloval-do-tejto-krajiny-zazrakov\/1-931\/'><img loading=\"lazy\" decoding=\"async\" width=\"880\" height=\"531\" src=\"https:\/\/www.slovaklinesmagazin.sk\/cms\/wp-content\/uploads\/2018\/02\/1-1.jpg\" class=\"attachment-full size-full\" alt=\"\" srcset=\"https:\/\/www.slovaklinesmagazin.sk\/cms\/wp-content\/uploads\/2018\/02\/1-1.jpg 880w, https:\/\/www.slovaklinesmagazin.sk\/cms\/wp-content\/uploads\/2018\/02\/1-1-300x181.jpg 300w, https:\/\/www.slovaklinesmagazin.sk\/cms\/wp-content\/uploads\/2018\/02\/1-1-768x463.jpg 768w, https:\/\/www.slovaklinesmagazin.sk\/cms\/wp-content\/uploads\/2018\/02\/1-1-600x362.jpg 600w, https:\/\/www.slovaklinesmagazin.sk\/cms\/wp-content\/uploads\/2018\/02\/1-1-304x183.jpg 304w, https:\/\/www.slovaklinesmagazin.sk\/cms\/wp-content\/uploads\/2018\/02\/1-1-296x179.jpg 296w\" sizes=\"auto, (max-width: 880px) 100vw, 880px\" \/><\/a>\n\t\t\t<\/div><\/figure><figure class='gallery-item'>\n\t\t\t<div class='gallery-icon landscape'>\n\t\t\t\t<a href='https:\/\/www.slovaklinesmagazin.sk\/cms\/2018\/02\/ked-som-sa-raz-pocas-zimy-tulal-cez-tatry-uplne-som-sa-zamiloval-do-tejto-krajiny-zazrakov\/5-800\/'><img loading=\"lazy\" decoding=\"async\" width=\"880\" height=\"566\" src=\"https:\/\/www.slovaklinesmagazin.sk\/cms\/wp-content\/uploads\/2018\/02\/5-1.jpg\" class=\"attachment-full size-full\" alt=\"\" srcset=\"https:\/\/www.slovaklinesmagazin.sk\/cms\/wp-content\/uploads\/2018\/02\/5-1.jpg 880w, https:\/\/www.slovaklinesmagazin.sk\/cms\/wp-content\/uploads\/2018\/02\/5-1-300x193.jpg 300w, https:\/\/www.slovaklinesmagazin.sk\/cms\/wp-content\/uploads\/2018\/02\/5-1-768x494.jpg 768w, https:\/\/www.slovaklinesmagazin.sk\/cms\/wp-content\/uploads\/2018\/02\/5-1-600x386.jpg 600w, https:\/\/www.slovaklinesmagazin.sk\/cms\/wp-content\/uploads\/2018\/02\/5-1-304x196.jpg 304w, https:\/\/www.slovaklinesmagazin.sk\/cms\/wp-content\/uploads\/2018\/02\/5-1-296x190.jpg 296w\" sizes=\"auto, (max-width: 880px) 100vw, 880px\" \/><\/a>\n\t\t\t<\/div><\/figure>\n\t\t<\/div>\n\n<\/div>\n","protected":false},"excerpt":{"rendered":"<p>Ke\u010f som sa raz po\u010das zimy t\u00falal cez Tatry, \u00faplne som sa zamiloval do tejto krajiny z\u00e1zrakov. \u00a0 Prv\u00fdkr\u00e1t som nav\u0161t\u00edvil Tatry na konci jesene. Hory u\u017e boli pokryt\u00e9 snehom a \u013eadom. Tieto obr\u00e1zky sa mi dostali hlboko do srdca a rozhodol som sa sem vr\u00e1ti\u0165 op\u00e4\u0165. Tento kr\u00e1t by som sa s vami r\u00e1d [&hellip;]<\/p>\n","protected":false},"author":7,"featured_media":81611,"comment_status":"closed","ping_status":"closed","sticky":false,"template":"","format":"standard","meta":{"footnotes":""},"categories":[13,52,56,48],"tags":[],"class_list":["post-81610","post","type-post","status-publish","format-standard","has-post-thumbnail","hentry","category-real-estate","category-outdoor","category-priroda","category-umenie-a-kultura","eq-blocks"],"_links":{"self":[{"href":"https:\/\/www.slovaklinesmagazin.sk\/cms\/wp-json\/wp\/v2\/posts\/81610","targetHints":{"allow":["GET"]}}],"collection":[{"href":"https:\/\/www.slovaklinesmagazin.sk\/cms\/wp-json\/wp\/v2\/posts"}],"about":[{"href":"https:\/\/www.slovaklinesmagazin.sk\/cms\/wp-json\/wp\/v2\/types\/post"}],"author":[{"embeddable":true,"href":"https:\/\/www.slovaklinesmagazin.sk\/cms\/wp-json\/wp\/v2\/users\/7"}],"replies":[{"embeddable":true,"href":"https:\/\/www.slovaklinesmagazin.sk\/cms\/wp-json\/wp\/v2\/comments?post=81610"}],"version-history":[{"count":1,"href":"https:\/\/www.slovaklinesmagazin.sk\/cms\/wp-json\/wp\/v2\/posts\/81610\/revisions"}],"predecessor-version":[{"id":81624,"href":"https:\/\/www.slovaklinesmagazin.sk\/cms\/wp-json\/wp\/v2\/posts\/81610\/revisions\/81624"}],"wp:featuredmedia":[{"embeddable":true,"href":"https:\/\/www.slovaklinesmagazin.sk\/cms\/wp-json\/wp\/v2\/media\/81611"}],"wp:attachment":[{"href":"https:\/\/www.slovaklinesmagazin.sk\/cms\/wp-json\/wp\/v2\/media?parent=81610"}],"wp:term":[{"taxonomy":"category","embeddable":true,"href":"https:\/\/www.slovaklinesmagazin.sk\/cms\/wp-json\/wp\/v2\/categories?post=81610"},{"taxonomy":"post_tag","embeddable":true,"href":"https:\/\/www.slovaklinesmagazin.sk\/cms\/wp-json\/wp\/v2\/tags?post=81610"}],"curies":[{"name":"wp","href":"https:\/\/api.w.org\/{rel}","templated":true}]}}