{"id":81659,"date":"2018-03-01T11:48:50","date_gmt":"2018-03-01T09:48:50","guid":{"rendered":"http:\/\/slovaklinesmagazin.sk\/cms\/?p=81659"},"modified":"2018-03-01T11:53:45","modified_gmt":"2018-03-01T09:53:45","slug":"radost-a-dobry-pocit-sa-v-priebehu-storoci-nemeni","status":"publish","type":"post","link":"https:\/\/www.slovaklinesmagazin.sk\/cms\/2018\/03\/radost-a-dobry-pocit-sa-v-priebehu-storoci-nemeni\/","title":{"rendered":"Rados\u0165 a dobr\u00e1 n\u00e1lada sa v priebehu storo\u010d\u00ed nemen\u00ed."},"content":{"rendered":"<p>Pri poh\u013eade na v\u00e4\u010d\u0161inu historick\u00fdch fotografi\u00ed sa m\u00f4\u017ee zda\u0165, \u017ee svet je len \u010dierno-biely a v\u0161etko, \u010do sme mali, boli len vojny a choroby. N\u00e1jdu sa v\u0161ak aj fotky, ktor\u00e9 s\u00fa naozaj pote\u0161uj\u00face a\u00a0tak\u00e9 mil\u00e9, \u017ee v\u00e1s chytia za srdce.<\/p>\n<p>Obr\u00e1zky chlapca, ktor\u00fd dostal svoje prv\u00e9 \u0161teniatko ako dar od svojho otca.<br \/>\nFotka \u0165a\u017eko chor\u00e9ho diev\u010datka a jej chv\u00ed\u013ea \u0161\u0165astia pri poh\u013eade k\u00fapaj\u00face sa ka\u010dice.<br \/>\nViktori\u00e1nsky p\u00e1r z\u00a019 storo\u010dia, ktor\u00fd sa sna\u017e\u00ed pri foten\u00ed tv\u00e1ri\u0165 v\u00e1\u017ene.<br \/>\nEkvivalent selfie a mnoho \u010fal\u0161\u00edch.<br \/>\nTieto fotografie v\u00e1m ur\u010dite urobia dobr\u00fa n\u00e1ladu, aspo\u0148 v\u00a0to d\u00fafame.<\/p>\n<p>A najlep\u0161ie zo v\u0161etk\u00e9ho je to, \u017ee tieto n\u00e1dhern\u00e9 fotografie ukazuj\u00fa, \u017ee jedna vec sa nemen\u00ed ani v\u00a0priebehu storo\u010d\u00ed a\u00a0aj teraz n\u00e1s pote\u0161ia tak\u00e9to kr\u00e1sne \u201emali\u010dkosti \u017eivota\u201c<\/p>\n<div id='gallery-1' class='gallery galleryid-81659 gallery-columns-1 gallery-size-full'><figure class='gallery-item'>\n\t\t\t<div class='gallery-icon portrait'>\n\t\t\t\t<a href='https:\/\/www.slovaklinesmagazin.sk\/cms\/2018\/03\/radost-a-dobry-pocit-sa-v-priebehu-storoci-nemeni\/1-933\/'><img loading=\"lazy\" decoding=\"async\" width=\"700\" height=\"1050\" src=\"https:\/\/www.slovaklinesmagazin.sk\/cms\/wp-content\/uploads\/2018\/03\/1.jpg\" class=\"attachment-full size-full\" alt=\"\" aria-describedby=\"gallery-1-81660\" srcset=\"https:\/\/www.slovaklinesmagazin.sk\/cms\/wp-content\/uploads\/2018\/03\/1.jpg 700w, https:\/\/www.slovaklinesmagazin.sk\/cms\/wp-content\/uploads\/2018\/03\/1-200x300.jpg 200w, https:\/\/www.slovaklinesmagazin.sk\/cms\/wp-content\/uploads\/2018\/03\/1-683x1024.jpg 683w, https:\/\/www.slovaklinesmagazin.sk\/cms\/wp-content\/uploads\/2018\/03\/1-600x900.jpg 600w, https:\/\/www.slovaklinesmagazin.sk\/cms\/wp-content\/uploads\/2018\/03\/1-304x456.jpg 304w, https:\/\/www.slovaklinesmagazin.sk\/cms\/wp-content\/uploads\/2018\/03\/1-296x444.jpg 296w\" sizes=\"auto, (max-width: 700px) 100vw, 700px\" \/><\/a>\n\t\t\t<\/div>\n\t\t\t\t<figcaption class='wp-caption-text gallery-caption' id='gallery-1-81660'>\n\t\t\t\tNieko\u013eko sek\u00fand pred \u0161\u0165ast\u00edm, 1955\n\t\t\t\t<\/figcaption><\/figure><figure class='gallery-item'>\n\t\t\t<div class='gallery-icon portrait'>\n\t\t\t\t<a href='https:\/\/www.slovaklinesmagazin.sk\/cms\/2018\/03\/radost-a-dobry-pocit-sa-v-priebehu-storoci-nemeni\/2-899\/'><img loading=\"lazy\" decoding=\"async\" width=\"700\" height=\"818\" src=\"https:\/\/www.slovaklinesmagazin.sk\/cms\/wp-content\/uploads\/2018\/03\/2.jpg\" class=\"attachment-full size-full\" alt=\"\" aria-describedby=\"gallery-1-81661\" srcset=\"https:\/\/www.slovaklinesmagazin.sk\/cms\/wp-content\/uploads\/2018\/03\/2.jpg 700w, https:\/\/www.slovaklinesmagazin.sk\/cms\/wp-content\/uploads\/2018\/03\/2-257x300.jpg 257w, https:\/\/www.slovaklinesmagazin.sk\/cms\/wp-content\/uploads\/2018\/03\/2-600x701.jpg 600w, https:\/\/www.slovaklinesmagazin.sk\/cms\/wp-content\/uploads\/2018\/03\/2-304x355.jpg 304w, https:\/\/www.slovaklinesmagazin.sk\/cms\/wp-content\/uploads\/2018\/03\/2-296x346.jpg 296w\" sizes=\"auto, (max-width: 700px) 100vw, 700px\" \/><\/a>\n\t\t\t<\/div>\n\t\t\t\t<figcaption class='wp-caption-text gallery-caption' id='gallery-1-81661'>\n\t\t\t\tViktori\u00e1nsky p\u00e1r, ktor\u00ed sa sna\u017e\u00ed by\u0165 v\u00e1\u017eny pri foten\u00ed. 1890\n\t\t\t\t<\/figcaption><\/figure><figure class='gallery-item'>\n\t\t\t<div class='gallery-icon portrait'>\n\t\t\t\t<a href='https:\/\/www.slovaklinesmagazin.sk\/cms\/2018\/03\/radost-a-dobry-pocit-sa-v-priebehu-storoci-nemeni\/3-877\/'><img loading=\"lazy\" decoding=\"async\" width=\"700\" height=\"877\" src=\"https:\/\/www.slovaklinesmagazin.sk\/cms\/wp-content\/uploads\/2018\/03\/3.jpg\" class=\"attachment-full size-full\" alt=\"\" aria-describedby=\"gallery-1-81662\" srcset=\"https:\/\/www.slovaklinesmagazin.sk\/cms\/wp-content\/uploads\/2018\/03\/3.jpg 700w, https:\/\/www.slovaklinesmagazin.sk\/cms\/wp-content\/uploads\/2018\/03\/3-239x300.jpg 239w, https:\/\/www.slovaklinesmagazin.sk\/cms\/wp-content\/uploads\/2018\/03\/3-600x752.jpg 600w, https:\/\/www.slovaklinesmagazin.sk\/cms\/wp-content\/uploads\/2018\/03\/3-304x381.jpg 304w, https:\/\/www.slovaklinesmagazin.sk\/cms\/wp-content\/uploads\/2018\/03\/3-296x371.jpg 296w\" sizes=\"auto, (max-width: 700px) 100vw, 700px\" \/><\/a>\n\t\t\t<\/div>\n\t\t\t\t<figcaption class='wp-caption-text gallery-caption' id='gallery-1-81662'>\n\t\t\t\tN\u00e1morn\u00fd ser\u017eant Frank Praytor k\u0155mi umieraj\u00face ma\u010diatko po\u010das k\u013eudu zbran\u00ed. r.1944\n\t\t\t\t<\/figcaption><\/figure><figure class='gallery-item'>\n\t\t\t<div class='gallery-icon portrait'>\n\t\t\t\t<a href='https:\/\/www.slovaklinesmagazin.sk\/cms\/2018\/03\/radost-a-dobry-pocit-sa-v-priebehu-storoci-nemeni\/4-847\/'><img loading=\"lazy\" decoding=\"async\" width=\"700\" height=\"876\" src=\"https:\/\/www.slovaklinesmagazin.sk\/cms\/wp-content\/uploads\/2018\/03\/4.jpg\" class=\"attachment-full size-full\" alt=\"\" srcset=\"https:\/\/www.slovaklinesmagazin.sk\/cms\/wp-content\/uploads\/2018\/03\/4.jpg 700w, https:\/\/www.slovaklinesmagazin.sk\/cms\/wp-content\/uploads\/2018\/03\/4-240x300.jpg 240w, https:\/\/www.slovaklinesmagazin.sk\/cms\/wp-content\/uploads\/2018\/03\/4-600x751.jpg 600w, https:\/\/www.slovaklinesmagazin.sk\/cms\/wp-content\/uploads\/2018\/03\/4-304x380.jpg 304w, https:\/\/www.slovaklinesmagazin.sk\/cms\/wp-content\/uploads\/2018\/03\/4-296x370.jpg 296w\" sizes=\"auto, (max-width: 700px) 100vw, 700px\" \/><\/a>\n\t\t\t<\/div><\/figure><figure class='gallery-item'>\n\t\t\t<div class='gallery-icon portrait'>\n\t\t\t\t<a href='https:\/\/www.slovaklinesmagazin.sk\/cms\/2018\/03\/radost-a-dobry-pocit-sa-v-priebehu-storoci-nemeni\/5-803\/'><img loading=\"lazy\" decoding=\"async\" width=\"700\" height=\"979\" src=\"https:\/\/www.slovaklinesmagazin.sk\/cms\/wp-content\/uploads\/2018\/03\/5.jpg\" class=\"attachment-full size-full\" alt=\"\" aria-describedby=\"gallery-1-81664\" srcset=\"https:\/\/www.slovaklinesmagazin.sk\/cms\/wp-content\/uploads\/2018\/03\/5.jpg 700w, https:\/\/www.slovaklinesmagazin.sk\/cms\/wp-content\/uploads\/2018\/03\/5-215x300.jpg 215w, https:\/\/www.slovaklinesmagazin.sk\/cms\/wp-content\/uploads\/2018\/03\/5-600x839.jpg 600w, https:\/\/www.slovaklinesmagazin.sk\/cms\/wp-content\/uploads\/2018\/03\/5-304x425.jpg 304w, https:\/\/www.slovaklinesmagazin.sk\/cms\/wp-content\/uploads\/2018\/03\/5-296x414.jpg 296w\" sizes=\"auto, (max-width: 700px) 100vw, 700px\" \/><\/a>\n\t\t\t<\/div>\n\t\t\t\t<figcaption class='wp-caption-text gallery-caption' id='gallery-1-81664'>\n\t\t\t\tRados\u0165 z dar\u010deka. r.1948\n\t\t\t\t<\/figcaption><\/figure><figure class='gallery-item'>\n\t\t\t<div class='gallery-icon portrait'>\n\t\t\t\t<a href='https:\/\/www.slovaklinesmagazin.sk\/cms\/2018\/03\/radost-a-dobry-pocit-sa-v-priebehu-storoci-nemeni\/6-733\/'><img loading=\"lazy\" decoding=\"async\" width=\"700\" height=\"846\" src=\"https:\/\/www.slovaklinesmagazin.sk\/cms\/wp-content\/uploads\/2018\/03\/6.jpg\" class=\"attachment-full size-full\" alt=\"\" srcset=\"https:\/\/www.slovaklinesmagazin.sk\/cms\/wp-content\/uploads\/2018\/03\/6.jpg 700w, https:\/\/www.slovaklinesmagazin.sk\/cms\/wp-content\/uploads\/2018\/03\/6-248x300.jpg 248w, https:\/\/www.slovaklinesmagazin.sk\/cms\/wp-content\/uploads\/2018\/03\/6-600x725.jpg 600w, https:\/\/www.slovaklinesmagazin.sk\/cms\/wp-content\/uploads\/2018\/03\/6-304x367.jpg 304w, https:\/\/www.slovaklinesmagazin.sk\/cms\/wp-content\/uploads\/2018\/03\/6-310x375.jpg 310w, https:\/\/www.slovaklinesmagazin.sk\/cms\/wp-content\/uploads\/2018\/03\/6-296x358.jpg 296w\" sizes=\"auto, (max-width: 700px) 100vw, 700px\" \/><\/a>\n\t\t\t<\/div><\/figure><figure class='gallery-item'>\n\t\t\t<div class='gallery-icon portrait'>\n\t\t\t\t<a href='https:\/\/www.slovaklinesmagazin.sk\/cms\/2018\/03\/radost-a-dobry-pocit-sa-v-priebehu-storoci-nemeni\/7-681\/'><img loading=\"lazy\" decoding=\"async\" width=\"700\" height=\"960\" src=\"https:\/\/www.slovaklinesmagazin.sk\/cms\/wp-content\/uploads\/2018\/03\/7.jpg\" class=\"attachment-full size-full\" alt=\"\" srcset=\"https:\/\/www.slovaklinesmagazin.sk\/cms\/wp-content\/uploads\/2018\/03\/7.jpg 700w, https:\/\/www.slovaklinesmagazin.sk\/cms\/wp-content\/uploads\/2018\/03\/7-219x300.jpg 219w, https:\/\/www.slovaklinesmagazin.sk\/cms\/wp-content\/uploads\/2018\/03\/7-600x823.jpg 600w, https:\/\/www.slovaklinesmagazin.sk\/cms\/wp-content\/uploads\/2018\/03\/7-304x417.jpg 304w, https:\/\/www.slovaklinesmagazin.sk\/cms\/wp-content\/uploads\/2018\/03\/7-296x406.jpg 296w\" sizes=\"auto, (max-width: 700px) 100vw, 700px\" \/><\/a>\n\t\t\t<\/div><\/figure><figure class='gallery-item'>\n\t\t\t<div class='gallery-icon portrait'>\n\t\t\t\t<a href='https:\/\/www.slovaklinesmagazin.sk\/cms\/2018\/03\/radost-a-dobry-pocit-sa-v-priebehu-storoci-nemeni\/8-614\/'><img loading=\"lazy\" decoding=\"async\" width=\"700\" height=\"1087\" src=\"https:\/\/www.slovaklinesmagazin.sk\/cms\/wp-content\/uploads\/2018\/03\/8.jpg\" class=\"attachment-full size-full\" alt=\"\" aria-describedby=\"gallery-1-81667\" srcset=\"https:\/\/www.slovaklinesmagazin.sk\/cms\/wp-content\/uploads\/2018\/03\/8.jpg 700w, https:\/\/www.slovaklinesmagazin.sk\/cms\/wp-content\/uploads\/2018\/03\/8-193x300.jpg 193w, https:\/\/www.slovaklinesmagazin.sk\/cms\/wp-content\/uploads\/2018\/03\/8-659x1024.jpg 659w, https:\/\/www.slovaklinesmagazin.sk\/cms\/wp-content\/uploads\/2018\/03\/8-600x932.jpg 600w, https:\/\/www.slovaklinesmagazin.sk\/cms\/wp-content\/uploads\/2018\/03\/8-304x472.jpg 304w, https:\/\/www.slovaklinesmagazin.sk\/cms\/wp-content\/uploads\/2018\/03\/8-296x460.jpg 296w\" sizes=\"auto, (max-width: 700px) 100vw, 700px\" \/><\/a>\n\t\t\t<\/div>\n\t\t\t\t<figcaption class='wp-caption-text gallery-caption' id='gallery-1-81667'>\n\t\t\t\tHarold Whittles po\u010duje prv\u00e1 kr\u00e1t zvuk a hudbu\n\t\t\t\t<\/figcaption><\/figure><figure class='gallery-item'>\n\t\t\t<div class='gallery-icon landscape'>\n\t\t\t\t<a href='https:\/\/www.slovaklinesmagazin.sk\/cms\/2018\/03\/radost-a-dobry-pocit-sa-v-priebehu-storoci-nemeni\/9-552\/'><img loading=\"lazy\" decoding=\"async\" width=\"700\" height=\"622\" src=\"https:\/\/www.slovaklinesmagazin.sk\/cms\/wp-content\/uploads\/2018\/03\/9.jpg\" class=\"attachment-full size-full\" alt=\"\" srcset=\"https:\/\/www.slovaklinesmagazin.sk\/cms\/wp-content\/uploads\/2018\/03\/9.jpg 700w, https:\/\/www.slovaklinesmagazin.sk\/cms\/wp-content\/uploads\/2018\/03\/9-300x267.jpg 300w, https:\/\/www.slovaklinesmagazin.sk\/cms\/wp-content\/uploads\/2018\/03\/9-600x533.jpg 600w, https:\/\/www.slovaklinesmagazin.sk\/cms\/wp-content\/uploads\/2018\/03\/9-304x270.jpg 304w, https:\/\/www.slovaklinesmagazin.sk\/cms\/wp-content\/uploads\/2018\/03\/9-296x263.jpg 296w\" sizes=\"auto, (max-width: 700px) 100vw, 700px\" \/><\/a>\n\t\t\t<\/div><\/figure><figure class='gallery-item'>\n\t\t\t<div class='gallery-icon portrait'>\n\t\t\t\t<a href='https:\/\/www.slovaklinesmagazin.sk\/cms\/2018\/03\/radost-a-dobry-pocit-sa-v-priebehu-storoci-nemeni\/10-487\/'><img loading=\"lazy\" decoding=\"async\" width=\"700\" height=\"1065\" src=\"https:\/\/www.slovaklinesmagazin.sk\/cms\/wp-content\/uploads\/2018\/03\/10.jpg\" class=\"attachment-full size-full\" alt=\"\" srcset=\"https:\/\/www.slovaklinesmagazin.sk\/cms\/wp-content\/uploads\/2018\/03\/10.jpg 700w, https:\/\/www.slovaklinesmagazin.sk\/cms\/wp-content\/uploads\/2018\/03\/10-197x300.jpg 197w, https:\/\/www.slovaklinesmagazin.sk\/cms\/wp-content\/uploads\/2018\/03\/10-673x1024.jpg 673w, https:\/\/www.slovaklinesmagazin.sk\/cms\/wp-content\/uploads\/2018\/03\/10-600x913.jpg 600w, https:\/\/www.slovaklinesmagazin.sk\/cms\/wp-content\/uploads\/2018\/03\/10-304x463.jpg 304w, https:\/\/www.slovaklinesmagazin.sk\/cms\/wp-content\/uploads\/2018\/03\/10-296x450.jpg 296w\" sizes=\"auto, (max-width: 700px) 100vw, 700px\" \/><\/a>\n\t\t\t<\/div><\/figure><figure class='gallery-item'>\n\t\t\t<div class='gallery-icon portrait'>\n\t\t\t\t<a href='https:\/\/www.slovaklinesmagazin.sk\/cms\/2018\/03\/radost-a-dobry-pocit-sa-v-priebehu-storoci-nemeni\/11-413\/'><img loading=\"lazy\" decoding=\"async\" width=\"700\" height=\"931\" src=\"https:\/\/www.slovaklinesmagazin.sk\/cms\/wp-content\/uploads\/2018\/03\/11.jpg\" class=\"attachment-full size-full\" alt=\"\" aria-describedby=\"gallery-1-81670\" srcset=\"https:\/\/www.slovaklinesmagazin.sk\/cms\/wp-content\/uploads\/2018\/03\/11.jpg 700w, https:\/\/www.slovaklinesmagazin.sk\/cms\/wp-content\/uploads\/2018\/03\/11-226x300.jpg 226w, https:\/\/www.slovaklinesmagazin.sk\/cms\/wp-content\/uploads\/2018\/03\/11-600x798.jpg 600w, https:\/\/www.slovaklinesmagazin.sk\/cms\/wp-content\/uploads\/2018\/03\/11-304x404.jpg 304w, https:\/\/www.slovaklinesmagazin.sk\/cms\/wp-content\/uploads\/2018\/03\/11-296x394.jpg 296w\" sizes=\"auto, (max-width: 700px) 100vw, 700px\" \/><\/a>\n\t\t\t<\/div>\n\t\t\t\t<figcaption class='wp-caption-text gallery-caption' id='gallery-1-81670'>\n\t\t\t\tHroby katol\u00edckej \u017eeny a jej protestantsk\u00e9ho man\u017eela.\n\t\t\t\t<\/figcaption><\/figure><figure class='gallery-item'>\n\t\t\t<div class='gallery-icon landscape'>\n\t\t\t\t<a href='https:\/\/www.slovaklinesmagazin.sk\/cms\/2018\/03\/radost-a-dobry-pocit-sa-v-priebehu-storoci-nemeni\/12-373\/'><img loading=\"lazy\" decoding=\"async\" width=\"700\" height=\"525\" src=\"https:\/\/www.slovaklinesmagazin.sk\/cms\/wp-content\/uploads\/2018\/03\/12.jpg\" class=\"attachment-full size-full\" alt=\"\" aria-describedby=\"gallery-1-81671\" srcset=\"https:\/\/www.slovaklinesmagazin.sk\/cms\/wp-content\/uploads\/2018\/03\/12.jpg 700w, https:\/\/www.slovaklinesmagazin.sk\/cms\/wp-content\/uploads\/2018\/03\/12-300x225.jpg 300w, https:\/\/www.slovaklinesmagazin.sk\/cms\/wp-content\/uploads\/2018\/03\/12-600x450.jpg 600w, https:\/\/www.slovaklinesmagazin.sk\/cms\/wp-content\/uploads\/2018\/03\/12-304x228.jpg 304w, https:\/\/www.slovaklinesmagazin.sk\/cms\/wp-content\/uploads\/2018\/03\/12-296x222.jpg 296w\" sizes=\"auto, (max-width: 700px) 100vw, 700px\" \/><\/a>\n\t\t\t<\/div>\n\t\t\t\t<figcaption class='wp-caption-text gallery-caption' id='gallery-1-81671'>\n\t\t\t\tRusk\u00ed vojaci po\u010das odpo\u010dinku. r 1942\n\t\t\t\t<\/figcaption><\/figure><figure class='gallery-item'>\n\t\t\t<div class='gallery-icon portrait'>\n\t\t\t\t<a href='https:\/\/www.slovaklinesmagazin.sk\/cms\/2018\/03\/radost-a-dobry-pocit-sa-v-priebehu-storoci-nemeni\/13-321\/'><img loading=\"lazy\" decoding=\"async\" width=\"700\" height=\"928\" src=\"https:\/\/www.slovaklinesmagazin.sk\/cms\/wp-content\/uploads\/2018\/03\/13.jpg\" class=\"attachment-full size-full\" alt=\"\" srcset=\"https:\/\/www.slovaklinesmagazin.sk\/cms\/wp-content\/uploads\/2018\/03\/13.jpg 700w, https:\/\/www.slovaklinesmagazin.sk\/cms\/wp-content\/uploads\/2018\/03\/13-226x300.jpg 226w, https:\/\/www.slovaklinesmagazin.sk\/cms\/wp-content\/uploads\/2018\/03\/13-600x795.jpg 600w, https:\/\/www.slovaklinesmagazin.sk\/cms\/wp-content\/uploads\/2018\/03\/13-304x403.jpg 304w, https:\/\/www.slovaklinesmagazin.sk\/cms\/wp-content\/uploads\/2018\/03\/13-296x392.jpg 296w\" sizes=\"auto, (max-width: 700px) 100vw, 700px\" \/><\/a>\n\t\t\t<\/div><\/figure><figure class='gallery-item'>\n\t\t\t<div class='gallery-icon portrait'>\n\t\t\t\t<a href='https:\/\/www.slovaklinesmagazin.sk\/cms\/2018\/03\/radost-a-dobry-pocit-sa-v-priebehu-storoci-nemeni\/14-278\/'><img loading=\"lazy\" decoding=\"async\" width=\"700\" height=\"933\" src=\"https:\/\/www.slovaklinesmagazin.sk\/cms\/wp-content\/uploads\/2018\/03\/14.jpg\" class=\"attachment-full size-full\" alt=\"\" aria-describedby=\"gallery-1-81673\" srcset=\"https:\/\/www.slovaklinesmagazin.sk\/cms\/wp-content\/uploads\/2018\/03\/14.jpg 700w, https:\/\/www.slovaklinesmagazin.sk\/cms\/wp-content\/uploads\/2018\/03\/14-225x300.jpg 225w, https:\/\/www.slovaklinesmagazin.sk\/cms\/wp-content\/uploads\/2018\/03\/14-600x800.jpg 600w, https:\/\/www.slovaklinesmagazin.sk\/cms\/wp-content\/uploads\/2018\/03\/14-304x405.jpg 304w, https:\/\/www.slovaklinesmagazin.sk\/cms\/wp-content\/uploads\/2018\/03\/14-296x395.jpg 296w\" sizes=\"auto, (max-width: 700px) 100vw, 700px\" \/><\/a>\n\t\t\t<\/div>\n\t\t\t\t<figcaption class='wp-caption-text gallery-caption' id='gallery-1-81673'>\n\t\t\t\tMlad\u00e1 Carrie Fisher sleduje svoju matku Debbie Reynolds Vykon\u00e1va na sc\u00e9ne\n\t\t\t\t<\/figcaption><\/figure><figure class='gallery-item'>\n\t\t\t<div class='gallery-icon landscape'>\n\t\t\t\t<a href='https:\/\/www.slovaklinesmagazin.sk\/cms\/2018\/03\/radost-a-dobry-pocit-sa-v-priebehu-storoci-nemeni\/15-237\/'><img loading=\"lazy\" decoding=\"async\" width=\"700\" height=\"512\" src=\"https:\/\/www.slovaklinesmagazin.sk\/cms\/wp-content\/uploads\/2018\/03\/15.jpg\" class=\"attachment-full size-full\" alt=\"\" srcset=\"https:\/\/www.slovaklinesmagazin.sk\/cms\/wp-content\/uploads\/2018\/03\/15.jpg 700w, https:\/\/www.slovaklinesmagazin.sk\/cms\/wp-content\/uploads\/2018\/03\/15-300x219.jpg 300w, https:\/\/www.slovaklinesmagazin.sk\/cms\/wp-content\/uploads\/2018\/03\/15-600x439.jpg 600w, https:\/\/www.slovaklinesmagazin.sk\/cms\/wp-content\/uploads\/2018\/03\/15-304x222.jpg 304w, https:\/\/www.slovaklinesmagazin.sk\/cms\/wp-content\/uploads\/2018\/03\/15-145x105.jpg 145w, https:\/\/www.slovaklinesmagazin.sk\/cms\/wp-content\/uploads\/2018\/03\/15-296x217.jpg 296w\" sizes=\"auto, (max-width: 700px) 100vw, 700px\" \/><\/a>\n\t\t\t<\/div><\/figure><figure class='gallery-item'>\n\t\t\t<div class='gallery-icon portrait'>\n\t\t\t\t<a href='https:\/\/www.slovaklinesmagazin.sk\/cms\/2018\/03\/radost-a-dobry-pocit-sa-v-priebehu-storoci-nemeni\/16-202\/'><img loading=\"lazy\" decoding=\"async\" width=\"700\" height=\"830\" src=\"https:\/\/www.slovaklinesmagazin.sk\/cms\/wp-content\/uploads\/2018\/03\/16.jpg\" class=\"attachment-full size-full\" alt=\"\" srcset=\"https:\/\/www.slovaklinesmagazin.sk\/cms\/wp-content\/uploads\/2018\/03\/16.jpg 700w, https:\/\/www.slovaklinesmagazin.sk\/cms\/wp-content\/uploads\/2018\/03\/16-253x300.jpg 253w, https:\/\/www.slovaklinesmagazin.sk\/cms\/wp-content\/uploads\/2018\/03\/16-600x711.jpg 600w, https:\/\/www.slovaklinesmagazin.sk\/cms\/wp-content\/uploads\/2018\/03\/16-304x360.jpg 304w, https:\/\/www.slovaklinesmagazin.sk\/cms\/wp-content\/uploads\/2018\/03\/16-296x351.jpg 296w\" sizes=\"auto, (max-width: 700px) 100vw, 700px\" \/><\/a>\n\t\t\t<\/div><\/figure><figure class='gallery-item'>\n\t\t\t<div class='gallery-icon landscape'>\n\t\t\t\t<a href='https:\/\/www.slovaklinesmagazin.sk\/cms\/2018\/03\/radost-a-dobry-pocit-sa-v-priebehu-storoci-nemeni\/17-179\/'><img loading=\"lazy\" decoding=\"async\" width=\"700\" height=\"477\" src=\"https:\/\/www.slovaklinesmagazin.sk\/cms\/wp-content\/uploads\/2018\/03\/17.jpg\" class=\"attachment-full size-full\" alt=\"\" aria-describedby=\"gallery-1-81676\" srcset=\"https:\/\/www.slovaklinesmagazin.sk\/cms\/wp-content\/uploads\/2018\/03\/17.jpg 700w, https:\/\/www.slovaklinesmagazin.sk\/cms\/wp-content\/uploads\/2018\/03\/17-300x204.jpg 300w, https:\/\/www.slovaklinesmagazin.sk\/cms\/wp-content\/uploads\/2018\/03\/17-600x409.jpg 600w, https:\/\/www.slovaklinesmagazin.sk\/cms\/wp-content\/uploads\/2018\/03\/17-304x207.jpg 304w, https:\/\/www.slovaklinesmagazin.sk\/cms\/wp-content\/uploads\/2018\/03\/17-296x202.jpg 296w\" sizes=\"auto, (max-width: 700px) 100vw, 700px\" \/><\/a>\n\t\t\t<\/div>\n\t\t\t\t<figcaption class='wp-caption-text gallery-caption' id='gallery-1-81676'>\n\t\t\t\tHotelov\u00fd zriadenec diskutuje s jazve\u010dikom p\u00e1na Rothschilda\n\t\t\t\t<\/figcaption><\/figure><figure class='gallery-item'>\n\t\t\t<div class='gallery-icon portrait'>\n\t\t\t\t<a href='https:\/\/www.slovaklinesmagazin.sk\/cms\/2018\/03\/radost-a-dobry-pocit-sa-v-priebehu-storoci-nemeni\/18-157\/'><img loading=\"lazy\" decoding=\"async\" width=\"700\" height=\"954\" src=\"https:\/\/www.slovaklinesmagazin.sk\/cms\/wp-content\/uploads\/2018\/03\/18.jpg\" class=\"attachment-full size-full\" alt=\"\" srcset=\"https:\/\/www.slovaklinesmagazin.sk\/cms\/wp-content\/uploads\/2018\/03\/18.jpg 700w, https:\/\/www.slovaklinesmagazin.sk\/cms\/wp-content\/uploads\/2018\/03\/18-220x300.jpg 220w, https:\/\/www.slovaklinesmagazin.sk\/cms\/wp-content\/uploads\/2018\/03\/18-600x818.jpg 600w, https:\/\/www.slovaklinesmagazin.sk\/cms\/wp-content\/uploads\/2018\/03\/18-304x414.jpg 304w, https:\/\/www.slovaklinesmagazin.sk\/cms\/wp-content\/uploads\/2018\/03\/18-296x403.jpg 296w\" sizes=\"auto, (max-width: 700px) 100vw, 700px\" \/><\/a>\n\t\t\t<\/div><\/figure><figure class='gallery-item'>\n\t\t\t<div class='gallery-icon portrait'>\n\t\t\t\t<a href='https:\/\/www.slovaklinesmagazin.sk\/cms\/2018\/03\/radost-a-dobry-pocit-sa-v-priebehu-storoci-nemeni\/19-139\/'><img loading=\"lazy\" decoding=\"async\" width=\"700\" height=\"1048\" src=\"https:\/\/www.slovaklinesmagazin.sk\/cms\/wp-content\/uploads\/2018\/03\/19.jpg\" class=\"attachment-full size-full\" alt=\"\" srcset=\"https:\/\/www.slovaklinesmagazin.sk\/cms\/wp-content\/uploads\/2018\/03\/19.jpg 700w, https:\/\/www.slovaklinesmagazin.sk\/cms\/wp-content\/uploads\/2018\/03\/19-200x300.jpg 200w, https:\/\/www.slovaklinesmagazin.sk\/cms\/wp-content\/uploads\/2018\/03\/19-684x1024.jpg 684w, https:\/\/www.slovaklinesmagazin.sk\/cms\/wp-content\/uploads\/2018\/03\/19-600x898.jpg 600w, https:\/\/www.slovaklinesmagazin.sk\/cms\/wp-content\/uploads\/2018\/03\/19-304x455.jpg 304w, https:\/\/www.slovaklinesmagazin.sk\/cms\/wp-content\/uploads\/2018\/03\/19-296x443.jpg 296w\" sizes=\"auto, (max-width: 700px) 100vw, 700px\" \/><\/a>\n\t\t\t<\/div><\/figure><figure class='gallery-item'>\n\t\t\t<div class='gallery-icon portrait'>\n\t\t\t\t<a href='https:\/\/www.slovaklinesmagazin.sk\/cms\/2018\/03\/radost-a-dobry-pocit-sa-v-priebehu-storoci-nemeni\/20-114\/'><img loading=\"lazy\" decoding=\"async\" width=\"700\" height=\"895\" src=\"https:\/\/www.slovaklinesmagazin.sk\/cms\/wp-content\/uploads\/2018\/03\/20.jpg\" class=\"attachment-full size-full\" alt=\"\" srcset=\"https:\/\/www.slovaklinesmagazin.sk\/cms\/wp-content\/uploads\/2018\/03\/20.jpg 700w, https:\/\/www.slovaklinesmagazin.sk\/cms\/wp-content\/uploads\/2018\/03\/20-235x300.jpg 235w, https:\/\/www.slovaklinesmagazin.sk\/cms\/wp-content\/uploads\/2018\/03\/20-600x767.jpg 600w, https:\/\/www.slovaklinesmagazin.sk\/cms\/wp-content\/uploads\/2018\/03\/20-304x389.jpg 304w, https:\/\/www.slovaklinesmagazin.sk\/cms\/wp-content\/uploads\/2018\/03\/20-296x378.jpg 296w\" sizes=\"auto, (max-width: 700px) 100vw, 700px\" \/><\/a>\n\t\t\t<\/div><\/figure><figure class='gallery-item'>\n\t\t\t<div class='gallery-icon portrait'>\n\t\t\t\t<a href='https:\/\/www.slovaklinesmagazin.sk\/cms\/2018\/03\/radost-a-dobry-pocit-sa-v-priebehu-storoci-nemeni\/21-92\/'><img loading=\"lazy\" decoding=\"async\" width=\"700\" height=\"877\" src=\"https:\/\/www.slovaklinesmagazin.sk\/cms\/wp-content\/uploads\/2018\/03\/21.jpg\" class=\"attachment-full size-full\" alt=\"\" aria-describedby=\"gallery-1-81680\" srcset=\"https:\/\/www.slovaklinesmagazin.sk\/cms\/wp-content\/uploads\/2018\/03\/21.jpg 700w, https:\/\/www.slovaklinesmagazin.sk\/cms\/wp-content\/uploads\/2018\/03\/21-239x300.jpg 239w, https:\/\/www.slovaklinesmagazin.sk\/cms\/wp-content\/uploads\/2018\/03\/21-600x752.jpg 600w, https:\/\/www.slovaklinesmagazin.sk\/cms\/wp-content\/uploads\/2018\/03\/21-304x381.jpg 304w, https:\/\/www.slovaklinesmagazin.sk\/cms\/wp-content\/uploads\/2018\/03\/21-296x371.jpg 296w\" sizes=\"auto, (max-width: 700px) 100vw, 700px\" \/><\/a>\n\t\t\t<\/div>\n\t\t\t\t<figcaption class='wp-caption-text gallery-caption' id='gallery-1-81680'>\n\t\t\t\tPohoda po\u0161t\u00e1ra po\u010das Vianoc. 1929\n\t\t\t\t<\/figcaption><\/figure><figure class='gallery-item'>\n\t\t\t<div class='gallery-icon portrait'>\n\t\t\t\t<a href='https:\/\/www.slovaklinesmagazin.sk\/cms\/2018\/03\/radost-a-dobry-pocit-sa-v-priebehu-storoci-nemeni\/22-79\/'><img loading=\"lazy\" decoding=\"async\" width=\"700\" height=\"1003\" src=\"https:\/\/www.slovaklinesmagazin.sk\/cms\/wp-content\/uploads\/2018\/03\/22.jpg\" class=\"attachment-full size-full\" alt=\"\" aria-describedby=\"gallery-1-81681\" srcset=\"https:\/\/www.slovaklinesmagazin.sk\/cms\/wp-content\/uploads\/2018\/03\/22.jpg 700w, https:\/\/www.slovaklinesmagazin.sk\/cms\/wp-content\/uploads\/2018\/03\/22-209x300.jpg 209w, https:\/\/www.slovaklinesmagazin.sk\/cms\/wp-content\/uploads\/2018\/03\/22-600x860.jpg 600w, https:\/\/www.slovaklinesmagazin.sk\/cms\/wp-content\/uploads\/2018\/03\/22-304x436.jpg 304w, https:\/\/www.slovaklinesmagazin.sk\/cms\/wp-content\/uploads\/2018\/03\/22-296x424.jpg 296w\" sizes=\"auto, (max-width: 700px) 100vw, 700px\" \/><\/a>\n\t\t\t<\/div>\n\t\t\t\t<figcaption class='wp-caption-text gallery-caption' id='gallery-1-81681'>\n\t\t\t\tMal\u00e1 franc\u00fazska diev\u010dina d\u00e1va americk\u00e9mu vojakovi bozk na de\u0148 sv\u00e4t\u00e9ho Valent\u00edna\n\t\t\t\t<\/figcaption><\/figure><figure class='gallery-item'>\n\t\t\t<div class='gallery-icon portrait'>\n\t\t\t\t<a href='https:\/\/www.slovaklinesmagazin.sk\/cms\/2018\/03\/radost-a-dobry-pocit-sa-v-priebehu-storoci-nemeni\/23-68\/'><img loading=\"lazy\" decoding=\"async\" width=\"700\" height=\"717\" src=\"https:\/\/www.slovaklinesmagazin.sk\/cms\/wp-content\/uploads\/2018\/03\/23.jpg\" class=\"attachment-full size-full\" alt=\"\" aria-describedby=\"gallery-1-81682\" srcset=\"https:\/\/www.slovaklinesmagazin.sk\/cms\/wp-content\/uploads\/2018\/03\/23.jpg 700w, https:\/\/www.slovaklinesmagazin.sk\/cms\/wp-content\/uploads\/2018\/03\/23-293x300.jpg 293w, https:\/\/www.slovaklinesmagazin.sk\/cms\/wp-content\/uploads\/2018\/03\/23-600x615.jpg 600w, https:\/\/www.slovaklinesmagazin.sk\/cms\/wp-content\/uploads\/2018\/03\/23-304x311.jpg 304w, https:\/\/www.slovaklinesmagazin.sk\/cms\/wp-content\/uploads\/2018\/03\/23-296x303.jpg 296w\" sizes=\"auto, (max-width: 700px) 100vw, 700px\" \/><\/a>\n\t\t\t<\/div>\n\t\t\t\t<figcaption class='wp-caption-text gallery-caption' id='gallery-1-81682'>\n\t\t\t\tNevidom\u00e1 \u017eena uklud\u0148uje svojho psieho sprievodcu. r.1966\n\t\t\t\t<\/figcaption><\/figure><figure class='gallery-item'>\n\t\t\t<div class='gallery-icon portrait'>\n\t\t\t\t<a href='https:\/\/www.slovaklinesmagazin.sk\/cms\/2018\/03\/radost-a-dobry-pocit-sa-v-priebehu-storoci-nemeni\/24-65\/'><img loading=\"lazy\" decoding=\"async\" width=\"700\" height=\"808\" src=\"https:\/\/www.slovaklinesmagazin.sk\/cms\/wp-content\/uploads\/2018\/03\/24.jpg\" class=\"attachment-full size-full\" alt=\"\" srcset=\"https:\/\/www.slovaklinesmagazin.sk\/cms\/wp-content\/uploads\/2018\/03\/24.jpg 700w, https:\/\/www.slovaklinesmagazin.sk\/cms\/wp-content\/uploads\/2018\/03\/24-260x300.jpg 260w, https:\/\/www.slovaklinesmagazin.sk\/cms\/wp-content\/uploads\/2018\/03\/24-600x693.jpg 600w, https:\/\/www.slovaklinesmagazin.sk\/cms\/wp-content\/uploads\/2018\/03\/24-304x351.jpg 304w, https:\/\/www.slovaklinesmagazin.sk\/cms\/wp-content\/uploads\/2018\/03\/24-296x342.jpg 296w\" sizes=\"auto, (max-width: 700px) 100vw, 700px\" \/><\/a>\n\t\t\t<\/div><\/figure><figure class='gallery-item'>\n\t\t\t<div class='gallery-icon portrait'>\n\t\t\t\t<a href='https:\/\/www.slovaklinesmagazin.sk\/cms\/2018\/03\/radost-a-dobry-pocit-sa-v-priebehu-storoci-nemeni\/25-56\/'><img loading=\"lazy\" decoding=\"async\" width=\"700\" height=\"882\" src=\"https:\/\/www.slovaklinesmagazin.sk\/cms\/wp-content\/uploads\/2018\/03\/25.jpg\" class=\"attachment-full size-full\" alt=\"\" srcset=\"https:\/\/www.slovaklinesmagazin.sk\/cms\/wp-content\/uploads\/2018\/03\/25.jpg 700w, https:\/\/www.slovaklinesmagazin.sk\/cms\/wp-content\/uploads\/2018\/03\/25-238x300.jpg 238w, https:\/\/www.slovaklinesmagazin.sk\/cms\/wp-content\/uploads\/2018\/03\/25-600x756.jpg 600w, https:\/\/www.slovaklinesmagazin.sk\/cms\/wp-content\/uploads\/2018\/03\/25-304x383.jpg 304w, https:\/\/www.slovaklinesmagazin.sk\/cms\/wp-content\/uploads\/2018\/03\/25-296x373.jpg 296w\" sizes=\"auto, (max-width: 700px) 100vw, 700px\" \/><\/a>\n\t\t\t<\/div><\/figure><figure class='gallery-item'>\n\t\t\t<div class='gallery-icon portrait'>\n\t\t\t\t<a href='https:\/\/www.slovaklinesmagazin.sk\/cms\/2018\/03\/radost-a-dobry-pocit-sa-v-priebehu-storoci-nemeni\/26-50\/'><img loading=\"lazy\" decoding=\"async\" width=\"700\" height=\"846\" src=\"https:\/\/www.slovaklinesmagazin.sk\/cms\/wp-content\/uploads\/2018\/03\/26.jpg\" class=\"attachment-full size-full\" alt=\"\" srcset=\"https:\/\/www.slovaklinesmagazin.sk\/cms\/wp-content\/uploads\/2018\/03\/26.jpg 700w, https:\/\/www.slovaklinesmagazin.sk\/cms\/wp-content\/uploads\/2018\/03\/26-248x300.jpg 248w, https:\/\/www.slovaklinesmagazin.sk\/cms\/wp-content\/uploads\/2018\/03\/26-600x725.jpg 600w, https:\/\/www.slovaklinesmagazin.sk\/cms\/wp-content\/uploads\/2018\/03\/26-304x367.jpg 304w, https:\/\/www.slovaklinesmagazin.sk\/cms\/wp-content\/uploads\/2018\/03\/26-310x375.jpg 310w, https:\/\/www.slovaklinesmagazin.sk\/cms\/wp-content\/uploads\/2018\/03\/26-296x358.jpg 296w\" sizes=\"auto, (max-width: 700px) 100vw, 700px\" \/><\/a>\n\t\t\t<\/div><\/figure><figure class='gallery-item'>\n\t\t\t<div class='gallery-icon portrait'>\n\t\t\t\t<a href='https:\/\/www.slovaklinesmagazin.sk\/cms\/2018\/03\/radost-a-dobry-pocit-sa-v-priebehu-storoci-nemeni\/27-49\/'><img loading=\"lazy\" decoding=\"async\" width=\"700\" height=\"953\" src=\"https:\/\/www.slovaklinesmagazin.sk\/cms\/wp-content\/uploads\/2018\/03\/27.jpg\" class=\"attachment-full size-full\" alt=\"\" srcset=\"https:\/\/www.slovaklinesmagazin.sk\/cms\/wp-content\/uploads\/2018\/03\/27.jpg 700w, https:\/\/www.slovaklinesmagazin.sk\/cms\/wp-content\/uploads\/2018\/03\/27-220x300.jpg 220w, https:\/\/www.slovaklinesmagazin.sk\/cms\/wp-content\/uploads\/2018\/03\/27-600x817.jpg 600w, https:\/\/www.slovaklinesmagazin.sk\/cms\/wp-content\/uploads\/2018\/03\/27-304x414.jpg 304w, https:\/\/www.slovaklinesmagazin.sk\/cms\/wp-content\/uploads\/2018\/03\/27-296x403.jpg 296w\" sizes=\"auto, (max-width: 700px) 100vw, 700px\" \/><\/a>\n\t\t\t<\/div><\/figure><figure class='gallery-item'>\n\t\t\t<div class='gallery-icon portrait'>\n\t\t\t\t<a href='https:\/\/www.slovaklinesmagazin.sk\/cms\/2018\/03\/radost-a-dobry-pocit-sa-v-priebehu-storoci-nemeni\/28-40\/'><img loading=\"lazy\" decoding=\"async\" width=\"700\" height=\"981\" src=\"https:\/\/www.slovaklinesmagazin.sk\/cms\/wp-content\/uploads\/2018\/03\/28.jpg\" class=\"attachment-full size-full\" alt=\"\" srcset=\"https:\/\/www.slovaklinesmagazin.sk\/cms\/wp-content\/uploads\/2018\/03\/28.jpg 700w, https:\/\/www.slovaklinesmagazin.sk\/cms\/wp-content\/uploads\/2018\/03\/28-214x300.jpg 214w, https:\/\/www.slovaklinesmagazin.sk\/cms\/wp-content\/uploads\/2018\/03\/28-600x841.jpg 600w, https:\/\/www.slovaklinesmagazin.sk\/cms\/wp-content\/uploads\/2018\/03\/28-304x426.jpg 304w, https:\/\/www.slovaklinesmagazin.sk\/cms\/wp-content\/uploads\/2018\/03\/28-296x415.jpg 296w\" sizes=\"auto, (max-width: 700px) 100vw, 700px\" \/><\/a>\n\t\t\t<\/div><\/figure><figure class='gallery-item'>\n\t\t\t<div class='gallery-icon portrait'>\n\t\t\t\t<a href='https:\/\/www.slovaklinesmagazin.sk\/cms\/2018\/03\/radost-a-dobry-pocit-sa-v-priebehu-storoci-nemeni\/29-32\/'><img loading=\"lazy\" decoding=\"async\" width=\"700\" height=\"908\" src=\"https:\/\/www.slovaklinesmagazin.sk\/cms\/wp-content\/uploads\/2018\/03\/29.jpg\" class=\"attachment-full size-full\" alt=\"\" srcset=\"https:\/\/www.slovaklinesmagazin.sk\/cms\/wp-content\/uploads\/2018\/03\/29.jpg 700w, https:\/\/www.slovaklinesmagazin.sk\/cms\/wp-content\/uploads\/2018\/03\/29-231x300.jpg 231w, https:\/\/www.slovaklinesmagazin.sk\/cms\/wp-content\/uploads\/2018\/03\/29-600x778.jpg 600w, https:\/\/www.slovaklinesmagazin.sk\/cms\/wp-content\/uploads\/2018\/03\/29-304x394.jpg 304w, https:\/\/www.slovaklinesmagazin.sk\/cms\/wp-content\/uploads\/2018\/03\/29-296x384.jpg 296w\" sizes=\"auto, (max-width: 700px) 100vw, 700px\" \/><\/a>\n\t\t\t<\/div><\/figure><figure class='gallery-item'>\n\t\t\t<div class='gallery-icon portrait'>\n\t\t\t\t<a href='https:\/\/www.slovaklinesmagazin.sk\/cms\/2018\/03\/radost-a-dobry-pocit-sa-v-priebehu-storoci-nemeni\/30-29\/'><img loading=\"lazy\" decoding=\"async\" width=\"700\" height=\"895\" src=\"https:\/\/www.slovaklinesmagazin.sk\/cms\/wp-content\/uploads\/2018\/03\/30.jpg\" class=\"attachment-full size-full\" alt=\"\" srcset=\"https:\/\/www.slovaklinesmagazin.sk\/cms\/wp-content\/uploads\/2018\/03\/30.jpg 700w, https:\/\/www.slovaklinesmagazin.sk\/cms\/wp-content\/uploads\/2018\/03\/30-235x300.jpg 235w, https:\/\/www.slovaklinesmagazin.sk\/cms\/wp-content\/uploads\/2018\/03\/30-600x767.jpg 600w, https:\/\/www.slovaklinesmagazin.sk\/cms\/wp-content\/uploads\/2018\/03\/30-304x389.jpg 304w, https:\/\/www.slovaklinesmagazin.sk\/cms\/wp-content\/uploads\/2018\/03\/30-296x378.jpg 296w\" sizes=\"auto, (max-width: 700px) 100vw, 700px\" \/><\/a>\n\t\t\t<\/div><\/figure><figure class='gallery-item'>\n\t\t\t<div class='gallery-icon portrait'>\n\t\t\t\t<a href='https:\/\/www.slovaklinesmagazin.sk\/cms\/2018\/03\/radost-a-dobry-pocit-sa-v-priebehu-storoci-nemeni\/31-20\/'><img loading=\"lazy\" decoding=\"async\" width=\"700\" height=\"1046\" src=\"https:\/\/www.slovaklinesmagazin.sk\/cms\/wp-content\/uploads\/2018\/03\/31.jpg\" class=\"attachment-full size-full\" alt=\"\" srcset=\"https:\/\/www.slovaklinesmagazin.sk\/cms\/wp-content\/uploads\/2018\/03\/31.jpg 700w, https:\/\/www.slovaklinesmagazin.sk\/cms\/wp-content\/uploads\/2018\/03\/31-201x300.jpg 201w, https:\/\/www.slovaklinesmagazin.sk\/cms\/wp-content\/uploads\/2018\/03\/31-685x1024.jpg 685w, https:\/\/www.slovaklinesmagazin.sk\/cms\/wp-content\/uploads\/2018\/03\/31-600x897.jpg 600w, https:\/\/www.slovaklinesmagazin.sk\/cms\/wp-content\/uploads\/2018\/03\/31-304x454.jpg 304w, https:\/\/www.slovaklinesmagazin.sk\/cms\/wp-content\/uploads\/2018\/03\/31-296x442.jpg 296w\" sizes=\"auto, (max-width: 700px) 100vw, 700px\" \/><\/a>\n\t\t\t<\/div><\/figure><figure class='gallery-item'>\n\t\t\t<div class='gallery-icon portrait'>\n\t\t\t\t<a href='https:\/\/www.slovaklinesmagazin.sk\/cms\/2018\/03\/radost-a-dobry-pocit-sa-v-priebehu-storoci-nemeni\/32-19\/'><img loading=\"lazy\" decoding=\"async\" width=\"700\" height=\"847\" src=\"https:\/\/www.slovaklinesmagazin.sk\/cms\/wp-content\/uploads\/2018\/03\/32.jpg\" class=\"attachment-full size-full\" alt=\"\" srcset=\"https:\/\/www.slovaklinesmagazin.sk\/cms\/wp-content\/uploads\/2018\/03\/32.jpg 700w, https:\/\/www.slovaklinesmagazin.sk\/cms\/wp-content\/uploads\/2018\/03\/32-248x300.jpg 248w, https:\/\/www.slovaklinesmagazin.sk\/cms\/wp-content\/uploads\/2018\/03\/32-600x726.jpg 600w, https:\/\/www.slovaklinesmagazin.sk\/cms\/wp-content\/uploads\/2018\/03\/32-304x368.jpg 304w, https:\/\/www.slovaklinesmagazin.sk\/cms\/wp-content\/uploads\/2018\/03\/32-310x375.jpg 310w, https:\/\/www.slovaklinesmagazin.sk\/cms\/wp-content\/uploads\/2018\/03\/32-296x358.jpg 296w\" sizes=\"auto, (max-width: 700px) 100vw, 700px\" \/><\/a>\n\t\t\t<\/div><\/figure><figure class='gallery-item'>\n\t\t\t<div class='gallery-icon landscape'>\n\t\t\t\t<a href='https:\/\/www.slovaklinesmagazin.sk\/cms\/2018\/03\/radost-a-dobry-pocit-sa-v-priebehu-storoci-nemeni\/33-15\/'><img loading=\"lazy\" decoding=\"async\" width=\"700\" height=\"489\" src=\"https:\/\/www.slovaklinesmagazin.sk\/cms\/wp-content\/uploads\/2018\/03\/33.jpg\" class=\"attachment-full size-full\" alt=\"\" aria-describedby=\"gallery-1-81692\" srcset=\"https:\/\/www.slovaklinesmagazin.sk\/cms\/wp-content\/uploads\/2018\/03\/33.jpg 700w, https:\/\/www.slovaklinesmagazin.sk\/cms\/wp-content\/uploads\/2018\/03\/33-300x210.jpg 300w, https:\/\/www.slovaklinesmagazin.sk\/cms\/wp-content\/uploads\/2018\/03\/33-600x419.jpg 600w, https:\/\/www.slovaklinesmagazin.sk\/cms\/wp-content\/uploads\/2018\/03\/33-304x212.jpg 304w, https:\/\/www.slovaklinesmagazin.sk\/cms\/wp-content\/uploads\/2018\/03\/33-296x207.jpg 296w\" sizes=\"auto, (max-width: 700px) 100vw, 700px\" \/><\/a>\n\t\t\t<\/div>\n\t\t\t\t<figcaption class='wp-caption-text gallery-caption' id='gallery-1-81692'>\n\t\t\t\tFranc\u00fazsky chlapec sa predstavuje indick\u00fdm vojakom, ktor\u00ed prisli bojova\u0165 spolu s franc\u00fazskymi a anglick\u00fdmi vojenskami. r. 1914\n\t\t\t\t<\/figcaption><\/figure><figure class='gallery-item'>\n\t\t\t<div class='gallery-icon landscape'>\n\t\t\t\t<a href='https:\/\/www.slovaklinesmagazin.sk\/cms\/2018\/03\/radost-a-dobry-pocit-sa-v-priebehu-storoci-nemeni\/34-14\/'><img loading=\"lazy\" decoding=\"async\" width=\"700\" height=\"675\" src=\"https:\/\/www.slovaklinesmagazin.sk\/cms\/wp-content\/uploads\/2018\/03\/34.jpg\" class=\"attachment-full size-full\" alt=\"\" srcset=\"https:\/\/www.slovaklinesmagazin.sk\/cms\/wp-content\/uploads\/2018\/03\/34.jpg 700w, https:\/\/www.slovaklinesmagazin.sk\/cms\/wp-content\/uploads\/2018\/03\/34-300x289.jpg 300w, https:\/\/www.slovaklinesmagazin.sk\/cms\/wp-content\/uploads\/2018\/03\/34-600x579.jpg 600w, https:\/\/www.slovaklinesmagazin.sk\/cms\/wp-content\/uploads\/2018\/03\/34-304x293.jpg 304w, https:\/\/www.slovaklinesmagazin.sk\/cms\/wp-content\/uploads\/2018\/03\/34-296x285.jpg 296w\" sizes=\"auto, (max-width: 700px) 100vw, 700px\" \/><\/a>\n\t\t\t<\/div><\/figure><figure class='gallery-item'>\n\t\t\t<div class='gallery-icon portrait'>\n\t\t\t\t<a href='https:\/\/www.slovaklinesmagazin.sk\/cms\/2018\/03\/radost-a-dobry-pocit-sa-v-priebehu-storoci-nemeni\/35-13\/'><img loading=\"lazy\" decoding=\"async\" width=\"700\" height=\"922\" src=\"https:\/\/www.slovaklinesmagazin.sk\/cms\/wp-content\/uploads\/2018\/03\/35.jpg\" class=\"attachment-full size-full\" alt=\"\" srcset=\"https:\/\/www.slovaklinesmagazin.sk\/cms\/wp-content\/uploads\/2018\/03\/35.jpg 700w, https:\/\/www.slovaklinesmagazin.sk\/cms\/wp-content\/uploads\/2018\/03\/35-228x300.jpg 228w, https:\/\/www.slovaklinesmagazin.sk\/cms\/wp-content\/uploads\/2018\/03\/35-600x790.jpg 600w, https:\/\/www.slovaklinesmagazin.sk\/cms\/wp-content\/uploads\/2018\/03\/35-304x400.jpg 304w, https:\/\/www.slovaklinesmagazin.sk\/cms\/wp-content\/uploads\/2018\/03\/35-296x390.jpg 296w\" sizes=\"auto, (max-width: 700px) 100vw, 700px\" \/><\/a>\n\t\t\t<\/div><\/figure><figure class='gallery-item'>\n\t\t\t<div class='gallery-icon landscape'>\n\t\t\t\t<a href='https:\/\/www.slovaklinesmagazin.sk\/cms\/2018\/03\/radost-a-dobry-pocit-sa-v-priebehu-storoci-nemeni\/36-12\/'><img loading=\"lazy\" decoding=\"async\" width=\"700\" height=\"397\" src=\"https:\/\/www.slovaklinesmagazin.sk\/cms\/wp-content\/uploads\/2018\/03\/36.jpg\" class=\"attachment-full size-full\" alt=\"\" aria-describedby=\"gallery-1-81695\" srcset=\"https:\/\/www.slovaklinesmagazin.sk\/cms\/wp-content\/uploads\/2018\/03\/36.jpg 700w, https:\/\/www.slovaklinesmagazin.sk\/cms\/wp-content\/uploads\/2018\/03\/36-300x170.jpg 300w, https:\/\/www.slovaklinesmagazin.sk\/cms\/wp-content\/uploads\/2018\/03\/36-600x340.jpg 600w, https:\/\/www.slovaklinesmagazin.sk\/cms\/wp-content\/uploads\/2018\/03\/36-304x172.jpg 304w, https:\/\/www.slovaklinesmagazin.sk\/cms\/wp-content\/uploads\/2018\/03\/36-296x168.jpg 296w\" sizes=\"auto, (max-width: 700px) 100vw, 700px\" \/><\/a>\n\t\t\t<\/div>\n\t\t\t\t<figcaption class='wp-caption-text gallery-caption' id='gallery-1-81695'>\n\t\t\t\tAnglick\u00e1 kr\u00e1lovn\u00e1 Elizabeth so svojimi psami. r.1973\n\t\t\t\t<\/figcaption><\/figure><figure class='gallery-item'>\n\t\t\t<div class='gallery-icon portrait'>\n\t\t\t\t<a href='https:\/\/www.slovaklinesmagazin.sk\/cms\/2018\/03\/radost-a-dobry-pocit-sa-v-priebehu-storoci-nemeni\/37-9\/'><img loading=\"lazy\" decoding=\"async\" width=\"700\" height=\"974\" src=\"https:\/\/www.slovaklinesmagazin.sk\/cms\/wp-content\/uploads\/2018\/03\/37.jpg\" class=\"attachment-full size-full\" alt=\"\" srcset=\"https:\/\/www.slovaklinesmagazin.sk\/cms\/wp-content\/uploads\/2018\/03\/37.jpg 700w, https:\/\/www.slovaklinesmagazin.sk\/cms\/wp-content\/uploads\/2018\/03\/37-216x300.jpg 216w, https:\/\/www.slovaklinesmagazin.sk\/cms\/wp-content\/uploads\/2018\/03\/37-600x835.jpg 600w, https:\/\/www.slovaklinesmagazin.sk\/cms\/wp-content\/uploads\/2018\/03\/37-304x423.jpg 304w, https:\/\/www.slovaklinesmagazin.sk\/cms\/wp-content\/uploads\/2018\/03\/37-296x412.jpg 296w\" sizes=\"auto, (max-width: 700px) 100vw, 700px\" \/><\/a>\n\t\t\t<\/div><\/figure><figure class='gallery-item'>\n\t\t\t<div class='gallery-icon portrait'>\n\t\t\t\t<a href='https:\/\/www.slovaklinesmagazin.sk\/cms\/2018\/03\/radost-a-dobry-pocit-sa-v-priebehu-storoci-nemeni\/38-7\/'><img loading=\"lazy\" decoding=\"async\" width=\"700\" height=\"908\" src=\"https:\/\/www.slovaklinesmagazin.sk\/cms\/wp-content\/uploads\/2018\/03\/38.jpg\" class=\"attachment-full size-full\" alt=\"\" srcset=\"https:\/\/www.slovaklinesmagazin.sk\/cms\/wp-content\/uploads\/2018\/03\/38.jpg 700w, https:\/\/www.slovaklinesmagazin.sk\/cms\/wp-content\/uploads\/2018\/03\/38-231x300.jpg 231w, https:\/\/www.slovaklinesmagazin.sk\/cms\/wp-content\/uploads\/2018\/03\/38-600x778.jpg 600w, https:\/\/www.slovaklinesmagazin.sk\/cms\/wp-content\/uploads\/2018\/03\/38-304x394.jpg 304w, https:\/\/www.slovaklinesmagazin.sk\/cms\/wp-content\/uploads\/2018\/03\/38-296x384.jpg 296w\" sizes=\"auto, (max-width: 700px) 100vw, 700px\" \/><\/a>\n\t\t\t<\/div><\/figure><figure class='gallery-item'>\n\t\t\t<div class='gallery-icon portrait'>\n\t\t\t\t<a href='https:\/\/www.slovaklinesmagazin.sk\/cms\/2018\/03\/radost-a-dobry-pocit-sa-v-priebehu-storoci-nemeni\/39-7\/'><img loading=\"lazy\" decoding=\"async\" width=\"700\" height=\"931\" src=\"https:\/\/www.slovaklinesmagazin.sk\/cms\/wp-content\/uploads\/2018\/03\/39.jpg\" class=\"attachment-full size-full\" alt=\"\" aria-describedby=\"gallery-1-81698\" srcset=\"https:\/\/www.slovaklinesmagazin.sk\/cms\/wp-content\/uploads\/2018\/03\/39.jpg 700w, https:\/\/www.slovaklinesmagazin.sk\/cms\/wp-content\/uploads\/2018\/03\/39-226x300.jpg 226w, https:\/\/www.slovaklinesmagazin.sk\/cms\/wp-content\/uploads\/2018\/03\/39-600x798.jpg 600w, https:\/\/www.slovaklinesmagazin.sk\/cms\/wp-content\/uploads\/2018\/03\/39-304x404.jpg 304w, https:\/\/www.slovaklinesmagazin.sk\/cms\/wp-content\/uploads\/2018\/03\/39-296x394.jpg 296w\" sizes=\"auto, (max-width: 700px) 100vw, 700px\" \/><\/a>\n\t\t\t<\/div>\n\t\t\t\t<figcaption class='wp-caption-text gallery-caption' id='gallery-1-81698'>\n\t\t\t\tPracovn\u00edk kozmetickej firmy dokazuje na vlastnej ko\u017ei, \u017ee ich v\u00fdrobky s\u00fa bezpe\u010dn\u00e9\n\t\t\t\t<\/figcaption><\/figure><figure class='gallery-item'>\n\t\t\t<div class='gallery-icon landscape'>\n\t\t\t\t<a href='https:\/\/www.slovaklinesmagazin.sk\/cms\/2018\/03\/radost-a-dobry-pocit-sa-v-priebehu-storoci-nemeni\/40-6\/'><img loading=\"lazy\" decoding=\"async\" width=\"700\" height=\"536\" src=\"https:\/\/www.slovaklinesmagazin.sk\/cms\/wp-content\/uploads\/2018\/03\/40.jpg\" class=\"attachment-full size-full\" alt=\"\" srcset=\"https:\/\/www.slovaklinesmagazin.sk\/cms\/wp-content\/uploads\/2018\/03\/40.jpg 700w, https:\/\/www.slovaklinesmagazin.sk\/cms\/wp-content\/uploads\/2018\/03\/40-300x230.jpg 300w, https:\/\/www.slovaklinesmagazin.sk\/cms\/wp-content\/uploads\/2018\/03\/40-600x459.jpg 600w, https:\/\/www.slovaklinesmagazin.sk\/cms\/wp-content\/uploads\/2018\/03\/40-304x233.jpg 304w, https:\/\/www.slovaklinesmagazin.sk\/cms\/wp-content\/uploads\/2018\/03\/40-296x227.jpg 296w\" sizes=\"auto, (max-width: 700px) 100vw, 700px\" \/><\/a>\n\t\t\t<\/div><\/figure><figure class='gallery-item'>\n\t\t\t<div class='gallery-icon landscape'>\n\t\t\t\t<a href='https:\/\/www.slovaklinesmagazin.sk\/cms\/2018\/03\/radost-a-dobry-pocit-sa-v-priebehu-storoci-nemeni\/41-5\/'><img loading=\"lazy\" decoding=\"async\" width=\"700\" height=\"527\" src=\"https:\/\/www.slovaklinesmagazin.sk\/cms\/wp-content\/uploads\/2018\/03\/41.jpg\" class=\"attachment-full size-full\" alt=\"\" srcset=\"https:\/\/www.slovaklinesmagazin.sk\/cms\/wp-content\/uploads\/2018\/03\/41.jpg 700w, https:\/\/www.slovaklinesmagazin.sk\/cms\/wp-content\/uploads\/2018\/03\/41-300x226.jpg 300w, https:\/\/www.slovaklinesmagazin.sk\/cms\/wp-content\/uploads\/2018\/03\/41-600x452.jpg 600w, https:\/\/www.slovaklinesmagazin.sk\/cms\/wp-content\/uploads\/2018\/03\/41-304x229.jpg 304w, https:\/\/www.slovaklinesmagazin.sk\/cms\/wp-content\/uploads\/2018\/03\/41-296x223.jpg 296w\" sizes=\"auto, (max-width: 700px) 100vw, 700px\" \/><\/a>\n\t\t\t<\/div><\/figure><figure class='gallery-item'>\n\t\t\t<div class='gallery-icon portrait'>\n\t\t\t\t<a href='https:\/\/www.slovaklinesmagazin.sk\/cms\/2018\/03\/radost-a-dobry-pocit-sa-v-priebehu-storoci-nemeni\/42-6\/'><img loading=\"lazy\" decoding=\"async\" width=\"700\" height=\"710\" src=\"https:\/\/www.slovaklinesmagazin.sk\/cms\/wp-content\/uploads\/2018\/03\/42.jpg\" class=\"attachment-full size-full\" alt=\"\" srcset=\"https:\/\/www.slovaklinesmagazin.sk\/cms\/wp-content\/uploads\/2018\/03\/42.jpg 700w, https:\/\/www.slovaklinesmagazin.sk\/cms\/wp-content\/uploads\/2018\/03\/42-296x300.jpg 296w, https:\/\/www.slovaklinesmagazin.sk\/cms\/wp-content\/uploads\/2018\/03\/42-600x609.jpg 600w, https:\/\/www.slovaklinesmagazin.sk\/cms\/wp-content\/uploads\/2018\/03\/42-304x308.jpg 304w\" sizes=\"auto, (max-width: 700px) 100vw, 700px\" \/><\/a>\n\t\t\t<\/div><\/figure><figure class='gallery-item'>\n\t\t\t<div class='gallery-icon landscape'>\n\t\t\t\t<a href='https:\/\/www.slovaklinesmagazin.sk\/cms\/2018\/03\/radost-a-dobry-pocit-sa-v-priebehu-storoci-nemeni\/43-5\/'><img loading=\"lazy\" decoding=\"async\" width=\"700\" height=\"523\" src=\"https:\/\/www.slovaklinesmagazin.sk\/cms\/wp-content\/uploads\/2018\/03\/43.jpg\" class=\"attachment-full size-full\" alt=\"\" aria-describedby=\"gallery-1-81702\" srcset=\"https:\/\/www.slovaklinesmagazin.sk\/cms\/wp-content\/uploads\/2018\/03\/43.jpg 700w, https:\/\/www.slovaklinesmagazin.sk\/cms\/wp-content\/uploads\/2018\/03\/43-300x224.jpg 300w, https:\/\/www.slovaklinesmagazin.sk\/cms\/wp-content\/uploads\/2018\/03\/43-600x448.jpg 600w, https:\/\/www.slovaklinesmagazin.sk\/cms\/wp-content\/uploads\/2018\/03\/43-304x227.jpg 304w, https:\/\/www.slovaklinesmagazin.sk\/cms\/wp-content\/uploads\/2018\/03\/43-296x221.jpg 296w\" sizes=\"auto, (max-width: 700px) 100vw, 700px\" \/><\/a>\n\t\t\t<\/div>\n\t\t\t\t<figcaption class='wp-caption-text gallery-caption' id='gallery-1-81702'>\n\t\t\t\tVojak Hector Morgan vracaj\u00faci sa domov. r. 1945\n\t\t\t\t<\/figcaption><\/figure><figure class='gallery-item'>\n\t\t\t<div class='gallery-icon landscape'>\n\t\t\t\t<a href='https:\/\/www.slovaklinesmagazin.sk\/cms\/2018\/03\/radost-a-dobry-pocit-sa-v-priebehu-storoci-nemeni\/44-5\/'><img loading=\"lazy\" decoding=\"async\" width=\"700\" height=\"544\" src=\"https:\/\/www.slovaklinesmagazin.sk\/cms\/wp-content\/uploads\/2018\/03\/44.jpg\" class=\"attachment-full size-full\" alt=\"\" srcset=\"https:\/\/www.slovaklinesmagazin.sk\/cms\/wp-content\/uploads\/2018\/03\/44.jpg 700w, https:\/\/www.slovaklinesmagazin.sk\/cms\/wp-content\/uploads\/2018\/03\/44-300x233.jpg 300w, https:\/\/www.slovaklinesmagazin.sk\/cms\/wp-content\/uploads\/2018\/03\/44-600x466.jpg 600w, https:\/\/www.slovaklinesmagazin.sk\/cms\/wp-content\/uploads\/2018\/03\/44-304x236.jpg 304w, https:\/\/www.slovaklinesmagazin.sk\/cms\/wp-content\/uploads\/2018\/03\/44-296x230.jpg 296w\" sizes=\"auto, (max-width: 700px) 100vw, 700px\" \/><\/a>\n\t\t\t<\/div><\/figure><figure class='gallery-item'>\n\t\t\t<div class='gallery-icon landscape'>\n\t\t\t\t<a href='https:\/\/www.slovaklinesmagazin.sk\/cms\/2018\/03\/radost-a-dobry-pocit-sa-v-priebehu-storoci-nemeni\/45-5\/'><img loading=\"lazy\" decoding=\"async\" width=\"700\" height=\"616\" src=\"https:\/\/www.slovaklinesmagazin.sk\/cms\/wp-content\/uploads\/2018\/03\/45.jpg\" class=\"attachment-full size-full\" alt=\"\" srcset=\"https:\/\/www.slovaklinesmagazin.sk\/cms\/wp-content\/uploads\/2018\/03\/45.jpg 700w, https:\/\/www.slovaklinesmagazin.sk\/cms\/wp-content\/uploads\/2018\/03\/45-300x264.jpg 300w, https:\/\/www.slovaklinesmagazin.sk\/cms\/wp-content\/uploads\/2018\/03\/45-600x528.jpg 600w, https:\/\/www.slovaklinesmagazin.sk\/cms\/wp-content\/uploads\/2018\/03\/45-304x268.jpg 304w, https:\/\/www.slovaklinesmagazin.sk\/cms\/wp-content\/uploads\/2018\/03\/45-296x260.jpg 296w\" sizes=\"auto, (max-width: 700px) 100vw, 700px\" \/><\/a>\n\t\t\t<\/div><\/figure><figure class='gallery-item'>\n\t\t\t<div class='gallery-icon portrait'>\n\t\t\t\t<a href='https:\/\/www.slovaklinesmagazin.sk\/cms\/2018\/03\/radost-a-dobry-pocit-sa-v-priebehu-storoci-nemeni\/46-5\/'><img loading=\"lazy\" decoding=\"async\" width=\"700\" height=\"842\" src=\"https:\/\/www.slovaklinesmagazin.sk\/cms\/wp-content\/uploads\/2018\/03\/46.jpg\" class=\"attachment-full size-full\" alt=\"\" aria-describedby=\"gallery-1-81705\" srcset=\"https:\/\/www.slovaklinesmagazin.sk\/cms\/wp-content\/uploads\/2018\/03\/46.jpg 700w, https:\/\/www.slovaklinesmagazin.sk\/cms\/wp-content\/uploads\/2018\/03\/46-249x300.jpg 249w, https:\/\/www.slovaklinesmagazin.sk\/cms\/wp-content\/uploads\/2018\/03\/46-600x722.jpg 600w, https:\/\/www.slovaklinesmagazin.sk\/cms\/wp-content\/uploads\/2018\/03\/46-304x366.jpg 304w, https:\/\/www.slovaklinesmagazin.sk\/cms\/wp-content\/uploads\/2018\/03\/46-296x356.jpg 296w\" sizes=\"auto, (max-width: 700px) 100vw, 700px\" \/><\/a>\n\t\t\t<\/div>\n\t\t\t\t<figcaption class='wp-caption-text gallery-caption' id='gallery-1-81705'>\n\t\t\t\tDie\u0165a rodi\u010dov z cirkusu, ktor\u00ed maj\u00fa pr\u00e1ve vyst\u00fapenie a ich opatrovate\u013eka. \n\t\t\t\t<\/figcaption><\/figure><figure class='gallery-item'>\n\t\t\t<div class='gallery-icon landscape'>\n\t\t\t\t<a href='https:\/\/www.slovaklinesmagazin.sk\/cms\/2018\/03\/radost-a-dobry-pocit-sa-v-priebehu-storoci-nemeni\/47-4\/'><img loading=\"lazy\" decoding=\"async\" width=\"700\" height=\"552\" src=\"https:\/\/www.slovaklinesmagazin.sk\/cms\/wp-content\/uploads\/2018\/03\/47.jpg\" class=\"attachment-full size-full\" alt=\"\" srcset=\"https:\/\/www.slovaklinesmagazin.sk\/cms\/wp-content\/uploads\/2018\/03\/47.jpg 700w, https:\/\/www.slovaklinesmagazin.sk\/cms\/wp-content\/uploads\/2018\/03\/47-300x237.jpg 300w, https:\/\/www.slovaklinesmagazin.sk\/cms\/wp-content\/uploads\/2018\/03\/47-600x473.jpg 600w, https:\/\/www.slovaklinesmagazin.sk\/cms\/wp-content\/uploads\/2018\/03\/47-304x240.jpg 304w, https:\/\/www.slovaklinesmagazin.sk\/cms\/wp-content\/uploads\/2018\/03\/47-296x233.jpg 296w\" sizes=\"auto, (max-width: 700px) 100vw, 700px\" \/><\/a>\n\t\t\t<\/div><\/figure><figure class='gallery-item'>\n\t\t\t<div class='gallery-icon portrait'>\n\t\t\t\t<a href='https:\/\/www.slovaklinesmagazin.sk\/cms\/2018\/03\/radost-a-dobry-pocit-sa-v-priebehu-storoci-nemeni\/48-4\/'><img loading=\"lazy\" decoding=\"async\" width=\"700\" height=\"962\" src=\"https:\/\/www.slovaklinesmagazin.sk\/cms\/wp-content\/uploads\/2018\/03\/48.jpg\" class=\"attachment-full size-full\" alt=\"\" srcset=\"https:\/\/www.slovaklinesmagazin.sk\/cms\/wp-content\/uploads\/2018\/03\/48.jpg 700w, https:\/\/www.slovaklinesmagazin.sk\/cms\/wp-content\/uploads\/2018\/03\/48-218x300.jpg 218w, https:\/\/www.slovaklinesmagazin.sk\/cms\/wp-content\/uploads\/2018\/03\/48-600x825.jpg 600w, https:\/\/www.slovaklinesmagazin.sk\/cms\/wp-content\/uploads\/2018\/03\/48-304x418.jpg 304w, https:\/\/www.slovaklinesmagazin.sk\/cms\/wp-content\/uploads\/2018\/03\/48-296x407.jpg 296w\" sizes=\"auto, (max-width: 700px) 100vw, 700px\" \/><\/a>\n\t\t\t<\/div><\/figure><figure class='gallery-item'>\n\t\t\t<div class='gallery-icon landscape'>\n\t\t\t\t<a href='https:\/\/www.slovaklinesmagazin.sk\/cms\/2018\/03\/radost-a-dobry-pocit-sa-v-priebehu-storoci-nemeni\/49-4\/'><img loading=\"lazy\" decoding=\"async\" width=\"700\" height=\"551\" src=\"https:\/\/www.slovaklinesmagazin.sk\/cms\/wp-content\/uploads\/2018\/03\/49.jpg\" class=\"attachment-full size-full\" alt=\"\" srcset=\"https:\/\/www.slovaklinesmagazin.sk\/cms\/wp-content\/uploads\/2018\/03\/49.jpg 700w, https:\/\/www.slovaklinesmagazin.sk\/cms\/wp-content\/uploads\/2018\/03\/49-300x236.jpg 300w, https:\/\/www.slovaklinesmagazin.sk\/cms\/wp-content\/uploads\/2018\/03\/49-600x472.jpg 600w, https:\/\/www.slovaklinesmagazin.sk\/cms\/wp-content\/uploads\/2018\/03\/49-304x239.jpg 304w, https:\/\/www.slovaklinesmagazin.sk\/cms\/wp-content\/uploads\/2018\/03\/49-296x233.jpg 296w\" sizes=\"auto, (max-width: 700px) 100vw, 700px\" \/><\/a>\n\t\t\t<\/div><\/figure><figure class='gallery-item'>\n\t\t\t<div class='gallery-icon landscape'>\n\t\t\t\t<a href='https:\/\/www.slovaklinesmagazin.sk\/cms\/2018\/03\/radost-a-dobry-pocit-sa-v-priebehu-storoci-nemeni\/50-4\/'><img loading=\"lazy\" decoding=\"async\" width=\"700\" height=\"545\" src=\"https:\/\/www.slovaklinesmagazin.sk\/cms\/wp-content\/uploads\/2018\/03\/50.jpg\" class=\"attachment-full size-full\" alt=\"\" srcset=\"https:\/\/www.slovaklinesmagazin.sk\/cms\/wp-content\/uploads\/2018\/03\/50.jpg 700w, https:\/\/www.slovaklinesmagazin.sk\/cms\/wp-content\/uploads\/2018\/03\/50-300x234.jpg 300w, https:\/\/www.slovaklinesmagazin.sk\/cms\/wp-content\/uploads\/2018\/03\/50-600x467.jpg 600w, https:\/\/www.slovaklinesmagazin.sk\/cms\/wp-content\/uploads\/2018\/03\/50-304x237.jpg 304w, https:\/\/www.slovaklinesmagazin.sk\/cms\/wp-content\/uploads\/2018\/03\/50-296x230.jpg 296w\" sizes=\"auto, (max-width: 700px) 100vw, 700px\" \/><\/a>\n\t\t\t<\/div><\/figure><figure class='gallery-item'>\n\t\t\t<div class='gallery-icon portrait'>\n\t\t\t\t<a href='https:\/\/www.slovaklinesmagazin.sk\/cms\/2018\/03\/radost-a-dobry-pocit-sa-v-priebehu-storoci-nemeni\/51-4\/'><img loading=\"lazy\" decoding=\"async\" width=\"700\" height=\"873\" src=\"https:\/\/www.slovaklinesmagazin.sk\/cms\/wp-content\/uploads\/2018\/03\/51.jpg\" class=\"attachment-full size-full\" alt=\"\" srcset=\"https:\/\/www.slovaklinesmagazin.sk\/cms\/wp-content\/uploads\/2018\/03\/51.jpg 700w, https:\/\/www.slovaklinesmagazin.sk\/cms\/wp-content\/uploads\/2018\/03\/51-241x300.jpg 241w, https:\/\/www.slovaklinesmagazin.sk\/cms\/wp-content\/uploads\/2018\/03\/51-600x748.jpg 600w, https:\/\/www.slovaklinesmagazin.sk\/cms\/wp-content\/uploads\/2018\/03\/51-304x379.jpg 304w, https:\/\/www.slovaklinesmagazin.sk\/cms\/wp-content\/uploads\/2018\/03\/51-296x369.jpg 296w\" sizes=\"auto, (max-width: 700px) 100vw, 700px\" \/><\/a>\n\t\t\t<\/div><\/figure><figure class='gallery-item'>\n\t\t\t<div class='gallery-icon portrait'>\n\t\t\t\t<a href='https:\/\/www.slovaklinesmagazin.sk\/cms\/2018\/03\/radost-a-dobry-pocit-sa-v-priebehu-storoci-nemeni\/52-3\/'><img loading=\"lazy\" decoding=\"async\" width=\"700\" height=\"847\" src=\"https:\/\/www.slovaklinesmagazin.sk\/cms\/wp-content\/uploads\/2018\/03\/52.jpg\" class=\"attachment-full size-full\" alt=\"\" srcset=\"https:\/\/www.slovaklinesmagazin.sk\/cms\/wp-content\/uploads\/2018\/03\/52.jpg 700w, https:\/\/www.slovaklinesmagazin.sk\/cms\/wp-content\/uploads\/2018\/03\/52-248x300.jpg 248w, https:\/\/www.slovaklinesmagazin.sk\/cms\/wp-content\/uploads\/2018\/03\/52-600x726.jpg 600w, https:\/\/www.slovaklinesmagazin.sk\/cms\/wp-content\/uploads\/2018\/03\/52-304x368.jpg 304w, https:\/\/www.slovaklinesmagazin.sk\/cms\/wp-content\/uploads\/2018\/03\/52-310x375.jpg 310w, https:\/\/www.slovaklinesmagazin.sk\/cms\/wp-content\/uploads\/2018\/03\/52-296x358.jpg 296w\" sizes=\"auto, (max-width: 700px) 100vw, 700px\" \/><\/a>\n\t\t\t<\/div><\/figure><figure class='gallery-item'>\n\t\t\t<div class='gallery-icon landscape'>\n\t\t\t\t<a href='https:\/\/www.slovaklinesmagazin.sk\/cms\/2018\/03\/radost-a-dobry-pocit-sa-v-priebehu-storoci-nemeni\/53-3\/'><img loading=\"lazy\" decoding=\"async\" width=\"700\" height=\"689\" src=\"https:\/\/www.slovaklinesmagazin.sk\/cms\/wp-content\/uploads\/2018\/03\/53.jpg\" class=\"attachment-full size-full\" alt=\"\" srcset=\"https:\/\/www.slovaklinesmagazin.sk\/cms\/wp-content\/uploads\/2018\/03\/53.jpg 700w, https:\/\/www.slovaklinesmagazin.sk\/cms\/wp-content\/uploads\/2018\/03\/53-300x295.jpg 300w, https:\/\/www.slovaklinesmagazin.sk\/cms\/wp-content\/uploads\/2018\/03\/53-600x591.jpg 600w, https:\/\/www.slovaklinesmagazin.sk\/cms\/wp-content\/uploads\/2018\/03\/53-304x299.jpg 304w, https:\/\/www.slovaklinesmagazin.sk\/cms\/wp-content\/uploads\/2018\/03\/53-296x291.jpg 296w\" sizes=\"auto, (max-width: 700px) 100vw, 700px\" \/><\/a>\n\t\t\t<\/div><\/figure><figure class='gallery-item'>\n\t\t\t<div class='gallery-icon landscape'>\n\t\t\t\t<a href='https:\/\/www.slovaklinesmagazin.sk\/cms\/2018\/03\/radost-a-dobry-pocit-sa-v-priebehu-storoci-nemeni\/54-3\/'><img loading=\"lazy\" decoding=\"async\" width=\"700\" height=\"482\" src=\"https:\/\/www.slovaklinesmagazin.sk\/cms\/wp-content\/uploads\/2018\/03\/54.jpg\" class=\"attachment-full size-full\" alt=\"\" aria-describedby=\"gallery-1-81713\" srcset=\"https:\/\/www.slovaklinesmagazin.sk\/cms\/wp-content\/uploads\/2018\/03\/54.jpg 700w, https:\/\/www.slovaklinesmagazin.sk\/cms\/wp-content\/uploads\/2018\/03\/54-300x207.jpg 300w, https:\/\/www.slovaklinesmagazin.sk\/cms\/wp-content\/uploads\/2018\/03\/54-600x413.jpg 600w, https:\/\/www.slovaklinesmagazin.sk\/cms\/wp-content\/uploads\/2018\/03\/54-304x209.jpg 304w, https:\/\/www.slovaklinesmagazin.sk\/cms\/wp-content\/uploads\/2018\/03\/54-296x204.jpg 296w\" sizes=\"auto, (max-width: 700px) 100vw, 700px\" \/><\/a>\n\t\t\t<\/div>\n\t\t\t\t<figcaption class='wp-caption-text gallery-caption' id='gallery-1-81713'>\n\t\t\t\tBud\u00faci 32. prezident Spojen\u00fdch \u0161t\u00e1tov, Franklin D. Roosevelt, so svojou sesternicou. r. 1910\n\t\t\t\t<\/figcaption><\/figure><figure class='gallery-item'>\n\t\t\t<div class='gallery-icon landscape'>\n\t\t\t\t<a href='https:\/\/www.slovaklinesmagazin.sk\/cms\/2018\/03\/radost-a-dobry-pocit-sa-v-priebehu-storoci-nemeni\/55-3\/'><img loading=\"lazy\" decoding=\"async\" width=\"700\" height=\"524\" src=\"https:\/\/www.slovaklinesmagazin.sk\/cms\/wp-content\/uploads\/2018\/03\/55.jpg\" class=\"attachment-full size-full\" alt=\"\" srcset=\"https:\/\/www.slovaklinesmagazin.sk\/cms\/wp-content\/uploads\/2018\/03\/55.jpg 700w, https:\/\/www.slovaklinesmagazin.sk\/cms\/wp-content\/uploads\/2018\/03\/55-300x225.jpg 300w, https:\/\/www.slovaklinesmagazin.sk\/cms\/wp-content\/uploads\/2018\/03\/55-600x449.jpg 600w, https:\/\/www.slovaklinesmagazin.sk\/cms\/wp-content\/uploads\/2018\/03\/55-304x228.jpg 304w, https:\/\/www.slovaklinesmagazin.sk\/cms\/wp-content\/uploads\/2018\/03\/55-296x222.jpg 296w\" sizes=\"auto, (max-width: 700px) 100vw, 700px\" \/><\/a>\n\t\t\t<\/div><\/figure><figure class='gallery-item'>\n\t\t\t<div class='gallery-icon portrait'>\n\t\t\t\t<a href='https:\/\/www.slovaklinesmagazin.sk\/cms\/2018\/03\/radost-a-dobry-pocit-sa-v-priebehu-storoci-nemeni\/56-4\/'><img loading=\"lazy\" decoding=\"async\" width=\"700\" height=\"887\" src=\"https:\/\/www.slovaklinesmagazin.sk\/cms\/wp-content\/uploads\/2018\/03\/56.jpg\" class=\"attachment-full size-full\" alt=\"\" srcset=\"https:\/\/www.slovaklinesmagazin.sk\/cms\/wp-content\/uploads\/2018\/03\/56.jpg 700w, https:\/\/www.slovaklinesmagazin.sk\/cms\/wp-content\/uploads\/2018\/03\/56-237x300.jpg 237w, https:\/\/www.slovaklinesmagazin.sk\/cms\/wp-content\/uploads\/2018\/03\/56-600x760.jpg 600w, https:\/\/www.slovaklinesmagazin.sk\/cms\/wp-content\/uploads\/2018\/03\/56-304x385.jpg 304w, https:\/\/www.slovaklinesmagazin.sk\/cms\/wp-content\/uploads\/2018\/03\/56-296x375.jpg 296w\" sizes=\"auto, (max-width: 700px) 100vw, 700px\" \/><\/a>\n\t\t\t<\/div><\/figure><figure class='gallery-item'>\n\t\t\t<div class='gallery-icon portrait'>\n\t\t\t\t<a href='https:\/\/www.slovaklinesmagazin.sk\/cms\/2018\/03\/radost-a-dobry-pocit-sa-v-priebehu-storoci-nemeni\/57-3\/'><img loading=\"lazy\" decoding=\"async\" width=\"700\" height=\"1000\" src=\"https:\/\/www.slovaklinesmagazin.sk\/cms\/wp-content\/uploads\/2018\/03\/57.jpg\" class=\"attachment-full size-full\" alt=\"\" srcset=\"https:\/\/www.slovaklinesmagazin.sk\/cms\/wp-content\/uploads\/2018\/03\/57.jpg 700w, https:\/\/www.slovaklinesmagazin.sk\/cms\/wp-content\/uploads\/2018\/03\/57-210x300.jpg 210w, https:\/\/www.slovaklinesmagazin.sk\/cms\/wp-content\/uploads\/2018\/03\/57-600x857.jpg 600w, https:\/\/www.slovaklinesmagazin.sk\/cms\/wp-content\/uploads\/2018\/03\/57-304x434.jpg 304w, https:\/\/www.slovaklinesmagazin.sk\/cms\/wp-content\/uploads\/2018\/03\/57-296x423.jpg 296w\" sizes=\"auto, (max-width: 700px) 100vw, 700px\" \/><\/a>\n\t\t\t<\/div><\/figure>\n\t\t<\/div>\n\n","protected":false},"excerpt":{"rendered":"<p>Pri poh\u013eade na v\u00e4\u010d\u0161inu historick\u00fdch fotografi\u00ed sa m\u00f4\u017ee zda\u0165, \u017ee svet je len \u010dierno-biely a v\u0161etko, \u010do sme mali, boli len vojny a choroby. N\u00e1jdu sa v\u0161ak aj fotky, ktor\u00e9 s\u00fa naozaj pote\u0161uj\u00face a\u00a0tak\u00e9 mil\u00e9, \u017ee v\u00e1s chytia za srdce. Obr\u00e1zky chlapca, ktor\u00fd dostal svoje prv\u00e9 \u0161teniatko ako dar od svojho otca. Fotka \u0165a\u017eko chor\u00e9ho [&hellip;]<\/p>\n","protected":false},"author":7,"featured_media":81664,"comment_status":"closed","ping_status":"closed","sticky":false,"template":"","format":"standard","meta":{"footnotes":""},"categories":[9,1],"tags":[],"class_list":["post-81659","post","type-post","status-publish","format-standard","has-post-thumbnail","hentry","category-lifestyle","category-nezaradene","eq-blocks"],"_links":{"self":[{"href":"https:\/\/www.slovaklinesmagazin.sk\/cms\/wp-json\/wp\/v2\/posts\/81659","targetHints":{"allow":["GET"]}}],"collection":[{"href":"https:\/\/www.slovaklinesmagazin.sk\/cms\/wp-json\/wp\/v2\/posts"}],"about":[{"href":"https:\/\/www.slovaklinesmagazin.sk\/cms\/wp-json\/wp\/v2\/types\/post"}],"author":[{"embeddable":true,"href":"https:\/\/www.slovaklinesmagazin.sk\/cms\/wp-json\/wp\/v2\/users\/7"}],"replies":[{"embeddable":true,"href":"https:\/\/www.slovaklinesmagazin.sk\/cms\/wp-json\/wp\/v2\/comments?post=81659"}],"version-history":[{"count":3,"href":"https:\/\/www.slovaklinesmagazin.sk\/cms\/wp-json\/wp\/v2\/posts\/81659\/revisions"}],"predecessor-version":[{"id":81719,"href":"https:\/\/www.slovaklinesmagazin.sk\/cms\/wp-json\/wp\/v2\/posts\/81659\/revisions\/81719"}],"wp:featuredmedia":[{"embeddable":true,"href":"https:\/\/www.slovaklinesmagazin.sk\/cms\/wp-json\/wp\/v2\/media\/81664"}],"wp:attachment":[{"href":"https:\/\/www.slovaklinesmagazin.sk\/cms\/wp-json\/wp\/v2\/media?parent=81659"}],"wp:term":[{"taxonomy":"category","embeddable":true,"href":"https:\/\/www.slovaklinesmagazin.sk\/cms\/wp-json\/wp\/v2\/categories?post=81659"},{"taxonomy":"post_tag","embeddable":true,"href":"https:\/\/www.slovaklinesmagazin.sk\/cms\/wp-json\/wp\/v2\/tags?post=81659"}],"curies":[{"name":"wp","href":"https:\/\/api.w.org\/{rel}","templated":true}]}}