{"id":81729,"date":"2018-03-05T12:38:23","date_gmt":"2018-03-05T10:38:23","guid":{"rendered":"http:\/\/slovaklinesmagazin.sk\/cms\/?p=81729"},"modified":"2018-03-05T12:38:23","modified_gmt":"2018-03-05T10:38:23","slug":"moj-dom-moj-hrad-a-len-cez-moju-mrtvolu","status":"publish","type":"post","link":"https:\/\/www.slovaklinesmagazin.sk\/cms\/2018\/03\/moj-dom-moj-hrad-a-len-cez-moju-mrtvolu\/","title":{"rendered":"M\u00f4j dom, m\u00f4j hrad &#8211; a len cez moju m\u0155tvolu !"},"content":{"rendered":"<p>Pozrite si zop\u00e1r obr\u00e1zkov t\u00fdchto nehnute\u013enost\u00ed, ktor\u00fdch majitelia sa tvrdo\u0161ijne odmietaj\u00fa vzda\u0165 svojho pr\u00edbytku, aj napriek mo\u017en\u00fdm d\u00f4sledkom.<br \/>\nV\u0161etci milujeme \u013eud\u00ed, ktor\u00fd sa aj napriek \u0165a\u017ek\u00e9mu osudu nevzd\u00e1vaj\u00fa a\u00a0urobia si veci po svojom. Pripravili sme \u00a0v\u00e1m v\u00fdber majite\u013eov nehnute\u013enosti, ktor\u00ed sa odmietli vzda\u0165 ve\u013ek\u00fdm korpor\u00e1ci\u00e1m \u010di vl\u00e1de a\u00a0ostali \u017ei\u0165 vo svojom pr\u00edbytku bez oh\u013eadu na d\u00f4sledky.<\/p>\n<p>Tieto domy s\u00fa \u010dasto ozna\u010dovan\u00e9 ako &#8222;nechtov\u00e9 dom\u010deky&#8220; alebo &#8222;vy\u010dk\u00e1va\u010de&#8220; a\u00a0najm\u00e4 v\u00a0\u010c\u00edne sa stali hrdinami, odv\u00e1\u017elivcami, ktor\u00ed sa vzopreli \u0161ikanovaniu vl\u00e1dy a\u00a0nadn\u00e1rodn\u00fdch korpor\u00e1ci\u00ed.<\/p>\n<div id='gallery-1' class='gallery galleryid-81729 gallery-columns-1 gallery-size-full'><figure class='gallery-item'>\n\t\t\t<div class='gallery-icon landscape'>\n\t\t\t\t<a href='https:\/\/www.slovaklinesmagazin.sk\/cms\/2018\/03\/moj-dom-moj-hrad-a-len-cez-moju-mrtvolu\/1-934\/'><img loading=\"lazy\" decoding=\"async\" width=\"700\" height=\"467\" src=\"https:\/\/www.slovaklinesmagazin.sk\/cms\/wp-content\/uploads\/2018\/03\/1-1.jpg\" class=\"attachment-full size-full\" alt=\"\" aria-describedby=\"gallery-1-81731\" srcset=\"https:\/\/www.slovaklinesmagazin.sk\/cms\/wp-content\/uploads\/2018\/03\/1-1.jpg 700w, https:\/\/www.slovaklinesmagazin.sk\/cms\/wp-content\/uploads\/2018\/03\/1-1-300x200.jpg 300w, https:\/\/www.slovaklinesmagazin.sk\/cms\/wp-content\/uploads\/2018\/03\/1-1-600x400.jpg 600w, https:\/\/www.slovaklinesmagazin.sk\/cms\/wp-content\/uploads\/2018\/03\/1-1-304x203.jpg 304w, https:\/\/www.slovaklinesmagazin.sk\/cms\/wp-content\/uploads\/2018\/03\/1-1-296x197.jpg 296w\" sizes=\"auto, (max-width: 700px) 100vw, 700px\" \/><\/a>\n\t\t\t<\/div>\n\t\t\t\t<figcaption class='wp-caption-text gallery-caption' id='gallery-1-81731'>\n\t\t\t\tMajitel tohto domu sa rozhodol, \u017ee bude ru\u0161i\u0165 prem\u00e1vku v \u0160anghaji\n\t\t\t\t<\/figcaption><\/figure><figure class='gallery-item'>\n\t\t\t<div class='gallery-icon landscape'>\n\t\t\t\t<a href='https:\/\/www.slovaklinesmagazin.sk\/cms\/2018\/03\/moj-dom-moj-hrad-a-len-cez-moju-mrtvolu\/2-900\/'><img loading=\"lazy\" decoding=\"async\" width=\"700\" height=\"525\" src=\"https:\/\/www.slovaklinesmagazin.sk\/cms\/wp-content\/uploads\/2018\/03\/2-1.jpg\" class=\"attachment-full size-full\" alt=\"\" aria-describedby=\"gallery-1-81732\" srcset=\"https:\/\/www.slovaklinesmagazin.sk\/cms\/wp-content\/uploads\/2018\/03\/2-1.jpg 700w, https:\/\/www.slovaklinesmagazin.sk\/cms\/wp-content\/uploads\/2018\/03\/2-1-300x225.jpg 300w, https:\/\/www.slovaklinesmagazin.sk\/cms\/wp-content\/uploads\/2018\/03\/2-1-600x450.jpg 600w, https:\/\/www.slovaklinesmagazin.sk\/cms\/wp-content\/uploads\/2018\/03\/2-1-304x228.jpg 304w, https:\/\/www.slovaklinesmagazin.sk\/cms\/wp-content\/uploads\/2018\/03\/2-1-296x222.jpg 296w\" sizes=\"auto, (max-width: 700px) 100vw, 700px\" \/><\/a>\n\t\t\t<\/div>\n\t\t\t\t<figcaption class='wp-caption-text gallery-caption' id='gallery-1-81732'>\n\t\t\t\tRodina Spiegelhalterovcov odmietla preda\u0165 svoj obchod do roz\u0161iruj\u00faceho sa obchodn\u00e9ho domu Wickhams\n\t\t\t\t<\/figcaption><\/figure><figure class='gallery-item'>\n\t\t\t<div class='gallery-icon landscape'>\n\t\t\t\t<a href='https:\/\/www.slovaklinesmagazin.sk\/cms\/2018\/03\/moj-dom-moj-hrad-a-len-cez-moju-mrtvolu\/3-878\/'><img loading=\"lazy\" decoding=\"async\" width=\"700\" height=\"678\" src=\"https:\/\/www.slovaklinesmagazin.sk\/cms\/wp-content\/uploads\/2018\/03\/3-1.jpg\" class=\"attachment-full size-full\" alt=\"\" aria-describedby=\"gallery-1-81733\" srcset=\"https:\/\/www.slovaklinesmagazin.sk\/cms\/wp-content\/uploads\/2018\/03\/3-1.jpg 700w, https:\/\/www.slovaklinesmagazin.sk\/cms\/wp-content\/uploads\/2018\/03\/3-1-300x291.jpg 300w, https:\/\/www.slovaklinesmagazin.sk\/cms\/wp-content\/uploads\/2018\/03\/3-1-600x581.jpg 600w, https:\/\/www.slovaklinesmagazin.sk\/cms\/wp-content\/uploads\/2018\/03\/3-1-304x294.jpg 304w, https:\/\/www.slovaklinesmagazin.sk\/cms\/wp-content\/uploads\/2018\/03\/3-1-296x287.jpg 296w\" sizes=\"auto, (max-width: 700px) 100vw, 700px\" \/><\/a>\n\t\t\t<\/div>\n\t\t\t\t<figcaption class='wp-caption-text gallery-caption' id='gallery-1-81733'>\n\t\t\t\tCel\u00fd komplex Rockefeller Plaza sa pres\u0165ahoval kv\u00f4li t\u00fdmto dvom budov\u00e1m, ktor\u00fdch vlastn\u00edci sa odmietli nehnute\u013enosti vzda\u0165.\n\t\t\t\t<\/figcaption><\/figure><figure class='gallery-item'>\n\t\t\t<div class='gallery-icon landscape'>\n\t\t\t\t<a href='https:\/\/www.slovaklinesmagazin.sk\/cms\/2018\/03\/moj-dom-moj-hrad-a-len-cez-moju-mrtvolu\/4-848\/'><img loading=\"lazy\" decoding=\"async\" width=\"700\" height=\"467\" src=\"https:\/\/www.slovaklinesmagazin.sk\/cms\/wp-content\/uploads\/2018\/03\/4-1.jpg\" class=\"attachment-full size-full\" alt=\"\" aria-describedby=\"gallery-1-81734\" srcset=\"https:\/\/www.slovaklinesmagazin.sk\/cms\/wp-content\/uploads\/2018\/03\/4-1.jpg 700w, https:\/\/www.slovaklinesmagazin.sk\/cms\/wp-content\/uploads\/2018\/03\/4-1-300x200.jpg 300w, https:\/\/www.slovaklinesmagazin.sk\/cms\/wp-content\/uploads\/2018\/03\/4-1-600x400.jpg 600w, https:\/\/www.slovaklinesmagazin.sk\/cms\/wp-content\/uploads\/2018\/03\/4-1-304x203.jpg 304w, https:\/\/www.slovaklinesmagazin.sk\/cms\/wp-content\/uploads\/2018\/03\/4-1-296x197.jpg 296w\" sizes=\"auto, (max-width: 700px) 100vw, 700px\" \/><\/a>\n\t\t\t<\/div>\n\t\t\t\t<figcaption class='wp-caption-text gallery-caption' id='gallery-1-81734'>\n\t\t\t\tDeveloperi a majitelia tohoto pozemku v \u010d\u00ednskom meste Kumming, z ve\u010dera do r\u00e1na vykopali vodn\u00fa priekopu okolo majite\u013ea tejto budovy. Majite\u013ea aj tak neprin\u00fatili sa tejto budovy vzda\u0165.\n\t\t\t\t<\/figcaption><\/figure><figure class='gallery-item'>\n\t\t\t<div class='gallery-icon landscape'>\n\t\t\t\t<a href='https:\/\/www.slovaklinesmagazin.sk\/cms\/2018\/03\/moj-dom-moj-hrad-a-len-cez-moju-mrtvolu\/5-804\/'><img loading=\"lazy\" decoding=\"async\" width=\"700\" height=\"475\" src=\"https:\/\/www.slovaklinesmagazin.sk\/cms\/wp-content\/uploads\/2018\/03\/5-1.jpg\" class=\"attachment-full size-full\" alt=\"\" aria-describedby=\"gallery-1-81735\" srcset=\"https:\/\/www.slovaklinesmagazin.sk\/cms\/wp-content\/uploads\/2018\/03\/5-1.jpg 700w, https:\/\/www.slovaklinesmagazin.sk\/cms\/wp-content\/uploads\/2018\/03\/5-1-300x204.jpg 300w, https:\/\/www.slovaklinesmagazin.sk\/cms\/wp-content\/uploads\/2018\/03\/5-1-600x407.jpg 600w, https:\/\/www.slovaklinesmagazin.sk\/cms\/wp-content\/uploads\/2018\/03\/5-1-304x206.jpg 304w, https:\/\/www.slovaklinesmagazin.sk\/cms\/wp-content\/uploads\/2018\/03\/5-1-296x201.jpg 296w\" sizes=\"auto, (max-width: 700px) 100vw, 700px\" \/><\/a>\n\t\t\t<\/div>\n\t\t\t\t<figcaption class='wp-caption-text gallery-caption' id='gallery-1-81735'>\n\t\t\t\tA\u017e po nekone\u010dn\u00fdch prie\u0165ahoch a n\u00e1vrhoch sa majite\u013e tejto nehnute\u013enosti uspokojil s kompenz\u00e1ciou za demol\u00edciu jeho nehnute\u013enosti. Mesto Nanning v \u010c\u00edne\n\t\t\t\t<\/figcaption><\/figure><figure class='gallery-item'>\n\t\t\t<div class='gallery-icon landscape'>\n\t\t\t\t<a href='https:\/\/www.slovaklinesmagazin.sk\/cms\/2018\/03\/moj-dom-moj-hrad-a-len-cez-moju-mrtvolu\/6-734\/'><img loading=\"lazy\" decoding=\"async\" width=\"700\" height=\"467\" src=\"https:\/\/www.slovaklinesmagazin.sk\/cms\/wp-content\/uploads\/2018\/03\/6-1.jpg\" class=\"attachment-full size-full\" alt=\"\" aria-describedby=\"gallery-1-81736\" srcset=\"https:\/\/www.slovaklinesmagazin.sk\/cms\/wp-content\/uploads\/2018\/03\/6-1.jpg 700w, https:\/\/www.slovaklinesmagazin.sk\/cms\/wp-content\/uploads\/2018\/03\/6-1-300x200.jpg 300w, https:\/\/www.slovaklinesmagazin.sk\/cms\/wp-content\/uploads\/2018\/03\/6-1-600x400.jpg 600w, https:\/\/www.slovaklinesmagazin.sk\/cms\/wp-content\/uploads\/2018\/03\/6-1-304x203.jpg 304w, https:\/\/www.slovaklinesmagazin.sk\/cms\/wp-content\/uploads\/2018\/03\/6-1-296x197.jpg 296w\" sizes=\"auto, (max-width: 700px) 100vw, 700px\" \/><\/a>\n\t\t\t<\/div>\n\t\t\t\t<figcaption class='wp-caption-text gallery-caption' id='gallery-1-81736'>\n\t\t\t\tObyvatelia t\u00fdchto pr\u00edbytkov v meste Guangfu \/ \u0160anghaj\/ sa do dne\u015bn\u00fdch d\u0144i rozhodli neopustit za \u017eiadnu cenu svoje domovy.\n\t\t\t\t<\/figcaption><\/figure><figure class='gallery-item'>\n\t\t\t<div class='gallery-icon landscape'>\n\t\t\t\t<a href='https:\/\/www.slovaklinesmagazin.sk\/cms\/2018\/03\/moj-dom-moj-hrad-a-len-cez-moju-mrtvolu\/7-682\/'><img loading=\"lazy\" decoding=\"async\" width=\"700\" height=\"444\" src=\"https:\/\/www.slovaklinesmagazin.sk\/cms\/wp-content\/uploads\/2018\/03\/7-1.jpg\" class=\"attachment-full size-full\" alt=\"\" aria-describedby=\"gallery-1-81737\" srcset=\"https:\/\/www.slovaklinesmagazin.sk\/cms\/wp-content\/uploads\/2018\/03\/7-1.jpg 700w, https:\/\/www.slovaklinesmagazin.sk\/cms\/wp-content\/uploads\/2018\/03\/7-1-300x190.jpg 300w, https:\/\/www.slovaklinesmagazin.sk\/cms\/wp-content\/uploads\/2018\/03\/7-1-600x381.jpg 600w, https:\/\/www.slovaklinesmagazin.sk\/cms\/wp-content\/uploads\/2018\/03\/7-1-304x193.jpg 304w, https:\/\/www.slovaklinesmagazin.sk\/cms\/wp-content\/uploads\/2018\/03\/7-1-296x188.jpg 296w\" sizes=\"auto, (max-width: 700px) 100vw, 700px\" \/><\/a>\n\t\t\t<\/div>\n\t\t\t\t<figcaption class='wp-caption-text gallery-caption' id='gallery-1-81737'>\n\t\t\t\tV tomto dome sa jeho majite\u013e rozhodol \u017ei\u0165 e\u0161te jeden rok, napriek tomu, \u017ee bol odpojen\u00fd od elektriky , vody a zdemolovanej polovi\u010dke nehnute\u013enosti.\n\t\t\t\t<\/figcaption><\/figure><figure class='gallery-item'>\n\t\t\t<div class='gallery-icon portrait'>\n\t\t\t\t<a href='https:\/\/www.slovaklinesmagazin.sk\/cms\/2018\/03\/moj-dom-moj-hrad-a-len-cez-moju-mrtvolu\/8-615\/'><img loading=\"lazy\" decoding=\"async\" width=\"700\" height=\"1110\" src=\"https:\/\/www.slovaklinesmagazin.sk\/cms\/wp-content\/uploads\/2018\/03\/8-1.jpg\" class=\"attachment-full size-full\" alt=\"\" aria-describedby=\"gallery-1-81738\" srcset=\"https:\/\/www.slovaklinesmagazin.sk\/cms\/wp-content\/uploads\/2018\/03\/8-1.jpg 700w, https:\/\/www.slovaklinesmagazin.sk\/cms\/wp-content\/uploads\/2018\/03\/8-1-189x300.jpg 189w, https:\/\/www.slovaklinesmagazin.sk\/cms\/wp-content\/uploads\/2018\/03\/8-1-646x1024.jpg 646w, https:\/\/www.slovaklinesmagazin.sk\/cms\/wp-content\/uploads\/2018\/03\/8-1-600x951.jpg 600w, https:\/\/www.slovaklinesmagazin.sk\/cms\/wp-content\/uploads\/2018\/03\/8-1-304x482.jpg 304w, https:\/\/www.slovaklinesmagazin.sk\/cms\/wp-content\/uploads\/2018\/03\/8-1-296x469.jpg 296w\" sizes=\"auto, (max-width: 700px) 100vw, 700px\" \/><\/a>\n\t\t\t<\/div>\n\t\t\t\t<figcaption class='wp-caption-text gallery-caption' id='gallery-1-81738'>\n\t\t\t\tZ\u00e1hradka uprostred leti\u0161tnej plochy ? Pre\u010do nie !Ak ste dostato\u010dne otrl\u00fd pred hlukom lietadiel.  Farma v strede letiska v meste Narita.\n\t\t\t\t<\/figcaption><\/figure><figure class='gallery-item'>\n\t\t\t<div class='gallery-icon portrait'>\n\t\t\t\t<a href='https:\/\/www.slovaklinesmagazin.sk\/cms\/2018\/03\/moj-dom-moj-hrad-a-len-cez-moju-mrtvolu\/9-553\/'><img loading=\"lazy\" decoding=\"async\" width=\"700\" height=\"978\" src=\"https:\/\/www.slovaklinesmagazin.sk\/cms\/wp-content\/uploads\/2018\/03\/9-1.jpg\" class=\"attachment-full size-full\" alt=\"\" srcset=\"https:\/\/www.slovaklinesmagazin.sk\/cms\/wp-content\/uploads\/2018\/03\/9-1.jpg 700w, https:\/\/www.slovaklinesmagazin.sk\/cms\/wp-content\/uploads\/2018\/03\/9-1-215x300.jpg 215w, https:\/\/www.slovaklinesmagazin.sk\/cms\/wp-content\/uploads\/2018\/03\/9-1-600x838.jpg 600w, https:\/\/www.slovaklinesmagazin.sk\/cms\/wp-content\/uploads\/2018\/03\/9-1-304x425.jpg 304w, https:\/\/www.slovaklinesmagazin.sk\/cms\/wp-content\/uploads\/2018\/03\/9-1-296x414.jpg 296w\" sizes=\"auto, (max-width: 700px) 100vw, 700px\" \/><\/a>\n\t\t\t<\/div><\/figure><figure class='gallery-item'>\n\t\t\t<div class='gallery-icon portrait'>\n\t\t\t\t<a href='https:\/\/www.slovaklinesmagazin.sk\/cms\/2018\/03\/moj-dom-moj-hrad-a-len-cez-moju-mrtvolu\/10-488\/'><img loading=\"lazy\" decoding=\"async\" width=\"700\" height=\"1183\" src=\"https:\/\/www.slovaklinesmagazin.sk\/cms\/wp-content\/uploads\/2018\/03\/10-1.jpg\" class=\"attachment-full size-full\" alt=\"\" srcset=\"https:\/\/www.slovaklinesmagazin.sk\/cms\/wp-content\/uploads\/2018\/03\/10-1.jpg 700w, https:\/\/www.slovaklinesmagazin.sk\/cms\/wp-content\/uploads\/2018\/03\/10-1-178x300.jpg 178w, https:\/\/www.slovaklinesmagazin.sk\/cms\/wp-content\/uploads\/2018\/03\/10-1-606x1024.jpg 606w, https:\/\/www.slovaklinesmagazin.sk\/cms\/wp-content\/uploads\/2018\/03\/10-1-600x1014.jpg 600w, https:\/\/www.slovaklinesmagazin.sk\/cms\/wp-content\/uploads\/2018\/03\/10-1-304x514.jpg 304w, https:\/\/www.slovaklinesmagazin.sk\/cms\/wp-content\/uploads\/2018\/03\/10-1-296x500.jpg 296w\" sizes=\"auto, (max-width: 700px) 100vw, 700px\" \/><\/a>\n\t\t\t<\/div><\/figure><figure class='gallery-item'>\n\t\t\t<div class='gallery-icon landscape'>\n\t\t\t\t<a href='https:\/\/www.slovaklinesmagazin.sk\/cms\/2018\/03\/moj-dom-moj-hrad-a-len-cez-moju-mrtvolu\/11-414\/'><img loading=\"lazy\" decoding=\"async\" width=\"700\" height=\"487\" src=\"https:\/\/www.slovaklinesmagazin.sk\/cms\/wp-content\/uploads\/2018\/03\/11-1.jpg\" class=\"attachment-full size-full\" alt=\"\" aria-describedby=\"gallery-1-81741\" srcset=\"https:\/\/www.slovaklinesmagazin.sk\/cms\/wp-content\/uploads\/2018\/03\/11-1.jpg 700w, https:\/\/www.slovaklinesmagazin.sk\/cms\/wp-content\/uploads\/2018\/03\/11-1-300x209.jpg 300w, https:\/\/www.slovaklinesmagazin.sk\/cms\/wp-content\/uploads\/2018\/03\/11-1-600x417.jpg 600w, https:\/\/www.slovaklinesmagazin.sk\/cms\/wp-content\/uploads\/2018\/03\/11-1-304x211.jpg 304w, https:\/\/www.slovaklinesmagazin.sk\/cms\/wp-content\/uploads\/2018\/03\/11-1-296x206.jpg 296w\" sizes=\"auto, (max-width: 700px) 100vw, 700px\" \/><\/a>\n\t\t\t<\/div>\n\t\t\t\t<figcaption class='wp-caption-text gallery-caption' id='gallery-1-81741'>\n\t\t\t\tModern\u00e9 n\u00e1kupn\u00e9 centrum s odhodlan\u00fdm a neustup\u010div\u00fdm majite\u013eom kamennej predajne.\n\t\t\t\t<\/figcaption><\/figure><figure class='gallery-item'>\n\t\t\t<div class='gallery-icon landscape'>\n\t\t\t\t<a href='https:\/\/www.slovaklinesmagazin.sk\/cms\/2018\/03\/moj-dom-moj-hrad-a-len-cez-moju-mrtvolu\/12-374\/'><img loading=\"lazy\" decoding=\"async\" width=\"700\" height=\"451\" src=\"https:\/\/www.slovaklinesmagazin.sk\/cms\/wp-content\/uploads\/2018\/03\/12-1.jpg\" class=\"attachment-full size-full\" alt=\"\" srcset=\"https:\/\/www.slovaklinesmagazin.sk\/cms\/wp-content\/uploads\/2018\/03\/12-1.jpg 700w, https:\/\/www.slovaklinesmagazin.sk\/cms\/wp-content\/uploads\/2018\/03\/12-1-300x193.jpg 300w, https:\/\/www.slovaklinesmagazin.sk\/cms\/wp-content\/uploads\/2018\/03\/12-1-600x387.jpg 600w, https:\/\/www.slovaklinesmagazin.sk\/cms\/wp-content\/uploads\/2018\/03\/12-1-304x196.jpg 304w, https:\/\/www.slovaklinesmagazin.sk\/cms\/wp-content\/uploads\/2018\/03\/12-1-296x191.jpg 296w\" sizes=\"auto, (max-width: 700px) 100vw, 700px\" \/><\/a>\n\t\t\t<\/div><\/figure><figure class='gallery-item'>\n\t\t\t<div class='gallery-icon landscape'>\n\t\t\t\t<a href='https:\/\/www.slovaklinesmagazin.sk\/cms\/2018\/03\/moj-dom-moj-hrad-a-len-cez-moju-mrtvolu\/13-322\/'><img loading=\"lazy\" decoding=\"async\" width=\"700\" height=\"484\" src=\"https:\/\/www.slovaklinesmagazin.sk\/cms\/wp-content\/uploads\/2018\/03\/13-1.jpg\" class=\"attachment-full size-full\" alt=\"\" aria-describedby=\"gallery-1-81743\" srcset=\"https:\/\/www.slovaklinesmagazin.sk\/cms\/wp-content\/uploads\/2018\/03\/13-1.jpg 700w, https:\/\/www.slovaklinesmagazin.sk\/cms\/wp-content\/uploads\/2018\/03\/13-1-300x207.jpg 300w, https:\/\/www.slovaklinesmagazin.sk\/cms\/wp-content\/uploads\/2018\/03\/13-1-600x415.jpg 600w, https:\/\/www.slovaklinesmagazin.sk\/cms\/wp-content\/uploads\/2018\/03\/13-1-304x210.jpg 304w, https:\/\/www.slovaklinesmagazin.sk\/cms\/wp-content\/uploads\/2018\/03\/13-1-296x205.jpg 296w\" sizes=\"auto, (max-width: 700px) 100vw, 700px\" \/><\/a>\n\t\t\t<\/div>\n\t\t\t\t<figcaption class='wp-caption-text gallery-caption' id='gallery-1-81743'>\n\t\t\t\tMajitelia okolit\u00fdch pozemkov &#8222;porie\u0161ili&#8220; majtela nehnute\u013enosti vskutku origin\u00e1lne: jednoducho ho obkopali. \n\t\t\t\t<\/figcaption><\/figure><figure class='gallery-item'>\n\t\t\t<div class='gallery-icon portrait'>\n\t\t\t\t<a href='https:\/\/www.slovaklinesmagazin.sk\/cms\/2018\/03\/moj-dom-moj-hrad-a-len-cez-moju-mrtvolu\/14-279\/'><img loading=\"lazy\" decoding=\"async\" width=\"700\" height=\"924\" src=\"https:\/\/www.slovaklinesmagazin.sk\/cms\/wp-content\/uploads\/2018\/03\/14-1.jpg\" class=\"attachment-full size-full\" alt=\"\" srcset=\"https:\/\/www.slovaklinesmagazin.sk\/cms\/wp-content\/uploads\/2018\/03\/14-1.jpg 700w, https:\/\/www.slovaklinesmagazin.sk\/cms\/wp-content\/uploads\/2018\/03\/14-1-227x300.jpg 227w, https:\/\/www.slovaklinesmagazin.sk\/cms\/wp-content\/uploads\/2018\/03\/14-1-600x792.jpg 600w, https:\/\/www.slovaklinesmagazin.sk\/cms\/wp-content\/uploads\/2018\/03\/14-1-304x401.jpg 304w, https:\/\/www.slovaklinesmagazin.sk\/cms\/wp-content\/uploads\/2018\/03\/14-1-296x391.jpg 296w\" sizes=\"auto, (max-width: 700px) 100vw, 700px\" \/><\/a>\n\t\t\t<\/div><\/figure><figure class='gallery-item'>\n\t\t\t<div class='gallery-icon portrait'>\n\t\t\t\t<a href='https:\/\/www.slovaklinesmagazin.sk\/cms\/2018\/03\/moj-dom-moj-hrad-a-len-cez-moju-mrtvolu\/15-238\/'><img loading=\"lazy\" decoding=\"async\" width=\"700\" height=\"1048\" src=\"https:\/\/www.slovaklinesmagazin.sk\/cms\/wp-content\/uploads\/2018\/03\/15-1.jpg\" class=\"attachment-full size-full\" alt=\"\" srcset=\"https:\/\/www.slovaklinesmagazin.sk\/cms\/wp-content\/uploads\/2018\/03\/15-1.jpg 700w, https:\/\/www.slovaklinesmagazin.sk\/cms\/wp-content\/uploads\/2018\/03\/15-1-200x300.jpg 200w, https:\/\/www.slovaklinesmagazin.sk\/cms\/wp-content\/uploads\/2018\/03\/15-1-684x1024.jpg 684w, https:\/\/www.slovaklinesmagazin.sk\/cms\/wp-content\/uploads\/2018\/03\/15-1-600x898.jpg 600w, https:\/\/www.slovaklinesmagazin.sk\/cms\/wp-content\/uploads\/2018\/03\/15-1-304x455.jpg 304w, https:\/\/www.slovaklinesmagazin.sk\/cms\/wp-content\/uploads\/2018\/03\/15-1-296x443.jpg 296w\" sizes=\"auto, (max-width: 700px) 100vw, 700px\" \/><\/a>\n\t\t\t<\/div><\/figure><figure class='gallery-item'>\n\t\t\t<div class='gallery-icon landscape'>\n\t\t\t\t<a href='https:\/\/www.slovaklinesmagazin.sk\/cms\/2018\/03\/moj-dom-moj-hrad-a-len-cez-moju-mrtvolu\/16-203\/'><img loading=\"lazy\" decoding=\"async\" width=\"700\" height=\"469\" src=\"https:\/\/www.slovaklinesmagazin.sk\/cms\/wp-content\/uploads\/2018\/03\/16-1.jpg\" class=\"attachment-full size-full\" alt=\"\" aria-describedby=\"gallery-1-81746\" srcset=\"https:\/\/www.slovaklinesmagazin.sk\/cms\/wp-content\/uploads\/2018\/03\/16-1.jpg 700w, https:\/\/www.slovaklinesmagazin.sk\/cms\/wp-content\/uploads\/2018\/03\/16-1-300x201.jpg 300w, https:\/\/www.slovaklinesmagazin.sk\/cms\/wp-content\/uploads\/2018\/03\/16-1-600x402.jpg 600w, https:\/\/www.slovaklinesmagazin.sk\/cms\/wp-content\/uploads\/2018\/03\/16-1-304x204.jpg 304w, https:\/\/www.slovaklinesmagazin.sk\/cms\/wp-content\/uploads\/2018\/03\/16-1-296x198.jpg 296w\" sizes=\"auto, (max-width: 700px) 100vw, 700px\" \/><\/a>\n\t\t\t<\/div>\n\t\t\t\t<figcaption class='wp-caption-text gallery-caption' id='gallery-1-81746'>\n\t\t\t\tEdith Macefieldov\u00e1 odmietla preda\u0165 svoj domov dokonca po tom, \u010do jej bol pon\u00faknut\u00fd viac ako 1 mili\u00f3n dol\u00e1rov za predaj tejto nehnute\u013enosti. Nesk\u00f4r sa stala in\u0161pir\u00e1ciou pre film &#8222;Up&#8220;\n\t\t\t\t<\/figcaption><\/figure><figure class='gallery-item'>\n\t\t\t<div class='gallery-icon landscape'>\n\t\t\t\t<a href='https:\/\/www.slovaklinesmagazin.sk\/cms\/2018\/03\/moj-dom-moj-hrad-a-len-cez-moju-mrtvolu\/17-180\/'><img loading=\"lazy\" decoding=\"async\" width=\"700\" height=\"508\" src=\"https:\/\/www.slovaklinesmagazin.sk\/cms\/wp-content\/uploads\/2018\/03\/17-1.jpg\" class=\"attachment-full size-full\" alt=\"\" srcset=\"https:\/\/www.slovaklinesmagazin.sk\/cms\/wp-content\/uploads\/2018\/03\/17-1.jpg 700w, https:\/\/www.slovaklinesmagazin.sk\/cms\/wp-content\/uploads\/2018\/03\/17-1-300x218.jpg 300w, https:\/\/www.slovaklinesmagazin.sk\/cms\/wp-content\/uploads\/2018\/03\/17-1-600x435.jpg 600w, https:\/\/www.slovaklinesmagazin.sk\/cms\/wp-content\/uploads\/2018\/03\/17-1-304x221.jpg 304w, https:\/\/www.slovaklinesmagazin.sk\/cms\/wp-content\/uploads\/2018\/03\/17-1-145x105.jpg 145w, https:\/\/www.slovaklinesmagazin.sk\/cms\/wp-content\/uploads\/2018\/03\/17-1-296x215.jpg 296w\" sizes=\"auto, (max-width: 700px) 100vw, 700px\" \/><\/a>\n\t\t\t<\/div><\/figure><figure class='gallery-item'>\n\t\t\t<div class='gallery-icon portrait'>\n\t\t\t\t<a href='https:\/\/www.slovaklinesmagazin.sk\/cms\/2018\/03\/moj-dom-moj-hrad-a-len-cez-moju-mrtvolu\/18-158\/'><img loading=\"lazy\" decoding=\"async\" width=\"700\" height=\"880\" src=\"https:\/\/www.slovaklinesmagazin.sk\/cms\/wp-content\/uploads\/2018\/03\/18-1.jpg\" class=\"attachment-full size-full\" alt=\"\" aria-describedby=\"gallery-1-81748\" srcset=\"https:\/\/www.slovaklinesmagazin.sk\/cms\/wp-content\/uploads\/2018\/03\/18-1.jpg 700w, https:\/\/www.slovaklinesmagazin.sk\/cms\/wp-content\/uploads\/2018\/03\/18-1-239x300.jpg 239w, https:\/\/www.slovaklinesmagazin.sk\/cms\/wp-content\/uploads\/2018\/03\/18-1-600x754.jpg 600w, https:\/\/www.slovaklinesmagazin.sk\/cms\/wp-content\/uploads\/2018\/03\/18-1-304x382.jpg 304w, https:\/\/www.slovaklinesmagazin.sk\/cms\/wp-content\/uploads\/2018\/03\/18-1-296x372.jpg 296w\" sizes=\"auto, (max-width: 700px) 100vw, 700px\" \/><\/a>\n\t\t\t<\/div>\n\t\t\t\t<figcaption class='wp-caption-text gallery-caption' id='gallery-1-81748'>\n\t\t\t\tMajite\u013eka tejto nehnute\u013enosti odmietla preda\u0165 svoju nehnute\u013enos\u0165 Bobovi Guccione a jeho sieti kas\u00edn&#8230;a dokonca n\u00e1sledne vydr\u017eala aj tlak od Donalda Trumpa.\n\t\t\t\t<\/figcaption><\/figure><figure class='gallery-item'>\n\t\t\t<div class='gallery-icon portrait'>\n\t\t\t\t<a href='https:\/\/www.slovaklinesmagazin.sk\/cms\/2018\/03\/moj-dom-moj-hrad-a-len-cez-moju-mrtvolu\/19-140\/'><img loading=\"lazy\" decoding=\"async\" width=\"700\" height=\"1126\" src=\"https:\/\/www.slovaklinesmagazin.sk\/cms\/wp-content\/uploads\/2018\/03\/19-1.jpg\" class=\"attachment-full size-full\" alt=\"\" srcset=\"https:\/\/www.slovaklinesmagazin.sk\/cms\/wp-content\/uploads\/2018\/03\/19-1.jpg 700w, https:\/\/www.slovaklinesmagazin.sk\/cms\/wp-content\/uploads\/2018\/03\/19-1-187x300.jpg 187w, https:\/\/www.slovaklinesmagazin.sk\/cms\/wp-content\/uploads\/2018\/03\/19-1-637x1024.jpg 637w, https:\/\/www.slovaklinesmagazin.sk\/cms\/wp-content\/uploads\/2018\/03\/19-1-600x965.jpg 600w, https:\/\/www.slovaklinesmagazin.sk\/cms\/wp-content\/uploads\/2018\/03\/19-1-304x489.jpg 304w, https:\/\/www.slovaklinesmagazin.sk\/cms\/wp-content\/uploads\/2018\/03\/19-1-296x476.jpg 296w\" sizes=\"auto, (max-width: 700px) 100vw, 700px\" \/><\/a>\n\t\t\t<\/div><\/figure><figure class='gallery-item'>\n\t\t\t<div class='gallery-icon portrait'>\n\t\t\t\t<a href='https:\/\/www.slovaklinesmagazin.sk\/cms\/2018\/03\/moj-dom-moj-hrad-a-len-cez-moju-mrtvolu\/20-115\/'><img loading=\"lazy\" decoding=\"async\" width=\"700\" height=\"1046\" src=\"https:\/\/www.slovaklinesmagazin.sk\/cms\/wp-content\/uploads\/2018\/03\/20-1.jpg\" class=\"attachment-full size-full\" alt=\"\" srcset=\"https:\/\/www.slovaklinesmagazin.sk\/cms\/wp-content\/uploads\/2018\/03\/20-1.jpg 700w, https:\/\/www.slovaklinesmagazin.sk\/cms\/wp-content\/uploads\/2018\/03\/20-1-201x300.jpg 201w, https:\/\/www.slovaklinesmagazin.sk\/cms\/wp-content\/uploads\/2018\/03\/20-1-685x1024.jpg 685w, https:\/\/www.slovaklinesmagazin.sk\/cms\/wp-content\/uploads\/2018\/03\/20-1-600x897.jpg 600w, https:\/\/www.slovaklinesmagazin.sk\/cms\/wp-content\/uploads\/2018\/03\/20-1-304x454.jpg 304w, https:\/\/www.slovaklinesmagazin.sk\/cms\/wp-content\/uploads\/2018\/03\/20-1-296x442.jpg 296w\" sizes=\"auto, (max-width: 700px) 100vw, 700px\" \/><\/a>\n\t\t\t<\/div><\/figure><figure class='gallery-item'>\n\t\t\t<div class='gallery-icon portrait'>\n\t\t\t\t<a href='https:\/\/www.slovaklinesmagazin.sk\/cms\/2018\/03\/moj-dom-moj-hrad-a-len-cez-moju-mrtvolu\/21-93\/'><img loading=\"lazy\" decoding=\"async\" width=\"700\" height=\"933\" src=\"https:\/\/www.slovaklinesmagazin.sk\/cms\/wp-content\/uploads\/2018\/03\/21-1.jpg\" class=\"attachment-full size-full\" alt=\"\" srcset=\"https:\/\/www.slovaklinesmagazin.sk\/cms\/wp-content\/uploads\/2018\/03\/21-1.jpg 700w, https:\/\/www.slovaklinesmagazin.sk\/cms\/wp-content\/uploads\/2018\/03\/21-1-225x300.jpg 225w, https:\/\/www.slovaklinesmagazin.sk\/cms\/wp-content\/uploads\/2018\/03\/21-1-600x800.jpg 600w, https:\/\/www.slovaklinesmagazin.sk\/cms\/wp-content\/uploads\/2018\/03\/21-1-304x405.jpg 304w, https:\/\/www.slovaklinesmagazin.sk\/cms\/wp-content\/uploads\/2018\/03\/21-1-296x395.jpg 296w\" sizes=\"auto, (max-width: 700px) 100vw, 700px\" \/><\/a>\n\t\t\t<\/div><\/figure><figure class='gallery-item'>\n\t\t\t<div class='gallery-icon portrait'>\n\t\t\t\t<a href='https:\/\/www.slovaklinesmagazin.sk\/cms\/2018\/03\/moj-dom-moj-hrad-a-len-cez-moju-mrtvolu\/22-80\/'><img loading=\"lazy\" decoding=\"async\" width=\"700\" height=\"984\" src=\"https:\/\/www.slovaklinesmagazin.sk\/cms\/wp-content\/uploads\/2018\/03\/22-1.jpg\" class=\"attachment-full size-full\" alt=\"\" aria-describedby=\"gallery-1-81752\" srcset=\"https:\/\/www.slovaklinesmagazin.sk\/cms\/wp-content\/uploads\/2018\/03\/22-1.jpg 700w, https:\/\/www.slovaklinesmagazin.sk\/cms\/wp-content\/uploads\/2018\/03\/22-1-213x300.jpg 213w, https:\/\/www.slovaklinesmagazin.sk\/cms\/wp-content\/uploads\/2018\/03\/22-1-600x843.jpg 600w, https:\/\/www.slovaklinesmagazin.sk\/cms\/wp-content\/uploads\/2018\/03\/22-1-304x427.jpg 304w, https:\/\/www.slovaklinesmagazin.sk\/cms\/wp-content\/uploads\/2018\/03\/22-1-296x416.jpg 296w\" sizes=\"auto, (max-width: 700px) 100vw, 700px\" \/><\/a>\n\t\t\t<\/div>\n\t\t\t\t<figcaption class='wp-caption-text gallery-caption' id='gallery-1-81752'>\n\t\t\t\tT\u00e1to nehnute\u013enost a majitelia sa stali symbolom boja proti \u0161t\u00e1tnej moci. Nakoniec tlak \u00faradov nevydr\u017eali a dom opustili. \n\t\t\t\t<\/figcaption><\/figure><figure class='gallery-item'>\n\t\t\t<div class='gallery-icon portrait'>\n\t\t\t\t<a href='https:\/\/www.slovaklinesmagazin.sk\/cms\/2018\/03\/moj-dom-moj-hrad-a-len-cez-moju-mrtvolu\/23-69\/'><img loading=\"lazy\" decoding=\"async\" width=\"700\" height=\"935\" src=\"https:\/\/www.slovaklinesmagazin.sk\/cms\/wp-content\/uploads\/2018\/03\/23-1.jpg\" class=\"attachment-full size-full\" alt=\"\" srcset=\"https:\/\/www.slovaklinesmagazin.sk\/cms\/wp-content\/uploads\/2018\/03\/23-1.jpg 700w, https:\/\/www.slovaklinesmagazin.sk\/cms\/wp-content\/uploads\/2018\/03\/23-1-225x300.jpg 225w, https:\/\/www.slovaklinesmagazin.sk\/cms\/wp-content\/uploads\/2018\/03\/23-1-600x801.jpg 600w, https:\/\/www.slovaklinesmagazin.sk\/cms\/wp-content\/uploads\/2018\/03\/23-1-304x406.jpg 304w, https:\/\/www.slovaklinesmagazin.sk\/cms\/wp-content\/uploads\/2018\/03\/23-1-296x395.jpg 296w\" sizes=\"auto, (max-width: 700px) 100vw, 700px\" \/><\/a>\n\t\t\t<\/div><\/figure><figure class='gallery-item'>\n\t\t\t<div class='gallery-icon landscape'>\n\t\t\t\t<a href='https:\/\/www.slovaklinesmagazin.sk\/cms\/2018\/03\/moj-dom-moj-hrad-a-len-cez-moju-mrtvolu\/24-67\/'><img loading=\"lazy\" decoding=\"async\" width=\"700\" height=\"460\" src=\"https:\/\/www.slovaklinesmagazin.sk\/cms\/wp-content\/uploads\/2018\/03\/24-2.jpg\" class=\"attachment-full size-full\" alt=\"\" srcset=\"https:\/\/www.slovaklinesmagazin.sk\/cms\/wp-content\/uploads\/2018\/03\/24-2.jpg 700w, https:\/\/www.slovaklinesmagazin.sk\/cms\/wp-content\/uploads\/2018\/03\/24-2-300x197.jpg 300w, https:\/\/www.slovaklinesmagazin.sk\/cms\/wp-content\/uploads\/2018\/03\/24-2-600x394.jpg 600w, https:\/\/www.slovaklinesmagazin.sk\/cms\/wp-content\/uploads\/2018\/03\/24-2-304x200.jpg 304w, https:\/\/www.slovaklinesmagazin.sk\/cms\/wp-content\/uploads\/2018\/03\/24-2-296x195.jpg 296w\" sizes=\"auto, (max-width: 700px) 100vw, 700px\" \/><\/a>\n\t\t\t<\/div><\/figure><figure class='gallery-item'>\n\t\t\t<div class='gallery-icon portrait'>\n\t\t\t\t<a href='https:\/\/www.slovaklinesmagazin.sk\/cms\/2018\/03\/moj-dom-moj-hrad-a-len-cez-moju-mrtvolu\/25-57\/'><img loading=\"lazy\" decoding=\"async\" width=\"700\" height=\"964\" src=\"https:\/\/www.slovaklinesmagazin.sk\/cms\/wp-content\/uploads\/2018\/03\/25-1.jpg\" class=\"attachment-full size-full\" alt=\"\" srcset=\"https:\/\/www.slovaklinesmagazin.sk\/cms\/wp-content\/uploads\/2018\/03\/25-1.jpg 700w, https:\/\/www.slovaklinesmagazin.sk\/cms\/wp-content\/uploads\/2018\/03\/25-1-218x300.jpg 218w, https:\/\/www.slovaklinesmagazin.sk\/cms\/wp-content\/uploads\/2018\/03\/25-1-600x826.jpg 600w, https:\/\/www.slovaklinesmagazin.sk\/cms\/wp-content\/uploads\/2018\/03\/25-1-304x419.jpg 304w, https:\/\/www.slovaklinesmagazin.sk\/cms\/wp-content\/uploads\/2018\/03\/25-1-296x408.jpg 296w\" sizes=\"auto, (max-width: 700px) 100vw, 700px\" \/><\/a>\n\t\t\t<\/div><\/figure><figure class='gallery-item'>\n\t\t\t<div class='gallery-icon landscape'>\n\t\t\t\t<a href='https:\/\/www.slovaklinesmagazin.sk\/cms\/2018\/03\/moj-dom-moj-hrad-a-len-cez-moju-mrtvolu\/26-51\/'><img loading=\"lazy\" decoding=\"async\" width=\"700\" height=\"448\" src=\"https:\/\/www.slovaklinesmagazin.sk\/cms\/wp-content\/uploads\/2018\/03\/26-1.jpg\" class=\"attachment-full size-full\" alt=\"\" aria-describedby=\"gallery-1-81756\" srcset=\"https:\/\/www.slovaklinesmagazin.sk\/cms\/wp-content\/uploads\/2018\/03\/26-1.jpg 700w, https:\/\/www.slovaklinesmagazin.sk\/cms\/wp-content\/uploads\/2018\/03\/26-1-300x192.jpg 300w, https:\/\/www.slovaklinesmagazin.sk\/cms\/wp-content\/uploads\/2018\/03\/26-1-600x384.jpg 600w, https:\/\/www.slovaklinesmagazin.sk\/cms\/wp-content\/uploads\/2018\/03\/26-1-304x195.jpg 304w, https:\/\/www.slovaklinesmagazin.sk\/cms\/wp-content\/uploads\/2018\/03\/26-1-296x189.jpg 296w\" sizes=\"auto, (max-width: 700px) 100vw, 700px\" \/><\/a>\n\t\t\t<\/div>\n\t\t\t\t<figcaption class='wp-caption-text gallery-caption' id='gallery-1-81756'>\n\t\t\t\tMajitel kaviarne na severae Franc\u00fazska odmietol opustit svoju pracu a obydlie v ktorom b\u00fdval 46 rokov.\n\t\t\t\t<\/figcaption><\/figure><figure class='gallery-item'>\n\t\t\t<div class='gallery-icon landscape'>\n\t\t\t\t<a href='https:\/\/www.slovaklinesmagazin.sk\/cms\/2018\/03\/moj-dom-moj-hrad-a-len-cez-moju-mrtvolu\/27-50\/'><img loading=\"lazy\" decoding=\"async\" width=\"700\" height=\"525\" src=\"https:\/\/www.slovaklinesmagazin.sk\/cms\/wp-content\/uploads\/2018\/03\/27-1.jpg\" class=\"attachment-full size-full\" alt=\"\" srcset=\"https:\/\/www.slovaklinesmagazin.sk\/cms\/wp-content\/uploads\/2018\/03\/27-1.jpg 700w, https:\/\/www.slovaklinesmagazin.sk\/cms\/wp-content\/uploads\/2018\/03\/27-1-300x225.jpg 300w, https:\/\/www.slovaklinesmagazin.sk\/cms\/wp-content\/uploads\/2018\/03\/27-1-600x450.jpg 600w, https:\/\/www.slovaklinesmagazin.sk\/cms\/wp-content\/uploads\/2018\/03\/27-1-304x228.jpg 304w, https:\/\/www.slovaklinesmagazin.sk\/cms\/wp-content\/uploads\/2018\/03\/27-1-296x222.jpg 296w\" sizes=\"auto, (max-width: 700px) 100vw, 700px\" \/><\/a>\n\t\t\t<\/div><\/figure><figure class='gallery-item'>\n\t\t\t<div class='gallery-icon landscape'>\n\t\t\t\t<a href='https:\/\/www.slovaklinesmagazin.sk\/cms\/2018\/03\/moj-dom-moj-hrad-a-len-cez-moju-mrtvolu\/28-41\/'><img loading=\"lazy\" decoding=\"async\" width=\"700\" height=\"463\" src=\"https:\/\/www.slovaklinesmagazin.sk\/cms\/wp-content\/uploads\/2018\/03\/28-1.jpg\" class=\"attachment-full size-full\" alt=\"\" aria-describedby=\"gallery-1-81758\" srcset=\"https:\/\/www.slovaklinesmagazin.sk\/cms\/wp-content\/uploads\/2018\/03\/28-1.jpg 700w, https:\/\/www.slovaklinesmagazin.sk\/cms\/wp-content\/uploads\/2018\/03\/28-1-300x198.jpg 300w, https:\/\/www.slovaklinesmagazin.sk\/cms\/wp-content\/uploads\/2018\/03\/28-1-600x397.jpg 600w, https:\/\/www.slovaklinesmagazin.sk\/cms\/wp-content\/uploads\/2018\/03\/28-1-304x201.jpg 304w, https:\/\/www.slovaklinesmagazin.sk\/cms\/wp-content\/uploads\/2018\/03\/28-1-296x196.jpg 296w\" sizes=\"auto, (max-width: 700px) 100vw, 700px\" \/><\/a>\n\t\t\t<\/div>\n\t\t\t\t<figcaption class='wp-caption-text gallery-caption' id='gallery-1-81758'>\n\t\t\t\tAni majitelia luxusn\u00fdch rezidenci\u00ed m\u00f4o\u017eu \u0165aha\u0165 za krat\u0161\u00ed koniec v pr\u00edpade odhodlan\u00fdch majite\u013eov. \n\t\t\t\t<\/figcaption><\/figure><figure class='gallery-item'>\n\t\t\t<div class='gallery-icon landscape'>\n\t\t\t\t<a href='https:\/\/www.slovaklinesmagazin.sk\/cms\/2018\/03\/moj-dom-moj-hrad-a-len-cez-moju-mrtvolu\/29-33\/'><img loading=\"lazy\" decoding=\"async\" width=\"700\" height=\"525\" src=\"https:\/\/www.slovaklinesmagazin.sk\/cms\/wp-content\/uploads\/2018\/03\/29-1.jpg\" class=\"attachment-full size-full\" alt=\"\" aria-describedby=\"gallery-1-81759\" srcset=\"https:\/\/www.slovaklinesmagazin.sk\/cms\/wp-content\/uploads\/2018\/03\/29-1.jpg 700w, https:\/\/www.slovaklinesmagazin.sk\/cms\/wp-content\/uploads\/2018\/03\/29-1-300x225.jpg 300w, https:\/\/www.slovaklinesmagazin.sk\/cms\/wp-content\/uploads\/2018\/03\/29-1-600x450.jpg 600w, https:\/\/www.slovaklinesmagazin.sk\/cms\/wp-content\/uploads\/2018\/03\/29-1-304x228.jpg 304w, https:\/\/www.slovaklinesmagazin.sk\/cms\/wp-content\/uploads\/2018\/03\/29-1-296x222.jpg 296w\" sizes=\"auto, (max-width: 700px) 100vw, 700px\" \/><\/a>\n\t\t\t<\/div>\n\t\t\t\t<figcaption class='wp-caption-text gallery-caption' id='gallery-1-81759'>\n\t\t\t\tTu si developeri prizvali odborn\u00edkov na statiku a architekt\u00fary v boji proti tymto majite\u013eom nehnute\u013enosti.\n\t\t\t\t<\/figcaption><\/figure><figure class='gallery-item'>\n\t\t\t<div class='gallery-icon portrait'>\n\t\t\t\t<a href='https:\/\/www.slovaklinesmagazin.sk\/cms\/2018\/03\/moj-dom-moj-hrad-a-len-cez-moju-mrtvolu\/30-30\/'><img loading=\"lazy\" decoding=\"async\" width=\"700\" height=\"761\" src=\"https:\/\/www.slovaklinesmagazin.sk\/cms\/wp-content\/uploads\/2018\/03\/30-1.jpg\" class=\"attachment-full size-full\" alt=\"\" srcset=\"https:\/\/www.slovaklinesmagazin.sk\/cms\/wp-content\/uploads\/2018\/03\/30-1.jpg 700w, https:\/\/www.slovaklinesmagazin.sk\/cms\/wp-content\/uploads\/2018\/03\/30-1-276x300.jpg 276w, https:\/\/www.slovaklinesmagazin.sk\/cms\/wp-content\/uploads\/2018\/03\/30-1-600x652.jpg 600w, https:\/\/www.slovaklinesmagazin.sk\/cms\/wp-content\/uploads\/2018\/03\/30-1-304x330.jpg 304w, https:\/\/www.slovaklinesmagazin.sk\/cms\/wp-content\/uploads\/2018\/03\/30-1-296x322.jpg 296w\" sizes=\"auto, (max-width: 700px) 100vw, 700px\" \/><\/a>\n\t\t\t<\/div><\/figure><figure class='gallery-item'>\n\t\t\t<div class='gallery-icon landscape'>\n\t\t\t\t<a href='https:\/\/www.slovaklinesmagazin.sk\/cms\/2018\/03\/moj-dom-moj-hrad-a-len-cez-moju-mrtvolu\/31-21\/'><img loading=\"lazy\" decoding=\"async\" width=\"700\" height=\"466\" src=\"https:\/\/www.slovaklinesmagazin.sk\/cms\/wp-content\/uploads\/2018\/03\/31-1.jpg\" class=\"attachment-full size-full\" alt=\"\" srcset=\"https:\/\/www.slovaklinesmagazin.sk\/cms\/wp-content\/uploads\/2018\/03\/31-1.jpg 700w, https:\/\/www.slovaklinesmagazin.sk\/cms\/wp-content\/uploads\/2018\/03\/31-1-300x200.jpg 300w, https:\/\/www.slovaklinesmagazin.sk\/cms\/wp-content\/uploads\/2018\/03\/31-1-600x399.jpg 600w, https:\/\/www.slovaklinesmagazin.sk\/cms\/wp-content\/uploads\/2018\/03\/31-1-304x202.jpg 304w, https:\/\/www.slovaklinesmagazin.sk\/cms\/wp-content\/uploads\/2018\/03\/31-1-296x197.jpg 296w\" sizes=\"auto, (max-width: 700px) 100vw, 700px\" \/><\/a>\n\t\t\t<\/div><\/figure><figure class='gallery-item'>\n\t\t\t<div class='gallery-icon portrait'>\n\t\t\t\t<a href='https:\/\/www.slovaklinesmagazin.sk\/cms\/2018\/03\/moj-dom-moj-hrad-a-len-cez-moju-mrtvolu\/32-20\/'><img loading=\"lazy\" decoding=\"async\" width=\"700\" height=\"884\" src=\"https:\/\/www.slovaklinesmagazin.sk\/cms\/wp-content\/uploads\/2018\/03\/32-1.jpg\" class=\"attachment-full size-full\" alt=\"\" aria-describedby=\"gallery-1-81762\" srcset=\"https:\/\/www.slovaklinesmagazin.sk\/cms\/wp-content\/uploads\/2018\/03\/32-1.jpg 700w, https:\/\/www.slovaklinesmagazin.sk\/cms\/wp-content\/uploads\/2018\/03\/32-1-238x300.jpg 238w, https:\/\/www.slovaklinesmagazin.sk\/cms\/wp-content\/uploads\/2018\/03\/32-1-600x758.jpg 600w, https:\/\/www.slovaklinesmagazin.sk\/cms\/wp-content\/uploads\/2018\/03\/32-1-304x384.jpg 304w, https:\/\/www.slovaklinesmagazin.sk\/cms\/wp-content\/uploads\/2018\/03\/32-1-296x374.jpg 296w\" sizes=\"auto, (max-width: 700px) 100vw, 700px\" \/><\/a>\n\t\t\t<\/div>\n\t\t\t\t<figcaption class='wp-caption-text gallery-caption' id='gallery-1-81762'>\n\t\t\t\tMajitelia tohto pozemku, kde mali pochovan\u00fdch svojich pr\u00edbuzn\u00fdch, ve\u013emi dlho a odhodlane br\u00e1nili svoje pr\u00e1vo na u\u017e\u00edvanie tohoto priestoru. Nakoniec svoj boj ukon\u010dilo a pozemok odpredali.\n\t\t\t\t<\/figcaption><\/figure><figure class='gallery-item'>\n\t\t\t<div class='gallery-icon landscape'>\n\t\t\t\t<a href='https:\/\/www.slovaklinesmagazin.sk\/cms\/2018\/03\/moj-dom-moj-hrad-a-len-cez-moju-mrtvolu\/33-16\/'><img loading=\"lazy\" decoding=\"async\" width=\"700\" height=\"466\" src=\"https:\/\/www.slovaklinesmagazin.sk\/cms\/wp-content\/uploads\/2018\/03\/33-1.jpg\" class=\"attachment-full size-full\" alt=\"\" aria-describedby=\"gallery-1-81763\" srcset=\"https:\/\/www.slovaklinesmagazin.sk\/cms\/wp-content\/uploads\/2018\/03\/33-1.jpg 700w, https:\/\/www.slovaklinesmagazin.sk\/cms\/wp-content\/uploads\/2018\/03\/33-1-300x200.jpg 300w, https:\/\/www.slovaklinesmagazin.sk\/cms\/wp-content\/uploads\/2018\/03\/33-1-600x399.jpg 600w, https:\/\/www.slovaklinesmagazin.sk\/cms\/wp-content\/uploads\/2018\/03\/33-1-304x202.jpg 304w, https:\/\/www.slovaklinesmagazin.sk\/cms\/wp-content\/uploads\/2018\/03\/33-1-296x197.jpg 296w\" sizes=\"auto, (max-width: 700px) 100vw, 700px\" \/><\/a>\n\t\t\t<\/div>\n\t\t\t\t<figcaption class='wp-caption-text gallery-caption' id='gallery-1-81763'>\n\t\t\t\tS touto farm\u00e1rskou rodinou vl\u00e1da nepohla a nakoniec ponechala farmu na p\u00f4vodnom mieste\n\t\t\t\t<\/figcaption><\/figure><figure class='gallery-item'>\n\t\t\t<div class='gallery-icon landscape'>\n\t\t\t\t<a href='https:\/\/www.slovaklinesmagazin.sk\/cms\/2018\/03\/moj-dom-moj-hrad-a-len-cez-moju-mrtvolu\/34-15\/'><img loading=\"lazy\" decoding=\"async\" width=\"700\" height=\"525\" src=\"https:\/\/www.slovaklinesmagazin.sk\/cms\/wp-content\/uploads\/2018\/03\/34-1.jpg\" class=\"attachment-full size-full\" alt=\"\" srcset=\"https:\/\/www.slovaklinesmagazin.sk\/cms\/wp-content\/uploads\/2018\/03\/34-1.jpg 700w, https:\/\/www.slovaklinesmagazin.sk\/cms\/wp-content\/uploads\/2018\/03\/34-1-300x225.jpg 300w, https:\/\/www.slovaklinesmagazin.sk\/cms\/wp-content\/uploads\/2018\/03\/34-1-600x450.jpg 600w, https:\/\/www.slovaklinesmagazin.sk\/cms\/wp-content\/uploads\/2018\/03\/34-1-304x228.jpg 304w, https:\/\/www.slovaklinesmagazin.sk\/cms\/wp-content\/uploads\/2018\/03\/34-1-296x222.jpg 296w\" sizes=\"auto, (max-width: 700px) 100vw, 700px\" \/><\/a>\n\t\t\t<\/div><\/figure><figure class='gallery-item'>\n\t\t\t<div class='gallery-icon portrait'>\n\t\t\t\t<a href='https:\/\/www.slovaklinesmagazin.sk\/cms\/2018\/03\/moj-dom-moj-hrad-a-len-cez-moju-mrtvolu\/35-14\/'><img loading=\"lazy\" decoding=\"async\" width=\"700\" height=\"928\" src=\"https:\/\/www.slovaklinesmagazin.sk\/cms\/wp-content\/uploads\/2018\/03\/35-1.jpg\" class=\"attachment-full size-full\" alt=\"\" srcset=\"https:\/\/www.slovaklinesmagazin.sk\/cms\/wp-content\/uploads\/2018\/03\/35-1.jpg 700w, https:\/\/www.slovaklinesmagazin.sk\/cms\/wp-content\/uploads\/2018\/03\/35-1-226x300.jpg 226w, https:\/\/www.slovaklinesmagazin.sk\/cms\/wp-content\/uploads\/2018\/03\/35-1-600x795.jpg 600w, https:\/\/www.slovaklinesmagazin.sk\/cms\/wp-content\/uploads\/2018\/03\/35-1-304x403.jpg 304w, https:\/\/www.slovaklinesmagazin.sk\/cms\/wp-content\/uploads\/2018\/03\/35-1-296x392.jpg 296w\" sizes=\"auto, (max-width: 700px) 100vw, 700px\" \/><\/a>\n\t\t\t<\/div><\/figure><figure class='gallery-item'>\n\t\t\t<div class='gallery-icon landscape'>\n\t\t\t\t<a href='https:\/\/www.slovaklinesmagazin.sk\/cms\/2018\/03\/moj-dom-moj-hrad-a-len-cez-moju-mrtvolu\/36-13\/'><img loading=\"lazy\" decoding=\"async\" width=\"700\" height=\"467\" src=\"https:\/\/www.slovaklinesmagazin.sk\/cms\/wp-content\/uploads\/2018\/03\/36-1.jpg\" class=\"attachment-full size-full\" alt=\"\" srcset=\"https:\/\/www.slovaklinesmagazin.sk\/cms\/wp-content\/uploads\/2018\/03\/36-1.jpg 700w, https:\/\/www.slovaklinesmagazin.sk\/cms\/wp-content\/uploads\/2018\/03\/36-1-300x200.jpg 300w, https:\/\/www.slovaklinesmagazin.sk\/cms\/wp-content\/uploads\/2018\/03\/36-1-600x400.jpg 600w, https:\/\/www.slovaklinesmagazin.sk\/cms\/wp-content\/uploads\/2018\/03\/36-1-304x203.jpg 304w, https:\/\/www.slovaklinesmagazin.sk\/cms\/wp-content\/uploads\/2018\/03\/36-1-296x197.jpg 296w\" sizes=\"auto, (max-width: 700px) 100vw, 700px\" \/><\/a>\n\t\t\t<\/div><\/figure>\n\t\t<\/div>\n\n","protected":false},"excerpt":{"rendered":"<p>Pozrite si zop\u00e1r obr\u00e1zkov t\u00fdchto nehnute\u013enost\u00ed, ktor\u00fdch majitelia sa tvrdo\u0161ijne odmietaj\u00fa vzda\u0165 svojho pr\u00edbytku, aj napriek mo\u017en\u00fdm d\u00f4sledkom. V\u0161etci milujeme \u013eud\u00ed, ktor\u00fd sa aj napriek \u0165a\u017ek\u00e9mu osudu nevzd\u00e1vaj\u00fa a\u00a0urobia si veci po svojom. Pripravili sme \u00a0v\u00e1m v\u00fdber majite\u013eov nehnute\u013enosti, ktor\u00ed sa odmietli vzda\u0165 ve\u013ek\u00fdm korpor\u00e1ci\u00e1m \u010di vl\u00e1de a\u00a0ostali \u017ei\u0165 vo svojom pr\u00edbytku bez oh\u013eadu na [&hellip;]<\/p>\n","protected":false},"author":7,"featured_media":81730,"comment_status":"closed","ping_status":"closed","sticky":false,"template":"","format":"standard","meta":{"footnotes":""},"categories":[58,13],"tags":[],"class_list":["post-81729","post","type-post","status-publish","format-standard","has-post-thumbnail","hentry","category-architektura","category-real-estate","eq-blocks"],"_links":{"self":[{"href":"https:\/\/www.slovaklinesmagazin.sk\/cms\/wp-json\/wp\/v2\/posts\/81729","targetHints":{"allow":["GET"]}}],"collection":[{"href":"https:\/\/www.slovaklinesmagazin.sk\/cms\/wp-json\/wp\/v2\/posts"}],"about":[{"href":"https:\/\/www.slovaklinesmagazin.sk\/cms\/wp-json\/wp\/v2\/types\/post"}],"author":[{"embeddable":true,"href":"https:\/\/www.slovaklinesmagazin.sk\/cms\/wp-json\/wp\/v2\/users\/7"}],"replies":[{"embeddable":true,"href":"https:\/\/www.slovaklinesmagazin.sk\/cms\/wp-json\/wp\/v2\/comments?post=81729"}],"version-history":[{"count":1,"href":"https:\/\/www.slovaklinesmagazin.sk\/cms\/wp-json\/wp\/v2\/posts\/81729\/revisions"}],"predecessor-version":[{"id":81767,"href":"https:\/\/www.slovaklinesmagazin.sk\/cms\/wp-json\/wp\/v2\/posts\/81729\/revisions\/81767"}],"wp:featuredmedia":[{"embeddable":true,"href":"https:\/\/www.slovaklinesmagazin.sk\/cms\/wp-json\/wp\/v2\/media\/81730"}],"wp:attachment":[{"href":"https:\/\/www.slovaklinesmagazin.sk\/cms\/wp-json\/wp\/v2\/media?parent=81729"}],"wp:term":[{"taxonomy":"category","embeddable":true,"href":"https:\/\/www.slovaklinesmagazin.sk\/cms\/wp-json\/wp\/v2\/categories?post=81729"},{"taxonomy":"post_tag","embeddable":true,"href":"https:\/\/www.slovaklinesmagazin.sk\/cms\/wp-json\/wp\/v2\/tags?post=81729"}],"curies":[{"name":"wp","href":"https:\/\/api.w.org\/{rel}","templated":true}]}}