{"id":82342,"date":"2018-05-29T08:05:24","date_gmt":"2018-05-29T06:05:24","guid":{"rendered":"http:\/\/slovaklinesmagazin.sk\/cms\/?p=82342"},"modified":"2018-06-08T10:35:19","modified_gmt":"2018-06-08T08:35:19","slug":"stovky-tisic-kamier-gdpr","status":"publish","type":"post","link":"https:\/\/www.slovaklinesmagazin.sk\/cms\/2018\/05\/stovky-tisic-kamier-gdpr\/","title":{"rendered":"Sleduj\u00fa n\u00e1s stovky tis\u00edc kamier. \u010co sa men\u00ed po pr\u00edchode GDPR od m\u00e1ja 2018?"},"content":{"rendered":"<p><span style=\"background-color: white;\">\u0160pecialista na bezpe\u010dnostn\u00e9 kamery zo spolo\u010dnosti Axis Communications upozor\u0148uje, \u017ee nariadenie GDPR, ktor\u00e9 za\u010d\u00edna plati\u0165 25. m\u00e1ja 2018, prin\u00e1\u0161a pre prev\u00e1dzkovate\u013eov kamerov\u00fdch syst\u00e9mov niektor\u00e9 konkr\u00e9tne zmeny, aj ke\u010f sa z\u010faleka net\u00fdkaj\u00fa v\u0161etk\u00fdch. Sporn\u00e9 ot\u00e1zky pom\u00e1haj\u00fa odpoveda\u0165 ned\u00e1vno uveden\u00e9 zhrnutia <a href=\"https:\/\/dataprotection.gov.sk\/uoou\/sk\/content\/casto-kladene-otazky-k-nariadeniu-zakonu-c-182018-z-z\">na str\u00e1nkach \u00daradu pre ochranu osobn\u00fdch \u00fadajov SR<\/a> (pr\u00edpadne aj <a href=\"https:\/\/www.uoou.cz\/k-nbsp-provozovani-kamerovych-systemu\/d-29535\/p1=1099\">\u010cR<\/a>).<br \/>\n<\/span><!--more--><\/p>\n<blockquote><p><span style=\"background-color: white;\">&#8222;Z dostupn\u00fdch prieskumov trhu mo\u017eno us\u00fadi\u0165, \u017ee sa v\u00a0regi\u00f3ne CZ\/SK v roku 2017 predalo pribli\u017ene 220 tis\u00edc bezpe\u010dnostn\u00fdch kamier v\u0161etk\u00fdch zna\u010diek. Ko\u013eko kamier je celkovo v prev\u00e1dzke vo verejnom priestore a ko\u013ek\u00fdch z nich sa t\u00fdka GDPR, mo\u017eno len \u0165a\u017eko odhadn\u00fa\u0165, ale ur\u010dite p\u00f4jde o n\u00e1sobne vy\u0161\u0161ie \u010d\u00edslo,&#8220; povedal Tom\u00e1\u0161 Chumchal, \u0161pecialista \u0161v\u00e9dskej spolo\u010dnosti Axis Communications, ktor\u00e1 v roku 1996 uviedla na svetov\u00fd trh prv\u00fa IP kameru a dnes je svetov\u00fdm l\u00eddrom v oblasti inteligentn\u00e9ho video monitorovania.<\/span><\/p><\/blockquote>\n<p><span style=\"background-color: white;\"><strong>Niektor\u00fdch kamier sa GDPR net\u00fdka v\u00f4bec<br \/>\n<\/strong><\/span><\/p>\n<p><span style=\"background-color: white;\">Nie v\u0161etci prev\u00e1dzkovatelia kamier sa v\u0161ak musia ob\u00e1va\u0165 zmien a pr\u00edpadn\u00fdch pok\u00fat. Nariadenie GDPR sa vz\u0165ahuje len na bezpe\u010dnostn\u00e9 kamery, ktor\u00e9:<br \/>\n<\/span><\/p>\n<ul>\n<li><span style=\"font-family: Times New Roman; font-size: 12pt;\">Identifikuj\u00fa osoby na verejnom priestranstve \u2013 aj ke\u010f sa m\u00f4\u017ee zda\u0165, \u017ee bezpe\u010dnostn\u00e9 kamery sl\u00fa\u017ei hlavne na identifik\u00e1ciu os\u00f4b, nie je tomu v\u017edy tak. Roz\u0161\u00edren\u00e9 s\u00fa napr\u00edklad tzv. po\u010d\u00edtacie kamery, ktor\u00e9 iba dod\u00e1vaj\u00fa presn\u00e9 \u0161tatistiky o po\u010dte okoloid\u00facich os\u00f4b, napr\u00edklad v predajniach. Rovnako mnoh\u00e9 term\u00e1lne a preh\u013eadov\u00e9 kamery nesl\u00fa\u017eia k odhaleniu toto\u017enosti p\u00e1chate\u013ea, ale iba k upozorneniu na prekro\u010denie perimetra (str\u00e1\u017eenej z\u00f3ny). \u010eal\u0161\u00edm pr\u00edkladom m\u00f4\u017eu by\u0165 aj star\u00e9 anal\u00f3gov\u00e9 kamery, ktor\u00e9 kv\u00f4li n\u00edzkemu rozl\u00ed\u0161enie neposkytuj\u00fa prakticky \u017eiadne pou\u017eite\u013en\u00e9 osobn\u00e9 inform\u00e1cie. T\u00fdch v\u0161ak v\u010faka digit\u00e1lnym IP syst\u00e9mom r\u00fdchlo ub\u00fada.<br \/>\n<\/span><\/li>\n<li><span style=\"font-family: Times New Roman; font-size: 12pt;\">Robia z\u00e1znam \u2013 ve\u013ea bezpe\u010dnostn\u00fdch kamier sl\u00fa\u017ei len na priame sledovanie a neuklad\u00e1 videoz\u00e1znam. To sa t\u00fdka aj priamych prenosov z kamier ur\u010den\u00fdch na marketingov\u00e9 \u00fa\u010dely, napr\u00edklad v pr\u00edpade rekrea\u010dn\u00fdch centier, ktor\u00e9 na svojich webov\u00fdch str\u00e1nkach zverej\u0148uj\u00fa z\u00e1bery zo svojho okolia.<br \/>\n<\/span><\/li>\n<li><span style=\"font-family: Times New Roman; font-size: 12pt;\">Patria pr\u00e1vnick\u00fdm osob\u00e1m \u2013 Ak si chcete ako s\u00fakromn\u00e1 osoba pomocou kamery chr\u00e1ni\u0165 dom a bezprostredn\u00fd priestor pred n\u00edm, vz\u0165ahuje sa na v\u00e1s ob\u010diansky z\u00e1konn\u00edk, nie GDPR. Mus\u00edte v\u0161ak d\u00e1va\u0165 pozor ak prev\u00e1dzkujete syst\u00e9m v r\u00e1mci bytov\u00e9ho dru\u017estva. Potom by ste mali pod\u013ea GDPR vykona\u0165 ur\u010dit\u00e9 \u00fapravy.<br \/>\n<\/span><\/li>\n<\/ul>\n<p><strong>Zodpovednos\u0165 sa pren\u00e1\u0161a na prev\u00e1dzkovate\u013ea<br \/>\n<\/strong><\/p>\n<p><span style=\"background-color: white;\">\u010co sa teda zmen\u00ed pre prev\u00e1dzkovate\u013eov kamerov\u00fdch syst\u00e9mov od 25. m\u00e1ja? Hlavnou zmenou je, \u017ee GDPR ru\u0161\u00ed povinnos\u0165 oznamova\u0165 kamerov\u00fd syst\u00e9m \u00daradu na ochranu osobn\u00fdch \u00fadajov. Zodpovednos\u0165 za citliv\u00e9 d\u00e1ta sa naopak pren\u00e1\u0161a na spr\u00e1vcu. &#8222;Na\u0161im partnerom a z\u00e1kazn\u00edkom rad\u00edme nieko\u013eko konkr\u00e9tnych krokov. Napr\u00edklad jasne stanovi\u0165 zodpovedn\u00fa osobu. Vykona\u0165 rev\u00edziu v\u0161etk\u00fdch akt\u00edvnych kamier v syst\u00e9me a pri ka\u017edej z nich vyjasni\u0165 \u00fa\u010del tvorby videoz\u00e1znamu. Za\u010da\u0165 vies\u0165 z\u00e1znamy o spracovan\u00ed \u00fadajov alebo existuj\u00faci z\u00e1znam aktualizova\u0165. Zaisti\u0165 zabezpe\u010denie videonahr\u00e1vok a o\u0161etri\u0165 zmluvn\u00e9 vz\u0165ahy s pr\u00edpadn\u00fdmi \u010fal\u0161\u00edmi subjektmi, ktor\u00e9 kamerov\u00fd doh\u013ead zais\u0165uj\u00fa. A nakoniec, lep\u0161ie o kamerov\u00fdch syst\u00e9moch informova\u0165,&#8220; pokra\u010duje Tom\u00e1\u0161 Chumchal.<br \/>\n<\/span><\/p>\n<p><span style=\"background-color: white;\"><img decoding=\"async\" class=\"aligncenter\" src=\"http:\/\/slovaklinesmagazin.sk\/cms\/wp-content\/uploads\/2018\/06\/060818_0832_Sledujnssto2.jpg\" alt=\"\" \/><\/span><\/p>\n<p><span style=\"background-color: white;\">Be\u017en\u00fd ob\u010dan by tak mal lep\u0161iu ochranu osobn\u00fdch d\u00e1t poc\u00edti\u0165 u\u017e pri vstupe do monitorovan\u00e9ho priestoru. Informa\u010dn\u00e9 cedu\u013eky by mali poskytn\u00fa\u0165 presn\u00e9 inform\u00e1cie, kto je za prev\u00e1dzku syst\u00e9mu zodpovedn\u00fd a kde mo\u017eno spr\u00e1vcu kontaktova\u0165 v pr\u00edpade \u010fal\u0161\u00edch ot\u00e1zok na osobn\u00e9 d\u00e1ta.<br \/>\n<\/span><\/p>\n<blockquote><p><span style=\"background-color: white;\">&#8222;Prev\u00e1dzkovate\u013eom kamerov\u00fdch syst\u00e9mov \u010falej odpor\u00fa\u010dame, aby sledovali aktu\u00e1lne inform\u00e1cie \u00danOO\u00da, napr\u00edklad <a href=\"https:\/\/dataprotection.gov.sk\/uoou\/sk\/content\/casto-kladene-otazky-k-nariadeniu-zakonu-c-182018-z-z\">dokument \u010dasto kladen\u00e9 ot\u00e1zky na webe<\/a>,&#8220; povedal Tom\u00e1\u0161 Chumchal.<br \/>\n<\/span><\/p><\/blockquote>\n<p>&nbsp;<\/p>\n","protected":false},"excerpt":{"rendered":"<p>\u0160pecialista na bezpe\u010dnostn\u00e9 kamery zo spolo\u010dnosti Axis Communications upozor\u0148uje, \u017ee nariadenie GDPR, ktor\u00e9 za\u010d\u00edna plati\u0165 25. m\u00e1ja 2018, prin\u00e1\u0161a pre prev\u00e1dzkovate\u013eov kamerov\u00fdch syst\u00e9mov niektor\u00e9 konkr\u00e9tne zmeny, aj ke\u010f sa z\u010faleka net\u00fdkaj\u00fa v\u0161etk\u00fdch. Sporn\u00e9 ot\u00e1zky pom\u00e1haj\u00fa odpoveda\u0165 ned\u00e1vno uveden\u00e9 zhrnutia na str\u00e1nkach \u00daradu pre ochranu osobn\u00fdch \u00fadajov SR (pr\u00edpadne aj \u010cR).<\/p>\n","protected":false},"author":8,"featured_media":82340,"comment_status":"closed","ping_status":"closed","sticky":false,"template":"","format":"standard","meta":{"footnotes":""},"categories":[11,42],"tags":[],"class_list":["post-82342","post","type-post","status-publish","format-standard","has-post-thumbnail","hentry","category-news","category-tech","eq-blocks"],"_links":{"self":[{"href":"https:\/\/www.slovaklinesmagazin.sk\/cms\/wp-json\/wp\/v2\/posts\/82342","targetHints":{"allow":["GET"]}}],"collection":[{"href":"https:\/\/www.slovaklinesmagazin.sk\/cms\/wp-json\/wp\/v2\/posts"}],"about":[{"href":"https:\/\/www.slovaklinesmagazin.sk\/cms\/wp-json\/wp\/v2\/types\/post"}],"author":[{"embeddable":true,"href":"https:\/\/www.slovaklinesmagazin.sk\/cms\/wp-json\/wp\/v2\/users\/8"}],"replies":[{"embeddable":true,"href":"https:\/\/www.slovaklinesmagazin.sk\/cms\/wp-json\/wp\/v2\/comments?post=82342"}],"version-history":[{"count":3,"href":"https:\/\/www.slovaklinesmagazin.sk\/cms\/wp-json\/wp\/v2\/posts\/82342\/revisions"}],"predecessor-version":[{"id":82345,"href":"https:\/\/www.slovaklinesmagazin.sk\/cms\/wp-json\/wp\/v2\/posts\/82342\/revisions\/82345"}],"wp:featuredmedia":[{"embeddable":true,"href":"https:\/\/www.slovaklinesmagazin.sk\/cms\/wp-json\/wp\/v2\/media\/82340"}],"wp:attachment":[{"href":"https:\/\/www.slovaklinesmagazin.sk\/cms\/wp-json\/wp\/v2\/media?parent=82342"}],"wp:term":[{"taxonomy":"category","embeddable":true,"href":"https:\/\/www.slovaklinesmagazin.sk\/cms\/wp-json\/wp\/v2\/categories?post=82342"},{"taxonomy":"post_tag","embeddable":true,"href":"https:\/\/www.slovaklinesmagazin.sk\/cms\/wp-json\/wp\/v2\/tags?post=82342"}],"curies":[{"name":"wp","href":"https:\/\/api.w.org\/{rel}","templated":true}]}}