{"id":82396,"date":"2018-06-20T10:25:21","date_gmt":"2018-06-20T08:25:21","guid":{"rendered":"http:\/\/slovaklinesmagazin.sk\/cms\/?p=82396"},"modified":"2018-10-05T13:20:11","modified_gmt":"2018-10-05T11:20:11","slug":"presstrip-redakcie-slovak-lines-v-znojemskom-kraji","status":"publish","type":"post","link":"https:\/\/www.slovaklinesmagazin.sk\/cms\/2018\/06\/presstrip-redakcie-slovak-lines-v-znojemskom-kraji\/","title":{"rendered":"PressTrip redakcie Slovak Lines v Znojemskom kraji"},"content":{"rendered":"<p>Z \u010dasu na \u010das dost\u00e1vame do na\u0161ej redakcii pozv\u00e1nky na pracovn\u00e9 cesty do r\u00f4znych regi\u00f3nov Slovenska, popr\u00edpade celej Eur\u00f3py.<br \/>\nPo\u010das t\u00fdchto ciest sa na\u0161i redaktori oboznamuj\u00fa s ponukami a turistick\u00fdmi zauj\u00edmavos\u0165ami toho ktor\u00e9ho kraja a oblasti.<br \/>\nSamozrejme, to \u010do n\u00e1s najviac zaujme &#8211;\u00a0 o tom nap\u00ed\u0161eme &#8211; a v\u00e1s, na\u0161ich \u010ditate\u013eov na tieto zauj\u00edmavosti upozorn\u00edme.<\/p>\n<p>Posledn\u00fa cestu, \/presstrip\/ sme absolvovali spolu s kolegami z destina\u010dnej <a href=\"http:\/\/www.znojmoregion.cz\" target=\"_blank\" rel=\"noopener\">spolo\u010dnosti Znojmo Regi\u00f3n <\/a>\u00a0a na pozvanie agent\u00fary\u00a0\u00a0<a href=\"http:\/\/www.kamkam.eu\/\" target=\"_blank\" rel=\"noopener\">B.H. PR &amp; PROMOTION s.r.o.<\/a><\/p>\n<p style=\"text-align: center;\"><img loading=\"lazy\" decoding=\"async\" class=\"aligncenter\" src=\"http:\/\/slovaklinesmagazin.sk\/cms\/wp-content\/uploads\/2018\/06\/logo-300x148.jpg\" width=\"255\" height=\"126\" \/><\/p>\n<p style=\"text-align: center;\"><a href=\"http:\/\/www.kamkam.eu\/\"><img decoding=\"async\" class=\"aligncenter\" src=\"http:\/\/slovaklinesmagazin.sk\/cms\/wp-content\/uploads\/2018\/04\/logo-kamkam.png\" \/><\/a><\/p>\n<p>Trasa n\u00e1\u0161ho pozn\u00e1vacieho v\u00fdletu do turistickej oblasti &#8222;Znojemsko a Podyj\u00ed&#8220; viedla cez rad zauj\u00edmav\u00fdch miest. Ich v\u00fdber bol zameran\u00fd\u00a0 na novinky turistickej sez\u00f3ny 2018, tak aj na menej zn\u00e1me a neopozeran\u00e9 ciele, ktor\u00fdch atraktivita je nesporn\u00e1<\/p>\n<p><strong>ZNOJMO<\/strong><\/p>\n<p><strong><em>Hradebn\u00ed okruh (hlavn\u00e1 turistick\u00e1 novinka roku 2018 !!!)<\/em><\/strong><\/p>\n<p style=\"text-align: center;\"><a href=\"http:\/\/slovaklinesmagazin.sk\/cms\/wp-content\/uploads\/2018\/06\/IMG_20180608_140836.jpg\"><img loading=\"lazy\" decoding=\"async\" class=\"aligncenter\" src=\"http:\/\/slovaklinesmagazin.sk\/cms\/wp-content\/uploads\/2018\/06\/IMG_20180608_140836-1024x576.jpg\" width=\"850\" height=\"478\" \/><\/a><a href=\"http:\/\/slovaklinesmagazin.sk\/cms\/wp-content\/uploads\/2018\/06\/Depositphotos_35891107_original.jpg\"><img loading=\"lazy\" decoding=\"async\" class=\"aligncenter\" src=\"http:\/\/slovaklinesmagazin.sk\/cms\/wp-content\/uploads\/2018\/06\/Depositphotos_35891107_original-1024x685.jpg\" width=\"857\" height=\"573\" \/><\/a><\/p>\n<p>Mestsk\u00e9 hradby sa dochovali v s\u00favisl\u00fdch p\u00e1soch takmer okolo cel\u00e9ho historick\u00e9ho jadra Znojma.<br \/>\nTo bolo ozna\u010dovan\u00e9 za najlep\u0161ie opevnen\u00e9 mesto medzi Vied\u0148ou a Prahou &#8211; opevnenie sa skladalo miestami a\u017e z 3 p\u00e1siem hradn\u00e9ho m\u00faru, zosilnen\u00e9ho vodn\u00fdmi priekopami a mohutn\u00fdmi ve\u017eami. Ke\u010f opevnenie s v\u00fdvojom vojnov\u00e9ho umenia stratilo na v\u00fdzname, boli v prvej polovici minul\u00e9ho storo\u010dia na mieste zasypan\u00fdch hradn\u00fdch priekop, vysaden\u00e9 mestsk\u00e9 parky, ktor\u00e9 obop\u00ednaj\u00fa skoro polovicu mesta.<\/p>\n<p>Dnes s\u00fa ob\u013e\u00fabenou oddychovou z\u00f3nou miestnych obyvate\u013eov i n\u00e1v\u0161tevn\u00edkov mesta a dejiskom\u00a0 kult\u00farnych a spolo\u010densk\u00fdch akci\u00ed. Dochovan\u00e9 hradby aj obrann\u00e9 ve\u017ee boli v posledn\u00fdch rokoch zrekon\u0161truovan\u00e9 a v apr\u00edli 2018 bola sl\u00e1vnostne otvoren\u00e1 nov\u00e1 prehliadkov\u00e1 trasa &#8220; Hradebn\u00ed opevn\u011bn\u00ed m\u011bsta Znojma\u201c<br \/>\nPrehliadkov\u00fd okruh so sprievodcom (cca 80 min.), vedie pozd\u013a\u017e zachovan\u00fdch hradieb a jeho s\u00fa\u010das\u0165ou je n\u00e1v\u0161teva \u0161iestich ve\u017e\u00ed (Radni\u010dn\u00e9, St\u0159elni\u010dn\u00ed, Vlkova, Psie, Pra\u0161n\u00e1 a Nov\u00e1).<\/p>\n<p>Viacej inform\u00e1ci\u00ed na: <a href=\"http:\/\/www.znojemskabeseda.cz\/hradebni-opevneni\">www.znojemskabeseda.cz\/hradebni-opevneni<\/a><\/p>\n<p><strong>Znojemsk\u00fd pivovar<\/strong><\/p>\n<p>Kr\u00e1\u013eovsk\u00e9 mesto Znojmo z\u00edskalo variace pr\u00e1vo u\u017e roku 1278 od r\u00edmskeho kr\u00e1\u013ea Rudolfa I. Habsbursk\u00e9ho v\u00fdmenou za umo\u017enenie priechodu jeho vojsk po bitke na Moravskom poli.<br \/>\nU\u017e v dobe Karola IV. tu na r\u00f4znych miestach v meste p\u00f4sobilo hne\u010f nieko\u013eko pr\u00e1vovariacich me\u0161\u0165anov, ktor\u00ed sa nesk\u00f4r zdru\u017eili do pivovarsk\u00e9ho cechu. V predhrad\u00ed znojemsk\u00e9ho hradu bol potom roku 1720 zalo\u017een\u00fd modern\u00fd mestsk\u00fd pivovar a od tej doby je neodmyslite\u013enou s\u00fa\u010das\u0165ou panor\u00e1my znojemsk\u00fdch &#8222;Hrad\u010dan&#8220;. Milovn\u00edci hrdzav\u00e9ho moku, m\u00f4\u017eu dnes nav\u0161t\u00edvi\u0165 expoz\u00edciu m\u00fazea pivovarn\u00edctva, aj v\u00fdrobu v novo vzniknutom pivovare, ktor\u00fd nadv\u00e4zuje na tunaj\u0161ie vyhl\u00e1sen\u00fa trad\u00edciu. K\u00fdm modern\u00e1 Expoz\u00edcia pivovarn\u00edctva N\u00e1rodn\u00e9ho po\u013enohospod\u00e1rskeho m\u00fazea, predstavuje hist\u00f3riu piva v Znojme vr\u00e1tane p\u00f4vodnej technol\u00f3gie varne z roku 1930, videoprojekcie a tematick\u00e9ho detsk\u00e9ho k\u00fatika, z\u00e1\u017eitkov\u00e1 exkurzie do Znojemsk\u00e9ho mestsk\u00e9ho pivovaru vedie priamo do v\u00fdroby. Jej s\u00fa\u010das\u0165ou je aj ochutn\u00e1vka nieko\u013ek\u00fdch druhov p\u00edv.<\/p>\n<p><img loading=\"lazy\" decoding=\"async\" class=\"aligncenter\" src=\"http:\/\/slovaklinesmagazin.sk\/cms\/wp-content\/uploads\/2018\/06\/pivovar_hostan-1024x768.jpg\" width=\"847\" height=\"635\" \/><\/p>\n<p style=\"text-align: center;\"><a href=\"http:\/\/slovaklinesmagazin.sk\/cms\/wp-content\/uploads\/2018\/06\/20180608_162702.jpg\"><img decoding=\"async\" class=\"aligncenter\" src=\"http:\/\/slovaklinesmagazin.sk\/cms\/wp-content\/uploads\/2018\/06\/20180608_162702-768x1024.jpg\" \/><\/a><\/p>\n<p style=\"text-align: center;\">Pivo v Znojemskom pivovare chut\u00ed znamenite !<\/p>\n<p style=\"text-align: center;\"><a href=\"http:\/\/slovaklinesmagazin.sk\/cms\/wp-content\/uploads\/2018\/06\/20180608_162001-e1529414971426.jpg\"><img decoding=\"async\" class=\"aligncenter\" src=\"http:\/\/slovaklinesmagazin.sk\/cms\/wp-content\/uploads\/2018\/06\/20180608_162001-e1529414971426-576x1024.jpg\" \/><\/a><\/p>\n<p style=\"text-align: center;\">Dokonale nato\u010dene pivko od sl\u00e1dka v Znojemskom pivovare<\/p>\n<p style=\"text-align: center;\">Viacej inform\u00e1ci\u00ed o Expozicii pivovarn\u00edctva je na:<br \/>\n<a href=\"http:\/\/www.znojemskabeseda.cz\/expozice-pivovarnictvi\" target=\"_blank\" rel=\"noopener\">www.znojemskabeseda.cz\/expozice-pivovarnictvi<\/a><br \/>\nViacej inform\u00e1ci\u00ed \u00a0o Znojemskom pivovare je na:<br \/>\n<a href=\"http:\/\/www.pivovarznojmo.cz\" target=\"_blank\" rel=\"noopener\">www.pivovarznojmo.cz<\/a><\/p>\n<p><strong>Premonstr\u00e1tsky kl\u00e1\u0161tor Znojmo-L\u00faka<\/strong><\/p>\n<p>Kl\u00e1\u0161tor v Louce zalo\u017eili roku 1190 knie\u017ea Konr\u00e1d Oto spolo\u010dne s jeho matkou M\u00e1riou. P\u00f4vodne sa jednalo\u00a0 o rom\u00e1nsku stavbu (dodnes je dochovan\u00e1 podzemn\u00e1 st\u013apov\u00e1 krypta), ktor\u00e1 bola nesk\u00f4r goticky a renesan\u010dne upraven\u00e1.<br \/>\nDne\u0161n\u00fd vzh\u013ead z\u00edskala a\u017e v obdob\u00ed baroka, kedy bol koncom 17. storo\u010dia upraven\u00fd kostol a vystavan\u00e1 nov\u00e1 dvojposchodov\u00e1 prelat\u00fara.<br \/>\nV prvej polovici 18. storo\u010dia vypracoval v\u00fdznamn\u00fd architekt J. L. Hildebrant pl\u00e1ny v\u00fdstavby nov\u00e9ho \u0161tvorkr\u00eddlov\u00e9ho konventu a kostola. \u00dapravy v\u0161ak za\u010dali a\u017e v roku 1748 a z monument\u00e1lneho barokov\u00e9ho pl\u00e1nu bola realizovan\u00e1 len \u010das\u0165 (zhruba polovica).<br \/>\nPo zru\u0161en\u00ed kl\u00e1\u0161tora pripadli budovy n\u00e1bo\u017eensk\u00e9mu fondu a n\u00e1sledne bola upraven\u00e1 prelat\u00fara na s\u00eddlo spr\u00e1vy panstva, byty a faru. Vlastn\u00e1 konventu\u00e1lna budova sl\u00fa\u017eila ako kas\u00e1rne a nesk\u00f4r ako tabakov\u00e1 tov\u00e1re\u0148.<a href=\"http:\/\/slovaklinesmagazin.sk\/cms\/wp-content\/uploads\/2018\/06\/20180610_101520.jpg\"><img decoding=\"async\" class=\"aligncenter\" src=\"http:\/\/slovaklinesmagazin.sk\/cms\/wp-content\/uploads\/2018\/06\/20180610_101520-1024x576.jpg\" \/><\/a> <a href=\"http:\/\/slovaklinesmagazin.sk\/cms\/wp-content\/uploads\/2018\/06\/nav-centrum.jpg\"><img decoding=\"async\" class=\"aligncenter\" src=\"http:\/\/slovaklinesmagazin.sk\/cms\/wp-content\/uploads\/2018\/06\/nav-centrum.jpg\" \/><\/a> <a href=\"http:\/\/slovaklinesmagazin.sk\/cms\/wp-content\/uploads\/2018\/06\/stuky.jpg\"><img decoding=\"async\" class=\"aligncenter\" src=\"http:\/\/slovaklinesmagazin.sk\/cms\/wp-content\/uploads\/2018\/06\/stuky.jpg\" \/><\/a> <a href=\"http:\/\/slovaklinesmagazin.sk\/cms\/wp-content\/uploads\/2018\/06\/loukaext.jpg\"><img decoding=\"async\" class=\"aligncenter\" src=\"http:\/\/slovaklinesmagazin.sk\/cms\/wp-content\/uploads\/2018\/06\/loukaext.jpg\" \/><\/a><\/p>\n<p>Dnes je konvent v u\u017e\u00edvan\u00ed vin\u00e1rskej spolo\u010dnosti Znov\u00edn Znojmo, ktor\u00e1 tu vytvorila n\u00e1v\u0161tevn\u00edcke centrum, umeleck\u00fa gal\u00e9riu, debn\u00e1rske a vin\u00e1rske m\u00fazeum alebo aj predaj\u0148u v\u00edn. Organizuje tu tie\u017e sprievodcovsk\u00e9 prehliadky, zakon\u010den\u00e9 \u00a0ochutn\u00e1vkou nieko\u013ek\u00fdch vzoriek v\u00edna. Louck\u00fd kl\u00e1\u0161tor je n\u00e1stupn\u00fdm miestom ob\u013e\u00faben\u00e9ho turistick\u00e9ho vl\u00e1\u010dika, ale aj v\u00fdchodiskov\u00fdm miestom rozsiahlej siete nordic-wallking tr\u00e1s, ved\u00facich po okolitej vin\u00e1rskej krajine a N\u00e1rodnom parku Podyj\u00ed.<\/p>\n<p>Viacej inform\u00e1ci\u00ed o\u00a0Louckom kl\u00e1\u0161tore je na:<\/p>\n<p><a href=\"http:\/\/www.znovin.cz\/loucky-klaster-ve-znojme\" target=\"_blank\" rel=\"noopener\">www.znovin.cz\/loucky-klaster-ve-znojme<\/a><\/p>\n<p>&nbsp;<\/p>\n<p><strong>Kr\u00ed\u017eov\u00e1 pivnica Znojmo-P\u0159\u00edm\u011btice<\/strong><\/p>\n<p>P\u0159\u00edm\u011btick\u00e1 v\u00ednna pivnica si na svoje konto m\u00f4\u017ee prip\u00edsa\u0165 hne\u010f nieko\u013eko NAJ: patr\u00ed k najv\u00e4\u010d\u0161\u00edm kr\u00ed\u017eov\u00fdm pivniciam na svete,\u00a0 zrej\u00fa v \u0148om t\u00e1 najlep\u0161ia Znojemsk\u00e1 v\u00edna a unik\u00e1tna je aj tunaj\u0161ia akustika, na ktorej adresu ne\u0161etril chv\u00e1lou dokonca sl\u00e1vny dirigent Rafael Kubel\u00edk.<\/p>\n<p style=\"text-align: center;\"><a href=\"http:\/\/slovaklinesmagazin.sk\/cms\/wp-content\/uploads\/2018\/06\/x-sklep.jpg\"><img decoding=\"async\" class=\"aligncenter\" src=\"http:\/\/slovaklinesmagazin.sk\/cms\/wp-content\/uploads\/2018\/06\/x-sklep.jpg\" \/><\/a><\/p>\n<p style=\"text-align: center;\"><a href=\"http:\/\/slovaklinesmagazin.sk\/cms\/wp-content\/uploads\/2018\/06\/IMG_20180608_172954.jpg\"><img decoding=\"async\" class=\"aligncenter\" src=\"http:\/\/slovaklinesmagazin.sk\/cms\/wp-content\/uploads\/2018\/06\/IMG_20180608_172954-576x1024.jpg\" \/><\/a><\/p>\n<p style=\"text-align: left;\">Zvl\u00e1\u0161tnos\u0165ou je aj takzvan\u00fd jezuitsk\u00fd telef\u00f3n &#8211; ke\u010f potichu prehovor\u00edte do steny, V\u00e1\u0161 hlas sa po klenbe donesie na opa\u010dn\u00fa stranu chodby.<\/p>\n<p>Sklep si v Primeticich nechala postavi\u0165 Znojemsky jezuitsk\u00fd \u0161tudensky domov v rokoch 1740-1756 na p\u00f4doryse v tvare kr\u00ed\u017ea, ktor\u00fd svojimi rozmermi predstavuje svetov\u00fa raritu: hlavn\u00e1 chodba s obrovsk\u00fdmi sudmi po oboch stran\u00e1ch je 110 metrov dlh\u00e1 a necel\u00fdch 10 metrov \u0161irok\u00e1, rameno kr\u00ed\u017ea potom meria 56 metrov; klenby s\u00fa 6,5 metra vysok\u00e9, v kupole e\u0161te o 1,5 metra vy\u0161\u0161ie.<\/p>\n<p>V P\u0159\u00edm\u011btickom pivni\u010dnom hospod\u00e1rstve v s\u00fa\u010dasnosti vin\u00e1rska spolo\u010dnos\u0165 Znov\u00edn Znojmo spracov\u00e1va v\u00edna bielych odr\u00f4d. V\u00edna tu zrej\u00fa jak v tradi\u010dn\u00fdch dubov\u00fdch a ag\u00e1tov\u00fdch sudoch, tak v\u00a0i\u00a0v modern\u00fdch nerezov\u00fdch tankoch. Priebe\u017ene tu b\u00fdva ulo\u017een\u00e9 750.000-1.200.000 litrov bieleho v\u00edna.<\/p>\n<p>Viacej inform\u00e1ci\u00ed je o K\u0159\u00ed\u017eov\u00e9m sklep\u011b na:<br \/>\n<a href=\"http:\/\/www.znovin.cz\/krizovy-sklep-primetice\" target=\"_blank\" rel=\"noopener\">www.znovin.cz\/krizovy-sklep-primetice<\/a><\/p>\n<p><strong>Vranov nad Dyj\u00ed<\/strong><\/p>\n<p><strong><em>Vranovsk\u00e1 pl\u00e1\u017e<\/em><\/strong><\/p>\n<p>Vranovsk\u00e1 priehrada patr\u00ed medzi najteplej\u0161ie a kvalitou vody naj\u010distej\u0161ie vodnej n\u00e1dr\u017ee v \u010ceskej republike. &#8222;Moravsk\u00fd Jadran&#8220; je ve\u013emi ob\u013e\u00fabenou destin\u00e1ciou pre tr\u00e1venie dlh\u0161ej letnej dovolenky alebo len kr\u00e1tkodob\u00fd pobyt spojen\u00fd s k\u00fapan\u00edm, vodn\u00fdmi \u0161porty \u010di vyhliadkov\u00fdmi plavbami na v\u00fdletn\u00fdch parn\u00edkoch.<br \/>\nOkolit\u00e1 krajina m\u00e1 romantick\u00fd charakter, umocnen\u00fd bujn\u00fdmi lesmi a skaln\u00fdmi zr\u00e1zmi N\u00e1rodn\u00e9ho parku Podyj\u00ed alebo hradn\u00fdmi zr\u00facaninami.<\/p>\n<p style=\"text-align: center;\"><a href=\"http:\/\/slovaklinesmagazin.sk\/cms\/wp-content\/uploads\/2018\/06\/kemp-roku.jpg\"><img decoding=\"async\" class=\"aligncenter\" src=\"http:\/\/slovaklinesmagazin.sk\/cms\/wp-content\/uploads\/2018\/06\/kemp-roku.jpg\" \/><\/a><\/p>\n<p style=\"text-align: center;\"><a href=\"http:\/\/slovaklinesmagazin.sk\/cms\/wp-content\/uploads\/2018\/06\/20180609_173625.jpg\"><img decoding=\"async\" class=\"aligncenter\" src=\"http:\/\/slovaklinesmagazin.sk\/cms\/wp-content\/uploads\/2018\/06\/20180609_173625-1024x576.jpg\" \/><\/a> <a href=\"http:\/\/slovaklinesmagazin.sk\/cms\/wp-content\/uploads\/2018\/06\/20180609_180947.jpg\"><img decoding=\"async\" class=\"aligncenter\" src=\"http:\/\/slovaklinesmagazin.sk\/cms\/wp-content\/uploads\/2018\/06\/20180609_180947-1024x576.jpg\" \/><\/a><\/p>\n<p style=\"text-align: left;\">Dominanta &#8211; visut\u00e1 l\u00e1vka pre pe\u0161\u00edch &#8211; sp\u00e1ja Vranov s upravenou pieso\u010dnatou pl\u00e1\u017eou. Tunaj\u0161\u00ed kemp b\u00fdva pravidelne hodnoten\u00fd ako najlep\u0161\u00ed v\u00a0republike, kde kvalita aj rozsah slu\u017eieb tomu zodpovedaj\u00fa. N\u00e1v\u0161tevu Vranovsk\u00e9 pl\u00e1\u017ee si mo\u017eno spestri\u0165 zapo\u017ei\u010dan\u00edm horsk\u00fdch bicyklov, vodn\u00fdch bicyklov, elektrolo\u010fami alebo surfov alebo si vysk\u00fa\u0161a\u0165 lanov\u00fd park a adrenal\u00ednov\u00e9 z\u00e1\u017eitky. Nech\u00fdba ani detsk\u00fd k\u00fatik a anima\u010dn\u00e9 programy. Najm\u00e4 v hlavnej turistickej sez\u00f3ne je Vranovsk\u00e1 pl\u00e1\u017e dejiskom mnoh\u00fdch \u0161portov\u00fdch i kult\u00farnych podujat\u00ed.<\/p>\n<p>Viacej inform\u00e1ci\u00ed o Vranovsk\u00e9 pl\u00e1\u017ei, je na:<\/p>\n<p><a href=\"http:\/\/www.vranovska-plaz.cz\" target=\"_blank\" rel=\"noopener\">www.vranovska-plaz.cz<\/a><\/p>\n<p><strong>Slup<\/strong><\/p>\n<p><strong><em>Renesan\u010dn\u00fd vodn\u00fd mlyn<\/em><\/strong><\/p>\n<p>Unik\u00e1tna technick\u00e1 pamiatka, mimoriadne zachovan\u00e9ho vodn\u00e9ho mlyn\u00e1rstva, so 4 funk\u010dn\u00fdmi vodn\u00fdmi kolesami a mlynsk\u00fdm n\u00e1honom zo 16. storo\u010dia.<br \/>\nPozoruhodn\u00e1 renesan\u010dn\u00e1 stavba je N\u00e1rodnou kult\u00farnou pamiatkou. Mlyn je samostatnou pobo\u010dkou Technick\u00e9ho m\u00fazea v Brne, ktor\u00e9 tu zabezpe\u010duje odborn\u00fd doh\u013ead aj prehliadky so sprievodcom. V roku 2009 tu bola otvoren\u00e1 nov\u00e1 expoz\u00edcia V\u00fdvoj mlyn\u00e1rstva, za ktor\u00fa Technick\u00e9 m\u00fazeum v Brne z\u00edskalo 1. miesto v s\u00fa\u0165a\u017ei Gloria Musaealis. \u0164a\u017eisko prehliadky spo\u010d\u00edva vo vlastn\u00fdch priestoroch mlyna, kde si n\u00e1v\u0161tevn\u00edk m\u00f4\u017ee prezrie\u0165 4 kompletn\u00e9 v\u00fdrobn\u00e9 celky &#8211; staro\u010desk\u00e9 mlynsk\u00e9 zariadenie, ka\u0161n\u00edk, amerik\u00e1nske a valcov\u00e9 mlynsk\u00e9 zariadnie. Na nich mo\u017eno vysvetli\u0165 cel\u00fd proces mletia obilia. Technickou pamiatkou je tie\u017e Krhovicko-jaroslavick\u00fd n\u00e1hon, na ktorom mlyn le\u017e\u00ed. V s\u00fa\u010dasnej dobe dosahuje d\u013a\u017eku vy\u0161e 30 km.<\/p>\n<p style=\"text-align: center;\"><a href=\"http:\/\/slovaklinesmagazin.sk\/cms\/wp-content\/uploads\/2018\/06\/20180609_085943.jpg\"><img decoding=\"async\" class=\"aligncenter\" src=\"http:\/\/slovaklinesmagazin.sk\/cms\/wp-content\/uploads\/2018\/06\/20180609_085943-1024x576.jpg\" \/><\/a> <a href=\"http:\/\/slovaklinesmagazin.sk\/cms\/wp-content\/uploads\/2018\/06\/20180609_091013.jpg\"><img decoding=\"async\" class=\"aligncenter\" src=\"http:\/\/slovaklinesmagazin.sk\/cms\/wp-content\/uploads\/2018\/06\/20180609_091013-1024x576.jpg\" \/><\/a> <a href=\"http:\/\/slovaklinesmagazin.sk\/cms\/wp-content\/uploads\/2018\/06\/20180609_091713.jpg\"><img decoding=\"async\" class=\"aligncenter\" src=\"http:\/\/slovaklinesmagazin.sk\/cms\/wp-content\/uploads\/2018\/06\/20180609_091713-1024x576.jpg\" \/><\/a> <a href=\"http:\/\/slovaklinesmagazin.sk\/cms\/wp-content\/uploads\/2018\/06\/20180609_092141.jpg\"><img decoding=\"async\" class=\"aligncenter\" src=\"http:\/\/slovaklinesmagazin.sk\/cms\/wp-content\/uploads\/2018\/06\/20180609_092141-1024x576.jpg\" \/><\/a> <a href=\"http:\/\/slovaklinesmagazin.sk\/cms\/wp-content\/uploads\/2018\/06\/20180609_094428.jpg\"><img decoding=\"async\" class=\"aligncenter\" src=\"http:\/\/slovaklinesmagazin.sk\/cms\/wp-content\/uploads\/2018\/06\/20180609_094428-1024x576.jpg\" \/><\/a><\/p>\n<p>Viacej inform\u00e1ci\u00ed \u00a0o Vodn\u00edm ml\u00fdnu ve Slupi je na:<\/p>\n<p><a href=\"http:\/\/www.technicalmuseum.cz\/pamatky\/vodni-mlyn-ve-slupi\">www.technicalmuseum.cz\/pamatky\/vodni-mlyn-ve-slupi<\/a><\/p>\n<p>&nbsp;<\/p>\n<p><strong>Nov\u00fd \u0160aldorf \u2013 Sedle\u0161ovice<\/strong><\/p>\n<p>Srostlice dvoch obc\u00ed patr\u00ed k jedn\u00e9mu z najstar\u0161\u00edch os\u00eddlen\u00ed v bl\u00edzkosti kr\u00e1\u013eovsk\u00e9ho mesta Znojma, ktor\u00e9 historici datuj\u00fa u\u017e do 11. storo\u010dia. Stredovek\u00fa hist\u00f3riu obce pripom\u00edna neskoro gotick\u00fd st\u013ap z po\u010diatku 16. storo\u010dia, verejn\u00e9 priestranstv\u00e1 zdob\u00ed rad kaplniek alebo impozantn\u00e9 vin\u00e1rsky lis.<\/p>\n<p style=\"text-align: center;\"><a href=\"http:\/\/slovaklinesmagazin.sk\/cms\/wp-content\/uploads\/2018\/06\/20180609_203305.jpg\"><img decoding=\"async\" class=\"aligncenter\" src=\"http:\/\/slovaklinesmagazin.sk\/cms\/wp-content\/uploads\/2018\/06\/20180609_203305-1024x576.jpg\" \/><\/a> <a href=\"http:\/\/slovaklinesmagazin.sk\/cms\/wp-content\/uploads\/2018\/06\/20180609_215915-e1529416296909.jpg\"><img decoding=\"async\" class=\"aligncenter\" src=\"http:\/\/slovaklinesmagazin.sk\/cms\/wp-content\/uploads\/2018\/06\/20180609_215915-e1529416296909-576x1024.jpg\" \/><\/a> <a href=\"http:\/\/slovaklinesmagazin.sk\/cms\/wp-content\/uploads\/2018\/06\/20180609_220625-e1529416277546.jpg\"><img decoding=\"async\" class=\"aligncenter\" src=\"http:\/\/slovaklinesmagazin.sk\/cms\/wp-content\/uploads\/2018\/06\/20180609_220625-e1529416277546-576x1024.jpg\" \/><\/a><\/p>\n<p>Sl\u00e1vu obce zais\u0165uj\u00fa charakteristick\u00e9 v\u00ednne pivnice s lisov\u0148ami, najm\u00e4 v \u010dasti obce zvanej &#8222;Modr\u00e9 pivnice&#8220;. Tunaj\u0161ie v\u00ednne pivnice s\u00fa toti\u017e h\u013aben\u00e9 v pieskovci s vrstvami \u00edlu modro \u0161edej farby. Lokalita s &#8222;modr\u00fdmi&#8220; pivnicami zaberaj\u00fa plochu 9 hekt\u00e1rov a\u00a0zmestilo sa tu viac ako 180 v\u00ednnych pivn\u00edc s pohnutou hist\u00f3riou. Tunaj\u0161ia sl\u00e1vna vin\u00e1rska trad\u00edcia v\u0161ak bola po odsune p\u00f4vodn\u00e9ho nemeck\u00e9ho obyvate\u013estva roku 1945 n\u00e1silne pretrhnut\u00e1.<br \/>\nKu znovuobnoveniu do\u0161lo a\u017e po roku 1989. Dnes tak m\u00f4\u017eu n\u00e1v\u0161tevn\u00edci op\u00e4\u0165 nav\u0161tevova\u0165 pivnice, ktor\u00e9 v\u010faka &#8222;susedskej dohode&#8220; n\u00e1jdu v\u017edy aspo\u0148 jedno otvoren\u00e9.<\/p>\n<p>Napr\u00edklad pivnica Rodinn\u00e9ho BIO vin\u00e1rstvo rodiny \u0160palkov\u00e1, ktor\u00e9 ako prv\u00e9 vin\u00e1rstvo na Znojemsku zaviedlo gravita\u010dn\u00e9 spracovania hrozna v novom, av\u0161ak historicky pojatej pivnici v Novom \u0160aldorfe.<\/p>\n<p>Viacej inform\u00e1ci\u00ed o obci n\u00e1jdete na:<\/p>\n<p><a href=\"http:\/\/www.saldorf-sedlesovice.cz\">www.saldorf-sedlesovice.cz<\/a><\/p>\n<p>Viacej inform\u00e1ci\u00ed o\u00a0vin\u00e1rstve \u0160palek n\u00e1jdete na:<\/p>\n<p><a href=\"http:\/\/www.saler.cz\/spalek\">www.saler.cz\/spalek<\/a><\/p>\n<p>&nbsp;<\/p>\n<p><strong>MORAVSK\u00dd KRUMLOV<\/strong><\/p>\n<p>Starobyl\u00e9 mesto, ktor\u00e9ho historick\u00e9 jadro sa aj cez \u0165a\u017ek\u00e9 po\u0161kodenie na konci 2.svetovej vojny, stalo mestskou pamiatkovou z\u00f3nou. Dominantou mesta je renesan\u010dn\u00fd z\u00e1mok, ktor\u00fd na n\u00e1dvor\u00ed zdobia ark\u00e1dy hne\u010f v troch poschodiach nad sebou a unik\u00e1tne ark\u00e1dov\u00e9 schodisko. Z\u00e1mock\u00fd are\u00e1l obklopuje anglick\u00fd park, zalo\u017een\u00fd v 18. storo\u010d\u00ed, teda v rovnakej dobe, kedy tu vznikla aj knie\u017eacia hrobka rodu Liechtensteinov.<\/p>\n<p style=\"text-align: center;\"><a href=\"http:\/\/slovaklinesmagazin.sk\/cms\/wp-content\/uploads\/2018\/06\/20180609_132056.jpg\"><img loading=\"lazy\" decoding=\"async\" class=\"aligncenter\" src=\"http:\/\/slovaklinesmagazin.sk\/cms\/wp-content\/uploads\/2018\/06\/20180609_132056-1024x576.jpg\" width=\"852\" height=\"479\" \/><\/a><a href=\"http:\/\/slovaklinesmagazin.sk\/cms\/wp-content\/uploads\/2018\/06\/20180609_131959-e1529416710797.jpg\"><img decoding=\"async\" class=\"aligncenter\" src=\"http:\/\/slovaklinesmagazin.sk\/cms\/wp-content\/uploads\/2018\/06\/20180609_131959-e1529416710797-576x1024.jpg\" \/><\/a><\/p>\n<p>V s\u00fa\u010dasnosti je z\u00e1mok zn\u00e1my predov\u0161etk\u00fdm svoj\u00edm s\u00fadnym sporom o umiestnen\u00ed pl\u00e1tien Slovansk\u00e9 epopeje od Alfonsa Muchu a zlo\u017eit\u00fdmi finan\u010dn\u00fdmi machin\u00e1ciami b\u00fdval\u00fdch vlastn\u00edkov. Od roku 2017 je z\u00e1mok v majetku Mesta, ktor\u00e9 teraz\u00a0 rozbieha rozsiahlu rekon\u0161trukciu.<\/p>\n<p>\u010carovn\u00fd v\u00fdh\u013ead na mesto sa pon\u00faka od barokovej p\u00fatnickej kaplnke sv. Flori\u00e1na z roku 1697. Pod\u013ea legendy bola zalo\u017een\u00e1 na mieste, kde sa ako z\u00e1zrakom zastavil ko\u010d knie\u017ea\u0165a Anton\u00edna Flori\u00e1nova z Lichtensteina potom, \u010do sa mu za b\u00farky spla\u0161ili kone. Z v\u010fa\u010dnosti nechal knie\u017ea pr\u00e1ve tu postavi\u0165 kaplnku, ktor\u00fa zdobia \u0161tvorrohov\u00e9 v\u011b\u017eice, a patr\u00ed dnes k najob\u013e\u00fabenej\u0161\u00edm v\u00fdletn\u00fdm miestam.<\/p>\n<p>Viacej inform\u00e1ci\u00ed o pamiatkach mesta Moravsk\u00fd Krumlov n\u00e1jdete na: <a href=\"http:\/\/www.mkrumlov.cz\/pamatky-mesta.html\">www.mkrumlov.cz\/pamatky-mesta.html<\/a><\/p>\n<p><strong>Jevi\u0161ovice<\/strong><\/p>\n<p>Toto najmen\u0161ie mesto Juhomoravsk\u00e9ho kraja, je ob\u013e\u00fabenou turistickou destin\u00e1ciou jednak v\u010faka neb\u00fdval\u00e9mu po\u010dtu historick\u00fdch pamiatok, tak aj v\u010faka tunaj\u0161\u00edm pr\u00edrodn\u00fdm kr\u00e1sam. V\u010faka zachovalej barokovej z\u00e1stavbe z 18. storo\u010dia, bolo historick\u00e9 jadro mesta roku 1990 vyhl\u00e1sen\u00e9 mestskou pamiatkovou z\u00f3nou. N\u00e1v\u0161tevn\u00edci tu m\u00f4\u017eu obdivova\u0165 barokov\u00fd Star\u00fd z\u00e1mok, v ktorom s\u00eddli pobo\u010dka Moravsk\u00e9ho zemsk\u00e9ho m\u00fazea aj vlastivedn\u00e9 expoz\u00edcie Jevi\u0161ovick\u00e1, novogoticky upraven\u00fd Nov\u00fd z\u00e1mok (dnes Domov d\u00f4chodcov) s romantick\u00fdm anglick\u00fdm parkom, barokov\u00fa s\u00fdpku na n\u00e1mest\u00ed, mohutn\u00fd emp\u00edrov\u00fd kostol sv. Jakuba, klasicistick\u00e1 pohrebn\u00fa kaplnku rodu Ughartov, alebo barokov\u00fa font\u00e1nu \u010di rad s\u00faso\u0161\u00ed. Pozostatky Star\u00e9ho hradu na skalnatom v\u00fdbe\u017eku nad rie\u010dkou Jevi\u0161ovkou, le\u017e\u00ed v oblasti pravek\u00e9ho v\u00fd\u0161kov\u00e9ho s\u00eddliska. Vyu\u017e\u00edvan\u00e9 bolo od eneolitu a\u017e do stredoveku a je v\u00fdznamnou archeologickou lokalitou. Tunaj\u0161ie prieskumy moravsk\u00e9ho archeol\u00f3ga Jaroslava Palliardiho v\u00fdznamne prispeli k poznaniu chronol\u00f3gie obdobia eneolitu na \u00fazem\u00ed \u010cR.<\/p>\n<p style=\"text-align: center;\"><a href=\"http:\/\/slovaklinesmagazin.sk\/cms\/wp-content\/uploads\/2018\/06\/img.jpg\"><img decoding=\"async\" class=\"aligncenter\" src=\"http:\/\/slovaklinesmagazin.sk\/cms\/wp-content\/uploads\/2018\/06\/img.jpg\" \/><\/a><\/p>\n<p style=\"text-align: center;\"><a href=\"http:\/\/slovaklinesmagazin.sk\/cms\/wp-content\/uploads\/2018\/06\/Jevisovice.jpg\"><img decoding=\"async\" class=\"aligncenter\" src=\"http:\/\/slovaklinesmagazin.sk\/cms\/wp-content\/uploads\/2018\/06\/Jevisovice.jpg\" \/><\/a><\/p>\n<p>Jevi\u0161ovickej priehrada &#8211; ob\u013e\u00faben\u00e1 dovolenkov\u00e1 destin\u00e1cia &#8211; je jednou z najstar\u0161\u00edch vodn\u00fdch n\u00e1dr\u017e\u00ed v strednej Eur\u00f3pe. Bola postaven\u00e1 v rokoch 1894-1897 ako z\u00e1brana proti povodniam a v\u010faka svojmu technick\u00e9mu rie\u0161eniu, bola vyhl\u00e1sen\u00e1 za technick\u00fa pamiatku. Mesto je prirodzen\u00fdm centrom mikroregi\u00f3nu Jevi\u0161ovick\u00e1 a je tie\u017e s\u00eddlom Dobrovo\u013en\u00e9ho zv\u00e4zku obc\u00ed Jevi\u0161ovick\u00e1, ktor\u00e9 bolo zriaden\u00e9 v roku 2002.<\/p>\n<p>Viacej inform\u00e1ci\u00ed o Jevi\u0161oviciach n\u00e1jdete na:<\/p>\n<p><a href=\"http:\/\/www.jevisovice.cz\" target=\"_blank\" rel=\"noopener\">www.jevisovice.cz<\/a><\/p>\n<p>Viacej inform\u00e1ci\u00ed o DSO Jevi\u0161ovick\u00e1, n\u00e1jdete na:<\/p>\n<p><a href=\"http:\/\/www.dsojevisovicka.cz\">www.dsojevisovicka.cz<\/a><\/p>\n<p>&nbsp;<\/p>\n<p><strong>Chvalovice<\/strong><\/p>\n<p><strong>\u00a0<\/strong>Mal\u00e1 obec s prekvapivo ve\u013ekou ponukou &#8211; star\u00e1 osada, p\u00f4vodne slovansk\u00e9ho zalo\u017eenia, nesk\u00f4r v\u00fdrazne ponem\u010den\u00e1, le\u017e\u00ed v tesnom susedstve hran\u00edc s Rak\u00faskom. Patr\u00ed medzi vin\u00e1rskej obce Znojemskej vin\u00e1rskej podoblasti a kvalitn\u00e9 v\u00edno tu chut\u00ed najlep\u0161ie v malebnej Pivni\u010dn\u00e9 uli\u010dke ukryt\u00e9 v \u00fadol\u00ed potoka Dan\u00ed\u017e.<\/p>\n<p>&nbsp;<\/p>\n<p style=\"text-align: center;\"><a href=\"http:\/\/slovaklinesmagazin.sk\/cms\/wp-content\/uploads\/2018\/06\/f_circl_02.jpg\"><img loading=\"lazy\" decoding=\"async\" class=\"aligncenter\" src=\"http:\/\/slovaklinesmagazin.sk\/cms\/wp-content\/uploads\/2018\/06\/f_circl_02.jpg\" width=\"851\" height=\"567\" \/><\/a><\/p>\n<p style=\"text-align: center;\"><a href=\"http:\/\/slovaklinesmagazin.sk\/cms\/wp-content\/uploads\/2018\/06\/20180610_090352-e1529485186707.jpg\"><img loading=\"lazy\" decoding=\"async\" class=\"aligncenter\" src=\"http:\/\/slovaklinesmagazin.sk\/cms\/wp-content\/uploads\/2018\/06\/20180610_090352-e1529485186707.jpg\" width=\"851\" height=\"1513\" \/><\/a> <a href=\"http:\/\/slovaklinesmagazin.sk\/cms\/wp-content\/uploads\/2018\/06\/20180610_090400-e1529485218725.jpg\"><img loading=\"lazy\" decoding=\"async\" class=\"aligncenter\" src=\"http:\/\/slovaklinesmagazin.sk\/cms\/wp-content\/uploads\/2018\/06\/20180610_090400-e1529485218725.jpg\" width=\"852\" height=\"1515\" \/><\/a> <a href=\"http:\/\/slovaklinesmagazin.sk\/cms\/wp-content\/uploads\/2018\/06\/20180610_092632-e1529485240353.jpg\"><img loading=\"lazy\" decoding=\"async\" class=\"aligncenter\" src=\"http:\/\/slovaklinesmagazin.sk\/cms\/wp-content\/uploads\/2018\/06\/20180610_092632-e1529485240353.jpg\" width=\"851\" height=\"1513\" \/><\/a> <a href=\"http:\/\/slovaklinesmagazin.sk\/cms\/wp-content\/uploads\/2018\/06\/20180610_092642.jpg\"><img loading=\"lazy\" decoding=\"async\" class=\"aligncenter\" src=\"http:\/\/slovaklinesmagazin.sk\/cms\/wp-content\/uploads\/2018\/06\/20180610_092642.jpg\" width=\"851\" height=\"479\" \/><\/a><\/p>\n<p>Cesta do nej vedie pr\u00edjemn\u00fdm udr\u017eiavan\u00fdm lesoparkom okolo jedn\u00e9ho z najv\u00e4\u010d\u0161\u00edch vonkaj\u0161\u00edch ihr\u00edsk s akt\u00edvnou z\u00f3nou pre deti i dospel\u00fdch v \u010cR. Miestna \u010das\u0165 Hat\u011b, je hrani\u010dn\u00fdm prechodom a tak sa tu pon\u00faka aj obrovsk\u00e9 n\u00e1kupn\u00e9 a z\u00e1bavn\u00e9 centrum Excalibur City, zah\u0155\u0148aj\u00face obchody so zna\u010dkov\u00fdm oble\u010den\u00edm, zmen\u00e1rne, kas\u00edna, ale aj rozsiahly detsk\u00fd park Merlin&#8217;s Kinderwelt alebo m\u00fazeum Terra Technica s najv\u00e4\u010d\u0161ou kolekciu mechanick\u00fdch, elektrick\u00fdch a elektronick\u00fdch z\u00e1bavn\u00fdch pr\u00edstrojov na svete.<\/p>\n<p>&nbsp;<\/p>\n<p>Viacej inform\u00e1ci\u00ed o Sklepn\u00ed uli\u010dce Chvalovice, n\u00e1jdete na:<\/p>\n<p><a href=\"http:\/\/vinarichvalovice.cz\">http:\/\/vinarichvalovice.cz<\/a><\/p>\n<p>Viacej inform\u00e1ci\u00ed o Excalibur City, n\u00e1jdete na:<\/p>\n<p><a href=\"http:\/\/www.excaliburcity.com\">www.excaliburcity.com<\/a><\/p>\n<p><strong>Hlubok\u00e9 Ma\u0161\u016fvky<\/strong><\/p>\n<p><strong>\u00a0<\/strong>Jedno z najv\u00fdznamnej\u0161\u00edch a najnav\u0161tevovanej\u0161\u00edch p\u00fatnick\u00fdch miest juhoz\u00e1padnej Moravy. Tunaj\u0161iemu lie\u010div\u00e9mu prame\u0148u boli pripisovan\u00e9 z\u00e1zra\u010dn\u00e9 uzdravenia, a ke\u010f bol roku 1676 s\u00fadne presk\u00faman\u00fd, vznikli v jeho bl\u00edzkosti men\u0161ie k\u00fapele (dnes u\u017e zaniknut\u00e9). Z v\u010fa\u010dnosti za uzdravenie, bola nad prame\u0148om vystavan\u00e1 najprv dreven\u00e1 mari\u00e1nska kaplnka, nesk\u00f4r kamenn\u00fd kostol\u00edk a ke\u010f ani ten nesta\u010dil n\u00e1poru p\u00fatnikov, vznikol tu v 50. rokoch 20. storo\u010dia roz\u013eahl\u00fd p\u00fatnick\u00fd are\u00e1l.<br \/>\nTen dnes zahr\u0148uje kr\u00ed\u017eov\u00fa cestu, Bo\u017e\u00ed hrob, Mari\u00e1nsku cestu s viac ako pe\u0165desiatimi obrazmi p\u00fatnick\u00fdch miest \u010cR, Slovenska a Rak\u00faska, Lurdsk\u00fa jasky\u0148u, Sv\u00e4t\u00fa stud\u0148u, sochy Panny M\u00e1rie a radu sv\u00e4tcov. Are\u00e1l zdobia aj Kalv\u00e1ria a len p\u00e1r krokov od nej, monument\u00e1lny Pam\u00e4tn\u00edk oslobodenia.<\/p>\n<p>Prv\u00e1 p\u00edsomn\u00e1 zmienka o Hlbok\u00fdch Ma\u0161\u016fvk\u00e1ch poch\u00e1dza z roku 1220, ale os\u00eddlenie tohto miesta je preuk\u00e1zan\u00e9 u\u017e v praveku. Oblas\u0165 je tie\u017e v\u00fdznamn\u00fdm archeologick\u00fdm n\u00e1leziskom &#8211; bolo tu objaven\u00e9 a presk\u00faman\u00e9 os\u00eddlenie najstar\u0161ieho po\u013enohospod\u00e1rskeho \u013eudu na \u00fazem\u00ed \u010ceskej republiky. Pr\u00e1ve tu bola n\u00e1jden\u00e1 unik\u00e1tna \u017eensk\u00e1 plastika &#8222;Venu\u0161a z Hlbok\u00fdch Ma\u0161\u016fvek&#8220;. Tento idol vysok\u00fd 36 cm a je po V\u011bstonickej Venu\u0161i, jedn\u00fdm z najpopul\u00e1rnej\u0161\u00edch neolitick\u00fdch n\u00e1lezov v\u00a0\u010cR.<\/p>\n<p>Viacej inform\u00e1ci\u00ed o Hlubok\u00fdch Ma\u0161\u016fvk\u00e1ch, n\u00e1jdete na:<\/p>\n<p><a href=\"http:\/\/www.hlubokemasuvky.cz\">www.hlubokemasuvky.cz<\/a><\/p>\n<p><strong>Dyj\u00e1kovice<\/strong><\/p>\n<p><strong><em>Pohrani\u010dn\u00e9 opevnenie &#8222;Z\u00e1vora&#8220;<\/em><\/strong><\/p>\n<p>Spolok MJ-S 15 v tesnom susedstve \u0161t\u00e1tnych hran\u00edc s\u00a0Rak\u00faskom, prev\u00e1dzkuje a postupne rekon\u0161truuje pechotn\u00fd zrub MJ-S 15 s kryc\u00edm menom &#8222;Z\u00e1vora&#8220; (vr\u00e1tane dvoch pri\u013eahl\u00fdch \u013eahk\u00fdch objektov vz. 37). Ide o typick\u00e9 stavby \u010deskoslovensk\u00e9ho predvojnov\u00e9ho opevnenia. Vzh\u013eadom k tomu, \u017ee bola &#8222;p\u00e4tn\u00e1stka&#8220; nesk\u00f4r zahrnut\u00e1 do celkovej koncepcie obrany \u0161t\u00e1tu proti &#8222;imperialistick\u00e9mu&#8220; Rak\u00fasku, \u00a0je na rozdiel od v\u00e4\u010d\u0161iny pechotn\u00fdch zrubov, v\u00fdnimo\u010dn\u00e1 nieko\u013ek\u00fdmi svojimi technick\u00fdmi \u00fapravami. N\u00e1v\u0161tevn\u00edk m\u00f4\u017ee vzhliadnu\u0165 modernizovan\u00fd filtra\u010dn\u00fd syst\u00e9m, strie\u013ene, vr\u00e1tane kompletn\u00e9ho vybavenia, origin\u00e1lne pumpu at\u010f.<\/p>\n<p>Viacej inform\u00e1ci\u00ed o opevnen\u00ed Z\u00e1vora, n\u00e1jdete na:<\/p>\n<p><a href=\"http:\/\/www.mjs15.cz\" target=\"_blank\" rel=\"noopener\">www.mjs15.cz<\/a><\/p>\n<p>Viacej o\u00a0akci\u00e1ch, n\u00e1jdete na:<\/p>\n<p><a href=\"http:\/\/www.technicalmuseum.cz\/akce\/den-pevnostnich-muzei-jizni-moravy-2018\">www.technicalmuseum.cz\/akce\/den-pevnostnich-muzei-jizni-moravy-2018<\/a><\/p>\n<p><strong>KULT\u00daRA<\/strong><\/p>\n<p><strong><em>Hudba Znojmo<\/em><\/strong><\/p>\n<p>Organiz\u00e1tor koncertov a hudobn\u00fdch festivalov so \u0161pi\u010dkov\u00fdm medzin\u00e1rodn\u00fdm obsaden\u00edm.<\/p>\n<p>Janu\u00e1rov\u00fd Jazzfest s patron\u00e1tom uzn\u00e1van\u00e9ho Petera Lipy zo Slovenska, priv\u00e1\u017ea ka\u017edoro\u010dne do Znojma svetov\u00fdch jazzmenov, pod v\u00fdre\u010dnou hlavi\u010dkou &#8222;Wine goes to Jazz!&#8220;.<\/p>\n<p>J\u00falov\u00fd Hudobn\u00fd festival Znojmo, raden\u00fd medzi TOP kult\u00farne podujatia \u010cR, je z\u00e1rukou excelentn\u00fdch koncertov nielen v Znojme, ale aj na najr\u00f4znej\u0161\u00edch miestach v okol\u00ed (na z\u00e1mkoch, v kostoloch alebo v N\u00e1rodnom parku Podyj\u00ed). Patr\u00f3nom podujatia s podtitulom &#8222;Festival ako v\u00edno&#8220; je hus\u013eov\u00fd virtu\u00f3z Pavel \u0160porcl a umeleck\u00fdm riadite\u013eom oce\u0148ovan\u00fd dirigent Roman V\u00e1lek.<\/p>\n<p>Unik\u00e1tne je tie\u017e prepojenie kvalitnej hudby s v\u00fdborn\u00fdm v\u00ednom. Akcia v\u017edy sprev\u00e1dza ochutn\u00e1vky vybran\u00fdch v\u00edn zo Znojemsk\u00e9 vin\u00e1rskej podoblasti a ob\u013e\u00faben\u00fdm spestren\u00edm s\u00fa aj gurm\u00e1nske z\u00e1\u017eitky.<\/p>\n<p>Viacej inform\u00e1ci\u00ed n\u00e1jdete tu:<\/p>\n<p><a href=\"http:\/\/www.jazzfestznojmo.cz\" target=\"_blank\" rel=\"noopener\">www.jazzfestznojmo.cz<\/a><\/p>\n<p><a href=\"http:\/\/www.hudbaznojmo.cz\">www.hudbaznojmo.cz<\/a><\/p>\n<p>&nbsp;<\/p>\n<p><strong>SLU\u017dBY<\/strong><\/p>\n<p><strong><em>Cyklo Klub Ku\u010dera (Znojmo)<\/em><\/strong><\/p>\n<p>V\u00fdznamn\u00fd partner pre milovn\u00edkov cykloturistiky na Znojemsku.<\/p>\n<p>Prev\u00e1dzkuje 1. Medzin\u00e1rodn\u00e9 cykloturistick\u00e9 centrum slu\u017eieb a inform\u00e1ci\u00ed v \u010cR &#8211; vo znojemskej Starej vod\u00e1rni.<br \/>\nPo\u017ei\u010diava bicykle, elektrobicykle, kolobe\u017eky \u010di \u0161liapac\u00e9 k\u00e1ry; organizuje pr\u00edmestskej t\u00e1bory, preteky a cykloakcie pre verejnos\u0165.<\/p>\n<p style=\"text-align: center;\"><a href=\"http:\/\/slovaklinesmagazin.sk\/cms\/wp-content\/uploads\/2018\/06\/20180610_104958.jpg\"><img loading=\"lazy\" decoding=\"async\" class=\"aligncenter\" src=\"http:\/\/slovaklinesmagazin.sk\/cms\/wp-content\/uploads\/2018\/06\/20180610_104958.jpg\" width=\"853\" height=\"480\" \/><\/a> <a href=\"http:\/\/slovaklinesmagazin.sk\/cms\/wp-content\/uploads\/2018\/06\/20180610_105427.jpg\"><img loading=\"lazy\" decoding=\"async\" class=\"aligncenter\" src=\"http:\/\/slovaklinesmagazin.sk\/cms\/wp-content\/uploads\/2018\/06\/20180610_105427.jpg\" width=\"855\" height=\"481\" \/><\/a> <a href=\"http:\/\/slovaklinesmagazin.sk\/cms\/wp-content\/uploads\/2018\/06\/20180610_105452.jpg\"><img loading=\"lazy\" decoding=\"async\" class=\"aligncenter\" src=\"http:\/\/slovaklinesmagazin.sk\/cms\/wp-content\/uploads\/2018\/06\/20180610_105452.jpg\" width=\"849\" height=\"478\" \/><\/a> <a href=\"http:\/\/slovaklinesmagazin.sk\/cms\/wp-content\/uploads\/2018\/06\/20180610_113231.jpg\"><img loading=\"lazy\" decoding=\"async\" class=\"aligncenter\" src=\"http:\/\/slovaklinesmagazin.sk\/cms\/wp-content\/uploads\/2018\/06\/20180610_113231.jpg\" width=\"851\" height=\"479\" \/><\/a><\/p>\n<p><a href=\"http:\/\/www.cykloklubkucera.cz\" target=\"_blank\" rel=\"noopener\">www.cykloklubkucera.cz<\/a><\/p>\n<p>&nbsp;<\/p>\n<p><strong>Hotel LAHOFER (Znojmo)<\/strong><\/p>\n<p>Za historick\u00fa fas\u00e1dou domu z prelomu 13. a 14. storo\u010dia, sa skr\u00fdva modern\u00fd dizajn a vybavenie zais\u0165uj\u00faci komfort 21. storo\u010dia. Hotelov\u00e1 re\u0161taur\u00e1cia patr\u00ed ku gurm\u00e1nskym miestam a jej ponuku dop\u013a\u0148a vinot\u00e9ka, ve\u013ek\u00e1 a mal\u00e1 v\u00ednna pivnica, lobby bar \u010di vonkaj\u0161ia z\u00e1hradka.<\/p>\n<p style=\"text-align: center;\"><a href=\"http:\/\/slovaklinesmagazin.sk\/cms\/wp-content\/uploads\/2018\/06\/HL_galerie_02.jpg\"><img decoding=\"async\" class=\"aligncenter\" src=\"http:\/\/slovaklinesmagazin.sk\/cms\/wp-content\/uploads\/2018\/06\/HL_galerie_02.jpg\" \/><\/a> <a href=\"http:\/\/slovaklinesmagazin.sk\/cms\/wp-content\/uploads\/2018\/06\/HL_galerie_03.jpg\"><img decoding=\"async\" class=\"aligncenter\" src=\"http:\/\/slovaklinesmagazin.sk\/cms\/wp-content\/uploads\/2018\/06\/HL_galerie_03.jpg\" \/><\/a> <a href=\"http:\/\/slovaklinesmagazin.sk\/cms\/wp-content\/uploads\/2018\/06\/HL_galerie_06.jpg\"><img decoding=\"async\" class=\"aligncenter\" src=\"http:\/\/slovaklinesmagazin.sk\/cms\/wp-content\/uploads\/2018\/06\/HL_galerie_06.jpg\" \/><\/a> <a href=\"http:\/\/slovaklinesmagazin.sk\/cms\/wp-content\/uploads\/2018\/06\/HL_galerie_09.jpg\"><img decoding=\"async\" class=\"aligncenter\" src=\"http:\/\/slovaklinesmagazin.sk\/cms\/wp-content\/uploads\/2018\/06\/HL_galerie_09.jpg\" \/><\/a><\/p>\n<p><a href=\"http:\/\/www.lahofer.cz\/cs\/hotel\" target=\"_blank\" rel=\"noopener\">www.lahofer.cz\/cs\/hotel<\/a><\/p>\n<p>&nbsp;<\/p>\n<p><strong>Hotel Savannah (Chvalovice-Hat\u011b)<\/strong><\/p>\n<p>Komfortn\u00fd hotel, le\u017eiaci na hrani\u010dnom priechode, pon\u00faka 70 dvojposte\u013eov\u00fdch izieb, 6 luxusn\u00fdch apartm\u00e1nov, 8 konferen\u010dn\u00fdch s\u00e1l, fitness, spa a wellness centrum. S\u00fa\u010das\u0165ou hotela je aj centrum pravej Ajurv\u00e9dskej medic\u00edny s terapeutmi zo Sr\u00ed Lanky a luxusn\u00e9 kozmetick\u00e9 \u0161t\u00fadio.<\/p>\n<p style=\"text-align: center;\"><a href=\"http:\/\/slovaklinesmagazin.sk\/cms\/wp-content\/uploads\/2018\/06\/IMG_1466.jpg\"><img loading=\"lazy\" decoding=\"async\" class=\"aligncenter\" src=\"http:\/\/slovaklinesmagazin.sk\/cms\/wp-content\/uploads\/2018\/06\/IMG_1466.jpg\" width=\"849\" height=\"488\" \/><\/a> <a href=\"http:\/\/slovaklinesmagazin.sk\/cms\/wp-content\/uploads\/2018\/06\/Executive-Room.jpg\"><img loading=\"lazy\" decoding=\"async\" class=\"aligncenter\" src=\"http:\/\/slovaklinesmagazin.sk\/cms\/wp-content\/uploads\/2018\/06\/Executive-Room.jpg\" width=\"849\" height=\"566\" \/><\/a> <a href=\"http:\/\/slovaklinesmagazin.sk\/cms\/wp-content\/uploads\/2018\/06\/Ajurveda8.jpg\"><img loading=\"lazy\" decoding=\"async\" class=\"aligncenter\" src=\"http:\/\/slovaklinesmagazin.sk\/cms\/wp-content\/uploads\/2018\/06\/Ajurveda8.jpg\" width=\"852\" height=\"568\" \/><\/a> <a href=\"http:\/\/slovaklinesmagazin.sk\/cms\/wp-content\/uploads\/2018\/06\/1-1.jpg\"><img loading=\"lazy\" decoding=\"async\" class=\"aligncenter\" src=\"http:\/\/slovaklinesmagazin.sk\/cms\/wp-content\/uploads\/2018\/06\/1-1.jpg\" width=\"853\" height=\"567\" \/><\/a><\/p>\n<p><a href=\"http:\/\/znojmo.twhotels.cz\" target=\"_blank\" rel=\"noopener\">http:\/\/znojmo.twhotels.cz<\/a><\/p>\n<p>&nbsp;<\/p>\n<p><strong>PREMIUM Hotel (Znojmo)<\/strong><\/p>\n<p>Komfortn\u00e9 ubytovanie v modern\u00fdch izb\u00e1ch. K dispoz\u00edcii je skvel\u00e1 gastron\u00f3mia, re\u0161taur\u00e1cia, vin\u00e1re\u0148, bar. Je mo\u017en\u00e9 organizova\u0165 kongresy, konferencie, firemn\u00e9 akcie, \u0161koliace stredisko, spolo\u010densk\u00e9 party, rodinn\u00e9 oslavy do 400 os\u00f4b. Wellness, sauna, fitnes, sol\u00e1rium, mas\u00e1\u017ee.<\/p>\n<p style=\"text-align: center;\"><a href=\"http:\/\/slovaklinesmagazin.sk\/cms\/wp-content\/uploads\/2018\/06\/01.jpg\"><img loading=\"lazy\" decoding=\"async\" class=\"aligncenter\" src=\"http:\/\/slovaklinesmagazin.sk\/cms\/wp-content\/uploads\/2018\/06\/01.jpg\" width=\"850\" height=\"568\" \/><\/a> <a href=\"http:\/\/slovaklinesmagazin.sk\/cms\/wp-content\/uploads\/2018\/06\/02.jpg\"><img loading=\"lazy\" decoding=\"async\" class=\"aligncenter\" src=\"http:\/\/slovaklinesmagazin.sk\/cms\/wp-content\/uploads\/2018\/06\/02.jpg\" width=\"850\" height=\"568\" \/><\/a> <a href=\"http:\/\/slovaklinesmagazin.sk\/cms\/wp-content\/uploads\/2018\/06\/04.jpg\"><img loading=\"lazy\" decoding=\"async\" class=\"aligncenter\" src=\"http:\/\/slovaklinesmagazin.sk\/cms\/wp-content\/uploads\/2018\/06\/04.jpg\" width=\"847\" height=\"562\" \/><\/a> <a href=\"http:\/\/slovaklinesmagazin.sk\/cms\/wp-content\/uploads\/2018\/06\/08.jpg\"><img loading=\"lazy\" decoding=\"async\" class=\"aligncenter\" src=\"http:\/\/slovaklinesmagazin.sk\/cms\/wp-content\/uploads\/2018\/06\/08.jpg\" width=\"853\" height=\"570\" \/><\/a><\/p>\n<p><a href=\"http:\/\/www.premiumhotel.cz\" target=\"_blank\" rel=\"noopener\">www.premiumhotel.cz<\/a><\/p>\n<p>&nbsp;<\/p>\n<p>Fotografie boli pou\u017eit\u00e9 z arch\u00edvu redakcie Slovak Lines a z webstr\u00e1nok prezentovan\u00fdch inform\u00e1ci\u00ed.<\/p>\n<p>Viac fotografi\u00ed si m\u00f4\u017eete pozriet aj tu:<\/p>\n<div id='gallery-1' class='gallery galleryid-82396 gallery-columns-3 gallery-size-large'><figure class='gallery-item'>\n\t\t\t<div class='gallery-icon landscape'>\n\t\t\t\t<a href='https:\/\/www.slovaklinesmagazin.sk\/cms\/2018\/06\/presstrip-redakcie-slovak-lines-v-znojemskom-kraji\/hluboke-masuvky_img_8799_vyrez\/'><img loading=\"lazy\" decoding=\"async\" width=\"640\" height=\"437\" src=\"https:\/\/www.slovaklinesmagazin.sk\/cms\/wp-content\/uploads\/2018\/06\/Hlubok\u00e9-Ma\u0161\u016fvky_IMG_8799_vyrez-1024x699.jpg\" class=\"attachment-large size-large\" alt=\"\" aria-describedby=\"gallery-1-82920\" srcset=\"https:\/\/www.slovaklinesmagazin.sk\/cms\/wp-content\/uploads\/2018\/06\/Hlubok\u00e9-Ma\u0161\u016fvky_IMG_8799_vyrez-1024x699.jpg 1024w, https:\/\/www.slovaklinesmagazin.sk\/cms\/wp-content\/uploads\/2018\/06\/Hlubok\u00e9-Ma\u0161\u016fvky_IMG_8799_vyrez-300x205.jpg 300w, https:\/\/www.slovaklinesmagazin.sk\/cms\/wp-content\/uploads\/2018\/06\/Hlubok\u00e9-Ma\u0161\u016fvky_IMG_8799_vyrez-768x524.jpg 768w, https:\/\/www.slovaklinesmagazin.sk\/cms\/wp-content\/uploads\/2018\/06\/Hlubok\u00e9-Ma\u0161\u016fvky_IMG_8799_vyrez-600x409.jpg 600w, https:\/\/www.slovaklinesmagazin.sk\/cms\/wp-content\/uploads\/2018\/06\/Hlubok\u00e9-Ma\u0161\u016fvky_IMG_8799_vyrez-304x207.jpg 304w, https:\/\/www.slovaklinesmagazin.sk\/cms\/wp-content\/uploads\/2018\/06\/Hlubok\u00e9-Ma\u0161\u016fvky_IMG_8799_vyrez-296x202.jpg 296w\" sizes=\"auto, (max-width: 640px) 100vw, 640px\" \/><\/a>\n\t\t\t<\/div>\n\t\t\t\t<figcaption class='wp-caption-text gallery-caption' id='gallery-1-82920'>\n\t\t\t\tHlubok\u00e9 Ma\u0161\u016fvky\n\t\t\t\t<\/figcaption><\/figure><figure class='gallery-item'>\n\t\t\t<div class='gallery-icon landscape'>\n\t\t\t\t<a href='https:\/\/www.slovaklinesmagazin.sk\/cms\/2018\/06\/presstrip-redakcie-slovak-lines-v-znojemskom-kraji\/hluboke-masuvky_img_8809\/'><img loading=\"lazy\" decoding=\"async\" width=\"640\" height=\"427\" src=\"https:\/\/www.slovaklinesmagazin.sk\/cms\/wp-content\/uploads\/2018\/06\/Hlubok\u00e9-Ma\u0161\u016fvky_IMG_8809-1024x683.jpg\" class=\"attachment-large size-large\" alt=\"\" aria-describedby=\"gallery-1-82921\" srcset=\"https:\/\/www.slovaklinesmagazin.sk\/cms\/wp-content\/uploads\/2018\/06\/Hlubok\u00e9-Ma\u0161\u016fvky_IMG_8809-1024x683.jpg 1024w, https:\/\/www.slovaklinesmagazin.sk\/cms\/wp-content\/uploads\/2018\/06\/Hlubok\u00e9-Ma\u0161\u016fvky_IMG_8809-300x200.jpg 300w, https:\/\/www.slovaklinesmagazin.sk\/cms\/wp-content\/uploads\/2018\/06\/Hlubok\u00e9-Ma\u0161\u016fvky_IMG_8809-768x512.jpg 768w, https:\/\/www.slovaklinesmagazin.sk\/cms\/wp-content\/uploads\/2018\/06\/Hlubok\u00e9-Ma\u0161\u016fvky_IMG_8809-600x400.jpg 600w, https:\/\/www.slovaklinesmagazin.sk\/cms\/wp-content\/uploads\/2018\/06\/Hlubok\u00e9-Ma\u0161\u016fvky_IMG_8809-304x203.jpg 304w, https:\/\/www.slovaklinesmagazin.sk\/cms\/wp-content\/uploads\/2018\/06\/Hlubok\u00e9-Ma\u0161\u016fvky_IMG_8809-296x197.jpg 296w\" sizes=\"auto, (max-width: 640px) 100vw, 640px\" \/><\/a>\n\t\t\t<\/div>\n\t\t\t\t<figcaption class='wp-caption-text gallery-caption' id='gallery-1-82921'>\n\t\t\t\tHlubok\u00e9 Ma\u0161\u016fvky\n\t\t\t\t<\/figcaption><\/figure><figure class='gallery-item'>\n\t\t\t<div class='gallery-icon landscape'>\n\t\t\t\t<a href='https:\/\/www.slovaklinesmagazin.sk\/cms\/2018\/06\/presstrip-redakcie-slovak-lines-v-znojemskom-kraji\/hluboke-masuvky_img_8831\/'><img loading=\"lazy\" decoding=\"async\" width=\"640\" height=\"427\" src=\"https:\/\/www.slovaklinesmagazin.sk\/cms\/wp-content\/uploads\/2018\/06\/Hlubok\u00e9-Ma\u0161\u016fvky_IMG_8831-1024x683.jpg\" class=\"attachment-large size-large\" alt=\"\" aria-describedby=\"gallery-1-82922\" srcset=\"https:\/\/www.slovaklinesmagazin.sk\/cms\/wp-content\/uploads\/2018\/06\/Hlubok\u00e9-Ma\u0161\u016fvky_IMG_8831-1024x683.jpg 1024w, https:\/\/www.slovaklinesmagazin.sk\/cms\/wp-content\/uploads\/2018\/06\/Hlubok\u00e9-Ma\u0161\u016fvky_IMG_8831-300x200.jpg 300w, https:\/\/www.slovaklinesmagazin.sk\/cms\/wp-content\/uploads\/2018\/06\/Hlubok\u00e9-Ma\u0161\u016fvky_IMG_8831-768x512.jpg 768w, https:\/\/www.slovaklinesmagazin.sk\/cms\/wp-content\/uploads\/2018\/06\/Hlubok\u00e9-Ma\u0161\u016fvky_IMG_8831-600x400.jpg 600w, https:\/\/www.slovaklinesmagazin.sk\/cms\/wp-content\/uploads\/2018\/06\/Hlubok\u00e9-Ma\u0161\u016fvky_IMG_8831-304x203.jpg 304w, https:\/\/www.slovaklinesmagazin.sk\/cms\/wp-content\/uploads\/2018\/06\/Hlubok\u00e9-Ma\u0161\u016fvky_IMG_8831-296x197.jpg 296w\" sizes=\"auto, (max-width: 640px) 100vw, 640px\" \/><\/a>\n\t\t\t<\/div>\n\t\t\t\t<figcaption class='wp-caption-text gallery-caption' id='gallery-1-82922'>\n\t\t\t\tHlubok\u00e9 Ma\u0161\u016fvky\n\t\t\t\t<\/figcaption><\/figure><figure class='gallery-item'>\n\t\t\t<div class='gallery-icon landscape'>\n\t\t\t\t<a href='https:\/\/www.slovaklinesmagazin.sk\/cms\/2018\/06\/presstrip-redakcie-slovak-lines-v-znojemskom-kraji\/hluboke-masuvky_img_8862_vyrez\/'><img loading=\"lazy\" decoding=\"async\" width=\"640\" height=\"424\" src=\"https:\/\/www.slovaklinesmagazin.sk\/cms\/wp-content\/uploads\/2018\/06\/Hlubok\u00e9-Ma\u0161\u016fvky_IMG_8862_vyrez-1024x679.jpg\" class=\"attachment-large size-large\" alt=\"\" aria-describedby=\"gallery-1-82923\" srcset=\"https:\/\/www.slovaklinesmagazin.sk\/cms\/wp-content\/uploads\/2018\/06\/Hlubok\u00e9-Ma\u0161\u016fvky_IMG_8862_vyrez-1024x679.jpg 1024w, https:\/\/www.slovaklinesmagazin.sk\/cms\/wp-content\/uploads\/2018\/06\/Hlubok\u00e9-Ma\u0161\u016fvky_IMG_8862_vyrez-300x199.jpg 300w, https:\/\/www.slovaklinesmagazin.sk\/cms\/wp-content\/uploads\/2018\/06\/Hlubok\u00e9-Ma\u0161\u016fvky_IMG_8862_vyrez-768x510.jpg 768w, https:\/\/www.slovaklinesmagazin.sk\/cms\/wp-content\/uploads\/2018\/06\/Hlubok\u00e9-Ma\u0161\u016fvky_IMG_8862_vyrez-600x398.jpg 600w, https:\/\/www.slovaklinesmagazin.sk\/cms\/wp-content\/uploads\/2018\/06\/Hlubok\u00e9-Ma\u0161\u016fvky_IMG_8862_vyrez-304x202.jpg 304w, https:\/\/www.slovaklinesmagazin.sk\/cms\/wp-content\/uploads\/2018\/06\/Hlubok\u00e9-Ma\u0161\u016fvky_IMG_8862_vyrez-296x196.jpg 296w\" sizes=\"auto, (max-width: 640px) 100vw, 640px\" \/><\/a>\n\t\t\t<\/div>\n\t\t\t\t<figcaption class='wp-caption-text gallery-caption' id='gallery-1-82923'>\n\t\t\t\tHlubok\u00e9 Ma\u0161\u016fvky\n\t\t\t\t<\/figcaption><\/figure><figure class='gallery-item'>\n\t\t\t<div class='gallery-icon landscape'>\n\t\t\t\t<a href='https:\/\/www.slovaklinesmagazin.sk\/cms\/2018\/06\/presstrip-redakcie-slovak-lines-v-znojemskom-kraji\/hudba-znojmo_patron-festivalu-pavel-sporcl_foto-vitezslavotruba\/'><img loading=\"lazy\" decoding=\"async\" width=\"640\" height=\"428\" src=\"https:\/\/www.slovaklinesmagazin.sk\/cms\/wp-content\/uploads\/2018\/06\/Hudba-Znojmo_patron-festivalu-pavel-sporcl_foto-VitezslavOtruba-1024x684.jpg\" class=\"attachment-large size-large\" alt=\"\" aria-describedby=\"gallery-1-82924\" srcset=\"https:\/\/www.slovaklinesmagazin.sk\/cms\/wp-content\/uploads\/2018\/06\/Hudba-Znojmo_patron-festivalu-pavel-sporcl_foto-VitezslavOtruba-1024x684.jpg 1024w, https:\/\/www.slovaklinesmagazin.sk\/cms\/wp-content\/uploads\/2018\/06\/Hudba-Znojmo_patron-festivalu-pavel-sporcl_foto-VitezslavOtruba-300x200.jpg 300w, https:\/\/www.slovaklinesmagazin.sk\/cms\/wp-content\/uploads\/2018\/06\/Hudba-Znojmo_patron-festivalu-pavel-sporcl_foto-VitezslavOtruba-768x513.jpg 768w, https:\/\/www.slovaklinesmagazin.sk\/cms\/wp-content\/uploads\/2018\/06\/Hudba-Znojmo_patron-festivalu-pavel-sporcl_foto-VitezslavOtruba-600x401.jpg 600w, https:\/\/www.slovaklinesmagazin.sk\/cms\/wp-content\/uploads\/2018\/06\/Hudba-Znojmo_patron-festivalu-pavel-sporcl_foto-VitezslavOtruba-304x203.jpg 304w, https:\/\/www.slovaklinesmagazin.sk\/cms\/wp-content\/uploads\/2018\/06\/Hudba-Znojmo_patron-festivalu-pavel-sporcl_foto-VitezslavOtruba-296x198.jpg 296w\" sizes=\"auto, (max-width: 640px) 100vw, 640px\" \/><\/a>\n\t\t\t<\/div>\n\t\t\t\t<figcaption class='wp-caption-text gallery-caption' id='gallery-1-82924'>\n\t\t\t\tHudba Znojmo patron festivalu Pavel Sporcl Foto Vitezslav Otruba\n\t\t\t\t<\/figcaption><\/figure><figure class='gallery-item'>\n\t\t\t<div class='gallery-icon landscape'>\n\t\t\t\t<a href='https:\/\/www.slovaklinesmagazin.sk\/cms\/2018\/06\/presstrip-redakcie-slovak-lines-v-znojemskom-kraji\/hudba-znojmo_pribeh-o-kristu-2017_foto-petr-vokurek-82\/'><img loading=\"lazy\" decoding=\"async\" width=\"640\" height=\"427\" src=\"https:\/\/www.slovaklinesmagazin.sk\/cms\/wp-content\/uploads\/2018\/06\/Hudba-Znojmo_Pribeh-o-Kristu-2017_foto-Petr-Vokurek-82-1024x683.jpg\" class=\"attachment-large size-large\" alt=\"\" aria-describedby=\"gallery-1-82925\" srcset=\"https:\/\/www.slovaklinesmagazin.sk\/cms\/wp-content\/uploads\/2018\/06\/Hudba-Znojmo_Pribeh-o-Kristu-2017_foto-Petr-Vokurek-82-1024x683.jpg 1024w, https:\/\/www.slovaklinesmagazin.sk\/cms\/wp-content\/uploads\/2018\/06\/Hudba-Znojmo_Pribeh-o-Kristu-2017_foto-Petr-Vokurek-82-300x200.jpg 300w, https:\/\/www.slovaklinesmagazin.sk\/cms\/wp-content\/uploads\/2018\/06\/Hudba-Znojmo_Pribeh-o-Kristu-2017_foto-Petr-Vokurek-82-768x512.jpg 768w, https:\/\/www.slovaklinesmagazin.sk\/cms\/wp-content\/uploads\/2018\/06\/Hudba-Znojmo_Pribeh-o-Kristu-2017_foto-Petr-Vokurek-82-600x400.jpg 600w, https:\/\/www.slovaklinesmagazin.sk\/cms\/wp-content\/uploads\/2018\/06\/Hudba-Znojmo_Pribeh-o-Kristu-2017_foto-Petr-Vokurek-82-304x203.jpg 304w, https:\/\/www.slovaklinesmagazin.sk\/cms\/wp-content\/uploads\/2018\/06\/Hudba-Znojmo_Pribeh-o-Kristu-2017_foto-Petr-Vokurek-82-296x197.jpg 296w\" sizes=\"auto, (max-width: 640px) 100vw, 640px\" \/><\/a>\n\t\t\t<\/div>\n\t\t\t\t<figcaption class='wp-caption-text gallery-caption' id='gallery-1-82925'>\n\t\t\t\tHudba Znojmo Pribeh o Kristu 2017 foto Petr Vokurek \n\t\t\t\t<\/figcaption><\/figure><figure class='gallery-item'>\n\t\t\t<div class='gallery-icon landscape'>\n\t\t\t\t<a href='https:\/\/www.slovaklinesmagazin.sk\/cms\/2018\/06\/presstrip-redakcie-slovak-lines-v-znojemskom-kraji\/hudba-znojmo_pribeh-o-kristu-2017_foto-petr-vokurek-120\/'><img loading=\"lazy\" decoding=\"async\" width=\"640\" height=\"427\" src=\"https:\/\/www.slovaklinesmagazin.sk\/cms\/wp-content\/uploads\/2018\/06\/Hudba-Znojmo_Pribeh-o-Kristu-2017_foto-Petr-Vokurek-120-1024x683.jpg\" class=\"attachment-large size-large\" alt=\"\" aria-describedby=\"gallery-1-82926\" srcset=\"https:\/\/www.slovaklinesmagazin.sk\/cms\/wp-content\/uploads\/2018\/06\/Hudba-Znojmo_Pribeh-o-Kristu-2017_foto-Petr-Vokurek-120-1024x683.jpg 1024w, https:\/\/www.slovaklinesmagazin.sk\/cms\/wp-content\/uploads\/2018\/06\/Hudba-Znojmo_Pribeh-o-Kristu-2017_foto-Petr-Vokurek-120-300x200.jpg 300w, https:\/\/www.slovaklinesmagazin.sk\/cms\/wp-content\/uploads\/2018\/06\/Hudba-Znojmo_Pribeh-o-Kristu-2017_foto-Petr-Vokurek-120-768x512.jpg 768w, https:\/\/www.slovaklinesmagazin.sk\/cms\/wp-content\/uploads\/2018\/06\/Hudba-Znojmo_Pribeh-o-Kristu-2017_foto-Petr-Vokurek-120-600x400.jpg 600w, https:\/\/www.slovaklinesmagazin.sk\/cms\/wp-content\/uploads\/2018\/06\/Hudba-Znojmo_Pribeh-o-Kristu-2017_foto-Petr-Vokurek-120-304x203.jpg 304w, https:\/\/www.slovaklinesmagazin.sk\/cms\/wp-content\/uploads\/2018\/06\/Hudba-Znojmo_Pribeh-o-Kristu-2017_foto-Petr-Vokurek-120-296x197.jpg 296w\" sizes=\"auto, (max-width: 640px) 100vw, 640px\" \/><\/a>\n\t\t\t<\/div>\n\t\t\t\t<figcaption class='wp-caption-text gallery-caption' id='gallery-1-82926'>\n\t\t\t\tHudba Znojmo Pribeh o Kristu 2017 foto Petr Vokurek \n\t\t\t\t<\/figcaption><\/figure><figure class='gallery-item'>\n\t\t\t<div class='gallery-icon landscape'>\n\t\t\t\t<a href='https:\/\/www.slovaklinesmagazin.sk\/cms\/2018\/06\/presstrip-redakcie-slovak-lines-v-znojemskom-kraji\/chvalovice_dji_0016_vyrez\/'><img loading=\"lazy\" decoding=\"async\" width=\"640\" height=\"429\" src=\"https:\/\/www.slovaklinesmagazin.sk\/cms\/wp-content\/uploads\/2018\/06\/Chvalovice_DJI_0016_vyrez-1024x687.jpg\" class=\"attachment-large size-large\" alt=\"\" aria-describedby=\"gallery-1-82927\" srcset=\"https:\/\/www.slovaklinesmagazin.sk\/cms\/wp-content\/uploads\/2018\/06\/Chvalovice_DJI_0016_vyrez-1024x687.jpg 1024w, https:\/\/www.slovaklinesmagazin.sk\/cms\/wp-content\/uploads\/2018\/06\/Chvalovice_DJI_0016_vyrez-300x201.jpg 300w, https:\/\/www.slovaklinesmagazin.sk\/cms\/wp-content\/uploads\/2018\/06\/Chvalovice_DJI_0016_vyrez-768x516.jpg 768w, https:\/\/www.slovaklinesmagazin.sk\/cms\/wp-content\/uploads\/2018\/06\/Chvalovice_DJI_0016_vyrez-600x403.jpg 600w, https:\/\/www.slovaklinesmagazin.sk\/cms\/wp-content\/uploads\/2018\/06\/Chvalovice_DJI_0016_vyrez-304x204.jpg 304w, https:\/\/www.slovaklinesmagazin.sk\/cms\/wp-content\/uploads\/2018\/06\/Chvalovice_DJI_0016_vyrez-296x199.jpg 296w\" sizes=\"auto, (max-width: 640px) 100vw, 640px\" \/><\/a>\n\t\t\t<\/div>\n\t\t\t\t<figcaption class='wp-caption-text gallery-caption' id='gallery-1-82927'>\n\t\t\t\tChvalovice\n\t\t\t\t<\/figcaption><\/figure><figure class='gallery-item'>\n\t\t\t<div class='gallery-icon landscape'>\n\t\t\t\t<a href='https:\/\/www.slovaklinesmagazin.sk\/cms\/2018\/06\/presstrip-redakcie-slovak-lines-v-znojemskom-kraji\/chvalovice_dji_0017_vyrez\/'><img loading=\"lazy\" decoding=\"async\" width=\"640\" height=\"496\" src=\"https:\/\/www.slovaklinesmagazin.sk\/cms\/wp-content\/uploads\/2018\/06\/Chvalovice_DJI_0017_vyrez-1024x793.jpg\" class=\"attachment-large size-large\" alt=\"\" aria-describedby=\"gallery-1-82928\" srcset=\"https:\/\/www.slovaklinesmagazin.sk\/cms\/wp-content\/uploads\/2018\/06\/Chvalovice_DJI_0017_vyrez-1024x793.jpg 1024w, https:\/\/www.slovaklinesmagazin.sk\/cms\/wp-content\/uploads\/2018\/06\/Chvalovice_DJI_0017_vyrez-300x232.jpg 300w, https:\/\/www.slovaklinesmagazin.sk\/cms\/wp-content\/uploads\/2018\/06\/Chvalovice_DJI_0017_vyrez-768x595.jpg 768w, https:\/\/www.slovaklinesmagazin.sk\/cms\/wp-content\/uploads\/2018\/06\/Chvalovice_DJI_0017_vyrez-600x464.jpg 600w, https:\/\/www.slovaklinesmagazin.sk\/cms\/wp-content\/uploads\/2018\/06\/Chvalovice_DJI_0017_vyrez-304x235.jpg 304w, https:\/\/www.slovaklinesmagazin.sk\/cms\/wp-content\/uploads\/2018\/06\/Chvalovice_DJI_0017_vyrez-296x229.jpg 296w\" sizes=\"auto, (max-width: 640px) 100vw, 640px\" \/><\/a>\n\t\t\t<\/div>\n\t\t\t\t<figcaption class='wp-caption-text gallery-caption' id='gallery-1-82928'>\n\t\t\t\tChvalovice\n\t\t\t\t<\/figcaption><\/figure><figure class='gallery-item'>\n\t\t\t<div class='gallery-icon landscape'>\n\t\t\t\t<a href='https:\/\/www.slovaklinesmagazin.sk\/cms\/2018\/06\/presstrip-redakcie-slovak-lines-v-znojemskom-kraji\/chvalovice_img_7829-vyrez\/'><img loading=\"lazy\" decoding=\"async\" width=\"640\" height=\"425\" src=\"https:\/\/www.slovaklinesmagazin.sk\/cms\/wp-content\/uploads\/2018\/06\/Chvalovice_IMG_7829-vyrez-1024x680.jpg\" class=\"attachment-large size-large\" alt=\"\" aria-describedby=\"gallery-1-82929\" srcset=\"https:\/\/www.slovaklinesmagazin.sk\/cms\/wp-content\/uploads\/2018\/06\/Chvalovice_IMG_7829-vyrez-1024x680.jpg 1024w, https:\/\/www.slovaklinesmagazin.sk\/cms\/wp-content\/uploads\/2018\/06\/Chvalovice_IMG_7829-vyrez-300x199.jpg 300w, https:\/\/www.slovaklinesmagazin.sk\/cms\/wp-content\/uploads\/2018\/06\/Chvalovice_IMG_7829-vyrez-768x510.jpg 768w, https:\/\/www.slovaklinesmagazin.sk\/cms\/wp-content\/uploads\/2018\/06\/Chvalovice_IMG_7829-vyrez-600x399.jpg 600w, https:\/\/www.slovaklinesmagazin.sk\/cms\/wp-content\/uploads\/2018\/06\/Chvalovice_IMG_7829-vyrez-304x202.jpg 304w, https:\/\/www.slovaklinesmagazin.sk\/cms\/wp-content\/uploads\/2018\/06\/Chvalovice_IMG_7829-vyrez-296x197.jpg 296w\" sizes=\"auto, (max-width: 640px) 100vw, 640px\" \/><\/a>\n\t\t\t<\/div>\n\t\t\t\t<figcaption class='wp-caption-text gallery-caption' id='gallery-1-82929'>\n\t\t\t\tChvalovice\n\t\t\t\t<\/figcaption><\/figure><figure class='gallery-item'>\n\t\t\t<div class='gallery-icon landscape'>\n\t\t\t\t<a href='https:\/\/www.slovaklinesmagazin.sk\/cms\/2018\/06\/presstrip-redakcie-slovak-lines-v-znojemskom-kraji\/jevisovice_stary-zamek-a-predzamci-2\/'><img loading=\"lazy\" decoding=\"async\" width=\"640\" height=\"431\" src=\"https:\/\/www.slovaklinesmagazin.sk\/cms\/wp-content\/uploads\/2018\/06\/Jevi\u0161ovice_Star\u00fd-z\u00e1mek-a-P\u0159edz\u00e1m\u010d\u00ed-2-1024x690.jpg\" class=\"attachment-large size-large\" alt=\"\" aria-describedby=\"gallery-1-82930\" srcset=\"https:\/\/www.slovaklinesmagazin.sk\/cms\/wp-content\/uploads\/2018\/06\/Jevi\u0161ovice_Star\u00fd-z\u00e1mek-a-P\u0159edz\u00e1m\u010d\u00ed-2-1024x690.jpg 1024w, https:\/\/www.slovaklinesmagazin.sk\/cms\/wp-content\/uploads\/2018\/06\/Jevi\u0161ovice_Star\u00fd-z\u00e1mek-a-P\u0159edz\u00e1m\u010d\u00ed-2-300x202.jpg 300w, https:\/\/www.slovaklinesmagazin.sk\/cms\/wp-content\/uploads\/2018\/06\/Jevi\u0161ovice_Star\u00fd-z\u00e1mek-a-P\u0159edz\u00e1m\u010d\u00ed-2-768x518.jpg 768w, https:\/\/www.slovaklinesmagazin.sk\/cms\/wp-content\/uploads\/2018\/06\/Jevi\u0161ovice_Star\u00fd-z\u00e1mek-a-P\u0159edz\u00e1m\u010d\u00ed-2-600x405.jpg 600w, https:\/\/www.slovaklinesmagazin.sk\/cms\/wp-content\/uploads\/2018\/06\/Jevi\u0161ovice_Star\u00fd-z\u00e1mek-a-P\u0159edz\u00e1m\u010d\u00ed-2-304x205.jpg 304w, https:\/\/www.slovaklinesmagazin.sk\/cms\/wp-content\/uploads\/2018\/06\/Jevi\u0161ovice_Star\u00fd-z\u00e1mek-a-P\u0159edz\u00e1m\u010d\u00ed-2-296x200.jpg 296w\" sizes=\"auto, (max-width: 640px) 100vw, 640px\" \/><\/a>\n\t\t\t<\/div>\n\t\t\t\t<figcaption class='wp-caption-text gallery-caption' id='gallery-1-82930'>\n\t\t\t\tJevi\u0161ovice Star\u00fd z\u00e1mek a P\u0159edz\u00e1m\u010d\u00ed \n\t\t\t\t<\/figcaption><\/figure><figure class='gallery-item'>\n\t\t\t<div class='gallery-icon landscape'>\n\t\t\t\t<a href='https:\/\/www.slovaklinesmagazin.sk\/cms\/2018\/06\/presstrip-redakcie-slovak-lines-v-znojemskom-kraji\/moravsky-krumlov-sv-florian-2\/'><img loading=\"lazy\" decoding=\"async\" width=\"640\" height=\"427\" src=\"https:\/\/www.slovaklinesmagazin.sk\/cms\/wp-content\/uploads\/2018\/06\/Moravsk\u00fd-Krumlov-sv-Flori\u00e1n-2-1024x683.jpg\" class=\"attachment-large size-large\" alt=\"\" aria-describedby=\"gallery-1-82931\" srcset=\"https:\/\/www.slovaklinesmagazin.sk\/cms\/wp-content\/uploads\/2018\/06\/Moravsk\u00fd-Krumlov-sv-Flori\u00e1n-2-1024x683.jpg 1024w, https:\/\/www.slovaklinesmagazin.sk\/cms\/wp-content\/uploads\/2018\/06\/Moravsk\u00fd-Krumlov-sv-Flori\u00e1n-2-300x200.jpg 300w, https:\/\/www.slovaklinesmagazin.sk\/cms\/wp-content\/uploads\/2018\/06\/Moravsk\u00fd-Krumlov-sv-Flori\u00e1n-2-768x512.jpg 768w, https:\/\/www.slovaklinesmagazin.sk\/cms\/wp-content\/uploads\/2018\/06\/Moravsk\u00fd-Krumlov-sv-Flori\u00e1n-2-600x400.jpg 600w, https:\/\/www.slovaklinesmagazin.sk\/cms\/wp-content\/uploads\/2018\/06\/Moravsk\u00fd-Krumlov-sv-Flori\u00e1n-2-304x203.jpg 304w, https:\/\/www.slovaklinesmagazin.sk\/cms\/wp-content\/uploads\/2018\/06\/Moravsk\u00fd-Krumlov-sv-Flori\u00e1n-2-296x197.jpg 296w\" sizes=\"auto, (max-width: 640px) 100vw, 640px\" \/><\/a>\n\t\t\t<\/div>\n\t\t\t\t<figcaption class='wp-caption-text gallery-caption' id='gallery-1-82931'>\n\t\t\t\tMoravsk\u00fd Krumlov sv. Flori\u00e1n \n\t\t\t\t<\/figcaption><\/figure><figure class='gallery-item'>\n\t\t\t<div class='gallery-icon landscape'>\n\t\t\t\t<a href='https:\/\/www.slovaklinesmagazin.sk\/cms\/2018\/06\/presstrip-redakcie-slovak-lines-v-znojemskom-kraji\/vranovska-plaz_dji_0016-2\/'><img loading=\"lazy\" decoding=\"async\" width=\"640\" height=\"426\" src=\"https:\/\/www.slovaklinesmagazin.sk\/cms\/wp-content\/uploads\/2018\/06\/Vranovska-plaz_DJI_0016-2-1024x682.jpg\" class=\"attachment-large size-large\" alt=\"\" aria-describedby=\"gallery-1-82932\" srcset=\"https:\/\/www.slovaklinesmagazin.sk\/cms\/wp-content\/uploads\/2018\/06\/Vranovska-plaz_DJI_0016-2-1024x682.jpg 1024w, https:\/\/www.slovaklinesmagazin.sk\/cms\/wp-content\/uploads\/2018\/06\/Vranovska-plaz_DJI_0016-2-300x200.jpg 300w, https:\/\/www.slovaklinesmagazin.sk\/cms\/wp-content\/uploads\/2018\/06\/Vranovska-plaz_DJI_0016-2-768x512.jpg 768w, https:\/\/www.slovaklinesmagazin.sk\/cms\/wp-content\/uploads\/2018\/06\/Vranovska-plaz_DJI_0016-2-600x400.jpg 600w, https:\/\/www.slovaklinesmagazin.sk\/cms\/wp-content\/uploads\/2018\/06\/Vranovska-plaz_DJI_0016-2-304x203.jpg 304w, https:\/\/www.slovaklinesmagazin.sk\/cms\/wp-content\/uploads\/2018\/06\/Vranovska-plaz_DJI_0016-2-296x197.jpg 296w\" sizes=\"auto, (max-width: 640px) 100vw, 640px\" \/><\/a>\n\t\t\t<\/div>\n\t\t\t\t<figcaption class='wp-caption-text gallery-caption' id='gallery-1-82932'>\n\t\t\t\tVranovska pl\u00e1\u017e\n\t\t\t\t<\/figcaption><\/figure><figure class='gallery-item'>\n\t\t\t<div class='gallery-icon landscape'>\n\t\t\t\t<a href='https:\/\/www.slovaklinesmagazin.sk\/cms\/2018\/06\/presstrip-redakcie-slovak-lines-v-znojemskom-kraji\/vranovska-plaz_panorama8-let\/'><img loading=\"lazy\" decoding=\"async\" width=\"640\" height=\"213\" src=\"https:\/\/www.slovaklinesmagazin.sk\/cms\/wp-content\/uploads\/2018\/06\/Vranovska-plaz_panorama8-let-1024x340.jpg\" class=\"attachment-large size-large\" alt=\"\" aria-describedby=\"gallery-1-82933\" srcset=\"https:\/\/www.slovaklinesmagazin.sk\/cms\/wp-content\/uploads\/2018\/06\/Vranovska-plaz_panorama8-let-1024x340.jpg 1024w, https:\/\/www.slovaklinesmagazin.sk\/cms\/wp-content\/uploads\/2018\/06\/Vranovska-plaz_panorama8-let-300x100.jpg 300w, https:\/\/www.slovaklinesmagazin.sk\/cms\/wp-content\/uploads\/2018\/06\/Vranovska-plaz_panorama8-let-768x255.jpg 768w, https:\/\/www.slovaklinesmagazin.sk\/cms\/wp-content\/uploads\/2018\/06\/Vranovska-plaz_panorama8-let-600x199.jpg 600w, https:\/\/www.slovaklinesmagazin.sk\/cms\/wp-content\/uploads\/2018\/06\/Vranovska-plaz_panorama8-let-304x101.jpg 304w, https:\/\/www.slovaklinesmagazin.sk\/cms\/wp-content\/uploads\/2018\/06\/Vranovska-plaz_panorama8-let-296x98.jpg 296w\" sizes=\"auto, (max-width: 640px) 100vw, 640px\" \/><\/a>\n\t\t\t<\/div>\n\t\t\t\t<figcaption class='wp-caption-text gallery-caption' id='gallery-1-82933'>\n\t\t\t\tVranovska pl\u00e1\u017e\n\t\t\t\t<\/figcaption><\/figure><figure class='gallery-item'>\n\t\t\t<div class='gallery-icon landscape'>\n\t\t\t\t<a href='https:\/\/www.slovaklinesmagazin.sk\/cms\/2018\/06\/presstrip-redakcie-slovak-lines-v-znojemskom-kraji\/zamek-moravsky-krumlov-nadvori-1\/'><img loading=\"lazy\" decoding=\"async\" width=\"640\" height=\"426\" src=\"https:\/\/www.slovaklinesmagazin.sk\/cms\/wp-content\/uploads\/2018\/06\/Z\u00e1mek-Moravsk\u00fd-Krumlov-n\u00e1dvo\u0159\u00ed-1-1024x682.jpg\" class=\"attachment-large size-large\" alt=\"\" aria-describedby=\"gallery-1-82935\" srcset=\"https:\/\/www.slovaklinesmagazin.sk\/cms\/wp-content\/uploads\/2018\/06\/Z\u00e1mek-Moravsk\u00fd-Krumlov-n\u00e1dvo\u0159\u00ed-1-1024x682.jpg 1024w, https:\/\/www.slovaklinesmagazin.sk\/cms\/wp-content\/uploads\/2018\/06\/Z\u00e1mek-Moravsk\u00fd-Krumlov-n\u00e1dvo\u0159\u00ed-1-300x200.jpg 300w, https:\/\/www.slovaklinesmagazin.sk\/cms\/wp-content\/uploads\/2018\/06\/Z\u00e1mek-Moravsk\u00fd-Krumlov-n\u00e1dvo\u0159\u00ed-1-768x512.jpg 768w, https:\/\/www.slovaklinesmagazin.sk\/cms\/wp-content\/uploads\/2018\/06\/Z\u00e1mek-Moravsk\u00fd-Krumlov-n\u00e1dvo\u0159\u00ed-1-600x400.jpg 600w, https:\/\/www.slovaklinesmagazin.sk\/cms\/wp-content\/uploads\/2018\/06\/Z\u00e1mek-Moravsk\u00fd-Krumlov-n\u00e1dvo\u0159\u00ed-1-304x203.jpg 304w, https:\/\/www.slovaklinesmagazin.sk\/cms\/wp-content\/uploads\/2018\/06\/Z\u00e1mek-Moravsk\u00fd-Krumlov-n\u00e1dvo\u0159\u00ed-1-296x197.jpg 296w\" sizes=\"auto, (max-width: 640px) 100vw, 640px\" \/><\/a>\n\t\t\t<\/div>\n\t\t\t\t<figcaption class='wp-caption-text gallery-caption' id='gallery-1-82935'>\n\t\t\t\tZ\u00e1mek Moravsk\u00fd Krumlov n\u00e1dvo\u0159\u00ed\n\t\t\t\t<\/figcaption><\/figure>\n\t\t<\/div>\n\n<p>&nbsp;<\/p>\n","protected":false},"excerpt":{"rendered":"<p>Z \u010dasu na \u010das dost\u00e1vame do na\u0161ej redakcii pozv\u00e1nky na pracovn\u00e9 cesty do r\u00f4znych regi\u00f3nov Slovenska, popr\u00edpade celej Eur\u00f3py. Po\u010das t\u00fdchto ciest sa na\u0161i redaktori oboznamuj\u00fa s ponukami a turistick\u00fdmi zauj\u00edmavos\u0165ami toho ktor\u00e9ho kraja a oblasti. Samozrejme, to \u010do n\u00e1s najviac zaujme &#8211;\u00a0 o tom nap\u00ed\u0161eme &#8211; a v\u00e1s, na\u0161ich \u010ditate\u013eov na tieto zauj\u00edmavosti upozorn\u00edme. [&hellip;]<\/p>\n","protected":false},"author":7,"featured_media":82424,"comment_status":"closed","ping_status":"closed","sticky":false,"template":"","format":"standard","meta":{"footnotes":""},"categories":[58,13,46,45,1,52,53,56,50],"tags":[],"class_list":["post-82396","post","type-post","status-publish","format-standard","has-post-thumbnail","hentry","category-architektura","category-real-estate","category-gastronomia","category-nas-tip","category-nezaradene","category-outdoor","category-ponuky","category-priroda","category-radim-vam","eq-blocks"],"_links":{"self":[{"href":"https:\/\/www.slovaklinesmagazin.sk\/cms\/wp-json\/wp\/v2\/posts\/82396","targetHints":{"allow":["GET"]}}],"collection":[{"href":"https:\/\/www.slovaklinesmagazin.sk\/cms\/wp-json\/wp\/v2\/posts"}],"about":[{"href":"https:\/\/www.slovaklinesmagazin.sk\/cms\/wp-json\/wp\/v2\/types\/post"}],"author":[{"embeddable":true,"href":"https:\/\/www.slovaklinesmagazin.sk\/cms\/wp-json\/wp\/v2\/users\/7"}],"replies":[{"embeddable":true,"href":"https:\/\/www.slovaklinesmagazin.sk\/cms\/wp-json\/wp\/v2\/comments?post=82396"}],"version-history":[{"count":6,"href":"https:\/\/www.slovaklinesmagazin.sk\/cms\/wp-json\/wp\/v2\/posts\/82396\/revisions"}],"predecessor-version":[{"id":82936,"href":"https:\/\/www.slovaklinesmagazin.sk\/cms\/wp-json\/wp\/v2\/posts\/82396\/revisions\/82936"}],"wp:featuredmedia":[{"embeddable":true,"href":"https:\/\/www.slovaklinesmagazin.sk\/cms\/wp-json\/wp\/v2\/media\/82424"}],"wp:attachment":[{"href":"https:\/\/www.slovaklinesmagazin.sk\/cms\/wp-json\/wp\/v2\/media?parent=82396"}],"wp:term":[{"taxonomy":"category","embeddable":true,"href":"https:\/\/www.slovaklinesmagazin.sk\/cms\/wp-json\/wp\/v2\/categories?post=82396"},{"taxonomy":"post_tag","embeddable":true,"href":"https:\/\/www.slovaklinesmagazin.sk\/cms\/wp-json\/wp\/v2\/tags?post=82396"}],"curies":[{"name":"wp","href":"https:\/\/api.w.org\/{rel}","templated":true}]}}