{"id":82468,"date":"2018-06-25T12:47:51","date_gmt":"2018-06-25T10:47:51","guid":{"rendered":"http:\/\/slovaklinesmagazin.sk\/cms\/?p=82468"},"modified":"2018-06-25T13:18:43","modified_gmt":"2018-06-25T11:18:43","slug":"nadmerna-regulacia-brzdi-modernych-spotrebitelov","status":"publish","type":"post","link":"https:\/\/www.slovaklinesmagazin.sk\/cms\/2018\/06\/nadmerna-regulacia-brzdi-modernych-spotrebitelov\/","title":{"rendered":"Nadmern\u00e1 regul\u00e1cia brzd\u00ed modern\u00fdch spotrebite\u013eov"},"content":{"rendered":"<p><strong>Vznikaj\u00faci In\u0161tit\u00fat modern\u00e9ho spotrebite\u013ea bude zastupova\u0165 hlas z\u00e1kazn\u00edkov vyu\u017e\u00edvaj\u00facich pokrokov\u00e9 technol\u00f3gie v\u00a0ka\u017edodennom \u017eivote. S\u00a0t\u00fdmto z\u00e1merom zdru\u017e\u00ed vybran\u00fdch odborn\u00edkov a prinesie kon\u0161trukt\u00edvne n\u00e1vrhy ako in\u0161pir\u00e1ciu pre \u0161t\u00e1t. Pr\u00e1ve rozmach inovat\u00edvnych slu\u017eieb predstavuje v\u00fdzvu, ako modernizova\u0165 s\u00fa\u010dasn\u00fa legislat\u00edvu v\u00a0prospech v\u0161etk\u00fdch.<\/strong><\/p>\n<p>Uvedenie In\u0161tit\u00fatu modern\u00e9ho spotrebite\u013ea prich\u00e1dza ako reakcia na cite\u013en\u00fd spolo\u010densk\u00fd dopyt po novom druhu inovat\u00edvnych slu\u017eieb. <em>\u201eAktu\u00e1lne pripravujeme otvorenie viacer\u00fdch d\u00f4le\u017eit\u00fdch t\u00e9m. S\u00favisie\u0165 bud\u00fa ur\u010dite aj so zdie\u013eanou ekonomikou, digit\u00e1lnymi slu\u017ebami a\u00a0inovat\u00edvnymi \u201csmart\u201c rie\u0161eniami\u00a0 \u2013 \u010di u\u017e hovor\u00edme o ich vplyve na zamestnanos\u0165 alebo celkovom pr\u00ednose pre\u00a0spolo\u010densk\u00fd rozvoj krajiny,\u201c<\/em> vysvet\u013euje riadite\u013e In\u0161tit\u00fat modern\u00e9ho spotrebite\u013ea Michal Kardo\u0161.<\/p>\n<p>Inovat\u00edvne slu\u017eby si z\u00edskavaj\u00fa \u010doraz v\u00e4\u010d\u0161iu priaze\u0148 v\u010faka\u00a0n\u00e1stupu novej pracovne akt\u00edvnej gener\u00e1cie. Niektor\u00fa zo slu\u017eieb zdie\u013eanej ekonomiky vyu\u017eilo 27 % spotrebite\u013eov v E\u00da vo veku 25 a\u00a039 rokov v\u00a0porovnan\u00ed s\u00a010-percentn\u00fdm podielom v skupine nad 55 rokov, uk\u00e1zali v\u00fdsledky prieskumu Eurobarometer.<\/p>\n<p><em>\u201ePreferencie \u013eud\u00ed s\u00fa jasn\u00e9. Diskusiu o\u00a0z\u00e1kazoch a\u00a0re\u0161trikci\u00e1ch potrebujeme nahradi\u0165 racion\u00e1lnymi,\u00a0vecn\u00fdmi rie\u0161eniami. Aby na trhu platili pravidl\u00e1 fair-play a zdrav\u00e1 konkurencia vytv\u00e1rala tlak na vysok\u00fa kvalitu slu\u017eieb, z\u00a0\u010doho na konci d\u0148a profituje z\u00e1kazn\u00edk,\u201c <\/em>uviedol Michal Kardo\u0161.<\/p>\n<p><strong>Potenci\u00e1l s\u00a0miliardovou hodnotou<\/strong><\/p>\n<p>In\u0161tit\u00fat modern\u00e9ho spotrebite\u013ea v\u00edta, \u017ee priestor na zmenu legislat\u00edvy deklarovalo v\u00a0minulom roku aj ministerstvo hospod\u00e1rstva SR. Zdie\u013ean\u00e1 ekonomika by toti\u017e mohla naprie\u010d \u0161t\u00e1tmi E\u00da vytv\u00e1ra\u0165 pridan\u00fa hodnotu vo v\u00fd\u0161ke 572 mili\u00e1rd eur, uk\u00e1zala \u0161t\u00fadia Eur\u00f3pskeho parlamentu.<\/p>\n<p>V oblasti podpory modern\u00fdch a inovat\u00edvnych slu\u017eieb Slovensko re\u00e1lne zaost\u00e1va, hoci ich podporuje aj Eur\u00f3pska komisia. \u201e<em>Slu\u017eby zdie\u013eanej a digit\u00e1lnej ekonomiky nie s\u00fa \u017eiadny imid\u017eov\u00fd doplnok a\u00a0u\u017e v\u00f4bec nepatria do akejsi \u0161edej z\u00f3ny podnikania. Naopak, vytv\u00e1raj\u00fa re\u00e1lny pr\u00ednos pre krajinu. D\u00f4le\u017eit\u00e9 je v\u0161ak ich spr\u00e1vne ukotvenie z\u00a0poh\u013eadu legislat\u00edvy, aby mal z\u00e1kazn\u00edk istotu plnohodnotnej, komfortnej a transparentnej sk\u00fasenosti,\u201c <\/em>zd\u00f4raznil Michal Kardo\u0161.<\/p>\n<p><strong>In\u0161pir\u00e1ciu \u010derpajme v\u00a0zahrani\u010d\u00ed<\/strong><\/p>\n<p>Jednou z t\u00e9m pre nov\u00fa expertn\u00fa platformu bude zmena legislat\u00edvy t\u00fdkaj\u00facej sa dopravn\u00fdch aplik\u00e1ci\u00ed pre smartf\u00f3ny. Nov\u00e9 pravidl\u00e1 by mali vst\u00fapi\u0165 do platnosti u\u017e tento rok. Pripravovan\u00fd z\u00e1kon o\u00a0cestnej doprave aktu\u00e1lne posunulo ministerstvo dopravy do\u00a0medzirezortn\u00e9ho pripomienkov\u00e9ho konania.<\/p>\n<p>K\u00a0navrhnut\u00fdm zmen\u00e1m sa u\u017e \u010doskoro vyjadr\u00ed In\u0161tit\u00fat modern\u00e9ho spotrebite\u013ea. Poukazova\u0165 chce najm\u00e4 na dobr\u00fa prax z\u00a0in\u00fdch kraj\u00edn, kde nadmern\u00fa regul\u00e1ciu \u00fa\u010dinne odb\u00faravaj\u00fa. Ide napr\u00edklad o\u00a0Est\u00f3nsko \u010di F\u00ednsko, pri\u010dom najnov\u0161ie sa touto cestou vyd\u00e1va aj \u010cesko.<\/p>\n<p><strong>Verejn\u00fd apel odborn\u00edkov<\/strong><\/p>\n<p>In\u0161tit\u00fat modern\u00e9ho spotrebite\u013ea reprezentuj\u00fa odborn\u00edci, ktor\u00ed sa dlhodobo venuj\u00fa spolo\u010densk\u00fdm t\u00e9mam d\u00f4le\u017eit\u00fdm pre napredovanie jednotliv\u00fdch odvetv\u00ed ekonomiky krajiny. V\u00a0\u00falohe riadite\u013ea expertnej platformy bude vystupova\u0165 Michal Kardo\u0161. Analytick\u00fd poh\u013ead zastre\u0161\u00ed\u00a0 Martin Reguli z\u00a0Nad\u00e1cie F. A. Hayeka.<\/p>\n<p><strong>Michal Kardo\u0161, riadite\u013e In\u0161tit\u00fatu modern\u00e9ho spotrebite\u013ea:<\/strong><\/p>\n<p>Michal Kardo\u0161 vystupuje ako odborn\u00edk na podnikate\u013esk\u00e9 prostredie, legislat\u00edvu \u010di komunik\u00e1ciu s org\u00e1nmi \u0161t\u00e1tnej a verejnej spr\u00e1vy. Svoju expert\u00edzu nadobudol p\u00f4soben\u00edm vo verejnej spr\u00e1ve ako odborn\u00edk na podporu slovensk\u00fdch firiem v zahrani\u010d\u00ed v r\u00e1mci organiz\u00e1cie SARIO, kde viedol odbor podpory exportu a v etablovan\u00fdch organiz\u00e1ci\u00e1ch tretieho sektora ako Americk\u00e1 obchodn\u00e1 komora v SR, kde bol zodpovedn\u00fd za vz\u0165ahy s vl\u00e1dou.<\/p>\n<p>Akt\u00edvne spolupracoval so s\u00fakromn\u00fdm sektorom v oblasti verejn\u00fdch politik v r\u00f4znych sektoroch v SR a na \u00farovni Eur\u00f3pskej \u00fanie. Michal Kardo\u0161 \u0161tudoval medzin\u00e1rodne vz\u0165ahy na Ekonomickej univerzite v Bratislave a ekon\u00f3miu na Univerzite v Oxforde. Tie\u017e absolvoval \u0161tudijn\u00e9 pobyty vo Franc\u00fazsku, Rusku a na Islande.<\/p>\n<p>V poslednom obdob\u00ed sa akt\u00edvne venoval najm\u00e4 oblastiam podpory podnikania, inov\u00e1ci\u00ed a startupov. Vzh\u013eadom na siln\u00fd prienik s problematikou pozit\u00edvneho orient\u00e1cie na z\u00e1kazn\u00edka, svoje nadobudnut\u00e9 know-how sa rozhodol z\u00faro\u010di\u0165 v projekte In\u0161tit\u00fatu modern\u00e9ho spotrebite\u013ea. Michal Kardo\u0161 m\u00e1 z\u00e1ujem zastupova\u0165 hlas spotrebite\u013eov vyu\u017e\u00edvaj\u00facich moderne a pokrokov\u00e9 technol\u00f3gie v ka\u017edodennom \u017eivote.<\/p>\n<p><strong>Martin Reguli, analytik In\u0161tit\u00fat modern\u00e9ho spotrebite\u013ea (Nad\u00e1cia F. A. Hayeka):<\/strong><\/p>\n<p>Ako analytik Nad\u00e1cie F. A. Hayeka p\u00f4sob\u00ed od j\u00fana 2013. Svoj expertn\u00fd poh\u013ead venuje najm\u00e4 oblastiam ako trh pr\u00e1ce \u010di ekonomick\u00e1 a zahrani\u010dn\u00e1 politika na \u00farovni Slovenska i celej E\u00da. Pri svojej pr\u00e1ci kladie d\u00f4raz nielen na anal\u00fdzu dopadov jednotliv\u00fdch polit\u00edk, ale aj vypracov\u00e1vanie pl\u00e1nov na konkr\u00e9tne zmeny.<\/p>\n<p>Cenn\u00e9 sk\u00fasenosti na\u010derpal po\u010das akademick\u00fdch deb\u00e1t nielen doma, ale napr\u00edklad aj vo Ve\u013ekej Brit\u00e1nii. Svoje poznatky pravidelne zdie\u013ea s verejnos\u0165ou prostredn\u00edctvom vyjadren\u00ed \u010di koment\u00e1rov pre slovensk\u00e9 m\u00e9di\u00e1. Najnov\u0161ie sa rozhodol prija\u0165 v\u00fdzvu v In\u0161tit\u00fate modern\u00e9ho spotrebite\u013ea, kde z\u00faro\u010d\u00ed pr\u00e1ve svoje dlhoro\u010dn\u00e9 analytick\u00e9 sk\u00fasenosti.<\/p>\n<p><strong>Bratislava, 25. j\u00fan 2018 &#8211; Vznikaj\u00faci In\u0161tit\u00fat modern\u00e9ho spotrebite\u013ea bude zastupova\u0165 hlas z\u00e1kazn\u00edkov vyu\u017e\u00edvaj\u00facich pokrokov\u00e9 technol\u00f3gie v\u00a0ka\u017edodennom \u017eivote. S\u00a0t\u00fdmto z\u00e1merom zdru\u017e\u00ed vybran\u00fdch odborn\u00edkov a prinesie kon\u0161trukt\u00edvne n\u00e1vrhy ako in\u0161pir\u00e1ciu pre \u0161t\u00e1t. Pr\u00e1ve rozmach inovat\u00edvnych slu\u017eieb predstavuje v\u00fdzvu, ako modernizova\u0165 s\u00fa\u010dasn\u00fa legislat\u00edvu v\u00a0prospech v\u0161etk\u00fdch.<\/strong><\/p>\n<p>Uvedenie In\u0161tit\u00fatu modern\u00e9ho spotrebite\u013ea prich\u00e1dza ako reakcia na cite\u013en\u00fd spolo\u010densk\u00fd dopyt po novom druhu inovat\u00edvnych slu\u017eieb. <em>\u201eAktu\u00e1lne pripravujeme otvorenie viacer\u00fdch d\u00f4le\u017eit\u00fdch t\u00e9m. S\u00favisie\u0165 bud\u00fa ur\u010dite aj so zdie\u013eanou ekonomikou, digit\u00e1lnymi slu\u017ebami a\u00a0inovat\u00edvnymi \u201csmart\u201c rie\u0161eniami\u00a0 \u2013 \u010di u\u017e hovor\u00edme o ich vplyve na zamestnanos\u0165 alebo celkovom pr\u00ednose pre\u00a0spolo\u010densk\u00fd rozvoj krajiny,\u201c<\/em> vysvet\u013euje riadite\u013e In\u0161tit\u00fat modern\u00e9ho spotrebite\u013ea Michal Kardo\u0161.<\/p>\n<p>Inovat\u00edvne slu\u017eby si z\u00edskavaj\u00fa \u010doraz v\u00e4\u010d\u0161iu priaze\u0148 v\u010faka\u00a0n\u00e1stupu novej pracovne akt\u00edvnej gener\u00e1cie. Niektor\u00fa zo slu\u017eieb zdie\u013eanej ekonomiky vyu\u017eilo 27 % spotrebite\u013eov v E\u00da vo veku 25 a\u00a039 rokov v\u00a0porovnan\u00ed s\u00a010-percentn\u00fdm podielom v skupine nad 55 rokov, uk\u00e1zali v\u00fdsledky prieskumu Eurobarometer.<\/p>\n<p><em>\u201ePreferencie \u013eud\u00ed s\u00fa jasn\u00e9. Diskusiu o\u00a0z\u00e1kazoch a\u00a0re\u0161trikci\u00e1ch potrebujeme nahradi\u0165 racion\u00e1lnymi,\u00a0vecn\u00fdmi rie\u0161eniami. Aby na trhu platili pravidl\u00e1 fair-play a zdrav\u00e1 konkurencia vytv\u00e1rala tlak na vysok\u00fa kvalitu slu\u017eieb, z\u00a0\u010doho na konci d\u0148a profituje z\u00e1kazn\u00edk,\u201c <\/em>uviedol Michal Kardo\u0161.<\/p>\n<p><strong>Potenci\u00e1l s\u00a0miliardovou hodnotou<\/strong><\/p>\n<p>In\u0161tit\u00fat modern\u00e9ho spotrebite\u013ea v\u00edta, \u017ee priestor na zmenu legislat\u00edvy deklarovalo v\u00a0minulom roku aj ministerstvo hospod\u00e1rstva SR. Zdie\u013ean\u00e1 ekonomika by toti\u017e mohla naprie\u010d \u0161t\u00e1tmi E\u00da vytv\u00e1ra\u0165 pridan\u00fa hodnotu vo v\u00fd\u0161ke 572 mili\u00e1rd eur, uk\u00e1zala \u0161t\u00fadia Eur\u00f3pskeho parlamentu.<\/p>\n<p>V oblasti podpory modern\u00fdch a inovat\u00edvnych slu\u017eieb Slovensko re\u00e1lne zaost\u00e1va, hoci ich podporuje aj Eur\u00f3pska komisia. \u201e<em>Slu\u017eby zdie\u013eanej a digit\u00e1lnej ekonomiky nie s\u00fa \u017eiadny imid\u017eov\u00fd doplnok a\u00a0u\u017e v\u00f4bec nepatria do akejsi \u0161edej z\u00f3ny podnikania. Naopak, vytv\u00e1raj\u00fa re\u00e1lny pr\u00ednos pre krajinu. D\u00f4le\u017eit\u00e9 je v\u0161ak ich spr\u00e1vne ukotvenie z\u00a0poh\u013eadu legislat\u00edvy, aby mal z\u00e1kazn\u00edk istotu plnohodnotnej, komfortnej a transparentnej sk\u00fasenosti,\u201c <\/em>zd\u00f4raznil Michal Kardo\u0161.<\/p>\n<p><strong>In\u0161pir\u00e1ciu \u010derpajme v\u00a0zahrani\u010d\u00ed<\/strong><\/p>\n<p>Jednou z t\u00e9m pre nov\u00fa expertn\u00fa platformu bude zmena legislat\u00edvy t\u00fdkaj\u00facej sa dopravn\u00fdch aplik\u00e1ci\u00ed pre smartf\u00f3ny. Nov\u00e9 pravidl\u00e1 by mali vst\u00fapi\u0165 do platnosti u\u017e tento rok. Pripravovan\u00fd z\u00e1kon o\u00a0cestnej doprave aktu\u00e1lne posunulo ministerstvo dopravy do\u00a0medzirezortn\u00e9ho pripomienkov\u00e9ho konania.<\/p>\n<p>K\u00a0navrhnut\u00fdm zmen\u00e1m sa u\u017e \u010doskoro vyjadr\u00ed In\u0161tit\u00fat modern\u00e9ho spotrebite\u013ea. Poukazova\u0165 chce najm\u00e4 na dobr\u00fa prax z\u00a0in\u00fdch kraj\u00edn, kde nadmern\u00fa regul\u00e1ciu \u00fa\u010dinne odb\u00faravaj\u00fa. Ide napr\u00edklad o\u00a0Est\u00f3nsko \u010di F\u00ednsko, pri\u010dom najnov\u0161ie sa touto cestou vyd\u00e1va aj \u010cesko.<\/p>\n<p><strong>Verejn\u00fd apel odborn\u00edkov<\/strong><\/p>\n<p>In\u0161tit\u00fat modern\u00e9ho spotrebite\u013ea reprezentuj\u00fa odborn\u00edci, ktor\u00ed sa dlhodobo venuj\u00fa spolo\u010densk\u00fdm t\u00e9mam d\u00f4le\u017eit\u00fdm pre napredovanie jednotliv\u00fdch odvetv\u00ed ekonomiky krajiny. V\u00a0\u00falohe riadite\u013ea expertnej platformy bude vystupova\u0165 Michal Kardo\u0161. Analytick\u00fd poh\u013ead zastre\u0161\u00ed\u00a0 Martin Reguli z\u00a0Nad\u00e1cie F. A. Hayeka.<\/p>\n<p><strong>Michal Kardo\u0161, riadite\u013e In\u0161tit\u00fatu modern\u00e9ho spotrebite\u013ea:<\/strong><\/p>\n<p>Michal Kardo\u0161 vystupuje ako odborn\u00edk na podnikate\u013esk\u00e9 prostredie, legislat\u00edvu \u010di komunik\u00e1ciu s org\u00e1nmi \u0161t\u00e1tnej a verejnej spr\u00e1vy. Svoju expert\u00edzu nadobudol p\u00f4soben\u00edm vo verejnej spr\u00e1ve ako odborn\u00edk na podporu slovensk\u00fdch firiem v zahrani\u010d\u00ed v r\u00e1mci organiz\u00e1cie SARIO, kde viedol odbor podpory exportu a v etablovan\u00fdch organiz\u00e1ci\u00e1ch tretieho sektora ako Americk\u00e1 obchodn\u00e1 komora v SR, kde bol zodpovedn\u00fd za vz\u0165ahy s vl\u00e1dou.<\/p>\n<p>Akt\u00edvne spolupracoval so s\u00fakromn\u00fdm sektorom v oblasti verejn\u00fdch politik v r\u00f4znych sektoroch v SR a na \u00farovni Eur\u00f3pskej \u00fanie. Michal Kardo\u0161 \u0161tudoval medzin\u00e1rodne vz\u0165ahy na Ekonomickej univerzite v Bratislave a ekon\u00f3miu na Univerzite v Oxforde. Tie\u017e absolvoval \u0161tudijn\u00e9 pobyty vo Franc\u00fazsku, Rusku a na Islande.<\/p>\n<p>V poslednom obdob\u00ed sa akt\u00edvne venoval najm\u00e4 oblastiam podpory podnikania, inov\u00e1ci\u00ed a startupov. Vzh\u013eadom na siln\u00fd prienik s problematikou pozit\u00edvneho orient\u00e1cie na z\u00e1kazn\u00edka, svoje nadobudnut\u00e9 know-how sa rozhodol z\u00faro\u010di\u0165 v projekte In\u0161tit\u00fatu modern\u00e9ho spotrebite\u013ea. Michal Kardo\u0161 m\u00e1 z\u00e1ujem zastupova\u0165 hlas spotrebite\u013eov vyu\u017e\u00edvaj\u00facich moderne a pokrokov\u00e9 technol\u00f3gie v ka\u017edodennom \u017eivote.<\/p>\n<p><strong>Martin Reguli, analytik In\u0161tit\u00fat modern\u00e9ho spotrebite\u013ea (Nad\u00e1cia F. A. Hayeka):<\/strong><\/p>\n<p>Ako analytik Nad\u00e1cie F. A. Hayeka p\u00f4sob\u00ed od j\u00fana 2013. Svoj expertn\u00fd poh\u013ead venuje najm\u00e4 oblastiam ako trh pr\u00e1ce \u010di ekonomick\u00e1 a zahrani\u010dn\u00e1 politika na \u00farovni Slovenska i celej E\u00da. Pri svojej pr\u00e1ci kladie d\u00f4raz nielen na anal\u00fdzu dopadov jednotliv\u00fdch polit\u00edk, ale aj vypracov\u00e1vanie pl\u00e1nov na konkr\u00e9tne zmeny.<\/p>\n<p>Cenn\u00e9 sk\u00fasenosti na\u010derpal po\u010das akademick\u00fdch deb\u00e1t nielen doma, ale napr\u00edklad aj vo Ve\u013ekej Brit\u00e1nii. Svoje poznatky pravidelne zdie\u013ea s verejnos\u0165ou prostredn\u00edctvom vyjadren\u00ed \u010di koment\u00e1rov pre slovensk\u00e9 m\u00e9di\u00e1. Najnov\u0161ie sa rozhodol prija\u0165 v\u00fdzvu v In\u0161tit\u00fate modern\u00e9ho spotrebite\u013ea, kde z\u00faro\u010d\u00ed pr\u00e1ve svoje dlhoro\u010dn\u00e9 analytick\u00e9 sk\u00fasenosti.<\/p>\n","protected":false},"excerpt":{"rendered":"<p>Vznikaj\u00faci In\u0161tit\u00fat modern\u00e9ho spotrebite\u013ea bude zastupova\u0165 hlas z\u00e1kazn\u00edkov vyu\u017e\u00edvaj\u00facich pokrokov\u00e9 technol\u00f3gie v\u00a0ka\u017edodennom \u017eivote. S\u00a0t\u00fdmto z\u00e1merom zdru\u017e\u00ed vybran\u00fdch odborn\u00edkov a prinesie kon\u0161trukt\u00edvne n\u00e1vrhy ako in\u0161pir\u00e1ciu pre \u0161t\u00e1t. Pr\u00e1ve rozmach inovat\u00edvnych slu\u017eieb predstavuje v\u00fdzvu, ako modernizova\u0165 s\u00fa\u010dasn\u00fa legislat\u00edvu v\u00a0prospech v\u0161etk\u00fdch. Uvedenie In\u0161tit\u00fatu modern\u00e9ho spotrebite\u013ea prich\u00e1dza ako reakcia na cite\u013en\u00fd spolo\u010densk\u00fd dopyt po novom druhu inovat\u00edvnych slu\u017eieb. \u201eAktu\u00e1lne [&hellip;]<\/p>\n","protected":false},"author":7,"featured_media":82469,"comment_status":"closed","ping_status":"closed","sticky":false,"template":"","format":"standard","meta":{"footnotes":""},"categories":[4,3,13,43],"tags":[],"class_list":["post-82468","post","type-post","status-publish","format-standard","has-post-thumbnail","hentry","category-automobily","category-bussiness","category-real-estate","category-technologie","eq-blocks"],"_links":{"self":[{"href":"https:\/\/www.slovaklinesmagazin.sk\/cms\/wp-json\/wp\/v2\/posts\/82468","targetHints":{"allow":["GET"]}}],"collection":[{"href":"https:\/\/www.slovaklinesmagazin.sk\/cms\/wp-json\/wp\/v2\/posts"}],"about":[{"href":"https:\/\/www.slovaklinesmagazin.sk\/cms\/wp-json\/wp\/v2\/types\/post"}],"author":[{"embeddable":true,"href":"https:\/\/www.slovaklinesmagazin.sk\/cms\/wp-json\/wp\/v2\/users\/7"}],"replies":[{"embeddable":true,"href":"https:\/\/www.slovaklinesmagazin.sk\/cms\/wp-json\/wp\/v2\/comments?post=82468"}],"version-history":[{"count":2,"href":"https:\/\/www.slovaklinesmagazin.sk\/cms\/wp-json\/wp\/v2\/posts\/82468\/revisions"}],"predecessor-version":[{"id":82471,"href":"https:\/\/www.slovaklinesmagazin.sk\/cms\/wp-json\/wp\/v2\/posts\/82468\/revisions\/82471"}],"wp:featuredmedia":[{"embeddable":true,"href":"https:\/\/www.slovaklinesmagazin.sk\/cms\/wp-json\/wp\/v2\/media\/82469"}],"wp:attachment":[{"href":"https:\/\/www.slovaklinesmagazin.sk\/cms\/wp-json\/wp\/v2\/media?parent=82468"}],"wp:term":[{"taxonomy":"category","embeddable":true,"href":"https:\/\/www.slovaklinesmagazin.sk\/cms\/wp-json\/wp\/v2\/categories?post=82468"},{"taxonomy":"post_tag","embeddable":true,"href":"https:\/\/www.slovaklinesmagazin.sk\/cms\/wp-json\/wp\/v2\/tags?post=82468"}],"curies":[{"name":"wp","href":"https:\/\/api.w.org\/{rel}","templated":true}]}}