{"id":82621,"date":"2018-08-03T10:52:01","date_gmt":"2018-08-03T08:52:01","guid":{"rendered":"http:\/\/slovaklinesmagazin.sk\/cms\/?p=82621"},"modified":"2018-08-13T11:08:13","modified_gmt":"2018-08-13T09:08:13","slug":"vypredany-beh-po-alpskom-ladovci-pitztal-na-streche-tirolska","status":"publish","type":"post","link":"https:\/\/www.slovaklinesmagazin.sk\/cms\/2018\/08\/vypredany-beh-po-alpskom-ladovci-pitztal-na-streche-tirolska\/","title":{"rendered":"Vypredan\u00fd beh po alpskom \u013eadovci Pitztal na streche Tirolska"},"content":{"rendered":"<p>\u00da\u017easn\u00e1 alpsk\u00e1 panor\u00e1ma a\u00a0vrcholy vy\u0161\u0161ie ako \u00a03 000 m aj s\u00a0v\u00fdchodom slnka na \u013eadovci Pitztaler \u2013 ob\u013e\u00faben\u00fd beh patr\u00ed k\u00a0technicky naj\u0165a\u017e\u0161\u00edm a z\u00e1rove\u0148 najkraj\u0161\u00edm v Rak\u00fasku. Be\u017e\u00ed sa na \u0161es\u0165 vzdialenost\u00ed &#8211; 100, 85, dvakr\u00e1t 42, 26 a 15 kilometrov. \u00a01 100 \u00a0be\u017ecov vo vysokohorskom prostred\u00ed siahalo na svoje limity.<\/p>\n<div style=\"width: 640px;\" class=\"wp-video\"><video class=\"wp-video-shortcode\" id=\"video-82621-1\" width=\"640\" height=\"360\" preload=\"metadata\" controls=\"controls\"><source type=\"video\/mp4\" src=\"http:\/\/slovaklinesmagazin.sk\/cms\/wp-content\/uploads\/2018\/08\/20180808_Eventclip_preview.mp4?_=1\" \/><a href=\"http:\/\/slovaklinesmagazin.sk\/cms\/wp-content\/uploads\/2018\/08\/20180808_Eventclip_preview.mp4\">http:\/\/slovaklinesmagazin.sk\/cms\/wp-content\/uploads\/2018\/08\/20180808_Eventclip_preview.mp4<\/a><\/video><\/div>\n<p>Od 3. do 5. augusta \u00fadoliu Pitztal u\u017e po \u0161iesty kr\u00e1t dominoval beh.<\/p>\n<p>&nbsp;<\/p>\n","protected":false},"excerpt":{"rendered":"<p>\u00da\u017easn\u00e1 alpsk\u00e1 panor\u00e1ma a\u00a0vrcholy vy\u0161\u0161ie ako \u00a03 000 m aj s\u00a0v\u00fdchodom slnka na \u013eadovci Pitztaler \u2013 ob\u013e\u00faben\u00fd beh patr\u00ed k\u00a0technicky naj\u0165a\u017e\u0161\u00edm a z\u00e1rove\u0148 najkraj\u0161\u00edm v Rak\u00fasku. Be\u017e\u00ed sa na \u0161es\u0165 vzdialenost\u00ed &#8211; 100, 85, dvakr\u00e1t 42, 26 a 15 kilometrov. \u00a01 100 \u00a0be\u017ecov vo vysokohorskom prostred\u00ed siahalo na svoje limity. Od 3. do 5. augusta [&hellip;]<\/p>\n","protected":false},"author":7,"featured_media":82623,"comment_status":"closed","ping_status":"closed","sticky":false,"template":"","format":"standard","meta":{"footnotes":""},"categories":[13,52,56,14,44],"tags":[],"class_list":["post-82621","post","type-post","status-publish","format-standard","has-post-thumbnail","hentry","category-real-estate","category-outdoor","category-priroda","category-sport","category-zdravie","eq-blocks"],"_links":{"self":[{"href":"https:\/\/www.slovaklinesmagazin.sk\/cms\/wp-json\/wp\/v2\/posts\/82621","targetHints":{"allow":["GET"]}}],"collection":[{"href":"https:\/\/www.slovaklinesmagazin.sk\/cms\/wp-json\/wp\/v2\/posts"}],"about":[{"href":"https:\/\/www.slovaklinesmagazin.sk\/cms\/wp-json\/wp\/v2\/types\/post"}],"author":[{"embeddable":true,"href":"https:\/\/www.slovaklinesmagazin.sk\/cms\/wp-json\/wp\/v2\/users\/7"}],"replies":[{"embeddable":true,"href":"https:\/\/www.slovaklinesmagazin.sk\/cms\/wp-json\/wp\/v2\/comments?post=82621"}],"version-history":[{"count":1,"href":"https:\/\/www.slovaklinesmagazin.sk\/cms\/wp-json\/wp\/v2\/posts\/82621\/revisions"}],"predecessor-version":[{"id":82624,"href":"https:\/\/www.slovaklinesmagazin.sk\/cms\/wp-json\/wp\/v2\/posts\/82621\/revisions\/82624"}],"wp:featuredmedia":[{"embeddable":true,"href":"https:\/\/www.slovaklinesmagazin.sk\/cms\/wp-json\/wp\/v2\/media\/82623"}],"wp:attachment":[{"href":"https:\/\/www.slovaklinesmagazin.sk\/cms\/wp-json\/wp\/v2\/media?parent=82621"}],"wp:term":[{"taxonomy":"category","embeddable":true,"href":"https:\/\/www.slovaklinesmagazin.sk\/cms\/wp-json\/wp\/v2\/categories?post=82621"},{"taxonomy":"post_tag","embeddable":true,"href":"https:\/\/www.slovaklinesmagazin.sk\/cms\/wp-json\/wp\/v2\/tags?post=82621"}],"curies":[{"name":"wp","href":"https:\/\/api.w.org\/{rel}","templated":true}]}}