{"id":82768,"date":"2018-08-21T11:00:42","date_gmt":"2018-08-21T09:00:42","guid":{"rendered":"http:\/\/slovaklinesmagazin.sk\/cms\/?p=82768"},"modified":"2018-08-21T13:13:16","modified_gmt":"2018-08-21T11:13:16","slug":"logitech-predstavuje-najdokonalejsiu-ergonomicku-mys","status":"publish","type":"post","link":"https:\/\/www.slovaklinesmagazin.sk\/cms\/2018\/08\/logitech-predstavuje-najdokonalejsiu-ergonomicku-mys\/","title":{"rendered":"Logitech predstavuje najdokonalej\u0161iu ergonomick\u00fa my\u0161"},"content":{"rendered":"<p><span style=\"font-size: 12pt;\">Spolo\u010dnos\u0165 Logitech dnes predstavila <a href=\"http:\/\/www.logitech.com\/news\/mxvertical\"><span style=\"color: #1155cc; text-decoration: underline;\">Logitech<\/span><\/a>\u00a0<a href=\"https:\/\/www.logitech.com\/cs-cz\/product\/mx-vertical-ergonomic-mouse\"><span style=\"color: #1155cc; text-decoration: underline;\">MX VERTICAL<\/span><\/a><span style=\"color: #222222;\"><span style=\"background-color: white;\">, <\/span>svoju doteraz najdokonalej\u0161iu ergonomick\u00fa my\u0161, ktor\u00e1 kombinuje vedecky overen\u00fa ergonomick\u00fa kon\u0161trukciu s v\u00fdkonom \u0161pi\u010dkov\u00fdch produktov prest\u00ed\u017eneho radu Logitech MX. My\u0161 MX VERTICAL bola navrhnut\u00e1 tak, aby sa zn\u00ed\u017eilo nam\u00e1hanie predlaktia a tlak na z\u00e1p\u00e4stie. Jej neobvykl\u00fd 57\u00b0 vertik\u00e1lny sklon bol optimalizovan\u00fd s oh\u013eadom na ergonomick\u00fa polohu ruky, bez toho aby sa t\u00fdm obmedzila produktivita pr\u00e1ce.<\/span><span style=\"background-color: #fefefe;\"><br \/>\n<\/span><\/span><!--more--><\/p>\n<blockquote><p>&#8222;Vieme, \u017ee ve\u013ea pou\u017e\u00edvate\u013eov po\u010d\u00edta\u010dov poci\u0165uje nepohodlie alebo boles\u0165 v ruke, predlakt\u00ed a z\u00e1p\u00e4st\u00ed,&#8220; uviedla Delphine Donne-Crock, gener\u00e1lna riadite\u013eka spolo\u010dnosti Logitech so zameran\u00edm na kreativitu a produktivitu. &#8222;Aby sme to vyrie\u0161ili, vytvorili sme na\u0161u doteraz najdokonalej\u0161iu ergonomick\u00fa my\u0161 MX VERTICAL navrhnut\u00fa tak, aby pri jej pou\u017e\u00edvan\u00ed bola ruka v prirodzenej polohe. \u0160peci\u00e1lny sklon my\u0161i je optimalizovan\u00fd vzh\u013eadom na ergonomick\u00fa polohu tela a zni\u017euje tlak na z\u00e1p\u00e4stie i nam\u00e1hanie predlaktia. V\u010faka technol\u00f3gii MX VERTICAL m\u00f4\u017eete pohodlne dosiahnu\u0165 maxim\u00e1lnu produktivitu.&#8220;<\/p><\/blockquote>\n<p><img decoding=\"async\" class=\"aligncenter\" src=\"http:\/\/slovaklinesmagazin.sk\/cms\/wp-content\/uploads\/2018\/08\/082118_1109_Logitechpre1.jpg\" alt=\"\" \/><\/p>\n<p><span style=\"font-size: 12pt;\">Vedecky otestovan\u00e1 a odborn\u00edkmi na ergon\u00f3miu schv\u00e1len\u00e1 my\u0161 MX VERTICAL je skon\u0161truovan\u00e1 tak, aby sa dala prirodzene uchopi\u0165, asi ako keby ste chceli niekomu poda\u0165 ruku. Jej 57\u00b0 vertik\u00e1lny sklon umo\u017e\u0148uje v porovnan\u00ed s pou\u017e\u00edvan\u00edm be\u017enej my\u0161i zn\u00ed\u017ei\u0165 svalov\u00fa aktivitu a\u017e o 10% bez toho, aby sa akoko\u013evek naru\u0161ila funk\u010dnos\u0165. Komfortn\u00fd tvar my\u0161i vyhovuje r\u00f4znym tvarom a ve\u013ekostiam ruky. Text\u00farovan\u00fd gumen\u00fd povrch a opierka palca zais\u0165uj\u00fa pevn\u00fd a prirodzen\u00fd \u00fachop.<br \/>\n<\/span><\/p>\n<p><span style=\"font-size: 12pt;\">MX VERTICAL obsahuje najlep\u0161\u00ed sn\u00edma\u010d vo svojej kateg\u00f3rii s vysokou presnos\u0165ou a rozl\u00ed\u0161en\u00edm 4000 DPI. V\u00fdsledkom je a\u017e \u0161tvorn\u00e1sobn\u00e9 skr\u00e1tenie potrebn\u00fdch pohybov ruky a zn\u00ed\u017eenie \u00fanavy pri pr\u00e1ci s my\u0161ou. Prep\u00edna\u010d rozl\u00ed\u0161enia umo\u017e\u0148uje okam\u017eite nastavi\u0165 r\u00fdchlos\u0165 a presnos\u0165 pohybu kurzoru. S my\u0161ou MX VERTICAL si nemus\u00edte robi\u0165 starosti, \u017ee jej d\u00f4jde energia. Plne nabit\u00e1 dob\u00edjacia bat\u00e9ria vydr\u017e\u00ed a\u017e \u0161tyri mesiace a r\u00fdchle jednomin\u00fatov\u00e9 nab\u00edjanie vysta\u010d\u00ed a\u017e na tri hodiny pr\u00e1ce. V\u010faka funkci\u00e1m Logitech Easy-Switch<sup>TM<\/sup> a Logitech Flow<sup>TM<\/sup> m\u00f4\u017eete s my\u0161ou MX VERTICAL pohodlne prep\u00edna\u0165 medzi dvoma po\u010d\u00edta\u010dmi, dokonca medzi nimi pren\u00e1\u0161a\u0165 my\u0161ou d\u00e1ta, s\u00fabory, obr\u00e1zky a dokumenty.<br \/>\n<\/span><\/p>\n<p><span style=\"font-size: 12pt;\">MX VERTICAL sa vyzna\u010duje modern\u00fdm dizajnom, ktor\u00fd dop\u013a\u0148a \u010fal\u0161ie \u0161pi\u010dkov\u00e9 produkty spolo\u010dnosti Logitech, ako s\u00fa <a href=\"http:\/\/www.logitech.com\/craft\"><span style=\"color: #1155cc; text-decoration: underline;\">kl\u00e1vesnica Logitech CRAFT<\/span><\/a>, <a href=\"https:\/\/www.logitech.com\/en-us\/product\/spotlight-presentation-remote\"><span style=\"color: #1155cc; text-decoration: underline;\">prezenta\u010dn\u00fd ovl\u00e1da\u010d Logitech Spotlight<\/span><\/a> alebo <a href=\"http:\/\/www.logitech.com\/mxsound\"><span style=\"color: #1155cc; text-decoration: underline;\">reproduktory Logitech MX S<\/span><\/a><a href=\"http:\/\/www.logitech.com\/mxsound\"><span style=\"color: #1155cc; text-decoration: underline;\">OUND<\/span><\/a>.<\/span><\/p>\n<p><img decoding=\"async\" class=\"aligncenter\" src=\"http:\/\/slovaklinesmagazin.sk\/cms\/wp-content\/uploads\/2018\/08\/082118_1109_Logitechpre2.jpg\" alt=\"\" \/><\/p>\n<p><span style=\"font-size: 12pt;\">My\u0161 MX VERTICAL stoj\u00ed 109\u20ac a\u00a0aktu\u00e1lne je mo\u017en\u00e9 ju predobjedna\u0165 na webe <a href=\"https:\/\/www.logitech.com\/en-roeu\/product\/mx-vertical-ergonomic-mouse?crid=7\">Logitech.com<\/a>. Pre \u010fal\u0161ie inform\u00e1cie nav\u0161t\u00edvte <a href=\"https:\/\/www.logitech.com\/en-roeu\/product\/mx-vertical-ergonomic-mouse?crid=7\">Logitech.com<\/a><\/span><span style=\"font-size: 12pt;\"><span style=\"background-color: #fefefe;\">.\u00a0<\/span><\/span><span style=\"font-size: 12pt;\">My\u0161 Logitech MX VERTICAL sa bude prv\u00fdkr\u00e1t verejne prezentova\u0165 21.-24. augusta na <a href=\"http:\/\/www.ergoexpo.com\/index.html\"><span style=\"color: #1155cc; background-color: #fefefe; text-decoration: underline;\">Ergo Expo<\/span><\/a><span style=\"background-color: #fefefe;\"> v Las Vegas a 26.\u201330. <\/span>augusta<span style=\"background-color: #fefefe;\"> na <a href=\"http:\/\/iea2018.org\/\"><span style=\"color: #1155cc; text-decoration: underline;\">International Ergonomics Association Congress<\/span><\/a> vo Florencii.<\/span><br \/>\n<span style=\"background-color: #fefefe;\"><br \/>\n<\/span><\/span><\/p>\n<p><img decoding=\"async\" class=\"aligncenter\" src=\"http:\/\/slovaklinesmagazin.sk\/cms\/wp-content\/uploads\/2018\/08\/082118_1109_Logitechpre3.jpg\" alt=\"\" \/><\/p>\n","protected":false},"excerpt":{"rendered":"<p>Spolo\u010dnos\u0165 Logitech dnes predstavila Logitech\u00a0MX VERTICAL, svoju doteraz najdokonalej\u0161iu ergonomick\u00fa my\u0161, ktor\u00e1 kombinuje vedecky overen\u00fa ergonomick\u00fa kon\u0161trukciu s v\u00fdkonom \u0161pi\u010dkov\u00fdch produktov prest\u00ed\u017eneho radu Logitech MX. My\u0161 MX VERTICAL bola navrhnut\u00e1 tak, aby sa zn\u00ed\u017eilo nam\u00e1hanie predlaktia a tlak na z\u00e1p\u00e4stie. Jej neobvykl\u00fd 57\u00b0 vertik\u00e1lny sklon bol optimalizovan\u00fd s oh\u013eadom na ergonomick\u00fa polohu ruky, bez toho [&hellip;]<\/p>\n","protected":false},"author":8,"featured_media":82767,"comment_status":"closed","ping_status":"closed","sticky":false,"template":"","format":"standard","meta":{"footnotes":""},"categories":[42,43,44],"tags":[],"class_list":["post-82768","post","type-post","status-publish","format-standard","has-post-thumbnail","hentry","category-tech","category-technologie","category-zdravie","eq-blocks"],"_links":{"self":[{"href":"https:\/\/www.slovaklinesmagazin.sk\/cms\/wp-json\/wp\/v2\/posts\/82768","targetHints":{"allow":["GET"]}}],"collection":[{"href":"https:\/\/www.slovaklinesmagazin.sk\/cms\/wp-json\/wp\/v2\/posts"}],"about":[{"href":"https:\/\/www.slovaklinesmagazin.sk\/cms\/wp-json\/wp\/v2\/types\/post"}],"author":[{"embeddable":true,"href":"https:\/\/www.slovaklinesmagazin.sk\/cms\/wp-json\/wp\/v2\/users\/8"}],"replies":[{"embeddable":true,"href":"https:\/\/www.slovaklinesmagazin.sk\/cms\/wp-json\/wp\/v2\/comments?post=82768"}],"version-history":[{"count":3,"href":"https:\/\/www.slovaklinesmagazin.sk\/cms\/wp-json\/wp\/v2\/posts\/82768\/revisions"}],"predecessor-version":[{"id":82771,"href":"https:\/\/www.slovaklinesmagazin.sk\/cms\/wp-json\/wp\/v2\/posts\/82768\/revisions\/82771"}],"wp:featuredmedia":[{"embeddable":true,"href":"https:\/\/www.slovaklinesmagazin.sk\/cms\/wp-json\/wp\/v2\/media\/82767"}],"wp:attachment":[{"href":"https:\/\/www.slovaklinesmagazin.sk\/cms\/wp-json\/wp\/v2\/media?parent=82768"}],"wp:term":[{"taxonomy":"category","embeddable":true,"href":"https:\/\/www.slovaklinesmagazin.sk\/cms\/wp-json\/wp\/v2\/categories?post=82768"},{"taxonomy":"post_tag","embeddable":true,"href":"https:\/\/www.slovaklinesmagazin.sk\/cms\/wp-json\/wp\/v2\/tags?post=82768"}],"curies":[{"name":"wp","href":"https:\/\/api.w.org\/{rel}","templated":true}]}}