{"id":83056,"date":"2018-11-06T15:56:32","date_gmt":"2018-11-06T13:56:32","guid":{"rendered":"http:\/\/slovaklinesmagazin.sk\/cms\/?p=83056"},"modified":"2018-11-06T15:56:32","modified_gmt":"2018-11-06T13:56:32","slug":"sutaz-o-nezabudnutelnu-jedlickovu-na-horehroni","status":"publish","type":"post","link":"https:\/\/www.slovaklinesmagazin.sk\/cms\/2018\/11\/sutaz-o-nezabudnutelnu-jedlickovu-na-horehroni\/","title":{"rendered":"S\u00fa\u0165a\u017e o nezabudnute\u013en\u00fa Jedli\u010dkov\u00fa na Horehron\u00ed!"},"content":{"rendered":"<p>Mikul\u00e1\u0161 u\u017e klope na dvere a s n\u00edm aj Jedli\u010dkov\u00e1 sl\u00e1vnos\u0165. Tento rok ale prich\u00e1dza jedine\u010dn\u00e1 pr\u00edle\u017eitos\u0165 za\u017ei\u0165 nezabudnute\u013en\u00fa \u201eJedli\u010dkov\u00fa\u201c v novom turisticko- informa\u010dnom centre Horehronie na Bystrej.<\/p>\n<p>Oblastn\u00e1 organiz\u00e1cia cestovn\u00e9ho ruchu Regi\u00f3n Horehronie vyhlasuje <strong>s\u00fa\u0165a\u017e pre v\u0161etk\u00fdch \u017eiakov z\u00e1kladn\u00fdch a stredn\u00fdch \u0161k\u00f4<\/strong>l z regi\u00f3nu Horehronie. Hlavnou \u00falohou \u017eiakov aj s\u00a0pomocou triednych u\u010dite\u013eov bude <strong>vytvori\u0165 zauj\u00edmav\u00e9 a\u00a0origin\u00e1lne video na t\u00e9mu \u201ePozvanie na zimn\u00fa dovolenku na Horehron\u00ed.\u201c<\/strong> V\u0161etky poslan\u00e9 videa bud\u00fa zverejnen\u00e9 na ofici\u00e1lnej Facebookovej str\u00e1nke regi\u00f3nu Horehronie. V term\u00edne <strong>od 19.11.2018 do 2.12.2018 m\u00f4\u017ee verejnos\u0165 hlasova\u0165<\/strong> \u201elajkova\u0165\u201c vide\u00e1, ktor\u00e9 sa im bud\u00fa najviac p\u00e1\u010di\u0165. N\u00e1sledne bude <strong>3.12.2018 vyhl\u00e1sen\u00fd v\u00fdherca s\u00fa\u0165a\u017ee- \u017eiaci,<\/strong> ktor\u00fdch video bude ma\u0165 najviac ozna\u010den\u00ed \u201ep\u00e1\u010di sa mi to\u201c . Cena pre v\u00fdhercu bude <strong>nezabudnute\u013en\u00e1 Jedli\u010dkov\u00e1 v turisticko-informa\u010dnom centre Horehronie na Bystrej v piatok 7.12.2018.<\/strong> V r\u00e1mci tohto d\u0148a n\u00e1m t\u00ed najviac kreat\u00edvni \u017eiaci pom\u00f4\u017eu s v\u00fdzdobou prv\u00e9ho viano\u010dn\u00e9ho strom\u010deka. Po\u010das tohto jedli\u010dkov\u00e9ho d\u0148a sa infocentrum zmen\u00ed aj na mal\u00fa remeseln\u00fa diel\u0148u, kde si \u017eiaci bud\u00fa m\u00f4c\u0165 vytvori\u0165 svoj vlastn\u00fd origin\u00e1lny viano\u010dn\u00fd dar\u010dek. Prav\u00fa predviano\u010dn\u00fa atmosf\u00e9ru dotvor\u00ed aj chutn\u00fd detsk\u00fd pun\u010d a mal\u00fd dar\u010dek na pamiatku.<br \/>\n\u201ePre \u017eiakov sme tento rok pripravili jedine\u010dn\u00fa mo\u017enos\u0165 str\u00e1vi\u0165 jedli\u010dkov\u00fa sl\u00e1vnos\u0165 netradi\u010dne v novom turisticko-informa\u010dnom centre Horehronie na Bystrej. Pre turisticko-informa\u010dne centrum to bud\u00fa prv\u00e9 Vianoce a preto chceme aby aj \u017eiaci prispeli svojimi n\u00e1padmi nielen pri nat\u00e1\u010dan\u00ed videa ale taktie\u017e aj pri vyzdoben\u00ed viano\u010dn\u00e9ho strom\u010deka, ktor\u00fd bude na\u0161e infocentrum skr\u00e1\u0161\u013eova\u0165 cel\u00e9 sviatky\u201c uviedla Ing. Petra Ridzo\u0148ov\u00e1 Hl\u00e1snikov\u00e1, v\u00fdkonn\u00e1 riadite\u013eka OOCR REGI\u00d3N HOREHRONIE.<\/p>\n","protected":false},"excerpt":{"rendered":"<p>Mikul\u00e1\u0161 u\u017e klope na dvere a s n\u00edm aj Jedli\u010dkov\u00e1 sl\u00e1vnos\u0165. Tento rok ale prich\u00e1dza jedine\u010dn\u00e1 pr\u00edle\u017eitos\u0165 za\u017ei\u0165 nezabudnute\u013en\u00fa \u201eJedli\u010dkov\u00fa\u201c v novom turisticko- informa\u010dnom centre Horehronie na Bystrej. Oblastn\u00e1 organiz\u00e1cia cestovn\u00e9ho ruchu Regi\u00f3n Horehronie vyhlasuje s\u00fa\u0165a\u017e pre v\u0161etk\u00fdch \u017eiakov z\u00e1kladn\u00fdch a stredn\u00fdch \u0161k\u00f4l z regi\u00f3nu Horehronie. Hlavnou \u00falohou \u017eiakov aj s\u00a0pomocou triednych u\u010dite\u013eov bude vytvori\u0165 [&hellip;]<\/p>\n","protected":false},"author":7,"featured_media":83057,"comment_status":"closed","ping_status":"closed","sticky":false,"template":"","format":"standard","meta":{"footnotes":""},"categories":[13],"tags":[],"class_list":["post-83056","post","type-post","status-publish","format-standard","has-post-thumbnail","hentry","category-real-estate","eq-blocks"],"_links":{"self":[{"href":"https:\/\/www.slovaklinesmagazin.sk\/cms\/wp-json\/wp\/v2\/posts\/83056","targetHints":{"allow":["GET"]}}],"collection":[{"href":"https:\/\/www.slovaklinesmagazin.sk\/cms\/wp-json\/wp\/v2\/posts"}],"about":[{"href":"https:\/\/www.slovaklinesmagazin.sk\/cms\/wp-json\/wp\/v2\/types\/post"}],"author":[{"embeddable":true,"href":"https:\/\/www.slovaklinesmagazin.sk\/cms\/wp-json\/wp\/v2\/users\/7"}],"replies":[{"embeddable":true,"href":"https:\/\/www.slovaklinesmagazin.sk\/cms\/wp-json\/wp\/v2\/comments?post=83056"}],"version-history":[{"count":1,"href":"https:\/\/www.slovaklinesmagazin.sk\/cms\/wp-json\/wp\/v2\/posts\/83056\/revisions"}],"predecessor-version":[{"id":83058,"href":"https:\/\/www.slovaklinesmagazin.sk\/cms\/wp-json\/wp\/v2\/posts\/83056\/revisions\/83058"}],"wp:featuredmedia":[{"embeddable":true,"href":"https:\/\/www.slovaklinesmagazin.sk\/cms\/wp-json\/wp\/v2\/media\/83057"}],"wp:attachment":[{"href":"https:\/\/www.slovaklinesmagazin.sk\/cms\/wp-json\/wp\/v2\/media?parent=83056"}],"wp:term":[{"taxonomy":"category","embeddable":true,"href":"https:\/\/www.slovaklinesmagazin.sk\/cms\/wp-json\/wp\/v2\/categories?post=83056"},{"taxonomy":"post_tag","embeddable":true,"href":"https:\/\/www.slovaklinesmagazin.sk\/cms\/wp-json\/wp\/v2\/tags?post=83056"}],"curies":[{"name":"wp","href":"https:\/\/api.w.org\/{rel}","templated":true}]}}