{"id":83067,"date":"2018-11-14T12:58:17","date_gmt":"2018-11-14T10:58:17","guid":{"rendered":"http:\/\/slovaklinesmagazin.sk\/cms\/?p=83067"},"modified":"2018-11-20T18:05:31","modified_gmt":"2018-11-20T16:05:31","slug":"prvenstvo-jedinecnost-a-autentickost-brnenskych-vianoc","status":"publish","type":"post","link":"https:\/\/www.slovaklinesmagazin.sk\/cms\/2018\/11\/prvenstvo-jedinecnost-a-autentickost-brnenskych-vianoc\/","title":{"rendered":"PRVENSTVO, JEDINE\u010cNOS\u0164 A AUTENTICKOS\u0164 BRNENSK\u00ddCH VIANOC"},"content":{"rendered":"<p>Brno bolo prv\u00fdm mestom v \u010ceskej republike, na ktor\u00e9ho n\u00e1mest\u00ed sa objavil viano\u010dn\u00fd strom. Bolo to pred 94 rokmi a rovnako ako vtedy, aj tento rok strom privezie konsk\u00fd z\u00e1prah. Ako prv\u00e9 mesto v \u010ceskej republike tie\u017e pred 3 rokmi zaviedlo na celej ploche adventn\u00fdch trhov syst\u00e9m vratn\u00fdch obalov, z ktor\u00fdch si m\u00f4\u017eete iba v Brne vychutn\u00e1va\u0165 \u0161peci\u00e1lny Turbomo\u0161t.<\/p>\n<p><img decoding=\"async\" class=\"aligncenter\" src=\"http:\/\/slovaklinesmagazin.sk\/cms\/wp-content\/uploads\/2018\/11\/n\u00e1m\u011bst\u00ed-Svobody-2016-c-TIC-BRNO-Michal-R\u016f\u017ei\u010dka-1024x440.jpg\" \/><\/p>\n<p style=\"text-align: center;\">N\u00e1m\u011bst\u00ed Svobody 2016 (c) TIC BRNO Michal R\u016f\u017ei\u010dka<\/p>\n<p><strong>Prvenstvo<\/strong><\/p>\n<p>Je to pr\u00e1ve Brno, ktor\u00e9 dalo n\u00e1mestiam v \u010ceskej republike trad\u00edciu viano\u010dn\u00fdch strom\u010dekov. Zalo\u017eil ju toti\u017e pred viac ako dev\u00e4\u0165desiatimi rokmi spisovate\u013e a novin\u00e1r Rudolf T\u011bsnohl\u00eddek, v\u010faka ktor\u00e9mu sa na brnianskom n\u00e1mest\u00ed Slobody roz\u017eiaril v roku 1924 v\u00f4bec prv\u00fd viano\u010dn\u00fd strom v \u010cesku. Brno m\u00e1 prvenstvo e\u0161te v jednom. Pred 3 rokmi, ako prv\u00e9 mesto v \u010ceskej republike, zaviedlo plo\u0161ne syst\u00e9m vratn\u00fdch obalov na v\u0161etk\u00fdch adventn\u00fdch trhoch v centre mesta.<\/p>\n<p style=\"text-align: center;\"><img decoding=\"async\" class=\"aligncenter\" src=\"http:\/\/slovaklinesmagazin.sk\/cms\/wp-content\/uploads\/2018\/11\/strom-2016-c-Karel-Rakovsk\u00fd-768x1024.jpg\" \/><br \/>\nStrom, foto: Karel Rakovsk\u00fd<\/p>\n<p><strong>Jedine\u010dnos\u0165<\/strong><\/p>\n<p>Tak ako sa do Viedne jazd\u00ed na pun\u010d, do Brna sa jazd\u00ed na Turbomo\u0161t. Prv\u00fdkr\u00e1t bol predstaven\u00fd v\u00a0roku 2009 a odvtedy sa stal ob\u013e\u00faben\u00fdm viano\u010dn\u00fdm n\u00e1pojom miestnych i turistov. Ide o\u00a0stopercentn\u00fd jablkov\u00fd mu\u0161t doplnen\u00fd pravou jablkovicou a \u0161peci\u00e1lnou zmesou korenia. Brn\u011bnsk\u00e9 V\u00e1noce by tie\u017e neboli kompletn\u00e9, ak by nepredstavili nov\u00fa kolekciu suven\u00edrov a origin\u00e1lnych hrn\u010dekov. V\u00a0minul\u00fdch rokoch sa na nich podie\u013eali tak\u00e9 men\u00e1, ako je Petr Kv\u00ed\u010dala \u010di Vendula Chal\u00e1nkov\u00e1. Koniec koncov, syst\u00e9m vratn\u00fdch obalov a ekologick\u00fd pr\u00edstup razia u\u017e nejeden rok. Len vlani sa v\u010faka vratn\u00fdm t\u00e9glikom, ktor\u00e9 s\u00fa z\u00e1rove\u0148 aj pekn\u00fdm suven\u00edrom na pamiatku, u\u0161etrilo 190 tis\u00edc litrov odpadu. A do tretice? Jedine\u010dn\u00e9 s\u00fa tie\u017e ka\u017edodenn\u00e9 \u017eiv\u00e9 produkcie na centr\u00e1lnom n\u00e1mest\u00ed, lebo mesto Brno sa ako jedin\u00e9 mesto v \u010ceskej republike p\u00fd\u0161i titulom Kreat\u00edvne mesto hudby UNESCO.<\/p>\n<p style=\"text-align: center;\"><img decoding=\"async\" class=\"aligncenter\" src=\"http:\/\/slovaklinesmagazin.sk\/cms\/wp-content\/uploads\/2018\/11\/vratn\u00e9-obaly-2017-c-TIC-BRNO-Michal-R\u016f\u017ei\u010dka-1024x682.jpg\" \/><\/p>\n<p style=\"text-align: center;\">Vratn\u00e9 obaly 2017 (c) TIC BRNO Michal R\u016f\u017ei\u010dka<\/p>\n<p><strong>Autentickos\u0165<\/strong><\/p>\n<p>Priate\u013esk\u00e1 atmosf\u00e9ra moravskej metropoly a jej obyvate\u013eov spolu s\u00a0ochutn\u00e1vkou tej najlep\u0161ej gastron\u00f3mie z Brna a okolia, d\u00e1vaj\u00fa Brnianskym Vianociam autentick\u00fd r\u00e1z, ktor\u00fd ocenia turisti i gurm\u00e1ni. &#8222;Pre t\u00fdch, ktor\u00ed bud\u00fa chcie\u0165 mesto lep\u0161ie spozna\u0165 alebo si ho u\u017ei\u0165 po\u010das sviatkov inak, sme pripravili \u0161peci\u00e1lne adventn\u00e9 prech\u00e1dzky i prech\u00e1dzky mestom,&#8220; poz\u00fdva Jana Janul\u00edkov\u00e1, riadite\u013eka TIC BRNO, ktor\u00e9 za t\u00fdmto podujat\u00edm stoj\u00ed. &#8222;Ob\u013e\u00fabenou a u\u017e samozrejmou atrakciou bude tie\u017e \u0161peci\u00e1lna ed\u00edcia viano\u010dn\u00fdch guli\u010diek. Po\u010das adventn\u00fdch trhov bud\u00fa vypad\u00e1va\u0165 z n\u00e1\u0161ho presl\u00e1ven\u00e9ho \u010dasostroja, &#8222;dod\u00e1va. Ch\u00fdba\u0165 nebud\u00fa December Design Days s origin\u00e1lnymi dar\u010dekmi od na\u0161ich zn\u00e1mych dizajn\u00e9rov a nebude ch\u00fdba\u0165 pomoc pre t\u00fdch, ktor\u00ed to najviac potrebuj\u00fa. Bez tejto pomoci by zvl\u00e1\u0161\u0165 Brn\u011bnsk\u00e9 V\u00e1noce neboli Vianocami, lebo tak sa to v Brne pred 94 rokmi za\u010dalo. Zbierkou, ktorou sa Rudolf T\u011bsnohl\u00eddek in\u0161piroval v D\u00e1nsku, kde osvetlen\u00fd strom na hlavnom n\u00e1mest\u00ed v Kodani niesol motto: &#8222;V\u0161etci v\u0161etk\u00fdm&#8220;. Pod stromom povyberan\u00e9 peniaze boli rozdelen\u00e9 charitat\u00edvnym organiz\u00e1ci\u00e1m a t\u00e1to trad\u00edcia zostala zachovan\u00e1 aj v Brne.<\/p>\n<p style=\"text-align: center;\"><img decoding=\"async\" class=\"aligncenter\" src=\"http:\/\/slovaklinesmagazin.sk\/cms\/wp-content\/uploads\/2018\/11\/Gurm\u00e1nsk\u00e9-V\u00e1noce-2017-c-TIC-BRNO-Michal-R\u016f\u017ei\u010dka-1024x681.jpg\" \/><\/p>\n<p style=\"text-align: center;\">Gurm\u00e1nsk\u00e9 V\u00e1noce 2017 (c) TIC BRNO Michal R\u016f\u017ei\u010dka<\/p>\n<p><strong>Pr\u00edchod stromu a rozsvietenie<\/strong><\/p>\n<p>V\u0161etko sa od\u0161tartuje v piatok 23. novembra sl\u00e1vnostn\u00fdm rozsvieten\u00edm viano\u010dn\u00e9ho stromu na n\u00e1mest\u00ed Slobody. Ten sa pravidelne voz\u00ed z b\u00edloveck\u00e9ho polesia a tento rok ho privez\u00fa konsk\u00e9 z\u00e1prahy tak, ako tomu bolo pred 94 rokmi. Rozsvietenie stromu bude sprev\u00e1dza\u0165 sveteln\u00e1 show, hudobn\u00e9 vyst\u00fapenia a videomapping. T\u00fdmto okamihom, ktor\u00fd okrem modernej z\u00e1bavy priamo odkazuje k trad\u00edcii charitat\u00edvnej finan\u010dnej zbierky Rudolfa T\u011bsnohl\u00eddka, sa za\u010dn\u00fa viac ako mesiac trvaj\u00face adventn\u00e9 a viano\u010dn\u00e9 trhy. &#8222;Ak chcete by\u0165 pri tom, ke\u010f konsk\u00e9 z\u00e1prahy privez\u00fa na n\u00e1mestie viano\u010dn\u00fd strom, potom si v kalend\u00e1ri zakr\u00fa\u017ekujte term\u00edn 17. novembra. V tento de\u0148 toti\u017e strom do Brna doraz\u00ed a budeme ho stava\u0165, &#8222;poz\u00fdva na preview Brn\u011bnsk\u00fdch V\u00e1noc Jana Janul\u00edkov\u00e1. &#8222;Na nespo\u010detn\u00e9 \u017eelania n\u00e1v\u0161tevn\u00edkov\u00a0 tento rok predl\u017eujeme toto v\u00fdnimo\u010dn\u00e9 podujatie a\u017e do 28. decembra,&#8220; upres\u0148uje Jana Janul\u00edkov\u00e1 d\u00f4le\u017eit\u00fa zmenu oproti minul\u00e9mu roku.<\/p>\n<p style=\"text-align: center;\"><img decoding=\"async\" class=\"aligncenter\" src=\"http:\/\/slovaklinesmagazin.sk\/cms\/wp-content\/uploads\/2018\/11\/v\u00e1no\u010dn\u00ed-\u0161alina-2016-c-TIC-BRNO-Michal-R\u016f\u017ei\u010dka-1024x682.jpg\" \/><\/p>\n<p style=\"text-align: center;\">V\u00e1no\u010dn\u00ed \u0161alina 2016 (c) TIC BRNO Michal R\u016f\u017ei\u010dka<\/p>\n<p><strong>Dynamika i pokoj<\/strong><\/p>\n<p>Brn\u011bnsk\u00e9 V\u00e1noce 2018 n\u00e1v\u0161tevn\u00edkov priv\u00edtaj\u00fa na n\u00e1mest\u00ed Slobody aj na Dominik\u00e1nskom n\u00e1mest\u00ed, ale adventn\u00fdmi trhmi o\u017eije tie\u017e Moravsk\u00e9 n\u00e1mestie \u010di Zeln\u00fd trh. Atmosf\u00e9ru centr\u00e1lneho brnianskeho n\u00e1mestia Slobody si u\u017eij\u00fa predov\u0161etk\u00fdm t\u00ed, ktor\u00ed sa radi bavia spolo\u010dne so stovkami \u010fal\u0161\u00edch \u013eud\u00ed, radi sa zoznamuj\u00fa a\u00a0ocenia ruch centra mesta. Origin\u00e1lne drinky tu bud\u00fa k dispoz\u00edcii nielen v st\u00e1nkoch, ale aj v bielej kupole Zimn\u00e9ho baru, a\u00a0to v\u0161etko za sprievodu \u017eivej hudby.<br \/>\nNaopak int\u00edmnej\u0161iu atmosf\u00e9ru pon\u00faknu Gurm\u00e1nske Vianoce na Dominik\u00e1nskom n\u00e1mest\u00ed. Tie vyh\u013ead\u00e1vaj\u00fa predov\u0161etk\u00fdm rodiny s de\u0165mi \u010di priaznivci dobr\u00e9ho jedla. Oko pote\u0161\u00ed dreven\u00fd betlehem v \u017eivotnej ve\u013ekosti pred sl\u00e1vnostne osvietenou budovou Novej radnice, chu\u0165ov\u00e9 poh\u00e1riky pohlad\u00ed lok\u00e1lna aj svetov\u00e1 kuchy\u0148a.<\/p>\n<p>Pr\u00ed\u010fte si u\u017ei\u0165 viano\u010dn\u00fd \u010das do mesta, ktor\u00e9 dalo \u010desk\u00fdm n\u00e1mestiam trad\u00edciu viano\u010dn\u00fdch stromov. Brn\u011bnsk\u00e9 V\u00e1noce 23. 11. &#8211; 28. 12. 2018, otv\u00e1racia doba st\u00e1nkov 9.00-21.45<\/p>\n<p>&nbsp;<\/p>\n<p>&nbsp;<\/p>\n<p>Fotografia na titulke:\u00a0Strom 2016 (c) TIC BRNO Michal R\u016f\u017ei\u010dka<\/p>\n","protected":false},"excerpt":{"rendered":"<p>Brno bolo prv\u00fdm mestom v \u010ceskej republike, na ktor\u00e9ho n\u00e1mest\u00ed sa objavil viano\u010dn\u00fd strom. Bolo to pred 94 rokmi a rovnako ako vtedy, aj tento rok strom privezie konsk\u00fd z\u00e1prah. Ako prv\u00e9 mesto v \u010ceskej republike tie\u017e pred 3 rokmi zaviedlo na celej ploche adventn\u00fdch trhov syst\u00e9m vratn\u00fdch obalov, z ktor\u00fdch si m\u00f4\u017eete iba v [&hellip;]<\/p>\n","protected":false},"author":7,"featured_media":83068,"comment_status":"closed","ping_status":"closed","sticky":false,"template":"","format":"standard","meta":{"footnotes":""},"categories":[13,46,45,52],"tags":[],"class_list":["post-83067","post","type-post","status-publish","format-standard","has-post-thumbnail","hentry","category-real-estate","category-gastronomia","category-nas-tip","category-outdoor","eq-blocks"],"_links":{"self":[{"href":"https:\/\/www.slovaklinesmagazin.sk\/cms\/wp-json\/wp\/v2\/posts\/83067","targetHints":{"allow":["GET"]}}],"collection":[{"href":"https:\/\/www.slovaklinesmagazin.sk\/cms\/wp-json\/wp\/v2\/posts"}],"about":[{"href":"https:\/\/www.slovaklinesmagazin.sk\/cms\/wp-json\/wp\/v2\/types\/post"}],"author":[{"embeddable":true,"href":"https:\/\/www.slovaklinesmagazin.sk\/cms\/wp-json\/wp\/v2\/users\/7"}],"replies":[{"embeddable":true,"href":"https:\/\/www.slovaklinesmagazin.sk\/cms\/wp-json\/wp\/v2\/comments?post=83067"}],"version-history":[{"count":3,"href":"https:\/\/www.slovaklinesmagazin.sk\/cms\/wp-json\/wp\/v2\/posts\/83067\/revisions"}],"predecessor-version":[{"id":83083,"href":"https:\/\/www.slovaklinesmagazin.sk\/cms\/wp-json\/wp\/v2\/posts\/83067\/revisions\/83083"}],"wp:featuredmedia":[{"embeddable":true,"href":"https:\/\/www.slovaklinesmagazin.sk\/cms\/wp-json\/wp\/v2\/media\/83068"}],"wp:attachment":[{"href":"https:\/\/www.slovaklinesmagazin.sk\/cms\/wp-json\/wp\/v2\/media?parent=83067"}],"wp:term":[{"taxonomy":"category","embeddable":true,"href":"https:\/\/www.slovaklinesmagazin.sk\/cms\/wp-json\/wp\/v2\/categories?post=83067"},{"taxonomy":"post_tag","embeddable":true,"href":"https:\/\/www.slovaklinesmagazin.sk\/cms\/wp-json\/wp\/v2\/tags?post=83067"}],"curies":[{"name":"wp","href":"https:\/\/api.w.org\/{rel}","templated":true}]}}