{"id":83106,"date":"2018-11-30T15:30:52","date_gmt":"2018-11-30T13:30:52","guid":{"rendered":"http:\/\/slovaklinesmagazin.sk\/cms\/?p=83106"},"modified":"2018-11-30T15:02:00","modified_gmt":"2018-11-30T13:02:00","slug":"zimna-sezona-na-horehroni-bude-svetova","status":"publish","type":"post","link":"https:\/\/www.slovaklinesmagazin.sk\/cms\/2018\/11\/zimna-sezona-na-horehroni-bude-svetova\/","title":{"rendered":"ZIMN\u00c1 SEZ\u00d3NA NA HOREHRON\u00cd BUDE SVETOV\u00c1!\u00a0"},"content":{"rendered":"<p><strong>Prv\u00e9 snehov\u00e9 vlo\u010dky u\u017e padli a my op\u00e4\u0165 v\u00edtame zimn\u00fa sez\u00f3nu. Tohtoro\u010dn\u00e1 zima bude naozaj svetov\u00e1 a stane sa dejiskom medzin\u00e1rodn\u00fdch podujat\u00ed na ly\u017eiarskych svahoch ale aj mimo nich.<\/strong><\/p>\n<p>U\u017e 30. novembra sme otvorili zimn\u00fa sez\u00f3nu na ju\u017enej strane Chopku ako prv\u00ed. Pri pr\u00edle\u017eitosti 100. v\u00fdro\u010dia \u010ceskoslovenska zaznela v najv\u00e4\u010d\u0161om ly\u017eiarskom stredisku na Slovensku Jasn\u00e1 N\u00edzke Tatry slovensk\u00e1 a \u010desk\u00e1 hymna v podan\u00ed Horehronsk\u00fdch chlopov a detsk\u00e9ho spev\u00e1ckeho zboru Domino.<\/p>\n<p style=\"text-align: center;\"><a href=\"http:\/\/slovaklinesmagazin.sk\/cms\/wp-content\/uploads\/2018\/11\/chopok2.jpg\"><img decoding=\"async\" class=\"aligncenter\" src=\"http:\/\/slovaklinesmagazin.sk\/cms\/wp-content\/uploads\/2018\/11\/chopok2-1024x576.jpg\" \/><\/a><\/p>\n<p><strong>Na \u010do sa m\u00f4\u017eete te\u0161i\u0165 v decembri<\/strong><br \/>\nPrv\u00e1 ly\u017eova\u010dka u\u017e v sobotu 1. decembra na zjazdovk\u00e1ch v ly\u017eiarskom stredisku Jasn\u00e1 N\u00edzke Tatry. \u201eAj napriek nepriazniv\u00e9mu tepl\u00e9mu po\u010dasiu sa podarilo zasne\u017ei\u0165 a upravi\u0165 \u010das\u0165 zjazdoviek a od 1. decembra bud\u00fa m\u00f4c\u0165 prv\u00ed ly\u017eiari a snowboardisti od\u0161tartova\u0165 sez\u00f3nu. Intenz\u00edvnena\u010falejzasne\u017eujeme a predpoklad\u00e1me na bud\u00faciv\u00edkendotvori\u0165 aj \u010fal\u0161ie zjazdovky ako Turistick\u00e1 na severe a na juhu cez Predn\u00e9 Dere\u0161e, Kosodrevinu do Krupovej.\u201c povedal Ing. Matej Hulej, riadite\u013e strediska Jasn\u00e1 N\u00edzke Tatry.<\/p>\n<p>V obci Bystr\u00e1 n\u00e1v\u0161tevn\u00edkov \u010dak\u00e1 nov\u00e9 informa\u010dno-turistick\u00e9 centrum TIC Horehronie v typickej drevenici, plnej region\u00e1lnych produktov, remeseln\u00fdch v\u00fdrobkov, netradi\u010dn\u00fdch suven\u00edrov, \u010di mlie\u010dnych produktov a destil\u00e1tov z Horehronia. ,,Po\u010das cel\u00e9ho decembrasi v TIC Horehronie na Bystrej bud\u00fa m\u00f4c\u0165 n\u00e1v\u0161tevn\u00edci otvori\u0165 ru\u010dne roben\u00fd adventn\u00fd kalend\u00e1r, v ktorom ich \u010dak\u00e1ka\u017ed\u00fd de\u0148 nov\u00e9 prekvapenie. Pri n\u00e1kupe nad 20 Eur z\u00edskaj\u00fa origin\u00e1lny viano\u010dn\u00fd dar\u010dek z Horehronia.\u201cuviedla Ing. Petra Ridzo\u0148ov\u00e1 Hl\u00e1snikov\u00e1, v\u00fdkonn\u00e1 riadite\u013eka OOCR REGI\u00d3N HOREHRONIE.<\/p>\n<p>V sobotu 22. decembra spolu osl\u00e1vime druh\u00e9 narodeniny najmlad\u0161ej lanovky v Krupovej s netradi\u010dnou tortou a bubnovou \u0161ou na snehu. Sez\u00f3na 2019 bude jubilejn\u00e1 aj pre najstar\u0161iu lanovku Von Roll na ju\u017enej strane Chopku. V m\u00fazeu priamo na svahu v \u010dasti Kosodrevina osl\u00e1vi toti\u017e 70 rokov od jej vzniku.<\/p>\n<p>V are\u00e1li ly\u017eiarskeho strediska Ski Centrum M\u00fdto v stredu 26. decembra \u010dak\u00e1 n\u00e1v\u0161tevn\u00edkov \u0160tefansk\u00e1 z\u00e1bava alebo Krojovka na snehu. \u013dudov\u00e1 hudba, tane\u010dn\u00e9 vyst\u00fapenia, tradi\u010dn\u00e9 dom\u00e1ce \u0161peciality a z\u00e1bava s V\u013a\u010dkami na snehu.<\/p>\n<p>&nbsp;<\/p>\n<p style=\"text-align: center;\"><a href=\"http:\/\/slovaklinesmagazin.sk\/cms\/wp-content\/uploads\/2018\/11\/chopok4.jpg\"><img decoding=\"async\" class=\"aligncenter\" src=\"http:\/\/slovaklinesmagazin.sk\/cms\/wp-content\/uploads\/2018\/11\/chopok4-1024x576.jpg\" \/><\/a><\/p>\n<p>Novo pokrsten\u00fd amfite\u00e1ter na Bystrej za\u017eiari a otvor\u00ed svoje br\u00e1ny v piatok 28. decembra pre prv\u00e9 Horehronsk\u00e9 remeseln\u00e9 trhy, kde bud\u00fa pripraven\u00e9 region\u00e1lne pulty a bohat\u00fd program. Viano\u010dn\u00fa atmosf\u00e9ru neodmyslite\u013ene dopln\u00ed aj chutn\u00fd tepl\u00fd pun\u010d a in\u00e9 \u0161peciality. \u201eTe\u0161i\u0165 sa m\u00f4\u017eete na remeseln\u00fd trh s prezent\u00e1ciou lok\u00e1lnych v\u00fdrobcov, anim\u00e1cie pre deti i dospel\u00fdch, s\u00fa\u0165a\u017e o automobil na v\u00edkend, tvoriv\u00e9 dielne, \u013eadov\u00fd bar, zimn\u00fa z\u00e1hradu s ochutn\u00e1vkou \u010dajov, \u010di dobroty z farmy Hiadlovsk\u00fdch. Pripraven\u00fd je aj bohat\u00fd hudobno-tane\u010dn\u00fd program. N\u00e1v\u0161tevn\u00edci sa m\u00f4\u017eu te\u0161i\u0165 na vyst\u00fapenia FS K\u00fd\u010dera, Mal\u00e1 K\u00fd\u010dera, vyst\u00fapenie Martina Vetr\u00e1ka a \u010fal\u0161ie. Bodku za remeseln\u00fdmi trhmi sprav\u00ed ve\u013ekolep\u00fd oh\u0148ostroj.\u201c uviedla Bc. Zuzana Tes\u00e1kov\u00e1 destina\u010dn\u00e1 koordin\u00e1torka OOCR REGI\u00d3N HOREHRONIE.<\/p>\n<p>Nasleduj\u00facu sobotu 29. decembrabude hor\u00faco v are\u00e1li ly\u017eiarskeho strediska Ski Resort T\u00e1le. Happy Ski Day prin\u00e1\u0161a kopec z\u00e1bavy pre mal\u00fdch i ve\u013ek\u00fdch. \u013dudov\u00e1 hudba Vesel\u00ed chlapci, anim\u00e1tori, s\u00fa\u0165a\u017ee, detsk\u00e9 kino, \u010di sladk\u00e9 palacinky a grilovan\u00e9 \u0161peciality.V\u00fdborn\u00e1 z\u00e1bava vyvrchol\u00ed ve\u010der koncertom skupiny Tip Top Band v re\u0161taur\u00e1cii Stodola. Aj t\u00fato sez\u00f3nu si ly\u017eiari, snowboardisti, ale aj n\u00e1v\u0161tevn\u00edci bez ly\u017e\u00ed pr\u00eddu na svoje. Ly\u017eiarske stredisk\u00e1 si pripravili ve\u013emi zauj\u00edmav\u00e9 podujatia, ktor\u00e9 po\u010das celej zimy bud\u00fa spestrova\u0165 dni na svahoch. Ver\u00edme, \u017ee tento rok bude snehov\u00e1 n\u00e1dielka v\u00fddatn\u00e1, a te\u0161\u00ed n\u00e1s, \u017ee u\u017e po\u010das t\u00fdchto dn\u00ed sme poc\u00edtili poriadne mrazy a v\u010faka na\u0161ej technike, sme tak mohli za\u010da\u0165 sne\u017ei\u0165 aj v Ski Resorte T\u00e1le.\u201c uviedol Ing. \u013dubo\u0161 \u010eurin\u010f\u00e1k, predseda predstavenstva OOCR REGI\u00d3N HOREHRONIE.<\/p>\n<p><strong>Janu\u00e1r bude svetov\u00fd v Osrbl\u00ed<\/strong><br \/>\nPosledn\u00fd janu\u00e1rov\u00fd t\u00fd\u017ede\u0148 biatlonov\u00fd are\u00e1l Osrblie priv\u00edta najlep\u0161\u00edch pretek\u00e1rov z cel\u00e9ho sveta na Majstrovstv\u00e1ch sveta juniorov a ml\u00e1de\u017ee v biatlone. V\u0161etko vypukne v sobotu 26. janu\u00e1ra otv\u00e1rac\u00edm ceremoni\u00e1lom na n\u00e1mest\u00ed v Brezne. Prv\u00fd pretek\u00e1r vybehne na tra\u0165 v nede\u013eu o 10:00. Po\u010das cel\u00e9ho t\u00fd\u017ed\u0148a bude pre v\u0161etk\u00fdch \u0161portov\u00fdch nad\u0161encov pripraven\u00e1 aj fan z\u00f3na kde n\u00e1jdu r\u00f4zne mo\u017enosti z\u00e1bavy. \u201eSme nesmierne radi, \u017ee v biatlonovom are\u00e1li Osrblie budeme m\u00f4c\u0165 priv\u00edta\u0165 podujatie svetov\u00e9ho form\u00e1tu. Biatlon je v posledn\u00fdch rokoch medzi Slov\u00e1kmi ve\u013emi ob\u013e\u00faben\u00fdm zimn\u00fdm \u0161portom aj v\u010faka \u00faspechom na\u0161ich slovensk\u00fdch biatlonistov. Ve\u013ek\u00e1 v\u010faka patr\u00ed aj ambas\u00e1dorom tohto podujatia, ktor\u00fdmi s\u00fa tie najzn\u00e1mej\u0161ie men\u00e1 tohto \u0161portu Anastasia Kuzminov\u00e1 a Pavol Hurajt.\u201c uviedla Mgr. Petra \u0160uhajdov\u00e1, \u0161pecialista na cestovn\u00fd ruch Rozvojovej agent\u00fary BBSK.<\/p>\n<p><strong>Febru\u00e1r v znamen\u00ed z\u00e1bavy na Chopku<\/strong><br \/>\nFebru\u00e1r od\u0161tartujte hudobno-tane\u010dn\u00e1 party Ratrak Stage. V sobotu 2. febru\u00e1ra prv\u00fd kr\u00e1t na ju\u017enej strane Chopku bude znie\u0165 hudba na v\u0161etky smery, party pod hol\u00fdm nebom po\u010das cel\u00e9ho d\u0148a na\u0161tartuje v\u0161etk\u00fdch ly\u017eiarov aj nely\u017eiarov. Zvu\u010dn\u00e9 men\u00e1, hor\u00face drinky a v\u00fdborn\u00e1 z\u00e1bava pote\u0161\u00ed \u0161portovcov nesk\u00f4r aj 23. marca.<\/p>\n<p>To ale nie je v\u0161etko, zahrani\u010dn\u00fdch pretek\u00e1rov priv\u00edtame na Chopku22. a 23. febru\u00e1ra na medzin\u00e1rodn\u00fdch krna\u010dkov\u00fdch pretekoch. Na adrenal\u00ednovej trati ju\u017en\u00fdch svahov N\u00edzkych Tatier si zmeraj\u00fa sily krna\u010dkari z viac ako 5 kraj\u00edn Eur\u00f3py. Podujatie od\u0161tartuje ve\u013ekolep\u00e9 otvorenie v tradi\u010dnom duchu priamo na n\u00e1mest\u00ed v kr\u00e1\u013eovskom meste Brezno.<\/p>\n<p><strong>Extra tipy na zimu<\/strong><br \/>\nPo\u010das zimnej sez\u00f3ny bude pre ly\u017eiarov, snowboardistov, be\u017ek\u00e1rov, skialpinistov, \u010di turistov bude aj tento rok k dispoz\u00edcii skibus zadarmo s Horehronie card. \u201eSkibus bude jazdi\u0165 pod\u013ea platn\u00e9ho grafikonu denne po\u010das zimn\u00fdch a jarn\u00fdch pr\u00e1zdnin a \u010falej po\u010das v\u00edkendov cel\u00fa zimu. Sp\u00e1ja\u0165 bude tri ly\u017eiarske stredisk\u00e1 (Jasn\u00e1 N\u00edzke Tatry, T\u00e1le Ski Resort a M\u00fdto Ski Centrum) s mestom Breznom, Bystrou, M\u00fdtom pod \u010eumbierom a be\u017eeck\u00fdmi tra\u0165ami z Pohansk\u00e9ho na horsk\u00fa Dede\u010dkovu chatu, \u010di \u010certovicu\u201c uviedla Ing. Petra Ridzo\u0148ov\u00e1 Hl\u00e1snikov\u00e1, v\u00fdkonn\u00e1 riadite\u013eka OOCR REGI\u00d3N HOREHRONIE.<\/p>\n<p>Pre milovn\u00edkov vlakov a hviezd prin\u00e1\u0161ame novinku. Vyprav\u00edme zimn\u00fd expres Astrovlak. Smerova\u0165 bude z hlavnej stanice v \u010ciernom Balogu do \u00fatrob Lesn\u00edckeho skanzenu, kde bud\u00fa ma\u0165 n\u00e1v\u0161tevn\u00edci mo\u017enos\u0165 pozorova\u0165 hviezdy pod z\u00e1\u0161titou Hvezd\u00e1rne v Banskej Bystrici. \u201ePre ve\u013ek\u00fd \u00faspech letn\u00e9ho Astrovlaku sme sa rozhodli vypravi\u0165 aj jeho zimn\u00e9ho kolegu. Po\u010das zimy sa vl\u00e1\u010dik vyd\u00e1 do Lesn\u00edckeho skanzenuv troch term\u00ednoch 20. febru\u00e1ra, 27. febru\u00e1ra a 6. marca 2019. V hor\u00e1rni sa n\u00e1v\u0161tevn\u00edci ohrej\u00fa a zasv\u00e4tia do tajov astron\u00f3mie a vonku nau\u010dia pozorova\u0165 oblohu prav\u00fdmi \u010falekoh\u013eadmi.\u201c dodala Mgr. Krist\u00edna \u0160ajgal\u00edkov\u00e1, marketing manager OOCR REGI\u00d3N HOREHRONIE.<\/p>\n","protected":false},"excerpt":{"rendered":"<p>Prv\u00e9 snehov\u00e9 vlo\u010dky u\u017e padli a my op\u00e4\u0165 v\u00edtame zimn\u00fa sez\u00f3nu. Tohtoro\u010dn\u00e1 zima bude naozaj svetov\u00e1 a stane sa dejiskom medzin\u00e1rodn\u00fdch podujat\u00ed na ly\u017eiarskych svahoch ale aj mimo nich. U\u017e 30. novembra sme otvorili zimn\u00fa sez\u00f3nu na ju\u017enej strane Chopku ako prv\u00ed. Pri pr\u00edle\u017eitosti 100. v\u00fdro\u010dia \u010ceskoslovenska zaznela v najv\u00e4\u010d\u0161om ly\u017eiarskom stredisku na Slovensku Jasn\u00e1 [&hellip;]<\/p>\n","protected":false},"author":7,"featured_media":83107,"comment_status":"closed","ping_status":"closed","sticky":false,"template":"","format":"standard","meta":{"footnotes":""},"categories":[13,11,52,56],"tags":[],"class_list":["post-83106","post","type-post","status-publish","format-standard","has-post-thumbnail","hentry","category-real-estate","category-news","category-outdoor","category-priroda","eq-blocks"],"_links":{"self":[{"href":"https:\/\/www.slovaklinesmagazin.sk\/cms\/wp-json\/wp\/v2\/posts\/83106","targetHints":{"allow":["GET"]}}],"collection":[{"href":"https:\/\/www.slovaklinesmagazin.sk\/cms\/wp-json\/wp\/v2\/posts"}],"about":[{"href":"https:\/\/www.slovaklinesmagazin.sk\/cms\/wp-json\/wp\/v2\/types\/post"}],"author":[{"embeddable":true,"href":"https:\/\/www.slovaklinesmagazin.sk\/cms\/wp-json\/wp\/v2\/users\/7"}],"replies":[{"embeddable":true,"href":"https:\/\/www.slovaklinesmagazin.sk\/cms\/wp-json\/wp\/v2\/comments?post=83106"}],"version-history":[{"count":2,"href":"https:\/\/www.slovaklinesmagazin.sk\/cms\/wp-json\/wp\/v2\/posts\/83106\/revisions"}],"predecessor-version":[{"id":83111,"href":"https:\/\/www.slovaklinesmagazin.sk\/cms\/wp-json\/wp\/v2\/posts\/83106\/revisions\/83111"}],"wp:featuredmedia":[{"embeddable":true,"href":"https:\/\/www.slovaklinesmagazin.sk\/cms\/wp-json\/wp\/v2\/media\/83107"}],"wp:attachment":[{"href":"https:\/\/www.slovaklinesmagazin.sk\/cms\/wp-json\/wp\/v2\/media?parent=83106"}],"wp:term":[{"taxonomy":"category","embeddable":true,"href":"https:\/\/www.slovaklinesmagazin.sk\/cms\/wp-json\/wp\/v2\/categories?post=83106"},{"taxonomy":"post_tag","embeddable":true,"href":"https:\/\/www.slovaklinesmagazin.sk\/cms\/wp-json\/wp\/v2\/tags?post=83106"}],"curies":[{"name":"wp","href":"https:\/\/api.w.org\/{rel}","templated":true}]}}