{"id":83403,"date":"2019-02-09T12:12:43","date_gmt":"2019-02-09T10:12:43","guid":{"rendered":"http:\/\/slovaklinesmagazin.sk\/cms\/?p=83403"},"modified":"2019-02-09T12:15:40","modified_gmt":"2019-02-09T10:15:40","slug":"ostrym-nozom-kazda-generacia-ma-svoju-obet","status":"publish","type":"post","link":"https:\/\/www.slovaklinesmagazin.sk\/cms\/2019\/02\/ostrym-nozom-kazda-generacia-ma-svoju-obet\/","title":{"rendered":"OSTR\u00ddM NO\u017dOM &#8211; KA\u017dD\u00c1 GENER\u00c1CIA M\u00c1 SVOJU OBE\u0164"},"content":{"rendered":"<p>Pr\u00edbeh otca, ktor\u00e9mu zavra\u017edia syna. Z \u00fatoku s\u00fa obvinen\u00ed \u0161tyria p\u00e1chatelia, pre chybn\u00e9 rozhodnutie sudkyne sa v\u0161ak dostan\u00fa na slobodu. Otec, odhodlan\u00fd odhali\u0165 pravdu, sa p\u00fa\u0161\u0165a do nevyrovnan\u00e9ho boja s ne\u010dinnou pol\u00edciou, skorumpovan\u00fdm s\u00fadnictvom aj vl\u00e1dnucou mafiou. Dok\u00e1\u017ee v takto prehnitom syst\u00e9me vyhra\u0165?<\/p>\n<p>Odpor\u00fa\u010dame recenzie:<\/p>\n<p>\u201eKe\u010f sme prv\u00fdkr\u00e1t dopozerali u\u017e dokon\u010den\u00fd film, p\u00fdtali sme sa: \u2019Ako toto pust\u00edme rodi\u010dom Daniela Tup\u00e9ho? Ako toto pust\u00edme ak\u00fdmko\u013evek rodi\u010dom?\u00b4,\u201c spom\u00edna Teodor Kuhn. \u201eOstr\u00fdm no\u017eom rozpr\u00e1va hrozn\u00e9 veci o na\u0161ej spolo\u010dnosti z poh\u013eadu rodiny, ktor\u00e1 pri\u0161la o die\u0165a n\u00e1silnou smr\u0165ou. A n\u00e1\u0161 \u0161t\u00e1t&#8230;&#8230;viac na:\u00a0<a href=\"https:\/\/www.rewind.sk\/film-ostrym-nozom-trailer-2\/\">https:\/\/www.rewind.sk\/film-ostrym-nozom-trailer-2\/<\/a><\/p>\n<p>Ostr\u00fdm no\u017eom &#8211; nov\u00fd film o Danielovi Tupom a nespravodlivosti (podcast) \/ www.aktuality.sk\/<\/p>\n<audio class=\"wp-audio-shortcode\" id=\"audio-83403-1\" preload=\"none\" style=\"width: 100%;\" controls=\"controls\"><source type=\"audio\/mpeg\" src=\"http:\/\/slovaklinesmagazin.sk\/cms\/wp-content\/uploads\/2019\/02\/nahlas_20_12.mp3?_=1\" \/><a href=\"http:\/\/slovaklinesmagazin.sk\/cms\/wp-content\/uploads\/2019\/02\/nahlas_20_12.mp3\">http:\/\/slovaklinesmagazin.sk\/cms\/wp-content\/uploads\/2019\/02\/nahlas_20_12.mp3<\/a><\/audio>\n<p>&nbsp;<\/p>\n<p>Trailer k filmu Ostr\u00edm no\u017eom<\/p>\n<p><iframe loading=\"lazy\" frameborder=\"0\" height=\"536\" src=\"https:\/\/www.youtube.com\/embed\/48-zjAfOcXc\" width=\"1280\"><\/iframe><\/p>\n<h3 class=\"title\">V kin\u00e1ch od 21. febru\u00e1ra 2019<\/h3>\n<p>&nbsp;<\/p>\n<p><strong>Hraj\u00fa:<\/strong>\u00a0Roman Lukn\u00e1r, Ela Lehotsk\u00e1, David Hartl, Miroslav Krobot, Mari\u00e1n Mita\u0161, T\u00e1\u0148a Radeva, Jana O\u013ehov\u00e1, Moloch Vlavo a Momo<\/p>\n<p><strong>R\u00e9\u017eia:<\/strong>\u00a0Teodor Kuhn<br \/>\n<strong>Scen\u00e1r:<\/strong>\u00a0Jakub Medveck\u00fd, Teodor Kuhn<br \/>\n<strong>Kamera:<\/strong>\u00a0Denisa Buranov\u00e1<br \/>\n<strong>Strih:<\/strong>\u00a0Pavel Hrdli\u010dka<br \/>\n<strong>Hudba:<\/strong>\u00a0Michal Novinski<br \/>\n<strong>Architekt:<\/strong>\u00a0Michal Lo\u0161onsk\u00fd<br \/>\n<strong>Kost\u00fdmy:<\/strong>\u00a0Martina \u010cer\u0148\u00e1kov\u00e1<br \/>\n<strong>Masky:<\/strong>\u00a0Michala Frimmerov\u00e1<br \/>\n<strong>Zvuk:<\/strong>\u00a0Tobias Poto\u010dn\u00fd<br \/>\n<strong>Tituln\u00e1 skladba:<\/strong>\u00a0Jana Kirschner<br \/>\n<strong>Koproducenti:<\/strong>\u00a0Pavla Janou\u0161kov\u00e1 Kube\u010dkov\u00e1, Tom\u00e1\u0161 Hrub\u00fd, Tibor B\u00faza, Marek \u0164ap\u00e1k<br \/>\n<strong>Producent:<\/strong>\u00a0Jakub Viktor\u00edn<\/p>\n<p>&nbsp;<\/p>\n<p>&nbsp;<\/p>\n","protected":false},"excerpt":{"rendered":"<p>Pr\u00edbeh otca, ktor\u00e9mu zavra\u017edia syna. Z \u00fatoku s\u00fa obvinen\u00ed \u0161tyria p\u00e1chatelia, pre chybn\u00e9 rozhodnutie sudkyne sa v\u0161ak dostan\u00fa na slobodu. Otec, odhodlan\u00fd odhali\u0165 pravdu, sa p\u00fa\u0161\u0165a do nevyrovnan\u00e9ho boja s ne\u010dinnou pol\u00edciou, skorumpovan\u00fdm s\u00fadnictvom aj vl\u00e1dnucou mafiou. Dok\u00e1\u017ee v takto prehnitom syst\u00e9me vyhra\u0165? Odpor\u00fa\u010dame recenzie: \u201eKe\u010f sme prv\u00fdkr\u00e1t dopozerali u\u017e dokon\u010den\u00fd film, p\u00fdtali sme sa: [&hellip;]<\/p>\n","protected":false},"author":7,"featured_media":83406,"comment_status":"closed","ping_status":"closed","sticky":false,"template":"","format":"video","meta":{"footnotes":""},"categories":[47,5,48],"tags":[],"class_list":["post-83403","post","type-post","status-publish","format-video","has-post-thumbnail","hentry","category-film","category-celebrity-magazine","category-umenie-a-kultura","post_format-post-format-video","eq-blocks"],"_links":{"self":[{"href":"https:\/\/www.slovaklinesmagazin.sk\/cms\/wp-json\/wp\/v2\/posts\/83403","targetHints":{"allow":["GET"]}}],"collection":[{"href":"https:\/\/www.slovaklinesmagazin.sk\/cms\/wp-json\/wp\/v2\/posts"}],"about":[{"href":"https:\/\/www.slovaklinesmagazin.sk\/cms\/wp-json\/wp\/v2\/types\/post"}],"author":[{"embeddable":true,"href":"https:\/\/www.slovaklinesmagazin.sk\/cms\/wp-json\/wp\/v2\/users\/7"}],"replies":[{"embeddable":true,"href":"https:\/\/www.slovaklinesmagazin.sk\/cms\/wp-json\/wp\/v2\/comments?post=83403"}],"version-history":[{"count":3,"href":"https:\/\/www.slovaklinesmagazin.sk\/cms\/wp-json\/wp\/v2\/posts\/83403\/revisions"}],"predecessor-version":[{"id":83409,"href":"https:\/\/www.slovaklinesmagazin.sk\/cms\/wp-json\/wp\/v2\/posts\/83403\/revisions\/83409"}],"wp:featuredmedia":[{"embeddable":true,"href":"https:\/\/www.slovaklinesmagazin.sk\/cms\/wp-json\/wp\/v2\/media\/83406"}],"wp:attachment":[{"href":"https:\/\/www.slovaklinesmagazin.sk\/cms\/wp-json\/wp\/v2\/media?parent=83403"}],"wp:term":[{"taxonomy":"category","embeddable":true,"href":"https:\/\/www.slovaklinesmagazin.sk\/cms\/wp-json\/wp\/v2\/categories?post=83403"},{"taxonomy":"post_tag","embeddable":true,"href":"https:\/\/www.slovaklinesmagazin.sk\/cms\/wp-json\/wp\/v2\/tags?post=83403"}],"curies":[{"name":"wp","href":"https:\/\/api.w.org\/{rel}","templated":true}]}}