{"id":83590,"date":"2019-03-29T11:17:19","date_gmt":"2019-03-29T09:17:19","guid":{"rendered":"http:\/\/slovaklinesmagazin.sk\/cms\/?p=83590"},"modified":"2019-03-29T12:16:40","modified_gmt":"2019-03-29T10:16:40","slug":"7-tipov-na-vylety-do-jarnej-prirody","status":"publish","type":"post","link":"https:\/\/www.slovaklinesmagazin.sk\/cms\/2019\/03\/7-tipov-na-vylety-do-jarnej-prirody\/","title":{"rendered":"7 tipov na v\u00fdlety do jarnej pr\u00edrody"},"content":{"rendered":"<p><strong>Po dlhej zime sa preb\u00fadza pr\u00edroda. Viete, kam sa vybra\u0165 v \u010ceskej republike?<\/strong><\/p>\n<p>\u010cesk\u00e1 republika je zn\u00e1ma v\u010faka svojim historick\u00fdm pamiatkam. Ale ke\u010f v\u00e1s u\u017e cesty zaved\u00fa k na\u0161im susedom, bola by \u0161koda zosta\u0165 len v meste. Odporu\u010d\u00edme v\u00e1m aj kr\u00e1sne a unik\u00e1tne trasy cez lesy, jasky\u0148ami v podzem\u00ed i chodn\u00edkmi v korun\u00e1ch stromov.<\/p>\n<p><strong>B\u00fdval\u00fd lom Velk\u00e1 Amerika pri Prahe<\/strong><\/p>\n<p>Opusten\u00fd lom <strong>Velk\u00e1 Amerika<\/strong> n\u00e1jdete k\u00fasok za hranicami Prahy ne\u010faleko hradu Karl\u0161tejn. Hovor\u00ed sa mu <strong>\u010desk\u00fd Grand Canyon<\/strong>. \u0164a\u017eil sa tu v\u00e1penec a ide o 800 m dlh\u00fd, 200 m \u0161irok\u00fd a a\u017e 100 m hlbok\u00fd zatopen\u00fd lom. Na jeho dne sa nach\u00e1dzaj\u00fa dve navz\u00e1jom prepojen\u00e9 jazierka s priezra\u010dnou vodou. Voda s\u00edce l\u00e1ka na k\u00fapanie, ale vstup je tam zak\u00e1zan\u00fd. Bezpe\u010dne si m\u00f4\u017eete lom prezrie\u0165 z vyhliadky priamo pri parkovisku, alebo z cesti\u010diek ved\u00facich okolo Velkej Ameriky. A ke\u010f u\u017e budete tu, vyu\u017eite pr\u00edle\u017eitos\u0165 a vyberte sa po zna\u010den\u00fdch chodn\u00edkoch, kde si m\u00f4\u017eete prezrie\u0165 <strong>majest\u00e1tny kr\u00e1\u013eovsk\u00fd hrad Karl\u0161tejn<\/strong> zo v\u0161etk\u00fdch str\u00e1n. Budete prekvapen\u00ed, ako m\u00e1lo n\u00e1v\u0161tevn\u00edkov stretnete. Teda v porovnan\u00ed s meste\u010dkom Karl\u0161tejn v podhrad\u00ed. Okolit\u00e9 kopce s\u00fa porasten\u00e9 hust\u00fdmi listnat\u00fdmi lesmi, ale na jar je p\u00f4da v lese pokryt\u00e1 kobercom jarn\u00fdch kvet\u00edn v\u0161etk\u00fdch farieb a tvarov.<\/p>\n<p style=\"text-align: center;\"><img decoding=\"async\" class=\"aligncenter\" src=\"http:\/\/slovaklinesmagazin.sk\/cms\/wp-content\/uploads\/2019\/03\/Lom-Velk\u00e1-Amerika_FOTO-Tom\u00e1\u0161-Doucha.jpg\" \/>Lom Velk\u00e1 Amerika, foto Tom\u00e1\u0161 Doucha<\/p>\n<p><strong>Krasov\u00e1 priepas\u0165 Macocha pri Brne<\/strong><\/p>\n<p>Ju\u017en\u00e1 Morava m\u00e1 nezamenite\u013en\u00e9 \u010daro. Okolo metropole Brna nen\u00e1jdete len v\u00ednne pivni\u010dky a nekone\u010dn\u00e9 vinohrady, ale aj jedine\u010dn\u00fa krasov\u00fa oblas\u0165 s n\u00e1zvom Moravsk\u00fd kras. Centrom celej chr\u00e1nenej krajinnej oblasti je <strong>priepas\u0165 Macocha<\/strong> a ponorn\u00e1 rie\u010dka Punkva. Macocha vznikla prepadom klenby ve\u013ek\u00e9ho podzemn\u00e9ho krasov\u00e9ho d\u00f3mu a dnes je jej dno v h\u013abke pribli\u017ene 160 metrov. Slnko svieti a\u017e na dno priepasti a ide o jednu z najhlb\u0161\u00edch priepast\u00ed v strednej Eur\u00f3pe. Do Macochy sa m\u00f4\u017eete pozrie\u0165 so sprievodcom a nezabudnute\u013en\u00fdm z\u00e1\u017eitkom je tie\u017e plavba na lo\u010fke po rie\u010dke Punkva. Okolo priepasti ved\u00fa turistick\u00e9 trasy, v\u010faka ktor\u00fdm m\u00f4\u017eete na jar presk\u00fama\u0165, ako vyzer\u00e1 nedotknut\u00fd listnat\u00fd les.<\/p>\n<p style=\"text-align: center;\"><img decoding=\"async\" class=\"aligncenter\" src=\"http:\/\/slovaklinesmagazin.sk\/cms\/wp-content\/uploads\/2019\/03\/Moravsky-kras_FOTO-Libor-Sv\u00e1\u010dek-CzechTourism.jpg\" \/>Moravsk\u00fd kras, foto Libor Sv\u00e1\u010dek, CzechTourism<\/p>\n<p>&nbsp;<\/p>\n<p><strong>Stezka Vala\u0161ka na Pustevn\u00e1ch<\/strong><\/p>\n<p>Pohorie Beskydy, kde sa nach\u00e1dza aj <strong>nov\u00fd chodn\u00edk korunami stromov Vala\u0161ka<\/strong>, je ne\u010faleko priemyslov\u00e9ho centra regi\u00f3nu, Ostravy. Autom ste tam za polhodinku a razom sa ocitnete v \u00faplne inej krajine. V krajine pokoja, pohody a horskej pr\u00edrody. L\u00e1vka medzi stromami za\u010d\u00edna pri hornej stanici <strong>lanovkovej dr\u00e1hy na Pustevn\u00e1ch<\/strong>. S\u00fa\u010das\u0165ou stavby je 22 metrov vysok\u00e1 rozh\u013ead\u0148a, z ktorej dohliadnete a\u017e na pohorie Jesen\u00edky alebo na Slovensko. Chodn\u00edk pon\u00faka dve unik\u00e1tne technick\u00e9 rie\u0161enia. <strong>Zavesen\u00fd chodn\u00edk a sklenen\u00fa vyhliadku<\/strong>. T\u00e1 m\u00e1 evokova\u0165 pocit, \u017ee \u010dlovek stoj\u00ed vo vzduchu. A kam sa vybra\u0165, ke\u010f sa pokoch\u00e1te panor\u00e1mami? Napr\u00edklad k soche pohansk\u00e9ho boha Radegasta alebo ku kaplnke sv. Cyrila a Metoda. Mo\u017enost\u00ed m\u00e1te nespo\u010detne.<\/p>\n<p>&nbsp;<\/p>\n<p><strong>Toulovcovy ma\u0161tale pri Litomy\u0161li<\/strong><\/p>\n<p>Ne\u010faleko v\u00fdchodo\u010deskej Litomy\u0161le so z\u00e1mkom, ktor\u00fd je perlou renesan\u010dnej architekt\u00fary, n\u00e1jdete <strong>pr\u00edrodn\u00fa rezerv\u00e1ciu s pieskovcov\u00fdmi skalami<\/strong>. Miestu sa hovor\u00ed Toulovcovy ma\u0161tale. Ide o s\u00fastavu uzu\u010dk\u00fdch rokl\u00ed, ktor\u00e9 vytv\u00e1raj\u00fa <strong>skryt\u00e9 skaln\u00e9 meste\u010dko<\/strong>. Je pretkan\u00e9 syst\u00e9mom chodieb, jask\u00fd\u0148 a dier so zauj\u00edmav\u00fdmi n\u00e1zvami ako Kuchyn\u011b, Sklep, My\u0161\u00ed d\u00edra alebo Zvon. Skaly tvoria kriedov\u00e9 pieskovce morsk\u00e9ho p\u00f4vodu. T\u00fala\u0165 sa tu m\u00f4\u017eete cel\u00e9 hodiny a je mo\u017en\u00e9, \u017ee v\u010faka v\u0161etk\u00fdm chodn\u00ed\u010dkom a cesti\u010dk\u00e1m nestretnete ani \u017eivej du\u0161e. A ako sa tam z Litomy\u0161le dosta\u0165? V litomy\u0161lskom infocentre v\u00e1m radi poradia. Do obce Budislav jazd\u00ed pravidelne z Litomy\u0161le autobus a potom sta\u010d\u00ed n\u00e1js\u0165 \u010derven\u00fa zna\u010dku.<\/p>\n<p style=\"text-align: center;\"><img decoding=\"async\" class=\"aligncenter\" src=\"http:\/\/slovaklinesmagazin.sk\/cms\/wp-content\/uploads\/2019\/03\/Toulovcovy-Ma\u0161tale_FOTO-destina\u010dn\u00ed-spole\u010dnost-\u010ceskomoravsk\u00e9-pomez\u00ed-5-1024x683.jpg\" \/>Toulovcovy Ma\u0161tale, foto destina\u010dn\u00ed spole\u010dnost \u010ceskomoravsk\u00e9 pomez\u00ed<\/p>\n<p style=\"text-align: center;\"><img decoding=\"async\" class=\"aligncenter\" src=\"http:\/\/slovaklinesmagazin.sk\/cms\/wp-content\/uploads\/2019\/03\/Toulovcovy-Ma\u0161tale_FOTO-destina\u010dn\u00ed-spole\u010dnost-\u010ceskomoravsk\u00e9-pomez\u00ed-8-1024x683.jpg\" \/>Toulovcovy Ma\u0161tale, foto destina\u010dn\u00ed spole\u010dnost \u010ceskomoravsk\u00e9 pomez\u00ed<\/p>\n<p><strong>Pr\u00edrodn\u00e1 sope\u010dn\u00e1 rarita Soos v z\u00e1padn\u00fdch \u010cech\u00e1ch<\/strong><\/p>\n<p>Z\u00e1pado\u010desk\u00e9 k\u00fapele s\u00fa zn\u00e1me v\u010faka svojim hor\u00facim prame\u0148om, \u010do s\u00fa zvy\u0161kov\u00e9 prejavy d\u00e1vno vyhasnut\u00fdch sopiek. Term\u00e1lne \u017eriedla v <strong>Karlov\u00fdch Varoch<\/strong> alebo <strong>Franti\u0161kov\u00fdch L\u00e1z\u0148ach<\/strong> s\u00fa vyhl\u00e1sen\u00e9. A pr\u00e1ve ne\u010faleko Franti\u0161kov\u00fdch L\u00e1zn\u00ed le\u017e\u00ed n\u00e1rodn\u00e1 <strong>pr\u00edrodn\u00e1 rezerv\u00e1cia Soos.<\/strong> Ide o rozsiahle ra\u0161elinisko a slatinu, kde vyviera ve\u013ek\u00e9 mno\u017estvo miner\u00e1lnych prame\u0148ov a \u010dist\u00fd oxid uhli\u010dit\u00fd v bahenn\u00fdch sopk\u00e1ch. N\u00e1u\u010dn\u00fd chodn\u00edk vedie po dne vyschnut\u00e9ho jazera, ktor\u00e9 kedysi d\u00e1vno bolo pln\u00e9 slanej miner\u00e1lnej vody. A na \u010do sa m\u00f4\u017eete te\u0161i\u0165? Na zvl\u00e1\u0161tne mesa\u010dn\u00fa krajinu rozbr\u00e1zden\u00fa er\u00f3ziou a pokryt\u00fa \u017eltou aj bielou vrstvou vyzr\u00e1\u017ean\u00fdch miner\u00e1lnych sol\u00ed. V rezerv\u00e1cii \u017eije viacero <strong>chr\u00e1nen\u00fdch \u017eivo\u010d\u00edchov<\/strong> a rastie tu mno\u017estvo mokra\u010fov\u00fdch a slanomiln\u00fdch rastl\u00edn. Rezerv\u00e1cia nie je pr\u00edstupn\u00e1 cel\u00e1, dosta\u0165 sa m\u00f4\u017eete len na cesti\u010dku dlh\u00fa nie\u010do vy\u0161e kilometra. Ale aj tak by ste podobn\u00e9 miesto v \u010ceskej republike h\u013eadali len \u0165a\u017eko.<\/p>\n<p style=\"text-align: center;\"><img decoding=\"async\" class=\"aligncenter\" src=\"http:\/\/slovaklinesmagazin.sk\/cms\/wp-content\/uploads\/2019\/03\/P\u0159\u00edrodn\u00ed-rezervace-Soos-Cheb_FOTO-z-webu-www.kvpoint.cz-databanky-fotografi\u00ed-Karlovarsk\u00e9ho-kraje-2-1024x683.jpg\" \/>Moravsk\u00fd kras, foto Libor Sv\u00e1\u010dek, CzechTourism<\/p>\n<p style=\"text-align: center;\"><img decoding=\"async\" class=\"aligncenter\" src=\"http:\/\/slovaklinesmagazin.sk\/cms\/wp-content\/uploads\/2019\/03\/P\u0159\u00edrodn\u00ed-rezervace-Soos-Cheb_FOTO-z-webu-www.kvpoint.cz-databanky-fotografi\u00ed-Karlovarsk\u00e9ho-kraje-1024x683.jpg\" \/>P\u0159\u00edrodn\u00ed rezervace Soos, Cheb, foto z webu www.kvpoint.cz &#8211; databanky fotografi\u00ed Karlovarsk\u00e9ho kraje<\/p>\n<p><strong>Jarn\u00e9 Jizersk\u00e9 hory pri Liberci<\/strong><\/p>\n<p>Chr\u00e1nen\u00e1 krajinn\u00e1 oblas\u0165 Jizersk\u00e9 hory sa nach\u00e1dzaj\u00fa pri Liberci a s\u00fa skvelo dostupn\u00e9 dopravou. Aj preto s\u00fa medzi \u010cechmi ve\u013emi ob\u013e\u00faben\u00e9. Nie je to v\u0161ak jedin\u00fd d\u00f4vod, t\u00fdm \u010fal\u0161\u00edm je ich drsn\u00e1 kr\u00e1sa a <strong>mno\u017estvo zna\u010den\u00fdch turistick\u00fdch aj cyklistick\u00fdch tr\u00e1s<\/strong>. A na jar, ke\u010f sa vo vy\u0161\u0161\u00edch poloh\u00e1ch top\u00ed sneh a pod n\u00edm sa preb\u00fadzaj\u00fa horsk\u00e9 l\u00faky do z\u00e1plavy kvetov, s\u00fa obzvl\u00e1\u0161\u0165 kr\u00e1sne. Sk\u00faste sa vybra\u0165 napr\u00edklad na druh\u00fd najvy\u0161\u0161\u00ed vrchol pohoria, <strong>na Jizeru<\/strong>, ktor\u00e1 m\u00e1 na vrchole u\u017e z dia\u013eky vidite\u013en\u00fd skaln\u00fd mas\u00edv. Z Jizery potom m\u00f4\u017eete smrekov\u00fdmi pralesmi pokra\u010dova\u0165 k <strong>vodn\u00fdm n\u00e1dr\u017eiam<\/strong> Bed\u0159ichov alebo Josef\u016fv d\u016fl.<\/p>\n<p style=\"text-align: center;\"><img decoding=\"async\" class=\"aligncenter\" src=\"http:\/\/slovaklinesmagazin.sk\/cms\/wp-content\/uploads\/2019\/03\/Jizerske-hory_FOTO-Jan-Strako\u0161-CzechTourism-1024x683.jpg\" \/>Jizerske hory, foto Jan Strako\u0161, CzechTourism<\/p>\n<p style=\"text-align: center;\"><img decoding=\"async\" class=\"aligncenter\" src=\"http:\/\/slovaklinesmagazin.sk\/cms\/wp-content\/uploads\/2019\/03\/Jizerske-hory_FOTO-Milan-Draho\u0148ovsk\u00fd-CzechTourism-1-1024x680.jpg\" \/>Jizersk\u00e9 hory, foto Milan Draho\u0148ovsk\u00fd, CzechTourism<\/p>\n<p><strong>Unik\u00e1tne Zbra\u0161ovsk\u00e9 aragonitov\u00e9 jaskyne<\/strong><\/p>\n<p>Stredn\u00e1 Morava s univerzitn\u00fdm mestom <strong>Olomouc<\/strong> sa pomaly dost\u00e1va aj na str\u00e1nky popredn\u00fdch sprievodcov. M\u00e1 \u0161mrnc, hist\u00f3riu a zatia\u013e nie je poznamenan\u00e1 masov\u00fdm turizmom. Asi 30 km od Olomouca v k\u00fape\u013enom meste\u010dku <strong>Teplice nad Be\u010dvou<\/strong> sa ukr\u00fdva svetov\u00fd unik\u00e1t \u2013 Zbra\u0161ovsk\u00e9 aragonitov\u00e9 jaskyne. Ide o <strong>jedine\u010dn\u00fd jaskynn\u00fd syst\u00e9m eur\u00f3pskeho v\u00fdznamu<\/strong>, ktor\u00fd vznikol vz\u00e1jomn\u00fdm p\u00f4soben\u00edm da\u017e\u010fa a tepl\u00fdch miner\u00e1lnych v\u00f4d vystupuj\u00facich z ve\u013ek\u00fdch h\u013abok vo v\u00e1pencov\u00fdch vrstv\u00e1ch. Unik\u00e1tnu v\u00fdzdobu tvor\u00ed miner\u00e1l <strong>aragonit, raftov\u00e9 stalagmity a gu\u013eovit\u00e9 sintrov\u00e9 povlaky<\/strong> pripom\u00ednaj\u00face \u0161i\u0161ky. Najni\u017e\u0161ie \u00farovne jask\u00fd\u0148 s\u00fa trvalo zaplnen\u00e9 plynom ned\u00fdchate\u013en\u00fdm oxidom uhli\u010dit\u00fdm. Ale nebojte sa, tam sa so sprievodcom nedostanete. Na jar sa zo zimn\u00e9ho sp\u00e1nku tie\u017e preb\u00fadzaj\u00fa netopiere, ktor\u00e9 tu zimuj\u00fa, m\u00e1te teda jedine\u010dn\u00fa \u0161ancu stretn\u00fa\u0165 tieto mal\u00e9 lietaj\u00face cicavce.<\/p>\n<p style=\"text-align: center;\">Viac tipov n\u00e1jdete na <a href=\"http:\/\/www.kudyznudy.cz\">www.kudyznudy.cz<\/a><\/p>\n<p style=\"text-align: center;\"><a href=\"http:\/\/www.kudyznudy.cz\"><img decoding=\"async\" class=\"aligncenter\" src=\"http:\/\/slovaklinesmagazin.sk\/cms\/wp-content\/uploads\/2017\/04\/kudy-z-nudy-logo_.jpg\" \/><\/a><\/p>\n<p>Foto na titulke:<\/p>\n<p>Karlstejn, foto Ladislav Renner, CzechTourism<\/p>\n","protected":false},"excerpt":{"rendered":"<p>Po dlhej zime sa preb\u00fadza pr\u00edroda. Viete, kam sa vybra\u0165 v \u010ceskej republike? \u010cesk\u00e1 republika je zn\u00e1ma v\u010faka svojim historick\u00fdm pamiatkam. Ale ke\u010f v\u00e1s u\u017e cesty zaved\u00fa k na\u0161im susedom, bola by \u0161koda zosta\u0165 len v meste. Odporu\u010d\u00edme v\u00e1m aj kr\u00e1sne a unik\u00e1tne trasy cez lesy, jasky\u0148ami v podzem\u00ed i chodn\u00edkmi v korun\u00e1ch stromov. B\u00fdval\u00fd [&hellip;]<\/p>\n","protected":false},"author":7,"featured_media":83599,"comment_status":"closed","ping_status":"closed","sticky":false,"template":"","format":"standard","meta":{"footnotes":""},"categories":[13,45,11,52,56,50],"tags":[],"class_list":["post-83590","post","type-post","status-publish","format-standard","has-post-thumbnail","hentry","category-real-estate","category-nas-tip","category-news","category-outdoor","category-priroda","category-radim-vam","eq-blocks"],"_links":{"self":[{"href":"https:\/\/www.slovaklinesmagazin.sk\/cms\/wp-json\/wp\/v2\/posts\/83590","targetHints":{"allow":["GET"]}}],"collection":[{"href":"https:\/\/www.slovaklinesmagazin.sk\/cms\/wp-json\/wp\/v2\/posts"}],"about":[{"href":"https:\/\/www.slovaklinesmagazin.sk\/cms\/wp-json\/wp\/v2\/types\/post"}],"author":[{"embeddable":true,"href":"https:\/\/www.slovaklinesmagazin.sk\/cms\/wp-json\/wp\/v2\/users\/7"}],"replies":[{"embeddable":true,"href":"https:\/\/www.slovaklinesmagazin.sk\/cms\/wp-json\/wp\/v2\/comments?post=83590"}],"version-history":[{"count":3,"href":"https:\/\/www.slovaklinesmagazin.sk\/cms\/wp-json\/wp\/v2\/posts\/83590\/revisions"}],"predecessor-version":[{"id":83602,"href":"https:\/\/www.slovaklinesmagazin.sk\/cms\/wp-json\/wp\/v2\/posts\/83590\/revisions\/83602"}],"wp:featuredmedia":[{"embeddable":true,"href":"https:\/\/www.slovaklinesmagazin.sk\/cms\/wp-json\/wp\/v2\/media\/83599"}],"wp:attachment":[{"href":"https:\/\/www.slovaklinesmagazin.sk\/cms\/wp-json\/wp\/v2\/media?parent=83590"}],"wp:term":[{"taxonomy":"category","embeddable":true,"href":"https:\/\/www.slovaklinesmagazin.sk\/cms\/wp-json\/wp\/v2\/categories?post=83590"},{"taxonomy":"post_tag","embeddable":true,"href":"https:\/\/www.slovaklinesmagazin.sk\/cms\/wp-json\/wp\/v2\/tags?post=83590"}],"curies":[{"name":"wp","href":"https:\/\/api.w.org\/{rel}","templated":true}]}}