{"id":83634,"date":"2019-03-19T15:25:16","date_gmt":"2019-03-19T13:25:16","guid":{"rendered":"http:\/\/slovaklinesmagazin.sk\/cms\/?p=83634"},"modified":"2019-03-19T15:25:16","modified_gmt":"2019-03-19T13:25:16","slug":"holandska-jachtarka-laura-dekker-v-16-rokoch-oboplavala-zemegulu","status":"publish","type":"post","link":"https:\/\/www.slovaklinesmagazin.sk\/cms\/2019\/03\/holandska-jachtarka-laura-dekker-v-16-rokoch-oboplavala-zemegulu\/","title":{"rendered":"Holandsk\u00e1 jacht\u00e1rka Laura Dekker v 16 rokoch obopl\u00e1vala zemegu\u013eu"},"content":{"rendered":"<p>Holandsk\u00e1 jacht\u00e1rka <strong>Laura Dekker<\/strong> v 16 rokoch obopl\u00e1vala zemegu\u013eu s\u00f3lo a pr\u00edde na jubilejn\u00fd 20. ro\u010dn\u00edk festivalu HORY A MESTO<br \/>\nMedzin\u00e1rodn\u00fd festival horsk\u00e9ho filmu a dobrodru\u017estva HORY A MESTO poz\u00fdva na svoj 20. ro\u010dn\u00edk, ktor\u00fd sa uskuto\u010dn\u00ed v z\u00e1vere marca, od 27. do 31. v n\u00e1kupnom centre Bory Mall a v kine CINEMAX BORY, v Bratislave.<\/p>\n<p style=\"text-align: center;\"><a href=\"http:\/\/slovaklinesmagazin.sk\/cms\/wp-content\/uploads\/2019\/03\/Guppy120211048.jpg\"><img decoding=\"async\" class=\"aligncenter\" src=\"http:\/\/slovaklinesmagazin.sk\/cms\/wp-content\/uploads\/2019\/03\/Guppy120211048-1024x683.jpg\" \/><\/a><\/p>\n<p>Z\u00e1kladn\u00fd t\u00edm jedn\u00e9ho z najstar\u0161\u00edch festivalov na Slovensku tvoria jeho zakladatelia spolu s novou gener\u00e1ciou, rovnako je to aj na strane n\u00e1v\u0161tevn\u00edkov. Jednou z hlavn\u00fdch host\u00ed jubilejn\u00e9ho ro\u010dn\u00edka bude holandsk\u00e1 jacht\u00e1rka Laura Dekker \u2013 najmlad\u0161\u00ed \u010dlovek na zemi, ktor\u00fd s\u00f3lo obopl\u00e1val zemegu\u013eu; 518 &#8211; d\u0148ov\u00fa plavbu absolvovala na 12 metrov dlhej dvojs\u0165a\u017e\u0148ovej plachetnici v roku 2010, ke\u010f mala len neuverite\u013en\u00fdch 16 rokov. \u201eT\u00e1to holandsk\u00e1 jacht\u00e1rka sa narodila 20. septembra 1995 na Novom Z\u00e9lande.<\/p>\n<p style=\"text-align: center;\"><a href=\"http:\/\/slovaklinesmagazin.sk\/cms\/wp-content\/uploads\/2019\/03\/Laura_Dekker_4.jpg\"><img decoding=\"async\" class=\"aligncenter\" src=\"http:\/\/slovaklinesmagazin.sk\/cms\/wp-content\/uploads\/2019\/03\/Laura_Dekker_4-1024x768.jpg\" \/><\/a><\/p>\n<p style=\"text-align: left;\">\nV roku 2009 zverejnila svoj pl\u00e1n obopl\u00e1va\u0165 zemegu\u013eu s\u00f3lo, ako najmlad\u0161\u00ed \u010dlovek v hist\u00f3rii.<br \/>\nKe\u010f\u017ee v tom \u010dase mala iba 14 rokov a jej rodi\u010dia boli rozveden\u00ed, musel o tom rozhodn\u00fa\u0165 holandsk\u00fd s\u00fad. V j\u00fali 2010 dostala ofici\u00e1lne povolenie a 21. augusta 2010 sa vydala na cestu,\u201c povedal programov\u00fd riadite\u013e festivalu Alan Form\u00e1nek.<\/p>\n<p style=\"text-align: center;\"><a href=\"http:\/\/slovaklinesmagazin.sk\/cms\/wp-content\/uploads\/2019\/03\/Laura_Dekker_3.jpg\"><img decoding=\"async\" class=\"aligncenter\" src=\"http:\/\/slovaklinesmagazin.sk\/cms\/wp-content\/uploads\/2019\/03\/Laura_Dekker_3-1024x680.jpg\" \/><\/a><\/p>\n<p>Ne festivale Hory a mesto Laura Dekker porozpr\u00e1va o svojom dobrodru\u017enom \u017eivote jacht\u00e1rky, o plavbe okolo sveta, ale i o svojich nov\u00fdch po\u010dinoch na moriach a oce\u00e1noch. S\u00fa\u010das\u0165ou jej prezent\u00e1cie bude premietnutie filmu Maidentrip re\u017eis\u00e9ra Jilliana Schlesingera.<\/p>\n<p>Dekker sa narodila na lodi a prv\u00e9 roky svojho \u017eivota str\u00e1vila na mori. Vlastnila nieko\u013eko lod\u00ed, v\u0161etk\u00fdm dala meno Guppy. Pl\u00e1n jej exped\u00edcie bol vyrazi\u0165 zo z\u00e1padn\u00e9ho pobre\u017eia Portugalska, prepl\u00e1va\u0165 Karibik, Panamsk\u00fd prieplav a okolo Indon\u00e9zie. Jedna verzia cesty, vzh\u013eadom na hroziace \u00fatoky pir\u00e1tov, bola plavba okolo Som\u00e1lska do Stredozemia, druhou verziou bola plavba okolo Afriky. Jej pl\u00e1n zah\u0155\u0148al 26 zastaven\u00ed, p\u00f4vodne tie\u017e po\u010d\u00edtal s t\u00fdm, \u017ee v 14 r\u00f4znych lokalit\u00e1ch sa stretne s \u010dlenmi svojho podporn\u00e9ho t\u00edmu, ktor\u00ed jej<br \/>\npom\u00f4\u017eu prekona\u0165 n\u00e1ro\u010dn\u00e9 \u00faseky, ako napr\u00edklad Panamsk\u00fd prieplav. V skuto\u010dnosti bolo tak\u00fdchto stretnut\u00ed iba p\u00e4\u0165, najm\u00e4 pre z\u00fa\u017een\u00fd rozpo\u010det. Av\u0161ak viackr\u00e1t jej pomohli in\u00ed n\u00e1morn\u00edci. Prostredn\u00edctvom dru\u017eicov\u00e9ho syst\u00e9mu bola Laurina plavba na dia\u013eku detailne monitorovan\u00e1.<\/p>\n<p>Cel\u00e1 cesta trvala 518 dn\u00ed, od 21. augusta 2010, kedy vyrazila z Gibralt\u00e1ru, do 21. janu\u00e1ra 2012, d\u0148a jej prist\u00e1tia na holandskom ostrove Sv\u00e4t\u00fd Martin v Karibiku. Laura Dekker bola najmlad\u0161ou osobou v hist\u00f3rii, ktorej sa podarilo obopl\u00e1va\u0165 zem s\u00f3lo, mala v tom \u010dase 16 rokov. Po vyloden\u00ed priznala: \u201eMala som chv\u00edle, ke\u010f som si hovorila \u010do tu do pekla rob\u00edm? Ale nikdy som nechcela skon\u010di\u0165. Bol to m\u00f4j sen, ktor\u00fd som si chcela splni\u0165.\u201c<br \/>\nMedzin\u00e1rodn\u00fd festival horsk\u00e9ho filmu a dobrodru\u017estva Organiz\u00e1tori avizuj\u00fa \u2013 okrem Laury Dekker \u2013 \u010fal\u0161\u00edch zauj\u00edmav\u00fdch host\u00ed, chystaj\u00fa aj viacer\u00e9 akcie k oslav\u00e1m 20. ro\u010dn\u00edka, ako napr\u00edklad fotov\u00fdstavu \u201ePrierez host\u00ed po\u010das dvadsa\u0165ro\u010dnej hist\u00f3rie festivalu\u201c, v\u00fdstavu plag\u00e1tov \u010di fotografi\u00ed z minul\u00fdch ro\u010dn\u00edkov, a podobne.<br \/>\nZakladatelia festivalu Alan Form\u00e1nek a Tamara Greks\u00e1kov\u00e1 s\u00fa dodnes pri festivale, ako aj mnoho \u010dlenov \u0161t\u00e1bu. Z\u00e1rove\u0148 do\u0148 prich\u00e1dzaj\u00fa nov\u00ed \u013eudia z nastupuj\u00facej gener\u00e1cie. Z div\u00e1kov sa \u010dasto st\u00e1vaj\u00fa festivalov\u00ed spolupracovn\u00edci; z nich u\u017e nejeden aj prezentoval svoje \u00faspechy z poz\u00edcie hos\u0165a ako profesion\u00e1lny \u0161portovec \u010di cestovate\u013e.<\/p>\n<p style=\"text-align: center;\"><a href=\"http:\/\/slovaklinesmagazin.sk\/cms\/wp-content\/uploads\/2019\/03\/Laura_Dekker_1.jpg\"><img decoding=\"async\" class=\"aligncenter\" src=\"http:\/\/slovaklinesmagazin.sk\/cms\/wp-content\/uploads\/2019\/03\/Laura_Dekker_1-1024x870.jpg\" \/><\/a><\/p>\n<p>Hory a mesto maj\u00fa svoju stabiln\u00fa div\u00e1cku z\u00e1klad\u0148u a to aj v\u010faka premietaniam pre \u0161koly, ktor\u00e9 pom\u00e1haj\u00fa k v\u00fdchove vlastn\u00fdch div\u00e1kov, ako aj mnoh\u00fdm sprievodn\u00fdm podujatiam, v r\u00e1mci ktor\u00fdch oslovuje cie\u013eov\u00e9 skupiny v\u0161etk\u00fdch vekov\u00fdch kateg\u00f3ri\u00ed.<\/p>\n<p style=\"text-align: center;\"><a href=\"http:\/\/slovaklinesmagazin.sk\/cms\/wp-content\/uploads\/2019\/03\/Laura_Dekker_5-e1553001684511.jpg\"><img decoding=\"async\" class=\"aligncenter\" src=\"http:\/\/slovaklinesmagazin.sk\/cms\/wp-content\/uploads\/2019\/03\/Laura_Dekker_5-e1553001684511-683x1024.jpg\" \/><\/a><\/p>\n<h2 style=\"text-align: center;\">LAURA DEKKER<br \/>\nAKO SOM V \u0160ESTN\u00c1STICH OBOPL\u00c1VALA SVET<\/h2>\n<p class=\"bodytext\" style=\"text-align: center;\">\u0161tvrtok 28.3. o 20:00<br \/>\nKinos\u00e1la E<\/p>\n<p style=\"text-align: center;\">Vstupenku na prezent\u00e1ciu si mo\u017eete k\u00fapi\u0165 tu:<br \/>\n<span style=\"color: #ff0000;\"><strong>https:\/\/goo.gl\/Yf6UuQ<\/strong><\/span><\/p>\n","protected":false},"excerpt":{"rendered":"<p>Holandsk\u00e1 jacht\u00e1rka Laura Dekker v 16 rokoch obopl\u00e1vala zemegu\u013eu s\u00f3lo a pr\u00edde na jubilejn\u00fd 20. ro\u010dn\u00edk festivalu HORY A MESTO Medzin\u00e1rodn\u00fd festival horsk\u00e9ho filmu a dobrodru\u017estva HORY A MESTO poz\u00fdva na svoj 20. ro\u010dn\u00edk, ktor\u00fd sa uskuto\u010dn\u00ed v z\u00e1vere marca, od 27. do 31. v n\u00e1kupnom centre Bory Mall a v kine CINEMAX BORY, v [&hellip;]<\/p>\n","protected":false},"author":7,"featured_media":83635,"comment_status":"closed","ping_status":"closed","sticky":false,"template":"","format":"standard","meta":{"footnotes":""},"categories":[13,47,11,5,52,56],"tags":[],"class_list":["post-83634","post","type-post","status-publish","format-standard","has-post-thumbnail","hentry","category-real-estate","category-film","category-news","category-celebrity-magazine","category-outdoor","category-priroda","eq-blocks"],"_links":{"self":[{"href":"https:\/\/www.slovaklinesmagazin.sk\/cms\/wp-json\/wp\/v2\/posts\/83634","targetHints":{"allow":["GET"]}}],"collection":[{"href":"https:\/\/www.slovaklinesmagazin.sk\/cms\/wp-json\/wp\/v2\/posts"}],"about":[{"href":"https:\/\/www.slovaklinesmagazin.sk\/cms\/wp-json\/wp\/v2\/types\/post"}],"author":[{"embeddable":true,"href":"https:\/\/www.slovaklinesmagazin.sk\/cms\/wp-json\/wp\/v2\/users\/7"}],"replies":[{"embeddable":true,"href":"https:\/\/www.slovaklinesmagazin.sk\/cms\/wp-json\/wp\/v2\/comments?post=83634"}],"version-history":[{"count":1,"href":"https:\/\/www.slovaklinesmagazin.sk\/cms\/wp-json\/wp\/v2\/posts\/83634\/revisions"}],"predecessor-version":[{"id":83641,"href":"https:\/\/www.slovaklinesmagazin.sk\/cms\/wp-json\/wp\/v2\/posts\/83634\/revisions\/83641"}],"wp:featuredmedia":[{"embeddable":true,"href":"https:\/\/www.slovaklinesmagazin.sk\/cms\/wp-json\/wp\/v2\/media\/83635"}],"wp:attachment":[{"href":"https:\/\/www.slovaklinesmagazin.sk\/cms\/wp-json\/wp\/v2\/media?parent=83634"}],"wp:term":[{"taxonomy":"category","embeddable":true,"href":"https:\/\/www.slovaklinesmagazin.sk\/cms\/wp-json\/wp\/v2\/categories?post=83634"},{"taxonomy":"post_tag","embeddable":true,"href":"https:\/\/www.slovaklinesmagazin.sk\/cms\/wp-json\/wp\/v2\/tags?post=83634"}],"curies":[{"name":"wp","href":"https:\/\/api.w.org\/{rel}","templated":true}]}}