{"id":83643,"date":"2019-03-19T16:27:03","date_gmt":"2019-03-19T14:27:03","guid":{"rendered":"http:\/\/slovaklinesmagazin.sk\/cms\/?p=83643"},"modified":"2019-03-19T16:28:21","modified_gmt":"2019-03-19T14:28:21","slug":"miska-izakovicova-moja-cesta-na-velky-kamen","status":"publish","type":"post","link":"https:\/\/www.slovaklinesmagazin.sk\/cms\/2019\/03\/miska-izakovicova-moja-cesta-na-velky-kamen\/","title":{"rendered":"MI\u0160KA IZAKOVI\u010cOV\u00c1 &#8211; MOJA CESTA NA VE\u013dK\u00dd KAME\u0147"},"content":{"rendered":"<p>V \u017eivote je d\u00f4le\u017eit\u00e9 ma\u0165 sny a e\u0161te d\u00f4le\u017eitej\u0161ie je si ich plni\u0165. Sen vyliez\u0165 vo\u013ene El Capitan sa u m\u0148a zrodil zhruba pred \u00f4smimi rokmi. V podstate to bolo e\u0161te v \u010dase, kedy som o lezen\u00ed nevedela takmer ni\u010d a tento sen nemal ni\u010d spolo\u010dn\u00e9 s realitou. Netu\u0161ila som, ak\u00e1 dlh\u00e1 a n\u00e1ro\u010dn\u00e1 bude cesta k jeho splneniu. V\u00f4bec som nevedela, \u010do v\u0161etko to obn\u00e1\u0161a a ako ve\u013emi to zmen\u00ed m\u00f4j \u017eivot.<br \/>\nLezenie som si zamilovala od prvej chv\u00edle, ako som sa dotkla skaly. Hne\u010f mi bolo jasn\u00e9, \u017ee toto je to, \u010do chcem robi\u0165. Od za\u010diatku sa mi darilo pomerne r\u00fdchle napredova\u0165, za \u010do v\u010fa\u010d\u00edm hlavne Ivovi, ktor\u00fd ma o lezen\u00ed nau\u010dil stra\u0161ne ve\u013ea. Zo za\u010diatku sme brali lezenie len ako hobby, ako v\u00edkendov\u00fa aktivitu, no postupne sa st\u00e1valo st\u00e1le d\u00f4le\u017eitej\u0161ou s\u00fa\u010das\u0165ou n\u00e1\u0161ho \u017eivota, a\u017e sa nakoniec stalo na\u0161\u00edm \u017eivotn\u00fdm \u0161t\u00fdlom. Za\u010dali sme v\u00e4\u010d\u0161inu \u010dasu tr\u00e1vi\u0165 na skal\u00e1ch a pomaly sme preliezali vysn\u00edvan\u00e9 cesty.<\/p>\n<p style=\"text-align: center;\"><a href=\"http:\/\/slovaklinesmagazin.sk\/cms\/wp-content\/uploads\/2019\/03\/Miska_Izakovicova_FREERIDER__1_-e1553005525129.jpg\"><img decoding=\"async\" class=\"aligncenter\" src=\"http:\/\/slovaklinesmagazin.sk\/cms\/wp-content\/uploads\/2019\/03\/Miska_Izakovicova_FREERIDER__1_-e1553005525129-768x1024.jpg\" \/><\/a><\/p>\n<p>Liezli sme po celej Eur\u00f3pe. Zimy sme tr\u00e1vili na \u0160panielskych skalk\u00e1ch, let\u00e1 v hor\u00e1ch, na jar sme boli najrad\u0161ej v Paklenici, no a jese\u0148 sa stala obdob\u00edm, kedy sme sa \u201es\u0165ahovali\u201c do Yosemitov. Po prvej n\u00e1v\u0161teve v \u00fadol\u00ed sa sen o vylezen\u00ed El Capitana zdal tak\u00fd vzdialen\u00fd, \u017ee som bola takmer presved\u010den\u00e1, \u017ee sa ani nikdy nespln\u00ed. Pre m\u0148a to bola v\u00f4bec prv\u00e1 sk\u00fasenos\u0165 so \u0161p\u00e1rov\u00fdm lezen\u00edm a s lezen\u00edm po vlastnom isten\u00ed. Yosemitsk\u00e9 lezenie sa tak ve\u013emi l\u00ed\u0161ilo od toho n\u00e1\u0161ho, \u017ee sme tam za\u010d\u00ednali \u00faplne od nuly, a\u017e sme sa postupne nau\u010dili, ako sa na tamoj\u0161ej skale h\u00fdba\u0165. Odvtedy sme sa do Yosemitov museli vr\u00e1ti\u0165 e\u0161te 5-kr\u00e1t, k\u00fdm sa n\u00e1\u0161 sen stal skuto\u010dnos\u0165ou. T\u00fato jese\u0148 sa n\u00e1m to kone\u010dne podarilo a vyliezli sme cestu Freerider na El Capitan.<\/p>\n<p style=\"text-align: center;\"><a href=\"http:\/\/slovaklinesmagazin.sk\/cms\/wp-content\/uploads\/2019\/03\/Miska_Izakovicova_FREERIDER__3_.jpg\"><img loading=\"lazy\" decoding=\"async\" class=\"aligncenter\" src=\"http:\/\/slovaklinesmagazin.sk\/cms\/wp-content\/uploads\/2019\/03\/Miska_Izakovicova_FREERIDER__3_-872x1024.jpg\" width=\"650\" height=\"763\" \/><\/a><\/p>\n<p style=\"text-align: center;\"><b>Mi\u0161ka Izakovi\u010dov\u00e1<br \/>\n<\/b>S lezen\u00edm za\u010dala pribli\u017ene pred \u00f4smimi rokmi a hne\u010f od za\u010diatku n\u00edm bola \u00faplne posadnut\u00e1. Od mali\u010dka sa venovala r\u00f4znym \u0161portom, ale lezenie nad v\u0161etk\u00fdmi jednozna\u010dne zv\u00ed\u0165azilo. Najrad\u0161ej lezie vo ve\u013ek\u00fdch sten\u00e1ch, ale nie je \u017eiaden alpinista. Nem\u00e1 rada zimu, a preto si rad\u0161ej u\u017e\u00edva vyhriate ju\u017en\u00e9 skaly, kde m\u00f4\u017ee liez\u0165 v tri\u010dku, v leze\u010dk\u00e1ch a hol\u00fdmi rukami. Rada si zalezie aj na skalk\u00e1ch, \u010di u\u017e na previsnut\u00fdch \u0161panielskych tuf\u00e1ch, ceuzsk\u00fdch dierkach alebo krut\u00fdch slovensk\u00fdch li\u0161t\u00e1ch. Posledn\u00e9 roky ju najviac bav\u00ed \u0161p\u00e1rov\u00e9 lezenie. Je to asi kv\u00f4li tomu, \u017ee \u0161p\u00e1ry s\u00fa jednozna\u010dn\u00e9 a kr\u00e1sne l\u00ednie. Ale mo\u017eno aj kv\u00f4li tomu, \u017ee akoko\u013evek sa na seba jednotliv\u00e9 \u0161p\u00e1ry podobaj\u00fa, v\u017edy mus\u00edte zapoji\u0165 v\u0161etku svoju kreativitu a schopnosti na to, aby ste ich vyliezli.<\/p>\n<p>Text:\u00a0<a href=\"http:\/\/www.horyamesto.sk\">http:\/\/www.horyamesto.sk<\/a><br \/>\nFotografie:\u00a0<a href=\"http:\/\/www.horyamesto.sk\">http:\/\/www.horyamesto.sk<\/a><\/p>\n","protected":false},"excerpt":{"rendered":"<p>V \u017eivote je d\u00f4le\u017eit\u00e9 ma\u0165 sny a e\u0161te d\u00f4le\u017eitej\u0161ie je si ich plni\u0165. Sen vyliez\u0165 vo\u013ene El Capitan sa u m\u0148a zrodil zhruba pred \u00f4smimi rokmi. V podstate to bolo e\u0161te v \u010dase, kedy som o lezen\u00ed nevedela takmer ni\u010d a tento sen nemal ni\u010d spolo\u010dn\u00e9 s realitou. Netu\u0161ila som, ak\u00e1 dlh\u00e1 a n\u00e1ro\u010dn\u00e1 bude [&hellip;]<\/p>\n","protected":false},"author":7,"featured_media":83644,"comment_status":"closed","ping_status":"closed","sticky":false,"template":"","format":"standard","meta":{"footnotes":""},"categories":[13,47,45,5,52,56,14,42],"tags":[],"class_list":["post-83643","post","type-post","status-publish","format-standard","has-post-thumbnail","hentry","category-real-estate","category-film","category-nas-tip","category-celebrity-magazine","category-outdoor","category-priroda","category-sport","category-tech","eq-blocks"],"_links":{"self":[{"href":"https:\/\/www.slovaklinesmagazin.sk\/cms\/wp-json\/wp\/v2\/posts\/83643","targetHints":{"allow":["GET"]}}],"collection":[{"href":"https:\/\/www.slovaklinesmagazin.sk\/cms\/wp-json\/wp\/v2\/posts"}],"about":[{"href":"https:\/\/www.slovaklinesmagazin.sk\/cms\/wp-json\/wp\/v2\/types\/post"}],"author":[{"embeddable":true,"href":"https:\/\/www.slovaklinesmagazin.sk\/cms\/wp-json\/wp\/v2\/users\/7"}],"replies":[{"embeddable":true,"href":"https:\/\/www.slovaklinesmagazin.sk\/cms\/wp-json\/wp\/v2\/comments?post=83643"}],"version-history":[{"count":3,"href":"https:\/\/www.slovaklinesmagazin.sk\/cms\/wp-json\/wp\/v2\/posts\/83643\/revisions"}],"predecessor-version":[{"id":83649,"href":"https:\/\/www.slovaklinesmagazin.sk\/cms\/wp-json\/wp\/v2\/posts\/83643\/revisions\/83649"}],"wp:featuredmedia":[{"embeddable":true,"href":"https:\/\/www.slovaklinesmagazin.sk\/cms\/wp-json\/wp\/v2\/media\/83644"}],"wp:attachment":[{"href":"https:\/\/www.slovaklinesmagazin.sk\/cms\/wp-json\/wp\/v2\/media?parent=83643"}],"wp:term":[{"taxonomy":"category","embeddable":true,"href":"https:\/\/www.slovaklinesmagazin.sk\/cms\/wp-json\/wp\/v2\/categories?post=83643"},{"taxonomy":"post_tag","embeddable":true,"href":"https:\/\/www.slovaklinesmagazin.sk\/cms\/wp-json\/wp\/v2\/tags?post=83643"}],"curies":[{"name":"wp","href":"https:\/\/api.w.org\/{rel}","templated":true}]}}