{"id":83665,"date":"2019-03-29T11:25:26","date_gmt":"2019-03-29T09:25:26","guid":{"rendered":"http:\/\/slovaklinesmagazin.sk\/cms\/?p=83665"},"modified":"2019-03-29T11:25:26","modified_gmt":"2019-03-29T09:25:26","slug":"cesky-febiofest-prevalcoval-slovensky-film-ostrym-nozom","status":"publish","type":"post","link":"https:\/\/www.slovaklinesmagazin.sk\/cms\/2019\/03\/cesky-febiofest-prevalcoval-slovensky-film-ostrym-nozom\/","title":{"rendered":"\u010cesk\u00fd Febiofest prevalcoval slovensk\u00fd film Ostr\u00fdm no\u017eom"},"content":{"rendered":"<p>Slovensk\u00fd film <em>Ostr\u00fdm no\u017eom <\/em>debutuj\u00faceho re\u017eis\u00e9ra Teodora Kuhna vyhral hlavn\u00fa cenu Grand Prix na \u010deskom Febiofeste. Ocenenie si re\u017eis\u00e9r osobne prevzal z\u00a0r\u00fak \u010destn\u00e9ho predsedu poroty, svetozn\u00e1meho fotografa Jana Saudeka na \u0161tvrtkovom sl\u00e1vnostnom ceremoni\u00e1li v\u00a0Prahe.<\/p>\n<p>\u201eIde o\u00a0v\u00fdnimo\u010dn\u00fd film s\u00a0aktu\u00e1lnou t\u00e9mou boja jednotlivca so syst\u00e9mom. Film s v\u00fdborn\u00fdmi hereck\u00fdmi v\u00fdkonmi a siln\u00fdm vykreslen\u00edm atmosf\u00e9ry bezmocnosti z rodinn\u00e9ho ne\u0161\u0165astia,\u201c znelo od\u00f4vodnenie 33-\u010dlennej poroty, ktor\u00e1 bola u\u017e tradi\u010dne zlo\u017een\u00e1 z\u00a0filmov\u00fdch fan\u00fa\u0161ikov na \u010dele s\u00a0v\u00fdznamnou osobnos\u0165ou \u010deskej kult\u00fary, fotografom Janom Saudkom. <em>Ostr\u00fdm no\u017eom <\/em>prevalcoval v\u00a0hodnoten\u00ed \u010fal\u0161\u00edch dev\u00e4\u0165 sn\u00edmok nastupuj\u00facich eur\u00f3pskych film\u00e1rov.<\/p>\n<p>\u201eVe\u013emi si t\u00fato cenu v\u00e1\u017eim. Prij\u00edmam ju s pokorou a beriem ju ako z\u00e1v\u00e4zok, aby som sa sna\u017eil \u010falej zlep\u0161ova\u0165 v\u00a0pr\u00e1ci re\u017eis\u00e9ra,\u201c povedal po\u010das odovzd\u00e1vania re\u017eis\u00e9r Teodor Kuhn.<\/p>\n<p style=\"text-align: center;\"><a href=\"http:\/\/slovaklinesmagazin.sk\/cms\/wp-content\/uploads\/2019\/03\/0I4A2082low.jpg\"><img decoding=\"async\" class=\"aligncenter\" src=\"http:\/\/slovaklinesmagazin.sk\/cms\/wp-content\/uploads\/2019\/03\/0I4A2082low-1024x683.jpg\" \/><\/a><\/p>\n<p>Jedin\u00e1 celove\u010dern\u00e1 s\u00fa\u0165a\u017en\u00e1 sekcia \u010desk\u00e9ho Febiofestu <em>Nov\u00e1 Eur\u00f3pa<\/em> predstavuje prv\u00e9 sn\u00edmky nastupuj\u00facich film\u00e1rov eur\u00f3pskeho kontinentu. \u201eV\u00fdber prezentuje my\u0161lienkovo i\u00a0form\u00e1lne ambici\u00f3zne a\u00a0odv\u00e1\u017ene diela. Filmy, ktor\u00e9 provokuj\u00fa, reflektuj\u00fa a\u00a0prin\u00e1\u0161aj\u00fa autorsk\u00e9 poh\u013eady na spolo\u010dnos\u0165, v\u00a0ktorej \u017eijeme, na vz\u0165ahy, ktor\u00e9 pre\u017e\u00edvame, alebo na dramatick\u00e9 udalosti, ktor\u00e9 sa u\u017e stali,\u201c znie status sekcie. Slovensk\u00fd film <em>Ostr\u00fdm no\u017eom<\/em>, in\u0161pirovan\u00fd pr\u00edbehom vra\u017edy Daniela Tup\u00e9ho, zv\u00ed\u0165azil spomedzi desiatich pozoruhodn\u00fdch filmov zo Srbska, Rak\u00faska, Gr\u00e9cka, Portugalska, Loty\u0161ska, \u0160v\u00e9dska, \u0160k\u00f3tska, D\u00e1nska a\u00a0Est\u00f3nska.<\/p>\n<p><em>Ostr\u00fdm no\u017eom <\/em>\u017ene \u00faspech aj na dom\u00e1cej sc\u00e9ne, vysl\u00fa\u017eil si oslavn\u00e9 filmov\u00e9 kritiky, ktor\u00e9 ho ozna\u010dili za jeden z\u00a0najlep\u0161\u00edch slovensk\u00fdch filmov v\u00f4bec. Od jeho premi\u00e9ry si ho do k\u00edn pri\u0161li pozrie\u0165 desiatky tis\u00edc div\u00e1kov, \u010d\u00edm sa zaradil medzi naj\u00faspe\u0161nej\u0161ie filmy samostatnej slovenskej kinematografie. Na sl\u00e1vnostnej premi\u00e9re sa z\u00fa\u010dastnil aj prezident SR Andrej Kiska ako aj rodina Daniela Tup\u00e9ho.<\/p>\n<p>Stretnutie s rodi\u010dmi Daniela Tup\u00e9ho bolo pod\u013ea vlastn\u00fdch slov re\u017eis\u00e9ra Teodora Kuhna pre neho v\u017edy momentom pokory a \u00facty. \u201eMysl\u00edm, \u017ee im ka\u017ed\u00fd dl\u017e\u00edme jedno prep\u00e1\u010dte, \u017ee im dl\u017e\u00edme p\u00e4\u0165 mili\u00f3nov prep\u00e1\u010dte. Tento film je moje osobn\u00e9 prep\u00e1\u010dte,\u201c povedal.<\/p>\n<p>Ke\u010f zavra\u017edili Daniela Tup\u00e9ho, bol re\u017eis\u00e9r pribli\u017ene v jeho veku a\u00a0n\u00e1siln\u00e1 smr\u0165 21-ro\u010dn\u00e9ho \u0161tudenta, ktor\u00e1 ani po 13 rokoch st\u00e1le nie je vy\u0161etren\u00e1, pozna\u010dila cel\u00fa jeho gener\u00e1ciu. <em>Ostr\u00fdm no\u017eom<\/em>\u00a0vst\u00fapil do k\u00edn s amb\u00edciou otvori\u0165 t\u00fato bo\u013eav\u00fa ranu \u2013 jednu z najp\u00e1l\u010divej\u0161\u00edch v dejin\u00e1ch modern\u00e9ho Slovenska a\u00a0nastoli\u0165 celospolo\u010densk\u00fa diskusiu o\u00a0spravodlivosti.<\/p>\n<p style=\"text-align: center;\"><a href=\"http:\/\/slovaklinesmagazin.sk\/cms\/wp-content\/uploads\/2019\/03\/93Q1994low.jpg\"><img decoding=\"async\" class=\"aligncenter\" src=\"http:\/\/slovaklinesmagazin.sk\/cms\/wp-content\/uploads\/2019\/03\/93Q1994low-1024x683.jpg\" \/><\/a><\/p>\n<p>Hlavn\u00fa postavu filmov\u00e9ho otca stv\u00e1rnil Roman Lukn\u00e1r, matku zavra\u017eden\u00e9ho chlapca zahrala Ela Lehotsk\u00e1, v\u00a0\u00falohe syna vystupuje D\u00e1vid Hartl. V\u00a0\u010fal\u0161\u00edch postav\u00e1ch sa predstavia aj Miroslav Krobot, Mari\u00e1n Mita\u0161, T\u00e1\u0148a Radeva, Jana O\u013ehov\u00e1 \u010di\u00a0rapperi\u00a0Moloch Vlavo a MOMO. Tituln\u00fa piese\u0148 k\u00a0filmu skomponovala a\u00a0naspievala Jana Kirschner.<\/p>\n<p><em>Ostr\u00fdm no\u017eom <\/em>je v\u00a0slovensk\u00fdch kin\u00e1ch od 21. febru\u00e1ra 2019 v\u010faka distribu\u010dnej spolo\u010dnosti Continental film. Film produkuje spolo\u010dnos\u0165 nutprodukcia s.r.o. Jeho koproducentami s\u00fa Madness Productions s.r.o., Rozhlas a\u00a0telev\u00edzia Slovenska a nutprodukce s.r.o. Film finan\u010dne podporili Audiovizu\u00e1lny fond, St\u00e1tn\u00ed fond kinematografie, Bratislavsk\u00fd samospr\u00e1vny kraj a Ars Bratislavensis. Na spolupr\u00e1ci sa podie\u013eala HomeMedia production s.r.o. .<\/p>\n","protected":false},"excerpt":{"rendered":"<p>Slovensk\u00fd film Ostr\u00fdm no\u017eom debutuj\u00faceho re\u017eis\u00e9ra Teodora Kuhna vyhral hlavn\u00fa cenu Grand Prix na \u010deskom Febiofeste. Ocenenie si re\u017eis\u00e9r osobne prevzal z\u00a0r\u00fak \u010destn\u00e9ho predsedu poroty, svetozn\u00e1meho fotografa Jana Saudeka na \u0161tvrtkovom sl\u00e1vnostnom ceremoni\u00e1li v\u00a0Prahe. \u201eIde o\u00a0v\u00fdnimo\u010dn\u00fd film s\u00a0aktu\u00e1lnou t\u00e9mou boja jednotlivca so syst\u00e9mom. Film s v\u00fdborn\u00fdmi hereck\u00fdmi v\u00fdkonmi a siln\u00fdm vykreslen\u00edm atmosf\u00e9ry bezmocnosti z rodinn\u00e9ho [&hellip;]<\/p>\n","protected":false},"author":7,"featured_media":83666,"comment_status":"closed","ping_status":"closed","sticky":false,"template":"","format":"standard","meta":{"footnotes":""},"categories":[47,5,48],"tags":[],"class_list":["post-83665","post","type-post","status-publish","format-standard","has-post-thumbnail","hentry","category-film","category-celebrity-magazine","category-umenie-a-kultura","eq-blocks"],"_links":{"self":[{"href":"https:\/\/www.slovaklinesmagazin.sk\/cms\/wp-json\/wp\/v2\/posts\/83665","targetHints":{"allow":["GET"]}}],"collection":[{"href":"https:\/\/www.slovaklinesmagazin.sk\/cms\/wp-json\/wp\/v2\/posts"}],"about":[{"href":"https:\/\/www.slovaklinesmagazin.sk\/cms\/wp-json\/wp\/v2\/types\/post"}],"author":[{"embeddable":true,"href":"https:\/\/www.slovaklinesmagazin.sk\/cms\/wp-json\/wp\/v2\/users\/7"}],"replies":[{"embeddable":true,"href":"https:\/\/www.slovaklinesmagazin.sk\/cms\/wp-json\/wp\/v2\/comments?post=83665"}],"version-history":[{"count":1,"href":"https:\/\/www.slovaklinesmagazin.sk\/cms\/wp-json\/wp\/v2\/posts\/83665\/revisions"}],"predecessor-version":[{"id":83669,"href":"https:\/\/www.slovaklinesmagazin.sk\/cms\/wp-json\/wp\/v2\/posts\/83665\/revisions\/83669"}],"wp:featuredmedia":[{"embeddable":true,"href":"https:\/\/www.slovaklinesmagazin.sk\/cms\/wp-json\/wp\/v2\/media\/83666"}],"wp:attachment":[{"href":"https:\/\/www.slovaklinesmagazin.sk\/cms\/wp-json\/wp\/v2\/media?parent=83665"}],"wp:term":[{"taxonomy":"category","embeddable":true,"href":"https:\/\/www.slovaklinesmagazin.sk\/cms\/wp-json\/wp\/v2\/categories?post=83665"},{"taxonomy":"post_tag","embeddable":true,"href":"https:\/\/www.slovaklinesmagazin.sk\/cms\/wp-json\/wp\/v2\/tags?post=83665"}],"curies":[{"name":"wp","href":"https:\/\/api.w.org\/{rel}","templated":true}]}}