{"id":83832,"date":"2019-05-17T11:33:04","date_gmt":"2019-05-17T09:33:04","guid":{"rendered":"https:\/\/slovaklinesmagazin.sk\/cms\/?p=83832"},"modified":"2019-05-17T11:33:04","modified_gmt":"2019-05-17T09:33:04","slug":"oblubeny-cyklobus-a-turbus-su-opat-tu","status":"publish","type":"post","link":"https:\/\/www.slovaklinesmagazin.sk\/cms\/2019\/05\/oblubeny-cyklobus-a-turbus-su-opat-tu\/","title":{"rendered":"Ob\u013e\u00faben\u00fd Cyklobus a\u00a0Turbus s\u00fa op\u00e4\u0165 tu !"},"content":{"rendered":"<p>S\u00a0pr\u00edchodom novej letnej sez\u00f3ny \u0161tartuje aj st\u00e1le popul\u00e1rnej\u0161\u00ed Cyklobus. Ten minul\u00fd rok l\u00e1mal rekordy a\u00a0potvrdil, \u017ee medzi obdobn\u00fdmi projektami na Slovensku nem\u00e1 konkurenciu.<\/p>\n<p>\u201e<em>Cyklobus aj tento rok odvezie cyklistov z Banskej Bystrice do ob\u013e\u00faben\u00fdch horsk\u00fdch lokal\u00edt s najkraj\u0161\u00edmi v\u00fdh\u013eadmi. Na na\u0161ej str\u00e1nke <\/em><a href=\"http:\/\/www.centralslovakia.eu\/cyklobus\"><em>www.centralslovakia.eu\/cyklobus<\/em><\/a><em> pre turistov a cykloturistov op\u00e4\u0165 zverejn\u00edme odpor\u00fa\u010dan\u00e9 turistick\u00e9 a cykloturistick\u00e9 trasy. Cyklobus sme pl\u00e1novali tak, aby \u010do najlep\u0161ie nadv\u00e4zoval na prich\u00e1dzaj\u00face \u017eelezni\u010dn\u00e9 spojenia do BB, \u010di na spoje MHD<\/em>\u201c, informuje Ji\u0159\u00ed P\u011b\u010d, v\u00fdkonn\u00fd riadite\u013e OOCR Stredn\u00e9 Slovensko.<\/p>\n<p style=\"text-align: center;\"><a href=\"https:\/\/slovaklinesmagazin.sk\/cms\/wp-content\/uploads\/2019\/05\/Cyklobus9.jpg\"><img decoding=\"async\" class=\"aligncenter\" src=\"https:\/\/slovaklinesmagazin.sk\/cms\/wp-content\/uploads\/2019\/05\/Cyklobus9.jpg\" \/><\/a><\/p>\n<p>\u201e<em>Tento rok je novinkou nov\u00e1 trasa na Chatu nad Tajovom, ktor\u00e1 tak dopln\u00ed p\u00f4vodn\u00e9 trasy z\u00a0minul\u00e9ho roka (Donovaly, \u0160achti\u010dky, Hrocho\u0165 \u2013 Kyslinky, Mal\u00fd \u0160turec). V\u00a0minulej sez\u00f3ne prepravil historicky najviac cyklistov<\/em><em> a ver\u00edme, \u017ee tento rok bude\u00a0op\u00e4\u0165 \u00faspe\u0161n\u00fd.<\/em><em>\u201c<\/em>, dop\u013a\u0148a Dominika Morav\u010d\u00edkov\u00e1, destina\u010dn\u00fd koordin\u00e1tor OOCR Stredn\u00e9 Slovensko.<\/p>\n<p>Cyklobus \u0161tartuje u\u017e nasleduj\u00faci v\u00edkend od 18.05.2019 a\u00a0bude prem\u00e1va\u0165 po\u010das v\u00edkendov a\u00a0sviatkov do 29.09.2019.<\/p>\n<p>Spolu s Cyklobusom sa po ro\u010dnej prest\u00e1vke vr\u00e1ti Turbus, ktor\u00fd bude prem\u00e1va\u0165 z Banskej Bystrice a\u017e na Kr\u00e1\u013eovu stud\u0148u. Spr\u00edstupn\u00ed t\u00fdm n\u00e1dhern\u00e9 v\u00fdh\u013eady mnoh\u00fdm turistom a s\u00fa\u010dasne p\u00f4jde o\u00a0\u0161etrnej\u0161\u00ed pr\u00edstup\u00a0k \u017eivotn\u00e9mu prostrediu, ke\u010f\u017ee namiesto toho, aby i\u0161iel do n\u00e1rodn\u00e9ho parku ka\u017ed\u00fd svoj\u00edm osobn\u00fdm autom, p\u00f4jdu len jedn\u00fdm autobusom. Prv\u00fdkr\u00e1t sa m\u00f4\u017eete Turbusom odviez\u0165 25.05.2019 po\u010das celoslovensk\u00e9ho stretnutia turistov a \u010ditate\u013eov \u010dasopisu Kr\u00e1sy Slovenska. Jeho prev\u00e1dzka je pl\u00e1novan\u00e1 po\u010das v\u00edkendov a\u00a0sviatkov do 27.10.2019.<\/p>\n<p>Trojicu letn\u00fdch turistick\u00fdch autobusov uzatvor\u00ed Astrobus, ktor\u00fd turistov dovezie takmer ku hviezdam na Kr\u00e1\u013eovu stud\u0148u. Ide o unik\u00e1tny produkt s dopravou, ubytovan\u00edm, pozorovan\u00edm hviezd teleskopom a hvezd\u00e1rskym v\u00fdkladom v Parku tmavej oblohy, kde je minim\u00e1lny sveteln\u00fd smog a vynikaj\u00face podmienky na pozorovanie hviezdnej oblohy. Nadv\u00e4zova\u0165 na to bude novinka tejto sez\u00f3ny \u2013 gastro produkt \u201eZa v\u00ednom a syrmi pod hviezdami na farme Hiadlovsk\u00fdch\u201c a \u201eHorehronsk\u00fd astrovlak\u201c.<\/p>\n<p>Term\u00edny Astrobusu s\u00fa zverejnen\u00e9 na facebookovom profile Central Slovakia a\u00a0aj na webe\u00a0<a href=\"http:\/\/kralovastudna.com\/\">kralovastudna.com<\/a><\/p>\n<p>Inform\u00e1cie ktor\u00e9 boli uverejnen\u00e9 v roku 2018, platia aj pre rok 2019.<\/p>\n<div id='gallery-1' class='gallery galleryid-83832 gallery-columns-1 gallery-size-full'><figure class='gallery-item'>\n\t\t\t<div class='gallery-icon portrait'>\n\t\t\t\t<a href='https:\/\/www.slovaklinesmagazin.sk\/cms\/2019\/05\/oblubeny-cyklobus-a-turbus-su-opat-tu\/cyklobus1\/'><img loading=\"lazy\" decoding=\"async\" width=\"646\" height=\"913\" src=\"https:\/\/www.slovaklinesmagazin.sk\/cms\/wp-content\/uploads\/2019\/05\/Cyklobus1.jpg\" class=\"attachment-full size-full\" alt=\"\" aria-describedby=\"gallery-1-83835\" srcset=\"https:\/\/www.slovaklinesmagazin.sk\/cms\/wp-content\/uploads\/2019\/05\/Cyklobus1.jpg 646w, https:\/\/www.slovaklinesmagazin.sk\/cms\/wp-content\/uploads\/2019\/05\/Cyklobus1-212x300.jpg 212w, https:\/\/www.slovaklinesmagazin.sk\/cms\/wp-content\/uploads\/2019\/05\/Cyklobus1-600x848.jpg 600w, https:\/\/www.slovaklinesmagazin.sk\/cms\/wp-content\/uploads\/2019\/05\/Cyklobus1-304x430.jpg 304w, https:\/\/www.slovaklinesmagazin.sk\/cms\/wp-content\/uploads\/2019\/05\/Cyklobus1-296x418.jpg 296w\" sizes=\"auto, (max-width: 646px) 100vw, 646px\" \/><\/a>\n\t\t\t<\/div>\n\t\t\t\t<figcaption class='wp-caption-text gallery-caption' id='gallery-1-83835'>\n\t\t\t\tCESTOVN\u00dd PORIADOK 2019\n\t\t\t\t<\/figcaption><\/figure><figure class='gallery-item'>\n\t\t\t<div class='gallery-icon portrait'>\n\t\t\t\t<a href='https:\/\/www.slovaklinesmagazin.sk\/cms\/2019\/05\/oblubeny-cyklobus-a-turbus-su-opat-tu\/cyklobus2-2\/'><img loading=\"lazy\" decoding=\"async\" width=\"646\" height=\"905\" src=\"https:\/\/www.slovaklinesmagazin.sk\/cms\/wp-content\/uploads\/2019\/05\/Cyklobus2.jpg\" class=\"attachment-full size-full\" alt=\"\" aria-describedby=\"gallery-1-83836\" srcset=\"https:\/\/www.slovaklinesmagazin.sk\/cms\/wp-content\/uploads\/2019\/05\/Cyklobus2.jpg 646w, https:\/\/www.slovaklinesmagazin.sk\/cms\/wp-content\/uploads\/2019\/05\/Cyklobus2-214x300.jpg 214w, https:\/\/www.slovaklinesmagazin.sk\/cms\/wp-content\/uploads\/2019\/05\/Cyklobus2-600x841.jpg 600w, https:\/\/www.slovaklinesmagazin.sk\/cms\/wp-content\/uploads\/2019\/05\/Cyklobus2-304x426.jpg 304w, https:\/\/www.slovaklinesmagazin.sk\/cms\/wp-content\/uploads\/2019\/05\/Cyklobus2-296x415.jpg 296w\" sizes=\"auto, (max-width: 646px) 100vw, 646px\" \/><\/a>\n\t\t\t<\/div>\n\t\t\t\t<figcaption class='wp-caption-text gallery-caption' id='gallery-1-83836'>\n\t\t\t\tCESTOVN\u00dd PORIADOK 2019\n\t\t\t\t<\/figcaption><\/figure><figure class='gallery-item'>\n\t\t\t<div class='gallery-icon portrait'>\n\t\t\t\t<a href='https:\/\/www.slovaklinesmagazin.sk\/cms\/2019\/05\/oblubeny-cyklobus-a-turbus-su-opat-tu\/cyklobus3\/'><img loading=\"lazy\" decoding=\"async\" width=\"646\" height=\"896\" src=\"https:\/\/www.slovaklinesmagazin.sk\/cms\/wp-content\/uploads\/2019\/05\/Cyklobus3.jpg\" class=\"attachment-full size-full\" alt=\"\" aria-describedby=\"gallery-1-83837\" srcset=\"https:\/\/www.slovaklinesmagazin.sk\/cms\/wp-content\/uploads\/2019\/05\/Cyklobus3.jpg 646w, https:\/\/www.slovaklinesmagazin.sk\/cms\/wp-content\/uploads\/2019\/05\/Cyklobus3-216x300.jpg 216w, https:\/\/www.slovaklinesmagazin.sk\/cms\/wp-content\/uploads\/2019\/05\/Cyklobus3-600x832.jpg 600w, https:\/\/www.slovaklinesmagazin.sk\/cms\/wp-content\/uploads\/2019\/05\/Cyklobus3-304x422.jpg 304w, https:\/\/www.slovaklinesmagazin.sk\/cms\/wp-content\/uploads\/2019\/05\/Cyklobus3-296x411.jpg 296w\" sizes=\"auto, (max-width: 646px) 100vw, 646px\" \/><\/a>\n\t\t\t<\/div>\n\t\t\t\t<figcaption class='wp-caption-text gallery-caption' id='gallery-1-83837'>\n\t\t\t\tCESTOVN\u00dd PORIADOK 2019\n\t\t\t\t<\/figcaption><\/figure><figure class='gallery-item'>\n\t\t\t<div class='gallery-icon portrait'>\n\t\t\t\t<a href='https:\/\/www.slovaklinesmagazin.sk\/cms\/2019\/05\/oblubeny-cyklobus-a-turbus-su-opat-tu\/cyklobus4\/'><img loading=\"lazy\" decoding=\"async\" width=\"646\" height=\"892\" src=\"https:\/\/www.slovaklinesmagazin.sk\/cms\/wp-content\/uploads\/2019\/05\/Cyklobus4.jpg\" class=\"attachment-full size-full\" alt=\"\" aria-describedby=\"gallery-1-83838\" srcset=\"https:\/\/www.slovaklinesmagazin.sk\/cms\/wp-content\/uploads\/2019\/05\/Cyklobus4.jpg 646w, https:\/\/www.slovaklinesmagazin.sk\/cms\/wp-content\/uploads\/2019\/05\/Cyklobus4-217x300.jpg 217w, https:\/\/www.slovaklinesmagazin.sk\/cms\/wp-content\/uploads\/2019\/05\/Cyklobus4-600x828.jpg 600w, https:\/\/www.slovaklinesmagazin.sk\/cms\/wp-content\/uploads\/2019\/05\/Cyklobus4-304x420.jpg 304w, https:\/\/www.slovaklinesmagazin.sk\/cms\/wp-content\/uploads\/2019\/05\/Cyklobus4-296x409.jpg 296w\" sizes=\"auto, (max-width: 646px) 100vw, 646px\" \/><\/a>\n\t\t\t<\/div>\n\t\t\t\t<figcaption class='wp-caption-text gallery-caption' id='gallery-1-83838'>\n\t\t\t\tCESTOVN\u00dd PORIADOK 2019\n\t\t\t\t<\/figcaption><\/figure><figure class='gallery-item'>\n\t\t\t<div class='gallery-icon portrait'>\n\t\t\t\t<a href='https:\/\/www.slovaklinesmagazin.sk\/cms\/2019\/05\/oblubeny-cyklobus-a-turbus-su-opat-tu\/cyklobus5\/'><img loading=\"lazy\" decoding=\"async\" width=\"646\" height=\"901\" src=\"https:\/\/www.slovaklinesmagazin.sk\/cms\/wp-content\/uploads\/2019\/05\/Cyklobus5.png\" class=\"attachment-full size-full\" alt=\"\" aria-describedby=\"gallery-1-83839\" srcset=\"https:\/\/www.slovaklinesmagazin.sk\/cms\/wp-content\/uploads\/2019\/05\/Cyklobus5.png 646w, https:\/\/www.slovaklinesmagazin.sk\/cms\/wp-content\/uploads\/2019\/05\/Cyklobus5-215x300.png 215w, https:\/\/www.slovaklinesmagazin.sk\/cms\/wp-content\/uploads\/2019\/05\/Cyklobus5-600x837.png 600w, https:\/\/www.slovaklinesmagazin.sk\/cms\/wp-content\/uploads\/2019\/05\/Cyklobus5-304x424.png 304w, https:\/\/www.slovaklinesmagazin.sk\/cms\/wp-content\/uploads\/2019\/05\/Cyklobus5-296x413.png 296w\" sizes=\"auto, (max-width: 646px) 100vw, 646px\" \/><\/a>\n\t\t\t<\/div>\n\t\t\t\t<figcaption class='wp-caption-text gallery-caption' id='gallery-1-83839'>\n\t\t\t\tCESTOVN\u00dd PORIADOK 2019\n\t\t\t\t<\/figcaption><\/figure><figure class='gallery-item'>\n\t\t\t<div class='gallery-icon portrait'>\n\t\t\t\t<a href='https:\/\/www.slovaklinesmagazin.sk\/cms\/2019\/05\/oblubeny-cyklobus-a-turbus-su-opat-tu\/cyklobus6\/'><img loading=\"lazy\" decoding=\"async\" width=\"646\" height=\"910\" src=\"https:\/\/www.slovaklinesmagazin.sk\/cms\/wp-content\/uploads\/2019\/05\/Cyklobus6.jpg\" class=\"attachment-full size-full\" alt=\"\" aria-describedby=\"gallery-1-83840\" srcset=\"https:\/\/www.slovaklinesmagazin.sk\/cms\/wp-content\/uploads\/2019\/05\/Cyklobus6.jpg 646w, https:\/\/www.slovaklinesmagazin.sk\/cms\/wp-content\/uploads\/2019\/05\/Cyklobus6-213x300.jpg 213w, https:\/\/www.slovaklinesmagazin.sk\/cms\/wp-content\/uploads\/2019\/05\/Cyklobus6-600x845.jpg 600w, https:\/\/www.slovaklinesmagazin.sk\/cms\/wp-content\/uploads\/2019\/05\/Cyklobus6-304x428.jpg 304w, https:\/\/www.slovaklinesmagazin.sk\/cms\/wp-content\/uploads\/2019\/05\/Cyklobus6-296x417.jpg 296w\" sizes=\"auto, (max-width: 646px) 100vw, 646px\" \/><\/a>\n\t\t\t<\/div>\n\t\t\t\t<figcaption class='wp-caption-text gallery-caption' id='gallery-1-83840'>\n\t\t\t\tCESTOVN\u00dd PORIADOK 2019\n\t\t\t\t<\/figcaption><\/figure><figure class='gallery-item'>\n\t\t\t<div class='gallery-icon portrait'>\n\t\t\t\t<a href='https:\/\/www.slovaklinesmagazin.sk\/cms\/2019\/05\/oblubeny-cyklobus-a-turbus-su-opat-tu\/cyklobus7\/'><img loading=\"lazy\" decoding=\"async\" width=\"646\" height=\"908\" src=\"https:\/\/www.slovaklinesmagazin.sk\/cms\/wp-content\/uploads\/2019\/05\/Cyklobus7.jpg\" class=\"attachment-full size-full\" alt=\"\" aria-describedby=\"gallery-1-83841\" srcset=\"https:\/\/www.slovaklinesmagazin.sk\/cms\/wp-content\/uploads\/2019\/05\/Cyklobus7.jpg 646w, https:\/\/www.slovaklinesmagazin.sk\/cms\/wp-content\/uploads\/2019\/05\/Cyklobus7-213x300.jpg 213w, https:\/\/www.slovaklinesmagazin.sk\/cms\/wp-content\/uploads\/2019\/05\/Cyklobus7-600x843.jpg 600w, https:\/\/www.slovaklinesmagazin.sk\/cms\/wp-content\/uploads\/2019\/05\/Cyklobus7-304x427.jpg 304w, https:\/\/www.slovaklinesmagazin.sk\/cms\/wp-content\/uploads\/2019\/05\/Cyklobus7-296x416.jpg 296w\" sizes=\"auto, (max-width: 646px) 100vw, 646px\" \/><\/a>\n\t\t\t<\/div>\n\t\t\t\t<figcaption class='wp-caption-text gallery-caption' id='gallery-1-83841'>\n\t\t\t\tCESTOVN\u00dd PORIADOK 2019\n\t\t\t\t<\/figcaption><\/figure><figure class='gallery-item'>\n\t\t\t<div class='gallery-icon portrait'>\n\t\t\t\t<a href='https:\/\/www.slovaklinesmagazin.sk\/cms\/2019\/05\/oblubeny-cyklobus-a-turbus-su-opat-tu\/cyklobus8\/'><img loading=\"lazy\" decoding=\"async\" width=\"646\" height=\"899\" src=\"https:\/\/www.slovaklinesmagazin.sk\/cms\/wp-content\/uploads\/2019\/05\/Cyklobus8.jpg\" class=\"attachment-full size-full\" alt=\"\" aria-describedby=\"gallery-1-83842\" srcset=\"https:\/\/www.slovaklinesmagazin.sk\/cms\/wp-content\/uploads\/2019\/05\/Cyklobus8.jpg 646w, https:\/\/www.slovaklinesmagazin.sk\/cms\/wp-content\/uploads\/2019\/05\/Cyklobus8-216x300.jpg 216w, https:\/\/www.slovaklinesmagazin.sk\/cms\/wp-content\/uploads\/2019\/05\/Cyklobus8-600x835.jpg 600w, https:\/\/www.slovaklinesmagazin.sk\/cms\/wp-content\/uploads\/2019\/05\/Cyklobus8-304x423.jpg 304w, https:\/\/www.slovaklinesmagazin.sk\/cms\/wp-content\/uploads\/2019\/05\/Cyklobus8-296x412.jpg 296w\" sizes=\"auto, (max-width: 646px) 100vw, 646px\" \/><\/a>\n\t\t\t<\/div>\n\t\t\t\t<figcaption class='wp-caption-text gallery-caption' id='gallery-1-83842'>\n\t\t\t\tCESTOVN\u00dd PORIADOK 2019\n\t\t\t\t<\/figcaption><\/figure>\n\t\t<\/div>\n\n<p><u>\u00a0<\/u><\/p>\n","protected":false},"excerpt":{"rendered":"<p>S\u00a0pr\u00edchodom novej letnej sez\u00f3ny \u0161tartuje aj st\u00e1le popul\u00e1rnej\u0161\u00ed Cyklobus. Ten minul\u00fd rok l\u00e1mal rekordy a\u00a0potvrdil, \u017ee medzi obdobn\u00fdmi projektami na Slovensku nem\u00e1 konkurenciu. \u201eCyklobus aj tento rok odvezie cyklistov z Banskej Bystrice do ob\u013e\u00faben\u00fdch horsk\u00fdch lokal\u00edt s najkraj\u0161\u00edmi v\u00fdh\u013eadmi. Na na\u0161ej str\u00e1nke www.centralslovakia.eu\/cyklobus pre turistov a cykloturistov op\u00e4\u0165 zverejn\u00edme odpor\u00fa\u010dan\u00e9 turistick\u00e9 a cykloturistick\u00e9 trasy. Cyklobus [&hellip;]<\/p>\n","protected":false},"author":7,"featured_media":83833,"comment_status":"closed","ping_status":"closed","sticky":false,"template":"","format":"standard","meta":{"footnotes":""},"categories":[13,11,52,56,14],"tags":[],"class_list":["post-83832","post","type-post","status-publish","format-standard","has-post-thumbnail","hentry","category-real-estate","category-news","category-outdoor","category-priroda","category-sport","eq-blocks"],"_links":{"self":[{"href":"https:\/\/www.slovaklinesmagazin.sk\/cms\/wp-json\/wp\/v2\/posts\/83832","targetHints":{"allow":["GET"]}}],"collection":[{"href":"https:\/\/www.slovaklinesmagazin.sk\/cms\/wp-json\/wp\/v2\/posts"}],"about":[{"href":"https:\/\/www.slovaklinesmagazin.sk\/cms\/wp-json\/wp\/v2\/types\/post"}],"author":[{"embeddable":true,"href":"https:\/\/www.slovaklinesmagazin.sk\/cms\/wp-json\/wp\/v2\/users\/7"}],"replies":[{"embeddable":true,"href":"https:\/\/www.slovaklinesmagazin.sk\/cms\/wp-json\/wp\/v2\/comments?post=83832"}],"version-history":[{"count":1,"href":"https:\/\/www.slovaklinesmagazin.sk\/cms\/wp-json\/wp\/v2\/posts\/83832\/revisions"}],"predecessor-version":[{"id":83843,"href":"https:\/\/www.slovaklinesmagazin.sk\/cms\/wp-json\/wp\/v2\/posts\/83832\/revisions\/83843"}],"wp:featuredmedia":[{"embeddable":true,"href":"https:\/\/www.slovaklinesmagazin.sk\/cms\/wp-json\/wp\/v2\/media\/83833"}],"wp:attachment":[{"href":"https:\/\/www.slovaklinesmagazin.sk\/cms\/wp-json\/wp\/v2\/media?parent=83832"}],"wp:term":[{"taxonomy":"category","embeddable":true,"href":"https:\/\/www.slovaklinesmagazin.sk\/cms\/wp-json\/wp\/v2\/categories?post=83832"},{"taxonomy":"post_tag","embeddable":true,"href":"https:\/\/www.slovaklinesmagazin.sk\/cms\/wp-json\/wp\/v2\/tags?post=83832"}],"curies":[{"name":"wp","href":"https:\/\/api.w.org\/{rel}","templated":true}]}}