{"id":83845,"date":"2019-05-28T10:14:23","date_gmt":"2019-05-28T08:14:23","guid":{"rendered":"https:\/\/slovaklinesmagazin.sk\/cms\/?p=83845"},"modified":"2019-05-28T10:14:23","modified_gmt":"2019-05-28T08:14:23","slug":"na-akustickych-koncertoch-si-adam-durica-ziskal-nove-publikum-a-dokazal-ze-patri-k-najlepsim-2","status":"publish","type":"post","link":"https:\/\/www.slovaklinesmagazin.sk\/cms\/2019\/05\/na-akustickych-koncertoch-si-adam-durica-ziskal-nove-publikum-a-dokazal-ze-patri-k-najlepsim-2\/","title":{"rendered":"Na akustick\u00fdch koncertoch si Adam \u010eurica z\u00edskal nov\u00e9 publikum a dok\u00e1zal, \u017ee patr\u00ed k najlep\u0161\u00edm"},"content":{"rendered":"<p style=\"text-align: left;\">Adam \u010eurica s\u00a0kapelou na turn\u00e9 obna\u017eili svoje najzn\u00e1mej\u0161ie hity, ale aj menej zn\u00e1me skladby do celkom nov\u00fdch aran\u017em\u00e1nov. Piesne v\u00a0ich novom podan\u00ed zneli akosi \u010distej\u0161ie a\u00a0int\u00edmnej\u0161ie. Napriek tomu, \u017ee i\u0161lo o\u00a0akustick\u00e9 koncerty, div\u00e1ci \u010dasto nevedeli obsedie\u0165. Akon\u00e1hle Adam zahral r\u00fdchlej\u0161iu skladbu, t\u00e1 \u013eud\u00ed doslova dv\u00edhala zo stoli\u010diek a\u00a0veselo si spievali, tlieskali a zab\u00e1vali sa. Niektor\u00ed dokonca tancovali.<\/p>\n<p>Adamovi sa podarilo vypreda\u0165 takmer v\u0161etky mest\u00e1 a\u017e do posledn\u00e9ho miesta. D\u00f4le\u017eitou s\u00fa\u010das\u0165ou boli aj hudobn\u00ed hostia, ktor\u00fdch si Adam na koncerty pozval. V\u0161etci hudobn\u00edci si pochva\u013eovali najm\u00e4 ve\u013emi vn\u00edmav\u00e9 publikum, ktor\u00e9 ich v\u017edy odmenilo energick\u00fdm potleskom a\u00a0koncerty si spolu s\u00a0nimi naozaj u\u017e\u00edvali. Ne\u010dudo, \u017ee sa \u010eurica rozhodol prida\u0165 \u010fal\u0161\u00edch osem koncertov, na ktor\u00fdch na jese\u0148 vyst\u00fapi aj s\u00a0hos\u0165ami.<br \/>\n<strong>\u201eCel\u00e9 akustick\u00e9 turn\u00e9 bolo pre m\u0148a obrovsk\u00fdm prekvapen\u00edm, preto\u017ee aj ke\u010f som sa na to ve\u013emi te\u0161il, reakcie \u013eud\u00ed prekonali moje o\u010dak\u00e1vania. \u00da\u017easne reagovali, kr\u00e1sne spievali a po koncertoch mi v\u017edy p\u00edsali ve\u013ea ve\u013ea reakci\u00ed o\u00a0tom, ak\u00fd \u00fa\u017easn\u00fd z\u00e1\u017eitok mali z mojich koncertov. Som nad\u0161en\u00fd a r\u00e1d by som sa po\u010fakoval mojim skvel\u00fdm hos\u0165om, s ktor\u00fdmi som ve\u013emi r\u00e1d tr\u00e1vil \u010das<\/strong><strong>,<\/strong><strong> nie len na p\u00f3diu, ale aj v z\u00e1kulis\u00ed. Bola tam stra\u0161ne dobr\u00e1 energia,\u201c <\/strong>vyznal sa zo svojich pocitov nad\u0161en\u00fd Adam \u010eurica bezprostredne po poslednom koncerte v Martine.<\/p>\n<p style=\"text-align: center;\"><img decoding=\"async\" class=\"aligncenter\" src=\"https:\/\/slovaklinesmagazin.sk\/cms\/wp-content\/uploads\/2019\/05\/Bi\u010d..jpg\" \/>Z\u00a0koncertu v\u00a0Pre\u0161ove \u2013 z\u00e1vere\u010dn\u00e1 kla\u0148a\u010dka \u2013 s\u00fakr. Arch\u00edv<\/p>\n<p>Hne\u010f v \u00favode turn\u00e9, v\u00a0\u017eilinskom Dome odborov, bolo vidie\u0165, \u017ee Adamovej hudbe pri\u0161lo na chu\u0165 aj omnoho vyzretej\u0161ie publikum, zast\u00fapen\u00e9 v\u0161etk\u00fdmi vekov\u00fdmi kateg\u00f3riami. V\u0161etci s\u00a0ve\u013ek\u00fdm o\u010dak\u00e1van\u00edm sledovali, \u010di sa tento trend potvrd\u00ed aj na ostatn\u00fdch koncertoch, a\u00a0veru, bolo tomu tak. Adamove vyst\u00fapenia si pri\u0161lo pozrie\u0165 aj mno\u017estvo \u013eud\u00ed v\u00a0zrel\u0161om veku a\u00a0v\u00a0porovnan\u00ed z\u00a0predch\u00e1dzaj\u00facimi turn\u00e9 sa zmenil aj pomer mu\u017eov a\u00a0\u017eien.<\/p>\n<p>U\u017e po prvom vypo\u010dut\u00ed spev\u00e1kovho najnov\u0161ieho albumu\u00a0<strong>30<\/strong>\u00a0mo\u017eno skon\u0161tatova\u0165, \u017ee z\u00a0mlad\u00e9ho chalana, ktor\u00fd svoju kari\u00e9ru zapo\u010dal \u00fa\u010das\u0165ou v\u00a0spev\u00e1ckej \u0161ou, dozrel a\u017e v\u00a0uzn\u00e1van\u00e9ho interpreta, ktor\u00fd si v\u010faka svojej tvrdej pr\u00e1ci z\u00edskal v\u00e1\u017enos\u0165 a\u00a0n\u00e1klonnos\u0165 hudobnej verejnosti. Tej laickej, ale aj odbornej. Slovami chv\u00e1ly na adresu albumu ne\u0161etrili ani r\u00f4zni hudobn\u00ed kritici. A\u00a0veru\u017ee t\u00e1 cesta nebola jednoduch\u00e1. Svoje o\u00a0tom vie, ka\u017ed\u00fd za\u010d\u00ednaj\u00faci hudobn\u00edk, ktor\u00fd u\u017e ok\u00fasil, ak\u00e9 je to hra\u0165 koncert v\u00a0s\u00e1le, ktor\u00fa sa mu nepodarilo zaplni\u0165 ani z\u00a0polovi\u010dky. Dosta\u0165 sa na v\u00fdslnie slovenskej hudobnej sc\u00e9ny Adamovi \u010euricovi trvalo mo\u017eno aj cel\u00fa dek\u00e1du. Dokonca to s\u00e1m skromne priznal na svojich koncertoch, kde div\u00e1kov okrem spevu, zasv\u00e4til aj do pr\u00edbehov vzniku svojich skladieb a\u00a0v\u00a0podstate aj do toho svojho \u017eivotn\u00e9ho pr\u00edbehu &#8211; pr\u00edbehu \u00faspe\u0161n\u00e9ho hudobn\u00edka.<\/p>\n<p>&nbsp;<\/p>\n<p><strong>\u201eRoky spolo\u010dnej pr\u00e1ce a Adamovho talentu sa definit\u00edvne z\u00faro\u010dili na akustick\u00fdch koncertoch, kde sme mohli vidie\u0165, \u017ee Adam je predov\u0161etk\u00fdm vynikaj\u00faci muzikant, skladate\u013e a spev\u00e1k. Cel\u00e9 turn\u00e9 uk\u00e1zalo hudobn\u00fa vyzretos\u0165 Adama, ktor\u00fa predov\u0161etk\u00fdm ocenilo rovnako vyzret\u00e9 a hudobne orientovan\u00e9 publikum, ktor\u00e9 jasne dalo najavo, \u017ee u\u017e to nie je o p\u00e1r hitoch, ale o hudbe ako takej a to je asi to najkraj\u0161ie, \u010do m\u00f4\u017eem spolu s Adamom za\u017e\u00edva\u0165,\u201c <\/strong>vyjadril sa k\u00a0\u00faspe\u0161n\u00e9mu turn\u00e9 Peter Riava, riadite\u013e vydavate\u013estva Universal Music. Ke\u010f\u017ee je z\u00e1rove\u0148 Adamov mana\u017e\u00e9r a\u00a0je sn\u00edm od za\u010diatku jeho kari\u00e9ry, je v\u00a0tejto ot\u00e1zke naozaj najkompetentnej\u0161\u00ed.<\/p>\n<p style=\"text-align: center;\"><img decoding=\"async\" class=\"aligncenter\" src=\"https:\/\/slovaklinesmagazin.sk\/cms\/wp-content\/uploads\/2019\/05\/Bi\u010d.jpg\" \/>Z\u00a0koncertu v\u00a0Nitre, z\u013eava Vikt\u00f3ria, Adam \u010eurica a\u00a0Peter Bi\u010d<br \/>\nFoto: Stanislava Topolsk\u00e1<\/p>\n<p>\u00davodnou skladbou Adamov\u00fdch koncertov bola pesni\u010dka <strong>30,<\/strong> ktorou otv\u00e1ral akustick\u00e9 ve\u010dery. Publikum si okam\u017eite z\u00edskal svojou charizmou a pote\u0161il aj ob\u013e\u00fabencov svojej star\u0161ej tvorby, preto\u017ee zaradil aj skladby <strong>Dovtedy, Spolu, L\u00e1ska veda<\/strong> a\u00a0<strong>Mandol\u00edna<\/strong> \u010di <strong>Ne\u013eutujem<\/strong>. Koncert bol dramaturgicky v\u00fdborne vyskladan\u00fd. Star\u0161ie skladby v\u017edy prestriedali novinky z albumu 30 \u2013 <strong>Jazero, Holubi\u010dka, D\u00e1vno si pre\u010d<\/strong> a \u010fal\u0161ie. Na koncertoch, kde bola hos\u0165om Sima Martausov\u00e1 (Zvolen, Pre\u0161ov, Martin) v\u017edy odznela upraven\u00e1 verzia <strong>Holubi\u010dky<\/strong> \u2013 duet Simy a Adama. Sima v ka\u017edom meste zaspievala svoju najpopul\u00e1rnej\u0161iu a najhranej\u0161iu skladbu <strong>Nenahradite\u013en\u00e1<\/strong> a pridala aj \u010fal\u0161ie. Napr\u00edklad aj tak\u00e9, ktor\u00e9 zlo\u017eila v ten de\u0148. Ve\u013ek\u00fdm prekvapen\u00edm koncertu v Pre\u0161ove bolo vyst\u00fapenie <strong>BuranoWskeho<\/strong>, ktor\u00fd p\u00f4vodne iba pri\u0161iel podpori\u0165 svojich priate\u013eov, ale t\u00ed ho hne\u010f so sebou stiahli na p\u00f3dium.<\/p>\n<p><strong>\u201eSom ve\u013emi \u0161\u0165astn\u00e1, \u017ee si ma Adam pozval ako hos\u0165a. Vo v\u0161etk\u00fdch troch mest\u00e1ch, kde som vystupovala, som za\u017eila kr\u00e1sne pocity. Ve\u013emi som sa te\u0161ila u\u017e len z\u00a0toho, ak\u00fa rados\u0165 maj\u00fa \u013eudia z\u00a0Adamovho vyst\u00fapenia. Samozrejme, pridan\u00fa hodnotu pre m\u0148a malo to, \u017ee sa m\u00f4\u017eem koncertu z\u00fa\u010dastni\u0165 aj formou vyst\u00fapenia a\u00a0zaspieva\u0165 si aj tri svoje pesni\u010dky a\u00a0tie\u017e n\u00e1\u0161 spolo\u010dn\u00fd duet Holubi\u010dku spolu s\u00a0Adamom. Som \u0161\u0165astn\u00e1, \u017ee som mala mo\u017enos\u0165 by\u0165 s\u00fa\u010das\u0165ou,\u201c<\/strong> priznala skromne Sima Martausov\u00e1, ktor\u00e1 zab\u00e1vala publikum aj svojimi vtipn\u00fdmi vsuvkami a koment\u00e1rmi.<\/p>\n<p>V\u00a0\u017diline, Lu\u010denci, Nitre a\u00a0Tren\u010d\u00edne sa k\u00a0Adamovi zase pridali\u00a0<strong>Peter Bi\u010d<\/strong>\u00a0a\u00a0<strong>Vikt\u00f3ria<\/strong>\u00a0z\u00a0<strong>Peter Bi\u010d Project<\/strong>\u00a0a\u00a0talentovan\u00e1 spev\u00e1\u010dka\u00a0<strong>Karmen P\u00e1l-Bal\u00e1\u017e<\/strong>. Na v\u0161etk\u00fdch koncertoch Adamovu kapelu v\u00a0tradi\u010dnom zlo\u017een\u00ed sprev\u00e1dzal aj skvel\u00fd multiin\u0161trumentalista\u00a0<strong>Ferko Jano<\/strong>, ktor\u00fd hral na husliach, akorde\u00f3ne, a\u00a0dokonca na v\u00fdnimo\u010dnom n\u00e1stroji pedal steel gitare.<\/p>\n<p>Karmen vyst\u00fapila so svojou naj\u00faspe\u0161nej\u0161ou pesni\u010dkou<strong>\u00a0<\/strong><strong>Anjel<\/strong>. Je to moment\u00e1lne jedna z\u00a0najhranej\u0161\u00edch slovensk\u00fdch piesn\u00ed v\u00a0r\u00e1di\u00e1ch, preto niet divu, \u017ee ju div\u00e1ci na p\u00f3diu v\u017edy priv\u00edtali obrovsk\u00fdm potleskom. Pe\u0165o Bi\u010d sa na javisku objavil po\u010das skladby\u00a0<strong>D\u00e1vno si pre\u010d,<\/strong>\u00a0kde Adama sprev\u00e1dzal na gitare. N\u00e1sledne sa pridala aj Viky a\u00a0spolu s\u00a0Adamom si zaspievali ve\u013ek\u00fd hit skupiny Peter Bi\u010d Project\u00a0<strong>Ned\u00edvaj sa tak<\/strong>. Potom u\u017e Viky s\u00a0Pe\u0165om pokra\u010dovali \u010fal\u0161\u00edmi skladbami zo svojej tvorby \u2013\u00a0<strong>Z\u00a0v\u00fd\u0161ky, Sk\u00fa\u0161ame sa n\u00e1js\u0165<\/strong> a v\u017edy to na p\u00f3diu poriadne rozto\u010dili.<\/p>\n<p><strong>\u201eNa Adamov\u00fdch koncertoch sme sa c\u00edtili \u00fa\u017easne. T\u00fdm, \u017ee u Adama hos\u0165oval aj n\u00e1\u0161 huslista Ferko, bolo to cel\u00e9 akoby v takom rodinnom kruhu. S Adamom sa pozn\u00e1me u\u017e roky a po\u010das koncertov som sa vr\u00e1til do \u010dias, ke\u010f sme s Adamom spolu hr\u00e1vali po r\u00f4znych kluboch. V\u0161etky koncerty mali \u00fa\u017easn\u00fa atmosf\u00e9ru. T\u00fdm, \u017ee div\u00e1ci v\u0161etky tie pesni\u010dky poznali a spievali si ich, zab\u00e1vali sa spolu s\u00a0nami,\u201c <\/strong>neskr\u00fdval nad\u0161enie Peter Bi\u010d, ktor\u00fd u\u017e s\u00a0Adamom v\u00a0minulosti odohral mno\u017estvo koncertov.<\/p>\n<p style=\"text-align: center;\"><img decoding=\"async\" class=\"aligncenter\" src=\"https:\/\/slovaklinesmagazin.sk\/cms\/wp-content\/uploads\/2019\/05\/Bi\u010d-1.png\" \/>Z\u00a0koncertu v\u00a0Nitre \u2013 foto: Stanislava Topolsk\u00e1<\/p>\n<p style=\"text-align: left;\">Akustick\u00e9 koncerty Adama \u010euricu pon\u00fakli div\u00e1kom vyzret\u00fd a kvalitn\u00fd hudobn\u00fd program.\u00a0Adam so svojou\u00a0kapelou s\u00fa s\u00edce unaven\u00ed, ke\u010f\u017ee maj\u00fa za sebou \u0161es\u0165 dn\u00ed nepretr\u017eit\u00e9ho koncertovania, ale za to s\u00fa nabit\u00ed \u00fa\u017easnou energiou, ktor\u00fa im dalo skvel\u00e9 a\u00a0v\u010fa\u010dn\u00e9 publikum. U\u017e teraz sa te\u0161ia na jesenn\u00fa \u010dast turn\u00e9, ktor\u00e9 sa za\u010dne u\u017e 24. okt\u00f3bra v Brne a\u00a0pokra\u010dova\u0165 bude v Senici, \u017diari nad Hronom, Ko\u0161iciach, Poprade, Ro\u017e\u0148ave, Vranove nad Top\u013eou a v Bratislave. Rovnako ako na jar, Adama bud\u00fa sprev\u00e1dza\u0165 aj zauj\u00edmav\u00ed hudobn\u00ed hostia, s ktor\u00fdmi m\u00e1 bl\u00edzky vz\u0165ah, no konkr\u00e9tne men\u00e1 e\u0161te st\u00e1le neprezradil. S\u013e\u00fabil, \u017ee tak urob\u00ed u\u017e \u010doskoro. Vstupenky na turn\u00e9 s\u00a0titulom\u00a0<strong>Adam \u010eurica a hostia \u2013 akustick\u00e9 koncerty<\/strong>\u00a0\u2013\u00a0<strong>JESE\u0147\u00a0<\/strong>k\u00fapite na\u00a0<a href=\"https:\/\/eur02.safelinks.protection.outlook.com\/?url=https%3A%2F%2Fpredpredaj.zoznam.sk%2Fsk%2Flistky%2Fadam-durica-hostia-akusticke-koncerty-jesen-2019%2F&amp;data=02%7C01%7CLuba.Svata%40umusic.com%7Cf5229eacf9a04cf5fdd008d6bda1f07a%7Cbbcb6b2f8c7c4e2486e46c36fed00b78%7C1%7C0%7C636904900555882951&amp;sdata=ykVcew3FUl4xR4n0XQTuaA%2F%2BR%2FApxpPip5082Daqerc%3D&amp;reserved=0\">Predpredaj.sk<\/a>, alebo v\u00a0miestnych pokladniach.<br \/>\nKe\u010f\u017ee sa v\u0161etky koncerty nahr\u00e1vali na z\u00e1znam, n\u00e1v\u0161tevn\u00edci jesenn\u00e9ho turn\u00e9 si okrem skvel\u00e9ho z\u00e1\u017eitku bud\u00fa m\u00f4c\u0165 odnies\u0165 aj pamiatku v\u00a0podobe LIVE akustick\u00e9ho albumu.<\/p>\n<p style=\"text-align: left;\"><a href=\"https:\/\/eur02.safelinks.protection.outlook.com\/?url=https%3A%2F%2Fpredpredaj.zoznam.sk%2Fsk%2Flistky%2Fadam-durica-hostia-akusticke-koncerty-jesen-2019%2F&amp;data=02%7C01%7CLuba.Svata%40umusic.com%7Cf5229eacf9a04cf5fdd008d6bda1f07a%7Cbbcb6b2f8c7c4e2486e46c36fed00b78%7C1%7C0%7C636904900555892956&amp;sdata=lmbHHykuVgxhwIjUuFDI4NceAobXfgbzmzK6ofEMNIM%3D&amp;reserved=0\"><strong>Adam \u010eurica a\u00a0hostia \u2013 akustick\u00e9 koncerty \/JESE\u0147:<\/strong><\/a><\/p>\n<ol style=\"text-align: left;\" start=\"24\">\n<li>10. Brno \u2013 Radost Concert Hall<\/li>\n<li>10. Senica \u2013 MsKS<\/li>\n<li>10. \u017diar nad Hronom &#8211; Hlavn\u00e1 s\u00e1la MsKC<\/li>\n<li>10. Ko\u0161ice &#8211; Kino Slovan &#8211; Historick\u00e1 radnica<\/li>\n<li>10. Poprad \u2013 Dom kult\u00fary<\/li>\n<li>10. Ro\u017e\u0148ava \u2013 Mestsk\u00e9 divadlo Actores<\/li>\n<li>10. Vranov nad Top\u013eou &#8211; MsDK<\/li>\n<li>11. Bratislava \u2013 Ateli\u00e9r Babylon<\/li>\n<\/ol>\n<p style=\"text-align: left;\">\n<p style=\"text-align: left;\">Web:\u00a0<a href=\"https:\/\/eur02.safelinks.protection.outlook.com\/?url=http%3A%2F%2Fwww.adamdurica.com%2F&amp;data=02%7C01%7CLuba.Svata%40umusic.com%7Cf5229eacf9a04cf5fdd008d6bda1f07a%7Cbbcb6b2f8c7c4e2486e46c36fed00b78%7C1%7C0%7C636904900555902961&amp;sdata=IWctQJxugFylnkkvpDRk1vlxJweAivEo4T5LjqrUG2M%3D&amp;reserved=0\">http:\/\/www.adamdurica.com\/<\/a><\/p>\n<p>Facebook:\u00a0<a href=\"https:\/\/eur02.safelinks.protection.outlook.com\/?url=https%3A%2F%2Fwww.facebook.com%2Fadam.durica.1&amp;data=02%7C01%7CLuba.Svata%40umusic.com%7Cf5229eacf9a04cf5fdd008d6bda1f07a%7Cbbcb6b2f8c7c4e2486e46c36fed00b78%7C1%7C0%7C636904900555902961&amp;sdata=so33nPajk69BnXmg5FghqVzBNDXKT3c4TT%2B9k%2Bau8W4%3D&amp;reserved=0\">https:\/\/www.facebook.com\/adam.durica.1<\/a><\/p>\n<p style=\"text-align: left;\">Instagram:\u00a0<a href=\"https:\/\/eur02.safelinks.protection.outlook.com\/?url=https%3A%2F%2Fwww.instagram.com%2Fadamdurica%2F&amp;data=02%7C01%7CLuba.Svata%40umusic.com%7Cf5229eacf9a04cf5fdd008d6bda1f07a%7Cbbcb6b2f8c7c4e2486e46c36fed00b78%7C1%7C0%7C636904900555912970&amp;sdata=ZBEt6st6iwYAMmKCHbbRhvdSv39mIkvScF9XYq3a7qU%3D&amp;reserved=0\">https:\/\/www.instagram.com\/adamdurica\/<\/a><\/p>\n<p style=\"text-align: left;\"><strong>\u00a0<\/strong><\/p>\n<p>&nbsp;<\/p>\n<p>&nbsp;<\/p>\n<p><strong>\u00a0<\/strong><\/p>\n<p>&nbsp;<\/p>\n","protected":false},"excerpt":{"rendered":"<p>Adam \u010eurica s\u00a0kapelou na turn\u00e9 obna\u017eili svoje najzn\u00e1mej\u0161ie hity, ale aj menej zn\u00e1me skladby do celkom nov\u00fdch aran\u017em\u00e1nov. Piesne v\u00a0ich novom podan\u00ed zneli akosi \u010distej\u0161ie a\u00a0int\u00edmnej\u0161ie. Napriek tomu, \u017ee i\u0161lo o\u00a0akustick\u00e9 koncerty, div\u00e1ci \u010dasto nevedeli obsedie\u0165. Akon\u00e1hle Adam zahral r\u00fdchlej\u0161iu skladbu, t\u00e1 \u013eud\u00ed doslova dv\u00edhala zo stoli\u010diek a\u00a0veselo si spievali, tlieskali a zab\u00e1vali sa. Niektor\u00ed [&hellip;]<\/p>\n","protected":false},"author":7,"featured_media":83846,"comment_status":"closed","ping_status":"closed","sticky":false,"template":"","format":"standard","meta":{"footnotes":""},"categories":[5,53,48],"tags":[],"class_list":["post-83845","post","type-post","status-publish","format-standard","has-post-thumbnail","hentry","category-celebrity-magazine","category-ponuky","category-umenie-a-kultura","eq-blocks"],"_links":{"self":[{"href":"https:\/\/www.slovaklinesmagazin.sk\/cms\/wp-json\/wp\/v2\/posts\/83845","targetHints":{"allow":["GET"]}}],"collection":[{"href":"https:\/\/www.slovaklinesmagazin.sk\/cms\/wp-json\/wp\/v2\/posts"}],"about":[{"href":"https:\/\/www.slovaklinesmagazin.sk\/cms\/wp-json\/wp\/v2\/types\/post"}],"author":[{"embeddable":true,"href":"https:\/\/www.slovaklinesmagazin.sk\/cms\/wp-json\/wp\/v2\/users\/7"}],"replies":[{"embeddable":true,"href":"https:\/\/www.slovaklinesmagazin.sk\/cms\/wp-json\/wp\/v2\/comments?post=83845"}],"version-history":[{"count":1,"href":"https:\/\/www.slovaklinesmagazin.sk\/cms\/wp-json\/wp\/v2\/posts\/83845\/revisions"}],"predecessor-version":[{"id":83850,"href":"https:\/\/www.slovaklinesmagazin.sk\/cms\/wp-json\/wp\/v2\/posts\/83845\/revisions\/83850"}],"wp:featuredmedia":[{"embeddable":true,"href":"https:\/\/www.slovaklinesmagazin.sk\/cms\/wp-json\/wp\/v2\/media\/83846"}],"wp:attachment":[{"href":"https:\/\/www.slovaklinesmagazin.sk\/cms\/wp-json\/wp\/v2\/media?parent=83845"}],"wp:term":[{"taxonomy":"category","embeddable":true,"href":"https:\/\/www.slovaklinesmagazin.sk\/cms\/wp-json\/wp\/v2\/categories?post=83845"},{"taxonomy":"post_tag","embeddable":true,"href":"https:\/\/www.slovaklinesmagazin.sk\/cms\/wp-json\/wp\/v2\/tags?post=83845"}],"curies":[{"name":"wp","href":"https:\/\/api.w.org\/{rel}","templated":true}]}}