{"id":83903,"date":"2019-06-06T13:04:40","date_gmt":"2019-06-06T11:04:40","guid":{"rendered":"https:\/\/slovaklinesmagazin.sk\/cms\/?p=83903"},"modified":"2019-06-06T13:04:40","modified_gmt":"2019-06-06T11:04:40","slug":"juzna-morava-sused-ktory-stoji-za-navstevu","status":"publish","type":"post","link":"https:\/\/www.slovaklinesmagazin.sk\/cms\/2019\/06\/juzna-morava-sused-ktory-stoji-za-navstevu\/","title":{"rendered":"Ju\u017en\u00e1 Morava: sused, ktor\u00fd stoj\u00ed za n\u00e1v\u0161tevu"},"content":{"rendered":"<p>Spolo\u010dn\u00e1 prezent\u00e1cia Juhomoravsk\u00e9ho kraja a mesta Brna v Bratislave chce pril\u00e1ka\u0165 viac slovensk\u00fdch turistov na atrakt\u00edvne miesta a aktivity juhomoravsk\u00e9ho regi\u00f3nu. Ju\u017en\u00e1 Morava chce Slov\u00e1kov oslovi\u0165 kvalitnou gastron\u00f3miou, pivnou turistikou, folkl\u00f3rom alebo ponukou tradi\u010dn\u00fdch i menej zn\u00e1mych \u0161portov\u00fdch a adrenal\u00ednov\u00fdch aktiv\u00edt.<\/p>\n<p style=\"text-align: center;\"><img decoding=\"async\" class=\"aligncenter\" src=\"https:\/\/slovaklinesmagazin.sk\/cms\/wp-content\/uploads\/2019\/06\/cyklo-vino-jizni-Morava_FOTO-Petr-Slav\u00edk-CzechTourism-4-1024x683.jpg\" \/>Cyklo-vino Ju\u017en\u00e1 Morava, foto Petr Slav\u00edk, CzechTourism<\/p>\n<p>&#8222;Napriek tomu, \u017ee po\u010det turistov prich\u00e1dzaj\u00facich do n\u00e1\u0161ho regi\u00f3nu zo Slovenska ka\u017edoro\u010dne rastie, vn\u00edmame, \u017ee potenci\u00e1l je v\u00fdrazne vy\u0161\u0161i\u00ed a ju\u017en\u00e1 Morava m\u00e1 Slov\u00e1kom \u010do pon\u00faknu\u0165. Cie\u013eom je predstavi\u0165 juh Moravy ako pr\u00edvetiv\u00fa destin\u00e1ciu, ktor\u00e1 okrem turisticky atrakt\u00edvnych miest pon\u00faka nezabudnute\u013en\u00e9 z\u00e1\u017eitky a vysok\u00fa \u00farove\u0148 poskytovan\u00fdch slu\u017eieb, &#8222;upres\u0148uje z\u00e1mer riadite\u013eka centr\u00e1ly cestovn\u00e9ho ruchu-Ju\u017enej Morava Pavla Pel\u00e1nov\u00e1. &#8222;Cel\u00fd regi\u00f3n sa v posledn\u00fdch rokoch v\u00fdrazne posunul \u010do do rozsahu aj kvality ponuky cie\u013eov a slu\u017eieb pre turistov, &#8222;dop\u013a\u0148a Pel\u00e1nov\u00e1.<\/p>\n<p><strong>Gourmet Ju\u017en\u00e1 Morava<\/strong><\/p>\n<p>\u00daspe\u0161n\u00fd projekt realizovan\u00fd od roku 2016 v Brne, sa v tomto roku roz\u0161iruje na cel\u00fd juhomoravsk\u00fd regi\u00f3n. Jeho cie\u013eom je poskytn\u00fa\u0165 turistom tipy na gastronomick\u00e9 podniky, aby mohli ochutna\u0165 to<\/p>\n<p>najlep\u0161ie, \u010do regi\u00f3n pon\u00faka. V\u00fdznamn\u00e9 osobnosti juhomoravsk\u00e9ho regi\u00f3nu najprv nominovali najlep\u0161ie gastronomick\u00e9 podniky v 5 kateg\u00f3ri\u00e1ch: re\u0161taur\u00e1cie, bistro, kaviare\u0148 + cukr\u00e1re\u0148, pivovar + piv\u00e1re\u0148 a vin\u00e1rstvo + v\u00ednnej gal\u00e9rie. Tie n\u00e1sledne preverila a ohodnotila komisia 15 odborn\u00edkov nielen z\u00a0\u010ceskej republiky. V kateg\u00f3rii re\u0161taur\u00e1ci\u00ed hodnotil napr\u00edklad zn\u00e1my \u010desk\u00fd \u0161\u00e9fkuch\u00e1r Roman Paulus, v\u00a0kateg\u00f3rii pivovarov a\u00a0pivn\u00edc, rak\u00fasky odborn\u00edk Conrad Seidl, alias pivn\u00e9 p\u00e1pe\u017e, v kateg\u00f3rii bistier zase novin\u00e1rka z britsk\u00e9ho denn\u00edka The Independent &#8211; \u00a0Shelley Rubenstein. Gourmet Brno + Ju\u017en\u00e1 Morava 2019 bude ofici\u00e1lne predstaven\u00fd na konci j\u00fana (vyhl\u00e1senie prebehne 20. j\u00fana) a v\u0161etky inform\u00e1cie bud\u00fa dostupn\u00e9 na str\u00e1nkach www.gourmetjiznimorava.cz (za Ju\u017en\u00fa Moravu) a www.gotobrno.cz (za Brno).<\/p>\n<p><strong>Regi\u00f3n mal\u00fdch pivovarov<\/strong><\/p>\n<p>96% v\u00ednnej produkcie \u010ceskej republiky poch\u00e1dza pr\u00e1ve z ju\u017enej Moravy. Tento typick\u00fd vin\u00e1rsky regi\u00f3n, chce v\u0161ak novo oslovi\u0165 milovn\u00edkov piva a pivovarn\u00edctvo. Pivn\u00e9 sl\u00e1vnosti, expoz\u00edcie a prehliadky minipivovarov s\u00fa predov\u0161etk\u00fdm dom\u00e9nou pohrani\u010dn\u00fdch oblast\u00ed Znojemska a Slov\u00e1cka. T\u00e9ma v\u0161ak prep\u00e1ja cel\u00fd Juhomoravsk\u00fd kraj, kraj s najv\u00e4\u010d\u0161\u00edm po\u010dtom mal\u00fdch pivovarov v \u010ceskej republike.<\/p>\n<p style=\"text-align: center;\"><img decoding=\"async\" class=\"aligncenter\" src=\"https:\/\/slovaklinesmagazin.sk\/cms\/wp-content\/uploads\/2019\/06\/Bar-ktery-neexistuje_FOTO-archiv-Baru-ktery-neexistuje-1-1024x683.jpg\" \/>Bar ktery neexistuje<br \/>\nfoto archiv Baru ktery neexistuje<\/p>\n<p><strong>Pr\u00edklad najbli\u017e\u0161ej akcie spojen\u00e9 s pivom:<\/strong><\/p>\n<p>Pivn\u00e9 sl\u00e1vnosti Znojmo 8. 6. 2019<\/p>\n<p>Nielen pivo uvaren\u00e9 v znojemskom mestskom pivovare, ale aj vzorky z \u010fal\u0161\u00edch, ako je Drot\u00e1r, pivovar Hnanice, pivovar Slim\u00e1k, hasi\u010dsk\u00fd pivovar B\u00edtov \u010di Minipivovar u\u00a0Dyje, m\u00f4\u017eete v jeden de\u0148<\/p>\n<p>ochutna\u0165 v centre Znojma.<\/p>\n<p><strong>\u0160port a adrenal\u00edn pre n\u00e1ru\u017eiv\u00fdch \u0161portovcov i rodiny s de\u0165mi<\/strong><\/p>\n<p>Dom\u00e9nou oblasti je sie\u0165 zna\u010den\u00fdch cyklistick\u00fdch tr\u00e1s, ktor\u00e9 sp\u00e1jaj\u00fa najatrakt\u00edvnej\u0161ie turistick\u00e9 ciele.<\/p>\n<p>Ob\u013e\u00faben\u00e9 s\u00fa najm\u00e4 moravsk\u00e9 vin\u00e1rske cyklotrasy (www.stezky.cz) &#8211; 1200 km dlh\u00e1 sie\u0165 zna\u010den\u00fdch vin\u00e1rskych cyklotr\u00e1s, ktor\u00e9 turistu ved\u00fa juhomoravskou krajinou, medzi vinohradmi od Znojma a\u017e po Slov\u00e1cko. Pre milovn\u00edkov n\u00e1ro\u010dnej\u0161\u00edch ter\u00e9no, v s\u00fa v regi\u00f3ne novo vybudovan\u00e9 singletraily v Moravskom krase, v okol\u00ed Brna a na Slov\u00e1cku. Medzi origin\u00e1lne \u0161portov\u00e9 a adrenal\u00ednov\u00e9 aktivity patr\u00ed jaskynn\u00e9 speleoferraty, prev\u00e1dzkovan\u00e9 v Moravskom krase. Autentick\u00fa n\u00e1v\u0161tevu verejne nepr\u00edstupn\u00fdch jaskynn\u00fdch syst\u00e9mov so sprievodcom mo\u017eno absolvova\u0165 v nieko\u013ek\u00fdch \u00farovniach ob\u0165a\u017enosti. Je to skuto\u010dne ve\u013ek\u00fd z\u00e1\u017eitok. \u00dapln\u00e1 tma, iba svetlo va\u0161eho svietidla na \u010dele, \u00fazke priestory, \u0161trbiny, \u0161plhanie, plazenie. Spozn\u00e1te Moravsk\u00fd kras z \u00faplne in\u00e9ho uhla!<\/p>\n<p style=\"text-align: center;\"><img decoding=\"async\" class=\"aligncenter\" src=\"https:\/\/slovaklinesmagazin.sk\/cms\/wp-content\/uploads\/2019\/06\/cyklo-vino-jizni-Morava_FOTO-David-Marvan-CzechTourism-2-1024x573.jpg\" \/>Cykloskupina u V\u011bt\u0159\u00e1ku<\/p>\n<p><strong>Folkl\u00f3r, ktor\u00fd bav\u00ed<\/strong><\/p>\n<p>Tradi\u010dn\u00e1 \u013eudov\u00e1 kult\u00fara juhov\u00fdchodnej \u010dasti kraja zvanej Slov\u00e1cko, patr\u00ed medzi najv\u00e4\u010d\u0161ie l\u00e1kadl\u00e1 tejto oblasti.<\/p>\n<p>Slov\u00e1cko je hrd\u00e9 na svoje folkl\u00f3rne trad\u00edcie, v\u0161etky gener\u00e1cie od mlad\u00fdch a\u017e po tie najstar\u0161ie, udr\u017euje tradi\u010dn\u00e9 folkl\u00f3rne zvyky. Obliekaj\u00fa sa do krojov, funguje tu cimb\u00e1lov\u00e1 muzika. Ka\u017edoro\u010dne tu prebiehaj\u00fa desiatky folkl\u00f3rnych sl\u00e1vnost\u00ed v ka\u017edej dedine.<\/p>\n<p><strong>Najv\u00e4\u010d\u0161\u00edm l\u00e1kadlom s\u00fa tento rok dve akcie:<\/strong><\/p>\n<p>Medzin\u00e1rodn\u00fd folkl\u00f3rny festival Str\u00e1\u017enice, ktor\u00fd sa organizuje ka\u017edoro\u010dne v poslednom j\u00fanovom<\/p>\n<p>V\u00edkendu. Tento rok teda 27. &#8211; 30. 6. v Str\u00e1\u017enici. Ide o prehliadku toho najlep\u0161ieho, \u010do pon\u00faka moravsk\u00fd i zahrani\u010dn\u00e9 folkl\u00f3r. Zlat\u00fdm klincom sl\u00e1vnost\u00ed je vyhl\u00e1senie najlep\u0161ieho tane\u010dn\u00edka Pre\u0161ova (tanec zap\u00edsan\u00fd v nehmotnom dedi\u010dstva UNESCO).<\/p>\n<p>V polovici augusta (15. &#8211; 18. 8.) sa m\u00f4\u017eu n\u00e1v\u0161tevn\u00edci te\u0161i\u0165 aj na Slov\u00e1ck\u00fd rok, ktor\u00fd sa kon\u00e1 v Kyjove, raz za \u0161tyri roky a jedn\u00e1 sa o najstar\u0161ie (od roku 1921) a z\u00e1rove\u0148 jednu z najviac nav\u0161tevovan\u00fdch \u013eudov\u00fdch sl\u00e1vnost\u00ed v \u010ceskej republike.<\/p>\n<p>&nbsp;<\/p>\n<p>Foto na titulke: Brno, foto Ale\u0161 Motejl, CzechTourism<\/p>\n<div id='gallery-1' class='gallery galleryid-83903 gallery-columns-3 gallery-size-large'><figure class='gallery-item'>\n\t\t\t<div class='gallery-icon landscape'>\n\t\t\t\t<a href='https:\/\/www.slovaklinesmagazin.sk\/cms\/2019\/06\/juzna-morava-sused-ktory-stoji-za-navstevu\/bar-ktery-neexistuje_foto-archiv-baru-ktery-neexistuje-1-2\/'><img loading=\"lazy\" decoding=\"async\" width=\"640\" height=\"427\" src=\"https:\/\/www.slovaklinesmagazin.sk\/cms\/wp-content\/uploads\/2019\/06\/Bar-ktery-neexistuje_FOTO-archiv-Baru-ktery-neexistuje-1-1-1024x683.jpg\" class=\"attachment-large size-large\" alt=\"\" aria-describedby=\"gallery-1-83908\" srcset=\"https:\/\/www.slovaklinesmagazin.sk\/cms\/wp-content\/uploads\/2019\/06\/Bar-ktery-neexistuje_FOTO-archiv-Baru-ktery-neexistuje-1-1-1024x683.jpg 1024w, https:\/\/www.slovaklinesmagazin.sk\/cms\/wp-content\/uploads\/2019\/06\/Bar-ktery-neexistuje_FOTO-archiv-Baru-ktery-neexistuje-1-1-300x200.jpg 300w, https:\/\/www.slovaklinesmagazin.sk\/cms\/wp-content\/uploads\/2019\/06\/Bar-ktery-neexistuje_FOTO-archiv-Baru-ktery-neexistuje-1-1-768x512.jpg 768w, https:\/\/www.slovaklinesmagazin.sk\/cms\/wp-content\/uploads\/2019\/06\/Bar-ktery-neexistuje_FOTO-archiv-Baru-ktery-neexistuje-1-1-600x400.jpg 600w, https:\/\/www.slovaklinesmagazin.sk\/cms\/wp-content\/uploads\/2019\/06\/Bar-ktery-neexistuje_FOTO-archiv-Baru-ktery-neexistuje-1-1-304x203.jpg 304w, https:\/\/www.slovaklinesmagazin.sk\/cms\/wp-content\/uploads\/2019\/06\/Bar-ktery-neexistuje_FOTO-archiv-Baru-ktery-neexistuje-1-1-296x197.jpg 296w\" sizes=\"auto, (max-width: 640px) 100vw, 640px\" \/><\/a>\n\t\t\t<\/div>\n\t\t\t\t<figcaption class='wp-caption-text gallery-caption' id='gallery-1-83908'>\n\t\t\t\tJi\u017en\u00ed Morava: soused, kter\u00fd stoj\u00ed za n\u00e1v\u0161t\u011bvu\n\t\t\t\t<\/figcaption><\/figure><figure class='gallery-item'>\n\t\t\t<div class='gallery-icon landscape'>\n\t\t\t\t<a href='https:\/\/www.slovaklinesmagazin.sk\/cms\/2019\/06\/juzna-morava-sused-ktory-stoji-za-navstevu\/brno_foto-ales-motejl-czechtourism-2\/'><img loading=\"lazy\" decoding=\"async\" width=\"640\" height=\"427\" src=\"https:\/\/www.slovaklinesmagazin.sk\/cms\/wp-content\/uploads\/2019\/06\/Brno_FOTO-Ale\u0161-Motejl-CzechTourism-1-1024x683.jpg\" class=\"attachment-large size-large\" alt=\"\" aria-describedby=\"gallery-1-83909\" srcset=\"https:\/\/www.slovaklinesmagazin.sk\/cms\/wp-content\/uploads\/2019\/06\/Brno_FOTO-Ale\u0161-Motejl-CzechTourism-1-1024x683.jpg 1024w, https:\/\/www.slovaklinesmagazin.sk\/cms\/wp-content\/uploads\/2019\/06\/Brno_FOTO-Ale\u0161-Motejl-CzechTourism-1-300x200.jpg 300w, https:\/\/www.slovaklinesmagazin.sk\/cms\/wp-content\/uploads\/2019\/06\/Brno_FOTO-Ale\u0161-Motejl-CzechTourism-1-768x513.jpg 768w, https:\/\/www.slovaklinesmagazin.sk\/cms\/wp-content\/uploads\/2019\/06\/Brno_FOTO-Ale\u0161-Motejl-CzechTourism-1-600x400.jpg 600w, https:\/\/www.slovaklinesmagazin.sk\/cms\/wp-content\/uploads\/2019\/06\/Brno_FOTO-Ale\u0161-Motejl-CzechTourism-1-304x203.jpg 304w, https:\/\/www.slovaklinesmagazin.sk\/cms\/wp-content\/uploads\/2019\/06\/Brno_FOTO-Ale\u0161-Motejl-CzechTourism-1-296x198.jpg 296w\" sizes=\"auto, (max-width: 640px) 100vw, 640px\" \/><\/a>\n\t\t\t<\/div>\n\t\t\t\t<figcaption class='wp-caption-text gallery-caption' id='gallery-1-83909'>\n\t\t\t\tJi\u017en\u00ed Morava: soused, kter\u00fd stoj\u00ed za n\u00e1v\u0161t\u011bvu\n\t\t\t\t<\/figcaption><\/figure><figure class='gallery-item'>\n\t\t\t<div class='gallery-icon landscape'>\n\t\t\t\t<a href='https:\/\/www.slovaklinesmagazin.sk\/cms\/2019\/06\/juzna-morava-sused-ktory-stoji-za-navstevu\/brno-biskupsky-dvur_foto-ladislav-renner-czechtourism\/'><img loading=\"lazy\" decoding=\"async\" width=\"640\" height=\"484\" src=\"https:\/\/www.slovaklinesmagazin.sk\/cms\/wp-content\/uploads\/2019\/06\/Brno-Biskupsky-dvur_FOTO-Ladislav-Renner-CzechTourism-1024x775.jpg\" class=\"attachment-large size-large\" alt=\"\" aria-describedby=\"gallery-1-83910\" srcset=\"https:\/\/www.slovaklinesmagazin.sk\/cms\/wp-content\/uploads\/2019\/06\/Brno-Biskupsky-dvur_FOTO-Ladislav-Renner-CzechTourism-1024x775.jpg 1024w, https:\/\/www.slovaklinesmagazin.sk\/cms\/wp-content\/uploads\/2019\/06\/Brno-Biskupsky-dvur_FOTO-Ladislav-Renner-CzechTourism-300x227.jpg 300w, https:\/\/www.slovaklinesmagazin.sk\/cms\/wp-content\/uploads\/2019\/06\/Brno-Biskupsky-dvur_FOTO-Ladislav-Renner-CzechTourism-768x581.jpg 768w, https:\/\/www.slovaklinesmagazin.sk\/cms\/wp-content\/uploads\/2019\/06\/Brno-Biskupsky-dvur_FOTO-Ladislav-Renner-CzechTourism-600x454.jpg 600w, https:\/\/www.slovaklinesmagazin.sk\/cms\/wp-content\/uploads\/2019\/06\/Brno-Biskupsky-dvur_FOTO-Ladislav-Renner-CzechTourism-304x230.jpg 304w, https:\/\/www.slovaklinesmagazin.sk\/cms\/wp-content\/uploads\/2019\/06\/Brno-Biskupsky-dvur_FOTO-Ladislav-Renner-CzechTourism-296x224.jpg 296w\" sizes=\"auto, (max-width: 640px) 100vw, 640px\" \/><\/a>\n\t\t\t<\/div>\n\t\t\t\t<figcaption class='wp-caption-text gallery-caption' id='gallery-1-83910'>\n\t\t\t\tJi\u017en\u00ed Morava: soused, kter\u00fd stoj\u00ed za n\u00e1v\u0161t\u011bvu\n\t\t\t\t<\/figcaption><\/figure><figure class='gallery-item'>\n\t\t\t<div class='gallery-icon landscape'>\n\t\t\t\t<a href='https:\/\/www.slovaklinesmagazin.sk\/cms\/2019\/06\/juzna-morava-sused-ktory-stoji-za-navstevu\/brno-casosotroj_foto-pavel-gabzdyl-czechtourism\/'><img loading=\"lazy\" decoding=\"async\" width=\"640\" height=\"423\" src=\"https:\/\/www.slovaklinesmagazin.sk\/cms\/wp-content\/uploads\/2019\/06\/Brno-\u010casosotroj_FOTO-Pavel-Gabzdyl-CzechTourism-1024x677.jpg\" class=\"attachment-large size-large\" alt=\"\" aria-describedby=\"gallery-1-83911\" srcset=\"https:\/\/www.slovaklinesmagazin.sk\/cms\/wp-content\/uploads\/2019\/06\/Brno-\u010casosotroj_FOTO-Pavel-Gabzdyl-CzechTourism-1024x677.jpg 1024w, https:\/\/www.slovaklinesmagazin.sk\/cms\/wp-content\/uploads\/2019\/06\/Brno-\u010casosotroj_FOTO-Pavel-Gabzdyl-CzechTourism-300x198.jpg 300w, https:\/\/www.slovaklinesmagazin.sk\/cms\/wp-content\/uploads\/2019\/06\/Brno-\u010casosotroj_FOTO-Pavel-Gabzdyl-CzechTourism-768x508.jpg 768w, https:\/\/www.slovaklinesmagazin.sk\/cms\/wp-content\/uploads\/2019\/06\/Brno-\u010casosotroj_FOTO-Pavel-Gabzdyl-CzechTourism-600x397.jpg 600w, https:\/\/www.slovaklinesmagazin.sk\/cms\/wp-content\/uploads\/2019\/06\/Brno-\u010casosotroj_FOTO-Pavel-Gabzdyl-CzechTourism-304x201.jpg 304w, https:\/\/www.slovaklinesmagazin.sk\/cms\/wp-content\/uploads\/2019\/06\/Brno-\u010casosotroj_FOTO-Pavel-Gabzdyl-CzechTourism-296x196.jpg 296w\" sizes=\"auto, (max-width: 640px) 100vw, 640px\" \/><\/a>\n\t\t\t<\/div>\n\t\t\t\t<figcaption class='wp-caption-text gallery-caption' id='gallery-1-83911'>\n\t\t\t\tJi\u017en\u00ed Morava: soused, kter\u00fd stoj\u00ed za n\u00e1v\u0161t\u011bvu\n\t\t\t\t<\/figcaption><\/figure><figure class='gallery-item'>\n\t\t\t<div class='gallery-icon landscape'>\n\t\t\t\t<a href='https:\/\/www.slovaklinesmagazin.sk\/cms\/2019\/06\/juzna-morava-sused-ktory-stoji-za-navstevu\/brno-jakubske-namesti-vycep-na-stojaka_foto-pavel-gabzdyl-czechtourism\/'><img loading=\"lazy\" decoding=\"async\" width=\"640\" height=\"427\" src=\"https:\/\/www.slovaklinesmagazin.sk\/cms\/wp-content\/uploads\/2019\/06\/Brno-Jakubske-namesti-Vycep-Na-stojaka_FOTO-Pavel-Gabzdyl-CzechTourism-1024x683.jpg\" class=\"attachment-large size-large\" alt=\"\" aria-describedby=\"gallery-1-83912\" srcset=\"https:\/\/www.slovaklinesmagazin.sk\/cms\/wp-content\/uploads\/2019\/06\/Brno-Jakubske-namesti-Vycep-Na-stojaka_FOTO-Pavel-Gabzdyl-CzechTourism-1024x683.jpg 1024w, https:\/\/www.slovaklinesmagazin.sk\/cms\/wp-content\/uploads\/2019\/06\/Brno-Jakubske-namesti-Vycep-Na-stojaka_FOTO-Pavel-Gabzdyl-CzechTourism-300x200.jpg 300w, https:\/\/www.slovaklinesmagazin.sk\/cms\/wp-content\/uploads\/2019\/06\/Brno-Jakubske-namesti-Vycep-Na-stojaka_FOTO-Pavel-Gabzdyl-CzechTourism-768x512.jpg 768w, https:\/\/www.slovaklinesmagazin.sk\/cms\/wp-content\/uploads\/2019\/06\/Brno-Jakubske-namesti-Vycep-Na-stojaka_FOTO-Pavel-Gabzdyl-CzechTourism-600x400.jpg 600w, https:\/\/www.slovaklinesmagazin.sk\/cms\/wp-content\/uploads\/2019\/06\/Brno-Jakubske-namesti-Vycep-Na-stojaka_FOTO-Pavel-Gabzdyl-CzechTourism-304x203.jpg 304w, https:\/\/www.slovaklinesmagazin.sk\/cms\/wp-content\/uploads\/2019\/06\/Brno-Jakubske-namesti-Vycep-Na-stojaka_FOTO-Pavel-Gabzdyl-CzechTourism-296x197.jpg 296w\" sizes=\"auto, (max-width: 640px) 100vw, 640px\" \/><\/a>\n\t\t\t<\/div>\n\t\t\t\t<figcaption class='wp-caption-text gallery-caption' id='gallery-1-83912'>\n\t\t\t\tJi\u017en\u00ed Morava: soused, kter\u00fd stoj\u00ed za n\u00e1v\u0161t\u011bvu\n\t\t\t\t<\/figcaption><\/figure><figure class='gallery-item'>\n\t\t\t<div class='gallery-icon landscape'>\n\t\t\t\t<a href='https:\/\/www.slovaklinesmagazin.sk\/cms\/2019\/06\/juzna-morava-sused-ktory-stoji-za-navstevu\/brno-janackovo_divadlo_foto-statutarni-mesto-brno\/'><img loading=\"lazy\" decoding=\"async\" width=\"640\" height=\"406\" src=\"https:\/\/www.slovaklinesmagazin.sk\/cms\/wp-content\/uploads\/2019\/06\/Brno-Janackovo_divadlo_FOTO-Statut\u00e1rn\u00ed-m\u011bsto-Brno-1024x649.jpg\" class=\"attachment-large size-large\" alt=\"\" aria-describedby=\"gallery-1-83913\" srcset=\"https:\/\/www.slovaklinesmagazin.sk\/cms\/wp-content\/uploads\/2019\/06\/Brno-Janackovo_divadlo_FOTO-Statut\u00e1rn\u00ed-m\u011bsto-Brno-1024x649.jpg 1024w, https:\/\/www.slovaklinesmagazin.sk\/cms\/wp-content\/uploads\/2019\/06\/Brno-Janackovo_divadlo_FOTO-Statut\u00e1rn\u00ed-m\u011bsto-Brno-300x190.jpg 300w, https:\/\/www.slovaklinesmagazin.sk\/cms\/wp-content\/uploads\/2019\/06\/Brno-Janackovo_divadlo_FOTO-Statut\u00e1rn\u00ed-m\u011bsto-Brno-768x487.jpg 768w, https:\/\/www.slovaklinesmagazin.sk\/cms\/wp-content\/uploads\/2019\/06\/Brno-Janackovo_divadlo_FOTO-Statut\u00e1rn\u00ed-m\u011bsto-Brno-600x380.jpg 600w, https:\/\/www.slovaklinesmagazin.sk\/cms\/wp-content\/uploads\/2019\/06\/Brno-Janackovo_divadlo_FOTO-Statut\u00e1rn\u00ed-m\u011bsto-Brno-304x193.jpg 304w, https:\/\/www.slovaklinesmagazin.sk\/cms\/wp-content\/uploads\/2019\/06\/Brno-Janackovo_divadlo_FOTO-Statut\u00e1rn\u00ed-m\u011bsto-Brno-296x188.jpg 296w\" sizes=\"auto, (max-width: 640px) 100vw, 640px\" \/><\/a>\n\t\t\t<\/div>\n\t\t\t\t<figcaption class='wp-caption-text gallery-caption' id='gallery-1-83913'>\n\t\t\t\tJi\u017en\u00ed Morava: soused, kter\u00fd stoj\u00ed za n\u00e1v\u0161t\u011bvu\n\t\t\t\t<\/figcaption><\/figure><figure class='gallery-item'>\n\t\t\t<div class='gallery-icon landscape'>\n\t\t\t\t<a href='https:\/\/www.slovaklinesmagazin.sk\/cms\/2019\/06\/juzna-morava-sused-ktory-stoji-za-navstevu\/brno-katedrala_foto-libor-svacek-czechtourism-2\/'><img loading=\"lazy\" decoding=\"async\" width=\"640\" height=\"396\" src=\"https:\/\/www.slovaklinesmagazin.sk\/cms\/wp-content\/uploads\/2019\/06\/Brno-katedrala_FOTO-Libor-Sv\u00e1\u010dek-CzechTourism-2-1024x634.jpg\" class=\"attachment-large size-large\" alt=\"\" aria-describedby=\"gallery-1-83914\" srcset=\"https:\/\/www.slovaklinesmagazin.sk\/cms\/wp-content\/uploads\/2019\/06\/Brno-katedrala_FOTO-Libor-Sv\u00e1\u010dek-CzechTourism-2-1024x634.jpg 1024w, https:\/\/www.slovaklinesmagazin.sk\/cms\/wp-content\/uploads\/2019\/06\/Brno-katedrala_FOTO-Libor-Sv\u00e1\u010dek-CzechTourism-2-300x186.jpg 300w, https:\/\/www.slovaklinesmagazin.sk\/cms\/wp-content\/uploads\/2019\/06\/Brno-katedrala_FOTO-Libor-Sv\u00e1\u010dek-CzechTourism-2-768x476.jpg 768w, https:\/\/www.slovaklinesmagazin.sk\/cms\/wp-content\/uploads\/2019\/06\/Brno-katedrala_FOTO-Libor-Sv\u00e1\u010dek-CzechTourism-2-600x372.jpg 600w, https:\/\/www.slovaklinesmagazin.sk\/cms\/wp-content\/uploads\/2019\/06\/Brno-katedrala_FOTO-Libor-Sv\u00e1\u010dek-CzechTourism-2-304x188.jpg 304w, https:\/\/www.slovaklinesmagazin.sk\/cms\/wp-content\/uploads\/2019\/06\/Brno-katedrala_FOTO-Libor-Sv\u00e1\u010dek-CzechTourism-2-296x183.jpg 296w\" sizes=\"auto, (max-width: 640px) 100vw, 640px\" \/><\/a>\n\t\t\t<\/div>\n\t\t\t\t<figcaption class='wp-caption-text gallery-caption' id='gallery-1-83914'>\n\t\t\t\tJi\u017en\u00ed Morava: soused, kter\u00fd stoj\u00ed za n\u00e1v\u0161t\u011bvu\n\t\t\t\t<\/figcaption><\/figure><figure class='gallery-item'>\n\t\t\t<div class='gallery-icon landscape'>\n\t\t\t\t<a href='https:\/\/www.slovaklinesmagazin.sk\/cms\/2019\/06\/juzna-morava-sused-ktory-stoji-za-navstevu\/brno-nightlife_foto-studio-petrohrad-2\/'><img loading=\"lazy\" decoding=\"async\" width=\"640\" height=\"486\" src=\"https:\/\/www.slovaklinesmagazin.sk\/cms\/wp-content\/uploads\/2019\/06\/Brno-Nightlife_FOTO-Studio-Petrohrad-2-1024x777.jpg\" class=\"attachment-large size-large\" alt=\"\" aria-describedby=\"gallery-1-83915\" srcset=\"https:\/\/www.slovaklinesmagazin.sk\/cms\/wp-content\/uploads\/2019\/06\/Brno-Nightlife_FOTO-Studio-Petrohrad-2-1024x777.jpg 1024w, https:\/\/www.slovaklinesmagazin.sk\/cms\/wp-content\/uploads\/2019\/06\/Brno-Nightlife_FOTO-Studio-Petrohrad-2-300x228.jpg 300w, https:\/\/www.slovaklinesmagazin.sk\/cms\/wp-content\/uploads\/2019\/06\/Brno-Nightlife_FOTO-Studio-Petrohrad-2-768x583.jpg 768w, https:\/\/www.slovaklinesmagazin.sk\/cms\/wp-content\/uploads\/2019\/06\/Brno-Nightlife_FOTO-Studio-Petrohrad-2-600x455.jpg 600w, https:\/\/www.slovaklinesmagazin.sk\/cms\/wp-content\/uploads\/2019\/06\/Brno-Nightlife_FOTO-Studio-Petrohrad-2-304x231.jpg 304w, https:\/\/www.slovaklinesmagazin.sk\/cms\/wp-content\/uploads\/2019\/06\/Brno-Nightlife_FOTO-Studio-Petrohrad-2-296x225.jpg 296w\" sizes=\"auto, (max-width: 640px) 100vw, 640px\" \/><\/a>\n\t\t\t<\/div>\n\t\t\t\t<figcaption class='wp-caption-text gallery-caption' id='gallery-1-83915'>\n\t\t\t\tJi\u017en\u00ed Morava: soused, kter\u00fd stoj\u00ed za n\u00e1v\u0161t\u011bvu\n\t\t\t\t<\/figcaption><\/figure><figure class='gallery-item'>\n\t\t\t<div class='gallery-icon portrait'>\n\t\t\t\t<a href='https:\/\/www.slovaklinesmagazin.sk\/cms\/2019\/06\/juzna-morava-sused-ktory-stoji-za-navstevu\/brno-nightlife_foto-studio-petrohrad-6\/'><img loading=\"lazy\" decoding=\"async\" width=\"640\" height=\"853\" src=\"https:\/\/www.slovaklinesmagazin.sk\/cms\/wp-content\/uploads\/2019\/06\/Brno-Nightlife_FOTO-Studio-Petrohrad-6-768x1024.jpg\" class=\"attachment-large size-large\" alt=\"\" aria-describedby=\"gallery-1-83916\" srcset=\"https:\/\/www.slovaklinesmagazin.sk\/cms\/wp-content\/uploads\/2019\/06\/Brno-Nightlife_FOTO-Studio-Petrohrad-6-768x1024.jpg 768w, https:\/\/www.slovaklinesmagazin.sk\/cms\/wp-content\/uploads\/2019\/06\/Brno-Nightlife_FOTO-Studio-Petrohrad-6-225x300.jpg 225w, https:\/\/www.slovaklinesmagazin.sk\/cms\/wp-content\/uploads\/2019\/06\/Brno-Nightlife_FOTO-Studio-Petrohrad-6-600x800.jpg 600w, https:\/\/www.slovaklinesmagazin.sk\/cms\/wp-content\/uploads\/2019\/06\/Brno-Nightlife_FOTO-Studio-Petrohrad-6-304x405.jpg 304w, https:\/\/www.slovaklinesmagazin.sk\/cms\/wp-content\/uploads\/2019\/06\/Brno-Nightlife_FOTO-Studio-Petrohrad-6-296x395.jpg 296w, https:\/\/www.slovaklinesmagazin.sk\/cms\/wp-content\/uploads\/2019\/06\/Brno-Nightlife_FOTO-Studio-Petrohrad-6.jpg 2000w\" sizes=\"auto, (max-width: 640px) 100vw, 640px\" \/><\/a>\n\t\t\t<\/div>\n\t\t\t\t<figcaption class='wp-caption-text gallery-caption' id='gallery-1-83916'>\n\t\t\t\tJi\u017en\u00ed Morava: soused, kter\u00fd stoj\u00ed za n\u00e1v\u0161t\u011bvu\n\t\t\t\t<\/figcaption><\/figure><figure class='gallery-item'>\n\t\t\t<div class='gallery-icon landscape'>\n\t\t\t\t<a href='https:\/\/www.slovaklinesmagazin.sk\/cms\/2019\/06\/juzna-morava-sused-ktory-stoji-za-navstevu\/brno-panorama-vezi_foto-jiri-kruzik-czechtourism\/'><img loading=\"lazy\" decoding=\"async\" width=\"640\" height=\"310\" src=\"https:\/\/www.slovaklinesmagazin.sk\/cms\/wp-content\/uploads\/2019\/06\/Brno\u2013panorama-v\u011b\u017e\u00ed_FOTO-Ji\u0159\u00ed-Kru\u017e\u00edk-CzechTourism-1024x496.jpg\" class=\"attachment-large size-large\" alt=\"\" aria-describedby=\"gallery-1-83917\" srcset=\"https:\/\/www.slovaklinesmagazin.sk\/cms\/wp-content\/uploads\/2019\/06\/Brno\u2013panorama-v\u011b\u017e\u00ed_FOTO-Ji\u0159\u00ed-Kru\u017e\u00edk-CzechTourism-1024x496.jpg 1024w, https:\/\/www.slovaklinesmagazin.sk\/cms\/wp-content\/uploads\/2019\/06\/Brno\u2013panorama-v\u011b\u017e\u00ed_FOTO-Ji\u0159\u00ed-Kru\u017e\u00edk-CzechTourism-300x145.jpg 300w, https:\/\/www.slovaklinesmagazin.sk\/cms\/wp-content\/uploads\/2019\/06\/Brno\u2013panorama-v\u011b\u017e\u00ed_FOTO-Ji\u0159\u00ed-Kru\u017e\u00edk-CzechTourism-768x372.jpg 768w, https:\/\/www.slovaklinesmagazin.sk\/cms\/wp-content\/uploads\/2019\/06\/Brno\u2013panorama-v\u011b\u017e\u00ed_FOTO-Ji\u0159\u00ed-Kru\u017e\u00edk-CzechTourism-600x291.jpg 600w, https:\/\/www.slovaklinesmagazin.sk\/cms\/wp-content\/uploads\/2019\/06\/Brno\u2013panorama-v\u011b\u017e\u00ed_FOTO-Ji\u0159\u00ed-Kru\u017e\u00edk-CzechTourism-304x147.jpg 304w, https:\/\/www.slovaklinesmagazin.sk\/cms\/wp-content\/uploads\/2019\/06\/Brno\u2013panorama-v\u011b\u017e\u00ed_FOTO-Ji\u0159\u00ed-Kru\u017e\u00edk-CzechTourism-296x144.jpg 296w\" sizes=\"auto, (max-width: 640px) 100vw, 640px\" \/><\/a>\n\t\t\t<\/div>\n\t\t\t\t<figcaption class='wp-caption-text gallery-caption' id='gallery-1-83917'>\n\t\t\t\tJi\u017en\u00ed Morava: soused, kter\u00fd stoj\u00ed za n\u00e1v\u0161t\u011bvu\n\t\t\t\t<\/figcaption><\/figure><figure class='gallery-item'>\n\t\t\t<div class='gallery-icon landscape'>\n\t\t\t\t<a href='https:\/\/www.slovaklinesmagazin.sk\/cms\/2019\/06\/juzna-morava-sused-ktory-stoji-za-navstevu\/brno-spilberk_foto-gabzdyl-statutarni-mesto-brno-1\/'><img loading=\"lazy\" decoding=\"async\" width=\"640\" height=\"311\" src=\"https:\/\/www.slovaklinesmagazin.sk\/cms\/wp-content\/uploads\/2019\/06\/Brno-Spilberk_FOTO-Gabzdyl-Statut\u00e1rn\u00ed-m\u011bsto-Brno-1-1024x498.jpg\" class=\"attachment-large size-large\" alt=\"\" aria-describedby=\"gallery-1-83918\" srcset=\"https:\/\/www.slovaklinesmagazin.sk\/cms\/wp-content\/uploads\/2019\/06\/Brno-Spilberk_FOTO-Gabzdyl-Statut\u00e1rn\u00ed-m\u011bsto-Brno-1-1024x498.jpg 1024w, https:\/\/www.slovaklinesmagazin.sk\/cms\/wp-content\/uploads\/2019\/06\/Brno-Spilberk_FOTO-Gabzdyl-Statut\u00e1rn\u00ed-m\u011bsto-Brno-1-300x146.jpg 300w, https:\/\/www.slovaklinesmagazin.sk\/cms\/wp-content\/uploads\/2019\/06\/Brno-Spilberk_FOTO-Gabzdyl-Statut\u00e1rn\u00ed-m\u011bsto-Brno-1-768x373.jpg 768w, https:\/\/www.slovaklinesmagazin.sk\/cms\/wp-content\/uploads\/2019\/06\/Brno-Spilberk_FOTO-Gabzdyl-Statut\u00e1rn\u00ed-m\u011bsto-Brno-1-600x292.jpg 600w, https:\/\/www.slovaklinesmagazin.sk\/cms\/wp-content\/uploads\/2019\/06\/Brno-Spilberk_FOTO-Gabzdyl-Statut\u00e1rn\u00ed-m\u011bsto-Brno-1-304x148.jpg 304w, https:\/\/www.slovaklinesmagazin.sk\/cms\/wp-content\/uploads\/2019\/06\/Brno-Spilberk_FOTO-Gabzdyl-Statut\u00e1rn\u00ed-m\u011bsto-Brno-1-296x144.jpg 296w, https:\/\/www.slovaklinesmagazin.sk\/cms\/wp-content\/uploads\/2019\/06\/Brno-Spilberk_FOTO-Gabzdyl-Statut\u00e1rn\u00ed-m\u011bsto-Brno-1.jpg 2048w\" sizes=\"auto, (max-width: 640px) 100vw, 640px\" \/><\/a>\n\t\t\t<\/div>\n\t\t\t\t<figcaption class='wp-caption-text gallery-caption' id='gallery-1-83918'>\n\t\t\t\tJi\u017en\u00ed Morava: soused, kter\u00fd stoj\u00ed za n\u00e1v\u0161t\u011bvu\n\t\t\t\t<\/figcaption><\/figure><figure class='gallery-item'>\n\t\t\t<div class='gallery-icon landscape'>\n\t\t\t\t<a href='https:\/\/www.slovaklinesmagazin.sk\/cms\/2019\/06\/juzna-morava-sused-ktory-stoji-za-navstevu\/brno-tramvaje_foto-pavel-gabzdyl-czechtourism\/'><img loading=\"lazy\" decoding=\"async\" width=\"640\" height=\"427\" src=\"https:\/\/www.slovaklinesmagazin.sk\/cms\/wp-content\/uploads\/2019\/06\/Brno-Tramvaje_FOTO-Pavel-Gabzdyl-CzechTourism-1024x683.jpg\" class=\"attachment-large size-large\" alt=\"\" aria-describedby=\"gallery-1-83919\" srcset=\"https:\/\/www.slovaklinesmagazin.sk\/cms\/wp-content\/uploads\/2019\/06\/Brno-Tramvaje_FOTO-Pavel-Gabzdyl-CzechTourism-1024x683.jpg 1024w, https:\/\/www.slovaklinesmagazin.sk\/cms\/wp-content\/uploads\/2019\/06\/Brno-Tramvaje_FOTO-Pavel-Gabzdyl-CzechTourism-300x200.jpg 300w, https:\/\/www.slovaklinesmagazin.sk\/cms\/wp-content\/uploads\/2019\/06\/Brno-Tramvaje_FOTO-Pavel-Gabzdyl-CzechTourism-768x512.jpg 768w, https:\/\/www.slovaklinesmagazin.sk\/cms\/wp-content\/uploads\/2019\/06\/Brno-Tramvaje_FOTO-Pavel-Gabzdyl-CzechTourism-600x400.jpg 600w, https:\/\/www.slovaklinesmagazin.sk\/cms\/wp-content\/uploads\/2019\/06\/Brno-Tramvaje_FOTO-Pavel-Gabzdyl-CzechTourism-304x203.jpg 304w, https:\/\/www.slovaklinesmagazin.sk\/cms\/wp-content\/uploads\/2019\/06\/Brno-Tramvaje_FOTO-Pavel-Gabzdyl-CzechTourism-296x197.jpg 296w\" sizes=\"auto, (max-width: 640px) 100vw, 640px\" \/><\/a>\n\t\t\t<\/div>\n\t\t\t\t<figcaption class='wp-caption-text gallery-caption' id='gallery-1-83919'>\n\t\t\t\tJi\u017en\u00ed Morava: soused, kter\u00fd stoj\u00ed za n\u00e1v\u0161t\u011bvu\n\t\t\t\t<\/figcaption><\/figure><figure class='gallery-item'>\n\t\t\t<div class='gallery-icon landscape'>\n\t\t\t\t<a href='https:\/\/www.slovaklinesmagazin.sk\/cms\/2019\/06\/juzna-morava-sused-ktory-stoji-za-navstevu\/brno-zelny_trh_foto-gabzdyl-statutarni-mesto-brno-1\/'><img loading=\"lazy\" decoding=\"async\" width=\"640\" height=\"427\" src=\"https:\/\/www.slovaklinesmagazin.sk\/cms\/wp-content\/uploads\/2019\/06\/Brno-Zelny_trh_FOTO-Gabzdyl-Statut\u00e1rn\u00ed-m\u011bsto-Brno-1-1024x683.jpg\" class=\"attachment-large size-large\" alt=\"\" aria-describedby=\"gallery-1-83920\" srcset=\"https:\/\/www.slovaklinesmagazin.sk\/cms\/wp-content\/uploads\/2019\/06\/Brno-Zelny_trh_FOTO-Gabzdyl-Statut\u00e1rn\u00ed-m\u011bsto-Brno-1-1024x683.jpg 1024w, https:\/\/www.slovaklinesmagazin.sk\/cms\/wp-content\/uploads\/2019\/06\/Brno-Zelny_trh_FOTO-Gabzdyl-Statut\u00e1rn\u00ed-m\u011bsto-Brno-1-300x200.jpg 300w, https:\/\/www.slovaklinesmagazin.sk\/cms\/wp-content\/uploads\/2019\/06\/Brno-Zelny_trh_FOTO-Gabzdyl-Statut\u00e1rn\u00ed-m\u011bsto-Brno-1-768x512.jpg 768w, https:\/\/www.slovaklinesmagazin.sk\/cms\/wp-content\/uploads\/2019\/06\/Brno-Zelny_trh_FOTO-Gabzdyl-Statut\u00e1rn\u00ed-m\u011bsto-Brno-1-600x400.jpg 600w, https:\/\/www.slovaklinesmagazin.sk\/cms\/wp-content\/uploads\/2019\/06\/Brno-Zelny_trh_FOTO-Gabzdyl-Statut\u00e1rn\u00ed-m\u011bsto-Brno-1-304x203.jpg 304w, https:\/\/www.slovaklinesmagazin.sk\/cms\/wp-content\/uploads\/2019\/06\/Brno-Zelny_trh_FOTO-Gabzdyl-Statut\u00e1rn\u00ed-m\u011bsto-Brno-1-296x197.jpg 296w, https:\/\/www.slovaklinesmagazin.sk\/cms\/wp-content\/uploads\/2019\/06\/Brno-Zelny_trh_FOTO-Gabzdyl-Statut\u00e1rn\u00ed-m\u011bsto-Brno-1.jpg 2048w\" sizes=\"auto, (max-width: 640px) 100vw, 640px\" \/><\/a>\n\t\t\t<\/div>\n\t\t\t\t<figcaption class='wp-caption-text gallery-caption' id='gallery-1-83920'>\n\t\t\t\tJi\u017en\u00ed Morava: soused, kter\u00fd stoj\u00ed za n\u00e1v\u0161t\u011bvu\n\t\t\t\t<\/figcaption><\/figure><figure class='gallery-item'>\n\t\t\t<div class='gallery-icon landscape'>\n\t\t\t\t<a href='https:\/\/www.slovaklinesmagazin.sk\/cms\/2019\/06\/juzna-morava-sused-ktory-stoji-za-navstevu\/brno-zelny_trh_foto-gabzdyl-statutarni-mesto-brno-2\/'><img loading=\"lazy\" decoding=\"async\" width=\"640\" height=\"360\" src=\"https:\/\/www.slovaklinesmagazin.sk\/cms\/wp-content\/uploads\/2019\/06\/Brno-Zelny_trh_FOTO-Gabzdyl-Statut\u00e1rn\u00ed-m\u011bsto-Brno-2-1024x576.jpg\" class=\"attachment-large size-large\" alt=\"\" aria-describedby=\"gallery-1-83921\" srcset=\"https:\/\/www.slovaklinesmagazin.sk\/cms\/wp-content\/uploads\/2019\/06\/Brno-Zelny_trh_FOTO-Gabzdyl-Statut\u00e1rn\u00ed-m\u011bsto-Brno-2-1024x576.jpg 1024w, https:\/\/www.slovaklinesmagazin.sk\/cms\/wp-content\/uploads\/2019\/06\/Brno-Zelny_trh_FOTO-Gabzdyl-Statut\u00e1rn\u00ed-m\u011bsto-Brno-2-300x169.jpg 300w, https:\/\/www.slovaklinesmagazin.sk\/cms\/wp-content\/uploads\/2019\/06\/Brno-Zelny_trh_FOTO-Gabzdyl-Statut\u00e1rn\u00ed-m\u011bsto-Brno-2-768x432.jpg 768w, https:\/\/www.slovaklinesmagazin.sk\/cms\/wp-content\/uploads\/2019\/06\/Brno-Zelny_trh_FOTO-Gabzdyl-Statut\u00e1rn\u00ed-m\u011bsto-Brno-2-600x338.jpg 600w, https:\/\/www.slovaklinesmagazin.sk\/cms\/wp-content\/uploads\/2019\/06\/Brno-Zelny_trh_FOTO-Gabzdyl-Statut\u00e1rn\u00ed-m\u011bsto-Brno-2-304x171.jpg 304w, https:\/\/www.slovaklinesmagazin.sk\/cms\/wp-content\/uploads\/2019\/06\/Brno-Zelny_trh_FOTO-Gabzdyl-Statut\u00e1rn\u00ed-m\u011bsto-Brno-2-296x167.jpg 296w, https:\/\/www.slovaklinesmagazin.sk\/cms\/wp-content\/uploads\/2019\/06\/Brno-Zelny_trh_FOTO-Gabzdyl-Statut\u00e1rn\u00ed-m\u011bsto-Brno-2.jpg 1920w\" sizes=\"auto, (max-width: 640px) 100vw, 640px\" \/><\/a>\n\t\t\t<\/div>\n\t\t\t\t<figcaption class='wp-caption-text gallery-caption' id='gallery-1-83921'>\n\t\t\t\tJi\u017en\u00ed Morava: soused, kter\u00fd stoj\u00ed za n\u00e1v\u0161t\u011bvu\n\t\t\t\t<\/figcaption><\/figure><figure class='gallery-item'>\n\t\t\t<div class='gallery-icon landscape'>\n\t\t\t\t<a href='https:\/\/www.slovaklinesmagazin.sk\/cms\/2019\/06\/juzna-morava-sused-ktory-stoji-za-navstevu\/cyklo-jizni_morava_foto-petr-slavik-czechtourism-1\/'><img loading=\"lazy\" decoding=\"async\" width=\"640\" height=\"389\" src=\"https:\/\/www.slovaklinesmagazin.sk\/cms\/wp-content\/uploads\/2019\/06\/cyklo-Jizni_Morava_FOTO-Petr-Slav\u00edk-CzechTourism-1-1024x622.jpg\" class=\"attachment-large size-large\" alt=\"\" aria-describedby=\"gallery-1-83922\" srcset=\"https:\/\/www.slovaklinesmagazin.sk\/cms\/wp-content\/uploads\/2019\/06\/cyklo-Jizni_Morava_FOTO-Petr-Slav\u00edk-CzechTourism-1-1024x622.jpg 1024w, https:\/\/www.slovaklinesmagazin.sk\/cms\/wp-content\/uploads\/2019\/06\/cyklo-Jizni_Morava_FOTO-Petr-Slav\u00edk-CzechTourism-1-300x182.jpg 300w, https:\/\/www.slovaklinesmagazin.sk\/cms\/wp-content\/uploads\/2019\/06\/cyklo-Jizni_Morava_FOTO-Petr-Slav\u00edk-CzechTourism-1-768x466.jpg 768w, https:\/\/www.slovaklinesmagazin.sk\/cms\/wp-content\/uploads\/2019\/06\/cyklo-Jizni_Morava_FOTO-Petr-Slav\u00edk-CzechTourism-1-600x364.jpg 600w, https:\/\/www.slovaklinesmagazin.sk\/cms\/wp-content\/uploads\/2019\/06\/cyklo-Jizni_Morava_FOTO-Petr-Slav\u00edk-CzechTourism-1-304x185.jpg 304w, https:\/\/www.slovaklinesmagazin.sk\/cms\/wp-content\/uploads\/2019\/06\/cyklo-Jizni_Morava_FOTO-Petr-Slav\u00edk-CzechTourism-1-296x180.jpg 296w\" sizes=\"auto, (max-width: 640px) 100vw, 640px\" \/><\/a>\n\t\t\t<\/div>\n\t\t\t\t<figcaption class='wp-caption-text gallery-caption' id='gallery-1-83922'>\n\t\t\t\tJi\u017en\u00ed Morava: soused, kter\u00fd stoj\u00ed za n\u00e1v\u0161t\u011bvu\n\t\t\t\t<\/figcaption><\/figure><figure class='gallery-item'>\n\t\t\t<div class='gallery-icon landscape'>\n\t\t\t\t<a href='https:\/\/www.slovaklinesmagazin.sk\/cms\/2019\/06\/juzna-morava-sused-ktory-stoji-za-navstevu\/cyklo-jizni_morava_foto-petr-slavik-czechtourism-2\/'><img loading=\"lazy\" decoding=\"async\" width=\"640\" height=\"427\" src=\"https:\/\/www.slovaklinesmagazin.sk\/cms\/wp-content\/uploads\/2019\/06\/cyklo-Jizni_Morava_FOTO-Petr-Slav\u00edk-CzechTourism-2-1024x683.jpg\" class=\"attachment-large size-large\" alt=\"\" aria-describedby=\"gallery-1-83923\" srcset=\"https:\/\/www.slovaklinesmagazin.sk\/cms\/wp-content\/uploads\/2019\/06\/cyklo-Jizni_Morava_FOTO-Petr-Slav\u00edk-CzechTourism-2-1024x683.jpg 1024w, https:\/\/www.slovaklinesmagazin.sk\/cms\/wp-content\/uploads\/2019\/06\/cyklo-Jizni_Morava_FOTO-Petr-Slav\u00edk-CzechTourism-2-300x200.jpg 300w, https:\/\/www.slovaklinesmagazin.sk\/cms\/wp-content\/uploads\/2019\/06\/cyklo-Jizni_Morava_FOTO-Petr-Slav\u00edk-CzechTourism-2-768x512.jpg 768w, https:\/\/www.slovaklinesmagazin.sk\/cms\/wp-content\/uploads\/2019\/06\/cyklo-Jizni_Morava_FOTO-Petr-Slav\u00edk-CzechTourism-2-600x400.jpg 600w, https:\/\/www.slovaklinesmagazin.sk\/cms\/wp-content\/uploads\/2019\/06\/cyklo-Jizni_Morava_FOTO-Petr-Slav\u00edk-CzechTourism-2-304x203.jpg 304w, https:\/\/www.slovaklinesmagazin.sk\/cms\/wp-content\/uploads\/2019\/06\/cyklo-Jizni_Morava_FOTO-Petr-Slav\u00edk-CzechTourism-2-296x197.jpg 296w, https:\/\/www.slovaklinesmagazin.sk\/cms\/wp-content\/uploads\/2019\/06\/cyklo-Jizni_Morava_FOTO-Petr-Slav\u00edk-CzechTourism-2.jpg 1200w\" sizes=\"auto, (max-width: 640px) 100vw, 640px\" \/><\/a>\n\t\t\t<\/div>\n\t\t\t\t<figcaption class='wp-caption-text gallery-caption' id='gallery-1-83923'>\n\t\t\t\tJi\u017en\u00ed Morava: soused, kter\u00fd stoj\u00ed za n\u00e1v\u0161t\u011bvu\n\t\t\t\t<\/figcaption><\/figure><figure class='gallery-item'>\n\t\t\t<div class='gallery-icon landscape'>\n\t\t\t\t<a href='https:\/\/www.slovaklinesmagazin.sk\/cms\/2019\/06\/juzna-morava-sused-ktory-stoji-za-navstevu\/cyklo-jizni_morava_foto-petr-slavik-czechtourism-3\/'><img loading=\"lazy\" decoding=\"async\" width=\"640\" height=\"427\" src=\"https:\/\/www.slovaklinesmagazin.sk\/cms\/wp-content\/uploads\/2019\/06\/cyklo-Jizni_Morava_FOTO-Petr-Slav\u00edk-CzechTourism-3-1024x683.jpg\" class=\"attachment-large size-large\" alt=\"\" aria-describedby=\"gallery-1-83924\" srcset=\"https:\/\/www.slovaklinesmagazin.sk\/cms\/wp-content\/uploads\/2019\/06\/cyklo-Jizni_Morava_FOTO-Petr-Slav\u00edk-CzechTourism-3-1024x683.jpg 1024w, https:\/\/www.slovaklinesmagazin.sk\/cms\/wp-content\/uploads\/2019\/06\/cyklo-Jizni_Morava_FOTO-Petr-Slav\u00edk-CzechTourism-3-300x200.jpg 300w, https:\/\/www.slovaklinesmagazin.sk\/cms\/wp-content\/uploads\/2019\/06\/cyklo-Jizni_Morava_FOTO-Petr-Slav\u00edk-CzechTourism-3-768x512.jpg 768w, https:\/\/www.slovaklinesmagazin.sk\/cms\/wp-content\/uploads\/2019\/06\/cyklo-Jizni_Morava_FOTO-Petr-Slav\u00edk-CzechTourism-3-600x400.jpg 600w, https:\/\/www.slovaklinesmagazin.sk\/cms\/wp-content\/uploads\/2019\/06\/cyklo-Jizni_Morava_FOTO-Petr-Slav\u00edk-CzechTourism-3-304x203.jpg 304w, https:\/\/www.slovaklinesmagazin.sk\/cms\/wp-content\/uploads\/2019\/06\/cyklo-Jizni_Morava_FOTO-Petr-Slav\u00edk-CzechTourism-3-296x197.jpg 296w\" sizes=\"auto, (max-width: 640px) 100vw, 640px\" \/><\/a>\n\t\t\t<\/div>\n\t\t\t\t<figcaption class='wp-caption-text gallery-caption' id='gallery-1-83924'>\n\t\t\t\tJi\u017en\u00ed Morava: soused, kter\u00fd stoj\u00ed za n\u00e1v\u0161t\u011bvu\n\t\t\t\t<\/figcaption><\/figure><figure class='gallery-item'>\n\t\t\t<div class='gallery-icon landscape'>\n\t\t\t\t<a href='https:\/\/www.slovaklinesmagazin.sk\/cms\/2019\/06\/juzna-morava-sused-ktory-stoji-za-navstevu\/cyklo-skupina-s-vinarem-podkova\/'><img loading=\"lazy\" decoding=\"async\" width=\"640\" height=\"393\" src=\"https:\/\/www.slovaklinesmagazin.sk\/cms\/wp-content\/uploads\/2019\/06\/cyklo-vino-jizni-Morava_FOTO-David-Marvan-CzechTourism-1-1024x629.jpg\" class=\"attachment-large size-large\" alt=\"\" aria-describedby=\"gallery-1-83925\" srcset=\"https:\/\/www.slovaklinesmagazin.sk\/cms\/wp-content\/uploads\/2019\/06\/cyklo-vino-jizni-Morava_FOTO-David-Marvan-CzechTourism-1-1024x629.jpg 1024w, https:\/\/www.slovaklinesmagazin.sk\/cms\/wp-content\/uploads\/2019\/06\/cyklo-vino-jizni-Morava_FOTO-David-Marvan-CzechTourism-1-300x184.jpg 300w, https:\/\/www.slovaklinesmagazin.sk\/cms\/wp-content\/uploads\/2019\/06\/cyklo-vino-jizni-Morava_FOTO-David-Marvan-CzechTourism-1-768x472.jpg 768w, https:\/\/www.slovaklinesmagazin.sk\/cms\/wp-content\/uploads\/2019\/06\/cyklo-vino-jizni-Morava_FOTO-David-Marvan-CzechTourism-1-600x369.jpg 600w, https:\/\/www.slovaklinesmagazin.sk\/cms\/wp-content\/uploads\/2019\/06\/cyklo-vino-jizni-Morava_FOTO-David-Marvan-CzechTourism-1-304x187.jpg 304w, https:\/\/www.slovaklinesmagazin.sk\/cms\/wp-content\/uploads\/2019\/06\/cyklo-vino-jizni-Morava_FOTO-David-Marvan-CzechTourism-1-296x182.jpg 296w\" sizes=\"auto, (max-width: 640px) 100vw, 640px\" \/><\/a>\n\t\t\t<\/div>\n\t\t\t\t<figcaption class='wp-caption-text gallery-caption' id='gallery-1-83925'>\n\t\t\t\tJi\u017en\u00ed Morava: soused, kter\u00fd stoj\u00ed za n\u00e1v\u0161t\u011bvu\n\t\t\t\t<\/figcaption><\/figure><figure class='gallery-item'>\n\t\t\t<div class='gallery-icon landscape'>\n\t\t\t\t<a href='https:\/\/www.slovaklinesmagazin.sk\/cms\/2019\/06\/juzna-morava-sused-ktory-stoji-za-navstevu\/cyklo-skupina-u-vetraku-panorama-2\/'><img loading=\"lazy\" decoding=\"async\" width=\"640\" height=\"358\" src=\"https:\/\/www.slovaklinesmagazin.sk\/cms\/wp-content\/uploads\/2019\/06\/cyklo-vino-jizni-Morava_FOTO-David-Marvan-CzechTourism-2-1-1024x573.jpg\" class=\"attachment-large size-large\" alt=\"\" aria-describedby=\"gallery-1-83926\" srcset=\"https:\/\/www.slovaklinesmagazin.sk\/cms\/wp-content\/uploads\/2019\/06\/cyklo-vino-jizni-Morava_FOTO-David-Marvan-CzechTourism-2-1-1024x573.jpg 1024w, https:\/\/www.slovaklinesmagazin.sk\/cms\/wp-content\/uploads\/2019\/06\/cyklo-vino-jizni-Morava_FOTO-David-Marvan-CzechTourism-2-1-300x168.jpg 300w, https:\/\/www.slovaklinesmagazin.sk\/cms\/wp-content\/uploads\/2019\/06\/cyklo-vino-jizni-Morava_FOTO-David-Marvan-CzechTourism-2-1-768x430.jpg 768w, https:\/\/www.slovaklinesmagazin.sk\/cms\/wp-content\/uploads\/2019\/06\/cyklo-vino-jizni-Morava_FOTO-David-Marvan-CzechTourism-2-1-600x336.jpg 600w, https:\/\/www.slovaklinesmagazin.sk\/cms\/wp-content\/uploads\/2019\/06\/cyklo-vino-jizni-Morava_FOTO-David-Marvan-CzechTourism-2-1-304x170.jpg 304w, https:\/\/www.slovaklinesmagazin.sk\/cms\/wp-content\/uploads\/2019\/06\/cyklo-vino-jizni-Morava_FOTO-David-Marvan-CzechTourism-2-1-296x166.jpg 296w\" sizes=\"auto, (max-width: 640px) 100vw, 640px\" \/><\/a>\n\t\t\t<\/div>\n\t\t\t\t<figcaption class='wp-caption-text gallery-caption' id='gallery-1-83926'>\n\t\t\t\tJi\u017en\u00ed Morava: soused, kter\u00fd stoj\u00ed za n\u00e1v\u0161t\u011bvu\n\t\t\t\t<\/figcaption><\/figure><figure class='gallery-item'>\n\t\t\t<div class='gallery-icon landscape'>\n\t\t\t\t<a href='https:\/\/www.slovaklinesmagazin.sk\/cms\/2019\/06\/juzna-morava-sused-ktory-stoji-za-navstevu\/cyklo-skupina-s-vinarem-sud\/'><img loading=\"lazy\" decoding=\"async\" width=\"640\" height=\"427\" src=\"https:\/\/www.slovaklinesmagazin.sk\/cms\/wp-content\/uploads\/2019\/06\/cyklo-vino-jizni-Morava_FOTO-David-Marvan-CzechTourism-3-1024x683.jpg\" class=\"attachment-large size-large\" alt=\"\" aria-describedby=\"gallery-1-83927\" srcset=\"https:\/\/www.slovaklinesmagazin.sk\/cms\/wp-content\/uploads\/2019\/06\/cyklo-vino-jizni-Morava_FOTO-David-Marvan-CzechTourism-3-1024x683.jpg 1024w, https:\/\/www.slovaklinesmagazin.sk\/cms\/wp-content\/uploads\/2019\/06\/cyklo-vino-jizni-Morava_FOTO-David-Marvan-CzechTourism-3-300x200.jpg 300w, https:\/\/www.slovaklinesmagazin.sk\/cms\/wp-content\/uploads\/2019\/06\/cyklo-vino-jizni-Morava_FOTO-David-Marvan-CzechTourism-3-768x512.jpg 768w, https:\/\/www.slovaklinesmagazin.sk\/cms\/wp-content\/uploads\/2019\/06\/cyklo-vino-jizni-Morava_FOTO-David-Marvan-CzechTourism-3-600x400.jpg 600w, https:\/\/www.slovaklinesmagazin.sk\/cms\/wp-content\/uploads\/2019\/06\/cyklo-vino-jizni-Morava_FOTO-David-Marvan-CzechTourism-3-304x203.jpg 304w, https:\/\/www.slovaklinesmagazin.sk\/cms\/wp-content\/uploads\/2019\/06\/cyklo-vino-jizni-Morava_FOTO-David-Marvan-CzechTourism-3-296x197.jpg 296w\" sizes=\"auto, (max-width: 640px) 100vw, 640px\" \/><\/a>\n\t\t\t<\/div>\n\t\t\t\t<figcaption class='wp-caption-text gallery-caption' id='gallery-1-83927'>\n\t\t\t\tJi\u017en\u00ed Morava: soused, kter\u00fd stoj\u00ed za n\u00e1v\u0161t\u011bvu\n\t\t\t\t<\/figcaption><\/figure><figure class='gallery-item'>\n\t\t\t<div class='gallery-icon landscape'>\n\t\t\t\t<a href='https:\/\/www.slovaklinesmagazin.sk\/cms\/2019\/06\/juzna-morava-sused-ktory-stoji-za-navstevu\/cyklo-vetrak-trojice\/'><img loading=\"lazy\" decoding=\"async\" width=\"640\" height=\"453\" src=\"https:\/\/www.slovaklinesmagazin.sk\/cms\/wp-content\/uploads\/2019\/06\/cyklo-vino-jizni-Morava_FOTO-David-Marvan-CzechTourism-4-1024x725.jpg\" class=\"attachment-large size-large\" alt=\"\" aria-describedby=\"gallery-1-83928\" srcset=\"https:\/\/www.slovaklinesmagazin.sk\/cms\/wp-content\/uploads\/2019\/06\/cyklo-vino-jizni-Morava_FOTO-David-Marvan-CzechTourism-4-1024x725.jpg 1024w, https:\/\/www.slovaklinesmagazin.sk\/cms\/wp-content\/uploads\/2019\/06\/cyklo-vino-jizni-Morava_FOTO-David-Marvan-CzechTourism-4-300x212.jpg 300w, https:\/\/www.slovaklinesmagazin.sk\/cms\/wp-content\/uploads\/2019\/06\/cyklo-vino-jizni-Morava_FOTO-David-Marvan-CzechTourism-4-768x543.jpg 768w, https:\/\/www.slovaklinesmagazin.sk\/cms\/wp-content\/uploads\/2019\/06\/cyklo-vino-jizni-Morava_FOTO-David-Marvan-CzechTourism-4-600x425.jpg 600w, https:\/\/www.slovaklinesmagazin.sk\/cms\/wp-content\/uploads\/2019\/06\/cyklo-vino-jizni-Morava_FOTO-David-Marvan-CzechTourism-4-304x215.jpg 304w, https:\/\/www.slovaklinesmagazin.sk\/cms\/wp-content\/uploads\/2019\/06\/cyklo-vino-jizni-Morava_FOTO-David-Marvan-CzechTourism-4-296x209.jpg 296w\" sizes=\"auto, (max-width: 640px) 100vw, 640px\" \/><\/a>\n\t\t\t<\/div>\n\t\t\t\t<figcaption class='wp-caption-text gallery-caption' id='gallery-1-83928'>\n\t\t\t\tJi\u017en\u00ed Morava: soused, kter\u00fd stoj\u00ed za n\u00e1v\u0161t\u011bvu\n\t\t\t\t<\/figcaption><\/figure><figure class='gallery-item'>\n\t\t\t<div class='gallery-icon landscape'>\n\t\t\t\t<a href='https:\/\/www.slovaklinesmagazin.sk\/cms\/2019\/06\/juzna-morava-sused-ktory-stoji-za-navstevu\/cyklo-vinar-naleva-celek\/'><img loading=\"lazy\" decoding=\"async\" width=\"640\" height=\"399\" src=\"https:\/\/www.slovaklinesmagazin.sk\/cms\/wp-content\/uploads\/2019\/06\/cyklo-vino-jizni-Morava_FOTO-David-Marvan-CzechTourism-5-1024x639.jpg\" class=\"attachment-large size-large\" alt=\"\" aria-describedby=\"gallery-1-83929\" srcset=\"https:\/\/www.slovaklinesmagazin.sk\/cms\/wp-content\/uploads\/2019\/06\/cyklo-vino-jizni-Morava_FOTO-David-Marvan-CzechTourism-5-1024x639.jpg 1024w, https:\/\/www.slovaklinesmagazin.sk\/cms\/wp-content\/uploads\/2019\/06\/cyklo-vino-jizni-Morava_FOTO-David-Marvan-CzechTourism-5-300x187.jpg 300w, https:\/\/www.slovaklinesmagazin.sk\/cms\/wp-content\/uploads\/2019\/06\/cyklo-vino-jizni-Morava_FOTO-David-Marvan-CzechTourism-5-768x479.jpg 768w, https:\/\/www.slovaklinesmagazin.sk\/cms\/wp-content\/uploads\/2019\/06\/cyklo-vino-jizni-Morava_FOTO-David-Marvan-CzechTourism-5-600x374.jpg 600w, https:\/\/www.slovaklinesmagazin.sk\/cms\/wp-content\/uploads\/2019\/06\/cyklo-vino-jizni-Morava_FOTO-David-Marvan-CzechTourism-5-304x190.jpg 304w, https:\/\/www.slovaklinesmagazin.sk\/cms\/wp-content\/uploads\/2019\/06\/cyklo-vino-jizni-Morava_FOTO-David-Marvan-CzechTourism-5-296x185.jpg 296w\" sizes=\"auto, (max-width: 640px) 100vw, 640px\" \/><\/a>\n\t\t\t<\/div>\n\t\t\t\t<figcaption class='wp-caption-text gallery-caption' id='gallery-1-83929'>\n\t\t\t\tJi\u017en\u00ed Morava: soused, kter\u00fd stoj\u00ed za n\u00e1v\u0161t\u011bvu\n\t\t\t\t<\/figcaption><\/figure><figure class='gallery-item'>\n\t\t\t<div class='gallery-icon landscape'>\n\t\t\t\t<a href='https:\/\/www.slovaklinesmagazin.sk\/cms\/2019\/06\/juzna-morava-sused-ktory-stoji-za-navstevu\/cyklo-vino-jizni-morava_foto-petr-slavik-czechtourism-4-2\/'><img loading=\"lazy\" decoding=\"async\" width=\"640\" height=\"427\" src=\"https:\/\/www.slovaklinesmagazin.sk\/cms\/wp-content\/uploads\/2019\/06\/cyklo-vino-jizni-Morava_FOTO-Petr-Slav\u00edk-CzechTourism-4-1-1024x683.jpg\" class=\"attachment-large size-large\" alt=\"\" aria-describedby=\"gallery-1-83930\" srcset=\"https:\/\/www.slovaklinesmagazin.sk\/cms\/wp-content\/uploads\/2019\/06\/cyklo-vino-jizni-Morava_FOTO-Petr-Slav\u00edk-CzechTourism-4-1-1024x683.jpg 1024w, https:\/\/www.slovaklinesmagazin.sk\/cms\/wp-content\/uploads\/2019\/06\/cyklo-vino-jizni-Morava_FOTO-Petr-Slav\u00edk-CzechTourism-4-1-300x200.jpg 300w, https:\/\/www.slovaklinesmagazin.sk\/cms\/wp-content\/uploads\/2019\/06\/cyklo-vino-jizni-Morava_FOTO-Petr-Slav\u00edk-CzechTourism-4-1-768x512.jpg 768w, https:\/\/www.slovaklinesmagazin.sk\/cms\/wp-content\/uploads\/2019\/06\/cyklo-vino-jizni-Morava_FOTO-Petr-Slav\u00edk-CzechTourism-4-1-600x400.jpg 600w, https:\/\/www.slovaklinesmagazin.sk\/cms\/wp-content\/uploads\/2019\/06\/cyklo-vino-jizni-Morava_FOTO-Petr-Slav\u00edk-CzechTourism-4-1-304x203.jpg 304w, https:\/\/www.slovaklinesmagazin.sk\/cms\/wp-content\/uploads\/2019\/06\/cyklo-vino-jizni-Morava_FOTO-Petr-Slav\u00edk-CzechTourism-4-1-296x197.jpg 296w\" sizes=\"auto, (max-width: 640px) 100vw, 640px\" \/><\/a>\n\t\t\t<\/div>\n\t\t\t\t<figcaption class='wp-caption-text gallery-caption' id='gallery-1-83930'>\n\t\t\t\tJi\u017en\u00ed Morava: soused, kter\u00fd stoj\u00ed za n\u00e1v\u0161t\u011bvu\n\t\t\t\t<\/figcaption><\/figure><figure class='gallery-item'>\n\t\t\t<div class='gallery-icon landscape'>\n\t\t\t\t<a href='https:\/\/www.slovaklinesmagazin.sk\/cms\/2019\/06\/juzna-morava-sused-ktory-stoji-za-navstevu\/juzna-morava-hradistek-cyklo_foto-david-marvan-czechtourism\/'><img loading=\"lazy\" decoding=\"async\" width=\"640\" height=\"420\" src=\"https:\/\/www.slovaklinesmagazin.sk\/cms\/wp-content\/uploads\/2019\/06\/Juzna-Morava-Hradi\u0161t\u011bk-cyklo_FOTO-David-Marvan-CzechTourism-1024x672.jpg\" class=\"attachment-large size-large\" alt=\"\" aria-describedby=\"gallery-1-83931\" srcset=\"https:\/\/www.slovaklinesmagazin.sk\/cms\/wp-content\/uploads\/2019\/06\/Juzna-Morava-Hradi\u0161t\u011bk-cyklo_FOTO-David-Marvan-CzechTourism-1024x672.jpg 1024w, https:\/\/www.slovaklinesmagazin.sk\/cms\/wp-content\/uploads\/2019\/06\/Juzna-Morava-Hradi\u0161t\u011bk-cyklo_FOTO-David-Marvan-CzechTourism-300x197.jpg 300w, https:\/\/www.slovaklinesmagazin.sk\/cms\/wp-content\/uploads\/2019\/06\/Juzna-Morava-Hradi\u0161t\u011bk-cyklo_FOTO-David-Marvan-CzechTourism-768x504.jpg 768w, https:\/\/www.slovaklinesmagazin.sk\/cms\/wp-content\/uploads\/2019\/06\/Juzna-Morava-Hradi\u0161t\u011bk-cyklo_FOTO-David-Marvan-CzechTourism-600x394.jpg 600w, https:\/\/www.slovaklinesmagazin.sk\/cms\/wp-content\/uploads\/2019\/06\/Juzna-Morava-Hradi\u0161t\u011bk-cyklo_FOTO-David-Marvan-CzechTourism-304x199.jpg 304w, https:\/\/www.slovaklinesmagazin.sk\/cms\/wp-content\/uploads\/2019\/06\/Juzna-Morava-Hradi\u0161t\u011bk-cyklo_FOTO-David-Marvan-CzechTourism-296x194.jpg 296w\" sizes=\"auto, (max-width: 640px) 100vw, 640px\" \/><\/a>\n\t\t\t<\/div>\n\t\t\t\t<figcaption class='wp-caption-text gallery-caption' id='gallery-1-83931'>\n\t\t\t\tJi\u017en\u00ed Morava: soused, kter\u00fd stoj\u00ed za n\u00e1v\u0161t\u011bvu\n\t\t\t\t<\/figcaption><\/figure><figure class='gallery-item'>\n\t\t\t<div class='gallery-icon landscape'>\n\t\t\t\t<a href='https:\/\/www.slovaklinesmagazin.sk\/cms\/2019\/06\/juzna-morava-sused-ktory-stoji-za-navstevu\/palava_foto-jan-miklin-czechtourism-1\/'><img loading=\"lazy\" decoding=\"async\" width=\"640\" height=\"427\" src=\"https:\/\/www.slovaklinesmagazin.sk\/cms\/wp-content\/uploads\/2019\/06\/Palava_FOTO-Jan-Mikl\u00edn-CzechTourism-1-1024x683.jpg\" class=\"attachment-large size-large\" alt=\"\" aria-describedby=\"gallery-1-83932\" srcset=\"https:\/\/www.slovaklinesmagazin.sk\/cms\/wp-content\/uploads\/2019\/06\/Palava_FOTO-Jan-Mikl\u00edn-CzechTourism-1-1024x683.jpg 1024w, https:\/\/www.slovaklinesmagazin.sk\/cms\/wp-content\/uploads\/2019\/06\/Palava_FOTO-Jan-Mikl\u00edn-CzechTourism-1-300x200.jpg 300w, https:\/\/www.slovaklinesmagazin.sk\/cms\/wp-content\/uploads\/2019\/06\/Palava_FOTO-Jan-Mikl\u00edn-CzechTourism-1-768x512.jpg 768w, https:\/\/www.slovaklinesmagazin.sk\/cms\/wp-content\/uploads\/2019\/06\/Palava_FOTO-Jan-Mikl\u00edn-CzechTourism-1-600x400.jpg 600w, https:\/\/www.slovaklinesmagazin.sk\/cms\/wp-content\/uploads\/2019\/06\/Palava_FOTO-Jan-Mikl\u00edn-CzechTourism-1-304x203.jpg 304w, https:\/\/www.slovaklinesmagazin.sk\/cms\/wp-content\/uploads\/2019\/06\/Palava_FOTO-Jan-Mikl\u00edn-CzechTourism-1-296x197.jpg 296w\" sizes=\"auto, (max-width: 640px) 100vw, 640px\" \/><\/a>\n\t\t\t<\/div>\n\t\t\t\t<figcaption class='wp-caption-text gallery-caption' id='gallery-1-83932'>\n\t\t\t\tJi\u017en\u00ed Morava: soused, kter\u00fd stoj\u00ed za n\u00e1v\u0161t\u011bvu\n\t\t\t\t<\/figcaption><\/figure><figure class='gallery-item'>\n\t\t\t<div class='gallery-icon landscape'>\n\t\t\t\t<a href='https:\/\/www.slovaklinesmagazin.sk\/cms\/2019\/06\/juzna-morava-sused-ktory-stoji-za-navstevu\/palava_foto-jan-miklin-czechtourism-2\/'><img loading=\"lazy\" decoding=\"async\" width=\"640\" height=\"360\" src=\"https:\/\/www.slovaklinesmagazin.sk\/cms\/wp-content\/uploads\/2019\/06\/Palava_FOTO-Jan-Mikl\u00edn-CzechTourism-2-1024x576.jpg\" class=\"attachment-large size-large\" alt=\"\" aria-describedby=\"gallery-1-83933\" srcset=\"https:\/\/www.slovaklinesmagazin.sk\/cms\/wp-content\/uploads\/2019\/06\/Palava_FOTO-Jan-Mikl\u00edn-CzechTourism-2-1024x576.jpg 1024w, https:\/\/www.slovaklinesmagazin.sk\/cms\/wp-content\/uploads\/2019\/06\/Palava_FOTO-Jan-Mikl\u00edn-CzechTourism-2-300x169.jpg 300w, https:\/\/www.slovaklinesmagazin.sk\/cms\/wp-content\/uploads\/2019\/06\/Palava_FOTO-Jan-Mikl\u00edn-CzechTourism-2-768x432.jpg 768w, https:\/\/www.slovaklinesmagazin.sk\/cms\/wp-content\/uploads\/2019\/06\/Palava_FOTO-Jan-Mikl\u00edn-CzechTourism-2-600x337.jpg 600w, https:\/\/www.slovaklinesmagazin.sk\/cms\/wp-content\/uploads\/2019\/06\/Palava_FOTO-Jan-Mikl\u00edn-CzechTourism-2-304x171.jpg 304w, https:\/\/www.slovaklinesmagazin.sk\/cms\/wp-content\/uploads\/2019\/06\/Palava_FOTO-Jan-Mikl\u00edn-CzechTourism-2-296x166.jpg 296w\" sizes=\"auto, (max-width: 640px) 100vw, 640px\" \/><\/a>\n\t\t\t<\/div>\n\t\t\t\t<figcaption class='wp-caption-text gallery-caption' id='gallery-1-83933'>\n\t\t\t\tJi\u017en\u00ed Morava: soused, kter\u00fd stoj\u00ed za n\u00e1v\u0161t\u011bvu\n\t\t\t\t<\/figcaption><\/figure><figure class='gallery-item'>\n\t\t\t<div class='gallery-icon landscape'>\n\t\t\t\t<a href='https:\/\/www.slovaklinesmagazin.sk\/cms\/2019\/06\/juzna-morava-sused-ktory-stoji-za-navstevu\/palava_foto-jan-miklin-czechtourism\/'><img loading=\"lazy\" decoding=\"async\" width=\"640\" height=\"425\" src=\"https:\/\/www.slovaklinesmagazin.sk\/cms\/wp-content\/uploads\/2019\/06\/Palava_FOTO-Jan-Mikl\u00edn-CzechTourism-1024x680.jpg\" class=\"attachment-large size-large\" alt=\"\" aria-describedby=\"gallery-1-83934\" srcset=\"https:\/\/www.slovaklinesmagazin.sk\/cms\/wp-content\/uploads\/2019\/06\/Palava_FOTO-Jan-Mikl\u00edn-CzechTourism-1024x680.jpg 1024w, https:\/\/www.slovaklinesmagazin.sk\/cms\/wp-content\/uploads\/2019\/06\/Palava_FOTO-Jan-Mikl\u00edn-CzechTourism-300x199.jpg 300w, https:\/\/www.slovaklinesmagazin.sk\/cms\/wp-content\/uploads\/2019\/06\/Palava_FOTO-Jan-Mikl\u00edn-CzechTourism-768x510.jpg 768w, https:\/\/www.slovaklinesmagazin.sk\/cms\/wp-content\/uploads\/2019\/06\/Palava_FOTO-Jan-Mikl\u00edn-CzechTourism-600x399.jpg 600w, https:\/\/www.slovaklinesmagazin.sk\/cms\/wp-content\/uploads\/2019\/06\/Palava_FOTO-Jan-Mikl\u00edn-CzechTourism-304x202.jpg 304w, https:\/\/www.slovaklinesmagazin.sk\/cms\/wp-content\/uploads\/2019\/06\/Palava_FOTO-Jan-Mikl\u00edn-CzechTourism-296x197.jpg 296w\" sizes=\"auto, (max-width: 640px) 100vw, 640px\" \/><\/a>\n\t\t\t<\/div>\n\t\t\t\t<figcaption class='wp-caption-text gallery-caption' id='gallery-1-83934'>\n\t\t\t\tJi\u017en\u00ed Morava: soused, kter\u00fd stoj\u00ed za n\u00e1v\u0161t\u011bvu\n\t\t\t\t<\/figcaption><\/figure><figure class='gallery-item'>\n\t\t\t<div class='gallery-icon landscape'>\n\t\t\t\t<a href='https:\/\/www.slovaklinesmagazin.sk\/cms\/2019\/06\/juzna-morava-sused-ktory-stoji-za-navstevu\/palava-horni-vestonice-kaple-sv-urbana_foto-jan-miklin-czechtourism\/'><img loading=\"lazy\" decoding=\"async\" width=\"640\" height=\"425\" src=\"https:\/\/www.slovaklinesmagazin.sk\/cms\/wp-content\/uploads\/2019\/06\/Palava-Horn\u00ed-V\u011bstonice-kaple-sv.-Urbana_FOTO-Jan-Mikl\u00edn-CzechTourism-1024x680.jpg\" class=\"attachment-large size-large\" alt=\"\" aria-describedby=\"gallery-1-83935\" srcset=\"https:\/\/www.slovaklinesmagazin.sk\/cms\/wp-content\/uploads\/2019\/06\/Palava-Horn\u00ed-V\u011bstonice-kaple-sv.-Urbana_FOTO-Jan-Mikl\u00edn-CzechTourism-1024x680.jpg 1024w, https:\/\/www.slovaklinesmagazin.sk\/cms\/wp-content\/uploads\/2019\/06\/Palava-Horn\u00ed-V\u011bstonice-kaple-sv.-Urbana_FOTO-Jan-Mikl\u00edn-CzechTourism-300x199.jpg 300w, https:\/\/www.slovaklinesmagazin.sk\/cms\/wp-content\/uploads\/2019\/06\/Palava-Horn\u00ed-V\u011bstonice-kaple-sv.-Urbana_FOTO-Jan-Mikl\u00edn-CzechTourism-768x510.jpg 768w, https:\/\/www.slovaklinesmagazin.sk\/cms\/wp-content\/uploads\/2019\/06\/Palava-Horn\u00ed-V\u011bstonice-kaple-sv.-Urbana_FOTO-Jan-Mikl\u00edn-CzechTourism-600x399.jpg 600w, https:\/\/www.slovaklinesmagazin.sk\/cms\/wp-content\/uploads\/2019\/06\/Palava-Horn\u00ed-V\u011bstonice-kaple-sv.-Urbana_FOTO-Jan-Mikl\u00edn-CzechTourism-304x202.jpg 304w, https:\/\/www.slovaklinesmagazin.sk\/cms\/wp-content\/uploads\/2019\/06\/Palava-Horn\u00ed-V\u011bstonice-kaple-sv.-Urbana_FOTO-Jan-Mikl\u00edn-CzechTourism-296x197.jpg 296w\" sizes=\"auto, (max-width: 640px) 100vw, 640px\" \/><\/a>\n\t\t\t<\/div>\n\t\t\t\t<figcaption class='wp-caption-text gallery-caption' id='gallery-1-83935'>\n\t\t\t\tJi\u017en\u00ed Morava: soused, kter\u00fd stoj\u00ed za n\u00e1v\u0161t\u011bvu\n\t\t\t\t<\/figcaption><\/figure><figure class='gallery-item'>\n\t\t\t<div class='gallery-icon landscape'>\n\t\t\t\t<a href='https:\/\/www.slovaklinesmagazin.sk\/cms\/2019\/06\/juzna-morava-sused-ktory-stoji-za-navstevu\/spilberk_foto-gabzdyl-statutarni-mesto-brno-2\/'><img loading=\"lazy\" decoding=\"async\" width=\"640\" height=\"427\" src=\"https:\/\/www.slovaklinesmagazin.sk\/cms\/wp-content\/uploads\/2019\/06\/Spilberk_FOTO-Gabzdyl-Statut\u00e1rn\u00ed-m\u011bsto-Brno-2-1024x683.jpg\" class=\"attachment-large size-large\" alt=\"\" aria-describedby=\"gallery-1-83937\" srcset=\"https:\/\/www.slovaklinesmagazin.sk\/cms\/wp-content\/uploads\/2019\/06\/Spilberk_FOTO-Gabzdyl-Statut\u00e1rn\u00ed-m\u011bsto-Brno-2-1024x683.jpg 1024w, https:\/\/www.slovaklinesmagazin.sk\/cms\/wp-content\/uploads\/2019\/06\/Spilberk_FOTO-Gabzdyl-Statut\u00e1rn\u00ed-m\u011bsto-Brno-2-300x200.jpg 300w, https:\/\/www.slovaklinesmagazin.sk\/cms\/wp-content\/uploads\/2019\/06\/Spilberk_FOTO-Gabzdyl-Statut\u00e1rn\u00ed-m\u011bsto-Brno-2-768x512.jpg 768w, https:\/\/www.slovaklinesmagazin.sk\/cms\/wp-content\/uploads\/2019\/06\/Spilberk_FOTO-Gabzdyl-Statut\u00e1rn\u00ed-m\u011bsto-Brno-2-600x400.jpg 600w, https:\/\/www.slovaklinesmagazin.sk\/cms\/wp-content\/uploads\/2019\/06\/Spilberk_FOTO-Gabzdyl-Statut\u00e1rn\u00ed-m\u011bsto-Brno-2-304x203.jpg 304w, https:\/\/www.slovaklinesmagazin.sk\/cms\/wp-content\/uploads\/2019\/06\/Spilberk_FOTO-Gabzdyl-Statut\u00e1rn\u00ed-m\u011bsto-Brno-2-296x197.jpg 296w, https:\/\/www.slovaklinesmagazin.sk\/cms\/wp-content\/uploads\/2019\/06\/Spilberk_FOTO-Gabzdyl-Statut\u00e1rn\u00ed-m\u011bsto-Brno-2.jpg 2048w\" sizes=\"auto, (max-width: 640px) 100vw, 640px\" \/><\/a>\n\t\t\t<\/div>\n\t\t\t\t<figcaption class='wp-caption-text gallery-caption' id='gallery-1-83937'>\n\t\t\t\tJi\u017en\u00ed Morava: soused, kter\u00fd stoj\u00ed za n\u00e1v\u0161t\u011bvu\n\t\t\t\t<\/figcaption><\/figure><figure class='gallery-item'>\n\t\t\t<div class='gallery-icon landscape'>\n\t\t\t\t<a href='https:\/\/www.slovaklinesmagazin.sk\/cms\/2019\/06\/juzna-morava-sused-ktory-stoji-za-navstevu\/znojmo_foto-ladislav-renner-czechtourism\/'><img loading=\"lazy\" decoding=\"async\" width=\"640\" height=\"383\" src=\"https:\/\/www.slovaklinesmagazin.sk\/cms\/wp-content\/uploads\/2019\/06\/Znojmo_FOTO-Ladislav-Renner-CzechTourism-1024x613.jpg\" class=\"attachment-large size-large\" alt=\"\" aria-describedby=\"gallery-1-83938\" srcset=\"https:\/\/www.slovaklinesmagazin.sk\/cms\/wp-content\/uploads\/2019\/06\/Znojmo_FOTO-Ladislav-Renner-CzechTourism-1024x613.jpg 1024w, https:\/\/www.slovaklinesmagazin.sk\/cms\/wp-content\/uploads\/2019\/06\/Znojmo_FOTO-Ladislav-Renner-CzechTourism-300x180.jpg 300w, https:\/\/www.slovaklinesmagazin.sk\/cms\/wp-content\/uploads\/2019\/06\/Znojmo_FOTO-Ladislav-Renner-CzechTourism-768x460.jpg 768w, https:\/\/www.slovaklinesmagazin.sk\/cms\/wp-content\/uploads\/2019\/06\/Znojmo_FOTO-Ladislav-Renner-CzechTourism-600x359.jpg 600w, https:\/\/www.slovaklinesmagazin.sk\/cms\/wp-content\/uploads\/2019\/06\/Znojmo_FOTO-Ladislav-Renner-CzechTourism-304x182.jpg 304w, https:\/\/www.slovaklinesmagazin.sk\/cms\/wp-content\/uploads\/2019\/06\/Znojmo_FOTO-Ladislav-Renner-CzechTourism-296x177.jpg 296w\" sizes=\"auto, (max-width: 640px) 100vw, 640px\" \/><\/a>\n\t\t\t<\/div>\n\t\t\t\t<figcaption class='wp-caption-text gallery-caption' id='gallery-1-83938'>\n\t\t\t\tJi\u017en\u00ed Morava: soused, kter\u00fd stoj\u00ed za n\u00e1v\u0161t\u011bvu\n\t\t\t\t<\/figcaption><\/figure><figure class='gallery-item'>\n\t\t\t<div class='gallery-icon landscape'>\n\t\t\t\t<a href='https:\/\/www.slovaklinesmagazin.sk\/cms\/2019\/06\/juzna-morava-sused-ktory-stoji-za-navstevu\/znojmo_foto-libor-svacek-czechtourism\/'><img loading=\"lazy\" decoding=\"async\" width=\"640\" height=\"317\" src=\"https:\/\/www.slovaklinesmagazin.sk\/cms\/wp-content\/uploads\/2019\/06\/Znojmo_FOTO-Libor-Sv\u00e1\u010dek-CzechTourism-1024x507.jpg\" class=\"attachment-large size-large\" alt=\"\" aria-describedby=\"gallery-1-83939\" srcset=\"https:\/\/www.slovaklinesmagazin.sk\/cms\/wp-content\/uploads\/2019\/06\/Znojmo_FOTO-Libor-Sv\u00e1\u010dek-CzechTourism-1024x507.jpg 1024w, https:\/\/www.slovaklinesmagazin.sk\/cms\/wp-content\/uploads\/2019\/06\/Znojmo_FOTO-Libor-Sv\u00e1\u010dek-CzechTourism-300x148.jpg 300w, https:\/\/www.slovaklinesmagazin.sk\/cms\/wp-content\/uploads\/2019\/06\/Znojmo_FOTO-Libor-Sv\u00e1\u010dek-CzechTourism-768x380.jpg 768w, https:\/\/www.slovaklinesmagazin.sk\/cms\/wp-content\/uploads\/2019\/06\/Znojmo_FOTO-Libor-Sv\u00e1\u010dek-CzechTourism-600x297.jpg 600w, https:\/\/www.slovaklinesmagazin.sk\/cms\/wp-content\/uploads\/2019\/06\/Znojmo_FOTO-Libor-Sv\u00e1\u010dek-CzechTourism-304x150.jpg 304w, https:\/\/www.slovaklinesmagazin.sk\/cms\/wp-content\/uploads\/2019\/06\/Znojmo_FOTO-Libor-Sv\u00e1\u010dek-CzechTourism-296x146.jpg 296w, https:\/\/www.slovaklinesmagazin.sk\/cms\/wp-content\/uploads\/2019\/06\/Znojmo_FOTO-Libor-Sv\u00e1\u010dek-CzechTourism.jpg 1617w\" sizes=\"auto, (max-width: 640px) 100vw, 640px\" \/><\/a>\n\t\t\t<\/div>\n\t\t\t\t<figcaption class='wp-caption-text gallery-caption' id='gallery-1-83939'>\n\t\t\t\tJi\u017en\u00ed Morava: soused, kter\u00fd stoj\u00ed za n\u00e1v\u0161t\u011bvu\n\t\t\t\t<\/figcaption><\/figure>\n\t\t<\/div>\n\n","protected":false},"excerpt":{"rendered":"<p>Spolo\u010dn\u00e1 prezent\u00e1cia Juhomoravsk\u00e9ho kraja a mesta Brna v Bratislave chce pril\u00e1ka\u0165 viac slovensk\u00fdch turistov na atrakt\u00edvne miesta a aktivity juhomoravsk\u00e9ho regi\u00f3nu. Ju\u017en\u00e1 Morava chce Slov\u00e1kov oslovi\u0165 kvalitnou gastron\u00f3miou, pivnou turistikou, folkl\u00f3rom alebo ponukou tradi\u010dn\u00fdch i menej zn\u00e1mych \u0161portov\u00fdch a adrenal\u00ednov\u00fdch aktiv\u00edt. Cyklo-vino Ju\u017en\u00e1 Morava, foto Petr Slav\u00edk, CzechTourism &#8222;Napriek tomu, \u017ee po\u010det turistov prich\u00e1dzaj\u00facich do [&hellip;]<\/p>\n","protected":false},"author":7,"featured_media":83904,"comment_status":"closed","ping_status":"closed","sticky":false,"template":"","format":"standard","meta":{"footnotes":""},"categories":[13,46,11,52,53,56,14,48],"tags":[],"class_list":["post-83903","post","type-post","status-publish","format-standard","has-post-thumbnail","hentry","category-real-estate","category-gastronomia","category-news","category-outdoor","category-ponuky","category-priroda","category-sport","category-umenie-a-kultura","eq-blocks"],"_links":{"self":[{"href":"https:\/\/www.slovaklinesmagazin.sk\/cms\/wp-json\/wp\/v2\/posts\/83903","targetHints":{"allow":["GET"]}}],"collection":[{"href":"https:\/\/www.slovaklinesmagazin.sk\/cms\/wp-json\/wp\/v2\/posts"}],"about":[{"href":"https:\/\/www.slovaklinesmagazin.sk\/cms\/wp-json\/wp\/v2\/types\/post"}],"author":[{"embeddable":true,"href":"https:\/\/www.slovaklinesmagazin.sk\/cms\/wp-json\/wp\/v2\/users\/7"}],"replies":[{"embeddable":true,"href":"https:\/\/www.slovaklinesmagazin.sk\/cms\/wp-json\/wp\/v2\/comments?post=83903"}],"version-history":[{"count":1,"href":"https:\/\/www.slovaklinesmagazin.sk\/cms\/wp-json\/wp\/v2\/posts\/83903\/revisions"}],"predecessor-version":[{"id":83940,"href":"https:\/\/www.slovaklinesmagazin.sk\/cms\/wp-json\/wp\/v2\/posts\/83903\/revisions\/83940"}],"wp:featuredmedia":[{"embeddable":true,"href":"https:\/\/www.slovaklinesmagazin.sk\/cms\/wp-json\/wp\/v2\/media\/83904"}],"wp:attachment":[{"href":"https:\/\/www.slovaklinesmagazin.sk\/cms\/wp-json\/wp\/v2\/media?parent=83903"}],"wp:term":[{"taxonomy":"category","embeddable":true,"href":"https:\/\/www.slovaklinesmagazin.sk\/cms\/wp-json\/wp\/v2\/categories?post=83903"},{"taxonomy":"post_tag","embeddable":true,"href":"https:\/\/www.slovaklinesmagazin.sk\/cms\/wp-json\/wp\/v2\/tags?post=83903"}],"curies":[{"name":"wp","href":"https:\/\/api.w.org\/{rel}","templated":true}]}}