{"id":84135,"date":"2022-08-17T08:00:15","date_gmt":"2022-08-17T06:00:15","guid":{"rendered":"https:\/\/slovaklinesmagazin.sk\/cms\/?p=84135"},"modified":"2022-08-17T08:47:48","modified_gmt":"2022-08-17T06:47:48","slug":"zamok-eckertsau-jedinecne-miesto-kde-sa-tvorili-dejiny-europy","status":"publish","type":"post","link":"https:\/\/www.slovaklinesmagazin.sk\/cms\/2022\/08\/zamok-eckertsau-jedinecne-miesto-kde-sa-tvorili-dejiny-europy\/","title":{"rendered":"Z\u00e1mok Eckertsau \u2013 jedine\u010dn\u00e9 miesto, kde sa tvorili dejiny Eur\u00f3py."},"content":{"rendered":"<p>V\u00a0rak\u00faskom meste\u010dku Eckertsau, pri eur\u00f3pskom ve\u013etoku rieky Dunaj, je jedine\u010dn\u00e9 miesto, kde sa tvorili nielen dejiny Eur\u00f3py, ale i\u00a0dne\u0161n\u00e1 realita modern\u00e9ho spolo\u010denstva n\u00e1rodov.<\/p>\n<p>V\u00a0okol\u00ed tohto miesta sa rozprestiera pr\u00edrodn\u00e1 oblas\u0165 N\u00e1rodn\u00e9ho parku Dunajsk\u00e9 lu\u017en\u00e9 lesy \u2013 Donau \u2013 Auten.<\/p>\n<p style=\"text-align: center;\"><a href=\"https:\/\/slovaklinesmagazin.sk\/cms\/wp-content\/uploads\/2019\/07\/IMG_20190626_111428.jpg\"><img decoding=\"async\" class=\"aligncenter\" src=\"https:\/\/slovaklinesmagazin.sk\/cms\/wp-content\/uploads\/2019\/07\/IMG_20190626_111428-1024x768.jpg\" \/><\/a><\/p>\n<p>Korene z\u00e1mock\u00fdch dej\u00edn siahaj\u00fa a\u017e do 12. storo\u010dia .<\/p>\n<p>V\u00a018. storo\u010d\u00ed sa zmenil kamenn\u00fd vodn\u00fd hrad na elegantn\u00fd barokov\u00fd z\u00e1mok, ktor\u00fd poskytoval majite\u013eom nielen luxus, ale i\u00a0s\u00fakromie \u00a0a\u00a0oddych uprostred n\u00e1dhernej pr\u00edrody.<\/p>\n<p>Z\u00e1mok je niekdaj\u0161\u00edm miestom pobytu posledn\u00e9ho rak\u00faskeho cis\u00e1rskeho p\u00e1ru Karla I. a Zity<\/p>\n<p>Eckartsau obklopuje 27 hekt\u00e1rov idylick\u00e9ho a\u00a0dokonale udr\u017eiavan\u00e9ho parku, kde mnoh\u00ed n\u00e1v\u0161tevn\u00edci n\u00e1jdu pokoj a\u00a0pr\u00edjemn\u00fd relax.<\/p>\n<p style=\"text-align: center;\"><a href=\"https:\/\/slovaklinesmagazin.sk\/cms\/wp-content\/uploads\/2019\/07\/IMG_20190626_111241.jpg\"><img decoding=\"async\" class=\"aligncenter\" src=\"https:\/\/slovaklinesmagazin.sk\/cms\/wp-content\/uploads\/2019\/07\/IMG_20190626_111241-1024x768.jpg\" \/><\/a><\/p>\n<p>Park nebadane a z\u013eahka prech\u00e1dza do p\u00f4vodn\u00e9ho, nedotknut\u00e9ho N\u00e1rodn\u00e9ho parku Dunajsk\u00e9 lu\u017en\u00e9 lesy. Objav\u00edte tu v\u00fdh\u013eady na neporu\u0161en\u00fa pr\u00edrodu. T\u00fato oblas\u0165 samozrejme m\u00f4\u017eete obdivova\u0165 aj pri svojich cyklistick\u00fdch v\u00fdletoch. T\u00e1to oblas\u0165 je samozrejme ur\u010den\u00e1 pre v\u0161etky vekov\u00e9 kateg\u00f3rie turistov a cyklistov. Je nen\u00e1ro\u010dn\u00e1 a bez prev\u00fd\u0161en\u00ed.<\/p>\n<p>N\u00e1v\u0161tevn\u00edkom so \u0161pecifick\u00fdmi po\u017eiadavkami z\u00e1mok a\u00a0hostitelia pon\u00fakaju v\u00a0dne\u0161nej dobe \u0161peci\u00e1lne poradenstvo v oblasti pl\u00e1novania a formy exkurzi\u00ed. Voz\u00ed\u010dkarom s\u00fa v okol\u00ed Eckartsau k dispoz\u00edcii dobre zna\u010den\u00e9 turistick\u00e9 cesty.<\/p>\n<p>Iba 700 metrov od z\u00e1mku sa tiahne dunajsk\u00e1 hr\u00e1dza, na nej vedie eur\u00f3pska cyklotrasa, ktor\u00e1 je \u010doraz frekventovanej\u0161ia, nako\u013eko ju vo ve\u013ekej miere vyu\u017e\u00edvaj\u00fa cyklisti z\u00a0celej Bratislavy<\/p>\n<p style=\"text-align: center;\"><a href=\"https:\/\/slovaklinesmagazin.sk\/cms\/wp-content\/uploads\/2019\/07\/IMG_20190626_093706.jpg\"><img decoding=\"async\" class=\"aligncenter\" src=\"https:\/\/slovaklinesmagazin.sk\/cms\/wp-content\/uploads\/2019\/07\/IMG_20190626_093706-1024x768.jpg\" \/><\/a><\/p>\n<p>Pre milovn\u00edkov z\u00e1had a\u00a0tajomstiev, pon\u00faka z\u00e1mok nev\u0161edn\u00e9 zauj\u00edmavosti. Jednou z\u00a0nich je aj ot\u00e1zky, pre\u010do cis\u00e1r Karol schoval v\u00a0kni\u017enici svoje vreckov\u00e1 hodinky ? Koho kostra spo\u010d\u00edva v\u00a0sklenenej truhle ? Podobn\u00fdch z\u00e1had a\u00a0tajomstiev je za m\u00farmi z\u00e1mku ukryt\u00fdch e\u0161te ve\u013ea.<\/p>\n<p><iframe loading=\"lazy\" title=\"Z\u00e1mok Eckartsau HD 1080p\" src=\"https:\/\/www.youtube.com\/embed\/B2l3yCoRZnk\" width=\"1280\" height=\"720\" frameborder=\"0\" allowfullscreen=\"allowfullscreen\"><\/iframe><\/p>\n<p>Romantick\u00fd z\u00e1mok je tie\u017e dokonal\u00fdm miestom pre svadby. Jeho pr\u00edjemn\u00fa atmosf\u00e9ru pod\u010diarkuj\u00fa autentick\u00e9 komnaty a pr\u00edroda v jeho okol\u00ed. V\u010faka tomu tento rok z\u00edskal Eckertsau u\u017e druh\u00fdkr\u00e1t titul najob\u013e\u00fabenej\u0161ieho svadobn\u00e9ho miesta v Rak\u00fasku. Odborn\u00e1 porota ocenila hlavne priestor pod star\u00fdm bukom, ktor\u00fd sa \u010dasto pou\u017e\u00edva ako miesto pre sob\u00e1\u0161. P\u00e1\u010dil sa im tie\u017e pavil\u00f3n dekorovan\u00fd ru\u017eami a chv\u00e1lami ospevovali aj interi\u00e9r z\u00e1mku. D\u00f4raz kl\u00e1dli tie\u017e na kvalitn\u00e9 ob\u010derstvenie, preto\u017ee svadobn\u00ed hostia sa m\u00f4\u017eu te\u0161i\u0165 najm\u00e4 na jedl\u00e1 dom\u00e1cej gastron\u00f3mie. Tie sa pripravuj\u00fa hlavne z potrav\u00edn z lok\u00e1lnych zdrojov.<\/p>\n<p>Novinkou je\u00a0\u00a0miesto pre bicykle, priamo pri z\u00e1mku a napr\u00edklad aj:<\/p>\n<ul>\n<li>mo\u017enos\u0165 uzatvori\u0165 si bato\u017einu<\/li>\n<li>e-bike dob\u00edjanie bat\u00e9rie ( zdarma, jednoducho si d\u00e1te bat\u00e9riu do nab\u00edja\u010dky )<\/li>\n<li>m\u00f4\u017eete si spravi\u0165 mal\u00fa opravu aj vy, s\u00a0technikou, ktor\u00e1 tu pre bicykle je, vr\u00e1tane pumpy<\/li>\n<li>n\u00e1hradn\u00e9 du\u0161e do kolesa bicykla v\u00a0tunaj\u0161ej predajni pri kaviarni\u010dke<\/li>\n<li>ob\u010derstvenie \u2013 dobr\u00e1 k\u00e1vi\u010dka, \u010di \u201epivo z\u00a0lesa\u201c<\/li>\n<li>hojdacie siete a\u00a0leh\u00e1tka pre pr\u00edjemn\u00fd oddych\u00a0v\u00a0parku<\/li>\n<\/ul>\n<p>&nbsp;<\/p>\n<p style=\"text-align: center;\"><a href=\"https:\/\/slovaklinesmagazin.sk\/cms\/wp-content\/uploads\/2019\/07\/IMG_20190626_092113.jpg\"><img decoding=\"async\" class=\"aligncenter\" src=\"https:\/\/slovaklinesmagazin.sk\/cms\/wp-content\/uploads\/2019\/07\/IMG_20190626_092113-1024x768.jpg\" \/><\/a><\/p>\n<p>A\u00a0ke\u010f si objedn\u00e1te prehliadku, v\u010faka nej sa<strong>\u00a0<\/strong>vyd\u00e1te\u00a0\u00a0po stop\u00e1ch turbulentn\u00fdch \u010dias dedi\u010da tr\u00f3nu Franza Ferdinanda, ktor\u00fd na z\u00e1mku lovil, miloval ho\u00a0a\u00a0posledn\u00e9ho rak\u00faskeho cis\u00e1ra Karola, ktor\u00fd po prehl\u00e1sen\u00ed o\u00a0vzdan\u00ed sa tr\u00f3nu, v novembri 1918, zo z\u00e1mku spolu so svojou rodinou u\u0161iel za hranice Rak\u00faska. Za\u017eite pomyselne koniec dunajskej monarchie. Prehliadky z\u00e1mku s\u00fa aj v\u00a0slovenskom jazyku a\u00a0to do okt\u00f3bra 2022. \u010eal\u0161ie term\u00edny prehliadok\u00a0<strong>v\u00a0sloven\u010dine bud\u00fa: 10. j\u00fala v nede\u013eu o\u00a015:00 hodine, 07. augusta v\u00a0nede\u013eu o\u00a010:30 hodine, 18. septembra v nede\u013eu o\u00a015:00 hodine<\/strong>. Registr\u00e1cia vopred nie je potrebn\u00e1.<\/p>\n<p>Vstupn\u00e9 na prehliadku stoj\u00ed:<br \/>\nDospel\u00fd 12,- \u20ac | senior, \u0161tudent 11,- \u20ac | die\u0165a (od 7 rokov) 7,50,- \u20ac<\/p>\n<p><strong>V\u00a0z\u00e1mku akceptuj\u00fa aj kartu Doln\u00e9ho Rak\u00faska \u2013 N\u00d6-Card.<\/strong><\/p>\n<p>Pre skupiny 6 a viac os\u00f4b je mo\u017en\u00e9 si rezervova\u0165 prehliadku vopred v individu\u00e1lne dohodnutom\u00a0\u010dase\u00a0<strong>aj v sloven\u010dine<\/strong>. T\u00ed v\u0161ak, ktor\u00ed ovl\u00e1daj\u00fa nemeck\u00fd jazyk maj\u00fa mo\u017enos\u0165 prehliadok aj v\u00a0in\u00fdch term\u00ednoch.<\/p>\n<p>Viac n\u00e1jdete v\u00a0sloven\u010dine na:\u00a0<a href=\"http:\/\/www.schlosseckartsau.at\/\">www.schlosseckartsau.at<\/a>\u00a0a\u00a0na turistickom port\u00e1li\u00a0<a href=\"http:\/\/www.kamkam.eu\/\">www.kamkam.eu<\/a>\u00a0aj na:\u00a0<a href=\"https:\/\/www.schloesserreich.at\/\">https:\/\/www.schloesserreich.at<\/a>, v\u00a0nem\u010dine.<\/p>\n<p>Pre skupiny od 6 os\u00f4b je mo\u017en\u00e9 t\u00fato prehliadku rezervovat&#8216; aj v individu\u00e1lnom case. Nap\u00ed\u0161te n\u00e1m mail: schlosseckartsau@bundesforste.at<\/p>\n<p>Po\u010das podujat\u00ed m\u00f4\u017ee d\u00f4js\u0165 pri prehliadkach z\u00e1mku k obmedzeniam.<br \/>\n\u010eakujeme za pochopenie a\u00a0samozrejme sa te\u0161\u00edme sa na Va\u0161u n\u00e1v\u0161tevu!<br \/>\nV\u00a0pr\u00edpade va\u0161ich ot\u00e1zok, n\u00e1s nev\u00e1hajte kontaktova\u0165.<\/p>\n<p>Te\u0161\u00edme sa na V\u00e1\u0161 mail: schlosseckartsau@bundesforste.at<\/p>\n<p style=\"text-align: center;\">Viacej inform\u00e1ci\u00ed n\u00e1jdete aj tu: https:\/\/www.schlosseckartsau.at\/,<\/p>\n<p style=\"text-align: center;\">alebo aj tu:<\/p>\n<p><a href=\"http:\/\/www.kamkam.eu\/\"><img decoding=\"async\" class=\"aligncenter\" src=\"https:\/\/slovaklinesmagazin.sk\/cms\/wp-content\/uploads\/2018\/04\/logo-kamkam.png\" \/><\/a><\/p>\n<p>Fotografia na titulke: Schloss_Eckartsau\u00a9Schiffer.jpg<\/p>\n<p>&nbsp;<\/p>\n<p>&nbsp;<\/p>\n<p>&nbsp;<\/p>\n","protected":false},"excerpt":{"rendered":"<p>V\u00a0rak\u00faskom meste\u010dku Eckertsau, pri eur\u00f3pskom ve\u013etoku rieky Dunaj, je jedine\u010dn\u00e9 miesto, kde sa tvorili nielen dejiny Eur\u00f3py, ale i\u00a0dne\u0161n\u00e1 realita modern\u00e9ho spolo\u010denstva n\u00e1rodov. V\u00a0okol\u00ed tohto miesta sa rozprestiera pr\u00edrodn\u00e1 oblas\u0165 N\u00e1rodn\u00e9ho parku Dunajsk\u00e9 lu\u017en\u00e9 lesy \u2013 Donau \u2013 Auten. Korene z\u00e1mock\u00fdch dej\u00edn siahaj\u00fa a\u017e do 12. storo\u010dia . V\u00a018. storo\u010d\u00ed sa zmenil kamenn\u00fd vodn\u00fd hrad [&hellip;]<\/p>\n","protected":false},"author":7,"featured_media":84137,"comment_status":"closed","ping_status":"closed","sticky":false,"template":"","format":"standard","meta":{"footnotes":""},"categories":[13,45,52,56,50,48],"tags":[],"class_list":["post-84135","post","type-post","status-publish","format-standard","has-post-thumbnail","hentry","category-real-estate","category-nas-tip","category-outdoor","category-priroda","category-radim-vam","category-umenie-a-kultura","eq-blocks"],"_links":{"self":[{"href":"https:\/\/www.slovaklinesmagazin.sk\/cms\/wp-json\/wp\/v2\/posts\/84135","targetHints":{"allow":["GET"]}}],"collection":[{"href":"https:\/\/www.slovaklinesmagazin.sk\/cms\/wp-json\/wp\/v2\/posts"}],"about":[{"href":"https:\/\/www.slovaklinesmagazin.sk\/cms\/wp-json\/wp\/v2\/types\/post"}],"author":[{"embeddable":true,"href":"https:\/\/www.slovaklinesmagazin.sk\/cms\/wp-json\/wp\/v2\/users\/7"}],"replies":[{"embeddable":true,"href":"https:\/\/www.slovaklinesmagazin.sk\/cms\/wp-json\/wp\/v2\/comments?post=84135"}],"version-history":[{"count":6,"href":"https:\/\/www.slovaklinesmagazin.sk\/cms\/wp-json\/wp\/v2\/posts\/84135\/revisions"}],"predecessor-version":[{"id":90926,"href":"https:\/\/www.slovaklinesmagazin.sk\/cms\/wp-json\/wp\/v2\/posts\/84135\/revisions\/90926"}],"wp:featuredmedia":[{"embeddable":true,"href":"https:\/\/www.slovaklinesmagazin.sk\/cms\/wp-json\/wp\/v2\/media\/84137"}],"wp:attachment":[{"href":"https:\/\/www.slovaklinesmagazin.sk\/cms\/wp-json\/wp\/v2\/media?parent=84135"}],"wp:term":[{"taxonomy":"category","embeddable":true,"href":"https:\/\/www.slovaklinesmagazin.sk\/cms\/wp-json\/wp\/v2\/categories?post=84135"},{"taxonomy":"post_tag","embeddable":true,"href":"https:\/\/www.slovaklinesmagazin.sk\/cms\/wp-json\/wp\/v2\/tags?post=84135"}],"curies":[{"name":"wp","href":"https:\/\/api.w.org\/{rel}","templated":true}]}}