{"id":84177,"date":"2019-07-22T17:10:53","date_gmt":"2019-07-22T15:10:53","guid":{"rendered":"https:\/\/slovaklinesmagazin.sk\/cms\/?p=84177"},"modified":"2019-07-22T17:10:53","modified_gmt":"2019-07-22T15:10:53","slug":"nocne-prehliadky-historiou-mesta-su-uz-v-plnom-prude","status":"publish","type":"post","link":"https:\/\/www.slovaklinesmagazin.sk\/cms\/2019\/07\/nocne-prehliadky-historiou-mesta-su-uz-v-plnom-prude\/","title":{"rendered":"No\u010dn\u00e9 prehliadky hist\u00f3riou mesta s\u00fa u\u017e v\u00a0plnom pr\u00fade!"},"content":{"rendered":"<p><strong>Pr\u00ed\u010f spozna\u0165 Bansk\u00fa Bystricu trochu inak.<\/strong><\/p>\n<p><strong>Oblastn\u00e1 organiz\u00e1cia cestovn\u00e9ho ruchu Stredn\u00e9 Slovensko v spolupr\u00e1ci s partnermi organizuje po\u010das leta origin\u00e1lne podujatie No\u010dn\u00e9 prehliadky hist\u00f3riou mesta. Tie minul\u00fd rok zaznamenali ve\u013ek\u00fd \u00faspech a\u00a0pozit\u00edvne ohlasy, a\u00a0preto ich m\u00f4\u017eete za\u017ei\u0165 tento rok op\u00e4\u0165.<\/strong><\/p>\n<p style=\"text-align: center;\"><a href=\"https:\/\/slovaklinesmagazin.sk\/cms\/wp-content\/uploads\/2019\/07\/2019-07-12-Prehliadka-mestom-BB-10.jpg\"><img decoding=\"async\" class=\"aligncenter\" src=\"https:\/\/slovaklinesmagazin.sk\/cms\/wp-content\/uploads\/2019\/07\/2019-07-12-Prehliadka-mestom-BB-10-1024x683.jpg\" \/><\/a><\/p>\n<p>No\u010dn\u00e9 prehliadky hist\u00f3riou mesta s\u00fa interakt\u00edvne divadelno-\u0161ermiarske vyst\u00fapenia, ktor\u00e9 pribl\u00ed\u017eia n\u00e1v\u0161tevn\u00edkom zn\u00e1me i menej zn\u00e1me udalosti a predstavia osobnosti Banskej Bystrice z nov\u0161ej i\u00a0d\u00e1vnej\u0161ej minulosti.<\/p>\n<p>\u201e<em>\u00da\u010dastn\u00edci prehliadky putuj\u00fa mestom a spozn\u00e1vaj\u00fa r\u00f4zne pam\u00e4tihodnosti. Vo viacer\u00fdch pr\u00edpadoch sa dostan\u00fa aj do priestorov, ktor\u00e9 nie s\u00fa be\u017ene spr\u00edstupnen\u00e9\u201c, <\/em>informuje J\u00e1n Nosko, predseda predstavenstva OOCR Stredn\u00e9 Slovensko.<\/p>\n<p>No\u010dn\u00e9 prehliadky mesta s\u00fa spojen\u00e9 s odborn\u00fdm v\u00fdkladom a doplnen\u00e9 predov\u0161etk\u00fdm vynikaj\u00facimi hereck\u00fdmi a in\u00fdmi umeleck\u00fdmi v\u00fdkonmi \u0161ermiarskych skup\u00edn. \u201e<em>Toto obohatenie divadeln\u00fdmi sc\u00e9nkami vtiahne \u00fa\u010dastn\u00edkov e\u0161te o\u00a0\u010dosi viac do d\u00e1vnej minulosti, pom\u00f4\u017ee im bli\u017e\u0161ie si predstavi\u0165 konkr\u00e9tnu osobnos\u0165 alebo udalos\u0165 spojen\u00fa s hist\u00f3riou dan\u00e9ho miesta. Prehliadky s\u00fa tak pre mnoh\u00fdch skvel\u00fdm ve\u010dern\u00fdm z\u00e1\u017eitkom,\u201c<\/em> pribli\u017euje Dominika Morav\u010d\u00edkov\u00e1, destina\u010dn\u00fd koordin\u00e1tor OOCR Stredn\u00e9 Slovensko.<\/p>\n<p style=\"text-align: center;\"><a href=\"https:\/\/slovaklinesmagazin.sk\/cms\/wp-content\/uploads\/2019\/07\/2019-07-12-Prehliadka-mestom-BB-65.jpg\"><img decoding=\"async\" class=\"aligncenter\" src=\"https:\/\/slovaklinesmagazin.sk\/cms\/wp-content\/uploads\/2019\/07\/2019-07-12-Prehliadka-mestom-BB-65-1024x683.jpg\" \/><\/a><\/p>\n<p>Celkov\u00fd z\u00e1\u017eitok z prehliadky umoc\u0148uje ve\u010dern\u00e1 a\u00a0v\u00a0pr\u00edpade ve\u013ek\u00fdch okruhov a\u017e no\u010dn\u00e1 atmosf\u00e9ra mesta. Tvorba programu prebieha v\u00a0spolupr\u00e1ci so \u0161ikovn\u00fdmi hercami z\u00a0komp\u00e1nie historicko-sc\u00e9nick\u00e9ho \u0161ermu a sokoliarstva Vir Fortis zo Zvolena a\u00a0zo spolku vesel\u00fdch \u0161ermiarov Cassanova z Banskej Bystrice.<\/p>\n<p><em>\u201eV\u00a0r\u00e1mci No\u010dn\u00fdch prehliadok spolupracujeme aj s\u00a0Mestom Bansk\u00e1 Bystrica,\u00a0 Stredoslovensk\u00fdm m\u00fazeom a\u00a0M\u00fazeom Slovensk\u00e9ho n\u00e1rodn\u00e9ho povstania, ktor\u00e9 svojou \u00fastretovos\u0165ou pri zabezpe\u010den\u00ed historick\u00fdch priestorov po\u010das prehliadok v\u00fdznamne prispievaj\u00fa k\u00a0ich atrakt\u00edvnosti pre \u00fa\u010dastn\u00edkov\u201c,<\/em> dod\u00e1va Ji\u0159\u00ed P\u011b\u010d, v\u00fdkonn\u00fd riadite\u013e OOCR Stredn\u00e9 Slovensko.<\/p>\n<p>Prehliadky sa m\u00f4\u017eete po\u010das leta z\u00fa\u010dastni\u0165 ka\u017ed\u00fd utorok, kedy s\u00fa napl\u00e1novan\u00e9 mal\u00e9 okruhy, v\u00a0trvan\u00ed pribli\u017ene 1,30h. Okrem mal\u00fdch okruhov sa v\u00a0auguste uskuto\u010dnia aj 2 ve\u013ek\u00e9 okruhy, z\u00a0ktor\u00fdch ka\u017ed\u00fd trv\u00e1 2 hodiny. Za\u010diatok no\u010dnej prehliadky je v\u017edy pred Radnicou (N\u00e1m. SNP 1, Bansk\u00e1 Bystrica). Vstupenky s\u00fa k dispoz\u00edcii v Informa\u010dnom centre alebo na mieste pred za\u010diatkom podujatia.<\/p>\n<p>Podujatie podporil z verejn\u00fdch zdrojov aj Fond na podporu umenia.<\/p>\n<p style=\"text-align: center;\"><a href=\"https:\/\/slovaklinesmagazin.sk\/cms\/wp-content\/uploads\/2019\/07\/2019-07-02-Prehliadka-mestom-BB-39.jpg\"><img decoding=\"async\" class=\"aligncenter\" src=\"https:\/\/slovaklinesmagazin.sk\/cms\/wp-content\/uploads\/2019\/07\/2019-07-02-Prehliadka-mestom-BB-39-1024x683.jpg\" \/><\/a><\/p>\n<p>\u010eal\u0161ie skvel\u00e9 z\u00e1\u017eitky v regi\u00f3ne, ktor\u00e9 na V\u00e1s toto leto \u010dakaj\u00fa n\u00e1jdete na:<\/p>\n<p><a href=\"http:\/\/www.centralslovakia.eu\">www.centralslovakia.eu\u00a0 \u00a0<\/a><\/p>\n<p><a href=\"http:\/\/www.zahoramizadolami.sk\">www.zahoramizadolami.sk<\/a><\/p>\n<p>Viac fotografii z prehliadok Banskej Bystrici, si mo\u017eete pozrie\u0165 tu:<\/p>\n<div id='gallery-1' class='gallery galleryid-84177 gallery-columns-3 gallery-size-large'><figure class='gallery-item'>\n\t\t\t<div class='gallery-icon landscape'>\n\t\t\t\t<a href='https:\/\/www.slovaklinesmagazin.sk\/cms\/2019\/07\/nocne-prehliadky-historiou-mesta-su-uz-v-plnom-prude\/2019-07-02-prehliadka-mestom-bb-01\/'><img loading=\"lazy\" decoding=\"async\" width=\"640\" height=\"427\" src=\"https:\/\/www.slovaklinesmagazin.sk\/cms\/wp-content\/uploads\/2019\/07\/2019-07-02-Prehliadka-mestom-BB-01-1024x683.jpg\" class=\"attachment-large size-large\" alt=\"\" srcset=\"https:\/\/www.slovaklinesmagazin.sk\/cms\/wp-content\/uploads\/2019\/07\/2019-07-02-Prehliadka-mestom-BB-01-1024x683.jpg 1024w, https:\/\/www.slovaklinesmagazin.sk\/cms\/wp-content\/uploads\/2019\/07\/2019-07-02-Prehliadka-mestom-BB-01-300x200.jpg 300w, https:\/\/www.slovaklinesmagazin.sk\/cms\/wp-content\/uploads\/2019\/07\/2019-07-02-Prehliadka-mestom-BB-01-768x512.jpg 768w, https:\/\/www.slovaklinesmagazin.sk\/cms\/wp-content\/uploads\/2019\/07\/2019-07-02-Prehliadka-mestom-BB-01-600x400.jpg 600w, https:\/\/www.slovaklinesmagazin.sk\/cms\/wp-content\/uploads\/2019\/07\/2019-07-02-Prehliadka-mestom-BB-01-304x203.jpg 304w, https:\/\/www.slovaklinesmagazin.sk\/cms\/wp-content\/uploads\/2019\/07\/2019-07-02-Prehliadka-mestom-BB-01-296x197.jpg 296w\" sizes=\"auto, (max-width: 640px) 100vw, 640px\" \/><\/a>\n\t\t\t<\/div><\/figure><figure class='gallery-item'>\n\t\t\t<div class='gallery-icon landscape'>\n\t\t\t\t<a href='https:\/\/www.slovaklinesmagazin.sk\/cms\/2019\/07\/nocne-prehliadky-historiou-mesta-su-uz-v-plnom-prude\/2019-07-02-prehliadka-mestom-bb-18\/'><img loading=\"lazy\" decoding=\"async\" width=\"640\" height=\"427\" src=\"https:\/\/www.slovaklinesmagazin.sk\/cms\/wp-content\/uploads\/2019\/07\/2019-07-02-Prehliadka-mestom-BB-18-1024x683.jpg\" class=\"attachment-large size-large\" alt=\"\" srcset=\"https:\/\/www.slovaklinesmagazin.sk\/cms\/wp-content\/uploads\/2019\/07\/2019-07-02-Prehliadka-mestom-BB-18-1024x683.jpg 1024w, https:\/\/www.slovaklinesmagazin.sk\/cms\/wp-content\/uploads\/2019\/07\/2019-07-02-Prehliadka-mestom-BB-18-300x200.jpg 300w, https:\/\/www.slovaklinesmagazin.sk\/cms\/wp-content\/uploads\/2019\/07\/2019-07-02-Prehliadka-mestom-BB-18-768x512.jpg 768w, https:\/\/www.slovaklinesmagazin.sk\/cms\/wp-content\/uploads\/2019\/07\/2019-07-02-Prehliadka-mestom-BB-18-600x400.jpg 600w, https:\/\/www.slovaklinesmagazin.sk\/cms\/wp-content\/uploads\/2019\/07\/2019-07-02-Prehliadka-mestom-BB-18-304x203.jpg 304w, https:\/\/www.slovaklinesmagazin.sk\/cms\/wp-content\/uploads\/2019\/07\/2019-07-02-Prehliadka-mestom-BB-18-296x197.jpg 296w\" sizes=\"auto, (max-width: 640px) 100vw, 640px\" \/><\/a>\n\t\t\t<\/div><\/figure><figure class='gallery-item'>\n\t\t\t<div class='gallery-icon landscape'>\n\t\t\t\t<a href='https:\/\/www.slovaklinesmagazin.sk\/cms\/2019\/07\/nocne-prehliadky-historiou-mesta-su-uz-v-plnom-prude\/2019-07-02-prehliadka-mestom-bb-19\/'><img loading=\"lazy\" decoding=\"async\" width=\"640\" height=\"427\" src=\"https:\/\/www.slovaklinesmagazin.sk\/cms\/wp-content\/uploads\/2019\/07\/2019-07-02-Prehliadka-mestom-BB-19-1024x683.jpg\" class=\"attachment-large size-large\" alt=\"\" srcset=\"https:\/\/www.slovaklinesmagazin.sk\/cms\/wp-content\/uploads\/2019\/07\/2019-07-02-Prehliadka-mestom-BB-19-1024x683.jpg 1024w, https:\/\/www.slovaklinesmagazin.sk\/cms\/wp-content\/uploads\/2019\/07\/2019-07-02-Prehliadka-mestom-BB-19-300x200.jpg 300w, https:\/\/www.slovaklinesmagazin.sk\/cms\/wp-content\/uploads\/2019\/07\/2019-07-02-Prehliadka-mestom-BB-19-768x512.jpg 768w, https:\/\/www.slovaklinesmagazin.sk\/cms\/wp-content\/uploads\/2019\/07\/2019-07-02-Prehliadka-mestom-BB-19-600x400.jpg 600w, https:\/\/www.slovaklinesmagazin.sk\/cms\/wp-content\/uploads\/2019\/07\/2019-07-02-Prehliadka-mestom-BB-19-304x203.jpg 304w, https:\/\/www.slovaklinesmagazin.sk\/cms\/wp-content\/uploads\/2019\/07\/2019-07-02-Prehliadka-mestom-BB-19-296x197.jpg 296w\" sizes=\"auto, (max-width: 640px) 100vw, 640px\" \/><\/a>\n\t\t\t<\/div><\/figure><figure class='gallery-item'>\n\t\t\t<div class='gallery-icon landscape'>\n\t\t\t\t<a href='https:\/\/www.slovaklinesmagazin.sk\/cms\/2019\/07\/nocne-prehliadky-historiou-mesta-su-uz-v-plnom-prude\/2019-07-02-prehliadka-mestom-bb-20\/'><img loading=\"lazy\" decoding=\"async\" width=\"640\" height=\"427\" src=\"https:\/\/www.slovaklinesmagazin.sk\/cms\/wp-content\/uploads\/2019\/07\/2019-07-02-Prehliadka-mestom-BB-20-1024x683.jpg\" class=\"attachment-large size-large\" alt=\"\" srcset=\"https:\/\/www.slovaklinesmagazin.sk\/cms\/wp-content\/uploads\/2019\/07\/2019-07-02-Prehliadka-mestom-BB-20-1024x683.jpg 1024w, https:\/\/www.slovaklinesmagazin.sk\/cms\/wp-content\/uploads\/2019\/07\/2019-07-02-Prehliadka-mestom-BB-20-300x200.jpg 300w, https:\/\/www.slovaklinesmagazin.sk\/cms\/wp-content\/uploads\/2019\/07\/2019-07-02-Prehliadka-mestom-BB-20-768x512.jpg 768w, https:\/\/www.slovaklinesmagazin.sk\/cms\/wp-content\/uploads\/2019\/07\/2019-07-02-Prehliadka-mestom-BB-20-600x400.jpg 600w, https:\/\/www.slovaklinesmagazin.sk\/cms\/wp-content\/uploads\/2019\/07\/2019-07-02-Prehliadka-mestom-BB-20-304x203.jpg 304w, https:\/\/www.slovaklinesmagazin.sk\/cms\/wp-content\/uploads\/2019\/07\/2019-07-02-Prehliadka-mestom-BB-20-296x197.jpg 296w\" sizes=\"auto, (max-width: 640px) 100vw, 640px\" \/><\/a>\n\t\t\t<\/div><\/figure><figure class='gallery-item'>\n\t\t\t<div class='gallery-icon landscape'>\n\t\t\t\t<a href='https:\/\/www.slovaklinesmagazin.sk\/cms\/2019\/07\/nocne-prehliadky-historiou-mesta-su-uz-v-plnom-prude\/2019-07-02-prehliadka-mestom-bb-24\/'><img loading=\"lazy\" decoding=\"async\" width=\"640\" height=\"427\" src=\"https:\/\/www.slovaklinesmagazin.sk\/cms\/wp-content\/uploads\/2019\/07\/2019-07-02-Prehliadka-mestom-BB-24-1024x683.jpg\" class=\"attachment-large size-large\" alt=\"\" srcset=\"https:\/\/www.slovaklinesmagazin.sk\/cms\/wp-content\/uploads\/2019\/07\/2019-07-02-Prehliadka-mestom-BB-24-1024x683.jpg 1024w, https:\/\/www.slovaklinesmagazin.sk\/cms\/wp-content\/uploads\/2019\/07\/2019-07-02-Prehliadka-mestom-BB-24-300x200.jpg 300w, https:\/\/www.slovaklinesmagazin.sk\/cms\/wp-content\/uploads\/2019\/07\/2019-07-02-Prehliadka-mestom-BB-24-768x512.jpg 768w, https:\/\/www.slovaklinesmagazin.sk\/cms\/wp-content\/uploads\/2019\/07\/2019-07-02-Prehliadka-mestom-BB-24-600x400.jpg 600w, https:\/\/www.slovaklinesmagazin.sk\/cms\/wp-content\/uploads\/2019\/07\/2019-07-02-Prehliadka-mestom-BB-24-304x203.jpg 304w, https:\/\/www.slovaklinesmagazin.sk\/cms\/wp-content\/uploads\/2019\/07\/2019-07-02-Prehliadka-mestom-BB-24-296x197.jpg 296w\" sizes=\"auto, (max-width: 640px) 100vw, 640px\" \/><\/a>\n\t\t\t<\/div><\/figure><figure class='gallery-item'>\n\t\t\t<div class='gallery-icon landscape'>\n\t\t\t\t<a href='https:\/\/www.slovaklinesmagazin.sk\/cms\/2019\/07\/nocne-prehliadky-historiou-mesta-su-uz-v-plnom-prude\/2019-07-02-prehliadka-mestom-bb-25\/'><img loading=\"lazy\" decoding=\"async\" width=\"640\" height=\"427\" src=\"https:\/\/www.slovaklinesmagazin.sk\/cms\/wp-content\/uploads\/2019\/07\/2019-07-02-Prehliadka-mestom-BB-25-1024x683.jpg\" class=\"attachment-large size-large\" alt=\"\" srcset=\"https:\/\/www.slovaklinesmagazin.sk\/cms\/wp-content\/uploads\/2019\/07\/2019-07-02-Prehliadka-mestom-BB-25-1024x683.jpg 1024w, https:\/\/www.slovaklinesmagazin.sk\/cms\/wp-content\/uploads\/2019\/07\/2019-07-02-Prehliadka-mestom-BB-25-300x200.jpg 300w, https:\/\/www.slovaklinesmagazin.sk\/cms\/wp-content\/uploads\/2019\/07\/2019-07-02-Prehliadka-mestom-BB-25-768x512.jpg 768w, https:\/\/www.slovaklinesmagazin.sk\/cms\/wp-content\/uploads\/2019\/07\/2019-07-02-Prehliadka-mestom-BB-25-600x400.jpg 600w, https:\/\/www.slovaklinesmagazin.sk\/cms\/wp-content\/uploads\/2019\/07\/2019-07-02-Prehliadka-mestom-BB-25-304x203.jpg 304w, https:\/\/www.slovaklinesmagazin.sk\/cms\/wp-content\/uploads\/2019\/07\/2019-07-02-Prehliadka-mestom-BB-25-296x197.jpg 296w\" sizes=\"auto, (max-width: 640px) 100vw, 640px\" \/><\/a>\n\t\t\t<\/div><\/figure><figure class='gallery-item'>\n\t\t\t<div class='gallery-icon landscape'>\n\t\t\t\t<a href='https:\/\/www.slovaklinesmagazin.sk\/cms\/2019\/07\/nocne-prehliadky-historiou-mesta-su-uz-v-plnom-prude\/2019-07-02-prehliadka-mestom-bb-26\/'><img loading=\"lazy\" decoding=\"async\" width=\"640\" height=\"427\" src=\"https:\/\/www.slovaklinesmagazin.sk\/cms\/wp-content\/uploads\/2019\/07\/2019-07-02-Prehliadka-mestom-BB-26-1024x683.jpg\" class=\"attachment-large size-large\" alt=\"\" srcset=\"https:\/\/www.slovaklinesmagazin.sk\/cms\/wp-content\/uploads\/2019\/07\/2019-07-02-Prehliadka-mestom-BB-26-1024x683.jpg 1024w, https:\/\/www.slovaklinesmagazin.sk\/cms\/wp-content\/uploads\/2019\/07\/2019-07-02-Prehliadka-mestom-BB-26-300x200.jpg 300w, https:\/\/www.slovaklinesmagazin.sk\/cms\/wp-content\/uploads\/2019\/07\/2019-07-02-Prehliadka-mestom-BB-26-768x512.jpg 768w, https:\/\/www.slovaklinesmagazin.sk\/cms\/wp-content\/uploads\/2019\/07\/2019-07-02-Prehliadka-mestom-BB-26-600x400.jpg 600w, https:\/\/www.slovaklinesmagazin.sk\/cms\/wp-content\/uploads\/2019\/07\/2019-07-02-Prehliadka-mestom-BB-26-304x203.jpg 304w, https:\/\/www.slovaklinesmagazin.sk\/cms\/wp-content\/uploads\/2019\/07\/2019-07-02-Prehliadka-mestom-BB-26-296x197.jpg 296w\" sizes=\"auto, (max-width: 640px) 100vw, 640px\" \/><\/a>\n\t\t\t<\/div><\/figure><figure class='gallery-item'>\n\t\t\t<div class='gallery-icon landscape'>\n\t\t\t\t<a href='https:\/\/www.slovaklinesmagazin.sk\/cms\/2019\/07\/nocne-prehliadky-historiou-mesta-su-uz-v-plnom-prude\/2019-07-02-prehliadka-mestom-bb-27\/'><img loading=\"lazy\" decoding=\"async\" width=\"640\" height=\"427\" src=\"https:\/\/www.slovaklinesmagazin.sk\/cms\/wp-content\/uploads\/2019\/07\/2019-07-02-Prehliadka-mestom-BB-27-1024x683.jpg\" class=\"attachment-large size-large\" alt=\"\" srcset=\"https:\/\/www.slovaklinesmagazin.sk\/cms\/wp-content\/uploads\/2019\/07\/2019-07-02-Prehliadka-mestom-BB-27-1024x683.jpg 1024w, https:\/\/www.slovaklinesmagazin.sk\/cms\/wp-content\/uploads\/2019\/07\/2019-07-02-Prehliadka-mestom-BB-27-300x200.jpg 300w, https:\/\/www.slovaklinesmagazin.sk\/cms\/wp-content\/uploads\/2019\/07\/2019-07-02-Prehliadka-mestom-BB-27-768x512.jpg 768w, https:\/\/www.slovaklinesmagazin.sk\/cms\/wp-content\/uploads\/2019\/07\/2019-07-02-Prehliadka-mestom-BB-27-600x400.jpg 600w, https:\/\/www.slovaklinesmagazin.sk\/cms\/wp-content\/uploads\/2019\/07\/2019-07-02-Prehliadka-mestom-BB-27-304x203.jpg 304w, https:\/\/www.slovaklinesmagazin.sk\/cms\/wp-content\/uploads\/2019\/07\/2019-07-02-Prehliadka-mestom-BB-27-296x197.jpg 296w\" sizes=\"auto, (max-width: 640px) 100vw, 640px\" \/><\/a>\n\t\t\t<\/div><\/figure><figure class='gallery-item'>\n\t\t\t<div class='gallery-icon landscape'>\n\t\t\t\t<a href='https:\/\/www.slovaklinesmagazin.sk\/cms\/2019\/07\/nocne-prehliadky-historiou-mesta-su-uz-v-plnom-prude\/2019-07-02-prehliadka-mestom-bb-37\/'><img loading=\"lazy\" decoding=\"async\" width=\"640\" height=\"427\" src=\"https:\/\/www.slovaklinesmagazin.sk\/cms\/wp-content\/uploads\/2019\/07\/2019-07-02-Prehliadka-mestom-BB-37-1024x683.jpg\" class=\"attachment-large size-large\" alt=\"\" srcset=\"https:\/\/www.slovaklinesmagazin.sk\/cms\/wp-content\/uploads\/2019\/07\/2019-07-02-Prehliadka-mestom-BB-37-1024x683.jpg 1024w, https:\/\/www.slovaklinesmagazin.sk\/cms\/wp-content\/uploads\/2019\/07\/2019-07-02-Prehliadka-mestom-BB-37-300x200.jpg 300w, https:\/\/www.slovaklinesmagazin.sk\/cms\/wp-content\/uploads\/2019\/07\/2019-07-02-Prehliadka-mestom-BB-37-768x512.jpg 768w, https:\/\/www.slovaklinesmagazin.sk\/cms\/wp-content\/uploads\/2019\/07\/2019-07-02-Prehliadka-mestom-BB-37-600x400.jpg 600w, https:\/\/www.slovaklinesmagazin.sk\/cms\/wp-content\/uploads\/2019\/07\/2019-07-02-Prehliadka-mestom-BB-37-304x203.jpg 304w, https:\/\/www.slovaklinesmagazin.sk\/cms\/wp-content\/uploads\/2019\/07\/2019-07-02-Prehliadka-mestom-BB-37-296x197.jpg 296w\" sizes=\"auto, (max-width: 640px) 100vw, 640px\" \/><\/a>\n\t\t\t<\/div><\/figure><figure class='gallery-item'>\n\t\t\t<div class='gallery-icon landscape'>\n\t\t\t\t<a href='https:\/\/www.slovaklinesmagazin.sk\/cms\/2019\/07\/nocne-prehliadky-historiou-mesta-su-uz-v-plnom-prude\/2019-07-02-prehliadka-mestom-bb-38\/'><img loading=\"lazy\" decoding=\"async\" width=\"640\" height=\"427\" src=\"https:\/\/www.slovaklinesmagazin.sk\/cms\/wp-content\/uploads\/2019\/07\/2019-07-02-Prehliadka-mestom-BB-38-1024x683.jpg\" class=\"attachment-large size-large\" alt=\"\" srcset=\"https:\/\/www.slovaklinesmagazin.sk\/cms\/wp-content\/uploads\/2019\/07\/2019-07-02-Prehliadka-mestom-BB-38-1024x683.jpg 1024w, https:\/\/www.slovaklinesmagazin.sk\/cms\/wp-content\/uploads\/2019\/07\/2019-07-02-Prehliadka-mestom-BB-38-300x200.jpg 300w, https:\/\/www.slovaklinesmagazin.sk\/cms\/wp-content\/uploads\/2019\/07\/2019-07-02-Prehliadka-mestom-BB-38-768x512.jpg 768w, https:\/\/www.slovaklinesmagazin.sk\/cms\/wp-content\/uploads\/2019\/07\/2019-07-02-Prehliadka-mestom-BB-38-600x400.jpg 600w, https:\/\/www.slovaklinesmagazin.sk\/cms\/wp-content\/uploads\/2019\/07\/2019-07-02-Prehliadka-mestom-BB-38-304x203.jpg 304w, https:\/\/www.slovaklinesmagazin.sk\/cms\/wp-content\/uploads\/2019\/07\/2019-07-02-Prehliadka-mestom-BB-38-296x197.jpg 296w\" sizes=\"auto, (max-width: 640px) 100vw, 640px\" \/><\/a>\n\t\t\t<\/div><\/figure><figure class='gallery-item'>\n\t\t\t<div class='gallery-icon landscape'>\n\t\t\t\t<a href='https:\/\/www.slovaklinesmagazin.sk\/cms\/2019\/07\/nocne-prehliadky-historiou-mesta-su-uz-v-plnom-prude\/2019-07-02-prehliadka-mestom-bb-39-2\/'><img loading=\"lazy\" decoding=\"async\" width=\"640\" height=\"427\" src=\"https:\/\/www.slovaklinesmagazin.sk\/cms\/wp-content\/uploads\/2019\/07\/2019-07-02-Prehliadka-mestom-BB-39-1-1024x683.jpg\" class=\"attachment-large size-large\" alt=\"\" srcset=\"https:\/\/www.slovaklinesmagazin.sk\/cms\/wp-content\/uploads\/2019\/07\/2019-07-02-Prehliadka-mestom-BB-39-1-1024x683.jpg 1024w, https:\/\/www.slovaklinesmagazin.sk\/cms\/wp-content\/uploads\/2019\/07\/2019-07-02-Prehliadka-mestom-BB-39-1-300x200.jpg 300w, https:\/\/www.slovaklinesmagazin.sk\/cms\/wp-content\/uploads\/2019\/07\/2019-07-02-Prehliadka-mestom-BB-39-1-768x512.jpg 768w, https:\/\/www.slovaklinesmagazin.sk\/cms\/wp-content\/uploads\/2019\/07\/2019-07-02-Prehliadka-mestom-BB-39-1-600x400.jpg 600w, https:\/\/www.slovaklinesmagazin.sk\/cms\/wp-content\/uploads\/2019\/07\/2019-07-02-Prehliadka-mestom-BB-39-1-304x203.jpg 304w, https:\/\/www.slovaklinesmagazin.sk\/cms\/wp-content\/uploads\/2019\/07\/2019-07-02-Prehliadka-mestom-BB-39-1-296x197.jpg 296w\" sizes=\"auto, (max-width: 640px) 100vw, 640px\" \/><\/a>\n\t\t\t<\/div><\/figure><figure class='gallery-item'>\n\t\t\t<div class='gallery-icon landscape'>\n\t\t\t\t<a href='https:\/\/www.slovaklinesmagazin.sk\/cms\/2019\/07\/nocne-prehliadky-historiou-mesta-su-uz-v-plnom-prude\/2019-07-12-prehliadka-mestom-bb-04\/'><img loading=\"lazy\" decoding=\"async\" width=\"640\" height=\"427\" src=\"https:\/\/www.slovaklinesmagazin.sk\/cms\/wp-content\/uploads\/2019\/07\/2019-07-12-Prehliadka-mestom-BB-04-1024x683.jpg\" class=\"attachment-large size-large\" alt=\"\" srcset=\"https:\/\/www.slovaklinesmagazin.sk\/cms\/wp-content\/uploads\/2019\/07\/2019-07-12-Prehliadka-mestom-BB-04-1024x683.jpg 1024w, https:\/\/www.slovaklinesmagazin.sk\/cms\/wp-content\/uploads\/2019\/07\/2019-07-12-Prehliadka-mestom-BB-04-300x200.jpg 300w, https:\/\/www.slovaklinesmagazin.sk\/cms\/wp-content\/uploads\/2019\/07\/2019-07-12-Prehliadka-mestom-BB-04-768x512.jpg 768w, https:\/\/www.slovaklinesmagazin.sk\/cms\/wp-content\/uploads\/2019\/07\/2019-07-12-Prehliadka-mestom-BB-04-600x400.jpg 600w, https:\/\/www.slovaklinesmagazin.sk\/cms\/wp-content\/uploads\/2019\/07\/2019-07-12-Prehliadka-mestom-BB-04-304x203.jpg 304w, https:\/\/www.slovaklinesmagazin.sk\/cms\/wp-content\/uploads\/2019\/07\/2019-07-12-Prehliadka-mestom-BB-04-296x197.jpg 296w\" sizes=\"auto, (max-width: 640px) 100vw, 640px\" \/><\/a>\n\t\t\t<\/div><\/figure><figure class='gallery-item'>\n\t\t\t<div class='gallery-icon landscape'>\n\t\t\t\t<a href='https:\/\/www.slovaklinesmagazin.sk\/cms\/2019\/07\/nocne-prehliadky-historiou-mesta-su-uz-v-plnom-prude\/2019-07-12-prehliadka-mestom-bb-10-2\/'><img loading=\"lazy\" decoding=\"async\" width=\"640\" height=\"427\" src=\"https:\/\/www.slovaklinesmagazin.sk\/cms\/wp-content\/uploads\/2019\/07\/2019-07-12-Prehliadka-mestom-BB-10-1-1024x683.jpg\" class=\"attachment-large size-large\" alt=\"\" srcset=\"https:\/\/www.slovaklinesmagazin.sk\/cms\/wp-content\/uploads\/2019\/07\/2019-07-12-Prehliadka-mestom-BB-10-1-1024x683.jpg 1024w, https:\/\/www.slovaklinesmagazin.sk\/cms\/wp-content\/uploads\/2019\/07\/2019-07-12-Prehliadka-mestom-BB-10-1-300x200.jpg 300w, https:\/\/www.slovaklinesmagazin.sk\/cms\/wp-content\/uploads\/2019\/07\/2019-07-12-Prehliadka-mestom-BB-10-1-768x512.jpg 768w, https:\/\/www.slovaklinesmagazin.sk\/cms\/wp-content\/uploads\/2019\/07\/2019-07-12-Prehliadka-mestom-BB-10-1-600x400.jpg 600w, https:\/\/www.slovaklinesmagazin.sk\/cms\/wp-content\/uploads\/2019\/07\/2019-07-12-Prehliadka-mestom-BB-10-1-304x203.jpg 304w, https:\/\/www.slovaklinesmagazin.sk\/cms\/wp-content\/uploads\/2019\/07\/2019-07-12-Prehliadka-mestom-BB-10-1-296x197.jpg 296w\" sizes=\"auto, (max-width: 640px) 100vw, 640px\" \/><\/a>\n\t\t\t<\/div><\/figure><figure class='gallery-item'>\n\t\t\t<div class='gallery-icon portrait'>\n\t\t\t\t<a href='https:\/\/www.slovaklinesmagazin.sk\/cms\/2019\/07\/nocne-prehliadky-historiou-mesta-su-uz-v-plnom-prude\/2019-07-12-prehliadka-mestom-bb-11\/'><img loading=\"lazy\" decoding=\"async\" width=\"640\" height=\"960\" src=\"https:\/\/www.slovaklinesmagazin.sk\/cms\/wp-content\/uploads\/2019\/07\/2019-07-12-Prehliadka-mestom-BB-11-683x1024.jpg\" class=\"attachment-large size-large\" alt=\"\" srcset=\"https:\/\/www.slovaklinesmagazin.sk\/cms\/wp-content\/uploads\/2019\/07\/2019-07-12-Prehliadka-mestom-BB-11-683x1024.jpg 683w, https:\/\/www.slovaklinesmagazin.sk\/cms\/wp-content\/uploads\/2019\/07\/2019-07-12-Prehliadka-mestom-BB-11-200x300.jpg 200w, https:\/\/www.slovaklinesmagazin.sk\/cms\/wp-content\/uploads\/2019\/07\/2019-07-12-Prehliadka-mestom-BB-11-768x1152.jpg 768w, https:\/\/www.slovaklinesmagazin.sk\/cms\/wp-content\/uploads\/2019\/07\/2019-07-12-Prehliadka-mestom-BB-11-600x900.jpg 600w, https:\/\/www.slovaklinesmagazin.sk\/cms\/wp-content\/uploads\/2019\/07\/2019-07-12-Prehliadka-mestom-BB-11-304x456.jpg 304w, https:\/\/www.slovaklinesmagazin.sk\/cms\/wp-content\/uploads\/2019\/07\/2019-07-12-Prehliadka-mestom-BB-11-296x444.jpg 296w\" sizes=\"auto, (max-width: 640px) 100vw, 640px\" \/><\/a>\n\t\t\t<\/div><\/figure><figure class='gallery-item'>\n\t\t\t<div class='gallery-icon landscape'>\n\t\t\t\t<a href='https:\/\/www.slovaklinesmagazin.sk\/cms\/2019\/07\/nocne-prehliadky-historiou-mesta-su-uz-v-plnom-prude\/2019-07-12-prehliadka-mestom-bb-24\/'><img loading=\"lazy\" decoding=\"async\" width=\"640\" height=\"427\" src=\"https:\/\/www.slovaklinesmagazin.sk\/cms\/wp-content\/uploads\/2019\/07\/2019-07-12-Prehliadka-mestom-BB-24-1024x683.jpg\" class=\"attachment-large size-large\" alt=\"\" srcset=\"https:\/\/www.slovaklinesmagazin.sk\/cms\/wp-content\/uploads\/2019\/07\/2019-07-12-Prehliadka-mestom-BB-24-1024x683.jpg 1024w, https:\/\/www.slovaklinesmagazin.sk\/cms\/wp-content\/uploads\/2019\/07\/2019-07-12-Prehliadka-mestom-BB-24-300x200.jpg 300w, https:\/\/www.slovaklinesmagazin.sk\/cms\/wp-content\/uploads\/2019\/07\/2019-07-12-Prehliadka-mestom-BB-24-768x512.jpg 768w, https:\/\/www.slovaklinesmagazin.sk\/cms\/wp-content\/uploads\/2019\/07\/2019-07-12-Prehliadka-mestom-BB-24-600x400.jpg 600w, https:\/\/www.slovaklinesmagazin.sk\/cms\/wp-content\/uploads\/2019\/07\/2019-07-12-Prehliadka-mestom-BB-24-304x203.jpg 304w, https:\/\/www.slovaklinesmagazin.sk\/cms\/wp-content\/uploads\/2019\/07\/2019-07-12-Prehliadka-mestom-BB-24-296x197.jpg 296w\" sizes=\"auto, (max-width: 640px) 100vw, 640px\" \/><\/a>\n\t\t\t<\/div><\/figure><figure class='gallery-item'>\n\t\t\t<div class='gallery-icon landscape'>\n\t\t\t\t<a href='https:\/\/www.slovaklinesmagazin.sk\/cms\/2019\/07\/nocne-prehliadky-historiou-mesta-su-uz-v-plnom-prude\/2019-07-12-prehliadka-mestom-bb-29\/'><img loading=\"lazy\" decoding=\"async\" width=\"640\" height=\"427\" src=\"https:\/\/www.slovaklinesmagazin.sk\/cms\/wp-content\/uploads\/2019\/07\/2019-07-12-Prehliadka-mestom-BB-29-1024x683.jpg\" class=\"attachment-large size-large\" alt=\"\" srcset=\"https:\/\/www.slovaklinesmagazin.sk\/cms\/wp-content\/uploads\/2019\/07\/2019-07-12-Prehliadka-mestom-BB-29-1024x683.jpg 1024w, https:\/\/www.slovaklinesmagazin.sk\/cms\/wp-content\/uploads\/2019\/07\/2019-07-12-Prehliadka-mestom-BB-29-300x200.jpg 300w, https:\/\/www.slovaklinesmagazin.sk\/cms\/wp-content\/uploads\/2019\/07\/2019-07-12-Prehliadka-mestom-BB-29-768x512.jpg 768w, https:\/\/www.slovaklinesmagazin.sk\/cms\/wp-content\/uploads\/2019\/07\/2019-07-12-Prehliadka-mestom-BB-29-600x400.jpg 600w, https:\/\/www.slovaklinesmagazin.sk\/cms\/wp-content\/uploads\/2019\/07\/2019-07-12-Prehliadka-mestom-BB-29-304x203.jpg 304w, https:\/\/www.slovaklinesmagazin.sk\/cms\/wp-content\/uploads\/2019\/07\/2019-07-12-Prehliadka-mestom-BB-29-296x197.jpg 296w\" sizes=\"auto, (max-width: 640px) 100vw, 640px\" \/><\/a>\n\t\t\t<\/div><\/figure><figure class='gallery-item'>\n\t\t\t<div class='gallery-icon landscape'>\n\t\t\t\t<a href='https:\/\/www.slovaklinesmagazin.sk\/cms\/2019\/07\/nocne-prehliadky-historiou-mesta-su-uz-v-plnom-prude\/2019-07-12-prehliadka-mestom-bb-39\/'><img loading=\"lazy\" decoding=\"async\" width=\"640\" height=\"360\" src=\"https:\/\/www.slovaklinesmagazin.sk\/cms\/wp-content\/uploads\/2019\/07\/2019-07-12-Prehliadka-mestom-BB-39-1024x576.jpg\" class=\"attachment-large size-large\" alt=\"\" srcset=\"https:\/\/www.slovaklinesmagazin.sk\/cms\/wp-content\/uploads\/2019\/07\/2019-07-12-Prehliadka-mestom-BB-39-1024x576.jpg 1024w, https:\/\/www.slovaklinesmagazin.sk\/cms\/wp-content\/uploads\/2019\/07\/2019-07-12-Prehliadka-mestom-BB-39-300x169.jpg 300w, https:\/\/www.slovaklinesmagazin.sk\/cms\/wp-content\/uploads\/2019\/07\/2019-07-12-Prehliadka-mestom-BB-39-768x432.jpg 768w, https:\/\/www.slovaklinesmagazin.sk\/cms\/wp-content\/uploads\/2019\/07\/2019-07-12-Prehliadka-mestom-BB-39-600x337.jpg 600w, https:\/\/www.slovaklinesmagazin.sk\/cms\/wp-content\/uploads\/2019\/07\/2019-07-12-Prehliadka-mestom-BB-39-304x171.jpg 304w, https:\/\/www.slovaklinesmagazin.sk\/cms\/wp-content\/uploads\/2019\/07\/2019-07-12-Prehliadka-mestom-BB-39-296x166.jpg 296w\" sizes=\"auto, (max-width: 640px) 100vw, 640px\" \/><\/a>\n\t\t\t<\/div><\/figure><figure class='gallery-item'>\n\t\t\t<div class='gallery-icon landscape'>\n\t\t\t\t<a href='https:\/\/www.slovaklinesmagazin.sk\/cms\/2019\/07\/nocne-prehliadky-historiou-mesta-su-uz-v-plnom-prude\/2019-07-12-prehliadka-mestom-bb-41\/'><img loading=\"lazy\" decoding=\"async\" width=\"640\" height=\"360\" src=\"https:\/\/www.slovaklinesmagazin.sk\/cms\/wp-content\/uploads\/2019\/07\/2019-07-12-Prehliadka-mestom-BB-41-1024x576.jpg\" class=\"attachment-large size-large\" alt=\"\" srcset=\"https:\/\/www.slovaklinesmagazin.sk\/cms\/wp-content\/uploads\/2019\/07\/2019-07-12-Prehliadka-mestom-BB-41-1024x576.jpg 1024w, https:\/\/www.slovaklinesmagazin.sk\/cms\/wp-content\/uploads\/2019\/07\/2019-07-12-Prehliadka-mestom-BB-41-300x169.jpg 300w, https:\/\/www.slovaklinesmagazin.sk\/cms\/wp-content\/uploads\/2019\/07\/2019-07-12-Prehliadka-mestom-BB-41-768x432.jpg 768w, https:\/\/www.slovaklinesmagazin.sk\/cms\/wp-content\/uploads\/2019\/07\/2019-07-12-Prehliadka-mestom-BB-41-600x338.jpg 600w, https:\/\/www.slovaklinesmagazin.sk\/cms\/wp-content\/uploads\/2019\/07\/2019-07-12-Prehliadka-mestom-BB-41-304x171.jpg 304w, https:\/\/www.slovaklinesmagazin.sk\/cms\/wp-content\/uploads\/2019\/07\/2019-07-12-Prehliadka-mestom-BB-41-296x167.jpg 296w\" sizes=\"auto, (max-width: 640px) 100vw, 640px\" \/><\/a>\n\t\t\t<\/div><\/figure><figure class='gallery-item'>\n\t\t\t<div class='gallery-icon landscape'>\n\t\t\t\t<a href='https:\/\/www.slovaklinesmagazin.sk\/cms\/2019\/07\/nocne-prehliadky-historiou-mesta-su-uz-v-plnom-prude\/2019-07-12-prehliadka-mestom-bb-42\/'><img loading=\"lazy\" decoding=\"async\" width=\"640\" height=\"427\" src=\"https:\/\/www.slovaklinesmagazin.sk\/cms\/wp-content\/uploads\/2019\/07\/2019-07-12-Prehliadka-mestom-BB-42-1024x683.jpg\" class=\"attachment-large size-large\" alt=\"\" srcset=\"https:\/\/www.slovaklinesmagazin.sk\/cms\/wp-content\/uploads\/2019\/07\/2019-07-12-Prehliadka-mestom-BB-42-1024x683.jpg 1024w, https:\/\/www.slovaklinesmagazin.sk\/cms\/wp-content\/uploads\/2019\/07\/2019-07-12-Prehliadka-mestom-BB-42-300x200.jpg 300w, https:\/\/www.slovaklinesmagazin.sk\/cms\/wp-content\/uploads\/2019\/07\/2019-07-12-Prehliadka-mestom-BB-42-768x512.jpg 768w, https:\/\/www.slovaklinesmagazin.sk\/cms\/wp-content\/uploads\/2019\/07\/2019-07-12-Prehliadka-mestom-BB-42-600x400.jpg 600w, https:\/\/www.slovaklinesmagazin.sk\/cms\/wp-content\/uploads\/2019\/07\/2019-07-12-Prehliadka-mestom-BB-42-304x203.jpg 304w, https:\/\/www.slovaklinesmagazin.sk\/cms\/wp-content\/uploads\/2019\/07\/2019-07-12-Prehliadka-mestom-BB-42-296x197.jpg 296w\" sizes=\"auto, (max-width: 640px) 100vw, 640px\" \/><\/a>\n\t\t\t<\/div><\/figure><figure class='gallery-item'>\n\t\t\t<div class='gallery-icon landscape'>\n\t\t\t\t<a href='https:\/\/www.slovaklinesmagazin.sk\/cms\/2019\/07\/nocne-prehliadky-historiou-mesta-su-uz-v-plnom-prude\/2019-07-12-prehliadka-mestom-bb-51\/'><img loading=\"lazy\" decoding=\"async\" width=\"640\" height=\"427\" src=\"https:\/\/www.slovaklinesmagazin.sk\/cms\/wp-content\/uploads\/2019\/07\/2019-07-12-Prehliadka-mestom-BB-51-1024x683.jpg\" class=\"attachment-large size-large\" alt=\"\" srcset=\"https:\/\/www.slovaklinesmagazin.sk\/cms\/wp-content\/uploads\/2019\/07\/2019-07-12-Prehliadka-mestom-BB-51-1024x683.jpg 1024w, https:\/\/www.slovaklinesmagazin.sk\/cms\/wp-content\/uploads\/2019\/07\/2019-07-12-Prehliadka-mestom-BB-51-300x200.jpg 300w, https:\/\/www.slovaklinesmagazin.sk\/cms\/wp-content\/uploads\/2019\/07\/2019-07-12-Prehliadka-mestom-BB-51-768x512.jpg 768w, https:\/\/www.slovaklinesmagazin.sk\/cms\/wp-content\/uploads\/2019\/07\/2019-07-12-Prehliadka-mestom-BB-51-600x400.jpg 600w, https:\/\/www.slovaklinesmagazin.sk\/cms\/wp-content\/uploads\/2019\/07\/2019-07-12-Prehliadka-mestom-BB-51-304x203.jpg 304w, https:\/\/www.slovaklinesmagazin.sk\/cms\/wp-content\/uploads\/2019\/07\/2019-07-12-Prehliadka-mestom-BB-51-296x197.jpg 296w\" sizes=\"auto, (max-width: 640px) 100vw, 640px\" \/><\/a>\n\t\t\t<\/div><\/figure><figure class='gallery-item'>\n\t\t\t<div class='gallery-icon landscape'>\n\t\t\t\t<a href='https:\/\/www.slovaklinesmagazin.sk\/cms\/2019\/07\/nocne-prehliadky-historiou-mesta-su-uz-v-plnom-prude\/2019-07-12-prehliadka-mestom-bb-54-2\/'><img loading=\"lazy\" decoding=\"async\" width=\"640\" height=\"360\" src=\"https:\/\/www.slovaklinesmagazin.sk\/cms\/wp-content\/uploads\/2019\/07\/2019-07-12-Prehliadka-mestom-BB-54-1-1024x576.jpg\" class=\"attachment-large size-large\" alt=\"\" srcset=\"https:\/\/www.slovaklinesmagazin.sk\/cms\/wp-content\/uploads\/2019\/07\/2019-07-12-Prehliadka-mestom-BB-54-1-1024x576.jpg 1024w, https:\/\/www.slovaklinesmagazin.sk\/cms\/wp-content\/uploads\/2019\/07\/2019-07-12-Prehliadka-mestom-BB-54-1-300x169.jpg 300w, https:\/\/www.slovaklinesmagazin.sk\/cms\/wp-content\/uploads\/2019\/07\/2019-07-12-Prehliadka-mestom-BB-54-1-768x432.jpg 768w, https:\/\/www.slovaklinesmagazin.sk\/cms\/wp-content\/uploads\/2019\/07\/2019-07-12-Prehliadka-mestom-BB-54-1-600x338.jpg 600w, https:\/\/www.slovaklinesmagazin.sk\/cms\/wp-content\/uploads\/2019\/07\/2019-07-12-Prehliadka-mestom-BB-54-1-304x171.jpg 304w, https:\/\/www.slovaklinesmagazin.sk\/cms\/wp-content\/uploads\/2019\/07\/2019-07-12-Prehliadka-mestom-BB-54-1-296x167.jpg 296w\" sizes=\"auto, (max-width: 640px) 100vw, 640px\" \/><\/a>\n\t\t\t<\/div><\/figure><figure class='gallery-item'>\n\t\t\t<div class='gallery-icon landscape'>\n\t\t\t\t<a href='https:\/\/www.slovaklinesmagazin.sk\/cms\/2019\/07\/nocne-prehliadky-historiou-mesta-su-uz-v-plnom-prude\/2019-07-12-prehliadka-mestom-bb-64\/'><img loading=\"lazy\" decoding=\"async\" width=\"640\" height=\"427\" src=\"https:\/\/www.slovaklinesmagazin.sk\/cms\/wp-content\/uploads\/2019\/07\/2019-07-12-Prehliadka-mestom-BB-64-1024x683.jpg\" class=\"attachment-large size-large\" alt=\"\" srcset=\"https:\/\/www.slovaklinesmagazin.sk\/cms\/wp-content\/uploads\/2019\/07\/2019-07-12-Prehliadka-mestom-BB-64-1024x683.jpg 1024w, https:\/\/www.slovaklinesmagazin.sk\/cms\/wp-content\/uploads\/2019\/07\/2019-07-12-Prehliadka-mestom-BB-64-300x200.jpg 300w, https:\/\/www.slovaklinesmagazin.sk\/cms\/wp-content\/uploads\/2019\/07\/2019-07-12-Prehliadka-mestom-BB-64-768x512.jpg 768w, https:\/\/www.slovaklinesmagazin.sk\/cms\/wp-content\/uploads\/2019\/07\/2019-07-12-Prehliadka-mestom-BB-64-600x400.jpg 600w, https:\/\/www.slovaklinesmagazin.sk\/cms\/wp-content\/uploads\/2019\/07\/2019-07-12-Prehliadka-mestom-BB-64-304x203.jpg 304w, https:\/\/www.slovaklinesmagazin.sk\/cms\/wp-content\/uploads\/2019\/07\/2019-07-12-Prehliadka-mestom-BB-64-296x197.jpg 296w\" sizes=\"auto, (max-width: 640px) 100vw, 640px\" \/><\/a>\n\t\t\t<\/div><\/figure><figure class='gallery-item'>\n\t\t\t<div class='gallery-icon landscape'>\n\t\t\t\t<a href='https:\/\/www.slovaklinesmagazin.sk\/cms\/2019\/07\/nocne-prehliadky-historiou-mesta-su-uz-v-plnom-prude\/2019-07-12-prehliadka-mestom-bb-65-2\/'><img loading=\"lazy\" decoding=\"async\" width=\"640\" height=\"427\" src=\"https:\/\/www.slovaklinesmagazin.sk\/cms\/wp-content\/uploads\/2019\/07\/2019-07-12-Prehliadka-mestom-BB-65-1-1024x683.jpg\" class=\"attachment-large size-large\" alt=\"\" srcset=\"https:\/\/www.slovaklinesmagazin.sk\/cms\/wp-content\/uploads\/2019\/07\/2019-07-12-Prehliadka-mestom-BB-65-1-1024x683.jpg 1024w, https:\/\/www.slovaklinesmagazin.sk\/cms\/wp-content\/uploads\/2019\/07\/2019-07-12-Prehliadka-mestom-BB-65-1-300x200.jpg 300w, https:\/\/www.slovaklinesmagazin.sk\/cms\/wp-content\/uploads\/2019\/07\/2019-07-12-Prehliadka-mestom-BB-65-1-768x512.jpg 768w, https:\/\/www.slovaklinesmagazin.sk\/cms\/wp-content\/uploads\/2019\/07\/2019-07-12-Prehliadka-mestom-BB-65-1-600x400.jpg 600w, https:\/\/www.slovaklinesmagazin.sk\/cms\/wp-content\/uploads\/2019\/07\/2019-07-12-Prehliadka-mestom-BB-65-1-304x203.jpg 304w, https:\/\/www.slovaklinesmagazin.sk\/cms\/wp-content\/uploads\/2019\/07\/2019-07-12-Prehliadka-mestom-BB-65-1-296x197.jpg 296w\" sizes=\"auto, (max-width: 640px) 100vw, 640px\" \/><\/a>\n\t\t\t<\/div><\/figure><figure class='gallery-item'>\n\t\t\t<div class='gallery-icon landscape'>\n\t\t\t\t<a href='https:\/\/www.slovaklinesmagazin.sk\/cms\/2019\/07\/nocne-prehliadky-historiou-mesta-su-uz-v-plnom-prude\/2019-07-12-prehliadka-mestom-bb-77\/'><img loading=\"lazy\" decoding=\"async\" width=\"640\" height=\"427\" src=\"https:\/\/www.slovaklinesmagazin.sk\/cms\/wp-content\/uploads\/2019\/07\/2019-07-12-Prehliadka-mestom-BB-77-1024x683.jpg\" class=\"attachment-large size-large\" alt=\"\" srcset=\"https:\/\/www.slovaklinesmagazin.sk\/cms\/wp-content\/uploads\/2019\/07\/2019-07-12-Prehliadka-mestom-BB-77-1024x683.jpg 1024w, https:\/\/www.slovaklinesmagazin.sk\/cms\/wp-content\/uploads\/2019\/07\/2019-07-12-Prehliadka-mestom-BB-77-300x200.jpg 300w, https:\/\/www.slovaklinesmagazin.sk\/cms\/wp-content\/uploads\/2019\/07\/2019-07-12-Prehliadka-mestom-BB-77-768x512.jpg 768w, https:\/\/www.slovaklinesmagazin.sk\/cms\/wp-content\/uploads\/2019\/07\/2019-07-12-Prehliadka-mestom-BB-77-600x400.jpg 600w, https:\/\/www.slovaklinesmagazin.sk\/cms\/wp-content\/uploads\/2019\/07\/2019-07-12-Prehliadka-mestom-BB-77-304x203.jpg 304w, https:\/\/www.slovaklinesmagazin.sk\/cms\/wp-content\/uploads\/2019\/07\/2019-07-12-Prehliadka-mestom-BB-77-296x197.jpg 296w\" sizes=\"auto, (max-width: 640px) 100vw, 640px\" \/><\/a>\n\t\t\t<\/div><\/figure><figure class='gallery-item'>\n\t\t\t<div class='gallery-icon landscape'>\n\t\t\t\t<a href='https:\/\/www.slovaklinesmagazin.sk\/cms\/2019\/07\/nocne-prehliadky-historiou-mesta-su-uz-v-plnom-prude\/2019-07-12-prehliadka-mestom-bb-78\/'><img loading=\"lazy\" decoding=\"async\" width=\"640\" height=\"427\" src=\"https:\/\/www.slovaklinesmagazin.sk\/cms\/wp-content\/uploads\/2019\/07\/2019-07-12-Prehliadka-mestom-BB-78-1024x683.jpg\" class=\"attachment-large size-large\" alt=\"\" srcset=\"https:\/\/www.slovaklinesmagazin.sk\/cms\/wp-content\/uploads\/2019\/07\/2019-07-12-Prehliadka-mestom-BB-78-1024x683.jpg 1024w, https:\/\/www.slovaklinesmagazin.sk\/cms\/wp-content\/uploads\/2019\/07\/2019-07-12-Prehliadka-mestom-BB-78-300x200.jpg 300w, https:\/\/www.slovaklinesmagazin.sk\/cms\/wp-content\/uploads\/2019\/07\/2019-07-12-Prehliadka-mestom-BB-78-768x512.jpg 768w, https:\/\/www.slovaklinesmagazin.sk\/cms\/wp-content\/uploads\/2019\/07\/2019-07-12-Prehliadka-mestom-BB-78-600x400.jpg 600w, https:\/\/www.slovaklinesmagazin.sk\/cms\/wp-content\/uploads\/2019\/07\/2019-07-12-Prehliadka-mestom-BB-78-304x203.jpg 304w, https:\/\/www.slovaklinesmagazin.sk\/cms\/wp-content\/uploads\/2019\/07\/2019-07-12-Prehliadka-mestom-BB-78-296x197.jpg 296w\" sizes=\"auto, (max-width: 640px) 100vw, 640px\" \/><\/a>\n\t\t\t<\/div><\/figure><figure class='gallery-item'>\n\t\t\t<div class='gallery-icon portrait'>\n\t\t\t\t<a href='https:\/\/www.slovaklinesmagazin.sk\/cms\/2019\/07\/nocne-prehliadky-historiou-mesta-su-uz-v-plnom-prude\/2019-07-12-prehliadka-mestom-bb-79\/'><img loading=\"lazy\" decoding=\"async\" width=\"640\" height=\"960\" src=\"https:\/\/www.slovaklinesmagazin.sk\/cms\/wp-content\/uploads\/2019\/07\/2019-07-12-Prehliadka-mestom-BB-79-683x1024.jpg\" class=\"attachment-large size-large\" alt=\"\" srcset=\"https:\/\/www.slovaklinesmagazin.sk\/cms\/wp-content\/uploads\/2019\/07\/2019-07-12-Prehliadka-mestom-BB-79-683x1024.jpg 683w, https:\/\/www.slovaklinesmagazin.sk\/cms\/wp-content\/uploads\/2019\/07\/2019-07-12-Prehliadka-mestom-BB-79-200x300.jpg 200w, https:\/\/www.slovaklinesmagazin.sk\/cms\/wp-content\/uploads\/2019\/07\/2019-07-12-Prehliadka-mestom-BB-79-768x1152.jpg 768w, https:\/\/www.slovaklinesmagazin.sk\/cms\/wp-content\/uploads\/2019\/07\/2019-07-12-Prehliadka-mestom-BB-79-600x900.jpg 600w, https:\/\/www.slovaklinesmagazin.sk\/cms\/wp-content\/uploads\/2019\/07\/2019-07-12-Prehliadka-mestom-BB-79-304x456.jpg 304w, https:\/\/www.slovaklinesmagazin.sk\/cms\/wp-content\/uploads\/2019\/07\/2019-07-12-Prehliadka-mestom-BB-79-296x444.jpg 296w\" sizes=\"auto, (max-width: 640px) 100vw, 640px\" \/><\/a>\n\t\t\t<\/div><\/figure><figure class='gallery-item'>\n\t\t\t<div class='gallery-icon portrait'>\n\t\t\t\t<a href='https:\/\/www.slovaklinesmagazin.sk\/cms\/2019\/07\/nocne-prehliadky-historiou-mesta-su-uz-v-plnom-prude\/2019-07-12-prehliadka-mestom-bb-83\/'><img loading=\"lazy\" decoding=\"async\" width=\"640\" height=\"960\" src=\"https:\/\/www.slovaklinesmagazin.sk\/cms\/wp-content\/uploads\/2019\/07\/2019-07-12-Prehliadka-mestom-BB-83-683x1024.jpg\" class=\"attachment-large size-large\" alt=\"\" srcset=\"https:\/\/www.slovaklinesmagazin.sk\/cms\/wp-content\/uploads\/2019\/07\/2019-07-12-Prehliadka-mestom-BB-83-683x1024.jpg 683w, https:\/\/www.slovaklinesmagazin.sk\/cms\/wp-content\/uploads\/2019\/07\/2019-07-12-Prehliadka-mestom-BB-83-200x300.jpg 200w, https:\/\/www.slovaklinesmagazin.sk\/cms\/wp-content\/uploads\/2019\/07\/2019-07-12-Prehliadka-mestom-BB-83-768x1152.jpg 768w, https:\/\/www.slovaklinesmagazin.sk\/cms\/wp-content\/uploads\/2019\/07\/2019-07-12-Prehliadka-mestom-BB-83-600x900.jpg 600w, https:\/\/www.slovaklinesmagazin.sk\/cms\/wp-content\/uploads\/2019\/07\/2019-07-12-Prehliadka-mestom-BB-83-304x456.jpg 304w, https:\/\/www.slovaklinesmagazin.sk\/cms\/wp-content\/uploads\/2019\/07\/2019-07-12-Prehliadka-mestom-BB-83-296x444.jpg 296w\" sizes=\"auto, (max-width: 640px) 100vw, 640px\" \/><\/a>\n\t\t\t<\/div><\/figure><figure class='gallery-item'>\n\t\t\t<div class='gallery-icon landscape'>\n\t\t\t\t<a href='https:\/\/www.slovaklinesmagazin.sk\/cms\/2019\/07\/nocne-prehliadky-historiou-mesta-su-uz-v-plnom-prude\/2019-07-12-prehliadka-mestom-bb-84\/'><img loading=\"lazy\" decoding=\"async\" width=\"640\" height=\"427\" src=\"https:\/\/www.slovaklinesmagazin.sk\/cms\/wp-content\/uploads\/2019\/07\/2019-07-12-Prehliadka-mestom-BB-84-1024x683.jpg\" class=\"attachment-large size-large\" alt=\"\" srcset=\"https:\/\/www.slovaklinesmagazin.sk\/cms\/wp-content\/uploads\/2019\/07\/2019-07-12-Prehliadka-mestom-BB-84-1024x683.jpg 1024w, https:\/\/www.slovaklinesmagazin.sk\/cms\/wp-content\/uploads\/2019\/07\/2019-07-12-Prehliadka-mestom-BB-84-300x200.jpg 300w, https:\/\/www.slovaklinesmagazin.sk\/cms\/wp-content\/uploads\/2019\/07\/2019-07-12-Prehliadka-mestom-BB-84-768x512.jpg 768w, https:\/\/www.slovaklinesmagazin.sk\/cms\/wp-content\/uploads\/2019\/07\/2019-07-12-Prehliadka-mestom-BB-84-600x400.jpg 600w, https:\/\/www.slovaklinesmagazin.sk\/cms\/wp-content\/uploads\/2019\/07\/2019-07-12-Prehliadka-mestom-BB-84-304x203.jpg 304w, https:\/\/www.slovaklinesmagazin.sk\/cms\/wp-content\/uploads\/2019\/07\/2019-07-12-Prehliadka-mestom-BB-84-296x197.jpg 296w\" sizes=\"auto, (max-width: 640px) 100vw, 640px\" \/><\/a>\n\t\t\t<\/div><\/figure><figure class='gallery-item'>\n\t\t\t<div class='gallery-icon landscape'>\n\t\t\t\t<a href='https:\/\/www.slovaklinesmagazin.sk\/cms\/2019\/07\/nocne-prehliadky-historiou-mesta-su-uz-v-plnom-prude\/2019-07-12-prehliadka-mestom-bb-85\/'><img loading=\"lazy\" decoding=\"async\" width=\"640\" height=\"427\" src=\"https:\/\/www.slovaklinesmagazin.sk\/cms\/wp-content\/uploads\/2019\/07\/2019-07-12-Prehliadka-mestom-BB-85-1024x683.jpg\" class=\"attachment-large size-large\" alt=\"\" srcset=\"https:\/\/www.slovaklinesmagazin.sk\/cms\/wp-content\/uploads\/2019\/07\/2019-07-12-Prehliadka-mestom-BB-85-1024x683.jpg 1024w, https:\/\/www.slovaklinesmagazin.sk\/cms\/wp-content\/uploads\/2019\/07\/2019-07-12-Prehliadka-mestom-BB-85-300x200.jpg 300w, https:\/\/www.slovaklinesmagazin.sk\/cms\/wp-content\/uploads\/2019\/07\/2019-07-12-Prehliadka-mestom-BB-85-768x512.jpg 768w, https:\/\/www.slovaklinesmagazin.sk\/cms\/wp-content\/uploads\/2019\/07\/2019-07-12-Prehliadka-mestom-BB-85-600x400.jpg 600w, https:\/\/www.slovaklinesmagazin.sk\/cms\/wp-content\/uploads\/2019\/07\/2019-07-12-Prehliadka-mestom-BB-85-304x203.jpg 304w, https:\/\/www.slovaklinesmagazin.sk\/cms\/wp-content\/uploads\/2019\/07\/2019-07-12-Prehliadka-mestom-BB-85-296x197.jpg 296w\" sizes=\"auto, (max-width: 640px) 100vw, 640px\" \/><\/a>\n\t\t\t<\/div><\/figure><figure class='gallery-item'>\n\t\t\t<div class='gallery-icon landscape'>\n\t\t\t\t<a href='https:\/\/www.slovaklinesmagazin.sk\/cms\/2019\/07\/nocne-prehliadky-historiou-mesta-su-uz-v-plnom-prude\/2019-07-12-prehliadka-mestom-bb-87\/'><img loading=\"lazy\" decoding=\"async\" width=\"640\" height=\"427\" src=\"https:\/\/www.slovaklinesmagazin.sk\/cms\/wp-content\/uploads\/2019\/07\/2019-07-12-Prehliadka-mestom-BB-87-1024x683.jpg\" class=\"attachment-large size-large\" alt=\"\" srcset=\"https:\/\/www.slovaklinesmagazin.sk\/cms\/wp-content\/uploads\/2019\/07\/2019-07-12-Prehliadka-mestom-BB-87-1024x683.jpg 1024w, https:\/\/www.slovaklinesmagazin.sk\/cms\/wp-content\/uploads\/2019\/07\/2019-07-12-Prehliadka-mestom-BB-87-300x200.jpg 300w, https:\/\/www.slovaklinesmagazin.sk\/cms\/wp-content\/uploads\/2019\/07\/2019-07-12-Prehliadka-mestom-BB-87-768x512.jpg 768w, https:\/\/www.slovaklinesmagazin.sk\/cms\/wp-content\/uploads\/2019\/07\/2019-07-12-Prehliadka-mestom-BB-87-600x400.jpg 600w, https:\/\/www.slovaklinesmagazin.sk\/cms\/wp-content\/uploads\/2019\/07\/2019-07-12-Prehliadka-mestom-BB-87-304x203.jpg 304w, https:\/\/www.slovaklinesmagazin.sk\/cms\/wp-content\/uploads\/2019\/07\/2019-07-12-Prehliadka-mestom-BB-87-296x197.jpg 296w\" sizes=\"auto, (max-width: 640px) 100vw, 640px\" \/><\/a>\n\t\t\t<\/div><\/figure><figure class='gallery-item'>\n\t\t\t<div class='gallery-icon landscape'>\n\t\t\t\t<a href='https:\/\/www.slovaklinesmagazin.sk\/cms\/2019\/07\/nocne-prehliadky-historiou-mesta-su-uz-v-plnom-prude\/2019-07-12-prehliadka-mestom-bb-88\/'><img loading=\"lazy\" decoding=\"async\" width=\"640\" height=\"427\" src=\"https:\/\/www.slovaklinesmagazin.sk\/cms\/wp-content\/uploads\/2019\/07\/2019-07-12-Prehliadka-mestom-BB-88-1024x683.jpg\" class=\"attachment-large size-large\" alt=\"\" srcset=\"https:\/\/www.slovaklinesmagazin.sk\/cms\/wp-content\/uploads\/2019\/07\/2019-07-12-Prehliadka-mestom-BB-88-1024x683.jpg 1024w, https:\/\/www.slovaklinesmagazin.sk\/cms\/wp-content\/uploads\/2019\/07\/2019-07-12-Prehliadka-mestom-BB-88-300x200.jpg 300w, https:\/\/www.slovaklinesmagazin.sk\/cms\/wp-content\/uploads\/2019\/07\/2019-07-12-Prehliadka-mestom-BB-88-768x512.jpg 768w, https:\/\/www.slovaklinesmagazin.sk\/cms\/wp-content\/uploads\/2019\/07\/2019-07-12-Prehliadka-mestom-BB-88-600x400.jpg 600w, https:\/\/www.slovaklinesmagazin.sk\/cms\/wp-content\/uploads\/2019\/07\/2019-07-12-Prehliadka-mestom-BB-88-304x203.jpg 304w, https:\/\/www.slovaklinesmagazin.sk\/cms\/wp-content\/uploads\/2019\/07\/2019-07-12-Prehliadka-mestom-BB-88-296x197.jpg 296w\" sizes=\"auto, (max-width: 640px) 100vw, 640px\" \/><\/a>\n\t\t\t<\/div><\/figure>\n\t\t<\/div>\n\n<p>&nbsp;<\/p>\n<p>&nbsp;<\/p>\n","protected":false},"excerpt":{"rendered":"<p>Pr\u00ed\u010f spozna\u0165 Bansk\u00fa Bystricu trochu inak. Oblastn\u00e1 organiz\u00e1cia cestovn\u00e9ho ruchu Stredn\u00e9 Slovensko v spolupr\u00e1ci s partnermi organizuje po\u010das leta origin\u00e1lne podujatie No\u010dn\u00e9 prehliadky hist\u00f3riou mesta. Tie minul\u00fd rok zaznamenali ve\u013ek\u00fd \u00faspech a\u00a0pozit\u00edvne ohlasy, a\u00a0preto ich m\u00f4\u017eete za\u017ei\u0165 tento rok op\u00e4\u0165. No\u010dn\u00e9 prehliadky hist\u00f3riou mesta s\u00fa interakt\u00edvne divadelno-\u0161ermiarske vyst\u00fapenia, ktor\u00e9 pribl\u00ed\u017eia n\u00e1v\u0161tevn\u00edkom zn\u00e1me i menej zn\u00e1me [&hellip;]<\/p>\n","protected":false},"author":7,"featured_media":84178,"comment_status":"closed","ping_status":"closed","sticky":false,"template":"","format":"standard","meta":{"footnotes":""},"categories":[13,45,11,52,50,48],"tags":[],"class_list":["post-84177","post","type-post","status-publish","format-standard","has-post-thumbnail","hentry","category-real-estate","category-nas-tip","category-news","category-outdoor","category-radim-vam","category-umenie-a-kultura","eq-blocks"],"_links":{"self":[{"href":"https:\/\/www.slovaklinesmagazin.sk\/cms\/wp-json\/wp\/v2\/posts\/84177","targetHints":{"allow":["GET"]}}],"collection":[{"href":"https:\/\/www.slovaklinesmagazin.sk\/cms\/wp-json\/wp\/v2\/posts"}],"about":[{"href":"https:\/\/www.slovaklinesmagazin.sk\/cms\/wp-json\/wp\/v2\/types\/post"}],"author":[{"embeddable":true,"href":"https:\/\/www.slovaklinesmagazin.sk\/cms\/wp-json\/wp\/v2\/users\/7"}],"replies":[{"embeddable":true,"href":"https:\/\/www.slovaklinesmagazin.sk\/cms\/wp-json\/wp\/v2\/comments?post=84177"}],"version-history":[{"count":1,"href":"https:\/\/www.slovaklinesmagazin.sk\/cms\/wp-json\/wp\/v2\/posts\/84177\/revisions"}],"predecessor-version":[{"id":84214,"href":"https:\/\/www.slovaklinesmagazin.sk\/cms\/wp-json\/wp\/v2\/posts\/84177\/revisions\/84214"}],"wp:featuredmedia":[{"embeddable":true,"href":"https:\/\/www.slovaklinesmagazin.sk\/cms\/wp-json\/wp\/v2\/media\/84178"}],"wp:attachment":[{"href":"https:\/\/www.slovaklinesmagazin.sk\/cms\/wp-json\/wp\/v2\/media?parent=84177"}],"wp:term":[{"taxonomy":"category","embeddable":true,"href":"https:\/\/www.slovaklinesmagazin.sk\/cms\/wp-json\/wp\/v2\/categories?post=84177"},{"taxonomy":"post_tag","embeddable":true,"href":"https:\/\/www.slovaklinesmagazin.sk\/cms\/wp-json\/wp\/v2\/tags?post=84177"}],"curies":[{"name":"wp","href":"https:\/\/api.w.org\/{rel}","templated":true}]}}