{"id":84395,"date":"2019-08-27T14:54:28","date_gmt":"2019-08-27T12:54:28","guid":{"rendered":"https:\/\/slovaklinesmagazin.sk\/cms\/?p=84395"},"modified":"2019-08-28T08:14:09","modified_gmt":"2019-08-28T06:14:09","slug":"viete-preco-neuvadzaju-rocnik-tradicneho-trnavskeho-jarmoku","status":"publish","type":"post","link":"https:\/\/www.slovaklinesmagazin.sk\/cms\/2019\/08\/viete-preco-neuvadzaju-rocnik-tradicneho-trnavskeho-jarmoku\/","title":{"rendered":"VIETE, PRE\u010cO NEUV\u00c1DZAJ\u00da RO\u010cN\u00cdK TRADI\u010cN\u00c9HO TRNAVSK\u00c9HO JARMOKU?"},"content":{"rendered":"<p><strong>Vyberte sa do mesta, kde to prv\u00fd septembrov\u00fd t\u00fd\u017ede\u0148 bude \u017ei\u0165 trad\u00edciami, obchodom a z\u00e1bavou. V Trnave sa toti\u017e kon\u00e1 od 5. do 8. septembra Tradi\u010dn\u00fd Trnavsk\u00fd jarmok. \u010ci u\u017e sa te\u0161\u00edte na remeseln\u00edkov, rytierov, ob\u013e\u00faben\u00e9 kapely, v\u00fdborn\u00e9 jedlo, jarmo\u010dn\u00e9 dobroty, koloto\u010de \u010di stretnutia so zn\u00e1mymi, ur\u010dite by ste si ho nemali necha\u0165 ujs\u0165.<\/strong><\/p>\n<p style=\"text-align: center;\"><img decoding=\"async\" class=\"aligncenter\" src=\"https:\/\/slovaklinesmagazin.sk\/cms\/wp-content\/uploads\/2019\/08\/Stredovek-pod-hradbami-2_foto-Martin-Hesko.jpg\" \/><br \/>\nStredovek pod hradbami.<br \/>\nFoto Martin Hesko<\/p>\n<p>Jarmoky sa v\u00a0s\u00fa\u010dasnosti te\u0161ia rovnakej ob\u013eube ako kedysi. D\u00f4kazom toho je nieko\u013eko tis\u00edc n\u00e1v\u0161tevn\u00edkov, ktor\u00ed do Mal\u00e9ho R\u00edma pricestuj\u00fa, aby za\u017eili jeho v\u00fdnimo\u010dn\u00fa atmosf\u00e9ru. Nadv\u00e4zuje toti\u017e na bohat\u00fa trad\u00edciu d\u00e1vnych mestsk\u00fdch trhov. Ich hist\u00f3ria sa datuje od 13. storo\u010dia, kedy sa Trnava stala prv\u00fdm slobodn\u00fdm kr\u00e1\u013eovsk\u00fdm mestom.<\/p>\n<p><em>\u201eTradi\u010dn\u00fd Trnavsk\u00fd jarmok sa tento rok za\u010dne 5. septembra fanf\u00e1rami z\u00a0Mestskej ve\u017ee, ktor\u00fa m\u00f4\u017eete nav\u0161t\u00edvi\u0165 po\u010das jarmoku v\u00a0piatok a\u00a0v\u00a0sobotu od 10.00 do 23.00 h. a\u00a0v\u00a0nede\u013eu od 10.00 do 21.00 h. Ak si vy\u0161liapete 143 schodov Mestskej ve\u017ee, tak v\u00e1s odmen\u00ed najkraj\u0161\u00edm v\u00fdh\u013eadom na cel\u00e9 mesto a\u00a0okolie Mal\u00fdch Karp\u00e1t,\u201c <\/em>hovor\u00ed Michaela Poto\u010d\u00e1rov\u00e1, riadite\u013eka oblastnej organiz\u00e1cie cestovn\u00e9ho ruchu Trnava Tourism.<\/p>\n<p>V\u00e4\u010d\u0161ina programu sa bude kona\u0165 na Troji\u010dnom n\u00e1mest\u00ed, kde to v\u00a0piatok svojimi vyst\u00fapeniami od\u0161tartuj\u00fa \u0161t\u00fadio tanca Alegria a\u00a0S\u00fakromn\u00e9 tane\u010dn\u00e9 konzervat\u00f3rium D. Nebylu. O\u00a0hudobn\u00fd z\u00e1\u017eitok sa postaraj\u00fa In\u00e9 Kafe, He\u013eenine O\u010di, Libido, The Breakers a\u00a0 \u00edrsko-slovensk\u00e1 kapela Graeme Mark &amp; The Natives.<\/p>\n<p style=\"text-align: center;\"><img decoding=\"async\" class=\"aligncenter\" src=\"https:\/\/slovaklinesmagazin.sk\/cms\/wp-content\/uploads\/2019\/08\/Tradi\u010dn\u00fd-Trnavsk\u00fd-jarmok-5_foto-Martin-Hesko.jpg\" \/><\/p>\n<p style=\"text-align: center;\">Tradi\u010dn\u00fd Trnavsk\u00fd jarmok<br \/>\nFoto Martin Hesko<\/p>\n<p>Sobota bude zase patri\u0165 uk\u00e1\u017ekam pr\u00e1c a\u00a0kum\u0161tu \u013eudov\u00fdch remeseln\u00edkov s\u00a0vyst\u00fapeniami folkl\u00f3rnych s\u00faborov, Gocnogu, Gipsy Elegance, Angel \u010di King Shaolin. Ve\u010der o\u00a021:00 hod. e\u0161te viac rozpr\u00fadi z\u00e1bavu svojimi pies\u0148ami Krist\u00edna a\u00a0po nej Bukasov\u00fd Mas\u00edv. V\u00a0nede\u013eu sa m\u00f4\u017eete te\u0161i\u0165 na Cimbalovku Kroco, Mucha Quartet, P\u00e1nko a\u00a0\u013duba Vir\u00e1ga.<\/p>\n<p style=\"text-align: center;\"><img decoding=\"async\" class=\"aligncenter\" src=\"https:\/\/slovaklinesmagazin.sk\/cms\/wp-content\/uploads\/2019\/08\/Tradi\u010dn\u00fd-Trnavsk\u00fd-jarmok-9_foto-Mat\u00fa\u0161-Koprda.jpg\" \/>Tradi\u010dn\u00fd Trnavsk\u00fd jarmok<br \/>\nFoto Mat\u00fa\u0161 Koprda<\/p>\n<p>Nebude ch\u00fdba\u0165 ani ob\u013e\u00faben\u00e9 podujatie Stredovek pod hradbami v\u00a0Sade Antona Bernol\u00e1ka. V\u00a0piatok a\u00a0sobotu od 9:00 do 10:00 hod. tak za\u017eijete rytierske s\u00faboje \u010di lukostreleck\u00e9 turnaje, r\u00f4zne \u017eongl\u00e9rske predstavenia, nahliadnete do interakt\u00edvnych dobov\u00fdch t\u00e1borov a\u00a0ochutn\u00e1te aj dobov\u00fa kuchy\u0148u. Galaprogram sa bude kona\u0165 o\u00a020:30 hod. V\u00a0mestskom amfite\u00e1tri Trnava bude Rozl\u00fa\u010dka s\u00a0letom pre deti aj dospel\u00fdch, na ktorej vyst\u00fapi ob\u013e\u00faben\u00fd spev\u00e1k Miro Jaro\u0161, S\u00a0hudbou vesm\u00edrnou a\u00a0Bystr\u00edk banda.<\/p>\n<p style=\"text-align: center;\"><img decoding=\"async\" class=\"aligncenter\" src=\"https:\/\/slovaklinesmagazin.sk\/cms\/wp-content\/uploads\/2019\/08\/Tradi\u010dn\u00fd-Trnavsk\u00fd-jarmok_foto-Martin-Hesko.jpg\" \/>Tradi\u010dn\u00fd Trnavsk\u00fd jarmok<br \/>\nFoto Martin Hesko<\/p>\n<p>Po\u010das Tradi\u010dn\u00e9ho Trnavsk\u00e9ho jarmoku treba r\u00e1ta\u0165 s viacer\u00fdmi obmedzeniami. V piatok sa v Trnave bude hra\u0165 aj kvalifika\u010dn\u00fd z\u00e1pas medzi Slovenskom a Chorv\u00e1tskom. Pol\u00edcia preto odpor\u00fa\u010da n\u00e1v\u0161tevn\u00edkom, aby pod\u013ea mo\u017enosti necestovali v tento de\u0148 do Trnavy autami, kv\u00f4li o\u010dak\u00e1van\u00fdm komplik\u00e1ci\u00e1m s parkovan\u00edm a rad\u0161ej vyu\u017eili pr\u00edmestsk\u00fa hromadn\u00fa dopravu.<\/p>\n<p>Pokia\u013e si chcete Tradi\u010dn\u00fd trnavsk\u00fd jarmok naozaj u\u017ei\u0165 a\u00a0spozna\u0165 hist\u00f3riu tohto mesta, odpor\u00fa\u010dame ubytovacie zariadenia Hotel Holiday Inn****, Hotel Impiq****, Penzi\u00f3n Patriot*** \u010di Hotel Spectrum***, ktor\u00e9 pon\u00fakaj\u00fa parkovacie miesta priamo vo svojich\u00a0are\u00e1loch. Vy sa tak m\u00f4\u017eete zab\u00e1va\u0165 a\u00a0hlavne budete obohaten\u00ed o nov\u00e9 z\u00e1\u017eitky z\u00a0Trnavy.<\/p>\n<p><strong>Program: <\/strong><\/p>\n<p><strong>Troji\u010dn\u00e9 n\u00e1mestie<\/strong><\/p>\n<p><strong>Piatok 6. 9. 2019<\/strong><\/p>\n<p>15.00 h \u2013 \u0160t\u00fadio tanca Alegria<\/p>\n<p>15.45 h \u2013 S\u00fakromn\u00e9 tane\u010dn\u00e9 konzervat\u00f3rium D. Nebylu<\/p>\n<p>17.00 h \u2013 The Breakers<\/p>\n<p>18.30 h \u2013 Graeme Mark &amp; The Natives<\/p>\n<p>20.00 h \u2013 In\u00e9 Kafe<\/p>\n<p>21.30 h \u2013 He\u013eenine O\u010di<\/p>\n<p>23.00 h \u2013 Libido<\/p>\n<p><strong>Sobota 7. 9. 2019<\/strong><\/p>\n<p>15.00 h \u2013 Gocnog<\/p>\n<p>16.30 h \u2013 Gipsy Elegance<\/p>\n<p>18.00 h \u2013 Angel<\/p>\n<p>19.30 h \u2013 King Shaolin<\/p>\n<p>21.00 h \u2013 Krist\u00edna<\/p>\n<p>22.30 h \u2013 Bukasov\u00fd Mas\u00edv<\/p>\n<p><strong>Nede\u013ea 8. 9. 2019<\/strong><\/p>\n<p>14.30 h \u2013 Cimbalovka Kroco<\/p>\n<p>16.00 h \u2013 Mucha Quartet<\/p>\n<p>17.30 h \u2013 P\u00e1nko<\/p>\n<p>19.00 h \u2013 \u013dubo Vir\u00e1g<\/p>\n<p><strong>\u00a0<\/strong><\/p>\n<p><strong>Stredovek pod hradbami &#8211; Sad Antona Bernol\u00e1ka<\/strong><\/p>\n<p><strong>Piatok\u00a0 6. 9. 2019<\/strong><\/p>\n<p>9.00 h \u2013 22.00 h<\/p>\n<p>\u0161ermiarske, tane\u010dn\u00e9, streleck\u00e9, \u017eongl\u00e9rske predstavenia a interakt\u00edvne dobov\u00e9 t\u00e1bory<\/p>\n<p><strong>20.30 h \u2013 galaprogram<\/strong><\/p>\n<p><strong>\u00a0<\/strong><\/p>\n<p><strong>Sobota 7. 9. 2019<\/strong><\/p>\n<p>9.00 h \u2013 20.00 h<\/p>\n<p>\u0161ermiarske, tane\u010dn\u00e9, streleck\u00e9, \u017eongl\u00e9rske predstavenia a interakt\u00edvne dobov\u00e9 t\u00e1bory<\/p>\n<p><strong>\u00a0<\/strong><\/p>\n<p><strong>Rozl\u00fa\u010dka s letom<\/strong><\/p>\n<p><strong>sobota 7. 9. 2019<\/strong><\/p>\n<p>20.30 h Mestsk\u00fd amfite\u00e1ter Trnava<\/p>\n<p>S hudbou vesm\u00edrnou<\/p>\n<p>Bystr\u00edk Banda<\/p>\n<p><strong>\u00a0<\/strong><\/p>\n<p><strong>Rozl\u00fa\u010dka s letom pre deti<\/strong><\/p>\n<p><strong>sobota 7. 9. 2019<\/strong><\/p>\n<p>17.00 h Mestsk\u00fd amfite\u00e1ter Trnava<\/p>\n<p>Miro Jaro\u0161<\/p>\n<p><strong>Zdroj foto: <\/strong>Mat\u00fa\u0161 Koprda, Martin Hesko, Marek Martinek,<\/p>\n<p>Foto na titulke: Tradi\u010dn\u00fd Trnavsk\u00fd jarmok Marek Martinek<\/p>\n<p><a href=\"https:\/\/slovaklinesmagazin.sk\/cms\/wp-content\/uploads\/2019\/08\/jarmok-plagat.jpg\"><img decoding=\"async\" class=\"aligncenter\" src=\"https:\/\/slovaklinesmagazin.sk\/cms\/wp-content\/uploads\/2019\/08\/jarmok-plagat.jpg\" \/><\/a><img decoding=\"async\" class=\"aligncenter\" src=\"https:\/\/slovaklinesmagazin.sk\/cms\/wp-content\/uploads\/2019\/08\/jarmok-program.jpg\" \/><br \/>\n<a href=\"https:\/\/slovaklinesmagazin.sk\/cms\/wp-content\/uploads\/2019\/08\/Mestsk\u00e1-ve\u017ea_foto-Mat\u00fa\u0161-Koprda.jpg\"><img decoding=\"async\" class=\"aligncenter\" src=\"https:\/\/slovaklinesmagazin.sk\/cms\/wp-content\/uploads\/2019\/08\/Mestsk\u00e1-ve\u017ea_foto-Mat\u00fa\u0161-Koprda.jpg\" \/><\/a> <a href=\"https:\/\/slovaklinesmagazin.sk\/cms\/wp-content\/uploads\/2019\/08\/Stredovek-pod-hradbami-2_foto-Martin-Hesko-1.jpg\"><img decoding=\"async\" class=\"aligncenter\" src=\"https:\/\/slovaklinesmagazin.sk\/cms\/wp-content\/uploads\/2019\/08\/Stredovek-pod-hradbami-2_foto-Martin-Hesko-1.jpg\" \/><\/a> <a href=\"https:\/\/slovaklinesmagazin.sk\/cms\/wp-content\/uploads\/2019\/08\/Stredovek-pod-hradbami-3_foto-Martin-Hesko.jpg\"><img decoding=\"async\" class=\"aligncenter\" src=\"https:\/\/slovaklinesmagazin.sk\/cms\/wp-content\/uploads\/2019\/08\/Stredovek-pod-hradbami-3_foto-Martin-Hesko.jpg\" \/><\/a> <a href=\"https:\/\/slovaklinesmagazin.sk\/cms\/wp-content\/uploads\/2019\/08\/Stredovek-pod-hradbami-4_foto-Martin-Hesko.jpg\"><img decoding=\"async\" class=\"aligncenter\" src=\"https:\/\/slovaklinesmagazin.sk\/cms\/wp-content\/uploads\/2019\/08\/Stredovek-pod-hradbami-4_foto-Martin-Hesko.jpg\" \/><\/a> <a href=\"https:\/\/slovaklinesmagazin.sk\/cms\/wp-content\/uploads\/2019\/08\/Stredovek-pod-hradbami_foto-Martin-Hesko.jpg\"><img decoding=\"async\" class=\"aligncenter\" src=\"https:\/\/slovaklinesmagazin.sk\/cms\/wp-content\/uploads\/2019\/08\/Stredovek-pod-hradbami_foto-Martin-Hesko.jpg\" \/><\/a> <a href=\"https:\/\/slovaklinesmagazin.sk\/cms\/wp-content\/uploads\/2019\/08\/Tradi\u010dn\u00fd-Trnavsk\u00fd-jarmok-3_foto-Martin-Hesko.jpg\"><img decoding=\"async\" class=\"aligncenter\" src=\"https:\/\/slovaklinesmagazin.sk\/cms\/wp-content\/uploads\/2019\/08\/Tradi\u010dn\u00fd-Trnavsk\u00fd-jarmok-3_foto-Martin-Hesko.jpg\" \/><\/a> <a href=\"https:\/\/slovaklinesmagazin.sk\/cms\/wp-content\/uploads\/2019\/08\/Tradi\u010dn\u00fd-Trnavsk\u00fd-jarmok-7_foto-Mat\u00fa\u0161-Koprda.jpg\"><img decoding=\"async\" class=\"aligncenter\" src=\"https:\/\/slovaklinesmagazin.sk\/cms\/wp-content\/uploads\/2019\/08\/Tradi\u010dn\u00fd-Trnavsk\u00fd-jarmok-7_foto-Mat\u00fa\u0161-Koprda.jpg\" \/><\/a> <a href=\"https:\/\/slovaklinesmagazin.sk\/cms\/wp-content\/uploads\/2019\/08\/Tradi\u010dn\u00fd-Trnavsk\u00fd-jarmok-8_foto-Mat\u00fa\u0161-Koprda.jpg\"><img decoding=\"async\" class=\"aligncenter\" src=\"https:\/\/slovaklinesmagazin.sk\/cms\/wp-content\/uploads\/2019\/08\/Tradi\u010dn\u00fd-Trnavsk\u00fd-jarmok-8_foto-Mat\u00fa\u0161-Koprda.jpg\" \/><\/a> <a href=\"https:\/\/slovaklinesmagazin.sk\/cms\/wp-content\/uploads\/2019\/08\/Tradi\u010dn\u00fd-Trnavsk\u00fd-jarmok-10_foto-Marek-Martinek.jpg\"><img decoding=\"async\" class=\"aligncenter\" src=\"https:\/\/slovaklinesmagazin.sk\/cms\/wp-content\/uploads\/2019\/08\/Tradi\u010dn\u00fd-Trnavsk\u00fd-jarmok-10_foto-Marek-Martinek.jpg\" \/><\/a> <a href=\"https:\/\/slovaklinesmagazin.sk\/cms\/wp-content\/uploads\/2019\/08\/Tradi\u010dn\u00fd-Trnavsk\u00fd-jarmok-12_foto-Mat\u00fa\u0161-Koprda.jpg\"><img decoding=\"async\" class=\"aligncenter\" src=\"https:\/\/slovaklinesmagazin.sk\/cms\/wp-content\/uploads\/2019\/08\/Tradi\u010dn\u00fd-Trnavsk\u00fd-jarmok-12_foto-Mat\u00fa\u0161-Koprda.jpg\" \/><\/a><\/p>\n<p>Viac inform\u00e1ci\u00ed na str\u00e1nke <a href=\"http:\/\/www.regiontrnava.sk\">www.regiontrnava.sk<\/a>, emailom <a href=\"mailto:info@trnavatourism.sk\">info@trnavatourism.sk<\/a> alebo priamo v\u00a0Turistickom informa\u010dnom centre \u2013 Regi\u00f3n Trnava, so s\u00eddlom v\u00a0Mestskej ve\u017ei v\u00a0Trnave.<\/p>\n<p>N\u00e1jdete n\u00e1s aj na Facebooku <a href=\"http:\/\/www.facebook.com\/RegionTrnava\">www.facebook.com\/RegionTrnava<\/a> a\u00a0na Instagrame <a href=\"http:\/\/www.instagram.com\/regiontrnava\">www.instagram.com\/regiontrnava<\/a>.<\/p>\n<p>Te\u0161\u00edme sa na v\u00e1s v\u00a0Regi\u00f3ne Trnava!<\/p>\n","protected":false},"excerpt":{"rendered":"<p>Vyberte sa do mesta, kde to prv\u00fd septembrov\u00fd t\u00fd\u017ede\u0148 bude \u017ei\u0165 trad\u00edciami, obchodom a z\u00e1bavou. V Trnave sa toti\u017e kon\u00e1 od 5. do 8. septembra Tradi\u010dn\u00fd Trnavsk\u00fd jarmok. \u010ci u\u017e sa te\u0161\u00edte na remeseln\u00edkov, rytierov, ob\u013e\u00faben\u00e9 kapely, v\u00fdborn\u00e9 jedlo, jarmo\u010dn\u00e9 dobroty, koloto\u010de \u010di stretnutia so zn\u00e1mymi, ur\u010dite by ste si ho nemali necha\u0165 ujs\u0165. Stredovek [&hellip;]<\/p>\n","protected":false},"author":7,"featured_media":84396,"comment_status":"closed","ping_status":"closed","sticky":false,"template":"","format":"standard","meta":{"footnotes":""},"categories":[13,45,11,52,53,50,48],"tags":[],"class_list":["post-84395","post","type-post","status-publish","format-standard","has-post-thumbnail","hentry","category-real-estate","category-nas-tip","category-news","category-outdoor","category-ponuky","category-radim-vam","category-umenie-a-kultura","eq-blocks"],"_links":{"self":[{"href":"https:\/\/www.slovaklinesmagazin.sk\/cms\/wp-json\/wp\/v2\/posts\/84395","targetHints":{"allow":["GET"]}}],"collection":[{"href":"https:\/\/www.slovaklinesmagazin.sk\/cms\/wp-json\/wp\/v2\/posts"}],"about":[{"href":"https:\/\/www.slovaklinesmagazin.sk\/cms\/wp-json\/wp\/v2\/types\/post"}],"author":[{"embeddable":true,"href":"https:\/\/www.slovaklinesmagazin.sk\/cms\/wp-json\/wp\/v2\/users\/7"}],"replies":[{"embeddable":true,"href":"https:\/\/www.slovaklinesmagazin.sk\/cms\/wp-json\/wp\/v2\/comments?post=84395"}],"version-history":[{"count":2,"href":"https:\/\/www.slovaklinesmagazin.sk\/cms\/wp-json\/wp\/v2\/posts\/84395\/revisions"}],"predecessor-version":[{"id":84414,"href":"https:\/\/www.slovaklinesmagazin.sk\/cms\/wp-json\/wp\/v2\/posts\/84395\/revisions\/84414"}],"wp:featuredmedia":[{"embeddable":true,"href":"https:\/\/www.slovaklinesmagazin.sk\/cms\/wp-json\/wp\/v2\/media\/84396"}],"wp:attachment":[{"href":"https:\/\/www.slovaklinesmagazin.sk\/cms\/wp-json\/wp\/v2\/media?parent=84395"}],"wp:term":[{"taxonomy":"category","embeddable":true,"href":"https:\/\/www.slovaklinesmagazin.sk\/cms\/wp-json\/wp\/v2\/categories?post=84395"},{"taxonomy":"post_tag","embeddable":true,"href":"https:\/\/www.slovaklinesmagazin.sk\/cms\/wp-json\/wp\/v2\/tags?post=84395"}],"curies":[{"name":"wp","href":"https:\/\/api.w.org\/{rel}","templated":true}]}}