{"id":84603,"date":"2019-08-20T10:02:02","date_gmt":"2019-08-20T08:02:02","guid":{"rendered":"https:\/\/slovaklinesmagazin.sk\/cms\/?p=84603"},"modified":"2019-09-26T10:06:06","modified_gmt":"2019-09-26T08:06:06","slug":"bratislavske-hudobne-slavnosti-opat-v-znameni-velkym-mien","status":"publish","type":"post","link":"https:\/\/www.slovaklinesmagazin.sk\/cms\/2019\/08\/bratislavske-hudobne-slavnosti-opat-v-znameni-velkym-mien\/","title":{"rendered":"BRATISLAVSK\u00c9 HUDOBN\u00c9 SL\u00c1VNOSTI OP\u00c4\u0164 V\u00a0ZNAMEN\u00cd VE\u013dK\u00ddM MIEN"},"content":{"rendered":"<p>BRATISLAVSK\u00c9 HUDOBN\u00c9 SL\u00c1VNOSTI OP\u00c4\u0164 V\u00a0ZNAMEN\u00cd VE\u013dK\u00ddM MIEN<\/p>\n<p>Na jese\u0148 obohat\u00ed kult\u00farny a spolo\u010densk\u00fd \u017eivot hlavn\u00e9ho mesta Slovenska \u2013 Bratislavy u\u017e po 55. raz n\u00e1\u0161 najv\u00fdznamnej\u0161\u00ed medzin\u00e1rodn\u00fd festival v\u00e1\u017enej hudby Bratislavsk\u00e9 hudobn\u00e9 sl\u00e1vnosti. Umelci z vy\u0161e 20 kraj\u00edn pripravia v n\u00e1dherne vynovenej Redute ko\u0161at\u00e9 \u201enotobranie\u201c.<\/p>\n<p>Nechajte sa in\u0161pirova\u0165 slovami Johann Wolfgang Goetheho o tom, \u017ee \u201eKa\u017ed\u00fd by mal denne po\u010d\u00fava\u0165 trochu hudby, pre\u010d\u00edta\u0165 nejak\u00fa b\u00e1se\u0148, pozrie\u0165 si pekn\u00fd obraz a pokia\u013e mo\u017eno poveda\u0165 nieko\u013eko rozumn\u00fdch slov\u201c a vyberte sa na niektor\u00fd z\u00a0koncertov v podan\u00ed prominentn\u00fdch zahrani\u010dn\u00fdch orchestrov, vynikaj\u00facich dirigentov a s\u00f3listov, ktor\u00ed s\u00fa ozdobami svetov\u00fdch koncertn\u00fdch p\u00f3di\u00ed a pr\u00eddu tento rok na BHS.<\/p>\n<p>K hviezdnym ve\u010derom na BHS bude ur\u010dite patri\u0165 koncert Wiener Philharmoniker (piatok 11.10.) s kolumbijsk\u00fdm dirigentom Andr\u00e9som Orozcom- Estrada, ktor\u00e9mu patria najprest\u00ed\u017enej\u0161ie koncertn\u00e9 p\u00f3dia sveta a s\u00f3listkou, \u010d\u00ednskou klaviristkou Yujou Wang, rod\u00e1\u010dkou z Pekingu, ktor\u00e1 o\u010dar\u00fava posluch\u00e1\u010dov sveta nielen technickou dokonalos\u0165ou a h\u013abkou svojho \u201emuzic\u00edrovania\u201c, ale aj bezprostredn\u00fdm a nekonven\u010dn\u00fdm prejavom. V\u00a0roku 2017 z\u00edskala ocenenie Musical America\u2019s Artist of the Year.<\/p>\n<p style=\"text-align: center;\"><a href=\"https:\/\/slovaklinesmagazin.sk\/cms\/wp-content\/uploads\/2019\/09\/BHS-2.jpg\"><img decoding=\"async\" class=\"aligncenter\" src=\"https:\/\/slovaklinesmagazin.sk\/cms\/wp-content\/uploads\/2019\/09\/BHS-2-788x1024.jpg\" \/><\/a><span style=\"text-align: center;\">Eugen Indji\u0107, Foto \u00a9 Simon Fowler Erato Warner Classics<\/span><\/p>\n<p>Je poctou pre BHS, \u017ee na festival op\u00e4\u0165 prich\u00e1dza jedno z v\u00fdnimo\u010dn\u00fdch svetov\u00fdch telies Orchester Mariinsk\u00e9ho divadla z Petrohradu pod taktovkou legend\u00e1rneho dirigenta Valery Gergieva (streda 9.10.). Rovnakou lah\u00f4dkou bude hos\u0165ovanie ikonick\u00e9ho britsk\u00e9ho dirigenta Sira Johna Elliota Gardinera, ktor\u00fd je u\u017e desa\u0165ro\u010dia st\u00e1licou hudobnej sc\u00e9ny a ktor\u00e9ho z\u00e1kladnou interpreta\u010dnou platformou je barokov\u00e1 hudba. V utorok 1. okt\u00f3bra \u2013 na Svetov\u00fd de\u0148 hudby &#8211; bude pr\u00edle\u017eitos\u0165 pristavi\u0165 sa v tomto upon\u00e1h\u013eanom tempe \u017eivota a necha\u0165 sa un\u00e1\u0161a\u0165 t\u00f3nmi \u201estarej hudby\u201c. Ve\u010der, ktor\u00fd bude dozaista hudobnou lah\u00f4dkou.<\/p>\n<p>Royal Philharmonic Orchestra London (nede\u013ea 29.9.) \u201es pozoruhodnou kr\u00e1sou zvuku, s d\u00f4razomna detail t\u00f3nu, s leskom str\u00fan a n\u00e1dhern\u00fdch dychov&#8230; ka\u017ed\u00fd koncert tohto orchestra je vzru\u0161uj\u00faci, nezabudnute\u013en\u00fd a vit\u00e1lny\u201c (The Guardian), tentoorchester zav\u00edta na BHS pod taktovkou venezuelsk\u00e9ho dirigenta Rafaela Payare.<\/p>\n<p style=\"text-align: center;\"><img decoding=\"async\" class=\"aligncenter\" src=\"https:\/\/slovaklinesmagazin.sk\/cms\/wp-content\/uploads\/2019\/09\/BHS-3-1024x683.jpg\" \/>Ondrej Len\u00e1rd, Foto \u00a9 V. Shirokov<\/p>\n<p>Hviezdny orchester a hviezdny dirigent \u2013 takto stru\u010dne, v\u00fdsti\u017ene mo\u017eno charakterizova\u0165 \u010fal\u0161\u00ed anglick\u00fd orchester Philharmonia Orchestra London zalo\u017een\u00fd v roku 1932, ktor\u00fd prich\u00e1dza na BHS so svoj\u00edm \u0161\u00e9fdirigentom F\u00ednom Esa-Pekka Salonenom. Na programe (piatok 4.10.) je Mahlerova Symf\u00f3nia \u010d. 9 &#8211; vrchol tvorby ve\u013ek\u00e9ho rak\u00faskeho skladate\u013ea. Je to dozaista jedno z najp\u00f4sobivej\u0161\u00edch diel hudobnej literat\u00fary v\u0161etk\u00fdch \u010dias. Bude to z\u00e1\u017eitok.<\/p>\n<p>Mn\u00edchovsk\u00e1 filharm\u00f3nia (rok zalo\u017eenia 1893) so svoj\u00edm zborom sa po rokoch predstav\u00ed na BHS so zahrani\u010dn\u00fdmi s\u00f3listami a dirigentom Thomasom Hengelbrocka. Zaznie zriedka uv\u00e1dzan\u00e9 dielo Felixa Mendelssohna Bartholdyho (210 rokov od narodenia), Symf\u00f3nia \u010d. 2 Chv\u00e1lospev sobota 5.10.).<\/p>\n<p style=\"text-align: center;\"><img decoding=\"async\" class=\"aligncenter\" src=\"https:\/\/slovaklinesmagazin.sk\/cms\/wp-content\/uploads\/2019\/09\/BHS-4.jpg\" \/>Andr\u00e9s Orozco-Estrada, Foto \u00a9 Martin Sigmund<\/p>\n<p>Najstar\u0161\u00edm slovensk\u00fdm hudobn\u00fdm telesom je Symfonick\u00fd orchester Slovensk\u00e9ho rozhlasu, ktor\u00fd si tento rok pripom\u00edna 90 rokov svojej existencie. Pri tejto pr\u00edle\u017eitosti sme pozvali na BHS aj \u010fal\u0161ie dva zahrani\u010dn\u00e9 rozhlasov\u00e9 orchestre: F\u00ednskeho rozhlasu z Hels\u00ednk a \u010cesk\u00e9ho rozhlasu z Prahy. Hostia zo severu s charizmatick\u00fdm dirigentom Hannu Lintu uved\u00fa s\u010dasti netradi\u010dn\u00fd program (pondelok 30.9.). Od excentrick\u00e9ho tureck\u00e9ho skladate\u013ea a\u00a0klaviristu Fazila Saya si posluch\u00e1\u010di vypo\u010duj\u00fa skladbu pre bicie n\u00e1stroje v interpret\u00e1cii excelentn\u00e9ho majstra Rak\u00fa\u0161ana Martina Grubingera a v druhej polovici koncertu strhuj\u00facu Fantastick\u00fa symf\u00f3niu Hectora Berlioza (150 rokov od \u00famrtia skladate\u013ea). Orchester z Prahy pr\u00edde (streda 2.10.) pod veden\u00edm svojho \u0161\u00e9fa, nemeck\u00e9ho dirigenta Alexandra Liebreicha s hus\u013eov\u00fdm virtu\u00f3zom Arm\u00e9nom Sergeyom Khachatryanom, ktor\u00fd brav\u00farne interpretuje kontrastn\u00e9 n\u00e1lady \u0160ostakovi\u010dovho hus\u013eov\u00e9ho koncertu \u010d.1. \u010cesk\u00ed hudobn\u00edci sa radi predstavia aj dielom pln\u00fdm \u017eivotnej radosti a obdivu ku kr\u00e1sam pr\u00edrody Dvo\u0159\u00e1kovou 8. symf\u00f3niou.<\/p>\n<p style=\"text-align: center;\"><img decoding=\"async\" class=\"aligncenter\" src=\"https:\/\/slovaklinesmagazin.sk\/cms\/wp-content\/uploads\/2019\/09\/BHS-5-1024x933.jpg\" \/>Yuja Wang, Foto \u00a9 Luis Castilla<\/p>\n<p>\u201eReziden\u010dn\u00fdm orchestrom\u201c BHS je u\u017e tradi\u010dne Slovensk\u00e1 filharm\u00f3nia, na 55. ro\u010dn\u00edku festivalu sa predstav\u00ed na troch koncertoch. V n\u00e1ro\u010dnom programe otv\u00e1racieho koncertu (piatok 27.9.) uvedie pod taktovkou svojho \u0161\u00e9fdirigenta Jamesa Judda \u0165a\u017eiskov\u00e9 diela symfonick\u00e9ho reperto\u00e1ru 19. a 20. storo\u010dia: J\u00e1na Cikkera, Franza Schuberta a\u00a0ve\u013ekolep\u00fd Brahmsov Klav\u00edrny koncert \u010d. 2 v podan\u00ed franc\u00fazsko- americk\u00e9ho klaviristu Eugena Indji\u0107a, u\u00a0ktor\u00e9ho kritici obdivuj\u00fa \u201esuver\u00e9nnu techniku, rafinovan\u00fa delik\u00e1tnos\u0165, perfekcionizmus a\u00a0transparentnos\u0165 interpret\u00e1cie spojen\u00fa s osobnou charizmou.\u201c Aj tento rok priv\u00edta festival BHS slovensk\u00e9ho dirigenta svetov\u00e9ho renom\u00e9 Juraja Val\u010duhu. So Slovenskou filharm\u00f3niou, Slovensk\u00fdm filharmonick\u00fdm zborom a medzin\u00e1rodn\u00fdm kvartetom s\u00f3listov je na programe (nede\u013ea 6.10.) majest\u00e1tna Dvo\u0159\u00e1kova Stabat mater. Pod taktovkou dirigentsk\u00e9ho m\u00e1ga Pinchasa Steinberga a\u00a0jedn\u00e9ho z naj\u017eiadanej\u0161\u00edch svetov\u00fdch violon\u010delistov Ma\u010fara Istv\u00e1na V\u00e1rdaia uzavrie 13. okt\u00f3bra 2019 55. ro\u010dn\u00edk BHS koncert, ktor\u00fd svoj\u00edm sp\u00f4sobom predznamen\u00e1 u\u017e rok 2020 \u2013 beethovenovsk\u00fd (na bud\u00faci rok si pripomenieme 250. v\u00fdro\u010die narodenia g\u00e9nia Ludwiga van Beethovena). Koncert bude aj poctou v\u00fdraznej osobnosti, dirigentovi Ladislavovi Slov\u00e1kovi. Jednou z jeho umeleck\u00fdch prior\u00edt bolo dielo Dmitrija \u0160ostakovi\u010da, ktor\u00e9ho Symf\u00f3nia \u010d. 5 uzavrie 55. ro\u010dn\u00edk BHS.<\/p>\n<p style=\"text-align: center;\"><img decoding=\"async\" class=\"aligncenter\" src=\"https:\/\/slovaklinesmagazin.sk\/cms\/wp-content\/uploads\/2019\/09\/BHS-6-1024x682.jpg\" \/>Sir John Eliot Gardiner, Foto \u00a9 ChrisC hristodoulou<\/p>\n<p>Organiz\u00e1tori BHS nezab\u00fadaj\u00fa ani na prezent\u00e1ciu \u010fal\u0161\u00edch slovensk\u00fdch orchestrom a\u00a0interpretov a slovenskej tvorby. Ako sme spom\u00ednali, pripom\u00edname si 90. rokov existencie Symfonick\u00e9ho orchestra Slovensk\u00e9ho rozhlasu. Mnoho rokov v\u00fdrazne formoval interpreta\u010dn\u00fa \u00farove\u0148 telesa nestor slovensk\u00fdch dirigentov Ondrej Len\u00e1rd. S\u00f3listkou koncertu (\u0161tvrtok 10. 10.) pod jeho taktovkou je mezzosopranistka Jolana Foga\u0161ov\u00e1. Koncert venovan\u00fd 100.v\u00fdro\u010diu narodenia J\u00e1na Albrechta, slovensk\u00e9ho estetika, muzikol\u00f3ga, organiz\u00e1tora kult\u00farneho \u017eivota a pedag\u00f3ga uvedie (\u0161tvrtok 3. 10.) s\u00fabor Musica aeterna , ktor\u00fd J\u00e1n Albrech v roku 1973 zalo\u017eil. V komornej sade koncertov nebude ch\u00fdba\u0165 ani Slovensk\u00fd komorn\u00fd orchester.<\/p>\n<p style=\"text-align: center;\"><img decoding=\"async\" class=\"aligncenter\" src=\"https:\/\/slovaklinesmagazin.sk\/cms\/wp-content\/uploads\/2019\/09\/BHS-7-1024x896.jpg\" \/>Valery Gergiev, Foto \u00a9 V. Shirokov<\/p>\n<p>Na komorn\u00fdch koncertoch sa predstav\u00ed David Oistrach String Quartet s prim\u00e1riom, hus\u013eov\u00fdm virtu\u00f3zom Andreyom Baranovom, v\u00ed\u0165azom jednej z najprest\u00ed\u017enej\u0161\u00edch svetov\u00fdch s\u00fa\u0165a\u017e\u00ed Kr\u00e1\u013eovnej Al\u017ebety II. v Bruseli. \u010eal\u0161\u00ed mlad\u00fd huslista, \u010cech Milan Al-Ashhab, sa stal tento rok finalistom sl\u00e1vnejn \u010cajkovsk\u00e9ho s\u00fa\u0165a\u017ee v Moskve. BHS pokra\u010duj\u00fa v\u00a0posluch\u00e1\u010dsky \u00faspe\u0161nom projekte, v r\u00e1mci ktor\u00e9ho sa na BHS prezentuj\u00fa diela slovensk\u00fdch skladate\u013eov z komornej tvorby (2016), pre klav\u00edr (BHS 2015,2017), pre husle (2018) a tentoraz pre violon\u010delo.<\/p>\n<p style=\"text-align: center;\"><img decoding=\"async\" class=\"aligncenter\" src=\"https:\/\/slovaklinesmagazin.sk\/cms\/wp-content\/uploads\/2019\/09\/BHS-8.jpg\" \/>Valery Gergiev, Foto \u00a9 V. Shirokov<\/p>\n<p>Tango je fenom\u00e9n! Tango je \u017eivotn\u00fd \u0161t\u00fdl! Jedno z ve\u013ek\u00fdch mien opern\u00e9ho sveta, mezzosopranistka arm\u00e9nskeho p\u00f4vodu Stella Grigorian, a \u017eij\u00faca legenda tanga, skladate\u013e a\u00a0klavirista Gustavo Beytelmann, s\u013eubuj\u00fa spolo\u010dne v\u00fdnimo\u010dn\u00fd ve\u010der, ktor\u00fd obohat\u00ed tohtoro\u010dn\u00fd festival o\u00a0nov\u00fa hudobn\u00fa a estetick\u00fa dimenziu (sobota 5.10.).<\/p>\n<p>Dramaturgia BHS m\u00e1 amb\u00edciu v\u00fdraznej\u0161ie upozorni\u0165 na gener\u00e1ciu mlad\u00fdch umelcov na za\u010diatku ich profesion\u00e1lnej kari\u00e9ry v medzin\u00e1rodnom kontexte. Na jednom z komorn\u00fdch koncertov dost\u00e1va priestor ma\u010farsk\u00fd violon\u010delista Gergely Devich, slovensk\u00fd trubk\u00e1r Stanislav Masaryk a \u010desk\u00fd klavirista Maty\u00e1\u0161 Nov\u00e1k. Dvaja mladu\u010dk\u00ed slovensk\u00ed interpreti si svoj\u00edm umeleck\u00fdm v\u00fdkonom z\u00edskavaj\u00fa o\u010daren\u00fdch posluch\u00e1\u010dov nev\u0161edn\u00fdm talentom aj na mnoh\u00fdch prest\u00ed\u017enych p\u00f3di\u00e1ch v zahrani\u010d\u00ed, kde u\u017e dobre poznaj\u00fa ich nev\u0161edn\u00fd talent: huslista Teo Gertler a\u00a0klavirista Ryan Martin Bradshaw (nede\u013ea 13.10.).<\/p>\n<p style=\"text-align: center;\"><img decoding=\"async\" class=\"aligncenter\" src=\"https:\/\/slovaklinesmagazin.sk\/cms\/wp-content\/uploads\/2019\/09\/BHS-9-1024x946.jpg\" \/>Stella Grigorian, Foto \u00a9 Alena Klenkov\u00e1<\/p>\n<p>Na programe BHS nech\u00fdba v posledn\u00fdch rokov recit\u00e1l zauj\u00edmav\u00e9ho klaviristu a organistu. \u201ePod jej rukami klaviat\u00fara spieva,\u201c nap\u00edsal kritik (Gramophone, 2015), ke\u010f po\u010d\u00faval krehk\u00fa Yuliannu Avdeevu. Na BHS pon\u00faka (sobota 28.9.) reperto\u00e1r, ktor\u00fd ide\u00e1lne vyhovuje jej interpreta\u010dn\u00e9mu naturelu. V Chopinovej tvorbe je evidentne doma (v roku 2010 zv\u00ed\u0165azila na klav\u00edrnej s\u00fa\u0165a\u017ei F. Chopina vo Var\u0161ave).<\/p>\n<p>Svetozn\u00e1my interpret Olivier Latry je titul\u00e1rnymorganistom v Katedr\u00e1le Notre Dame v Par\u00ed\u017ei. Koncertoval vo vy\u0161e p\u00e4\u0165desiatich krajin\u00e1ch na piatich kontinentoch. Inauguroval mnoho \u201ekr\u00e1\u013eovsk\u00fdch n\u00e1strojov\u201c vo v\u00fdznamn\u00fdch katedr\u00e1lach a koncertn\u00fdch s\u00e1lach. \u00da\u010dinkovanie Oliviera Latryho na BHS (nede\u013ea 6.10.) je symbolickou spomienkou a prejavom \u00fa\u010dasti BHS s tragick\u00fdm po\u017eiarom ikonickej par\u00ed\u017eskej katedr\u00e1ly.<\/p>\n<p style=\"text-align: center;\"><img decoding=\"async\" class=\"aligncenter\" src=\"https:\/\/slovaklinesmagazin.sk\/cms\/wp-content\/uploads\/2019\/09\/BHS-10-1024x683.jpg\" \/>Yulianna Avdeeva, Foto \u00a9 Christine Schneider<\/p>\n<p>Pr\u00edde Elina Garan\u010da \u2013 svetov\u00e1 hviezda luxusnej kvality! Vyst\u00fapenia tejto opernej divy s\u00fa netrpezlivo o\u010dak\u00e1van\u00e9 na najprest\u00ed\u017enej\u0161\u00edch sc\u00e9nach sveta a\u00a0jej \u00fa\u010dinkovanie je v\u017edy udalos\u0165ou! Nezabudnute\u013en\u00e9mu ve\u010deru bude dominova\u0165 najcitlivej\u0161\u00ed hudobn\u00fd n\u00e1stroj, ak\u00fdm je \u013eudsk\u00fd hlas. Pod taktovkou svojho man\u017eela, dirigenta Karla Marka Chichona zaspieva Elina Garan\u010da, loty\u0161sk\u00e1 rod\u00e1\u010dka z Rigy, opern\u00e9 \u00e1rie Verdiho, Pucciniho i Cileu a ur\u010dite zaujme posluch\u00e1\u010dov aj nostalgick\u00fdmi i temperamentn\u00fdmi \u0161panielskymi pies\u0148ami (sobota 12.10.).<\/p>\n<p>Na z\u00e1ver nieko\u013eko my\u0161lienok osobnost\u00ed r\u00f4znych vekov a z r\u00f4znych oblast\u00ed umenia, ktor\u00e9 v\u00e1s m\u00f4\u017eu in\u0161pirova\u0165 k rozhodnutiu nav\u0161t\u00edvi\u0165 koncerty, preto\u017ee \u017eiadna nahr\u00e1vka nenahrad\u00ed okamih, v ktorom sa hudba rod\u00ed&#8230; lebo Hudba uvo\u013e\u0148uje ducha a\u00a0okr\u00edd\u013euje my\u0161lienky, Hudba m\u00e1 schopnos\u0165 uzdravova\u0165 (Elton John), Hudbe netreba rozumie\u0165, treba ju c\u00edti\u0165 (Marcus Aurelius), lebo Hudba a rytmus si nach\u00e1dzaj\u00fa cestu k t\u00fdm najskrytej\u0161\u00edm miestam du\u0161e (Miguel de Cervantes). Hudba je tesnopis em\u00f3ci\u00ed. Em\u00f3ci\u00ed, ktor\u00e9 sa nedaj\u00fa pop\u00edsa\u0165 \u013eahko, vyklad\u00e1 \u010dloveku pr\u00e1ve hudba a v tom je ich sila a v\u00fdznam (Lev Nikolajevi\u010d Tolstoj).<\/p>\n","protected":false},"excerpt":{"rendered":"<p>BRATISLAVSK\u00c9 HUDOBN\u00c9 SL\u00c1VNOSTI OP\u00c4\u0164 V\u00a0ZNAMEN\u00cd VE\u013dK\u00ddM MIEN Na jese\u0148 obohat\u00ed kult\u00farny a spolo\u010densk\u00fd \u017eivot hlavn\u00e9ho mesta Slovenska \u2013 Bratislavy u\u017e po 55. raz n\u00e1\u0161 najv\u00fdznamnej\u0161\u00ed medzin\u00e1rodn\u00fd festival v\u00e1\u017enej hudby Bratislavsk\u00e9 hudobn\u00e9 sl\u00e1vnosti. Umelci z vy\u0161e 20 kraj\u00edn pripravia v n\u00e1dherne vynovenej Redute ko\u0161at\u00e9 \u201enotobranie\u201c. Nechajte sa in\u0161pirova\u0165 slovami Johann Wolfgang Goetheho o tom, \u017ee \u201eKa\u017ed\u00fd [&hellip;]<\/p>\n","protected":false},"author":7,"featured_media":84604,"comment_status":"closed","ping_status":"closed","sticky":false,"template":"","format":"standard","meta":{"footnotes":""},"categories":[45,5,53,50,48],"tags":[90,91,93,94,92],"class_list":["post-84603","post","type-post","status-publish","format-standard","has-post-thumbnail","hentry","category-nas-tip","category-celebrity-magazine","category-ponuky","category-radim-vam","category-umenie-a-kultura","tag-bhs","tag-koncert","tag-rafaela-payare","tag-valery-gergieva","tag-wiener-philharmoniker","eq-blocks"],"_links":{"self":[{"href":"https:\/\/www.slovaklinesmagazin.sk\/cms\/wp-json\/wp\/v2\/posts\/84603","targetHints":{"allow":["GET"]}}],"collection":[{"href":"https:\/\/www.slovaklinesmagazin.sk\/cms\/wp-json\/wp\/v2\/posts"}],"about":[{"href":"https:\/\/www.slovaklinesmagazin.sk\/cms\/wp-json\/wp\/v2\/types\/post"}],"author":[{"embeddable":true,"href":"https:\/\/www.slovaklinesmagazin.sk\/cms\/wp-json\/wp\/v2\/users\/7"}],"replies":[{"embeddable":true,"href":"https:\/\/www.slovaklinesmagazin.sk\/cms\/wp-json\/wp\/v2\/comments?post=84603"}],"version-history":[{"count":3,"href":"https:\/\/www.slovaklinesmagazin.sk\/cms\/wp-json\/wp\/v2\/posts\/84603\/revisions"}],"predecessor-version":[{"id":84616,"href":"https:\/\/www.slovaklinesmagazin.sk\/cms\/wp-json\/wp\/v2\/posts\/84603\/revisions\/84616"}],"wp:featuredmedia":[{"embeddable":true,"href":"https:\/\/www.slovaklinesmagazin.sk\/cms\/wp-json\/wp\/v2\/media\/84604"}],"wp:attachment":[{"href":"https:\/\/www.slovaklinesmagazin.sk\/cms\/wp-json\/wp\/v2\/media?parent=84603"}],"wp:term":[{"taxonomy":"category","embeddable":true,"href":"https:\/\/www.slovaklinesmagazin.sk\/cms\/wp-json\/wp\/v2\/categories?post=84603"},{"taxonomy":"post_tag","embeddable":true,"href":"https:\/\/www.slovaklinesmagazin.sk\/cms\/wp-json\/wp\/v2\/tags?post=84603"}],"curies":[{"name":"wp","href":"https:\/\/api.w.org\/{rel}","templated":true}]}}