{"id":85210,"date":"2020-03-18T09:49:48","date_gmt":"2020-03-18T07:49:48","guid":{"rendered":"https:\/\/slovaklinesmagazin.sk\/cms\/?p=85210"},"modified":"2020-03-18T09:49:48","modified_gmt":"2020-03-18T07:49:48","slug":"jedinecna-prilezitost-pre-studentov-pobyt-hradeny-spolocnostou-canon","status":"publish","type":"post","link":"https:\/\/www.slovaklinesmagazin.sk\/cms\/2020\/03\/jedinecna-prilezitost-pre-studentov-pobyt-hradeny-spolocnostou-canon\/","title":{"rendered":"Jedine\u010dn\u00e1 pr\u00edle\u017eitos\u0165 pre \u0161tudentov &#8211; pobyt hraden\u00fd spolo\u010dnos\u0165ou Canon"},"content":{"rendered":"<p><strong>Canon aj tento rok poz\u00fdva \u0161tudentov do franc\u00fazskeho mesta Perpignan na Visa pour l`image \u2013 v\u00fdznamn\u00fd festival so zameran\u00edm na dokument\u00e1rnu fotografiu<\/strong><\/p>\n<p><strong>Spolo\u010dnos\u0165 Canon vyberie 210 \u0161tudentov z celej Eur\u00f3py a poskytne im pr\u00edle\u017eitos\u0165 rozv\u00edja\u0165 ich zru\u010dnosti v oblasti fotografie za pr\u00edtomnosti l\u00eddrov v tomto priemysle po\u010das festivalu Visa pour l\u2019Image, ktor\u00fd sa aj tento rok bude kona\u0165 v meste Perpignan na prelome mesiacov august a september \u2013 30.8. \u2013 5.9.2020. Portf\u00f3li\u00e1 vybran\u00fdch \u0161tudentov bud\u00fa ohodnoten\u00e9 in\u0161pirat\u00edvnymi fotografmi a ambas\u00e1dormi Canon. Visa pour l\u2019Image poskytuje fotografickej komunite bezkonkuren\u010dn\u00e9 mo\u017enosti v\u00fdmeny kreat\u00edvnych n\u00e1padov, rozv\u00edjania nov\u00fdch vz\u0165ahov a vychutn\u00e1vania si mno\u017estva podmaniv\u00fdch predn\u00e1\u0161ok a semin\u00e1rov, po\u010das ktor\u00fdch odborn\u00edci odovzd\u00e1vaj\u00fa svoje know-how \u010fal\u0161ej gener\u00e1cii.<\/strong><\/p>\n<p style=\"text-align: center;\"><a href=\"https:\/\/slovaklinesmagazin.sk\/cms\/wp-content\/uploads\/2020\/03\/2020-CSDP-01.jpeg\"><img decoding=\"async\" class=\"aligncenter\" src=\"https:\/\/slovaklinesmagazin.sk\/cms\/wp-content\/uploads\/2020\/03\/2020-CSDP-01-1024x538.jpeg\" \/><\/a><\/p>\n<p><strong>3 dni v Perpignan<\/strong><\/p>\n<p>Pozv\u00e1nka a\u00a0mo\u017enos\u0165 z\u00edska\u0165 <strong>3-d\u0148ov\u00fd pobyt hraden\u00fd spolo\u010dnos\u0165ou Canon<\/strong>, ktor\u00fd zah\u0155\u0148a letenky, ubytovanie a\u00a0stravu, <strong>plat\u00ed pre v\u0161etk\u00fdch \u0161tudentov vo veku od 18 do 27 rokov<\/strong>. Minul\u00fd rok sa programu z\u00fa\u010dastnilo 200 \u0161tudentov zo 143 stredn\u00fdch \u0161k\u00f4l a\u00a0univerz\u00edt. Vybran\u00ed \u0161tudenti bud\u00fa ma\u0165 aj tento rok po\u010das festivalu Visa pour l&#8217;image pr\u00edle\u017eitos\u0165 z\u00fa\u010dastni\u0165 sa r\u00f4znych v\u00fdstav, stretnut\u00ed s\u00a0fotografmi, \u010di konferenci\u00ed zameran\u00fdch na t\u00e9mu s\u00fa\u010dasnej dokument\u00e1rnej fotografie. Festival je tie\u017e pr\u00edle\u017eitos\u0165ou na stretnutie sa s predstavite\u013emi najv\u00e4\u010d\u0161\u00edch svetov\u00fdch fotografick\u00fdch agent\u00far a v\u00fdrobcami profesion\u00e1lneho fotografick\u00e9ho vybavenia. Spolo\u010dnos\u0165 Canon je hlavn\u00fdm sponzorom podujatia od roku 2005.<\/p>\n<p><strong>Ako sa zaregistrova\u0165<\/strong><\/p>\n<p>Pre \u00faspe\u0161n\u00fa registr\u00e1ciu je potrebn\u00e9 nav\u0161t\u00edvi\u0165 dedikovan\u00fa <a href=\"https:\/\/canon-students-campaign.sales-promotions.com\/\">str\u00e1nku<\/a>, prostredn\u00edctvom ktorej m\u00f4\u017eu \u0161tudenti predklada\u0165 svoje portf\u00f3li\u00e1 \u2013 dokonca a\u017e dvoch foto pr\u00edbehov. Ka\u017ed\u00fd z nich by mal pozost\u00e1va\u0165 z\u00a0minim\u00e1lne 20 fotografi\u00ed a popisu dan\u00e9ho projektu. S\u00fa\u010das\u0165ou prihl\u00e1\u0161ky by malo by\u0165 aj z\u00e1kladn\u00e9 bio \u0161tudenta a kr\u00e1tky motiva\u010dn\u00fd list. Ofici\u00e1lnym jazykom je v\u00a0tomto pr\u00edpade angli\u010dtina, ktor\u00fa \u0161tudenti vyu\u017eij\u00fa aj po\u010das festivalu. <strong>Posledn\u00fdm mo\u017en\u00fdm d\u0148om registr\u00e1cie je 15. apr\u00edl.<\/strong> V\u00fdhercov budeme kontaktova\u0165 po detailnom pos\u00faden\u00ed ich prihl\u00e1sen\u00fdch pr\u00e1c odbornou komisiou, a\u00a0to 10. m\u00e1ja.<\/p>\n<p>&nbsp;<\/p>\n<p>Viac inform\u00e1ci\u00ed o\u00a0Canon programe, samotnom festivale, \u010di vybran\u00fdch portf\u00f3li\u00e1ch za rok 2019 n\u00e1jdete <a href=\"https:\/\/www.canon-europe.com\/pro\/events\/visa-pour-l-image\/\">tu<\/a>.<\/p>\n<p>&nbsp;<\/p>\n<p><strong>Hlavn\u00e9 v\u00fdhody festivalu Visa pour <\/strong><strong>l\u2019Image:<\/strong><\/p>\n<ul>\n<li>\u00da\u010das\u0165 na 20 workshopoch a\u00a0stretnutiach<\/li>\n<li>Anal\u00fdza portf\u00f3lia \u0161tudentov pod veden\u00edm profesion\u00e1lnych fotografov<\/li>\n<li>N\u00e1v\u0161teva najlep\u0161\u00edch v\u00fdstav foto\u017eurnalistiky na svete<\/li>\n<li>Ve\u010dern\u00e9 akcie spojen\u00e9 s\u00a0prezent\u00e1ciami materi\u00e1lov popredn\u00fdch fotografov a\u00a0fotografick\u00fdch agent\u00far<\/li>\n<\/ul>\n<p>&nbsp;<\/p>\n<p>&nbsp;<\/p>\n<p>&nbsp;<\/p>\n","protected":false},"excerpt":{"rendered":"<p>Canon aj tento rok poz\u00fdva \u0161tudentov do franc\u00fazskeho mesta Perpignan na Visa pour l`image \u2013 v\u00fdznamn\u00fd festival so zameran\u00edm na dokument\u00e1rnu fotografiu Spolo\u010dnos\u0165 Canon vyberie 210 \u0161tudentov z celej Eur\u00f3py a poskytne im pr\u00edle\u017eitos\u0165 rozv\u00edja\u0165 ich zru\u010dnosti v oblasti fotografie za pr\u00edtomnosti l\u00eddrov v tomto priemysle po\u010das festivalu Visa pour l\u2019Image, ktor\u00fd sa aj tento [&hellip;]<\/p>\n","protected":false},"author":7,"featured_media":85211,"comment_status":"closed","ping_status":"closed","sticky":false,"template":"","format":"standard","meta":{"footnotes":""},"categories":[13,45,11,50,48],"tags":[200,274,187,79,276,278,277,275],"class_list":["post-85210","post","type-post","status-publish","format-standard","has-post-thumbnail","hentry","category-real-estate","category-nas-tip","category-news","category-radim-vam","category-umenie-a-kultura","tag-canon","tag-dokumentaristika","tag-festival","tag-fotografia","tag-fotograficka-agentura","tag-prednasky","tag-seminar","tag-studenti","eq-blocks"],"_links":{"self":[{"href":"https:\/\/www.slovaklinesmagazin.sk\/cms\/wp-json\/wp\/v2\/posts\/85210","targetHints":{"allow":["GET"]}}],"collection":[{"href":"https:\/\/www.slovaklinesmagazin.sk\/cms\/wp-json\/wp\/v2\/posts"}],"about":[{"href":"https:\/\/www.slovaklinesmagazin.sk\/cms\/wp-json\/wp\/v2\/types\/post"}],"author":[{"embeddable":true,"href":"https:\/\/www.slovaklinesmagazin.sk\/cms\/wp-json\/wp\/v2\/users\/7"}],"replies":[{"embeddable":true,"href":"https:\/\/www.slovaklinesmagazin.sk\/cms\/wp-json\/wp\/v2\/comments?post=85210"}],"version-history":[{"count":1,"href":"https:\/\/www.slovaklinesmagazin.sk\/cms\/wp-json\/wp\/v2\/posts\/85210\/revisions"}],"predecessor-version":[{"id":85213,"href":"https:\/\/www.slovaklinesmagazin.sk\/cms\/wp-json\/wp\/v2\/posts\/85210\/revisions\/85213"}],"wp:featuredmedia":[{"embeddable":true,"href":"https:\/\/www.slovaklinesmagazin.sk\/cms\/wp-json\/wp\/v2\/media\/85211"}],"wp:attachment":[{"href":"https:\/\/www.slovaklinesmagazin.sk\/cms\/wp-json\/wp\/v2\/media?parent=85210"}],"wp:term":[{"taxonomy":"category","embeddable":true,"href":"https:\/\/www.slovaklinesmagazin.sk\/cms\/wp-json\/wp\/v2\/categories?post=85210"},{"taxonomy":"post_tag","embeddable":true,"href":"https:\/\/www.slovaklinesmagazin.sk\/cms\/wp-json\/wp\/v2\/tags?post=85210"}],"curies":[{"name":"wp","href":"https:\/\/api.w.org\/{rel}","templated":true}]}}