{"id":85594,"date":"2020-06-09T14:50:21","date_gmt":"2020-06-09T12:50:21","guid":{"rendered":"https:\/\/slovaklinesmagazin.sk\/cms\/?p=85594"},"modified":"2020-06-09T14:50:21","modified_gmt":"2020-06-09T12:50:21","slug":"v-myte-pod-dumbierom-sa-otvaraju-brany-do-bike-parku","status":"publish","type":"post","link":"https:\/\/www.slovaklinesmagazin.sk\/cms\/2020\/06\/v-myte-pod-dumbierom-sa-otvaraju-brany-do-bike-parku\/","title":{"rendered":"V M\u00fdte pod \u010eumbierom sa otv\u00e1raj\u00fa br\u00e1ny do bike parku!"},"content":{"rendered":"<p>&nbsp;<\/p>\n<p>M\u00fdto SKI &amp; BIKE otv\u00e1ra op\u00e4\u0165 svoje br\u00e1ny pre v\u0161etk\u00fdch nad\u0161en\u00fdch bikerov.<\/p>\n<p>V\u00a0sobotu 13. j\u00fana sa m\u00f4\u017eete te\u0161i\u0165 na otvorenie druhej sez\u00f3ny v\u00a0\u0161pi\u010dkovom bike parku v\u00a0M\u00fdte pod \u010eumbierom.<\/p>\n<p>Ly\u017eiarske stredisko svoju sez\u00f3nu u\u017e ukon\u010dilo a\u00a0na rad prich\u00e1dza letn\u00e1 bike-ov\u00e1 sez\u00f3na. Bike park v\u00a0obci M\u00fdto pod \u010eumbierom op\u00e4\u0165 otvor\u00ed svoje br\u00e1ny a\u00a0v\u0161etci milovn\u00edci bicyklov sa bud\u00fa m\u00f4c\u0165 op\u00e4\u0165 vybl\u00e1zni\u0165 na r\u00f4znych tratiach.<\/p>\n<p style=\"text-align: center;\"><a href=\"https:\/\/slovaklinesmagazin.sk\/cms\/wp-content\/uploads\/2020\/06\/Otvorenie_Bikepark_Myto_Ski_Bike_14.jpg\"><img decoding=\"async\" class=\"aligncenter\" src=\"https:\/\/slovaklinesmagazin.sk\/cms\/wp-content\/uploads\/2020\/06\/Otvorenie_Bikepark_Myto_Ski_Bike_14.jpg\" \/><\/a><\/p>\n<p>Po\u010das otvorenia bike parku budete m\u00f4c\u0165 vidie\u0165 aj t\u00fdch najlep\u0161\u00edch jazdcov v\u00a0akcii. V\u00a0bike parku sa predved\u00fa viacer\u00ed majstri Slovenska v\u00a0r\u00f4znych discipl\u00ednach ako zjazd, Enduro \u010di downhill. Predstav\u00ed sa taktie\u017e exprofesion\u00e1lny cyklista, ktor\u00fd bol aj spolujazdec Petra Sagana a\u00a0mnoh\u00ed \u010fal\u0161\u00ed skvel\u00ed bikeri.<\/p>\n<p><em>\u201eV\u00a0na\u0161om bike parku si pr\u00edde na svoje ka\u017ed\u00fd milovn\u00edk bicyklovania. V\u00a0bike parku s\u00fa downhill a\u00a0freeride trate pre profesion\u00e1lov, novinkou tohto roka je enduro tra\u0165 s\u00a0d\u013a\u017ekou viac ako 2,5 km. Pre najmen\u0161\u00edch jazdcov sme pripravili rodinn\u00e9 atrakcie a\u00a0kids skill trail, ktor\u00e9 m\u00f4\u017eu absolvova\u0165 napr\u00edklad na odr\u00e1\u017eadl\u00e1ch. Zauj\u00edmavou rodinnou aktivitou je jazda na ter\u00e9nnych kolobe\u017ek\u00e1ch po modrej trase. Bike park bude otvoren\u00fd od 13. j\u00fana soboty a\u00a0nedele od 10:00 do 17.00 hod. Viac inform\u00e1cii z\u00e1ujemcovia n\u00e1jdu aj na na\u0161om webe kopeczabavy.sk\u201c<\/em>\u00a0dodal Michal Ki\u010d, riadite\u013e M\u00fdto SKI &amp; Bike.<\/p>\n<div id='gallery-1' class='gallery galleryid-85594 gallery-columns-3 gallery-size-large'><figure class='gallery-item'>\n\t\t\t<div class='gallery-icon landscape'>\n\t\t\t\t<a href='https:\/\/www.slovaklinesmagazin.sk\/cms\/2020\/06\/v-myte-pod-dumbierom-sa-otvaraju-brany-do-bike-parku\/otvorenie_bikepark_myto_ski_bike_1\/'><img loading=\"lazy\" decoding=\"async\" width=\"640\" height=\"427\" src=\"https:\/\/www.slovaklinesmagazin.sk\/cms\/wp-content\/uploads\/2020\/06\/Otvorenie_Bikepark_Myto_Ski_Bike_1.jpg\" class=\"attachment-large size-large\" alt=\"\" srcset=\"https:\/\/www.slovaklinesmagazin.sk\/cms\/wp-content\/uploads\/2020\/06\/Otvorenie_Bikepark_Myto_Ski_Bike_1.jpg 900w, https:\/\/www.slovaklinesmagazin.sk\/cms\/wp-content\/uploads\/2020\/06\/Otvorenie_Bikepark_Myto_Ski_Bike_1-300x200.jpg 300w, https:\/\/www.slovaklinesmagazin.sk\/cms\/wp-content\/uploads\/2020\/06\/Otvorenie_Bikepark_Myto_Ski_Bike_1-768x512.jpg 768w, https:\/\/www.slovaklinesmagazin.sk\/cms\/wp-content\/uploads\/2020\/06\/Otvorenie_Bikepark_Myto_Ski_Bike_1-600x400.jpg 600w, https:\/\/www.slovaklinesmagazin.sk\/cms\/wp-content\/uploads\/2020\/06\/Otvorenie_Bikepark_Myto_Ski_Bike_1-304x203.jpg 304w, https:\/\/www.slovaklinesmagazin.sk\/cms\/wp-content\/uploads\/2020\/06\/Otvorenie_Bikepark_Myto_Ski_Bike_1-296x197.jpg 296w\" sizes=\"auto, (max-width: 640px) 100vw, 640px\" \/><\/a>\n\t\t\t<\/div><\/figure><figure class='gallery-item'>\n\t\t\t<div class='gallery-icon landscape'>\n\t\t\t\t<a href='https:\/\/www.slovaklinesmagazin.sk\/cms\/2020\/06\/v-myte-pod-dumbierom-sa-otvaraju-brany-do-bike-parku\/otvorenie_bikepark_myto_ski_bike_2\/'><img loading=\"lazy\" decoding=\"async\" width=\"640\" height=\"427\" src=\"https:\/\/www.slovaklinesmagazin.sk\/cms\/wp-content\/uploads\/2020\/06\/Otvorenie_Bikepark_Myto_Ski_Bike_2.jpg\" class=\"attachment-large size-large\" alt=\"\" srcset=\"https:\/\/www.slovaklinesmagazin.sk\/cms\/wp-content\/uploads\/2020\/06\/Otvorenie_Bikepark_Myto_Ski_Bike_2.jpg 900w, https:\/\/www.slovaklinesmagazin.sk\/cms\/wp-content\/uploads\/2020\/06\/Otvorenie_Bikepark_Myto_Ski_Bike_2-300x200.jpg 300w, https:\/\/www.slovaklinesmagazin.sk\/cms\/wp-content\/uploads\/2020\/06\/Otvorenie_Bikepark_Myto_Ski_Bike_2-768x512.jpg 768w, https:\/\/www.slovaklinesmagazin.sk\/cms\/wp-content\/uploads\/2020\/06\/Otvorenie_Bikepark_Myto_Ski_Bike_2-600x400.jpg 600w, https:\/\/www.slovaklinesmagazin.sk\/cms\/wp-content\/uploads\/2020\/06\/Otvorenie_Bikepark_Myto_Ski_Bike_2-304x203.jpg 304w, https:\/\/www.slovaklinesmagazin.sk\/cms\/wp-content\/uploads\/2020\/06\/Otvorenie_Bikepark_Myto_Ski_Bike_2-296x197.jpg 296w\" sizes=\"auto, (max-width: 640px) 100vw, 640px\" \/><\/a>\n\t\t\t<\/div><\/figure><figure class='gallery-item'>\n\t\t\t<div class='gallery-icon landscape'>\n\t\t\t\t<a href='https:\/\/www.slovaklinesmagazin.sk\/cms\/2020\/06\/v-myte-pod-dumbierom-sa-otvaraju-brany-do-bike-parku\/otvorenie_bikepark_myto_ski_bike_3\/'><img loading=\"lazy\" decoding=\"async\" width=\"640\" height=\"427\" src=\"https:\/\/www.slovaklinesmagazin.sk\/cms\/wp-content\/uploads\/2020\/06\/Otvorenie_Bikepark_Myto_Ski_Bike_3.jpg\" class=\"attachment-large size-large\" alt=\"\" srcset=\"https:\/\/www.slovaklinesmagazin.sk\/cms\/wp-content\/uploads\/2020\/06\/Otvorenie_Bikepark_Myto_Ski_Bike_3.jpg 900w, https:\/\/www.slovaklinesmagazin.sk\/cms\/wp-content\/uploads\/2020\/06\/Otvorenie_Bikepark_Myto_Ski_Bike_3-300x200.jpg 300w, https:\/\/www.slovaklinesmagazin.sk\/cms\/wp-content\/uploads\/2020\/06\/Otvorenie_Bikepark_Myto_Ski_Bike_3-768x512.jpg 768w, https:\/\/www.slovaklinesmagazin.sk\/cms\/wp-content\/uploads\/2020\/06\/Otvorenie_Bikepark_Myto_Ski_Bike_3-600x400.jpg 600w, https:\/\/www.slovaklinesmagazin.sk\/cms\/wp-content\/uploads\/2020\/06\/Otvorenie_Bikepark_Myto_Ski_Bike_3-304x203.jpg 304w, https:\/\/www.slovaklinesmagazin.sk\/cms\/wp-content\/uploads\/2020\/06\/Otvorenie_Bikepark_Myto_Ski_Bike_3-296x197.jpg 296w\" sizes=\"auto, (max-width: 640px) 100vw, 640px\" \/><\/a>\n\t\t\t<\/div><\/figure><figure class='gallery-item'>\n\t\t\t<div class='gallery-icon landscape'>\n\t\t\t\t<a href='https:\/\/www.slovaklinesmagazin.sk\/cms\/2020\/06\/v-myte-pod-dumbierom-sa-otvaraju-brany-do-bike-parku\/otvorenie_bikepark_myto_ski_bike_4-2\/'><img loading=\"lazy\" decoding=\"async\" width=\"640\" height=\"427\" src=\"https:\/\/www.slovaklinesmagazin.sk\/cms\/wp-content\/uploads\/2020\/06\/Otvorenie_Bikepark_Myto_Ski_Bike_4-1.jpg\" class=\"attachment-large size-large\" alt=\"\" srcset=\"https:\/\/www.slovaklinesmagazin.sk\/cms\/wp-content\/uploads\/2020\/06\/Otvorenie_Bikepark_Myto_Ski_Bike_4-1.jpg 900w, https:\/\/www.slovaklinesmagazin.sk\/cms\/wp-content\/uploads\/2020\/06\/Otvorenie_Bikepark_Myto_Ski_Bike_4-1-300x200.jpg 300w, https:\/\/www.slovaklinesmagazin.sk\/cms\/wp-content\/uploads\/2020\/06\/Otvorenie_Bikepark_Myto_Ski_Bike_4-1-768x512.jpg 768w, https:\/\/www.slovaklinesmagazin.sk\/cms\/wp-content\/uploads\/2020\/06\/Otvorenie_Bikepark_Myto_Ski_Bike_4-1-600x400.jpg 600w, https:\/\/www.slovaklinesmagazin.sk\/cms\/wp-content\/uploads\/2020\/06\/Otvorenie_Bikepark_Myto_Ski_Bike_4-1-304x203.jpg 304w, https:\/\/www.slovaklinesmagazin.sk\/cms\/wp-content\/uploads\/2020\/06\/Otvorenie_Bikepark_Myto_Ski_Bike_4-1-296x197.jpg 296w\" sizes=\"auto, (max-width: 640px) 100vw, 640px\" \/><\/a>\n\t\t\t<\/div><\/figure><figure class='gallery-item'>\n\t\t\t<div class='gallery-icon landscape'>\n\t\t\t\t<a href='https:\/\/www.slovaklinesmagazin.sk\/cms\/2020\/06\/v-myte-pod-dumbierom-sa-otvaraju-brany-do-bike-parku\/otvorenie_bikepark_myto_ski_bike_10\/'><img loading=\"lazy\" decoding=\"async\" width=\"640\" height=\"427\" src=\"https:\/\/www.slovaklinesmagazin.sk\/cms\/wp-content\/uploads\/2020\/06\/Otvorenie_Bikepark_Myto_Ski_Bike_10.jpg\" class=\"attachment-large size-large\" alt=\"\" srcset=\"https:\/\/www.slovaklinesmagazin.sk\/cms\/wp-content\/uploads\/2020\/06\/Otvorenie_Bikepark_Myto_Ski_Bike_10.jpg 900w, https:\/\/www.slovaklinesmagazin.sk\/cms\/wp-content\/uploads\/2020\/06\/Otvorenie_Bikepark_Myto_Ski_Bike_10-300x200.jpg 300w, https:\/\/www.slovaklinesmagazin.sk\/cms\/wp-content\/uploads\/2020\/06\/Otvorenie_Bikepark_Myto_Ski_Bike_10-768x512.jpg 768w, https:\/\/www.slovaklinesmagazin.sk\/cms\/wp-content\/uploads\/2020\/06\/Otvorenie_Bikepark_Myto_Ski_Bike_10-600x400.jpg 600w, https:\/\/www.slovaklinesmagazin.sk\/cms\/wp-content\/uploads\/2020\/06\/Otvorenie_Bikepark_Myto_Ski_Bike_10-304x203.jpg 304w, https:\/\/www.slovaklinesmagazin.sk\/cms\/wp-content\/uploads\/2020\/06\/Otvorenie_Bikepark_Myto_Ski_Bike_10-296x197.jpg 296w\" sizes=\"auto, (max-width: 640px) 100vw, 640px\" \/><\/a>\n\t\t\t<\/div><\/figure><figure class='gallery-item'>\n\t\t\t<div class='gallery-icon landscape'>\n\t\t\t\t<a href='https:\/\/www.slovaklinesmagazin.sk\/cms\/2020\/06\/v-myte-pod-dumbierom-sa-otvaraju-brany-do-bike-parku\/otvorenie_bikepark_myto_ski_bike_11\/'><img loading=\"lazy\" decoding=\"async\" width=\"640\" height=\"427\" src=\"https:\/\/www.slovaklinesmagazin.sk\/cms\/wp-content\/uploads\/2020\/06\/Otvorenie_Bikepark_Myto_Ski_Bike_11.jpg\" class=\"attachment-large size-large\" alt=\"\" srcset=\"https:\/\/www.slovaklinesmagazin.sk\/cms\/wp-content\/uploads\/2020\/06\/Otvorenie_Bikepark_Myto_Ski_Bike_11.jpg 900w, https:\/\/www.slovaklinesmagazin.sk\/cms\/wp-content\/uploads\/2020\/06\/Otvorenie_Bikepark_Myto_Ski_Bike_11-300x200.jpg 300w, https:\/\/www.slovaklinesmagazin.sk\/cms\/wp-content\/uploads\/2020\/06\/Otvorenie_Bikepark_Myto_Ski_Bike_11-768x512.jpg 768w, https:\/\/www.slovaklinesmagazin.sk\/cms\/wp-content\/uploads\/2020\/06\/Otvorenie_Bikepark_Myto_Ski_Bike_11-600x400.jpg 600w, https:\/\/www.slovaklinesmagazin.sk\/cms\/wp-content\/uploads\/2020\/06\/Otvorenie_Bikepark_Myto_Ski_Bike_11-304x203.jpg 304w, https:\/\/www.slovaklinesmagazin.sk\/cms\/wp-content\/uploads\/2020\/06\/Otvorenie_Bikepark_Myto_Ski_Bike_11-296x197.jpg 296w\" sizes=\"auto, (max-width: 640px) 100vw, 640px\" \/><\/a>\n\t\t\t<\/div><\/figure><figure class='gallery-item'>\n\t\t\t<div class='gallery-icon landscape'>\n\t\t\t\t<a href='https:\/\/www.slovaklinesmagazin.sk\/cms\/2020\/06\/v-myte-pod-dumbierom-sa-otvaraju-brany-do-bike-parku\/otvorenie_bikepark_myto_ski_bike_12\/'><img loading=\"lazy\" decoding=\"async\" width=\"640\" height=\"427\" src=\"https:\/\/www.slovaklinesmagazin.sk\/cms\/wp-content\/uploads\/2020\/06\/Otvorenie_Bikepark_Myto_Ski_Bike_12.jpg\" class=\"attachment-large size-large\" alt=\"\" srcset=\"https:\/\/www.slovaklinesmagazin.sk\/cms\/wp-content\/uploads\/2020\/06\/Otvorenie_Bikepark_Myto_Ski_Bike_12.jpg 900w, https:\/\/www.slovaklinesmagazin.sk\/cms\/wp-content\/uploads\/2020\/06\/Otvorenie_Bikepark_Myto_Ski_Bike_12-300x200.jpg 300w, https:\/\/www.slovaklinesmagazin.sk\/cms\/wp-content\/uploads\/2020\/06\/Otvorenie_Bikepark_Myto_Ski_Bike_12-768x512.jpg 768w, https:\/\/www.slovaklinesmagazin.sk\/cms\/wp-content\/uploads\/2020\/06\/Otvorenie_Bikepark_Myto_Ski_Bike_12-600x400.jpg 600w, https:\/\/www.slovaklinesmagazin.sk\/cms\/wp-content\/uploads\/2020\/06\/Otvorenie_Bikepark_Myto_Ski_Bike_12-304x203.jpg 304w, https:\/\/www.slovaklinesmagazin.sk\/cms\/wp-content\/uploads\/2020\/06\/Otvorenie_Bikepark_Myto_Ski_Bike_12-296x197.jpg 296w\" sizes=\"auto, (max-width: 640px) 100vw, 640px\" \/><\/a>\n\t\t\t<\/div><\/figure><figure class='gallery-item'>\n\t\t\t<div class='gallery-icon landscape'>\n\t\t\t\t<a href='https:\/\/www.slovaklinesmagazin.sk\/cms\/2020\/06\/v-myte-pod-dumbierom-sa-otvaraju-brany-do-bike-parku\/otvorenie_bikepark_myto_ski_bike_13\/'><img loading=\"lazy\" decoding=\"async\" width=\"640\" height=\"427\" src=\"https:\/\/www.slovaklinesmagazin.sk\/cms\/wp-content\/uploads\/2020\/06\/Otvorenie_Bikepark_Myto_Ski_Bike_13.jpg\" class=\"attachment-large size-large\" alt=\"\" srcset=\"https:\/\/www.slovaklinesmagazin.sk\/cms\/wp-content\/uploads\/2020\/06\/Otvorenie_Bikepark_Myto_Ski_Bike_13.jpg 900w, https:\/\/www.slovaklinesmagazin.sk\/cms\/wp-content\/uploads\/2020\/06\/Otvorenie_Bikepark_Myto_Ski_Bike_13-300x200.jpg 300w, https:\/\/www.slovaklinesmagazin.sk\/cms\/wp-content\/uploads\/2020\/06\/Otvorenie_Bikepark_Myto_Ski_Bike_13-768x512.jpg 768w, https:\/\/www.slovaklinesmagazin.sk\/cms\/wp-content\/uploads\/2020\/06\/Otvorenie_Bikepark_Myto_Ski_Bike_13-600x400.jpg 600w, https:\/\/www.slovaklinesmagazin.sk\/cms\/wp-content\/uploads\/2020\/06\/Otvorenie_Bikepark_Myto_Ski_Bike_13-304x203.jpg 304w, https:\/\/www.slovaklinesmagazin.sk\/cms\/wp-content\/uploads\/2020\/06\/Otvorenie_Bikepark_Myto_Ski_Bike_13-296x197.jpg 296w\" sizes=\"auto, (max-width: 640px) 100vw, 640px\" \/><\/a>\n\t\t\t<\/div><\/figure><figure class='gallery-item'>\n\t\t\t<div class='gallery-icon landscape'>\n\t\t\t\t<a href='https:\/\/www.slovaklinesmagazin.sk\/cms\/2020\/06\/v-myte-pod-dumbierom-sa-otvaraju-brany-do-bike-parku\/otvorenie_bikepark_myto_ski_bike_14-2\/'><img loading=\"lazy\" decoding=\"async\" width=\"640\" height=\"427\" src=\"https:\/\/www.slovaklinesmagazin.sk\/cms\/wp-content\/uploads\/2020\/06\/Otvorenie_Bikepark_Myto_Ski_Bike_14-1.jpg\" class=\"attachment-large size-large\" alt=\"\" srcset=\"https:\/\/www.slovaklinesmagazin.sk\/cms\/wp-content\/uploads\/2020\/06\/Otvorenie_Bikepark_Myto_Ski_Bike_14-1.jpg 900w, https:\/\/www.slovaklinesmagazin.sk\/cms\/wp-content\/uploads\/2020\/06\/Otvorenie_Bikepark_Myto_Ski_Bike_14-1-300x200.jpg 300w, https:\/\/www.slovaklinesmagazin.sk\/cms\/wp-content\/uploads\/2020\/06\/Otvorenie_Bikepark_Myto_Ski_Bike_14-1-768x512.jpg 768w, https:\/\/www.slovaklinesmagazin.sk\/cms\/wp-content\/uploads\/2020\/06\/Otvorenie_Bikepark_Myto_Ski_Bike_14-1-600x400.jpg 600w, https:\/\/www.slovaklinesmagazin.sk\/cms\/wp-content\/uploads\/2020\/06\/Otvorenie_Bikepark_Myto_Ski_Bike_14-1-304x203.jpg 304w, https:\/\/www.slovaklinesmagazin.sk\/cms\/wp-content\/uploads\/2020\/06\/Otvorenie_Bikepark_Myto_Ski_Bike_14-1-296x197.jpg 296w\" sizes=\"auto, (max-width: 640px) 100vw, 640px\" \/><\/a>\n\t\t\t<\/div><\/figure><figure class='gallery-item'>\n\t\t\t<div class='gallery-icon landscape'>\n\t\t\t\t<a href='https:\/\/www.slovaklinesmagazin.sk\/cms\/2020\/06\/v-myte-pod-dumbierom-sa-otvaraju-brany-do-bike-parku\/otvorenie_bikepark_myto_ski_bike_15\/'><img loading=\"lazy\" decoding=\"async\" width=\"640\" height=\"427\" src=\"https:\/\/www.slovaklinesmagazin.sk\/cms\/wp-content\/uploads\/2020\/06\/Otvorenie_Bikepark_Myto_Ski_Bike_15.jpg\" class=\"attachment-large size-large\" alt=\"\" srcset=\"https:\/\/www.slovaklinesmagazin.sk\/cms\/wp-content\/uploads\/2020\/06\/Otvorenie_Bikepark_Myto_Ski_Bike_15.jpg 900w, https:\/\/www.slovaklinesmagazin.sk\/cms\/wp-content\/uploads\/2020\/06\/Otvorenie_Bikepark_Myto_Ski_Bike_15-300x200.jpg 300w, https:\/\/www.slovaklinesmagazin.sk\/cms\/wp-content\/uploads\/2020\/06\/Otvorenie_Bikepark_Myto_Ski_Bike_15-768x512.jpg 768w, https:\/\/www.slovaklinesmagazin.sk\/cms\/wp-content\/uploads\/2020\/06\/Otvorenie_Bikepark_Myto_Ski_Bike_15-600x400.jpg 600w, https:\/\/www.slovaklinesmagazin.sk\/cms\/wp-content\/uploads\/2020\/06\/Otvorenie_Bikepark_Myto_Ski_Bike_15-304x203.jpg 304w, https:\/\/www.slovaklinesmagazin.sk\/cms\/wp-content\/uploads\/2020\/06\/Otvorenie_Bikepark_Myto_Ski_Bike_15-296x197.jpg 296w\" sizes=\"auto, (max-width: 640px) 100vw, 640px\" \/><\/a>\n\t\t\t<\/div><\/figure><figure class='gallery-item'>\n\t\t\t<div class='gallery-icon landscape'>\n\t\t\t\t<a href='https:\/\/www.slovaklinesmagazin.sk\/cms\/2020\/06\/v-myte-pod-dumbierom-sa-otvaraju-brany-do-bike-parku\/otvorenie_bikepark_myto_ski_bike_17\/'><img loading=\"lazy\" decoding=\"async\" width=\"640\" height=\"427\" src=\"https:\/\/www.slovaklinesmagazin.sk\/cms\/wp-content\/uploads\/2020\/06\/Otvorenie_Bikepark_Myto_Ski_Bike_17.jpg\" class=\"attachment-large size-large\" alt=\"\" srcset=\"https:\/\/www.slovaklinesmagazin.sk\/cms\/wp-content\/uploads\/2020\/06\/Otvorenie_Bikepark_Myto_Ski_Bike_17.jpg 900w, https:\/\/www.slovaklinesmagazin.sk\/cms\/wp-content\/uploads\/2020\/06\/Otvorenie_Bikepark_Myto_Ski_Bike_17-300x200.jpg 300w, https:\/\/www.slovaklinesmagazin.sk\/cms\/wp-content\/uploads\/2020\/06\/Otvorenie_Bikepark_Myto_Ski_Bike_17-768x512.jpg 768w, https:\/\/www.slovaklinesmagazin.sk\/cms\/wp-content\/uploads\/2020\/06\/Otvorenie_Bikepark_Myto_Ski_Bike_17-600x400.jpg 600w, https:\/\/www.slovaklinesmagazin.sk\/cms\/wp-content\/uploads\/2020\/06\/Otvorenie_Bikepark_Myto_Ski_Bike_17-304x203.jpg 304w, https:\/\/www.slovaklinesmagazin.sk\/cms\/wp-content\/uploads\/2020\/06\/Otvorenie_Bikepark_Myto_Ski_Bike_17-296x197.jpg 296w\" sizes=\"auto, (max-width: 640px) 100vw, 640px\" \/><\/a>\n\t\t\t<\/div><\/figure>\n\t\t<\/div>\n\n<p>&nbsp;<\/p>\n","protected":false},"excerpt":{"rendered":"<p>&nbsp; M\u00fdto SKI &amp; BIKE otv\u00e1ra op\u00e4\u0165 svoje br\u00e1ny pre v\u0161etk\u00fdch nad\u0161en\u00fdch bikerov. V\u00a0sobotu 13. j\u00fana sa m\u00f4\u017eete te\u0161i\u0165 na otvorenie druhej sez\u00f3ny v\u00a0\u0161pi\u010dkovom bike parku v\u00a0M\u00fdte pod \u010eumbierom. Ly\u017eiarske stredisko svoju sez\u00f3nu u\u017e ukon\u010dilo a\u00a0na rad prich\u00e1dza letn\u00e1 bike-ov\u00e1 sez\u00f3na. Bike park v\u00a0obci M\u00fdto pod \u010eumbierom op\u00e4\u0165 otvor\u00ed svoje br\u00e1ny a\u00a0v\u0161etci milovn\u00edci bicyklov sa [&hellip;]<\/p>\n","protected":false},"author":7,"featured_media":85595,"comment_status":"closed","ping_status":"closed","sticky":false,"template":"","format":"standard","meta":{"footnotes":""},"categories":[1],"tags":[],"class_list":["post-85594","post","type-post","status-publish","format-standard","has-post-thumbnail","hentry","category-nezaradene","eq-blocks"],"_links":{"self":[{"href":"https:\/\/www.slovaklinesmagazin.sk\/cms\/wp-json\/wp\/v2\/posts\/85594","targetHints":{"allow":["GET"]}}],"collection":[{"href":"https:\/\/www.slovaklinesmagazin.sk\/cms\/wp-json\/wp\/v2\/posts"}],"about":[{"href":"https:\/\/www.slovaklinesmagazin.sk\/cms\/wp-json\/wp\/v2\/types\/post"}],"author":[{"embeddable":true,"href":"https:\/\/www.slovaklinesmagazin.sk\/cms\/wp-json\/wp\/v2\/users\/7"}],"replies":[{"embeddable":true,"href":"https:\/\/www.slovaklinesmagazin.sk\/cms\/wp-json\/wp\/v2\/comments?post=85594"}],"version-history":[{"count":2,"href":"https:\/\/www.slovaklinesmagazin.sk\/cms\/wp-json\/wp\/v2\/posts\/85594\/revisions"}],"predecessor-version":[{"id":85609,"href":"https:\/\/www.slovaklinesmagazin.sk\/cms\/wp-json\/wp\/v2\/posts\/85594\/revisions\/85609"}],"wp:featuredmedia":[{"embeddable":true,"href":"https:\/\/www.slovaklinesmagazin.sk\/cms\/wp-json\/wp\/v2\/media\/85595"}],"wp:attachment":[{"href":"https:\/\/www.slovaklinesmagazin.sk\/cms\/wp-json\/wp\/v2\/media?parent=85594"}],"wp:term":[{"taxonomy":"category","embeddable":true,"href":"https:\/\/www.slovaklinesmagazin.sk\/cms\/wp-json\/wp\/v2\/categories?post=85594"},{"taxonomy":"post_tag","embeddable":true,"href":"https:\/\/www.slovaklinesmagazin.sk\/cms\/wp-json\/wp\/v2\/tags?post=85594"}],"curies":[{"name":"wp","href":"https:\/\/api.w.org\/{rel}","templated":true}]}}