{"id":85721,"date":"2020-07-07T13:03:34","date_gmt":"2020-07-07T11:03:34","guid":{"rendered":"https:\/\/slovaklinesmagazin.sk\/cms\/?p=85721"},"modified":"2020-07-07T13:03:34","modified_gmt":"2020-07-07T11:03:34","slug":"skupina-peter-bic-project-sa-chysta-na-jesenne-koncerty","status":"publish","type":"post","link":"https:\/\/www.slovaklinesmagazin.sk\/cms\/2020\/07\/skupina-peter-bic-project-sa-chysta-na-jesenne-koncerty\/","title":{"rendered":"Skupina Peter Bi\u010d\u00a0 Project sa chyst\u00e1 na jesenn\u00e9 koncerty."},"content":{"rendered":"<p><strong>V Ko\u0161iciach sa pre ve\u013ek\u00fd z\u00e1ujem pres\u00favaj\u00fa do Kunsthalle<\/strong><\/p>\n<p>Skupina Peter Bi\u010d Project mala v\u00a0apr\u00edli od\u0161tartova\u0165 svoje \u201e Labyrint Tour\u201c, ale ako jedna z\u00a0prv\u00fdch skup\u00edn musela presun\u00fa\u0165 svoje koncerty kv\u00f4li pand\u00e9mii korona v\u00edrusu.<\/p>\n<p><strong><em>\u201e V z\u00e1sade sa ni\u010d nemen\u00ed, my sme u\u017e turn\u00e9 mali nachystan\u00e9 na jar. V\u0161etko sme mali pripraven\u00e9, mo\u017eno nie\u010do pribudne, ale nechcem prezr\u00e1dza\u0165. Viki poriadne cvi\u010d\u00ed na tr\u00fabku, tak\u017ee ver\u00edme, \u017ee to v\u0161etko vyjde\u201c<\/em><\/strong> hovor\u00ed Peter Bi\u010d. <strong><em>\u201eTr\u00fabka je ob\u010das n\u00e1ladov\u00e1, ale m\u0148a to s\u00a0\u0148ou st\u00e1le bav\u00ed, te\u0161\u00edm sa , \u017ee si budeme m\u00f4c\u0165 spolu zahra\u0165, te\u0161\u00edme na \u013eud\u00ed \u201c <\/em><\/strong>dod\u00e1va so Vikt\u00f3ria Vargov\u00e1.<\/p>\n<p style=\"text-align: center;\"><a href=\"https:\/\/slovaklinesmagazin.sk\/cms\/wp-content\/uploads\/2020\/07\/PBP02-f@Dominika-Kentosova-scaled.jpg\"><img decoding=\"async\" class=\"aligncenter\" src=\"https:\/\/slovaklinesmagazin.sk\/cms\/wp-content\/uploads\/2020\/07\/PBP02-f@Dominika-Kentosova-scaled.jpg\" \/><\/a><br \/>\nFoto: Dominika Kentosova<\/p>\n<p>\u00a0\u00a0\u00a0\u00a0\u00a0\u00a0\u00a0\u00a0\u00a0\u00a0\u00a0 <strong><em>Zmena nastala akur\u00e1t v\u00a0Ko\u0161iciach, l\u00edstky ost\u00e1vaj\u00fa, miesto sa men\u00ed. Preto\u017ee u\u017e bolo vypredan\u00e9, a\u00a0ke\u010f\u017ee sme na dom\u00e1cej p\u00f4de, \u013eudia n\u00e1m p\u00edsali, \u017ee sa chc\u00fa dosta\u0165 na n\u00e1\u0161 koncert, tak sme sa rozhodli koncert presun\u00fa\u0165 do v\u00e4\u010d\u0161ieho priestoru. A\u00a0to do Kunsthalle. A\u00a0to je fajn spr\u00e1va<\/em><\/strong>, hovor\u00ed na margo zmeny miesta Peter Bi\u010d.<\/p>\n<p>Vstupenky zost\u00e1vaj\u00fa v platnosti.\u00a0V\u00a0pr\u00edpade nes\u00fahlasu so zmenou miesta, m\u00f4\u017eu z\u00e1kazn\u00edci po\u017eiada\u0165 o vr\u00e1tenie pe\u0148az\u00ed, pr\u00edpadne sa informova\u0165 na <a href=\"http:\/\/www.predpredaj.sk\">www.predpredaj.sk<\/a><\/p>\n<p>\u201e<strong>V\u00a0lete by sme sa chceli venova\u0165 u\u017e aj nov\u00fdm skladb\u00e1m, m\u00e1me zarezervovan\u00e9 \u0161t\u00fadio, budeme sa venova\u0165 nahr\u00e1vaniu. Ver\u00edm \u017ee to dopadne op\u00e4\u0165 skvelo.\u201c <\/strong>Skladby ako L\u00e1va, Ned\u00edvaj sa tak, Ned\u00edvaj sa tak, Z\u00a0v\u00fd\u0161ky, Tich\u00e1 piese\u0148, \u010coskoro \u010di st\u00e1le aktu\u00e1lne najhranej\u0161ia slovensk\u00e1 skladba v r\u00e1di\u00e1ch,\u00a0 <strong>STOJ<\/strong>, zaznej\u00fa ur\u010dite aj na jesennom <strong><em><u>Labyrint Tour 2020<\/u><\/em><\/strong><\/p>\n<p>&nbsp;<\/p>\n<p style=\"text-align: center;\"><a href=\"https:\/\/slovaklinesmagazin.sk\/cms\/wp-content\/uploads\/2020\/07\/TOUR-FOTO-new-.png\"><img decoding=\"async\" class=\"aligncenter\" src=\"https:\/\/slovaklinesmagazin.sk\/cms\/wp-content\/uploads\/2020\/07\/TOUR-FOTO-new-.png\" \/><\/a><\/p>\n<p>Vypo\u010dujte si album Labyrint<\/p>\n<p><a href=\"https:\/\/peterbicproject.lnk.to\/Labyrint\">https:\/\/peterbicproject.lnk.to\/Labyrint<\/a><\/p>\n<p>videoklip ku skladbe STOJ<\/p>\n<p><a href=\"https:\/\/youtu.be\/KFqJRL0gt30\">https:\/\/youtu.be\/KFqJRL0gt30<\/a><\/p>\n<p>&nbsp;<\/p>\n<p>Fotografia na titulke: foto: Jano Stovka<\/p>\n","protected":false},"excerpt":{"rendered":"<p>V Ko\u0161iciach sa pre ve\u013ek\u00fd z\u00e1ujem pres\u00favaj\u00fa do Kunsthalle Skupina Peter Bi\u010d Project mala v\u00a0apr\u00edli od\u0161tartova\u0165 svoje \u201e Labyrint Tour\u201c, ale ako jedna z\u00a0prv\u00fdch skup\u00edn musela presun\u00fa\u0165 svoje koncerty kv\u00f4li pand\u00e9mii korona v\u00edrusu. \u201e V z\u00e1sade sa ni\u010d nemen\u00ed, my sme u\u017e turn\u00e9 mali nachystan\u00e9 na jar. V\u0161etko sme mali pripraven\u00e9, mo\u017eno nie\u010do pribudne, ale [&hellip;]<\/p>\n","protected":false},"author":7,"featured_media":85723,"comment_status":"closed","ping_status":"closed","sticky":false,"template":"","format":"standard","meta":{"footnotes":""},"categories":[53,50,48],"tags":[],"class_list":["post-85721","post","type-post","status-publish","format-standard","has-post-thumbnail","hentry","category-ponuky","category-radim-vam","category-umenie-a-kultura","eq-blocks"],"_links":{"self":[{"href":"https:\/\/www.slovaklinesmagazin.sk\/cms\/wp-json\/wp\/v2\/posts\/85721","targetHints":{"allow":["GET"]}}],"collection":[{"href":"https:\/\/www.slovaklinesmagazin.sk\/cms\/wp-json\/wp\/v2\/posts"}],"about":[{"href":"https:\/\/www.slovaklinesmagazin.sk\/cms\/wp-json\/wp\/v2\/types\/post"}],"author":[{"embeddable":true,"href":"https:\/\/www.slovaklinesmagazin.sk\/cms\/wp-json\/wp\/v2\/users\/7"}],"replies":[{"embeddable":true,"href":"https:\/\/www.slovaklinesmagazin.sk\/cms\/wp-json\/wp\/v2\/comments?post=85721"}],"version-history":[{"count":1,"href":"https:\/\/www.slovaklinesmagazin.sk\/cms\/wp-json\/wp\/v2\/posts\/85721\/revisions"}],"predecessor-version":[{"id":85727,"href":"https:\/\/www.slovaklinesmagazin.sk\/cms\/wp-json\/wp\/v2\/posts\/85721\/revisions\/85727"}],"wp:featuredmedia":[{"embeddable":true,"href":"https:\/\/www.slovaklinesmagazin.sk\/cms\/wp-json\/wp\/v2\/media\/85723"}],"wp:attachment":[{"href":"https:\/\/www.slovaklinesmagazin.sk\/cms\/wp-json\/wp\/v2\/media?parent=85721"}],"wp:term":[{"taxonomy":"category","embeddable":true,"href":"https:\/\/www.slovaklinesmagazin.sk\/cms\/wp-json\/wp\/v2\/categories?post=85721"},{"taxonomy":"post_tag","embeddable":true,"href":"https:\/\/www.slovaklinesmagazin.sk\/cms\/wp-json\/wp\/v2\/tags?post=85721"}],"curies":[{"name":"wp","href":"https:\/\/api.w.org\/{rel}","templated":true}]}}