{"id":87183,"date":"2021-01-25T15:07:53","date_gmt":"2021-01-25T13:07:53","guid":{"rendered":"https:\/\/slovaklinesmagazin.sk\/cms\/?p=87183"},"modified":"2021-01-25T15:08:36","modified_gmt":"2021-01-25T13:08:36","slug":"klammer-spustenie-jedinecnej-filmovej-produkcie-o-legende-svetoveho-sportu","status":"publish","type":"post","link":"https:\/\/www.slovaklinesmagazin.sk\/cms\/2021\/01\/klammer-spustenie-jedinecnej-filmovej-produkcie-o-legende-svetoveho-sportu\/","title":{"rendered":"KLAMMER: Spustenie jedine\u010dnej filmovej produkcie o\u00a0legende svetov\u00e9ho \u0161portu"},"content":{"rendered":"<p>V kin\u00e1ch po celom svete &#8211;\u00a0 od jesene 2021<\/p>\n<p>Existuj\u00fa pr\u00edbehy, ktor\u00e9 zostan\u00fa pre v\u0161etkch n\u00e1s, \u010do milujeme zimn\u00e9 \u0161porty, nav\u017edy v\u00a0na\u0161ich mysliach. Jedn\u00fdm z\u00a0nich je i\u00a0pr\u00edbeh Franzovi Klammeri, jedenom z najpopul\u00e1rnej\u0161\u00edch ly\u017eiarov v\u0161etk\u00fdch \u010dias. Sfilmovan\u00fd je jedine\u010dn\u00fd pr\u00edbeh \u00a0o d\u0148och jeho olympijsk\u00e9ho v\u00ed\u0165azstva v Innsbrucku v roku 1976.<\/p>\n<p>Film bude nasaden\u00fd do distrib\u00facie a\u00a0bude sa premieta\u0165 \u00a0v kin\u00e1ch po celom svete od jesene 2021.<\/p>\n<p>Minul\u00fd t\u00fd\u017ede\u0148, 20. janu\u00e1ra 2021, bol film KLAMMER uveden\u00fd v\u00a0rodnom dome, kde sa narodil Franz Klammer, v korut\u00e1nskom Mooswalde.<\/p>\n<p style=\"text-align: center;\"><img loading=\"lazy\" decoding=\"async\" class=\"alignnone size-full wp-image-87185\" src=\"https:\/\/slovaklinesmagazin.sk\/cms\/wp-content\/uploads\/2021\/01\/5HP8569_HANNES_PACHEINER_.jpg\" alt=\"\" width=\"2126\" height=\"1417\" srcset=\"https:\/\/www.slovaklinesmagazin.sk\/cms\/wp-content\/uploads\/2021\/01\/5HP8569_HANNES_PACHEINER_.jpg 2126w, https:\/\/www.slovaklinesmagazin.sk\/cms\/wp-content\/uploads\/2021\/01\/5HP8569_HANNES_PACHEINER_-300x200.jpg 300w, https:\/\/www.slovaklinesmagazin.sk\/cms\/wp-content\/uploads\/2021\/01\/5HP8569_HANNES_PACHEINER_-1024x683.jpg 1024w, https:\/\/www.slovaklinesmagazin.sk\/cms\/wp-content\/uploads\/2021\/01\/5HP8569_HANNES_PACHEINER_-768x512.jpg 768w, https:\/\/www.slovaklinesmagazin.sk\/cms\/wp-content\/uploads\/2021\/01\/5HP8569_HANNES_PACHEINER_-600x400.jpg 600w, https:\/\/www.slovaklinesmagazin.sk\/cms\/wp-content\/uploads\/2021\/01\/5HP8569_HANNES_PACHEINER_-1536x1024.jpg 1536w, https:\/\/www.slovaklinesmagazin.sk\/cms\/wp-content\/uploads\/2021\/01\/5HP8569_HANNES_PACHEINER_-2048x1365.jpg 2048w\" sizes=\"auto, (max-width: 2126px) 100vw, 2126px\" \/><\/p>\n<p style=\"text-align: center;\">foto: HANNES PACHEINER<\/p>\n<p>Po rokoch d\u00f4kladn\u00e9ho pl\u00e1novania a rozsiahlej pr\u00edpravy sa v\u010faka podpore mnoh\u00fdch partnerov podarilo uspie\u0165 pri sposten\u00ed a pr\u00edprave jedine\u010dnej rak\u00faskej filmovej produkcie.<br \/>\nKLAMMER je produkciou spolo\u010dnost\u00ed epo-film a Samsara Film a\u00a0je \u00a0vyr\u00e1ban\u00e1 v spolupr\u00e1ci so Servus TV s podporou Rak\u00faskeho filmov\u00e9ho in\u0161tit\u00fatu (\u00d6FI), Filmstandorts Austria (FISA), K\u00e4rnten Werbung GmbH, filmovej \/ telev\u00edznej dohody ORF, Viedensk\u00e9ho filmov\u00e9ho fondu , Cine Tirol a Korut\u00e1nska filmov\u00e1 komisia.<\/p>\n<p>KLAMMER bude jedn\u00fdm z najv\u00e4\u010d\u0161\u00edch a\u00a0naj\u0165a\u017e\u0161ie \u00a0vyroben\u00fdch filmov o zimn\u00fdch \u0161portoch v\u0161etk\u00fdch \u010dias a jeho v\u00fdroba je \u00faplne financovan\u00e1 Rak\u00faskom My\u0161lienku realiz\u00e1cie tohto projektu a prv\u00e9 iniciat\u00edvy na jeho realiz\u00e1ciu pred nieko\u013ek\u00fdmi rokmi stanovil Christian Kresse, v\u00fdkonn\u00fd riadite\u013e spolo\u010dnosti K\u00e4rnten Werbung.<\/p>\n<p>&nbsp;<\/p>\n<p><strong>Pr\u00edbeh:<\/strong><br \/>\nFranz Klammer je st\u00e1le jedn\u00fdm z najsl\u00e1vnej\u0161\u00edch svetov\u00fdch olympijsk\u00fdch \u0161ampi\u00f3nov a \u017eij\u00facich ly\u017eiarskych legiend.<br \/>\nJeho status ly\u017eiarskej legendy sa upevnil na olympijsk\u00fdch hr\u00e1ch v Innsbrucku. Ako sa to v\u0161ak stalo? Ak\u00fdm neuverite\u013en\u00fdm sil\u00e1m musel Klammer vzdorova\u0165 a \u010deli\u0165 ? Ako na\u0161iel ment\u00e1lnu silu na to, aby ignoroval ide\u00e1lnu l\u00edniu, aby si v hore urobil svoju vlastn\u00fa stopu?<\/p>\n<p>L\u00e1ska jeho \u017eivota &#8211; Eva, mu dod\u00e1va odvahu oslobodi\u0165 sa od v\u0161etk\u00fdch prek\u00e1\u017eok, aby mohol bojova\u0165 proti v\u0161etk\u00fdm n\u00e1strah\u00e1m, ktor\u00e9 mu \u017eivot prin\u00e1\u0161al.<\/p>\n<p><strong>Andreas Schmied, re\u017eis\u00e9r a scen\u00e1r:<\/strong><\/p>\n<p>\u201eSkuto\u010dne som sa te\u0161il na jedine\u010dn\u00fa v\u00fdzvu pripravi\u0165 a prerozpr\u00e1va\u0165 pr\u00edbeh tohto skuto\u010dn\u00e9ho rak\u00faskeho hrdinu, ktor\u00fd je pozit\u00edvne vn\u00edman\u00fd nielen v\u00a0na\u0161ej krajine, ale hlavne v\u00a0zahrani\u010d\u00ed. Je to dramaturgicky hutn\u00fd, vzru\u0161uj\u00faci \u0161portov\u00fd film, n\u00e1dhern\u00fd pr\u00edbeh l\u00e1sky a tie\u017e ako mimoriadny, in\u0161pirat\u00edvny hrdinsk\u00fd pr\u00edbeh.\u201c<\/p>\n<p><strong>Jakob Pochlatko, producent epo-filmu:<\/strong><\/p>\n<p>&#8222;V\u010faka inovat\u00edvnemu a hutn\u00e9mu pr\u00edstupu, ktor\u00fd obmedzuje narat\u00edv iba na najd\u00f4le\u017eitej\u0161iu kapitolu kari\u00e9ry Franza Klammera, sa Elisabeth a Andreasovi Schmiedovi podarilo z\u00edska\u0165 Franza Klammera a jeho man\u017eelku a najd\u00f4le\u017eitej\u0161iu poradky\u0148u Evu. Tento pr\u00edbeh sa samozrejme zameriava na legend\u00e1rne olympijsk\u00e9 hry.&#8220;<br \/>\nNa\u0161\u00edm cie\u013eom bolo ponuknut tie najlep\u0161ie a najmodernej\u0161ie ly\u017eiarske fotografie, ktor\u00e9 nikdy predt\u00fdm neboli uverejnen\u00e9 na pl\u00e1tnach k\u00edn. \u201c<\/p>\n<p><strong>Franz Klammer:<\/strong><\/p>\n<p>\u201eSom ve\u013emi hrd\u00fd na to, \u017ee jedn\u00fdm z najd\u00f4le\u017eitej\u0161\u00edch okamihov m\u00f4jho \u017eivota bude materi\u00e1l pre tento medzin\u00e1rodn\u00fd film. Ako \u0161portovec som ur\u010dit\u00fdm vzorom a\u00a0chcem povzbudzova\u0165 \u013eud\u00ed, aby verili vo svoje sny. Som v\u010fa\u010dn\u00fd za to, \u017ee som mohol \u017ei\u0165 \u017eivot, o akom som mohol len sn\u00edva\u0165. V tomto filme sa uk\u00e1\u017ee mnoho osobn\u00fdch \u00a0z\u00e1\u017eitkov a pr\u00edbehov, ktor\u00e9 e\u0161te nie s\u00fa tak\u00e9 zn\u00e1me. Obzvl\u00e1\u0161\u0165 ma te\u0161\u00ed, \u017ee ve\u013ek\u00e1 \u010das\u0165 tohto filmu je venovan\u00e1 aj mojim spolo\u010dn\u00edkom a priate\u013eom z tejto doby.<\/p>\n<p>Fotografia na titulke: Franz Klammer, foto HANNES PACHEINER<\/p>\n<p>&nbsp;<\/p>\n<p>&nbsp;<\/p>\n","protected":false},"excerpt":{"rendered":"<p>V kin\u00e1ch po celom svete &#8211;\u00a0 od jesene 2021 Existuj\u00fa pr\u00edbehy, ktor\u00e9 zostan\u00fa pre v\u0161etkch n\u00e1s, \u010do milujeme zimn\u00e9 \u0161porty, nav\u017edy v\u00a0na\u0161ich mysliach. Jedn\u00fdm z\u00a0nich je i\u00a0pr\u00edbeh Franzovi Klammeri, jedenom z najpopul\u00e1rnej\u0161\u00edch ly\u017eiarov v\u0161etk\u00fdch \u010dias. Sfilmovan\u00fd je jedine\u010dn\u00fd pr\u00edbeh \u00a0o d\u0148och jeho olympijsk\u00e9ho v\u00ed\u0165azstva v Innsbrucku v roku 1976. Film bude nasaden\u00fd do distrib\u00facie a\u00a0bude [&hellip;]<\/p>\n","protected":false},"author":7,"featured_media":87184,"comment_status":"closed","ping_status":"closed","sticky":false,"template":"","format":"standard","meta":{"footnotes":""},"categories":[47,14,48],"tags":[],"class_list":["post-87183","post","type-post","status-publish","format-standard","has-post-thumbnail","hentry","category-film","category-sport","category-umenie-a-kultura","eq-blocks"],"_links":{"self":[{"href":"https:\/\/www.slovaklinesmagazin.sk\/cms\/wp-json\/wp\/v2\/posts\/87183","targetHints":{"allow":["GET"]}}],"collection":[{"href":"https:\/\/www.slovaklinesmagazin.sk\/cms\/wp-json\/wp\/v2\/posts"}],"about":[{"href":"https:\/\/www.slovaklinesmagazin.sk\/cms\/wp-json\/wp\/v2\/types\/post"}],"author":[{"embeddable":true,"href":"https:\/\/www.slovaklinesmagazin.sk\/cms\/wp-json\/wp\/v2\/users\/7"}],"replies":[{"embeddable":true,"href":"https:\/\/www.slovaklinesmagazin.sk\/cms\/wp-json\/wp\/v2\/comments?post=87183"}],"version-history":[{"count":2,"href":"https:\/\/www.slovaklinesmagazin.sk\/cms\/wp-json\/wp\/v2\/posts\/87183\/revisions"}],"predecessor-version":[{"id":87187,"href":"https:\/\/www.slovaklinesmagazin.sk\/cms\/wp-json\/wp\/v2\/posts\/87183\/revisions\/87187"}],"wp:featuredmedia":[{"embeddable":true,"href":"https:\/\/www.slovaklinesmagazin.sk\/cms\/wp-json\/wp\/v2\/media\/87184"}],"wp:attachment":[{"href":"https:\/\/www.slovaklinesmagazin.sk\/cms\/wp-json\/wp\/v2\/media?parent=87183"}],"wp:term":[{"taxonomy":"category","embeddable":true,"href":"https:\/\/www.slovaklinesmagazin.sk\/cms\/wp-json\/wp\/v2\/categories?post=87183"},{"taxonomy":"post_tag","embeddable":true,"href":"https:\/\/www.slovaklinesmagazin.sk\/cms\/wp-json\/wp\/v2\/tags?post=87183"}],"curies":[{"name":"wp","href":"https:\/\/api.w.org\/{rel}","templated":true}]}}