{"id":87200,"date":"2021-01-28T12:58:03","date_gmt":"2021-01-28T10:58:03","guid":{"rendered":"https:\/\/slovaklinesmagazin.sk\/cms\/?p=87200"},"modified":"2021-01-28T12:58:03","modified_gmt":"2021-01-28T10:58:03","slug":"scandi-2021-konspiracie-hejty-ale-aj-krizy-ktore-treba-zazehnat","status":"publish","type":"post","link":"https:\/\/www.slovaklinesmagazin.sk\/cms\/2021\/01\/scandi-2021-konspiracie-hejty-ale-aj-krizy-ktore-treba-zazehnat\/","title":{"rendered":"SCANDI 2021 \u2013 kon\u0161pir\u00e1cie, hejty, ale aj kr\u00edzy, ktor\u00e9 treba za\u017eehna\u0165"},"content":{"rendered":"<p><strong>Prehliadka s\u00fa\u010dasn\u00fdch seversk\u00fdch filmov od\u0161tartovala dokumentom o\u00a0mladej aktivistke Grete Thunbergovej. Uvedenie filmu a\u00a0vizu\u00e1l siedmeho ro\u010dn\u00edka sprev\u00e1dzali pozit\u00edvne reakcie, ale aj\u00a0nen\u00e1vistn\u00e9 koment\u00e1re. Siedmy ro\u010dn\u00edk SCANDI, ktor\u00fd prebieha vo virtu\u00e1lnej kinos\u00e1le Edisonline.sk, potrv\u00e1 cel\u00fd t\u00fd\u017ede\u0148 a okrem mno\u017estva \u010fal\u0161\u00edch v\u00fdnimo\u010dn\u00fdch sn\u00edmok pon\u00faka aj podnetn\u00e9 diskusie. Tie sa bud\u00fa zaobera\u0165 kon\u0161pir\u00e1ciami, ochranou novin\u00e1rov, ale aj aktivizmom ako tak\u00fdm. Filmy a\u00a0diskusie sa s\u00edce zaoberaj\u00fa kr\u00edzami, ale najm\u00e4 ich rie\u0161en\u00edm. <\/strong><\/p>\n<p><strong>T\u00e9my, o\u00a0ktor\u00fdch sa treba rozpr\u00e1va\u0165<\/strong><\/p>\n<p>Film Europe v\u00a0spolupr\u00e1ci s\u00a0Ligou za du\u0161evn\u00e9 zdravie a\u00a0iniciat\u00edvou Veda pom\u00e1ha \u2013 COVID-19 prin\u00e1\u0161a v\u00a0utorok 26. 1. 2021 v\u00a0podve\u010dern\u00fdch hodin\u00e1ch diskusiu nazvan\u00fa <a href=\"https:\/\/fb.me\/e\/aqjgCpOAC\"><em>Pre\u010do n\u00e1s ovl\u00e1dli kon\u0161pira\u010dn\u00e9 te\u00f3rie?<\/em><\/a> Hostia bud\u00fa diskutova\u0165 o \u010doraz nebezpe\u010dnej\u0161\u00edch kon\u0161pir\u00e1ci\u00e1ch pod veden\u00edm novin\u00e1ra Vladim\u00edra \u0160n\u00eddla, ktor\u00fd sa venuje okrem in\u00e9ho fenom\u00e9nu dezinform\u00e1ci\u00ed a\u00a0medi\u00e1lnej osvete. Svoju \u00fa\u010das\u0165 potvrdili Mgr. Zuzana Panczov\u00e1, PhD. (vedeck\u00e1 pracovn\u00ed\u010dka a\u00a0z\u00e1stupky\u0148a riadite\u013eky \u00dastavu etnol\u00f3gie a soci\u00e1lnej antropol\u00f3gie SAV), PhDr. Du\u0161an Ondru\u0161ek, PhD. (psychol\u00f3g z organiz\u00e1cie PDCS, ktor\u00e1 sa venuje intervenci\u00e1m a vzdel\u00e1vaniu v\u00a0t\u00e9mach transform\u00e1cia konfliktov, obrana proti manipul\u00e1ci\u00e1m), prof. MUDr. Jozef Ha\u0161to, PhD. (slovensk\u00fd psychiater a psychoterapeut), Jakub Goda (venuje sa digit\u00e1lnej komunik\u00e1cii a\u00a0boju proti dezinform\u00e1ci\u00e1m) a\u00a0Michal Hvoreck\u00fd (spisovate\u013e a prekladate\u013e, ktor\u00fd v roku 2017 vydal knihu Troll, reaguj\u00facu na dezinforma\u010dn\u00fa sc\u00e9nu a\u00a0propagandu).<\/p>\n<p>V\u00a0stredu 27. 1. 2021 bude v\u00a0spolupr\u00e1ci s\u00a0Liter\u00e1rnym klubom a\u00a0N\u00f3rskym ve\u013evyslanectvom prebieha\u0165 diskusia nazvan\u00e1 <a href=\"https:\/\/fb.me\/e\/4YZEtLNdm\"><em>Ako N\u00f3ri vozia spisovate\u013eov<\/em><\/a>. Jej hlavnou t\u00e9mou bude prezent\u00e1cia n\u00f3rskej organiz\u00e1cie ICORN, ktor\u00fa zalo\u017eil Medzin\u00e1rodn\u00fd parlament spisovate\u013eov (IPW) ako odpove\u010f na vra\u017edu spisovate\u013eov v Al\u017e\u00edrsku. Ide o sie\u0165 miest poskytuj\u00facich \u00fakryt ohrozen\u00fdm spisovate\u013eom. V\u00a0r\u00e1mci diskusie sa predstav\u00ed ir\u00e1nska spisovate\u013eka Fatemeh Ekhtesariov\u00e1, ktorej sa v\u010faka ICORN-u podarilo z\u00edska\u0165 z\u00e1zemie v\u00a0N\u00f3rsku, kde posledn\u00e9 roky tvor\u00ed a \u017eije. Diskusiu bude moderova\u0165 spisovate\u013e Michal Hvoreck\u00fd a\u00a0jeho hos\u0165ami bud\u00fa Helge Lunde (riadite\u013e ICORN-u) a Laco Oravec (\u013eudskopr\u00e1vny aktivista a b\u00fdval\u00fd riadite\u013e Nad\u00e1cie Milana \u0160ime\u010dku).<\/p>\n<p>Vo \u0161tvrtok 28. 1. 2021 sa verejnosti u\u017e tradi\u010dne prihovor\u00ed Michal Havran v\u00a0ob\u013e\u00fabenom diskusnom form\u00e1te <a href=\"https:\/\/fb.me\/e\/22OsQJHsf\">Okr\u00fahly st\u00f4l Michala Havrana<\/a>. Spolu so svojimi hos\u0165ami bude h\u013eada\u0165 odpovede na ot\u00e1zky: Ako vyzer\u00e1 s\u00fa\u010dasn\u00fd aktivizmus v klimatick\u00fdch t\u00e9mach? \u010co urobila Greta s\u00a0ekologick\u00fdm vedom\u00edm sveta? Pre\u010do ju z\u00e1rove\u0148 tak mnoho \u013eud\u00ed odmieta? Hos\u0165ami diskusie bud\u00fa Barbora Sliepkov\u00e1 (re\u017eis\u00e9rka), Jakub Filo (novin\u00e1r a\u00a0spisovate\u013e) a Juraj Mes\u00edk (analytik glob\u00e1lnych riz\u00edk).<\/p>\n<p>V\u0161etky tri diskusie bud\u00fa prebieha\u0165 formou livestreamu, ktor\u00fd sa bude da\u0165 sledova\u0165 na facebookov\u00fdch profiloch str\u00e1nok Film Europe SK a\u00a0SCANDI.<\/p>\n<p><strong>Filmy, ktor\u00e9 si treba pozrie\u0165<\/strong><\/p>\n<p>V\u00a0utorok uvedie prehliadka SCANDI premi\u00e9ru filmu <em>Shorta<\/em>, \u010do je arabsk\u00fd v\u00fdraz pre pol\u00edciu. Film zachyt\u00e1va dianie po tom, ako smr\u0165 mlad\u00edka v policajnej v\u00e4zbe roznieti hnev v gete, do ktor\u00e9ho sa dostan\u00fa dvaja policajti a z ktor\u00e9ho bud\u00fa musie\u0165 n\u00e1js\u0165 cestu von. Nad\u010dasov\u00fd triler o policajnej brutalite a rasovom nap\u00e4t\u00ed v\u00e1s rovnako ako franc\u00fazsky film <em>Bed\u00e1ri <\/em>nenech\u00e1 chladn\u00fdm vo\u010di n\u00e1siliu, ktor\u00e9 \u010d\u00edha z ka\u017edej strany. Hne\u010f po filme <em>Shorta <\/em>bude vo virtu\u00e1lnej kinos\u00e1le nasledova\u0165 projekcia filmu <em>Darkland<\/em>, ktor\u00fd hovor\u00ed takisto o pol\u00edcii a organizovanom zlo\u010dine.<\/p>\n<p>V\u00a0stredu na seba up\u00fataj\u00fa pozornos\u0165 akt\u00e9ri dokumentu <em>Hejteri<\/em>. Sn\u00edmka sleduje antikapitalistick\u00fa BDSM techno kapelu Hatari, ktor\u00e1 sa v\u00a0roku 2019 rozhodne prihl\u00e1si\u0165 do pesni\u010dkovej s\u00fa\u0165a\u017ee Eurov\u00edzie. Jej \u010dlenovia sa tv\u00e1rou v tv\u00e1r aktu\u00e1lnemu izraelsko-palest\u00ednskemu konfliktu rozhodn\u00fa urobi\u0165 nie\u010do viac: situ\u00e1ciu zmeni\u0165&#8230; Podar\u00ed sa im to? V\u00a0r\u00e1mci festivalu SCANDI bude v\u00a0ten de\u0148 uveden\u00e1 aj seversk\u00e1 dokument\u00e1rna sn\u00edmka <em>Plnotu\u010dn\u00e1 sebal\u00e1ska<\/em> o hnut\u00ed body positivity.<\/p>\n<p>Vo \u0161tvrtok sa do virtu\u00e1lnej kinos\u00e1ly vracia zn\u00e1my herec Mads Mikkelsen, ktor\u00e9ho si div\u00e1ci m\u00f4\u017eu pam\u00e4ta\u0165 z\u00a0\u00faspe\u0161nej d\u00e1nskej dr\u00e1my <em>Chlast<\/em>. Od jej uvedenia na Slovensku z\u00edskala sn\u00edmka cenu ako najlep\u0161\u00ed eur\u00f3psky film a\u00a0Mads Mikkelsen sa stal najlep\u0161\u00edm eur\u00f3pskym hercom. Teraz op\u00e4\u0165 exceluje v\u00a0novej \u010diernej kom\u00e9dii <em>Rytieri spravodlivosti<\/em>. Drsn\u00fd humor a\u00a0mno\u017estvo ak\u010dn\u00fdch sc\u00e9n vystihuj\u00fa sn\u00edmku o pomste a nevyspytate\u013enosti vesm\u00edru. R\u00e9\u017eie sa ujal \u00faspe\u0161n\u00fd d\u00e1nsky scen\u00e1rista a re\u017eis\u00e9r Anders Thomas Jensen. Ve\u010der zav\u0155\u0161i SCANDI \u010fal\u0161ou kom\u00e9diu <em>O\u00a0kurat\u00e1ch a\u00a0\u013eu\u010foch<\/em> s\u00a0bizarn\u00fdm pr\u00edbehom a\u00a0ne\u0161tandardn\u00fdmi postavami. Ako bonus sa aj v\u00a0tejto sn\u00edmke objavuje herec Mads Mikkelsen.<\/p>\n<p>V\u00a0piatok sa v\u00a0primetimov\u00fdch slotoch vo virtu\u00e1lnej kinos\u00e1le Edisonline.sk vracia <em>Greta<\/em>. Int\u00edmny dokument o\u00a0milovanej i nen\u00e1videnej aktivistke zachyt\u00e1va jej turbulentn\u00fa cestu od \u0161kolsk\u00e9ho \u0161trajku a\u017e po vyst\u00fapenie v\u00a0OSN. K\u00a0nej sa v\u010faka SCANDI vracia do \u201ekina\u201c aj div\u00e1cky hit o\u00a0islandskej ekoteroristke <em>Woman at War<\/em>.<\/p>\n<p>Na z\u00e1ver prehliadky uvedie SCANDI filmy <em>Rodinn\u00e1 oslava<\/em> a\u00a0<em>Chlast<\/em>. Viac ako 20 rokov del\u00ed od seba tieto dve \u00fa\u017easn\u00e9 sn\u00edmky, ktor\u00fdch re\u017eis\u00e9rom je Thomas Vinterberg. Div\u00e1ci dost\u00e1vaj\u00fa v\u00fdnimo\u010dn\u00fa pr\u00edle\u017eitos\u0165 porovna\u0165 si film, ktor\u00fd vznikol na z\u00e1klade manifestu Dogma 95, a\u00a0div\u00e1cky hit, ktor\u00fd minul\u00fd rok vyvolal pozornos\u0165 kritikov aj publika.<\/p>\n<p>Filmov\u00e1 prehliadka SCANDI 2021 sa uskuto\u010d\u0148uje v\u010faka podpore Audiovizu\u00e1lneho fondu, \u0160v\u00e9dskeho ve\u013evyslanectva vo Viedni a N\u00f3rskeho ve\u013evyslanectva.<\/p>\n<p>Viac inform\u00e1cii a\u00a0program n\u00e1jdete na: <a href=\"http:\/\/scandi.filmeurope.eu\/sk\/\">http:\/\/scandi.filmeurope.eu\/sk\/<\/a><\/p>\n","protected":false},"excerpt":{"rendered":"<p>Prehliadka s\u00fa\u010dasn\u00fdch seversk\u00fdch filmov od\u0161tartovala dokumentom o\u00a0mladej aktivistke Grete Thunbergovej. Uvedenie filmu a\u00a0vizu\u00e1l siedmeho ro\u010dn\u00edka sprev\u00e1dzali pozit\u00edvne reakcie, ale aj\u00a0nen\u00e1vistn\u00e9 koment\u00e1re. Siedmy ro\u010dn\u00edk SCANDI, ktor\u00fd prebieha vo virtu\u00e1lnej kinos\u00e1le Edisonline.sk, potrv\u00e1 cel\u00fd t\u00fd\u017ede\u0148 a okrem mno\u017estva \u010fal\u0161\u00edch v\u00fdnimo\u010dn\u00fdch sn\u00edmok pon\u00faka aj podnetn\u00e9 diskusie. Tie sa bud\u00fa zaobera\u0165 kon\u0161pir\u00e1ciami, ochranou novin\u00e1rov, ale aj aktivizmom ako tak\u00fdm. [&hellip;]<\/p>\n","protected":false},"author":7,"featured_media":87201,"comment_status":"closed","ping_status":"closed","sticky":false,"template":"","format":"standard","meta":{"footnotes":""},"categories":[47,45,11,50,48],"tags":[978],"class_list":["post-87200","post","type-post","status-publish","format-standard","has-post-thumbnail","hentry","category-film","category-nas-tip","category-news","category-radim-vam","category-umenie-a-kultura","tag-scandi","eq-blocks"],"_links":{"self":[{"href":"https:\/\/www.slovaklinesmagazin.sk\/cms\/wp-json\/wp\/v2\/posts\/87200","targetHints":{"allow":["GET"]}}],"collection":[{"href":"https:\/\/www.slovaklinesmagazin.sk\/cms\/wp-json\/wp\/v2\/posts"}],"about":[{"href":"https:\/\/www.slovaklinesmagazin.sk\/cms\/wp-json\/wp\/v2\/types\/post"}],"author":[{"embeddable":true,"href":"https:\/\/www.slovaklinesmagazin.sk\/cms\/wp-json\/wp\/v2\/users\/7"}],"replies":[{"embeddable":true,"href":"https:\/\/www.slovaklinesmagazin.sk\/cms\/wp-json\/wp\/v2\/comments?post=87200"}],"version-history":[{"count":1,"href":"https:\/\/www.slovaklinesmagazin.sk\/cms\/wp-json\/wp\/v2\/posts\/87200\/revisions"}],"predecessor-version":[{"id":87202,"href":"https:\/\/www.slovaklinesmagazin.sk\/cms\/wp-json\/wp\/v2\/posts\/87200\/revisions\/87202"}],"wp:featuredmedia":[{"embeddable":true,"href":"https:\/\/www.slovaklinesmagazin.sk\/cms\/wp-json\/wp\/v2\/media\/87201"}],"wp:attachment":[{"href":"https:\/\/www.slovaklinesmagazin.sk\/cms\/wp-json\/wp\/v2\/media?parent=87200"}],"wp:term":[{"taxonomy":"category","embeddable":true,"href":"https:\/\/www.slovaklinesmagazin.sk\/cms\/wp-json\/wp\/v2\/categories?post=87200"},{"taxonomy":"post_tag","embeddable":true,"href":"https:\/\/www.slovaklinesmagazin.sk\/cms\/wp-json\/wp\/v2\/tags?post=87200"}],"curies":[{"name":"wp","href":"https:\/\/api.w.org\/{rel}","templated":true}]}}