{"id":87480,"date":"2021-03-17T09:36:52","date_gmt":"2021-03-17T07:36:52","guid":{"rendered":"https:\/\/slovaklinesmagazin.sk\/cms\/?p=87480"},"modified":"2021-03-17T09:37:18","modified_gmt":"2021-03-17T07:37:18","slug":"creme-de-la-creme-sa-vracia-online-na-edisonline","status":"publish","type":"post","link":"https:\/\/www.slovaklinesmagazin.sk\/cms\/2021\/03\/creme-de-la-creme-sa-vracia-online-na-edisonline\/","title":{"rendered":"Cr\u00e8me de la Cr\u00e8me sa vracia online na Edisonline!"},"content":{"rendered":"<p><strong>Siedmy ro\u010dn\u00edk podujatia sa bude odohr\u00e1va\u0165 od 12. do 18. 4. 2021 vo virtu\u00e1lnej kinos\u00e1le na platforme Edisonline. T\u00fd\u017ede\u0148 franc\u00fazskeho filmu otvor\u00ed symbolicky kom\u00e9di<\/strong><strong>a<\/strong><strong> o\u00a0trampot\u00e1ch modern\u00fdch technol\u00f3gi\u00ed s\u00a0n\u00e1zvom <em>Delete History<\/em>. <\/strong><\/p>\n<p>Rados\u0165 z\u00a0objavovania a\u00a0\u0161\u00edrenia dobr\u00e9ho franc\u00fazskeho filmu medzi slovensk\u00fdch div\u00e1kov sp\u00e1ja Franc\u00fazsky in\u0161tit\u00fat so spolo\u010dnos\u0165ou Film Europe Media Company u\u017e od roku 2014. Odvtedy spolo\u010dne pripravili \u0161es\u0165 \u00faspe\u0161n\u00fdch ro\u010dn\u00edkov a\u00a0stali sa z\u00e1rukou kvality v\u00a0organiz\u00e1cii a\u00a0dramaturgii filmovej prehliadky. \u201e<em>Kino n\u00e1m d\u00e1va pozoruhodn\u00fa \u0161ancu za\u017ei\u0165 mimoriadne okamihy! U\u017ei\u0165 si a oceni\u0165 filmov\u00e9 predstavenie osamote alebo v\u00a0spolo\u010dnosti viacer\u00fdch \u013eud\u00ed.\u00a0Ak\u00e9 in\u00e9 <\/em><em>u<\/em><em>menie n\u00e1m d\u00e1va rovnak\u00e9 privil\u00e9gium cestova\u0165 po svete alebo v\u00a0\u010dase&#8230; ke\u010f sa raz u\u017e ocitneme ponoren\u00ed v tmavej miestnosti? Je to pr\u00e1ve kino, ktor\u00e9 n\u00e1s ok\u00fazli na ve\u013ekej alebo malej obrazovke a pon\u00fakne n\u00e1m svoje \u010daro,<\/em>\u201c zd\u00f4raz\u0148uje nov\u00fd riadite\u013e Franc\u00fazskeho in\u0161tit\u00fatu Jean-Marc Cassam Chena\u00ef.<\/p>\n<p>S\u00a0v\u00fdzvou, ako akciu zorganizova\u0165 a\u00a0nestrati\u0165 pritom na sile ani na \u00fa\u010dinnosti, sa podujatie vyrovnalo presunom do bezpe\u010dn\u00e9ho a\u00a0pohodln\u00e9ho online priestoru. \u201e<em>Presne pred rokom sme siedmy ro\u010dn\u00edk museli pre pand\u00e9miu zru\u0161i\u0165. Po n\u00e1ro\u010dnom roku sme pre\u0161li transform\u00e1ciou a\u00a0s\u00a0hrdos\u0165ou chceme ozn\u00e1mi\u0165, \u017ee \u201ckorona-nekorona\u201c, festival vieme uskuto\u010dni\u0165 nielen v\u00a0kamenn\u00fdch, ale aj vo virtu\u00e1lnych kinos\u00e1lach Edisonline a #kinaspolu. Dok\u00e1zali sme sa prisp\u00f4sobi\u0165 dobe<\/em><em>,<\/em><em> a\u00a0preto tento rok milovn\u00edci franc\u00fazskej kinematografie nepr\u00eddu o\u00a0to najlep\u0161ie, \u010do franc\u00fazska filmov\u00e1 kuchy\u0148a pon\u00fakla za posledn\u00fd rok. U\u017e po siedmykr\u00e1t Film Europe spojilo sily s\u00a0Franc\u00fazskym in\u0161tit\u00fatom, \u010do n\u00e1s mimoriadne te\u0161\u00ed a\u00a0z\u00e1rove\u0148 potvrdzuje pevnos\u0165 na\u0161ej vz\u00e1jomnej spolupr\u00e1ce. Tento rok pon\u00fakneme p\u00e4\u0165 premi\u00e9r. Ku ka\u017edej premi\u00e9re pon\u00fakneme filmov\u00fa dvoji\u010dku, ktor\u00e1 prep\u00e1ja filmy t\u00e9mou, hercom alebo re\u017eis\u00e9rom,<\/em>\u201c vysvet\u013euje fungovanie a\u00a0dramaturgiu podujatia kreat\u00edvny riadite\u013e Film Europe Dominik Hronec.<\/p>\n<p><em>Delete History<\/em> je vesel\u00e1 kom\u00e9dia o\u00a0absurdnosti spolo\u010dnosti. Sleduje troch priate\u013eov z\u00a0franc\u00fazskeho predmestia, ako sa boria nielen s\u00a0probl\u00e9mami ka\u017edodenn\u00e9ho \u017eivota, ale navy\u0161e si nevedia poradi\u0165 so v\u0161etk\u00fdm, \u010do prinieslo tretie tis\u00edcro\u010die. Dospeje to do momentu, ke\u010f sa rozhodn\u00fa vyhl\u00e1si\u0165 otvoren\u00fa vojnu technologick\u00fdm gigantom.\u00a0 Re\u017eis\u00e9rsky tandem Beno\u00eet Del\u00e9pine a Gustave Kevern spolo\u010dne nakr\u00fatili mno\u017estvo filmov, ktor\u00e9 s\u00fa presiaknut\u00e9 l\u00e1skav\u00fdm humorom a satirou. Ich najnov\u0161ia sn\u00edmka z\u00edskala Strieborn\u00e9ho medve\u010fa 70. ro\u010dn\u00edka Berlinale. V\u00a0spojitosti s\u00a0\u0148ou podujatie uvedie kom\u00e9diu <em>Je mi fajn s.r.o.<\/em>, v\u00a0ktorej si zahrala po boku Jeana Dujardina aj slovensk\u00e1 here\u010dka Jana Bittnerov\u00e1.<\/p>\n<p>Femme fatale je prepojen\u00edm, ktor\u00e9 do programu Cr\u00e8me de la Cr\u00e8me 2021 vn\u00e1\u0161a dva pozoruhodn\u00e9 filmy. Novinka <em>Milenci <\/em>od re\u017eis\u00e9rky a\u00a0here\u010dky Nicole Garcia sleduje milostn\u00fd trojuholn\u00edk okorenen\u00fd krimi z\u00e1pletkou. V\u00a0nej mlad\u00e1 Lisa, ktor\u00e1 je na luxusnej dovolenke s\u00a0man\u017eelom, po rokoch stret\u00e1va svojho milenca &#8211; b\u00fdval\u00e9ho drogov\u00e9ho d\u00edlera. Biografick\u00e1 sn\u00edmka <em>Ob\u00e1van\u00fd<\/em> dramaticky zachyt\u00e1va turbulentn\u00e9 obdobie \u017eivota legend\u00e1rneho franc\u00fazskeho re\u017eis\u00e9ra Jeana-Luca Godarda a\u00a0jeho \u017eeny Anne Wiazemsky. V\u00a0oboch filmoch si osudov\u00fa \u017eenu zahr\u00e1 franc\u00fazsko-anglick\u00e1 here\u010dka Stacy Martin.<\/p>\n<p>Div\u00e1ci sa m\u00f4\u017eu te\u0161i\u0165 aj na bizarn\u00e9 a\u00a0poriadne uleten\u00e9 pr\u00edbehy, ktor\u00e9 tvoria dvojicu \u010fal\u0161\u00edch franc\u00fazskych filmov. Dvaja kamar\u00e1ti objavia v kufri auta obrovsk\u00fa muchu a rozhodn\u00fa sa ju skroti\u0165, aby v\u010faka nej zarobili peniaze. Tak znie n\u00e1met pre film <em>Mucha v\u00a0kufri<\/em>. T\u00e1to divok\u00e1 a surrealistick\u00e1 road-movie od medzin\u00e1rodne uzn\u00e1van\u00e9ho re\u017eis\u00e9ra Quentina Dupiexa (Mr. Oizo) rozpr\u00e1va jedine\u010dn\u00fd komedi\u00e1lny pr\u00edbeh o\u00a0priate\u013estve, ve\u013ek\u00fdch snoch a\u00a0e\u0161te v\u00e4\u010d\u0161\u00edch katastrof\u00e1ch. K\u00a0nej sa pridru\u017euje komedi\u00e1lna river-movie <em>Sladk\u00fd \u00fatek<\/em>, v\u00a0ktorej p\u00e4\u0165desiatnik Michel unik\u00e1 pred hroziacou kr\u00edzou stredn\u00e9ho veku na vysn\u00edvanom kajaku.<\/p>\n<p>Dvadsa\u0165\u0161es\u0165ro\u010dn\u00fd Anthony Bajon je vych\u00e1dzaj\u00faca franc\u00fazska hereck\u00e1 hviezda. Dosved\u010duj\u00fa to aj dve nomin\u00e1cie na cenu C\u00e9sar. \u00a0Herec sa naposledy objavil v\u00a0hororovej kom\u00e9dii <em>Teddy<\/em> uvedenej v\u00a0ofici\u00e1lnom v\u00fdbere Cannes 2020. Re\u017eis\u00e9ri, dvoji\u010dky Ludovic a Zoran Boukherma, ako vern\u00ed fan\u00fa\u0161ikovia fantasy literat\u00fary a\u00a0filmov debutovali pr\u00edbehom z\u00a0prostredia franc\u00fazskeho vidieckeho meste\u010dka, kde je dvadsa\u0165ro\u010dn\u00fd Teddy po\u0161kriaban\u00fd nezn\u00e1mou \u0161elmou a pomaly prech\u00e1dza desiv\u00fdmi zmenami. Bajon z\u00edskal v\u00a0roku 2018 Strieborn\u00e9ho medve\u010fa na Berlinale za stv\u00e1rnenie probl\u00e9mov\u00e9ho adolescenta v sn\u00edmke <em>Modlitba<\/em>. Film Cedrica Kahna je prenikavou sn\u00edmkou o viere, mo\u017enostiach n\u00e1pravy a r\u00f4znych podob\u00e1ch z\u00e1vislosti.<\/p>\n<p>O historickej postave Johanke z\u00a0Arku vzniklo u\u017e viac ako 40 filmov, ale zatia\u013e najexperiment\u00e1lnej\u0161\u00ed pr\u00edstup k\u00a0t\u00e9me zvolil re\u017eis\u00e9r Bruno Dumont. V\u00a0roku 2017 \u0161okoval verejnos\u0165 \u0161ialen\u00fdm metalovo-tane\u010dn\u00fdm filmom o\u00a0jej detstve. Po dvoch rokoch sa vracia s\u00a0pokra\u010dovan\u00edm a s\u00a0rovnakou here\u010dkou, ale v\u00a0podobe historickej s\u00fadnej dr\u00e1my. Zachyt\u00e1va v\u00a0\u0148om n\u00e1ro\u010dn\u00fd proces cirkevn\u00e9ho s\u00fadu priamo v\u00a0priestoroch majest\u00e1tnej katedr\u00e1ly v Amiens, v ktorej chc\u00fa star\u00ed cirkevn\u00ed hodnost\u00e1ri zbavi\u0165 Pannu Orle\u00e1nsku v\u0161etkej d\u00f4veryhodnosti.<\/p>\n<p>Siedmy ro\u010dn\u00edk Cr\u00e8me de la Cr\u00e8me \u010falej pon\u00fakne oscarov\u00fa here\u010dku Juliette Binoche,\u00a0a\u00a0to rovno dvakr\u00e1t. Div\u00e1ci ju bud\u00fa m\u00f4c\u0165 vidie\u0165 v\u00a0rodinnom filme <em>Pravda<\/em>, v ktorom sa po prv\u00fdkr\u00e1t ocitla s\u00a0franc\u00fazskou hereckou divou Catherine Deneuve, a\u00a0v\u00a0melodr\u00e1me <em>Kto si mysl\u00ed\u0161, \u017ee som<\/em>. Franc\u00fazska kinematografia sa\u00a0neboj\u00ed provokova\u0165,\u010doho d\u00f4kazom s\u00fa \u00faspe\u0161n\u00ed re\u017eis\u00e9ri Ladj Ly a\u00a0Gaspar No\u00e9. Program preto pon\u00fakne cenami oven\u010den\u00fdch <em>Bed\u00e1rov<\/em> a\u00a0psychedelick\u00fd mokument <em>Lux \u00c6terna<\/em>. Cr\u00e8me de la Cr\u00e8me mysl\u00ed aj na najmen\u0161\u00edch, a\u00a0preto po\u010das v\u00edkendu pon\u00fakne roztomil\u00fd animovan\u00fd film <em>Dilili v\u00a0Par\u00ed\u017ei<\/em> od re\u017eis\u00e9ra Michela Ocelota.<\/p>\n<p>Festival bude prebieha\u0165 vo virtu\u00e1lnej kinos\u00e1le <strong><span style=\"color: #0000ff;\"><a style=\"color: #0000ff;\" href=\"https:\/\/edisonline.sk\/services\">Edisonline<\/a>.<\/span><\/strong> Za jednod\u0148ov\u00fa vstupenku div\u00e1k zaplat\u00ed 5 EUR. K\u00a0tomu ako bonus z\u00edska zdarma 14 &#8211; d\u0148ov\u00fd pr\u00edstup do videot\u00e9ky, kde v\u00a0s\u00fa\u010dasnosti n\u00e1jde nielen desiatky franc\u00fazskych filmov, ale aj stovky \u010fal\u0161\u00edch plus dva telev\u00edzne kan\u00e1ly Film Europe a\u00a0Film Europe+. Celofestivalov\u00e1 vstupenka za 20 EUR mu umo\u017en\u00ed pr\u00edstup do videot\u00e9ky na cel\u00fd mesiac.<\/p>\n<p>Po skon\u010den\u00ed prehliadky na Edisonline sa Cr\u00e8me de la Cr\u00e8me presunie do projektu #kinaspolu, v\u010faka ktor\u00e9mu m\u00f4\u017eu div\u00e1ci k\u00fapou l\u00edstka podpori\u0165 v\u00a0s\u00fa\u010dasnosti zatvoren\u00e9 slovensk\u00e9 kin\u00e1. Po\u010das t\u00fd\u017ed\u0148a sa bud\u00fa v\u00a0dennej ponuke strieda\u0165 dva franc\u00fazske filmy, ktor\u00e9 boli premi\u00e9rovo uveden\u00e9 po\u010das festivalu. Div\u00e1k, ktor\u00fd si za 4 EUR\u00c1 k\u00fapi vstupenku, automaticky z\u00edskava zdarma 7-d\u0148ov\u00fd pr\u00edstup do videot\u00e9ky Edisonline.<\/p>\n","protected":false},"excerpt":{"rendered":"<p>Siedmy ro\u010dn\u00edk podujatia sa bude odohr\u00e1va\u0165 od 12. do 18. 4. 2021 vo virtu\u00e1lnej kinos\u00e1le na platforme Edisonline. T\u00fd\u017ede\u0148 franc\u00fazskeho filmu otvor\u00ed symbolicky kom\u00e9dia o\u00a0trampot\u00e1ch modern\u00fdch technol\u00f3gi\u00ed s\u00a0n\u00e1zvom Delete History. Rados\u0165 z\u00a0objavovania a\u00a0\u0161\u00edrenia dobr\u00e9ho franc\u00fazskeho filmu medzi slovensk\u00fdch div\u00e1kov sp\u00e1ja Franc\u00fazsky in\u0161tit\u00fat so spolo\u010dnos\u0165ou Film Europe Media Company u\u017e od roku 2014. Odvtedy spolo\u010dne pripravili [&hellip;]<\/p>\n","protected":false},"author":7,"featured_media":87481,"comment_status":"closed","ping_status":"closed","sticky":false,"template":"","format":"standard","meta":{"footnotes":""},"categories":[47,50,321,48],"tags":[],"class_list":["post-87480","post","type-post","status-publish","format-standard","has-post-thumbnail","hentry","category-film","category-radim-vam","category-tlacova-sprava","category-umenie-a-kultura","eq-blocks"],"_links":{"self":[{"href":"https:\/\/www.slovaklinesmagazin.sk\/cms\/wp-json\/wp\/v2\/posts\/87480","targetHints":{"allow":["GET"]}}],"collection":[{"href":"https:\/\/www.slovaklinesmagazin.sk\/cms\/wp-json\/wp\/v2\/posts"}],"about":[{"href":"https:\/\/www.slovaklinesmagazin.sk\/cms\/wp-json\/wp\/v2\/types\/post"}],"author":[{"embeddable":true,"href":"https:\/\/www.slovaklinesmagazin.sk\/cms\/wp-json\/wp\/v2\/users\/7"}],"replies":[{"embeddable":true,"href":"https:\/\/www.slovaklinesmagazin.sk\/cms\/wp-json\/wp\/v2\/comments?post=87480"}],"version-history":[{"count":1,"href":"https:\/\/www.slovaklinesmagazin.sk\/cms\/wp-json\/wp\/v2\/posts\/87480\/revisions"}],"predecessor-version":[{"id":87482,"href":"https:\/\/www.slovaklinesmagazin.sk\/cms\/wp-json\/wp\/v2\/posts\/87480\/revisions\/87482"}],"wp:featuredmedia":[{"embeddable":true,"href":"https:\/\/www.slovaklinesmagazin.sk\/cms\/wp-json\/wp\/v2\/media\/87481"}],"wp:attachment":[{"href":"https:\/\/www.slovaklinesmagazin.sk\/cms\/wp-json\/wp\/v2\/media?parent=87480"}],"wp:term":[{"taxonomy":"category","embeddable":true,"href":"https:\/\/www.slovaklinesmagazin.sk\/cms\/wp-json\/wp\/v2\/categories?post=87480"},{"taxonomy":"post_tag","embeddable":true,"href":"https:\/\/www.slovaklinesmagazin.sk\/cms\/wp-json\/wp\/v2\/tags?post=87480"}],"curies":[{"name":"wp","href":"https:\/\/api.w.org\/{rel}","templated":true}]}}