{"id":87532,"date":"2021-03-24T12:20:54","date_gmt":"2021-03-24T10:20:54","guid":{"rendered":"https:\/\/slovaklinesmagazin.sk\/cms\/?p=87532"},"modified":"2021-03-24T12:22:23","modified_gmt":"2021-03-24T10:22:23","slug":"vitazi-medzinarodnej-fotografickej-v-tokiu-foto-awards-nature-category","status":"publish","type":"post","link":"https:\/\/www.slovaklinesmagazin.sk\/cms\/2021\/03\/vitazi-medzinarodnej-fotografickej-v-tokiu-foto-awards-nature-category\/","title":{"rendered":"V\u00ed\u0165azi medzin\u00e1rodnej fotografickej v Tokiu &#8211; Foto Awards&#8216; Nature Category"},"content":{"rendered":"<p>Pri pohlade na v\u00fdber fotografi\u00ed, \u010di uz vytvoren\u00fdmi profesion\u00e1lmi alebo amat\u00e9rskymi fotografmi, mus\u00edme skon\u0161tatova\u0165, \u017ee sme na\u0161en\u00ed talentom a \u00fasil\u00edm, ktor\u00fd investovali tvorcovia\u00a0 t\u00fdchto z\u00e1berov do ka\u017edej fotografie.<br \/>\nA v\u00fdsledok ? Skuto\u010dne brilantne a dokonalo nafoten\u00e9. Gratulujeme ka\u017ed\u00e9mu s\u00fa\u0165a\u017eiacemu, ktor\u00fd sa dostal do v\u00fdberu tejto s\u00fa\u0165a\u0165a\u017ei.<\/p>\n<p style=\"text-align: center;\"><img loading=\"lazy\" decoding=\"async\" class=\"alignnone size-full wp-image-87533\" src=\"https:\/\/slovaklinesmagazin.sk\/cms\/wp-content\/uploads\/2021\/03\/1.jpg\" alt=\"\" width=\"880\" height=\"880\" srcset=\"https:\/\/www.slovaklinesmagazin.sk\/cms\/wp-content\/uploads\/2021\/03\/1.jpg 880w, https:\/\/www.slovaklinesmagazin.sk\/cms\/wp-content\/uploads\/2021\/03\/1-300x300.jpg 300w, https:\/\/www.slovaklinesmagazin.sk\/cms\/wp-content\/uploads\/2021\/03\/1-150x150.jpg 150w, https:\/\/www.slovaklinesmagazin.sk\/cms\/wp-content\/uploads\/2021\/03\/1-768x768.jpg 768w, https:\/\/www.slovaklinesmagazin.sk\/cms\/wp-content\/uploads\/2021\/03\/1-600x600.jpg 600w\" sizes=\"auto, (max-width: 880px) 100vw, 880px\" \/><br \/>\nOddanos\u0165<br \/>\n<em>Sme\u010dka gr\u00f3nskych psov, pripraven\u00e1 sa vyda\u0165\u00a0 na cestu do divo\u010diny. Ilulissat, Gr\u00f3nsko<\/em>.<\/p>\n<p style=\"text-align: center;\"><img loading=\"lazy\" decoding=\"async\" class=\"alignnone size-full wp-image-87534\" src=\"https:\/\/slovaklinesmagazin.sk\/cms\/wp-content\/uploads\/2021\/03\/2.jpg\" alt=\"\" width=\"880\" height=\"587\" srcset=\"https:\/\/www.slovaklinesmagazin.sk\/cms\/wp-content\/uploads\/2021\/03\/2.jpg 880w, https:\/\/www.slovaklinesmagazin.sk\/cms\/wp-content\/uploads\/2021\/03\/2-300x200.jpg 300w, https:\/\/www.slovaklinesmagazin.sk\/cms\/wp-content\/uploads\/2021\/03\/2-768x512.jpg 768w, https:\/\/www.slovaklinesmagazin.sk\/cms\/wp-content\/uploads\/2021\/03\/2-600x400.jpg 600w\" sizes=\"auto, (max-width: 880px) 100vw, 880px\" \/><br \/>\nLetn\u00e9 v\u00edly<br \/>\n<em style=\"font-size: 16px;\">Boli ste u\u017e niekedy v rozpr\u00e1vke? Nie ?<br \/>\n<\/em><em>Teraz je ten spr\u00e1vny \u010das jednu nav\u0161tivi\u0165! Les pln\u00fd m\u00e1gie a v\u00edl&#8230;<br \/>\nFotograf zachytil ist\u00fd druh japonskej svetlu\u0161ky, ktor\u00e1 v noci lietala medzi stromami.<\/em><\/p>\n<p>&nbsp;<\/p>\n<p style=\"text-align: center;\"><img loading=\"lazy\" decoding=\"async\" class=\"alignnone size-full wp-image-87535\" src=\"https:\/\/slovaklinesmagazin.sk\/cms\/wp-content\/uploads\/2021\/03\/3.jpg\" alt=\"\" width=\"880\" height=\"523\" srcset=\"https:\/\/www.slovaklinesmagazin.sk\/cms\/wp-content\/uploads\/2021\/03\/3.jpg 880w, https:\/\/www.slovaklinesmagazin.sk\/cms\/wp-content\/uploads\/2021\/03\/3-300x178.jpg 300w, https:\/\/www.slovaklinesmagazin.sk\/cms\/wp-content\/uploads\/2021\/03\/3-768x456.jpg 768w, https:\/\/www.slovaklinesmagazin.sk\/cms\/wp-content\/uploads\/2021\/03\/3-600x357.jpg 600w\" sizes=\"auto, (max-width: 880px) 100vw, 880px\" \/><br \/>\nKr\u00e1sa pozorovan\u00e1 odzadu<br \/>\n<em>Na tento z\u00e1ber fotograf \u010dakal pomerne dlho&#8230;Vo chvi\u00edi, ke\u010f sa labu\u0165 pooto\u010dila, z\u00e1ber dostal ten spr\u00e1vny n\u00e1dych majest\u00e1tnosti.<\/em><\/p>\n<p>&nbsp;<\/p>\n<p style=\"text-align: center;\"><img loading=\"lazy\" decoding=\"async\" class=\"alignnone size-full wp-image-87536\" src=\"https:\/\/slovaklinesmagazin.sk\/cms\/wp-content\/uploads\/2021\/03\/4.jpg\" alt=\"\" width=\"880\" height=\"1320\" srcset=\"https:\/\/www.slovaklinesmagazin.sk\/cms\/wp-content\/uploads\/2021\/03\/4.jpg 880w, https:\/\/www.slovaklinesmagazin.sk\/cms\/wp-content\/uploads\/2021\/03\/4-200x300.jpg 200w, https:\/\/www.slovaklinesmagazin.sk\/cms\/wp-content\/uploads\/2021\/03\/4-683x1024.jpg 683w, https:\/\/www.slovaklinesmagazin.sk\/cms\/wp-content\/uploads\/2021\/03\/4-768x1152.jpg 768w, https:\/\/www.slovaklinesmagazin.sk\/cms\/wp-content\/uploads\/2021\/03\/4-600x900.jpg 600w\" sizes=\"auto, (max-width: 880px) 100vw, 880px\" \/><br \/>\nOvca<br \/>\n<em>Ak v\u00e1m tento z\u00e1ber pripom\u00edna reklamn\u00fa kampa\u0148 na aviv\u00e1\u017e, ste trocha mimo. Toto je fotografia z jedn\u00e9ho v\u00fdletu v Tosk\u00e1nsku<\/em><\/p>\n<p style=\"text-align: center;\"><img loading=\"lazy\" decoding=\"async\" class=\"size-full wp-image-87537 aligncenter\" src=\"https:\/\/slovaklinesmagazin.sk\/cms\/wp-content\/uploads\/2021\/03\/5.jpg\" alt=\"\" width=\"880\" height=\"1320\" srcset=\"https:\/\/www.slovaklinesmagazin.sk\/cms\/wp-content\/uploads\/2021\/03\/5.jpg 880w, https:\/\/www.slovaklinesmagazin.sk\/cms\/wp-content\/uploads\/2021\/03\/5-200x300.jpg 200w, https:\/\/www.slovaklinesmagazin.sk\/cms\/wp-content\/uploads\/2021\/03\/5-683x1024.jpg 683w, https:\/\/www.slovaklinesmagazin.sk\/cms\/wp-content\/uploads\/2021\/03\/5-768x1152.jpg 768w, https:\/\/www.slovaklinesmagazin.sk\/cms\/wp-content\/uploads\/2021\/03\/5-600x900.jpg 600w\" sizes=\"auto, (max-width: 880px) 100vw, 880px\" \/><br \/>\nKone Boha Nept\u00fana<br \/>\n<em style=\"font-size: 16px;\">Davide Giannetti je taliansky outdoorov\u00fd fotograf, ktor\u00fd vytvoril tento z\u00e1ber.<br \/>\n<\/em><em style=\"font-size: 16px;\">Fotograf sa sna\u017e\u00ed svojou pr\u00e1cou upriami\u0165 poh\u013ead div\u00e1ka na fascinuj\u00faci vz\u0165ah \u010dloveka a prirody.<\/em><\/p>\n<p style=\"text-align: center;\"><em><br \/>\n<img loading=\"lazy\" decoding=\"async\" class=\"alignnone size-full wp-image-87538\" src=\"https:\/\/slovaklinesmagazin.sk\/cms\/wp-content\/uploads\/2021\/03\/6.jpg\" alt=\"\" width=\"880\" height=\"587\" srcset=\"https:\/\/www.slovaklinesmagazin.sk\/cms\/wp-content\/uploads\/2021\/03\/6.jpg 880w, https:\/\/www.slovaklinesmagazin.sk\/cms\/wp-content\/uploads\/2021\/03\/6-300x200.jpg 300w, https:\/\/www.slovaklinesmagazin.sk\/cms\/wp-content\/uploads\/2021\/03\/6-768x512.jpg 768w, https:\/\/www.slovaklinesmagazin.sk\/cms\/wp-content\/uploads\/2021\/03\/6-600x400.jpg 600w\" sizes=\"auto, (max-width: 880px) 100vw, 880px\" \/><br \/>\nVe\u013ek\u00fd Biely<\/em><\/p>\n<p style=\"text-align: center;\"><em>Ve\u013ek\u00fd Biely &#8211; kr\u00e1\u013e tohto vodn\u00e9ho sveta. Sveta, ktor\u00fd mus\u00edme stoj \u010do stoj uchr\u00e1ni\u0165 pre bud\u00face gener\u00e1cie. <\/em><br \/>\n<em>Tento z\u00e1ber bol uroben\u00fd pri ostrove Guadalupe a je vysledkom dlhoro\u010dneho \u010dakania na jedine\u010dn\u00fd z\u00e1ber tohto tvora o ktor\u00fd sa sna\u017eil amat\u00e9rsky fotograf<\/em><\/p>\n<p style=\"text-align: center;\"><img loading=\"lazy\" decoding=\"async\" class=\"alignnone size-full wp-image-87539\" src=\"https:\/\/slovaklinesmagazin.sk\/cms\/wp-content\/uploads\/2021\/03\/7.jpg\" alt=\"\" width=\"880\" height=\"587\" srcset=\"https:\/\/www.slovaklinesmagazin.sk\/cms\/wp-content\/uploads\/2021\/03\/7.jpg 880w, https:\/\/www.slovaklinesmagazin.sk\/cms\/wp-content\/uploads\/2021\/03\/7-300x200.jpg 300w, https:\/\/www.slovaklinesmagazin.sk\/cms\/wp-content\/uploads\/2021\/03\/7-768x512.jpg 768w, https:\/\/www.slovaklinesmagazin.sk\/cms\/wp-content\/uploads\/2021\/03\/7-600x400.jpg 600w\" sizes=\"auto, (max-width: 880px) 100vw, 880px\" \/><br \/>\nMal\u00fd \u010derven\u00fd lovec<br \/>\n<em>Tak\u00fd oby\u010dajn\u00fd de\u0148 v pr\u00edrode<\/em><\/p>\n<p>&nbsp;<\/p>\n<p style=\"text-align: center;\"><img loading=\"lazy\" decoding=\"async\" class=\"alignnone size-full wp-image-87540\" src=\"https:\/\/slovaklinesmagazin.sk\/cms\/wp-content\/uploads\/2021\/03\/8.jpg\" alt=\"\" width=\"880\" height=\"587\" srcset=\"https:\/\/www.slovaklinesmagazin.sk\/cms\/wp-content\/uploads\/2021\/03\/8.jpg 880w, https:\/\/www.slovaklinesmagazin.sk\/cms\/wp-content\/uploads\/2021\/03\/8-300x200.jpg 300w, https:\/\/www.slovaklinesmagazin.sk\/cms\/wp-content\/uploads\/2021\/03\/8-768x512.jpg 768w, https:\/\/www.slovaklinesmagazin.sk\/cms\/wp-content\/uploads\/2021\/03\/8-600x400.jpg 600w\" sizes=\"auto, (max-width: 880px) 100vw, 880px\" \/><br \/>\nKvety \u010dere\u0161ne<br \/>\n<em>Jar prich\u00e1dza. Z\u00e1ber je z r\u00e1na, ked e\u0161te nebola rozplynut\u00e1 hmla<\/em><\/p>\n<p style=\"text-align: center;\"><img loading=\"lazy\" decoding=\"async\" class=\"size-full wp-image-87541 aligncenter\" src=\"https:\/\/slovaklinesmagazin.sk\/cms\/wp-content\/uploads\/2021\/03\/9.jpg\" alt=\"\" width=\"880\" height=\"1320\" srcset=\"https:\/\/www.slovaklinesmagazin.sk\/cms\/wp-content\/uploads\/2021\/03\/9.jpg 880w, https:\/\/www.slovaklinesmagazin.sk\/cms\/wp-content\/uploads\/2021\/03\/9-200x300.jpg 200w, https:\/\/www.slovaklinesmagazin.sk\/cms\/wp-content\/uploads\/2021\/03\/9-683x1024.jpg 683w, https:\/\/www.slovaklinesmagazin.sk\/cms\/wp-content\/uploads\/2021\/03\/9-768x1152.jpg 768w, https:\/\/www.slovaklinesmagazin.sk\/cms\/wp-content\/uploads\/2021\/03\/9-600x900.jpg 600w\" sizes=\"auto, (max-width: 880px) 100vw, 880px\" \/>\u017divot na\u017eivo<br \/>\n<em>Sopka Aso v Japonsku &#8211; osamel\u00fd k\u00f4\u0148, ktor\u00fd sa opa\u013euje, aby z\u00edskal trochu tepla z okolia. Teplota z tejto akt\u00edvnej sopky s\u00e1lala do tejto vzdialenosti.<\/em><\/p>\n<p style=\"text-align: center;\"><img loading=\"lazy\" decoding=\"async\" class=\"size-full wp-image-87542 aligncenter\" src=\"https:\/\/slovaklinesmagazin.sk\/cms\/wp-content\/uploads\/2021\/03\/10.jpg\" alt=\"\" width=\"880\" height=\"587\" srcset=\"https:\/\/www.slovaklinesmagazin.sk\/cms\/wp-content\/uploads\/2021\/03\/10.jpg 880w, https:\/\/www.slovaklinesmagazin.sk\/cms\/wp-content\/uploads\/2021\/03\/10-300x200.jpg 300w, https:\/\/www.slovaklinesmagazin.sk\/cms\/wp-content\/uploads\/2021\/03\/10-768x512.jpg 768w, https:\/\/www.slovaklinesmagazin.sk\/cms\/wp-content\/uploads\/2021\/03\/10-600x400.jpg 600w\" sizes=\"auto, (max-width: 880px) 100vw, 880px\" \/>Ve\u013ek\u00fd \u0161o\u0161ovkov\u00fd mrak<br \/>\n<em>Tento z\u00e1ber bol uroben\u00fd na prelome d\u0148a a noci<\/em><\/p>\n<p style=\"text-align: center;\"><img loading=\"lazy\" decoding=\"async\" class=\"alignnone size-full wp-image-87543\" src=\"https:\/\/slovaklinesmagazin.sk\/cms\/wp-content\/uploads\/2021\/03\/11.jpg\" alt=\"\" width=\"880\" height=\"1100\" srcset=\"https:\/\/www.slovaklinesmagazin.sk\/cms\/wp-content\/uploads\/2021\/03\/11.jpg 880w, https:\/\/www.slovaklinesmagazin.sk\/cms\/wp-content\/uploads\/2021\/03\/11-240x300.jpg 240w, https:\/\/www.slovaklinesmagazin.sk\/cms\/wp-content\/uploads\/2021\/03\/11-819x1024.jpg 819w, https:\/\/www.slovaklinesmagazin.sk\/cms\/wp-content\/uploads\/2021\/03\/11-768x960.jpg 768w, https:\/\/www.slovaklinesmagazin.sk\/cms\/wp-content\/uploads\/2021\/03\/11-600x750.jpg 600w\" sizes=\"auto, (max-width: 880px) 100vw, 880px\" \/><br \/>\nDni detstva<br \/>\n<em>&#8222;V\u010faka&#8220; Covidu sa svet \u013eud\u00ed na dlh\u00fa dobu zastavil.<br \/>\nTo nechcen\u00e1 prest\u00e1vka samozrejme neplat\u00ed vo svete pr\u00edrody. V\u0161etko sa deje pod\u013ea z\u00e1konitost\u00ed a pravidiel, ktor\u00e9 sa nemenia ani v tomto, pre \u013eudstvo \u0165a\u017ekom obdob\u00ed.<br \/>\nPr\u00edchod ml\u00e1\u010fat na tento svet a starostlivos\u0165 o ne. V\u0161etko pod\u013ea zakonov pr\u00edrody. To len \u013eudstvo m\u00e1 dlh\u00fa pauzu na rozm\u00fd\u0161lanie&#8230;<\/em><\/p>\n<p style=\"text-align: center;\"><img loading=\"lazy\" decoding=\"async\" class=\"alignnone size-full wp-image-87545\" src=\"https:\/\/slovaklinesmagazin.sk\/cms\/wp-content\/uploads\/2021\/03\/12.jpg\" alt=\"\" width=\"880\" height=\"1219\" srcset=\"https:\/\/www.slovaklinesmagazin.sk\/cms\/wp-content\/uploads\/2021\/03\/12.jpg 880w, https:\/\/www.slovaklinesmagazin.sk\/cms\/wp-content\/uploads\/2021\/03\/12-217x300.jpg 217w, https:\/\/www.slovaklinesmagazin.sk\/cms\/wp-content\/uploads\/2021\/03\/12-739x1024.jpg 739w, https:\/\/www.slovaklinesmagazin.sk\/cms\/wp-content\/uploads\/2021\/03\/12-768x1064.jpg 768w, https:\/\/www.slovaklinesmagazin.sk\/cms\/wp-content\/uploads\/2021\/03\/12-600x831.jpg 600w\" sizes=\"auto, (max-width: 880px) 100vw, 880px\" \/><br \/>\n\u0160panielsky kr\u00e1savec<br \/>\n<em>Z\u00e1ber tohto plnokrvn\u00edka bol uroben\u00fd za pomoci \u0161t\u00fadiov\u00fdch svetiel v jednej \u0161panielskej stajni<\/em><\/p>\n<p style=\"text-align: center;\"><img loading=\"lazy\" decoding=\"async\" class=\"size-full wp-image-87546 aligncenter\" src=\"https:\/\/slovaklinesmagazin.sk\/cms\/wp-content\/uploads\/2021\/03\/13.jpg\" alt=\"\" width=\"880\" height=\"1320\" srcset=\"https:\/\/www.slovaklinesmagazin.sk\/cms\/wp-content\/uploads\/2021\/03\/13.jpg 880w, https:\/\/www.slovaklinesmagazin.sk\/cms\/wp-content\/uploads\/2021\/03\/13-200x300.jpg 200w, https:\/\/www.slovaklinesmagazin.sk\/cms\/wp-content\/uploads\/2021\/03\/13-683x1024.jpg 683w, https:\/\/www.slovaklinesmagazin.sk\/cms\/wp-content\/uploads\/2021\/03\/13-768x1152.jpg 768w, https:\/\/www.slovaklinesmagazin.sk\/cms\/wp-content\/uploads\/2021\/03\/13-600x900.jpg 600w\" sizes=\"auto, (max-width: 880px) 100vw, 880px\" \/><br \/>\nModr\u00e1 zmija zasahuje<br \/>\n<em>Fotografia m\u00e1 niekedy va\u010d\u0161iu v\u00fdpovedn\u00fa hodnotu ako ak\u010dn\u00fd filmov\u00fd z\u00e1ber. To plati aj o tejto fotografii urobenej na Bali v Indon\u00e9sii<\/em><\/p>\n<p style=\"text-align: center;\"><img loading=\"lazy\" decoding=\"async\" class=\"size-full wp-image-87547 aligncenter\" src=\"https:\/\/slovaklinesmagazin.sk\/cms\/wp-content\/uploads\/2021\/03\/14.jpg\" alt=\"\" width=\"880\" height=\"584\" srcset=\"https:\/\/www.slovaklinesmagazin.sk\/cms\/wp-content\/uploads\/2021\/03\/14.jpg 880w, https:\/\/www.slovaklinesmagazin.sk\/cms\/wp-content\/uploads\/2021\/03\/14-300x199.jpg 300w, https:\/\/www.slovaklinesmagazin.sk\/cms\/wp-content\/uploads\/2021\/03\/14-768x510.jpg 768w, https:\/\/www.slovaklinesmagazin.sk\/cms\/wp-content\/uploads\/2021\/03\/14-600x398.jpg 600w\" sizes=\"auto, (max-width: 880px) 100vw, 880px\" \/><br \/>\nElegantn\u00e9 st\u00e1rnutie<br \/>\n<em>Toto je pes s menom Kab. M\u00e1 15 rokov a je \u00faplne zdrav\u00fd. Je d\u00f4kazom, \u017ee i st\u00e1rnutie m\u00e1 svoju kr\u00e1su a eleganciu<\/em><\/p>\n<p style=\"text-align: center;\"><img loading=\"lazy\" decoding=\"async\" class=\"size-full wp-image-87548 aligncenter\" src=\"https:\/\/slovaklinesmagazin.sk\/cms\/wp-content\/uploads\/2021\/03\/15.jpg\" alt=\"\" width=\"880\" height=\"660\" srcset=\"https:\/\/www.slovaklinesmagazin.sk\/cms\/wp-content\/uploads\/2021\/03\/15.jpg 880w, https:\/\/www.slovaklinesmagazin.sk\/cms\/wp-content\/uploads\/2021\/03\/15-300x225.jpg 300w, https:\/\/www.slovaklinesmagazin.sk\/cms\/wp-content\/uploads\/2021\/03\/15-768x576.jpg 768w, https:\/\/www.slovaklinesmagazin.sk\/cms\/wp-content\/uploads\/2021\/03\/15-600x450.jpg 600w\" sizes=\"auto, (max-width: 880px) 100vw, 880px\" \/><br \/>\nB\u00farliv\u00e1 b\u00farka<br \/>\n<em>Fotografia bl\u00ed\u017eiacej sa b\u00farky na Florida Keys. Amat\u00e9rsky fotograf je z Moldavskej republiky. Pracuje\u00a0 pre miestnu finan\u010dn\u00fa in\u0161tit\u00faciu a vo vo\u013enom \u010dase sa venuje fotografovaniu pr\u00edrody vo svojom okol\u00ed. Oblas\u0165 okolo Floridy poskytuje nekone\u010dn\u00e9 mo\u017enosti.<br \/>\nAj preto sa tu fotograf usadil natrvalo.<br \/>\nPr\u00e1ve jeho kon\u00ed\u010dek a mo\u017enosti, ktor\u00e9 pon\u00faka t\u00e1to \u010das\u0165 sveta, boli rozhoduj\u00face pri jeho vo\u013ebe usadi\u0165 sa natrvalo<\/em><\/p>\n<p>&nbsp;<\/p>\n<p style=\"text-align: center;\"><img loading=\"lazy\" decoding=\"async\" class=\"alignnone size-full wp-image-87549\" src=\"https:\/\/slovaklinesmagazin.sk\/cms\/wp-content\/uploads\/2021\/03\/16.jpg\" alt=\"\" width=\"880\" height=\"659\" srcset=\"https:\/\/www.slovaklinesmagazin.sk\/cms\/wp-content\/uploads\/2021\/03\/16.jpg 880w, https:\/\/www.slovaklinesmagazin.sk\/cms\/wp-content\/uploads\/2021\/03\/16-300x225.jpg 300w, https:\/\/www.slovaklinesmagazin.sk\/cms\/wp-content\/uploads\/2021\/03\/16-768x575.jpg 768w, https:\/\/www.slovaklinesmagazin.sk\/cms\/wp-content\/uploads\/2021\/03\/16-600x449.jpg 600w\" sizes=\"auto, (max-width: 880px) 100vw, 880px\" \/><br \/>\nVodn\u00ed chamtivci<br \/>\n<em style=\"font-size: 16px;\">V\u00fdlet na Shetlandy st\u00e1l za to. Potvrdil mi, \u017ee chamtivci nie s\u00fa len medzi lu\u010fmi.\u00a0<\/em><\/p>\n<p style=\"text-align: center;\"><img loading=\"lazy\" decoding=\"async\" class=\"alignnone size-full wp-image-87550\" src=\"https:\/\/slovaklinesmagazin.sk\/cms\/wp-content\/uploads\/2021\/03\/17.jpg\" alt=\"\" width=\"880\" height=\"587\" srcset=\"https:\/\/www.slovaklinesmagazin.sk\/cms\/wp-content\/uploads\/2021\/03\/17.jpg 880w, https:\/\/www.slovaklinesmagazin.sk\/cms\/wp-content\/uploads\/2021\/03\/17-300x200.jpg 300w, https:\/\/www.slovaklinesmagazin.sk\/cms\/wp-content\/uploads\/2021\/03\/17-768x512.jpg 768w, https:\/\/www.slovaklinesmagazin.sk\/cms\/wp-content\/uploads\/2021\/03\/17-600x400.jpg 600w\" sizes=\"auto, (max-width: 880px) 100vw, 880px\" \/><br \/>\nOh\u0148ostroj<br \/>\nMini oh\u0148ostroj, vybuchuj\u00faci pri z\u00e1pade slnka na poli. Kvetina na z\u00e1bere sa vol\u00e1 Paepalanthus<\/p>\n<p style=\"text-align: center;\"><img loading=\"lazy\" decoding=\"async\" class=\"alignnone size-full wp-image-87551\" src=\"https:\/\/slovaklinesmagazin.sk\/cms\/wp-content\/uploads\/2021\/03\/18.jpg\" alt=\"\" width=\"880\" height=\"660\" srcset=\"https:\/\/www.slovaklinesmagazin.sk\/cms\/wp-content\/uploads\/2021\/03\/18.jpg 880w, https:\/\/www.slovaklinesmagazin.sk\/cms\/wp-content\/uploads\/2021\/03\/18-300x225.jpg 300w, https:\/\/www.slovaklinesmagazin.sk\/cms\/wp-content\/uploads\/2021\/03\/18-768x576.jpg 768w, https:\/\/www.slovaklinesmagazin.sk\/cms\/wp-content\/uploads\/2021\/03\/18-600x450.jpg 600w\" sizes=\"auto, (max-width: 880px) 100vw, 880px\" \/><br \/>\nZahmlen\u00e9 Bromo<br \/>\n<em>Mt. Bromo, V\u00fdchodn\u00e1 J\u00e1va &#8211; Indon\u00e9zia<\/em><\/p>\n<p style=\"text-align: center;\"><img loading=\"lazy\" decoding=\"async\" class=\"size-full wp-image-87552 aligncenter\" src=\"https:\/\/slovaklinesmagazin.sk\/cms\/wp-content\/uploads\/2021\/03\/19.jpg\" alt=\"\" width=\"880\" height=\"587\" srcset=\"https:\/\/www.slovaklinesmagazin.sk\/cms\/wp-content\/uploads\/2021\/03\/19.jpg 880w, https:\/\/www.slovaklinesmagazin.sk\/cms\/wp-content\/uploads\/2021\/03\/19-300x200.jpg 300w, https:\/\/www.slovaklinesmagazin.sk\/cms\/wp-content\/uploads\/2021\/03\/19-768x512.jpg 768w, https:\/\/www.slovaklinesmagazin.sk\/cms\/wp-content\/uploads\/2021\/03\/19-600x400.jpg 600w\" sizes=\"auto, (max-width: 880px) 100vw, 880px\" \/>Farba mo\u010diara<br \/>\n<em>Neskuto\u010dn\u00e9 farby mo\u010diara na konci jesene. Jazda na kajaku v noci je neskuto\u010dn\u00fd z\u00e1\u017eitok a tieto n\u00e1dhern\u00e9 stromy s\u00fa jedine\u010dn\u00e9.<\/em><\/p>\n<p style=\"text-align: center;\"><img loading=\"lazy\" decoding=\"async\" class=\"alignnone size-full wp-image-87553\" src=\"https:\/\/slovaklinesmagazin.sk\/cms\/wp-content\/uploads\/2021\/03\/20.jpg\" alt=\"\" width=\"880\" height=\"660\" srcset=\"https:\/\/www.slovaklinesmagazin.sk\/cms\/wp-content\/uploads\/2021\/03\/20.jpg 880w, https:\/\/www.slovaklinesmagazin.sk\/cms\/wp-content\/uploads\/2021\/03\/20-300x225.jpg 300w, https:\/\/www.slovaklinesmagazin.sk\/cms\/wp-content\/uploads\/2021\/03\/20-768x576.jpg 768w, https:\/\/www.slovaklinesmagazin.sk\/cms\/wp-content\/uploads\/2021\/03\/20-600x450.jpg 600w\" sizes=\"auto, (max-width: 880px) 100vw, 880px\" \/><br \/>\nTich\u00e9 vrchy<br \/>\n<em>Pri poh\u013eade na t\u00fato fotografiu doslova c\u00edtite ticho a pokoj, ktor\u00e9 vy\u017earuj\u00fa zasne\u017een\u00e9 kopce uprostred \u0160vaj\u010diarska<\/em><\/p>\n<p>&nbsp;<\/p>\n<p>Zdroj: https:\/\/www.boredpanda.com\/<\/p>\n<p>Viacej info na : https:\/\/bit.ly\/39dbniF<\/p>\n<p>&nbsp;<\/p>\n<p>&nbsp;<\/p>\n<p style=\"text-align: center;\">\n","protected":false},"excerpt":{"rendered":"<p>Pri pohlade na v\u00fdber fotografi\u00ed, \u010di uz vytvoren\u00fdmi profesion\u00e1lmi alebo amat\u00e9rskymi fotografmi, mus\u00edme skon\u0161tatova\u0165, \u017ee sme na\u0161en\u00ed talentom a \u00fasil\u00edm, ktor\u00fd investovali tvorcovia\u00a0 t\u00fdchto z\u00e1berov do ka\u017edej fotografie. A v\u00fdsledok ? Skuto\u010dne brilantne a dokonalo nafoten\u00e9. Gratulujeme ka\u017ed\u00e9mu s\u00fa\u0165a\u017eiacemu, ktor\u00fd sa dostal do v\u00fdberu tejto s\u00fa\u0165a\u0165a\u017ei. Oddanos\u0165 Sme\u010dka gr\u00f3nskych psov, pripraven\u00e1 sa vyda\u0165\u00a0 na cestu [&hellip;]<\/p>\n","protected":false},"author":7,"featured_media":87555,"comment_status":"closed","ping_status":"closed","sticky":false,"template":"","format":"standard","meta":{"footnotes":""},"categories":[13,52,56,48],"tags":[],"class_list":["post-87532","post","type-post","status-publish","format-standard","has-post-thumbnail","hentry","category-real-estate","category-outdoor","category-priroda","category-umenie-a-kultura","eq-blocks"],"_links":{"self":[{"href":"https:\/\/www.slovaklinesmagazin.sk\/cms\/wp-json\/wp\/v2\/posts\/87532","targetHints":{"allow":["GET"]}}],"collection":[{"href":"https:\/\/www.slovaklinesmagazin.sk\/cms\/wp-json\/wp\/v2\/posts"}],"about":[{"href":"https:\/\/www.slovaklinesmagazin.sk\/cms\/wp-json\/wp\/v2\/types\/post"}],"author":[{"embeddable":true,"href":"https:\/\/www.slovaklinesmagazin.sk\/cms\/wp-json\/wp\/v2\/users\/7"}],"replies":[{"embeddable":true,"href":"https:\/\/www.slovaklinesmagazin.sk\/cms\/wp-json\/wp\/v2\/comments?post=87532"}],"version-history":[{"count":1,"href":"https:\/\/www.slovaklinesmagazin.sk\/cms\/wp-json\/wp\/v2\/posts\/87532\/revisions"}],"predecessor-version":[{"id":87554,"href":"https:\/\/www.slovaklinesmagazin.sk\/cms\/wp-json\/wp\/v2\/posts\/87532\/revisions\/87554"}],"wp:featuredmedia":[{"embeddable":true,"href":"https:\/\/www.slovaklinesmagazin.sk\/cms\/wp-json\/wp\/v2\/media\/87555"}],"wp:attachment":[{"href":"https:\/\/www.slovaklinesmagazin.sk\/cms\/wp-json\/wp\/v2\/media?parent=87532"}],"wp:term":[{"taxonomy":"category","embeddable":true,"href":"https:\/\/www.slovaklinesmagazin.sk\/cms\/wp-json\/wp\/v2\/categories?post=87532"},{"taxonomy":"post_tag","embeddable":true,"href":"https:\/\/www.slovaklinesmagazin.sk\/cms\/wp-json\/wp\/v2\/tags?post=87532"}],"curies":[{"name":"wp","href":"https:\/\/api.w.org\/{rel}","templated":true}]}}