{"id":87561,"date":"2021-03-24T15:46:29","date_gmt":"2021-03-24T13:46:29","guid":{"rendered":"https:\/\/slovaklinesmagazin.sk\/cms\/?p=87561"},"modified":"2021-03-24T15:46:29","modified_gmt":"2021-03-24T13:46:29","slug":"na-facebooku-existuje-slupina-ktora-zbiera-a-uverejnuje-take-zle-a-nevydarene-fotografie-ze-su-vo-svojej-podstate-dobre-ved-nakoniec-posudte-sami","status":"publish","type":"post","link":"https:\/\/www.slovaklinesmagazin.sk\/cms\/2021\/03\/na-facebooku-existuje-slupina-ktora-zbiera-a-uverejnuje-take-zle-a-nevydarene-fotografie-ze-su-vo-svojej-podstate-dobre-ved-nakoniec-posudte-sami\/","title":{"rendered":"Na Facebooku existuje slupina, ktor\u00e1 zbiera a uverejnuje tak\u00e9 zl\u00e9 a nevydaren\u00e9 fotografie, \u017ee su vo svojej podstate dobr\u00e9. Ved nakoniec pos\u00fa\u010fte sami&#8230;"},"content":{"rendered":"<p>Ved nakoniec pos\u00fa\u010fte sami&#8230;<\/p>\n<p>&nbsp;<\/p>\n<p>Nie v\u0161etky fotografie m\u00f4\u017eu zdobit titulky svetov\u00fdch \u010dasopisov a nov\u00edn. A ani sa pre istotu, autori tak\u00fdchto z\u00e1berov, nez\u00fa\u010dast\u0148uj\u00fa prest\u00ed\u017enych s\u00fa\u0165a\u017e\u00ed. Nechc\u00fa riskova\u0165, ze ich ostatn\u00ed,\u00a0 fotografi obvinia z neschopnosti kvalitne nafoti\u0165, zaostri\u0165, by\u0165 na spravnom mieste v spravny \u010das, jednoducho, bud\u00fa ozna\u010den\u00ed, \u017ee s\u00fa najhor\u0161i fotografi ak\u00fdch kedy videli<\/p>\n<p>Cez to v\u0161etko, existuje skupina na socialnej sieti, ktor\u00e1 tek\u00e9to fotografie uverej\u0148uje. A nie je ich m\u00e1lo &#8211; 414 000 \u010dlenov. To u\u017e je celkom ve\u013ek\u00e1 skupina adeptov na samostatn\u00fa s\u00fa\u0165a\u017e o Najlep\u0161iu fotografiu medzi zl\u00fdmi.<\/p>\n<p>&nbsp;<\/p>\n<p>Tak si teda po\u010fme pozriet v\u00fdber toho najlep\u0161ieho z najhor\u0161ich:<\/p>\n<p>Ups, Zl\u00e9 na\u010dasovanie, hoci je fotografia ostr\u00e1&#8230;Ale pobavilo.<\/p>\n<p><img loading=\"lazy\" decoding=\"async\" class=\"alignnone size-full wp-image-87562\" src=\"https:\/\/slovaklinesmagazin.sk\/cms\/wp-content\/uploads\/2021\/03\/1-1.jpg\" alt=\"\" width=\"700\" height=\"685\" srcset=\"https:\/\/www.slovaklinesmagazin.sk\/cms\/wp-content\/uploads\/2021\/03\/1-1.jpg 700w, https:\/\/www.slovaklinesmagazin.sk\/cms\/wp-content\/uploads\/2021\/03\/1-1-300x294.jpg 300w, https:\/\/www.slovaklinesmagazin.sk\/cms\/wp-content\/uploads\/2021\/03\/1-1-600x587.jpg 600w\" sizes=\"auto, (max-width: 700px) 100vw, 700px\" \/><\/p>\n<p>Fotka stehl\u00edkov cez zastret\u00e9 okno&#8230;Dokonal\u00e1 il\u00fazia malby<\/p>\n<p><img loading=\"lazy\" decoding=\"async\" class=\"alignnone size-full wp-image-87563\" src=\"https:\/\/slovaklinesmagazin.sk\/cms\/wp-content\/uploads\/2021\/03\/2-1.jpg\" alt=\"\" width=\"700\" height=\"693\" srcset=\"https:\/\/www.slovaklinesmagazin.sk\/cms\/wp-content\/uploads\/2021\/03\/2-1.jpg 700w, https:\/\/www.slovaklinesmagazin.sk\/cms\/wp-content\/uploads\/2021\/03\/2-1-300x297.jpg 300w, https:\/\/www.slovaklinesmagazin.sk\/cms\/wp-content\/uploads\/2021\/03\/2-1-150x150.jpg 150w, https:\/\/www.slovaklinesmagazin.sk\/cms\/wp-content\/uploads\/2021\/03\/2-1-600x594.jpg 600w\" sizes=\"auto, (max-width: 700px) 100vw, 700px\" \/><\/p>\n<p>Pozor, agres\u00edvne husi.<br \/>\nTu ani nie je \u010do vytn\u00fa\u0165. Spr\u00e1vne na\u010dasovan\u00fd z\u00e1ber<\/p>\n<p><img loading=\"lazy\" decoding=\"async\" class=\"alignnone size-full wp-image-87564\" src=\"https:\/\/slovaklinesmagazin.sk\/cms\/wp-content\/uploads\/2021\/03\/3-1.jpg\" alt=\"\" width=\"700\" height=\"1050\" srcset=\"https:\/\/www.slovaklinesmagazin.sk\/cms\/wp-content\/uploads\/2021\/03\/3-1.jpg 700w, https:\/\/www.slovaklinesmagazin.sk\/cms\/wp-content\/uploads\/2021\/03\/3-1-200x300.jpg 200w, https:\/\/www.slovaklinesmagazin.sk\/cms\/wp-content\/uploads\/2021\/03\/3-1-683x1024.jpg 683w, https:\/\/www.slovaklinesmagazin.sk\/cms\/wp-content\/uploads\/2021\/03\/3-1-600x900.jpg 600w\" sizes=\"auto, (max-width: 700px) 100vw, 700px\" \/><\/p>\n<p>&nbsp;<\/p>\n<p>&nbsp;<\/p>\n<p>\u010citaj\u00faca veveri\u010dka, s jablkom v ruke.<\/p>\n<p><img loading=\"lazy\" decoding=\"async\" class=\"alignnone size-full wp-image-87565\" src=\"https:\/\/slovaklinesmagazin.sk\/cms\/wp-content\/uploads\/2021\/03\/4-1.jpg\" alt=\"\" width=\"700\" height=\"933\" srcset=\"https:\/\/www.slovaklinesmagazin.sk\/cms\/wp-content\/uploads\/2021\/03\/4-1.jpg 700w, https:\/\/www.slovaklinesmagazin.sk\/cms\/wp-content\/uploads\/2021\/03\/4-1-225x300.jpg 225w, https:\/\/www.slovaklinesmagazin.sk\/cms\/wp-content\/uploads\/2021\/03\/4-1-600x800.jpg 600w\" sizes=\"auto, (max-width: 700px) 100vw, 700px\" \/><\/p>\n<p>Ak\u00fd probl\u00e9m. Zle zaostren\u00e9 ? No a ?<\/p>\n<p><img loading=\"lazy\" decoding=\"async\" class=\"alignnone size-full wp-image-87566\" src=\"https:\/\/slovaklinesmagazin.sk\/cms\/wp-content\/uploads\/2021\/03\/5-1.jpg\" alt=\"\" width=\"700\" height=\"525\" srcset=\"https:\/\/www.slovaklinesmagazin.sk\/cms\/wp-content\/uploads\/2021\/03\/5-1.jpg 700w, https:\/\/www.slovaklinesmagazin.sk\/cms\/wp-content\/uploads\/2021\/03\/5-1-300x225.jpg 300w, https:\/\/www.slovaklinesmagazin.sk\/cms\/wp-content\/uploads\/2021\/03\/5-1-600x450.jpg 600w\" sizes=\"auto, (max-width: 700px) 100vw, 700px\" \/><\/p>\n<p>Majest\u00e1tny kr\u00e1l v\u00fd\u0161ok. Symbol najsilnej\u0161ej krajny na svete<\/p>\n<p><img loading=\"lazy\" decoding=\"async\" class=\"alignnone size-full wp-image-87567\" src=\"https:\/\/slovaklinesmagazin.sk\/cms\/wp-content\/uploads\/2021\/03\/6-1.jpg\" alt=\"\" width=\"700\" height=\"874\" srcset=\"https:\/\/www.slovaklinesmagazin.sk\/cms\/wp-content\/uploads\/2021\/03\/6-1.jpg 700w, https:\/\/www.slovaklinesmagazin.sk\/cms\/wp-content\/uploads\/2021\/03\/6-1-240x300.jpg 240w, https:\/\/www.slovaklinesmagazin.sk\/cms\/wp-content\/uploads\/2021\/03\/6-1-600x749.jpg 600w\" sizes=\"auto, (max-width: 700px) 100vw, 700px\" \/><\/p>\n<p>&nbsp;<\/p>\n<p>To je Pelik\u00e1n biely<\/p>\n<p><img loading=\"lazy\" decoding=\"async\" class=\"alignnone size-full wp-image-87568\" src=\"https:\/\/slovaklinesmagazin.sk\/cms\/wp-content\/uploads\/2021\/03\/7-1.jpg\" alt=\"\" width=\"700\" height=\"875\" srcset=\"https:\/\/www.slovaklinesmagazin.sk\/cms\/wp-content\/uploads\/2021\/03\/7-1.jpg 700w, https:\/\/www.slovaklinesmagazin.sk\/cms\/wp-content\/uploads\/2021\/03\/7-1-240x300.jpg 240w, https:\/\/www.slovaklinesmagazin.sk\/cms\/wp-content\/uploads\/2021\/03\/7-1-600x750.jpg 600w\" sizes=\"auto, (max-width: 700px) 100vw, 700px\" \/><\/p>\n<p>&nbsp;<\/p>\n<p>Mal som ten najlep\u0161\u00ed teleobjekt\u00edv na fotoapar\u00e1te.<br \/>\n\u0160koda, \u017ee som bol tak bl\u00edzko a podarila sa odfotit len noha tu\u010dniaka.<\/p>\n<p><img loading=\"lazy\" decoding=\"async\" class=\"alignnone size-full wp-image-87569\" src=\"https:\/\/slovaklinesmagazin.sk\/cms\/wp-content\/uploads\/2021\/03\/8-1.jpg\" alt=\"\" width=\"700\" height=\"469\" srcset=\"https:\/\/www.slovaklinesmagazin.sk\/cms\/wp-content\/uploads\/2021\/03\/8-1.jpg 700w, https:\/\/www.slovaklinesmagazin.sk\/cms\/wp-content\/uploads\/2021\/03\/8-1-300x201.jpg 300w, https:\/\/www.slovaklinesmagazin.sk\/cms\/wp-content\/uploads\/2021\/03\/8-1-600x402.jpg 600w\" sizes=\"auto, (max-width: 700px) 100vw, 700px\" \/><\/p>\n<p>Ked pou\u017eijte blesk a ste prekvapen\u00fd nie len vy z v\u00fdsledku<\/p>\n<p><img loading=\"lazy\" decoding=\"async\" class=\"alignnone size-full wp-image-87570\" src=\"https:\/\/slovaklinesmagazin.sk\/cms\/wp-content\/uploads\/2021\/03\/9-1.jpg\" alt=\"\" width=\"700\" height=\"780\" srcset=\"https:\/\/www.slovaklinesmagazin.sk\/cms\/wp-content\/uploads\/2021\/03\/9-1.jpg 700w, https:\/\/www.slovaklinesmagazin.sk\/cms\/wp-content\/uploads\/2021\/03\/9-1-269x300.jpg 269w, https:\/\/www.slovaklinesmagazin.sk\/cms\/wp-content\/uploads\/2021\/03\/9-1-600x669.jpg 600w\" sizes=\"auto, (max-width: 700px) 100vw, 700px\" \/><\/p>\n<p>Vydesen\u00fd bocian<\/p>\n<p><img loading=\"lazy\" decoding=\"async\" class=\"alignnone size-full wp-image-87571\" src=\"https:\/\/slovaklinesmagazin.sk\/cms\/wp-content\/uploads\/2021\/03\/10-1.jpg\" alt=\"\" width=\"697\" height=\"574\" srcset=\"https:\/\/www.slovaklinesmagazin.sk\/cms\/wp-content\/uploads\/2021\/03\/10-1.jpg 697w, https:\/\/www.slovaklinesmagazin.sk\/cms\/wp-content\/uploads\/2021\/03\/10-1-300x247.jpg 300w, https:\/\/www.slovaklinesmagazin.sk\/cms\/wp-content\/uploads\/2021\/03\/10-1-600x494.jpg 600w\" sizes=\"auto, (max-width: 697px) 100vw, 697px\" \/><\/p>\n<p>Upss. Intimita v priamom z\u00e1bere<\/p>\n<p><img loading=\"lazy\" decoding=\"async\" class=\"alignnone size-full wp-image-87572\" src=\"https:\/\/slovaklinesmagazin.sk\/cms\/wp-content\/uploads\/2021\/03\/11-2.jpg\" alt=\"\" width=\"700\" height=\"933\" srcset=\"https:\/\/www.slovaklinesmagazin.sk\/cms\/wp-content\/uploads\/2021\/03\/11-2.jpg 700w, https:\/\/www.slovaklinesmagazin.sk\/cms\/wp-content\/uploads\/2021\/03\/11-2-225x300.jpg 225w, https:\/\/www.slovaklinesmagazin.sk\/cms\/wp-content\/uploads\/2021\/03\/11-2-600x800.jpg 600w\" sizes=\"auto, (max-width: 700px) 100vw, 700px\" \/><\/p>\n<p>Miesto z\u00e1beru: Nemocnica.<br \/>\nDva supy pri vchode, alebo pri v\u00fdchode. Ake prizna\u010dn\u00e9 v tejto dobe.<\/p>\n<p><img loading=\"lazy\" decoding=\"async\" class=\"alignnone size-full wp-image-87573\" src=\"https:\/\/slovaklinesmagazin.sk\/cms\/wp-content\/uploads\/2021\/03\/12-1.jpg\" alt=\"\" width=\"700\" height=\"933\" srcset=\"https:\/\/www.slovaklinesmagazin.sk\/cms\/wp-content\/uploads\/2021\/03\/12-1.jpg 700w, https:\/\/www.slovaklinesmagazin.sk\/cms\/wp-content\/uploads\/2021\/03\/12-1-225x300.jpg 225w, https:\/\/www.slovaklinesmagazin.sk\/cms\/wp-content\/uploads\/2021\/03\/12-1-600x800.jpg 600w\" sizes=\"auto, (max-width: 700px) 100vw, 700px\" \/><\/p>\n<p>&nbsp;<\/p>\n<p>Na\u0161a ma\u010dka s priatelmi tchormi.<\/p>\n<p><img loading=\"lazy\" decoding=\"async\" class=\"alignnone size-full wp-image-87574\" src=\"https:\/\/slovaklinesmagazin.sk\/cms\/wp-content\/uploads\/2021\/03\/13-1.jpg\" alt=\"\" width=\"700\" height=\"607\" srcset=\"https:\/\/www.slovaklinesmagazin.sk\/cms\/wp-content\/uploads\/2021\/03\/13-1.jpg 700w, https:\/\/www.slovaklinesmagazin.sk\/cms\/wp-content\/uploads\/2021\/03\/13-1-300x260.jpg 300w, https:\/\/www.slovaklinesmagazin.sk\/cms\/wp-content\/uploads\/2021\/03\/13-1-600x520.jpg 600w\" sizes=\"auto, (max-width: 700px) 100vw, 700px\" \/><\/p>\n<p>&nbsp;<\/p>\n<p>Majest\u00e1tny Jele\u0148 \u010dierny.<\/p>\n<p><img loading=\"lazy\" decoding=\"async\" class=\"alignnone size-full wp-image-87575\" src=\"https:\/\/slovaklinesmagazin.sk\/cms\/wp-content\/uploads\/2021\/03\/14-1.jpg\" alt=\"\" width=\"700\" height=\"1749\" srcset=\"https:\/\/www.slovaklinesmagazin.sk\/cms\/wp-content\/uploads\/2021\/03\/14-1.jpg 700w, https:\/\/www.slovaklinesmagazin.sk\/cms\/wp-content\/uploads\/2021\/03\/14-1-120x300.jpg 120w, https:\/\/www.slovaklinesmagazin.sk\/cms\/wp-content\/uploads\/2021\/03\/14-1-410x1024.jpg 410w, https:\/\/www.slovaklinesmagazin.sk\/cms\/wp-content\/uploads\/2021\/03\/14-1-600x1499.jpg 600w, https:\/\/www.slovaklinesmagazin.sk\/cms\/wp-content\/uploads\/2021\/03\/14-1-615x1536.jpg 615w\" sizes=\"auto, (max-width: 700px) 100vw, 700px\" \/><\/p>\n<p>Poslal som svojho 12 ro\u010dn\u00e9ho syna nafoti\u0165 pr\u00edrodu v okol\u00ed n\u00e1\u0161ho domu. Tu je v\u00fdsledok.<\/p>\n<p><img loading=\"lazy\" decoding=\"async\" class=\"alignnone size-full wp-image-87576\" src=\"https:\/\/slovaklinesmagazin.sk\/cms\/wp-content\/uploads\/2021\/03\/15-1.jpg\" alt=\"\" width=\"700\" height=\"1014\" srcset=\"https:\/\/www.slovaklinesmagazin.sk\/cms\/wp-content\/uploads\/2021\/03\/15-1.jpg 700w, https:\/\/www.slovaklinesmagazin.sk\/cms\/wp-content\/uploads\/2021\/03\/15-1-207x300.jpg 207w, https:\/\/www.slovaklinesmagazin.sk\/cms\/wp-content\/uploads\/2021\/03\/15-1-600x869.jpg 600w\" sizes=\"auto, (max-width: 700px) 100vw, 700px\" \/><\/p>\n<p>Na dobry z\u00e1ber mus\u00ed te by\u0165 pripraven\u00fd. Kvalitn\u00fd fotoaparat a neboj\u00e1cny fotograf s\u00fa z\u00e1kladom.<\/p>\n<p><img loading=\"lazy\" decoding=\"async\" class=\"alignnone size-full wp-image-87577\" src=\"https:\/\/slovaklinesmagazin.sk\/cms\/wp-content\/uploads\/2021\/03\/16-1.jpg\" alt=\"\" width=\"700\" height=\"933\" srcset=\"https:\/\/www.slovaklinesmagazin.sk\/cms\/wp-content\/uploads\/2021\/03\/16-1.jpg 700w, https:\/\/www.slovaklinesmagazin.sk\/cms\/wp-content\/uploads\/2021\/03\/16-1-225x300.jpg 225w, https:\/\/www.slovaklinesmagazin.sk\/cms\/wp-content\/uploads\/2021\/03\/16-1-600x800.jpg 600w\" sizes=\"auto, (max-width: 700px) 100vw, 700px\" \/><\/p>\n<p>Nie je nad dobru \u0161tiliz\u00e1ciu a n\u00e1pad. Fotografia nezn\u00e1meho autora z okolia Bratislavy<\/p>\n<p><img loading=\"lazy\" decoding=\"async\" class=\"alignnone  wp-image-87578\" src=\"https:\/\/slovaklinesmagazin.sk\/cms\/wp-content\/uploads\/2021\/03\/17-1-scaled.jpg\" alt=\"\" width=\"704\" height=\"528\" srcset=\"https:\/\/www.slovaklinesmagazin.sk\/cms\/wp-content\/uploads\/2021\/03\/17-1-scaled.jpg 2560w, https:\/\/www.slovaklinesmagazin.sk\/cms\/wp-content\/uploads\/2021\/03\/17-1-300x225.jpg 300w, https:\/\/www.slovaklinesmagazin.sk\/cms\/wp-content\/uploads\/2021\/03\/17-1-1024x768.jpg 1024w, https:\/\/www.slovaklinesmagazin.sk\/cms\/wp-content\/uploads\/2021\/03\/17-1-768x576.jpg 768w, https:\/\/www.slovaklinesmagazin.sk\/cms\/wp-content\/uploads\/2021\/03\/17-1-600x450.jpg 600w, https:\/\/www.slovaklinesmagazin.sk\/cms\/wp-content\/uploads\/2021\/03\/17-1-1536x1152.jpg 1536w, https:\/\/www.slovaklinesmagazin.sk\/cms\/wp-content\/uploads\/2021\/03\/17-1-2048x1536.jpg 2048w\" sizes=\"auto, (max-width: 704px) 100vw, 704px\" \/><\/p>\n<p>&nbsp;<\/p>\n<p>Op\u00e4\u0165 majest\u00e1tny symbol Ameriky<\/p>\n<p><img loading=\"lazy\" decoding=\"async\" class=\"alignnone size-full wp-image-87579\" src=\"https:\/\/slovaklinesmagazin.sk\/cms\/wp-content\/uploads\/2021\/03\/18-1.jpg\" alt=\"\" width=\"700\" height=\"875\" srcset=\"https:\/\/www.slovaklinesmagazin.sk\/cms\/wp-content\/uploads\/2021\/03\/18-1.jpg 700w, https:\/\/www.slovaklinesmagazin.sk\/cms\/wp-content\/uploads\/2021\/03\/18-1-240x300.jpg 240w, https:\/\/www.slovaklinesmagazin.sk\/cms\/wp-content\/uploads\/2021\/03\/18-1-600x750.jpg 600w\" sizes=\"auto, (max-width: 700px) 100vw, 700px\" \/><\/p>\n<p>&nbsp;<\/p>\n<p>Tak to sa podarilo. \u010caro nechcen\u00e9ho&#8230;<\/p>\n<p><img loading=\"lazy\" decoding=\"async\" class=\"alignnone size-full wp-image-87580\" src=\"https:\/\/slovaklinesmagazin.sk\/cms\/wp-content\/uploads\/2021\/03\/19-1.jpg\" alt=\"\" width=\"700\" height=\"933\" srcset=\"https:\/\/www.slovaklinesmagazin.sk\/cms\/wp-content\/uploads\/2021\/03\/19-1.jpg 700w, https:\/\/www.slovaklinesmagazin.sk\/cms\/wp-content\/uploads\/2021\/03\/19-1-225x300.jpg 225w, https:\/\/www.slovaklinesmagazin.sk\/cms\/wp-content\/uploads\/2021\/03\/19-1-600x800.jpg 600w\" sizes=\"auto, (max-width: 700px) 100vw, 700px\" \/><\/p>\n<p>Tak netu\u0161\u00edm, kde som spravil chybu<\/p>\n<p><img loading=\"lazy\" decoding=\"async\" class=\"alignnone size-full wp-image-87581\" src=\"https:\/\/slovaklinesmagazin.sk\/cms\/wp-content\/uploads\/2021\/03\/20-1.jpg\" alt=\"\" width=\"700\" height=\"525\" srcset=\"https:\/\/www.slovaklinesmagazin.sk\/cms\/wp-content\/uploads\/2021\/03\/20-1.jpg 700w, https:\/\/www.slovaklinesmagazin.sk\/cms\/wp-content\/uploads\/2021\/03\/20-1-300x225.jpg 300w, https:\/\/www.slovaklinesmagazin.sk\/cms\/wp-content\/uploads\/2021\/03\/20-1-600x450.jpg 600w\" sizes=\"auto, (max-width: 700px) 100vw, 700px\" \/><\/p>\n<p>&nbsp;<\/p>\n<p>A mohol to by\u0165 taky kr\u00e1sny z\u00e1ber<\/p>\n<p><img loading=\"lazy\" decoding=\"async\" class=\"alignnone size-full wp-image-87582\" src=\"https:\/\/slovaklinesmagazin.sk\/cms\/wp-content\/uploads\/2021\/03\/21.jpg\" alt=\"\" width=\"700\" height=\"467\" srcset=\"https:\/\/www.slovaklinesmagazin.sk\/cms\/wp-content\/uploads\/2021\/03\/21.jpg 700w, https:\/\/www.slovaklinesmagazin.sk\/cms\/wp-content\/uploads\/2021\/03\/21-300x200.jpg 300w, https:\/\/www.slovaklinesmagazin.sk\/cms\/wp-content\/uploads\/2021\/03\/21-600x400.jpg 600w\" sizes=\"auto, (max-width: 700px) 100vw, 700px\" \/><\/p>\n<p>&nbsp;<\/p>\n<p>Rys&#8230;Teda, aspo\u0148 si to myslim<\/p>\n<p><img loading=\"lazy\" decoding=\"async\" class=\"alignnone size-full wp-image-87583\" src=\"https:\/\/slovaklinesmagazin.sk\/cms\/wp-content\/uploads\/2021\/03\/22.jpg\" alt=\"\" width=\"700\" height=\"936\" srcset=\"https:\/\/www.slovaklinesmagazin.sk\/cms\/wp-content\/uploads\/2021\/03\/22.jpg 700w, https:\/\/www.slovaklinesmagazin.sk\/cms\/wp-content\/uploads\/2021\/03\/22-224x300.jpg 224w, https:\/\/www.slovaklinesmagazin.sk\/cms\/wp-content\/uploads\/2021\/03\/22-600x802.jpg 600w\" sizes=\"auto, (max-width: 700px) 100vw, 700px\" \/><\/p>\n<p>&nbsp;<\/p>\n<p>Hodinu ho k\u0155mim a ke\u010f ho chcem odfoti\u0165, tak urob\u00ed nasledovn\u00e9<\/p>\n<p><img loading=\"lazy\" decoding=\"async\" class=\"alignnone size-full wp-image-87584\" src=\"https:\/\/slovaklinesmagazin.sk\/cms\/wp-content\/uploads\/2021\/03\/23.jpg\" alt=\"\" width=\"700\" height=\"765\" srcset=\"https:\/\/www.slovaklinesmagazin.sk\/cms\/wp-content\/uploads\/2021\/03\/23.jpg 700w, https:\/\/www.slovaklinesmagazin.sk\/cms\/wp-content\/uploads\/2021\/03\/23-275x300.jpg 275w, https:\/\/www.slovaklinesmagazin.sk\/cms\/wp-content\/uploads\/2021\/03\/23-600x656.jpg 600w\" sizes=\"auto, (max-width: 700px) 100vw, 700px\" \/><\/p>\n","protected":false},"excerpt":{"rendered":"<p>Ved nakoniec pos\u00fa\u010fte sami&#8230; &nbsp; Nie v\u0161etky fotografie m\u00f4\u017eu zdobit titulky svetov\u00fdch \u010dasopisov a nov\u00edn. A ani sa pre istotu, autori tak\u00fdchto z\u00e1berov, nez\u00fa\u010dast\u0148uj\u00fa prest\u00ed\u017enych s\u00fa\u0165a\u017e\u00ed. Nechc\u00fa riskova\u0165, ze ich ostatn\u00ed,\u00a0 fotografi obvinia z neschopnosti kvalitne nafoti\u0165, zaostri\u0165, by\u0165 na spravnom mieste v spravny \u010das, jednoducho, bud\u00fa ozna\u010den\u00ed, \u017ee s\u00fa najhor\u0161i fotografi ak\u00fdch kedy videli [&hellip;]<\/p>\n","protected":false},"author":7,"featured_media":0,"comment_status":"closed","ping_status":"closed","sticky":false,"template":"","format":"standard","meta":{"footnotes":""},"categories":[52,56],"tags":[],"class_list":["post-87561","post","type-post","status-publish","format-standard","hentry","category-outdoor","category-priroda","eq-blocks"],"_links":{"self":[{"href":"https:\/\/www.slovaklinesmagazin.sk\/cms\/wp-json\/wp\/v2\/posts\/87561","targetHints":{"allow":["GET"]}}],"collection":[{"href":"https:\/\/www.slovaklinesmagazin.sk\/cms\/wp-json\/wp\/v2\/posts"}],"about":[{"href":"https:\/\/www.slovaklinesmagazin.sk\/cms\/wp-json\/wp\/v2\/types\/post"}],"author":[{"embeddable":true,"href":"https:\/\/www.slovaklinesmagazin.sk\/cms\/wp-json\/wp\/v2\/users\/7"}],"replies":[{"embeddable":true,"href":"https:\/\/www.slovaklinesmagazin.sk\/cms\/wp-json\/wp\/v2\/comments?post=87561"}],"version-history":[{"count":1,"href":"https:\/\/www.slovaklinesmagazin.sk\/cms\/wp-json\/wp\/v2\/posts\/87561\/revisions"}],"predecessor-version":[{"id":87585,"href":"https:\/\/www.slovaklinesmagazin.sk\/cms\/wp-json\/wp\/v2\/posts\/87561\/revisions\/87585"}],"wp:attachment":[{"href":"https:\/\/www.slovaklinesmagazin.sk\/cms\/wp-json\/wp\/v2\/media?parent=87561"}],"wp:term":[{"taxonomy":"category","embeddable":true,"href":"https:\/\/www.slovaklinesmagazin.sk\/cms\/wp-json\/wp\/v2\/categories?post=87561"},{"taxonomy":"post_tag","embeddable":true,"href":"https:\/\/www.slovaklinesmagazin.sk\/cms\/wp-json\/wp\/v2\/tags?post=87561"}],"curies":[{"name":"wp","href":"https:\/\/api.w.org\/{rel}","templated":true}]}}