{"id":88101,"date":"2021-06-03T08:15:57","date_gmt":"2021-06-03T06:15:57","guid":{"rendered":"https:\/\/slovaklinesmagazin.sk\/cms\/?p=88101"},"modified":"2021-06-03T08:15:58","modified_gmt":"2021-06-03T06:15:58","slug":"nadupane-otvorenie-e-bike-sezony-na-horehroni-je-za-dverami","status":"publish","type":"post","link":"https:\/\/www.slovaklinesmagazin.sk\/cms\/2021\/06\/nadupane-otvorenie-e-bike-sezony-na-horehroni-je-za-dverami\/","title":{"rendered":"Nadupan\u00e9 otvorenie e-bike sez\u00f3ny na Horehron\u00ed je za dverami"},"content":{"rendered":"<p>V\u00a0sobotu 5. j\u00fana 2021 milovn\u00edci h\u00f4r a\u00a0cyklistiky \u201ena baterku\u201c spolu s\u00a0hlavn\u00fdm organiz\u00e1torom podujatia\u00a0<em>E-biky pod Kr\u00e1\u013eovu ho\u013eou<\/em>\u00a0absolvuj\u00fa dve atrakt\u00edvne cyklotrasy v\u00a0okol\u00ed \u0160umiaca. Jedna z\u00a0nich povedie na vrchol Kr\u00e1\u013eovej hole. Spolo\u010dne tak od\u0161tartuj\u00fa dlho o\u010dak\u00e1van\u00fa cyklistick\u00fa sez\u00f3nu na Horehron\u00ed.<\/p>\n<p>Posledn\u00fd sneh zmyli v\u00fddatn\u00e9 m\u00e1jov\u00e9 da\u017ede, \u010dere\u0161ne u\u017e odkvitli a doliny s\u00a0pastvinami sa za\u010d\u00ednaj\u00fa sfarbova\u0165 l\u00fa\u010dnymi kvetmi a\u00a0s\u00fdto zelenou tr\u00e1vou. Tak ako o\u017e\u00edva pr\u00edroda, tak sa na leto pripravuj\u00fa aj milovn\u00edci cyklisticky &#8211; \u010di u\u017e horskej, cestnej alebo tej na elektrick\u00fd pohon. V\u00a0\u0160umiaci je otvorenie sez\u00f3ny trad\u00edciou, ktor\u00e1 l\u00e1ka na z\u00e1\u017eitkov\u00fa e-bike cyklistiku u\u017e po piatykr\u00e1t.<\/p>\n<p style=\"text-align: center;\"><img loading=\"lazy\" decoding=\"async\" class=\"alignnone size-full wp-image-88103\" src=\"https:\/\/slovaklinesmagazin.sk\/cms\/wp-content\/uploads\/2021\/06\/2021_06_02_ts_ebike_4-scaled.jpg\" alt=\"\" width=\"2560\" height=\"1707\" srcset=\"https:\/\/www.slovaklinesmagazin.sk\/cms\/wp-content\/uploads\/2021\/06\/2021_06_02_ts_ebike_4-scaled.jpg 2560w, https:\/\/www.slovaklinesmagazin.sk\/cms\/wp-content\/uploads\/2021\/06\/2021_06_02_ts_ebike_4-300x200.jpg 300w, https:\/\/www.slovaklinesmagazin.sk\/cms\/wp-content\/uploads\/2021\/06\/2021_06_02_ts_ebike_4-1024x683.jpg 1024w, https:\/\/www.slovaklinesmagazin.sk\/cms\/wp-content\/uploads\/2021\/06\/2021_06_02_ts_ebike_4-768x512.jpg 768w, https:\/\/www.slovaklinesmagazin.sk\/cms\/wp-content\/uploads\/2021\/06\/2021_06_02_ts_ebike_4-600x400.jpg 600w, https:\/\/www.slovaklinesmagazin.sk\/cms\/wp-content\/uploads\/2021\/06\/2021_06_02_ts_ebike_4-1536x1024.jpg 1536w, https:\/\/www.slovaklinesmagazin.sk\/cms\/wp-content\/uploads\/2021\/06\/2021_06_02_ts_ebike_4-2048x1365.jpg 2048w\" sizes=\"auto, (max-width: 2560px) 100vw, 2560px\" \/><\/p>\n<p>Hlavn\u00fd organiz\u00e1tor podujatia Peter Pol\u00e1k uv\u00e1dza:\u00a0<em>\u201eKa\u017edoro\u010dne zaznamen\u00e1vame obrovsk\u00fd z\u00e1ujem o\u00a0elektrick\u00e9 bicykle v\u00a0na\u0161ej po\u017ei\u010dovni. Najpopul\u00e1rnej\u0161\u00ed je v\u00fdstup na Kr\u00e1\u013eovu ho\u013eu, a\u00a0preto na tento vrchol u\u017e tradi\u010dne bicyklujeme i\u00a0po\u010das otvorenia sez\u00f3ny. V\u017edy kombinujeme tento v\u00fdstup\u00a0\u00a0s\u00a0poobednou trasou, ktor\u00fa z\u00a0roka na rok men\u00edme, aby mali n\u00e1v\u0161tevn\u00edci mo\u017enos\u0165 spozna\u0165 aj \u010fal\u0161ie kr\u00e1sy okolitej krajiny po zna\u010den\u00fdch cyklotras\u00e1ch. Tento rok sme sa rozhodli pre cyklotrasu \u201eZelen\u00e1 stuha Horehron\u00edm\u201c, ktor\u00e1 prech\u00e1dza popri \u0161umiackych stodol\u00e1ch zo \u0160umiaca do Pohorelej s\u00a0n\u00e1vratom poza vrch Strund\u017ean\u00edk a\u00a0prekr\u00e1sne l\u00faky v\u00a0lokalite za H\u00f4rkou, kde sa takisto nach\u00e1dzaj\u00fa pozostatky kedysi tradi\u010dn\u00e9ho du\u00e1lneho hospod\u00e1renia.\u201c\u00a0<\/em>Na z\u00e1ver dop\u013a\u0148a:\u00a0<em>\u201eOkrem cyklistiky sa n\u00e1v\u0161tevn\u00edci m\u00f4\u017eu te\u0161i\u0165 aj na chutn\u00e9 ob\u010derstvenie s\u00a0pr\u00edpitkom, dobr\u00fdm obedom a\u00a0v\u00fdbornou talianskou zmrzlinou v\u00a0na\u0161om st\u00e1nku Ma\u0161krtky u\u00a0Katky.\u201c\u00a0<\/em><\/p>\n<p>Kr\u00e1\u013eova ho\u013ea je magnetom, ktor\u00fd l\u00e1ka cyklistov z\u00a0cel\u00e9ho Slovenska. Okrem pekn\u00fdch v\u00fdh\u013eadov je jej vrchol najvy\u0161\u0161ie cyklisticky dostupn\u00fdm bodom v\u00a0na\u0161ej krajine. A\u00a0pr\u00e1ve to je jedn\u00fdm z\u00a0d\u00f4vodov, pre\u010do sem Horehronci a\u00a0n\u00e1v\u0161tevn\u00edci regi\u00f3nu tak radi prich\u00e1dzaj\u00fa. Regi\u00f3nom Horehronie v\u0161ak prech\u00e1dza hust\u00e1 sie\u0165 a\u017e 865 km cyklotr\u00e1s, a\u00a0tak netreba opomen\u00fa\u0165 aj in\u00e9 zauj\u00edmav\u00e9 cyklotrasy v\u00a0regi\u00f3ne, ktor\u00e9 pon\u00fakaj\u00fa pocit sp\u00e4tosti s\u00a0pr\u00edrodou v\u010faka n\u00e1dhern\u00fdm v\u00fdh\u013eadom. Zauj\u00edmav\u00e9 okruhy m\u00f4\u017eu cyklisti\u00a0\u00a0n\u00e1js\u0165 aj na cyklo str\u00e1nke\u00a0\u00a0regi\u00f3nu\u00a0<a href=\"http:\/\/www.cyklo.horehronie.sk\/\">www.cyklo.horehronie.sk<\/a>, kde si z\u00e1rove\u0148 m\u00f4\u017eu rezervova\u0165 e-bike i\u00a0na toto \u0161portov\u00e9 podujatie.<\/p>\n<p>Na Horehron\u00ed sa u\u017e dlhodobo rozv\u00edja cyklistika, ktor\u00fa vhodne dop\u013a\u0148a sie\u0165 po\u017ei\u010dovn\u00ed elektrick\u00fdch bicyklov v\u00a0regi\u00f3ne.\u00a0<em>\u201eN\u00e1v\u0161tevn\u00edci si m\u00f4\u017eu vybra\u0165 na na\u0161ej str\u00e1nke zo \u0161irokej ponuky e-bikov, okrem in\u00e9ho pon\u00fakame i v\u00fdhodn\u00e9 ceny s\u00a0region\u00e1lnou z\u013eavovou kartou Horehronie Card. N\u00e1\u0161 regi\u00f3n m\u00e1 vynikaj\u00face podmienky pre cyklistov, \u010domu v\u010fa\u010d\u00ed aj hust\u00e1 cyklistick\u00e1 sie\u0165. Ke\u010f\u017ee sme preva\u017ene hornat\u00fdm regi\u00f3nom, pre zvl\u00e1dnutie n\u00e1ro\u010dn\u00fdch \u00fasekov sme sa rozhodli pon\u00faka\u0165 n\u00e1v\u0161tevn\u00edkom z\u00e1\u017eitky zo sedla elektrick\u00e9ho bicykla. V\u00a0na\u0161om regi\u00f3ne je moment\u00e1lne zosie\u0165ovan\u00fdch 9 po\u017ei\u010dovn\u00ed. T\u00e1 najv\u00e4\u010d\u0161ia sa nach\u00e1dza pr\u00e1ve pod Kr\u00e1\u013eovou ho\u013eou v\u00a0\u0160umiaci, a\u00a0preto sme partnerom pri otvoren\u00ed sez\u00f3ny pr\u00e1ve tam,\u201c<\/em>vysvet\u013euje Petra Ridzo\u0148ov\u00e1 Hl\u00e1snikov\u00e1, v\u00fdkonn\u00e1 riadite\u013eka OOCR Regi\u00f3n Horehronie.<\/p>\n","protected":false},"excerpt":{"rendered":"<p>V\u00a0sobotu 5. j\u00fana 2021 milovn\u00edci h\u00f4r a\u00a0cyklistiky \u201ena baterku\u201c spolu s\u00a0hlavn\u00fdm organiz\u00e1torom podujatia\u00a0E-biky pod Kr\u00e1\u013eovu ho\u013eou\u00a0absolvuj\u00fa dve atrakt\u00edvne cyklotrasy v\u00a0okol\u00ed \u0160umiaca. Jedna z\u00a0nich povedie na vrchol Kr\u00e1\u013eovej hole. Spolo\u010dne tak od\u0161tartuj\u00fa dlho o\u010dak\u00e1van\u00fa cyklistick\u00fa sez\u00f3nu na Horehron\u00ed. Posledn\u00fd sneh zmyli v\u00fddatn\u00e9 m\u00e1jov\u00e9 da\u017ede, \u010dere\u0161ne u\u017e odkvitli a doliny s\u00a0pastvinami sa za\u010d\u00ednaj\u00fa sfarbova\u0165 l\u00fa\u010dnymi kvetmi a\u00a0s\u00fdto [&hellip;]<\/p>\n","protected":false},"author":7,"featured_media":88102,"comment_status":"closed","ping_status":"closed","sticky":false,"template":"","format":"standard","meta":{"footnotes":""},"categories":[13,11,52,56,50,14,321],"tags":[],"class_list":["post-88101","post","type-post","status-publish","format-standard","has-post-thumbnail","hentry","category-real-estate","category-news","category-outdoor","category-priroda","category-radim-vam","category-sport","category-tlacova-sprava","eq-blocks"],"_links":{"self":[{"href":"https:\/\/www.slovaklinesmagazin.sk\/cms\/wp-json\/wp\/v2\/posts\/88101","targetHints":{"allow":["GET"]}}],"collection":[{"href":"https:\/\/www.slovaklinesmagazin.sk\/cms\/wp-json\/wp\/v2\/posts"}],"about":[{"href":"https:\/\/www.slovaklinesmagazin.sk\/cms\/wp-json\/wp\/v2\/types\/post"}],"author":[{"embeddable":true,"href":"https:\/\/www.slovaklinesmagazin.sk\/cms\/wp-json\/wp\/v2\/users\/7"}],"replies":[{"embeddable":true,"href":"https:\/\/www.slovaklinesmagazin.sk\/cms\/wp-json\/wp\/v2\/comments?post=88101"}],"version-history":[{"count":1,"href":"https:\/\/www.slovaklinesmagazin.sk\/cms\/wp-json\/wp\/v2\/posts\/88101\/revisions"}],"predecessor-version":[{"id":88104,"href":"https:\/\/www.slovaklinesmagazin.sk\/cms\/wp-json\/wp\/v2\/posts\/88101\/revisions\/88104"}],"wp:featuredmedia":[{"embeddable":true,"href":"https:\/\/www.slovaklinesmagazin.sk\/cms\/wp-json\/wp\/v2\/media\/88102"}],"wp:attachment":[{"href":"https:\/\/www.slovaklinesmagazin.sk\/cms\/wp-json\/wp\/v2\/media?parent=88101"}],"wp:term":[{"taxonomy":"category","embeddable":true,"href":"https:\/\/www.slovaklinesmagazin.sk\/cms\/wp-json\/wp\/v2\/categories?post=88101"},{"taxonomy":"post_tag","embeddable":true,"href":"https:\/\/www.slovaklinesmagazin.sk\/cms\/wp-json\/wp\/v2\/tags?post=88101"}],"curies":[{"name":"wp","href":"https:\/\/api.w.org\/{rel}","templated":true}]}}