{"id":88237,"date":"2021-06-12T08:57:50","date_gmt":"2021-06-12T06:57:50","guid":{"rendered":"https:\/\/slovaklinesmagazin.sk\/cms\/?p=88237"},"modified":"2021-06-12T08:57:50","modified_gmt":"2021-06-12T06:57:50","slug":"chorvatsko-je-pripravene-privitat-hosti","status":"publish","type":"post","link":"https:\/\/www.slovaklinesmagazin.sk\/cms\/2021\/06\/chorvatsko-je-pripravene-privitat-hosti\/","title":{"rendered":"Chorv\u00e1tsko je pripraven\u00e9 priv\u00edta\u0165 host\u00ed"},"content":{"rendered":"<p>Chorv\u00e1tska agent\u00fara pre cestovn\u00fd ruch organizovala virtu\u00e1lnu konferenciu pre zahrani\u010dn\u00e9 m\u00e9di\u00e1, ktor\u00e1 sa konala s\u00fa\u010dasne na 10 trhoch, v Nemecku, Rak\u00fasku, \u010ceskej republike, Slovensku, Ve\u013ekej Brit\u00e1nii, Belgicku, Holandsku, \u0160vaj\u010diarsku, \u0160v\u00e9dsku a N\u00f3rsku. 90 predstavite\u013eov popredn\u00fdch m\u00e9di\u00ed na spom\u00ednan\u00fdch trhoch pozdravili ministerka cestovn\u00e9ho ruchu a \u0161portu Nikolina Brnjac a riadite\u013e Chorv\u00e1tskej agent\u00fary pre cestovn\u00fd ruch Kristjan Stani\u010di\u0107, ktor\u00ed novin\u00e1rom sprostredkovali hlavn\u00e9 spr\u00e1vy o pripravenosti Chorv\u00e1tska na turistick\u00fa sez\u00f3nu.<\/p>\n<p>Ministerka Brnjac uviedla, \u017ee Chorv\u00e1tsko je pripraven\u00e9 na pr\u00edchod host\u00ed a \u017ee najlep\u0161ia pozv\u00e1nka na n\u00e1v\u0161tevu krajiny je stabiln\u00e1 epidemiologick\u00e1 situ\u00e1cia. <em>\u201eVer\u00edm, \u017ee sme prijali v\u0161etky opatrenia, aby sa Chorv\u00e1tsko stalo bezpe\u010dnou dovolenkovou destin\u00e1ciou. Okrem vysokej \u00farovne bezpe\u010dnosti na\u0161ich host\u00ed sme sa tento rok zamerali na kvalitn\u00fa a r\u00f4znorod\u00fa turistick\u00fa ponuku. \u00datek od masov\u00e9ho turizmu, bezpe\u010die, pokojn\u00e9 prostredie a autentick\u00e1 gastron\u00f3mia s\u00fa nov\u00fdmi zlo\u017ekami luxusu, ktor\u00fd Chorv\u00e1tsko pon\u00faka turistom. Okrem kvalitn\u00fdch hotelov a dovolenkov\u00fdch domov existuje vynikaj\u00faca ponuka v segmente kempingov a glampingov. V Chorv\u00e1tsku sa tie\u017e nach\u00e1dza najv\u00e4\u010d\u0161ia charterov\u00e1 flotila na svete, ktor\u00e1 sa plav\u00ed okolo tis\u00edcich n\u00e1dhern\u00fdch ostrovov v tyrkysovom mori, \u010do z nej rob\u00ed perfektn\u00fa n\u00e1morn\u00fa destin\u00e1ciu. Prekr\u00e1sna pr\u00edroda, dostatok aktiv\u00edt na pobre\u017e\u00ed a vo vn\u00fatrozem\u00ed a d\u00f4raz na bezpe\u010dnos\u0165 host\u00ed s\u00fa vynikaj\u00facimi d\u00f4vodmi pre v\u00fdber Chorv\u00e1tska ako dovolenkovej destin\u00e1cie,\u201c<\/em> dodala.<\/p>\n<p style=\"text-align: center;\"><img loading=\"lazy\" decoding=\"async\" class=\"alignnone wp-image-88238 size-full\" src=\"https:\/\/slovaklinesmagazin.sk\/cms\/wp-content\/uploads\/2021\/06\/Ministerka-e1623480645264.png\" alt=\"\" width=\"414\" height=\"750\" srcset=\"https:\/\/www.slovaklinesmagazin.sk\/cms\/wp-content\/uploads\/2021\/06\/Ministerka-e1623480645264.png 414w, https:\/\/www.slovaklinesmagazin.sk\/cms\/wp-content\/uploads\/2021\/06\/Ministerka-e1623480645264-166x300.png 166w\" sizes=\"auto, (max-width: 414px) 100vw, 414px\" \/><br \/>\nMinisterka cestovn\u00e9ho ruchu a \u0161portu Nikolina Brnjac<\/p>\n<p>Online konferenciu v ka\u017edej krajine viedli riaditelia kancel\u00e1ri\u00ed Chorv\u00e1tskej agent\u00fary pre cestovn\u00fd ruch zaoberaj\u00faci sa dan\u00fdm trhom, s podporou partnerskej PR agent\u00fary Aviareps. Hlavn\u00fdmi t\u00e9mami konferencie boli podmienky a protokoly pre vstup do Chorv\u00e1tska, aktu\u00e1lna epidemiologick\u00e1 situ\u00e1cia s d\u00f4razom na o\u010dkovanie be\u017enej popul\u00e1cie a pracovn\u00edkov cestovn\u00e9ho ruchu, organiz\u00e1cia destin\u00e1ci\u00ed z h\u013eadiska testovac\u00edch miest a lek\u00e1rska podpora, projekt \u201eSafe Stay In Croatia\u201c (Bezpe\u010dn\u00fd pobyt v Chorv\u00e1tsku), kampa\u0148 \u201eTrust me, I\u00b4ve been there\u201c (Ver mi, bol\/a som tam), ale aj novinky v chorv\u00e1tskej turistickej ponuke, leteck\u00fdch spolo\u010dnostiach a invest\u00edci\u00e1ch.<\/p>\n<p>\u201e<em>Vynikaj\u00facu poz\u00edciu Chorv\u00e1tska na turistickej mape sveta potvrdzuje t\u00e1to virtu\u00e1lna konferencia, na ktorej sa z\u00fa\u010dastnilo ve\u013ek\u00e9 mno\u017estvo renomovan\u00fdch novin\u00e1rov z v\u00fdznamn\u00fdch a popul\u00e1rnych m\u00e9di\u00ed. Je to vynikaj\u00faca pr\u00edle\u017eitos\u0165 op\u00e4\u0165 informova\u0165 na\u0161u cie\u013eov\u00fa verejnos\u0165 o v\u0161etk\u00fdch novink\u00e1ch v chorv\u00e1tskej turistickej ponuke, ale aj o v\u0161etk\u00fdch platn\u00fdch protokoloch, na z\u00e1klade , je mo\u017en\u00e1 realiz\u00e1cia turistick\u00fdch z\u00e1jazdov do Chorv\u00e1tska.<\/em><\/p>\n<p><em>Doteraj\u0161ie ozn\u00e1menia, ale aj inform\u00e1cie, ktor\u00e9 ka\u017ed\u00fd de\u0148 dost\u00e1vame z na\u0161ich najd\u00f4le\u017eitej\u0161\u00edch trhov, n\u00e1m dod\u00e1vaj\u00fa optimizmus pred hlavnou sez\u00f3nou turistick\u00e9ho roka, v ktorom o\u010dak\u00e1vame najv\u00e4\u010d\u0161iu intenzitu turistick\u00e9ho ruchu\u201c, <\/em>uviedol riadite\u013e Stani\u010di\u0107 s t\u00fdm, \u017ee Chorv\u00e1tsko m\u00f4\u017ee zauja\u0165 poz\u00edciu poprednej stredomorskej turistickej destin\u00e1cie.<\/p>\n<p style=\"text-align: center;\"><img loading=\"lazy\" decoding=\"async\" class=\"alignnone size-full wp-image-88239\" src=\"https:\/\/slovaklinesmagazin.sk\/cms\/wp-content\/uploads\/2021\/06\/Chorvatsko.jpg\" alt=\"\" width=\"858\" height=\"382\" srcset=\"https:\/\/www.slovaklinesmagazin.sk\/cms\/wp-content\/uploads\/2021\/06\/Chorvatsko.jpg 858w, https:\/\/www.slovaklinesmagazin.sk\/cms\/wp-content\/uploads\/2021\/06\/Chorvatsko-300x134.jpg 300w, https:\/\/www.slovaklinesmagazin.sk\/cms\/wp-content\/uploads\/2021\/06\/Chorvatsko-768x342.jpg 768w, https:\/\/www.slovaklinesmagazin.sk\/cms\/wp-content\/uploads\/2021\/06\/Chorvatsko-600x267.jpg 600w\" sizes=\"auto, (max-width: 858px) 100vw, 858px\" \/><br \/>\nRiadite\u013e Chorv\u00e1tskej agent\u00fary pre cestovn\u00fd ruch Kristjan Stani\u010di\u0107<\/p>\n<p>Medzi pr\u00edtomn\u00fdmi m\u00e9diami boli napr\u00edklad nemeck\u00e9 RND, Spiegel, Frankfurter Neue Presse, BZ, rak\u00faske Der Standard, Die Presse, Kleine Zeitung, Vorarlberger Nachrichten, Tiroler Tageszeitung, britsk\u00e9 Independent, The Guardian, The Sunday Times, The Sun, Daily Mail, Telegraph, \u010desk\u00e9 Lidov\u00e9 noviny, MAFRA (M\u016fj sv\u011bt), \u010cesk\u00fd rozhlas, Blesk, Aha!, \u0161vaj\u010diarske Blick, Travel Inside, Travelnews, slovensk\u00e9 Plus 1 de\u0148, \u010dasopis Slovenka, Pravda, holandsk\u00fd Ron Reizen, Villa d&#8217;Arte, National Geographic Traveler a \u010fal\u0161\u00ed.<\/p>\n<p>Riadite\u013e zast\u00fapenia Chorvatsk\u00e9ho turistick\u00e9ho zdru\u017eenia pre \u010cesk\u00fa republiku a\u00a0Slovensko, p\u00e1n Dubravko Miholi\u0107 predstavil zastupcom \u010desk\u00fdch a\u00a0slovensk\u00fdch m\u00e9di\u00ed projekt a\u00a0s\u00favisiace webov\u00e9 str\u00e1nky\u00a0 <a href=\"https:\/\/www.safestayincroatia.hr\/sk\"><em>\u201eSafe Stay in Croatia\u201c<\/em><\/a>\u00a0 (Bezpe\u010dn\u00fd pobyt v\u00a0Chorvatsku), ktor\u00e9 umo\u017e\u0148uj\u00fa n\u00e1v\u0161t\u011bvn\u00edkom jednoducho, pohodlne a\u00a0na jednom mieste z\u00edska\u0165 s\u00fahrnn\u00e9 inform\u00e1cie o\u00a0aktu\u00e1lnej situ\u00e1cii v\u00a0Chorvatsku, o pravidl\u00e1ch pre vstup do krajiny, ako aj o\u00a0prijat\u00fdch opatreniach a\u00a0protokoloch pre bezpe\u010dn\u00fd pobyt v Chorv\u00e1tsku.<\/p>\n<p>\u201e<em>Prijat\u00e9 opatrenia na ochranu turistov spolu so zlep\u0161en\u00edm epidemiologickej situ\u00e1cie v\u00a0Eur\u00f3pe a v\u00a0Chorv\u00e1tsku v posledn\u00fdch t\u00fd\u017ed\u0148och sa prejavili v\u00fdznamn\u00fdm n\u00e1rastom po\u010dtu turistov z\u00a0\u010ceskej republiky a\u00a0Slovenska. \u00a0Za prv\u00fdch 5 mesiacov nav\u0161t\u00edvilo Chorv\u00e1tsko takmer 12.000\u00a0 slovensk\u00fdch turistov, \u010do je\u00a0 3,5 kr\u00e1t viac, ako v\u00a0rovnakom obdob\u00ed v\u00a0minulom roku. A v\u00a0pr\u00edpade \u010ceskej republiky dosiahol po\u010det n\u00e1v\u0161tevn\u00edkov 31 700, \u010do je takmer 4,5 kr\u00e1t viac\u201c,\u00a0 <\/em>uviedol Dubravko Miholi\u0107. <em>\u00a0<\/em><\/p>\n<p><em>\u201eO\u010dak\u00e1vame v\u00a0tohtoro\u010dnej sez\u00f3ne v\u00fdborn\u00e9 v\u00fdsledky, zv\u00fd\u0161enie oproti minul\u00e9mu roku o\u00a010-20%,<\/em><em> \u010do by znamenalo okolo 600\u00a0000\u00a0 turistov \u00a0z \u010ceskej republiky a\u00a0200\u00a0000 n\u00e1v\u0161tevn\u00edkov zo Slovenska, samozrejme, ak sa epidemiologick\u00e1 situ\u00e1cia bude aj na\u010falej vy\u00edja\u0165 priaznivo. V\u00fdznamn\u00fdm faktorom je aj roz\u0161\u00edrenie mo\u017enost\u00ed dopravy na Jadran. Okrem v\u00fdhodn\u00e9ho priameho vlakov\u00e9ho spojenia spolo\u010dnosti Regiojet z\u00a0Prahy a\u00a0Bratislavy do Rijeky a\u00a0Splitu mo\u017eno vyu\u017ei\u0165 aj leteck\u00fa dopravu. Spolo\u010dnos\u0165 Croatia Airlines pon\u00faka od 21.6. ka\u017ed\u00fa sobotu lety z\u00a0Prahy do Splitu, spolo\u010dnos\u0165 Smartwings do Splitu a\u00a0Dubrovn\u00edku, a\u00a0spolo\u010dnos\u0165 Ryanair do Zadaru. Z\u00a0Viedne m\u00e1 Croatia Airlines pravideln\u00e9 priame lety do Splitu a Z\u00e1hrebu,\u00a0 <\/em>dod\u00e1va Dubravko Miholi\u0107.<em>\u00a0\u00a0\u00a0 <\/em><\/p>\n<p>&nbsp;<\/p>\n<p><a href=\"https:\/\/www.youtube.com\/watch?v=2zCVv2GnEmE\">Prejav pani Nikoliny Brnjac, ministerky cestovn\u00e9ho ruchu a \u0161portu Chorvatskej republiky<\/a><\/p>\n<p><a href=\"https:\/\/www.youtube.com\/watch?v=Jq4yJ6XpsXM\">Prejav p\u00e1na Kristjana Stani\u010di\u0107a, v\u00fdkonn\u00e9ho riadite\u013ea Chorvatskeho n\u00e1rodn\u00e9ho turistick\u00e9ho zdru\u017eenia<\/a><\/p>\n<p>&nbsp;<\/p>\n<p><strong>Virtu\u00e1lna tla\u010dov\u00e1 konferencia (10. j\u00fana 2021) &#8211; Ot\u00e1zky a odpovede <\/strong><\/p>\n<ol>\n<li><strong>Ak\u00e9 s\u00fa najnov\u0161ie po\u017eiadavky na vstup do Chorv\u00e1tska a ak\u00e9 s\u00fa nov\u00e9 pl\u00e1ny na nadch\u00e1dzaj\u00face letn\u00e9 obdobie?<\/strong><\/li>\n<\/ol>\n<p>S\u00fa\u010dasn\u00e9 po\u017eiadavky na vstup do Chorv\u00e1tska s\u00fa pomerne flexibiln\u00e9 a poskytuj\u00fa r\u00f4zne pravidl\u00e1 pre vstup do krajiny v z\u00e1vislosti od krajiny p\u00f4vodu. Na\u0161e hranice sa nikdy skuto\u010dne neuzavreli, aj ke\u010f po\u010das obdobia lockdownu boli po\u017eiadavky na vstup pr\u00edsnej\u0161ie. Od apr\u00edla sa po\u017eiadavky zmier\u0148uj\u00fa ka\u017ed\u00fdch 15 dn\u00ed, pri\u010dom s\u00fa\u010dasn\u00e9 opatrenia platia do 15. j\u00fana, kedy predpoklad\u00e1me \u010fal\u0161ie zmier\u0148ovanie opatren\u00ed za predpokladu, \u017ee s\u00fa\u010dasn\u00e1 epidemiologick\u00e1 situ\u00e1cia zostane stabiln\u00e1 a bude pokra\u010dova\u0165 v klesaj\u00facom trende.<\/p>\n<p>Vstupn\u00e9 po\u017eiadavky pre ob\u010danov kraj\u00edn E\u00da n\u00e1jdete tu: <a href=\"https:\/\/croatia.hr\/sites\/default\/files\/2021-06\/6%20options%20SK.pdf\">https:\/\/croatia.hr\/sites\/default\/files\/2021-06\/6%20options%20SK.pdf<\/a><br \/>\nZatia\u013e \u010do trhy mimo E\u00da m\u00f4\u017eu n\u00e1js\u0165 s\u00fa\u010dasn\u00e9 po\u017eiadavky na vstup tu:<\/p>\n<p><a href=\"https:\/\/croatia.hr\/sites\/default\/files\/2021-06\/Entering%20Croatia%20NON%20EU_EN.pdf\">https:\/\/croatia.hr\/sites\/default\/files\/2021-06\/Entering%20Croatia%20NON%20EU_EN.pdf<\/a><\/p>\n<p>Najv\u00fdznamnej\u0161ou zmenou za posledn\u00fdch 10 dn\u00ed bolo prijatie testov PCR vykonan\u00fdch a\u017e 72 hod\u00edn pred pr\u00edchodom, mo\u017enos\u0165 vstupu det\u00ed do 12 rokov cestuj\u00facich s rodi\u010dom alebo opatrovn\u00edkom bez povinnosti testu, ako aj mo\u017enos\u0165 pre n\u00e1v\u0161tevn\u00edkov \u010dlensk\u00fdch \u0161t\u00e1tov E\u00da pricestova\u0165 u\u017e po podan\u00ed prvej d\u00e1vky ur\u010dit\u00fdch vakc\u00edn.<\/p>\n<p>V s\u00falade so s\u00fa\u010dasnou pl\u00e1novanou implement\u00e1ciou certifik\u00e1tu EU Digital COVID: Chorv\u00e1tsko bolo medzi prv\u00fdmi zo siedmich kraj\u00edn, ktor\u00e9 zaviedlo tento pas, u\u017e mesiac pred term\u00ednom: <a href=\"https:\/\/ec.europa.eu\/commission\/presscorner\/detail\/en\/ip_21_2721\">https:\/\/ec.europa.eu\/commission\/presscorner\/detail\/en\/ip_21_2721<\/a><\/p>\n<p>O\u010dak\u00e1vame, \u017ee v\u00e4\u010d\u0161ina kraj\u00edn E\u00da zavedie certifik\u00e1t do 1. j\u00fala, \u010do zjednodu\u0161\u00ed cestovanie t\u00fdm, \u017ee bude existova\u0165 jednotn\u00e9 potvrdenie, \u017ee osoba bola o\u010dkovan\u00e1 proti COVID-19, testovan\u00e1 na negat\u00edvne v\u00fdsledky alebo sa zotavila z infekcie v \u013eahko pou\u017eite\u013enom QR k\u00f3de, \u010do nielen u\u013eah\u010d\u00ed prechod hran\u00edc, ale pom\u00f4\u017ee znovu na\u0161tartova\u0165 cestovn\u00fd ruch t\u00fdm, \u017ee umo\u017en\u00ed \u013eu\u010fom znova sebavedome cestova\u0165.<\/p>\n<p>Okrem certifik\u00e1tu EU Digital COVID bude Chorv\u00e1tsko aj na\u010falej umo\u017e\u0148ova\u0165 vstup na z\u00e1klade s\u00fa\u010dasn\u00fdch po\u017eiadaviek a bude pokra\u010dova\u0165 v \u010fal\u0161\u00edch bilater\u00e1lnych diskusi\u00e1ch na diplomatickej \u00farovni, aby sa zabezpe\u010dilo splnenie cestovn\u00fdch predpokladov.<\/p>\n<p>&nbsp;<\/p>\n<ol start=\"2\">\n<li><strong>Ak\u00e9 s\u00fa o\u010dak\u00e1vania t\u00fdkaj\u00face sa letnej sez\u00f3ny? Predsez\u00f3na\/sez\u00f3na a v\u0161eobecne v roku 2021?<\/strong><\/li>\n<\/ol>\n<p>Chorv\u00e1tsko bolo jedn\u00fdm z m\u00e1la trhov, ktor\u00e9 zaznamenali priazniv\u00fd po\u010det turistov v roku 2020, ke\u010f dosiahlo 50% po\u010dtu prenocovan\u00ed v porovnan\u00ed s rekordn\u00fdm rokom 2019. To z Chorv\u00e1tska urobilo minul\u00fd rok top destin\u00e1ciu Stredomoria.<\/p>\n<p>Na\u0161a poves\u0165 bezpe\u010dnej a dobre pripravenej destin\u00e1cie ur\u010dite pomohla Chorv\u00e1tsku dosiahnu\u0165 tieto v\u00fdsledky.<\/p>\n<p>V roku 2021, aj napriek prebiehaj\u00facej glob\u00e1lnej pand\u00e9mii, Chorv\u00e1tsko na\u010falej udr\u017euje vysok\u00e9 zdravotn\u00e9 a bezpe\u010dnostn\u00e9 normy, \u010d\u00edm si z\u00edskava d\u00f4veru n\u00e1v\u0161tevn\u00edkov, ktor\u00fdch za prv\u00fdch 5 mesiacov u\u017e bolo takmer 4 mili\u00f3ny<\/p>\n<p><a href=\"https:\/\/www.htz.hr\/en-GB\/press\/press-releases\/croatia-records-39-mn-tourist-arrivals-first-five-months\">https:\/\/www.htz.hr\/en-GB\/press\/press-releases\/croatia-records-39-mn-tourist-arrivals-first-five-months<\/a><\/p>\n<p>O\u010dak\u00e1vame stabiln\u00fa letn\u00fa sez\u00f3nu a sme si ist\u00ed, \u017ee prekon\u00e1me v\u00fdsledky z minul\u00fdch rokov, s minim\u00e1lne 60% prenocovan\u00ed v porovnan\u00ed s rokom 2019.<\/p>\n<p>Pokia\u013e bude epidemiologick\u00e1 situ\u00e1cia stabiln\u00e1 a po\u010det o\u010dkovan\u00fdch os\u00f4b sa bude glob\u00e1lne zlep\u0161ova\u0165, o\u010dak\u00e1vame siln\u00fa mimosez\u00f3nu, ke\u010f n\u00e1v\u0161tevn\u00edci, ktor\u00ed v tejto chv\u00edli e\u0161te nebud\u00fa schopn\u00ed cestova\u0165, vyu\u017eij\u00fa priazniv\u00e9 podnebie Chorv\u00e1tska na jese\u0148 a v zime.<\/p>\n<p>&nbsp;<\/p>\n<ol>\n<li><strong>Ak\u00e1 je situ\u00e1cia COVID v s\u00fa\u010dasnosti v Chorv\u00e1tsku? Ak\u00e9 zdravotn\u00e9 a bezpe\u010dnostn\u00e9 opatrenia s\u00fa zaveden\u00e9?<\/strong><br \/>\n\u010c\u00edsla COVID v Chorv\u00e1tsku na\u010falej klesaj\u00fa s v\u00fdrazn\u00fdm klesaj\u00facim trendom a sme si celkom ist\u00ed, \u017ee v bl\u00edzkej bud\u00facnosti budeme \u00faplne zelen\u00ed.<\/li>\n<\/ol>\n<p>Po\u010det pr\u00edpadov a trendov mo\u017eno n\u00e1js\u0165 tu<\/p>\n<p><a href=\"https:\/\/www.koronavirus.hr\/koronavirus-statisticki-pokazatelji-za-hrvatsku-i-eu\/901\">https:\/\/www.koronavirus.hr\/koronavirus-statisticki-pokazatelji-za-hrvatsku-i-eu\/901<\/a><\/p>\n<p>Vizualiz\u00e1cia pod\u013ea regi\u00f3nu je k dispoz\u00edcii tu: <a href=\"https:\/\/www.croatiacovid19.info\/\">https:\/\/www.croatiacovid19.info\/<\/a><\/p>\n<p>Po\u010detn\u00e9 krajiny vr\u00e1tane Nemecka a Rak\u00faska (\u00fadaje RKI) sa pozeraj\u00fa na Chorv\u00e1tsko region\u00e1lne a na ich zelen\u00fd zoznam boli pridan\u00e9 k\u013e\u00fa\u010dov\u00e9 turistick\u00e9 regi\u00f3ny ako Istra, Dubrovn\u00edk-Neretva a Split-Dalm\u00e1cia. O\u010dak\u00e1vame, \u017ee \u010fal\u0161ie okresy bud\u00fa nasledova\u0165, zatia\u013e \u010do in\u00e9 krajiny pravdepodobne zmiernia obmedzenia cestovania, preto\u017ee \u010d\u00edsla sa bud\u00fa na\u010falej zlep\u0161ova\u0165<\/p>\n<p>&nbsp;<\/p>\n<ol start=\"2\">\n<li><strong>Ak\u00e1 je situ\u00e1cia s o\u010dkovan\u00edm v Chorv\u00e1tsku? Ko\u013eko bolo zao\u010dkovan\u00fdch?<\/strong><\/li>\n<\/ol>\n<p>V s\u00fa\u010dasnosti je v Chorv\u00e1tsku zao\u010dkovan\u00fdch viac ako 40% dospelej popul\u00e1cie, pri\u010dom o\u010dkovanie je na\u010falej najvy\u0161\u0161ou prioritou. V poslednej dobe bola vakc\u00edna Pfizer spr\u00edstupnen\u00e1 malolet\u00fdm vo veku od 12 rokov so z\u00e1merom o\u010dkova\u0165 najsk\u00f4r rizikov\u00fa (zdraviu ohrozen\u00fa) ml\u00e1de\u017e.<\/p>\n<p>Ministerstvo cestovn\u00e9ho ruchu iniciovalo o\u010dkovanie zamestnancov odvetvia cestovn\u00e9ho ruchu, vr\u00e1tane 70 000 pracovn\u00edkov v prvej l\u00ednii v oblasti ubytovania a pohostinstiev, a k o\u010dkovaniu dostali pr\u00edstup aj s\u00fakromn\u00ed poskytovatelia ubytovania. Viac ako 70% pracuj\u00facich v odvetv\u00ed prejavilo z\u00e1ujem o o\u010dkovanie. Organizovan\u00e9 o\u010dkovanie sa za\u010dalo v apr\u00edli a pokra\u010duje, a v\u00e4\u010d\u0161ina by mala dosta\u0165 obe d\u00e1vky do leta.<\/p>\n<p>&nbsp;<\/p>\n<ol start=\"3\">\n<li><strong>S\u00fa pre turistov k dispoz\u00edcii \u013eahko dostupn\u00e9 centr\u00e1 pre PCR a antig\u00e9nov\u00e9 testovanie?<\/strong><\/li>\n<\/ol>\n<p>Ministerstvo cestovn\u00e9ho ruchu a \u0161portu a po\u010detn\u00e9 turistick\u00e9 zdru\u017eenia v Chorv\u00e1tsku na\u010falej spolupracuj\u00fa s verejn\u00fdmi aj s\u00fakromn\u00fdmi zdravotn\u00edckymi zariadeniami po celej krajine a poskytuj\u00fa verejnosti a n\u00e1v\u0161tevn\u00edkom pr\u00edstup k antig\u00e9nov\u00fdm a PCR testom. Tu sa pravidelne aktualizuje zoznam testovac\u00edch centier <a href=\"https:\/\/croatia.hr\/sites\/default\/files\/2021-06\/Za%20web_testni%20centri_ENG_0506.pdf\">https:\/\/croatia.hr\/sites\/default\/files\/2021-06\/Za%20web_testni%20centri_ENG_0506.pdf<\/a> , s uveden\u00edm kontaktov, cien, otv\u00e1rac\u00edch hod\u00edn at\u010f. Mnoho hotelov navy\u0161e poskytuje svojim hos\u0165om testovacie slu\u017eby, zatia\u013e \u010do nasleduj\u00face letisk\u00e1 poskytuj\u00fa mo\u017enosti testovania:<\/p>\n<p><em>Letisko Split <\/em><a href=\"http:\/\/www.split-airport.hr\/index.php?option=com_content&amp;view=article&amp;id=457:testiranje-na-sars-cov-2-24-4-2021&amp;catid=8:novosti&amp;Itemid=114&amp;lang=en\">http:\/\/www.split-airport.hr\/index.php?option=com_content&amp;view=article&amp;id=457:testiranje-na-sars-cov-2-24-4-2021&amp;catid=8:novosti&amp;Itemid=114&amp;lang=en<\/a><em>Letisko Z\u00e1hreb<\/em> <a href=\"https:\/\/www.zagreb-airport.hr\/en\/passengers\/flight-information\/zag-covid-19-testing-centre\/666\">https:\/\/www.zagreb-airport.hr\/en\/passengers\/flight-information\/zag-covid-19-testing-centre\/666<\/a><br \/>\n<em>Letisko Dubrovnik<\/em> <a href=\"https:\/\/www.airport-dubrovnik.hr\/en\/business\/covid-19-testing-centre-n34\">https:\/\/www.airport-dubrovnik.hr\/en\/business\/covid-19-testing-centre-n34<\/a><br \/>\n<em>Letisko Zadar <\/em><a href=\"https:\/\/www.zadar-airport.hr\/en\/information-passengers-about-covid-19\">https:\/\/www.zadar-airport.hr\/en\/information-passengers-about-covid-19<\/a><br \/>\n<em>Letisko Pula <\/em><a href=\"https:\/\/airport-pula.hr\/en\/covid-19-testiranje\/\">https:\/\/airport-pula.hr\/en\/covid-19-testiranje\/<\/a><\/p>\n<p>&nbsp;<\/p>\n<ol start=\"4\">\n<li><strong>A \u010do invest\u00edcie do cestovn\u00e9ho ruchu?<\/strong><\/li>\n<\/ol>\n<p>Aj ke\u010f boli niektor\u00e9 invest\u00edcie do cestovn\u00e9ho ruchu v roku 2020 odlo\u017een\u00e9 z d\u00f4vodu vypuknutia pand\u00e9mie, Chorv\u00e1tsko na\u010falej vid\u00ed pozit\u00edvne investi\u010dn\u00e9 trendy v hoteloch, a to v\u010faka nov\u00fdm pr\u00edle\u017eitostiam, ako je nov\u00fd 5 * Hilton Costabella v Rijeke, jedine\u010dn\u00fd boutique luxusn\u00fd hotel Nai 3.3 na ostrove Dugi Otok, ako aj minuloro\u010dn\u00e9 otvorenie luxusn\u00e9ho hotela Maslina Resort na ostrove Hvar.<\/p>\n<p>Spolu s \u010fal\u0161\u00edmi bud\u00facimi otvoreniami nesk\u00f4r v tomto roku, ako napr\u00edklad odlo\u017een\u00fdm otvoren\u00edm hotela Ambassador v Splite, spolu s invest\u00edciami do moderniz\u00e1cie v celom sektore cestovn\u00e9ho ruchu n\u00e1m umo\u017e\u0148uj\u00fa zosta\u0165 si ist\u00ed, \u017ee Chorv\u00e1tsko bude aj na\u010falej poskytova\u0165 vysoko kvalitn\u00fa ponuku pre v\u0161etk\u00fdch svojich host\u00ed.<\/p>\n<ol start=\"5\">\n<li><strong>Nov\u00e9 lety? Nov\u00fd vlak, autobus alebo trajekt \/ katamar\u00e1n?<\/strong><br \/>\nChorv\u00e1tsko je spokojn\u00e9 s po\u010detn\u00fdmi ozn\u00e1meniami o letoch pre letn\u00fa sez\u00f3nu a \u010fal\u0161ie roky, ke\u010f\u017ee bolo vyhl\u00e1sen\u00fdch a\/alebo u\u017e zah\u00e1jen\u00fdch takmer 200 letov\u00fdch tr\u00e1s, obzvl\u00e1\u0161\u0165 n\u00e1s te\u0161\u00ed rozhodnutie spolo\u010dnosti RyanAir otvori\u0165 z\u00e1klad\u0148u na letisku v Z\u00e1hrebe &#8211; poskytn\u00fa\u0165 pr\u00edstup do hlavn\u00e9ho mesta Chorv\u00e1tska do\/z mnoh\u00fdch eur\u00f3pskych destin\u00e1ci\u00ed, ako aj rozhodnutie spolo\u010dnost\u00ed Delta a United Airlines o zaveden\u00ed priamych letov z New Yorku do Dubrovn\u00edka, ktor\u00e9 sa za\u010dn\u00fa v j\u00fali, \u010do nazna\u010duje, \u017ee aj Chorv\u00e1tsko je atrakt\u00edvnou z\u00e1morskou destin\u00e1ciou.<\/li>\n<\/ol>\n<p>Ostatn\u00e9 trhy zaviedli vlakov\u00fa dopravu, napr\u00edklad Regiojet, ktor\u00fd poskytuje priame spojenie do \u010ceskej republiky, Slovenska a Ma\u010farska s linkami do Rijeky a Splitu.<\/p>\n<p>&nbsp;<\/p>\n<ol start=\"6\">\n<li><strong>Existuj\u00fa nejak\u00e9 \u010fal\u0161ie kampane alebo turistick\u00e9 stimuly, ktor\u00e9 by turistov nal\u00e1kali na n\u00e1v\u0161tevu Chorv\u00e1tska?<\/strong><\/li>\n<\/ol>\n<p>V s\u00fa\u010dasnosti organizuje Chorv\u00e1tske n\u00e1rodn\u00e9 turistick\u00e9 zdru\u017eenie svoju vrcholn\u00fa propaga\u010dn\u00fa kampa\u0148 na t\u00e9mu <em>\u201cTrust me I&#8217;ve been there\u201d<\/em> (D\u00f4verujte mi, bol\/a som tam) na 12 k\u013e\u00fa\u010dov\u00fdch trhoch vr\u00e1tane Nemecka, Slovinska, Rak\u00faska, Talianska, Po\u013eska, Spojen\u00e9ho kr\u00e1\u013eovstva, \u010ceskej republiky, Ma\u010farska, Franc\u00fazska, Holandska, Slovenska a Ruska.<\/p>\n<p><a href=\"https:\/\/www.htz.hr\/en-GB\/press\/press-releases\/cntb-trust-me-ive-been-there-high-season-brand-campaign-starting-across-12-markets\">https:\/\/www.htz.hr\/en-GB\/press\/press-releases\/cntb-trust-me-ive-been-there-high-season-brand-campaign-starting-across-12-markets<\/a><\/p>\n<p>CNTB tie\u017e ned\u00e1vno dokon\u010dila cielen\u00fa kampa\u0148 pre Digit\u00e1lne \u201eChorv\u00e1tsko, va\u0161a nov\u00e1 kancel\u00e1ria!\u201c. V r\u00e1mci prvej vlny kampane pre digit\u00e1lnych nom\u00e1dov \u201eChorv\u00e1tsko, va\u0161a nov\u00e1 kancel\u00e1ria!\u201c, ktor\u00fa uskuto\u010dnilo Chorv\u00e1tske n\u00e1rodn\u00e9 turistick\u00e9 zdru\u017eenie na trhoch USA, Kanady a Spojen\u00e9ho kr\u00e1\u013eovstva, kde z\u00edskalo viac ako 8 mili\u00f3nov zobrazen\u00ed od polovice marca do polovice apr\u00edla 2021. Aktivity v r\u00e1mci tejto propaga\u010dnej kampane sa konali na soci\u00e1lnych sie\u0165ach Facebook a Twitter, a boli zameran\u00e9 v\u00fdlu\u010dne na cie\u013eov\u00fa skupinu potenci\u00e1lnych digit\u00e1lnych nom\u00e1dov. V\u0161etky inform\u00e1cie o podmienkach registr\u00e1cie a pobytu digit\u00e1lnych nom\u00e1dov v Chorv\u00e1tsko n\u00e1jdete na vstupnej str\u00e1nke kampane www.digitalnomads.hr a na podstr\u00e1nke Chorv\u00e1tska n\u00e1jdete svoju nov\u00fa kancel\u00e1riu, ktor\u00e1 je k dispoz\u00edcii na ofici\u00e1lnych webov\u00fdch str\u00e1nkach CNTB Croatia.hr.<\/p>\n<p><a href=\"https:\/\/www.htz.hr\/en-GB\/press\/press-releases\/cntb-first-wave-digital-nomads-campaign-achieved-over-8-million-impressions\">https:\/\/www.htz.hr\/en-GB\/press\/press-releases\/cntb-first-wave-digital-nomads-campaign-achieved-over-8-million-impressions<\/a><\/p>\n<p>Druh\u00e1 vlna kampane je pl\u00e1novan\u00e1 na leto, preto\u017ee pr\u00e1ca na dia\u013eku a dlhodob\u00e9 kombinovan\u00e9 obchodn\u00e9 a vo\u013eno\u010dasov\u00e9 cesty na\u010falej vykazuj\u00fa zn\u00e1mky rastu.<\/p>\n<p>&nbsp;<\/p>\n<ol start=\"7\">\n<li><strong>\u010co o\u010dak\u00e1vate v roku 2022? Na stredn\u00e9 trate? Na dlh\u0161ie obdobie?<br \/>\n<\/strong>Sme presved\u010den\u00ed, \u017ee epidemiologick\u00e1 situ\u00e1cia zostane stabiln\u00e1, a \u017ee sa posunieme do post-Covidovsk\u00fd norm\u00e1l. To znamen\u00e1, \u017ee o\u010dak\u00e1vame stabiln\u00fd n\u00e1vrat pred-Covidovsk\u00e9ho cestovn\u00e9ho ruchu s pokra\u010duj\u00facim rastom v roku 2022 a \u010falej. V strednodobom a dlhodobom horizonte vyv\u00edja Chorv\u00e1tsko svoju nov\u00fa strat\u00e9giu cestovn\u00e9ho ruchu, a t\u00e1to by mala by\u0165 dokon\u010den\u00e1 a spusten\u00e1 v druhej polovici roka, a u\u017e to\u013eko m\u00f4\u017eeme prezradi\u0165, \u017ee sa bude viac zameriava\u0165 na trvalo udr\u017eate\u013en\u00fd cestovn\u00fd ruch.<\/li>\n<li><strong>\u010co udalosti? \u0160port? Pohostinstvo? A \u010fal\u0161ie zauj\u00edmavosti?<\/strong><\/li>\n<\/ol>\n<p>Pri re\u0161pektovan\u00ed v\u0161etk\u00fdch opatren\u00ed na zaistenie bezpe\u010dnosti a ochrany zdravia sa Chorv\u00e1tsku podarilo vytvori\u0165 priazniv\u00e9 prostredie pre organizovanie podujat\u00ed, ako napr\u00edklad <a href=\"https:\/\/rally-croatia.com\/hr\/\">WRC Croatia Rally 2021<\/a>, ktor\u00e1 sa konala v apr\u00edli, \u010do dokazuje, \u017ee napriek pand\u00e9mii sa krajina a jej sektor \u0161portu a podujat\u00ed dok\u00e1\u017eu prisp\u00f4sobi\u0165 a uskuto\u010d\u0148ova\u0165 udalosti na svetovej \u00farovni. Ke\u010f sa opatrenia bud\u00fa na\u010falej zmier\u0148ova\u0165, sme si ist\u00ed, \u017ee mnoh\u00e9 \u010fal\u0161ie \u0161portov\u00e9 podujatia bud\u00fa v nadch\u00e1dzaj\u00facich mesiacoch pokra\u010dova\u0165 pod\u013ea pl\u00e1nu, zatia\u013e \u010do odvetvie podujat\u00ed a kongresov zaznamenalo pomal\u00fd, ale stabiln\u00fd n\u00e1vrat v\u010faka zmierneniu opatren\u00ed a zhroma\u017eden\u00ed pre a\u017e 100 \u00fa\u010dastn\u00edkov, a v tejto oblasti o\u010dak\u00e1vame \u010fal\u0161ie zmiernenie opatren\u00ed. Dnes 10. j\u00fana sa vracia prv\u00fd chorv\u00e1tsky kongres cestovn\u00e9ho ruchu, v Dubrovn\u00edku sa kon\u00e1 konferencia ASTA (Americk\u00e1 spolo\u010dnos\u0165 cestovn\u00fdch poradcov).<\/p>\n<p>Chorv\u00e1tsko tie\u017e ned\u00e1vno priv\u00edtalo viac ako 180 host\u00ed a z\u00e1stupcov po\u013esk\u00e9ho cestovn\u00e9ho ruchu, \u010do je \u010fal\u0161\u00ed pr\u00edklad stabiln\u00e9ho n\u00e1vratu cestovn\u00e9ho ruchu a d\u00f4very v Chorv\u00e1tsko ako hostite\u013esk\u00fa destin\u00e1ciu.<\/p>\n<p><a href=\"https:\/\/www.htz.hr\/en-GB\/press\/press-releases\/180-representatives-polish-tourist-industry-and-media-landed-zadar-special-lot-flight\">https:\/\/www.htz.hr\/en-GB\/press\/press-releases\/180-representatives-polish-tourist-industry-and-media-landed-zadar-special-lot-flight<\/a><\/p>\n","protected":false},"excerpt":{"rendered":"<p>Chorv\u00e1tska agent\u00fara pre cestovn\u00fd ruch organizovala virtu\u00e1lnu konferenciu pre zahrani\u010dn\u00e9 m\u00e9di\u00e1, ktor\u00e1 sa konala s\u00fa\u010dasne na 10 trhoch, v Nemecku, Rak\u00fasku, \u010ceskej republike, Slovensku, Ve\u013ekej Brit\u00e1nii, Belgicku, Holandsku, \u0160vaj\u010diarsku, \u0160v\u00e9dsku a N\u00f3rsku. 90 predstavite\u013eov popredn\u00fdch m\u00e9di\u00ed na spom\u00ednan\u00fdch trhoch pozdravili ministerka cestovn\u00e9ho ruchu a \u0161portu Nikolina Brnjac a riadite\u013e Chorv\u00e1tskej agent\u00fary pre cestovn\u00fd ruch Kristjan [&hellip;]<\/p>\n","protected":false},"author":7,"featured_media":88240,"comment_status":"closed","ping_status":"closed","sticky":false,"template":"","format":"standard","meta":{"footnotes":""},"categories":[13,11,52,56,50],"tags":[1040,1039,1038],"class_list":["post-88237","post","type-post","status-publish","format-standard","has-post-thumbnail","hentry","category-real-estate","category-news","category-outdoor","category-priroda","category-radim-vam","tag-chorvatsko","tag-kristjan-stanicic","tag-nikolina-brnjac","eq-blocks"],"_links":{"self":[{"href":"https:\/\/www.slovaklinesmagazin.sk\/cms\/wp-json\/wp\/v2\/posts\/88237","targetHints":{"allow":["GET"]}}],"collection":[{"href":"https:\/\/www.slovaklinesmagazin.sk\/cms\/wp-json\/wp\/v2\/posts"}],"about":[{"href":"https:\/\/www.slovaklinesmagazin.sk\/cms\/wp-json\/wp\/v2\/types\/post"}],"author":[{"embeddable":true,"href":"https:\/\/www.slovaklinesmagazin.sk\/cms\/wp-json\/wp\/v2\/users\/7"}],"replies":[{"embeddable":true,"href":"https:\/\/www.slovaklinesmagazin.sk\/cms\/wp-json\/wp\/v2\/comments?post=88237"}],"version-history":[{"count":1,"href":"https:\/\/www.slovaklinesmagazin.sk\/cms\/wp-json\/wp\/v2\/posts\/88237\/revisions"}],"predecessor-version":[{"id":88241,"href":"https:\/\/www.slovaklinesmagazin.sk\/cms\/wp-json\/wp\/v2\/posts\/88237\/revisions\/88241"}],"wp:featuredmedia":[{"embeddable":true,"href":"https:\/\/www.slovaklinesmagazin.sk\/cms\/wp-json\/wp\/v2\/media\/88240"}],"wp:attachment":[{"href":"https:\/\/www.slovaklinesmagazin.sk\/cms\/wp-json\/wp\/v2\/media?parent=88237"}],"wp:term":[{"taxonomy":"category","embeddable":true,"href":"https:\/\/www.slovaklinesmagazin.sk\/cms\/wp-json\/wp\/v2\/categories?post=88237"},{"taxonomy":"post_tag","embeddable":true,"href":"https:\/\/www.slovaklinesmagazin.sk\/cms\/wp-json\/wp\/v2\/tags?post=88237"}],"curies":[{"name":"wp","href":"https:\/\/api.w.org\/{rel}","templated":true}]}}