{"id":88264,"date":"2021-06-14T10:04:01","date_gmt":"2021-06-14T08:04:01","guid":{"rendered":"https:\/\/slovaklinesmagazin.sk\/cms\/?p=88264"},"modified":"2021-06-14T10:04:01","modified_gmt":"2021-06-14T08:04:01","slug":"od-dnes-plati-novy-cestovatelsky-semafor","status":"publish","type":"post","link":"https:\/\/www.slovaklinesmagazin.sk\/cms\/2021\/06\/od-dnes-plati-novy-cestovatelsky-semafor\/","title":{"rendered":"Od dnes plat\u00ed nov\u00fd cestovate\u013esk\u00fd semaf\u00f3r"},"content":{"rendered":"<p>Cestovate\u013esk\u00fd semafor prejde \u010doskoro p\u00e1r zmenami. Antig\u00e9nov\u00fd test bude plati\u0165 len do 30. j\u00fana, po novom bud\u00fa ma\u0165 \u013eudia v\u00fdnimku z karant\u00e9ny aj z testu pri n\u00e1vrate na Slovensko u\u017e po troch t\u00fd\u017ed\u0148och po podan\u00ed prvej d\u00e1vky vakc\u00edny. Zhrnuli sme tie\u017e d\u00f4le\u017eit\u00e9 inform\u00e1cie o zelen\u00fdch krajin\u00e1ch. Od 1. j\u00fala m\u00e1 za\u010da\u0165 plati\u0165 aj eur\u00f3psky COVID pas, je u\u017e definit\u00edvne schv\u00e1len\u00fd.<br \/>\nPo novom m\u00f4\u017eeme vycestova\u0165 do D\u00e1nska bez karant\u00e9ny, zao\u010dkovan\u00ed nepotrebuj\u00fa ani negat\u00edvny test. Holandsko n\u00e1s v\u00edta bez testu a karant\u00e9ny tie\u017e. Cyprus takisto nevy\u017eaduje negat\u00edvny test od zao\u010dkovan\u00fdch.<\/p>\n<p>Po pr\u00edchode zo zelen\u00fdch kraj\u00edn posta\u010d\u00ed po novom aj negat\u00edvny test zo zahrani\u010dia. Zo susedn\u00fdch kraj\u00edn plat\u00ed aj antig\u00e9n<\/p>\n<p><strong>Vyhl\u00e1\u0161ka\u00a0<a href=\"https:\/\/www.uvzsr.sk\/docs\/info\/ut\/vyhlaska_218.pdf\" target=\"_blank\" rel=\"noreferrer noopener\">hovor\u00ed<\/a>, \u017ee povinnos\u0165 14-d\u0148ovej dom\u00e1cej karant\u00e9ny po pr\u00edchode zo zelenej krajiny neplat\u00ed po preuk\u00e1zan\u00ed sa negat\u00edvnym v\u00fdsledkom RT-PCR testu pri pr\u00edchode na Slovensko nie star\u0161\u00edm ako 72 hod\u00edn. Tie\u017e ak osoba \u201cprich\u00e1dza zo susedn\u00fdch kraj\u00edn zaraden\u00fdch do zelen\u00e9ho zoznamu a m\u00e1 pri sebe negat\u00edvny v\u00fdsledok antig\u00e9nov\u00e9ho testu nie star\u0161\u00ed ako 24 hod\u00edn s t\u00fdm, \u017ee test mus\u00ed by\u0165 vykonan\u00fd na \u00fazem\u00ed susedn\u00e9ho \u0161t\u00e1tu alebo Slovenskej republiky\u201d.<\/strong>\u00a0Aj v pr\u00edpade, ke\u010f m\u00e1 osoba menej ako 18 rokov alebo prekonala ochorenie COVID-19 pred nie viac ako 180 d\u0148ami. Tie\u017e z\u00edskan\u00edm negat\u00edvneho v\u00fdsledku antig\u00e9nov\u00e9ho alebo RT-PCR testu, ktor\u00fd mo\u017eno vykona\u0165 okam\u017eite po n\u00e1vrate. Karant\u00e9na nie je povinn\u00e1 po pr\u00edchode zo zelen\u00fdch kraj\u00edn ani pre zao\u010dkovan\u00fdch.<\/p>\n<p><strong>Nov\u00fd cestovate\u013esk\u00fd semafor plat\u00ed od 14. j\u00fana.<\/strong><\/p>\n<h2><span id=\"novinky-v-cestovatelskom-semafore-od-14-juna\" class=\"ez-toc-section\"><\/span>Novinky v cestovate\u013eskom semafore od 14. j\u00fana:<\/h2>\n<ul>\n<li><strong>V\u00fdnimku z dom\u00e1cej karant\u00e9ny maj\u00fa od pondelka po pr\u00edchode zo zelen\u00fdch kraj\u00edn cestovn\u00e9ho semafora aj osoby, ktor\u00e9 absolvovali test na ochorenie\u00a0COVID-19\u00a0s negat\u00edvnym v\u00fdsledkom v zahrani\u010d\u00ed<\/strong><\/li>\n<li><strong>Preuk\u00e1za\u0165 sa negat\u00edvnym antig\u00e9nov\u00fdm testom bude da\u0165 len do 30. j\u00fana.<\/strong><\/li>\n<li><strong>Po novom bud\u00fa ma\u0165 \u013eudia v\u00fdnimku z\u00a0karant\u00e9ny aj z\u00a0testu pri n\u00e1vrate na Slovensko u\u017e po troch t\u00fd\u017ed\u0148och po podan\u00ed prvej d\u00e1vky vakc\u00edny, \u010das tri t\u00fd\u017edne bude rovnak\u00fd bez oh\u013eadu na druh a\u00a0v\u00fdrobcu vakc\u00edny.<\/strong><\/li>\n<li>Cestuj\u00faci, ktor\u00fd prekonal covid minim\u00e1lne 180 dn\u00ed pred prvou d\u00e1vkou vakc\u00edny m\u00e1 v\u00fdnimku z\u00a0karant\u00e9ny a\u00a0z\u00a0testu po n\u00e1vrate na Slovensko 12 mesiacov od prvej d\u00e1vky. T\u00e1to lehota za\u010dne plyn\u00fa\u0165 11. de\u0148 od pozit\u00edvneho PCR testu<\/li>\n<li>Ostatn\u00ed zao\u010dkovan\u00ed \u013eudia sa m\u00f4\u017eu vraca\u0165 na Slovensko bez testu a\u00a0bez karant\u00e9ny tri mesiace po prvej d\u00e1vke alebo 12 mesiacov po druhej d\u00e1vke.<\/li>\n<li><strong>Pri n\u00e1vrate zo zelen\u00fdch kraj\u00edn sa bude treba preuk\u00e1za\u0165 negat\u00edvnym 72-hodinov\u00fdm PCR testom alebo 12-hodinov\u00fdm AG testom (ten plat\u00ed len do 30. j\u00fana)<\/strong>\u00a0\u2013 v\u00fdnimky maj\u00fa zao\u010dkovan\u00e9 osoby, \u013eudia, ktor\u00ed pred najviac 180 d\u0148ami prekonali covid, a\u00a0\u013eudia do 18 rokov.<\/li>\n<li><strong>Pri n\u00e1vrate z \u010derven\u00fdch kraj\u00edn maj\u00fa v\u00fdnimku len zao\u010dkovan\u00ed \u013eudia so statusom pendlera<\/strong><\/li>\n<li>Cestuj\u00faci zo Slovenska bud\u00fa m\u00f4c\u0165 \u00eds\u0165 do 4 kraj\u00edn u\u017e po 22 d\u0148och od prvej d\u00e1vky o\u010dkovania bez testu a\u00a0karant\u00e9ny \u2013 ide o\u00a0\u010cR, Ma\u010farsko, Rak\u00fasko a\u00a0Chorv\u00e1tsko. \u010coskoro sa m\u00f4\u017ee prida\u0165 aj Slovinsko.<\/li>\n<\/ul>\n<p><strong>Navrhovan\u00fd zoznam zelen\u00fdch kraj\u00edn a\u00a0\u00fazem\u00ed:<\/strong><\/p>\n<ul>\n<li>Andorra,<\/li>\n<li>Austr\u00e1lia,<\/li>\n<li>Belgicko,<\/li>\n<li>Bulharsko,<\/li>\n<li>Chorv\u00e1tsko,<\/li>\n<li>Cyprus,<\/li>\n<li>\u010cesko,<\/li>\n<li>\u010c\u00ednska \u013eudov\u00e1 republika,<\/li>\n<li>D\u00e1nsko,<\/li>\n<li>Est\u00f3nsko,<\/li>\n<li>Faersk\u00e9 ostrovy,<\/li>\n<li>F\u00ednsko,<\/li>\n<li>Franc\u00fazsko,<\/li>\n<li>Gr\u00e9cko,<\/li>\n<li>Gr\u00f3nsko,<\/li>\n<li>Holandsko,<\/li>\n<li>Hong Kong,<\/li>\n<li>\u00cdrsko,<\/li>\n<li>Island,<\/li>\n<li>Izrael,<\/li>\n<li>Japonsko,<\/li>\n<li>Ju\u017en\u00e1 K\u00f3rea,<\/li>\n<li>Lichten\u0161tajnsko,<\/li>\n<li>Litva,<\/li>\n<li>Loty\u0161sko,<\/li>\n<li>Luxembursko,<\/li>\n<li>Macau,<\/li>\n<li>Ma\u010farsko,<\/li>\n<li>Malta,<\/li>\n<li>Monako,<\/li>\n<li>Nemecko,<\/li>\n<li>N\u00f3rsko,<\/li>\n<li>Nov\u00fd Z\u00e9land,<\/li>\n<li>Po\u013esko,<\/li>\n<li>Portugalsko,<\/li>\n<li>Rak\u00fasko,<\/li>\n<li>Rumunsko,<\/li>\n<li>San Mar\u00edno,<\/li>\n<li>Singapur,<\/li>\n<li>Slovinsko,<\/li>\n<li>Sv\u00e4t\u00e1 stolica (Vatik\u00e1n),<\/li>\n<li>\u0160panielsko,<\/li>\n<li>\u0160vaj\u010diarska konfeder\u00e1cia,<\/li>\n<li>\u0160v\u00e9dsko,<\/li>\n<li>Taiwan,<\/li>\n<li>Taliansko.<\/li>\n<\/ul>\n<p><strong>Navrhovan\u00fd zoznam \u010derven\u00fdch kraj\u00edn a\u00a0\u00fazem\u00ed<\/strong><\/p>\n<ul>\n<li>Alb\u00e1nsko,<\/li>\n<li>Arm\u00e9nsko,<\/li>\n<li>Azerbajd\u017ean,<\/li>\n<li>Bielorusko,<\/li>\n<li>Bosna a\u00a0Hercegovina,<\/li>\n<li>\u010cierna hora,<\/li>\n<li>Gruz\u00ednsko,<\/li>\n<li>Jord\u00e1nsko,<\/li>\n<li>Kanada,<\/li>\n<li>Kosovo,<\/li>\n<li>Kuba,<\/li>\n<li>Libanon,<\/li>\n<li>Moldavsko,<\/li>\n<li>Portoriko,<\/li>\n<li>Rusk\u00e1 feder\u00e1cia,<\/li>\n<li>Severn\u00e9 Maced\u00f3nsko,<\/li>\n<li>Srbsko,<\/li>\n<li>Spojen\u00e9 \u0161t\u00e1ty americk\u00e9,<\/li>\n<li>Tunisko,<\/li>\n<li>Turecko,<\/li>\n<li>Ukrajina<\/li>\n<\/ul>\n<h2>Aktu\u00e1lny semafor, ktor\u00fd (zatia\u013e) plat\u00ed<\/h2>\n<h3><img loading=\"lazy\" decoding=\"async\" class=\"lazyloaded\" src=\"https:\/\/static.xx.fbcdn.net\/images\/emoji.php\/v9\/t9b\/2\/16\/1f7e2.png\" alt=\"&#x1f7e2;\" width=\"16\" height=\"16\" data-ll-status=\"loaded\" \/>\u00a0Zelen\u00e9 krajiny<\/h3>\n<ul>\n<li>Krajiny E\u00da bez rozdielu na epidemiologick\u00fa situ\u00e1ciu (m\u00f4\u017ee sa v\u0161ak upravi\u0165 ak sa v krajine \u0161\u00edri nebezpe\u010dn\u00fd variant koronav\u00edrusu) a krajiny s priaznivou epidemiologickou situ\u00e1ciou<\/li>\n<li>\u010clensk\u00e9 \u0161t\u00e1ty E\u00da, Austr\u00e1lia, \u010c\u00ednska \u013eudov\u00e1 republika, \u010c\u00ednska republika (Taiwan), Gr\u00f3nsko, Island, Izrael, Ju\u017en\u00e1 K\u00f3rea, Macau, N\u00f3rsko, Nov\u00fd Z\u00e9land, Singapur.<\/li>\n<li><strong>Podmienky n\u00e1vratu:\u00a0<\/strong>ak ste zao\u010dkovan\u00ed alebo ak ste prekonali ochorenie COVID-19 v posledn\u00fdch 180 d\u0148och, tak sa na v\u00e1s karant\u00e9na ani povinnos\u0165 testu nebude vz\u0165ahova\u0165. Pri pr\u00edchode na Slovensko sa zaregistrujete na\u00a0<a href=\"http:\/\/korona.gov.sk.\/ehranica\" target=\"_blank\" rel=\"noreferrer noopener\">korona.gov.sk\/ehranica<\/a>\u00a0a m\u00f4\u017eete pokra\u010dova\u0165 v be\u017enom \u017eivote.\u00a0\u00a0Ak nie ste zao\u010dkovan\u00ed ani ste neprekonali COVID-19, potrebujete sa zaregistrova\u0165 a<strong>\u00a0absolvova\u0165 RT-PCR alebo antig\u00e9nov\u00fd test po pr\u00edchode<\/strong>, \u010d\u00edm si t\u00fa 14-d\u0148ov\u00fa dom\u00e1cu karant\u00e9nu m\u00f4\u017eete prakticky ihne\u010f, alebo teda \u010d\u00edm sk\u00f4r, zru\u0161i\u0165 negat\u00edvnym testom.<\/li>\n<\/ul>\n<p><strong>V pr\u00edpade o\u010dkovania\/imunity na COVID sa berie do \u00favahy nasledovn\u00e9:<\/strong><\/p>\n<ul>\n<li>cestuj\u00faci bol zao\u010dkovan\u00fd druhou d\u00e1vkou mRNA vakc\u00edny proti ochoreniu COVID-19 a od tejto udalosti uplynulo viac ako 14 dn\u00ed, alebo<\/li>\n<li>cestuj\u00faci bol zao\u010dkovan\u00fd prvou d\u00e1vkou vektorovej vakc\u00edny proti ochoreniu COVID-19 a od tejto udalosti uplynulo viac ako 28 dn\u00ed, alebo<\/li>\n<li>cestuj\u00faci je viac ako 14 dn\u00ed po 1. d\u00e1vke o\u010dkovania proti ochoreniu COVID-19 (mRNA alebo vektorovou vakc\u00ednou),<\/li>\n<li>cestuj\u00faci prekonal COVID-19 v obdob\u00ed pred nie viac ako 180 d\u0148ami<\/li>\n<li>cestuj\u00faci je mlad\u0161\u00ed ako 18 rokov<\/li>\n<\/ul>\n<h3><img loading=\"lazy\" decoding=\"async\" class=\"lazyloaded\" src=\"https:\/\/static.xx.fbcdn.net\/images\/emoji.php\/v9\/td\/2\/16\/1f534.png\" alt=\"&#x1f534;\" width=\"16\" height=\"16\" data-ll-status=\"loaded\" \/>\u00a0\u010cerven\u00e9 krajiny<\/h3>\n<ul>\n<li>Krajiny sveta s nepriaznivou epidemiologickou situ\u00e1ciou, kde 14-d\u0148ov\u00e1 miera infek\u010dnosti je vy\u0161\u0161ia ako 50 na 100 tis\u00edc obyvate\u013eov, alebo epidemiologick\u00e1 situ\u00e1cia sa vkrajine r\u00fdchlo zhor\u0161uje a s\u00fa\u010dasne v krajine nie s\u00fa pr\u00edtomn\u00e9 nebezpe\u010dn\u00e9 varianty (s v\u00fdnimkou tzv. britsk\u00e9ho variantu)<\/li>\n<li>Arm\u00e9nsko, Azerbajd\u017ean, Bielorusko, Bosna a Hercegovina, \u010cierna hora, Egypt,Gruz\u00ednsko, Jord\u00e1nsko, Kanada, Kazachstan, Kuba, Kuvajt, Malajzia, Mongolsko, Rusk\u00e1 feder\u00e1cia, Severn\u00e9 Maced\u00f3nsko, Srbsko, Spojen\u00e9 \u0161t\u00e1ty americk\u00e9, Tad\u017eikistan, Thajsko, Tunisko, Turecko, Turkm\u00e9nsko, Ukrajina, Uzbekistan<\/li>\n<li>Pri n\u00e1vrate na Slovensko z \u010derven\u00fdch kraj\u00edn plat\u00ed 14-d\u0148ov\u00e1 dom\u00e1ca karant\u00e9na, ktor\u00e1 m\u00f4\u017ee by\u0165 ukon\u010den\u00e1 neg. RT-PCR testom najsk\u00f4r na 8. de\u0148<\/li>\n<\/ul>\n<h3><img loading=\"lazy\" decoding=\"async\" class=\"lazyloaded\" src=\"https:\/\/static.xx.fbcdn.net\/images\/emoji.php\/v9\/t8f\/2\/16\/26ab.png\" alt=\"&#x26ab;\" width=\"16\" height=\"16\" data-ll-status=\"loaded\" \/>\u00a0\u010cierne krajiny<\/h3>\n<ul>\n<li>Krajiny s v\u00fdskytom a komunitn\u00fdm \u0161\u00edren\u00edm nebezpe\u010dn\u00fdch variantov SARS-CoV-2 sv\u00fdnimkou tzv. britsk\u00e9ho variantu (napr. Braz\u00edlia, India, Juhoafrick\u00e1 republika) a krajiny snedostupn\u00fdmi, ned\u00f4veryhodn\u00fdmi, alebo nekvalitn\u00fdmi d\u00e1tami (v\u00e4\u010d\u0161ina africk\u00fdch kraj\u00edn a mnoh\u00e9 z\u00e1morsk\u00e9 mikro\u0161t\u00e1ty)<\/li>\n<li><strong>V\u0161etky ostatn\u00e9 krajiny, ktor\u00e9 nie s\u00fa na zelenom ani \u010dervenom zozname.<\/strong><\/li>\n<li>Pri n\u00e1vrate na Slovensko plat\u00ed 14-d\u0148ov\u00e1 dom\u00e1ca karant\u00e9na, nez\u00e1visle od v\u00fdsledku RT-PCR testu z 8. d\u0148a.<\/li>\n<\/ul>\n<p>Tento \u010dlanok a inform\u00e1cie sme uverejnili\u00a0 v r\u00e1mci spolupr\u00e1ci s port\u00e1lom:<\/p>\n<p><a href=\"https:\/\/pelipecky.sk\/\"><img loading=\"lazy\" decoding=\"async\" class=\"alignnone size-full wp-image-85470\" src=\"https:\/\/slovaklinesmagazin.sk\/cms\/wp-content\/uploads\/2020\/05\/pelipecky-logo-NEW-1.png\" alt=\"\" width=\"500\" height=\"120\" srcset=\"https:\/\/www.slovaklinesmagazin.sk\/cms\/wp-content\/uploads\/2020\/05\/pelipecky-logo-NEW-1.png 500w, https:\/\/www.slovaklinesmagazin.sk\/cms\/wp-content\/uploads\/2020\/05\/pelipecky-logo-NEW-1-300x72.png 300w, https:\/\/www.slovaklinesmagazin.sk\/cms\/wp-content\/uploads\/2020\/05\/pelipecky-logo-NEW-1-304x73.png 304w, https:\/\/www.slovaklinesmagazin.sk\/cms\/wp-content\/uploads\/2020\/05\/pelipecky-logo-NEW-1-296x71.png 296w\" sizes=\"auto, (max-width: 500px) 100vw, 500px\" \/><\/a><br \/>\nViacej inform\u00e1ci\u00ed n\u00e1jdete tu: <a href=\"https:\/\/bit.ly\/3gjvxLC\">https:\/\/bit.ly\/3gjvxLC<\/a><\/p>\n<p>&nbsp;<\/p>\n","protected":false},"excerpt":{"rendered":"<p>Cestovate\u013esk\u00fd semafor prejde \u010doskoro p\u00e1r zmenami. Antig\u00e9nov\u00fd test bude plati\u0165 len do 30. j\u00fana, po novom bud\u00fa ma\u0165 \u013eudia v\u00fdnimku z karant\u00e9ny aj z testu pri n\u00e1vrate na Slovensko u\u017e po troch t\u00fd\u017ed\u0148och po podan\u00ed prvej d\u00e1vky vakc\u00edny. Zhrnuli sme tie\u017e d\u00f4le\u017eit\u00e9 inform\u00e1cie o zelen\u00fdch krajin\u00e1ch. Od 1. j\u00fala m\u00e1 za\u010da\u0165 plati\u0165 aj eur\u00f3psky COVID [&hellip;]<\/p>\n","protected":false},"author":7,"featured_media":88265,"comment_status":"closed","ping_status":"closed","sticky":false,"template":"","format":"standard","meta":{"footnotes":""},"categories":[13,11,52,56,50],"tags":[596,433,1042,1041],"class_list":["post-88264","post","type-post","status-publish","format-standard","has-post-thumbnail","hentry","category-real-estate","category-news","category-outdoor","category-priroda","category-radim-vam","tag-covid","tag-pelipecky","tag-povolenia","tag-semafor","eq-blocks"],"_links":{"self":[{"href":"https:\/\/www.slovaklinesmagazin.sk\/cms\/wp-json\/wp\/v2\/posts\/88264","targetHints":{"allow":["GET"]}}],"collection":[{"href":"https:\/\/www.slovaklinesmagazin.sk\/cms\/wp-json\/wp\/v2\/posts"}],"about":[{"href":"https:\/\/www.slovaklinesmagazin.sk\/cms\/wp-json\/wp\/v2\/types\/post"}],"author":[{"embeddable":true,"href":"https:\/\/www.slovaklinesmagazin.sk\/cms\/wp-json\/wp\/v2\/users\/7"}],"replies":[{"embeddable":true,"href":"https:\/\/www.slovaklinesmagazin.sk\/cms\/wp-json\/wp\/v2\/comments?post=88264"}],"version-history":[{"count":1,"href":"https:\/\/www.slovaklinesmagazin.sk\/cms\/wp-json\/wp\/v2\/posts\/88264\/revisions"}],"predecessor-version":[{"id":88266,"href":"https:\/\/www.slovaklinesmagazin.sk\/cms\/wp-json\/wp\/v2\/posts\/88264\/revisions\/88266"}],"wp:featuredmedia":[{"embeddable":true,"href":"https:\/\/www.slovaklinesmagazin.sk\/cms\/wp-json\/wp\/v2\/media\/88265"}],"wp:attachment":[{"href":"https:\/\/www.slovaklinesmagazin.sk\/cms\/wp-json\/wp\/v2\/media?parent=88264"}],"wp:term":[{"taxonomy":"category","embeddable":true,"href":"https:\/\/www.slovaklinesmagazin.sk\/cms\/wp-json\/wp\/v2\/categories?post=88264"},{"taxonomy":"post_tag","embeddable":true,"href":"https:\/\/www.slovaklinesmagazin.sk\/cms\/wp-json\/wp\/v2\/tags?post=88264"}],"curies":[{"name":"wp","href":"https:\/\/api.w.org\/{rel}","templated":true}]}}