{"id":88291,"date":"2021-06-22T13:13:31","date_gmt":"2021-06-22T11:13:31","guid":{"rendered":"https:\/\/slovaklinesmagazin.sk\/cms\/?p=88291"},"modified":"2021-06-28T13:18:35","modified_gmt":"2021-06-28T11:18:35","slug":"klamal-aby-prezil-vojnova-drama-perzske-lekcie-vstupuje-do-slovenskych-kin","status":"publish","type":"post","link":"https:\/\/www.slovaklinesmagazin.sk\/cms\/2021\/06\/klamal-aby-prezil-vojnova-drama-perzske-lekcie-vstupuje-do-slovenskych-kin\/","title":{"rendered":"Klamal, aby pre\u017eil&#8230; Vojnov\u00e1 dr\u00e1ma Perzsk\u00e9 lekcie vstupuje do slovensk\u00fdch k\u00edn"},"content":{"rendered":"<p><strong>Tento \u0161tvrtok 24.<\/strong> <strong>6.<\/strong> <strong>2021 vst\u00fapil do slovensk\u00fdch k\u00edn sn\u00edmka Perzsk\u00e9 lekcie ukrajinsk\u00e9ho re\u017eis\u00e9ra Vadima Perelmana. Historick\u00e1 dr\u00e1ma z druhej svetovej vojny s prekvapuj\u00facou premisou a v\u00fdborn\u00fdm hereck\u00fdm obsaden\u00edm. Div\u00e1ci si ju bud\u00fa m\u00f4<\/strong><strong>c\u0165<\/strong><strong> pozrie\u0165 aj o\u00a0nie\u010do sk\u00f4r na medzin\u00e1rodnom filmovom festivale Art Film Fest v\u00a0Ko\u0161iciach.<\/strong><\/p>\n<p>Sn\u00edmka <em>Perzsk\u00e9 lekcie<\/em> bola uveden\u00e1 na medzin\u00e1rodnom filmovom festivale Berlinale v\u00a0roku 2020 v\u00a0sekcii Berlinale Special Gala. Hne\u010f po prvej projekcii sa stala div\u00e1ckym favoritom a\u00a0kritici na\u0148 ne\u0161etrili chv\u00e1lou. Jej re\u017eis\u00e9r Vadim Perelman priniesol na pl\u00e1tna k\u00edn, prepracovan\u00fd koproduk\u010dn\u00fd projekt. Argent\u00ednsky herec Nahuel P\u00e9rez Biscayart a\u00a0nemeck\u00fd herec Lars Eidinger sa brav\u00farne chopili n\u00e1ro\u010dn\u00fdch \u00faloh v\u00a0tejto psychologickej dr\u00e1me vybudovanej na neust\u00e1lom nap\u00e4t\u00ed z\u00a0odhalenia.<\/p>\n<p>Sn\u00edmka sa odohr\u00e1va v okupovanom Franc\u00fazsku v\u00a0roku 1942. Gilles je spolu s ostatn\u00fdmi \u017eidmi zatknut\u00fd vojakmi SS a poslan\u00fd do t\u00e1bora v Nemecku.\u00a0 Len o vl\u00e1sok unikne poprave preto\u017ee prisah\u00e1 dozorcom, \u017ee nie je \u017did, ale Per\u017ean. T\u00e1to lo\u017e ho do\u010dasne zachr\u00e1ni, no pridelia mu \u00falohu na \u017eivot a na smr\u0165: u\u010di\u0165 perz\u0161tinu velite\u013ea t\u00e1bora Kocha, ktor\u00fd sn\u00edva o tom, \u017ee si po vojne otvor\u00ed re\u0161taur\u00e1ciu v Ir\u00e1ne. Koch je zo d\u0148a na de\u0148 ned\u00f4ver\u010divej\u0161\u00ed a Gillovi je jasn\u00e9, \u017ee svoje tajomstvo u\u017e dlho neudr\u017e\u00ed\u2026<\/p>\n<p>Hoci filmov z\u00a0prostredia koncentra\u010dn\u00fdch t\u00e1borov s\u00a0problematikou druhej svetovej vojny vzniklo mnoho, e\u0161te st\u00e1le sa z\u00a0\u010dasu na \u010das vynor\u00ed pr\u00edbeh, ktor\u00fd div\u00e1kov dojme a\u00a0pr\u00edjemne prekvap\u00ed. Sn\u00edmka na za\u010diatku uv\u00e1dza, \u017ee bola vo\u013ene in\u0161pirovan\u00e1 skuto\u010dn\u00fdm pr\u00edbehom. Pre \u00faspech filmu to v\u0161ak nie je relevantn\u00e9 a\u00a0je na div\u00e1kovi, \u010di sa tomu rozhodne uveri\u0165. Navy\u0161e Perelmanove postavy \u201etrpia\u201c \u013eudskos\u0165ou. Neboj\u00ed sa nap\u00edsa\u0165 postavu v\u00e4zensk\u00e9ho velite\u013ea, ktor\u00fd m\u00e1 tie\u017e svoje sny a\u00a0vlastn\u00fd \u017eivot. Never\u00ed v\u00edzi\u00e1m tretej r\u00ed\u0161e a\u00a0pobyt v\u00a0koncentra\u010dnom t\u00e1bore pova\u017euje len za nutn\u00e9 zlo.<\/p>\n<p>\u201e<em>Sna\u017e\u00edm sa uk\u00e1za\u0165, \u017ee v\u0161etci sme \u013eudia, v\u0161etci sme schopn\u00ed l\u00e1sky a v\u0161etci sme schopn\u00ed zl\u00fdch a stra\u0161n\u00fdch \u010dinov nen\u00e1visti. Neexistuje ni\u010d tak\u00e9 ako absol\u00fatne dobro alebo absol\u00fatne zlo. V\u017edy je to niekde <\/em><em>uprostred<\/em><em>.\u201c<\/em> uv\u00e1dza o\u00a0svojom filme re\u017eis\u00e9r Perelman.<\/p>\n<p>Okrem Perzsk\u00fdch lekci\u00ed sa na filmovom festivale v\u00a0Ko\u0161iciach predstav\u00ed aj najnov\u0161\u00ed \u00falovok zo s\u00fa\u0165a\u017enej sekcie\u00a0posledn\u00e9ho Berlinale. Sn\u00edmka <strong><em>Sused <\/em><\/strong>je s\u013eubn\u00fdm re\u017eijn\u00fdm debutom od renomovan\u00e9ho herca Daniela Br\u00fchla, ktor\u00e9ho tunaj\u0161\u00ed div\u00e1ci poznaj\u00fa z\u00a0legend\u00e1rneho filmu <em>Good bye, Lenin!<\/em><\/p>\n<p style=\"text-align: center;\"><strong>\u00a0<img loading=\"lazy\" decoding=\"async\" class=\"alignnone size-full wp-image-88293\" src=\"https:\/\/slovaklinesmagazin.sk\/cms\/wp-content\/uploads\/2021\/06\/NEXT-DOOR-scaled.jpg\" alt=\"\" width=\"2560\" height=\"1703\" srcset=\"https:\/\/www.slovaklinesmagazin.sk\/cms\/wp-content\/uploads\/2021\/06\/NEXT-DOOR-scaled.jpg 2560w, https:\/\/www.slovaklinesmagazin.sk\/cms\/wp-content\/uploads\/2021\/06\/NEXT-DOOR-300x200.jpg 300w, https:\/\/www.slovaklinesmagazin.sk\/cms\/wp-content\/uploads\/2021\/06\/NEXT-DOOR-1024x681.jpg 1024w, https:\/\/www.slovaklinesmagazin.sk\/cms\/wp-content\/uploads\/2021\/06\/NEXT-DOOR-768x511.jpg 768w, https:\/\/www.slovaklinesmagazin.sk\/cms\/wp-content\/uploads\/2021\/06\/NEXT-DOOR-600x399.jpg 600w, https:\/\/www.slovaklinesmagazin.sk\/cms\/wp-content\/uploads\/2021\/06\/NEXT-DOOR-1536x1022.jpg 1536w, https:\/\/www.slovaklinesmagazin.sk\/cms\/wp-content\/uploads\/2021\/06\/NEXT-DOOR-2048x1363.jpg 2048w\" sizes=\"auto, (max-width: 2560px) 100vw, 2560px\" \/><\/strong><\/p>\n<p>Daniel je filmov\u00e1 hviezda, ktor\u00e1 sa pr\u00e1ve chyst\u00e1 na konkurz do Lond\u00fdna, kde by mu nemala ujs\u0165 ve\u013ek\u00e1 rola v pripravovanom americkom ak\u010dnom filme. Cestou na letisko sa e\u0161te zastav\u00ed v\u00a0ne\u010falekej kaviarni v berl\u00ednskom Prenzlauer Bergu. A tam sed\u00ed Bruno, ktor\u00fd sa na stretnutie s\u00a0popul\u00e1rnym nemecko-\u0161panielskym hercom, zd\u00e1 sa, pripravoval dlho. Starn\u00faci mu\u017e je jednou z porazen\u00fdch obet\u00ed soci\u00e1lno-kult\u00farnych zmien po zjednoten\u00ed Berl\u00edna a\u00a0Daniela si nevybral n\u00e1hodou&#8230;<\/p>\n<p>Najv\u00e4\u010d\u0161\u00ed a najstar\u0161\u00ed medzin\u00e1rodn\u00fd filmov\u00fd festival na Slovensku Art Film Fest v Ko\u0161iciach u\u017e tento t\u00fd\u017ede\u0148 po ro\u010dnej pauze op\u00e4\u0165 otvor\u00ed svoje br\u00e1ny a priv\u00edta div\u00e1kov na 28. ro\u010dn\u00edku podujatia. Div\u00e1ci, ktor\u00ed sa z\u00fa\u010dastnia festivalov\u00fdch projekci\u00ed oboch zmienen\u00fdch filmov navy\u0161e z\u00edskaj\u00fa bonus zdarma vo forme mesa\u010dn\u00e9ho predplatn\u00e9ho k\u00a0videot\u00e9ke Edisonline, ktor\u00e1 v\u00a0s\u00fa\u010dasnosti pon\u00faka stovky filmov a\u00a02 telev\u00edzne stanice. Ruka v ruke s t\u00fdm prin\u00e1\u0161ame nov\u00fa sekciu Edisonline, ktor\u00e1 predstavuje prierez t\u00fdch najlep\u0161\u00edch titulov, ktor\u00e9 na tomto festivale s\u00fa\u0165a\u017eili \u010di vyhrali niektor\u00fa z cien.<\/p>\n<p>Nov\u00e1 sekcia na Edisonline: <a href=\"https:\/\/bit.ly\/3q9Ueh8?fbclid=IwAR1oJMeT0hnvpay-wkOyD476d8HljFVUjt3MWldDkzPd-80oEByHPXDvE4Q\">https:\/\/bit.ly\/3q9Ueh8<\/a><br \/>\nProgram festivalu n\u00e1jdete na str\u00e1nke <a href=\"http:\/\/www.artfilmfest.sk\/\">http:\/\/www.artfilmfest.sk\/<\/a><\/p>\n","protected":false},"excerpt":{"rendered":"<p>Tento \u0161tvrtok 24. 6. 2021 vst\u00fapil do slovensk\u00fdch k\u00edn sn\u00edmka Perzsk\u00e9 lekcie ukrajinsk\u00e9ho re\u017eis\u00e9ra Vadima Perelmana. Historick\u00e1 dr\u00e1ma z druhej svetovej vojny s prekvapuj\u00facou premisou a v\u00fdborn\u00fdm hereck\u00fdm obsaden\u00edm. Div\u00e1ci si ju bud\u00fa m\u00f4c\u0165 pozrie\u0165 aj o\u00a0nie\u010do sk\u00f4r na medzin\u00e1rodnom filmovom festivale Art Film Fest v\u00a0Ko\u0161iciach. Sn\u00edmka Perzsk\u00e9 lekcie bola uveden\u00e1 na medzin\u00e1rodnom filmovom festivale [&hellip;]<\/p>\n","protected":false},"author":7,"featured_media":88292,"comment_status":"closed","ping_status":"closed","sticky":false,"template":"","format":"standard","meta":{"footnotes":""},"categories":[45,11,48],"tags":[],"class_list":["post-88291","post","type-post","status-publish","format-standard","has-post-thumbnail","hentry","category-nas-tip","category-news","category-umenie-a-kultura","eq-blocks"],"_links":{"self":[{"href":"https:\/\/www.slovaklinesmagazin.sk\/cms\/wp-json\/wp\/v2\/posts\/88291","targetHints":{"allow":["GET"]}}],"collection":[{"href":"https:\/\/www.slovaklinesmagazin.sk\/cms\/wp-json\/wp\/v2\/posts"}],"about":[{"href":"https:\/\/www.slovaklinesmagazin.sk\/cms\/wp-json\/wp\/v2\/types\/post"}],"author":[{"embeddable":true,"href":"https:\/\/www.slovaklinesmagazin.sk\/cms\/wp-json\/wp\/v2\/users\/7"}],"replies":[{"embeddable":true,"href":"https:\/\/www.slovaklinesmagazin.sk\/cms\/wp-json\/wp\/v2\/comments?post=88291"}],"version-history":[{"count":1,"href":"https:\/\/www.slovaklinesmagazin.sk\/cms\/wp-json\/wp\/v2\/posts\/88291\/revisions"}],"predecessor-version":[{"id":88294,"href":"https:\/\/www.slovaklinesmagazin.sk\/cms\/wp-json\/wp\/v2\/posts\/88291\/revisions\/88294"}],"wp:featuredmedia":[{"embeddable":true,"href":"https:\/\/www.slovaklinesmagazin.sk\/cms\/wp-json\/wp\/v2\/media\/88292"}],"wp:attachment":[{"href":"https:\/\/www.slovaklinesmagazin.sk\/cms\/wp-json\/wp\/v2\/media?parent=88291"}],"wp:term":[{"taxonomy":"category","embeddable":true,"href":"https:\/\/www.slovaklinesmagazin.sk\/cms\/wp-json\/wp\/v2\/categories?post=88291"},{"taxonomy":"post_tag","embeddable":true,"href":"https:\/\/www.slovaklinesmagazin.sk\/cms\/wp-json\/wp\/v2\/tags?post=88291"}],"curies":[{"name":"wp","href":"https:\/\/api.w.org\/{rel}","templated":true}]}}