{"id":88329,"date":"2021-06-29T09:13:22","date_gmt":"2021-06-29T07:13:22","guid":{"rendered":"https:\/\/slovaklinesmagazin.sk\/cms\/?p=88329"},"modified":"2021-06-29T09:13:22","modified_gmt":"2021-06-29T07:13:22","slug":"nova-zeleznicna-linka-slovenskych-a-rakuskych-drah-do-chorvatska","status":"publish","type":"post","link":"https:\/\/www.slovaklinesmagazin.sk\/cms\/2021\/06\/nova-zeleznicna-linka-slovenskych-a-rakuskych-drah-do-chorvatska\/","title":{"rendered":"Nov\u00e1 \u017eelezni\u010dn\u00e1 linka Slovensk\u00fdch a\u00a0Rak\u00faskych dr\u00e1h do Chorv\u00e1tska"},"content":{"rendered":"<p><strong>Chorv\u00e1tska turistick\u00e1 centr\u00e1la zorganizovala v spolupr\u00e1ci so \u017deleznicami SR (ZSSK) a Rak\u00faskymi dr\u00e1hami (\u00d6BB) po\u010das letnej sez\u00f3ny 2021 prem\u00e1vku nov\u00fdch turistick\u00fdch vlakov zo Slovenska do Chorv\u00e1tska.<\/strong><\/p>\n<p>Turistick\u00e9 vlaky bud\u00fa prem\u00e1va\u0165 od 18. j\u00fana do 11. septembra na trase Bratislava &#8211; Viede\u0148 &#8211; Split a sp\u00e4\u0165 &#8211; vlaky bud\u00fa odch\u00e1dza\u0165 z Bratislavy v utorok a\u00a0piatok, zo Splitu v stredu a v sobotu (celkovo p\u00f4jde v\u00a0oboch smeroch 50 vlakov).<\/p>\n<p>Vlak obsahuje tri l\u00f4\u017ekov\u00e9 vozne, dva sedacie a tri vozne pre aut\u00e1 a vlak m\u00f4\u017ee prepravova\u0165 aj bicykle a dom\u00e1ce zvierat\u00e1. Jednosmern\u00fd l\u00edstok na sedadle je mo\u017en\u00e9 zak\u00fapi\u0165 od 29,90 EUR, v l\u00f4\u017ekovom vozni od 69,90 EUR, l\u00edstok s automobilovou dopravou od 109,90 EUR a s motocyklom od 79,90 EUR.<\/p>\n<p>Doteraz sa predalo asi 4.000 l\u00edstkov na turistick\u00e9 vlaky zo Slovenska, asi 300 l\u00edstkov na vozne pre aut\u00e1.<\/p>\n<ul>\n<li>Vlaky bud\u00fa odch\u00e1dza\u0165 z Bratislavy o\u00a015:51 a pr\u00eddu do Splitu o\u00a09:50 nasleduj\u00faceho d\u0148a.<\/li>\n<li>Vlaky bud\u00fa odch\u00e1dza\u0165 zo Splitu o\u00a016:48 h s pr\u00edchodom do Bratislavy o\u00a010:49 h nasleduj\u00faceho d\u0148a.<\/li>\n<\/ul>\n<p>Spolupr\u00e1ca \u017eelezni\u010dn\u00fdch podnikov zais\u0165uje roz\u0161\u00edrenie turistickej ponuky a u\u013eah\u010duje dostupnos\u0165 turistick\u00fdch cie\u013eov. Prv\u00fd vlak s asi 200 turistami zo Slovenska a Rak\u00faska prich\u00e1dza na \u017eelezni\u010dn\u00fa stanicu Split v sobotu 19. j\u00fana o\u00a09:50 h.<\/p>\n<p>Na priv\u00edtan\u00ed prv\u00e9ho tohtoro\u010dn\u00e9ho vlaku bud\u00fa pr\u00edtomn\u00ed:<\/p>\n<p>&nbsp;<\/p>\n<ul>\n<li>\u0160t\u00e1tna tajomn\u00ed\u010dka ministerstva cestovn\u00e9ho ruchu a \u0161portu Ton\u010di Glavina<\/li>\n<li>Dubravko \u0160imenc, odborn\u00fd koordin\u00e1tor pre marketingov\u00e9 projekty Chorv\u00e1tskeho turistick\u00e9ho zdru\u017eenia<\/li>\n<li>Predseda predstavenstva ZSSK Roman Kore\u0148<\/li>\n<li>Predseda spr\u00e1vnej rady Chorv\u00e1tskeho turistick\u00e9ho zdru\u017eenia \u017deljko Uki\u0107<\/li>\n<\/ul>\n<p><strong>REGIOJET<\/strong><\/p>\n<p>Po \u00faspe\u0161nej minuloro\u010dnej spolupr\u00e1ci, v r\u00e1mci ktorej sa vlakom prepravilo viac ako 60.000 cestuj\u00facich na trase Praha &#8211; Rijeka &#8211; Praha, \u010desk\u00fd s\u00fakromn\u00fd dopravca RegioJet po\u010d\u00edta s t\u00fdm, \u017ee od 17. m\u00e1ja do 30. septembra tohto roku preprav\u00ed celkovo 176 vlakov asi 100.000 cestuj\u00facich v tomto roku.<\/p>\n<p>V m\u00e1ji, j\u00fani a septembri bud\u00fa vlaky jazdi\u0165 trikr\u00e1t t\u00fd\u017edenne v oboch smeroch a v j\u00fali a auguste ka\u017ed\u00fd de\u0148 &#8211; vlaky maj\u00fa 15 voz\u0148ov do Ogulinu, kde jeden vlak bude pokra\u010dova\u0165 do Splitu (7 voz\u0148ov) a druh\u00fd do Rijeky (8 voz\u0148ov)<\/p>\n<p><strong>M\u00c1V ADRIA<\/strong><\/p>\n<p>Po\u010das tejto sez\u00f3ny pokra\u010duje spolupr\u00e1ca s Ma\u010farsk\u00fdmi \u017eeleznicami &#8211; M\u00c1V START na trase Budape\u0161\u0165 &#8211; Z\u00e1hreb &#8211; Split a\u00a0sp\u00e4\u0165.<\/p>\n<p>Vlaky bud\u00fa prem\u00e1va\u0165 od 2.7. do 10.9. s odchodom v utorok, piatok a nede\u013eu z Budape\u0161ti a zo Splitu v stredu, sobotu a pondelok (celkovo bude prem\u00e1va\u0165 31 vlakov v oboch smeroch)<\/p>\n<p><strong>Chorv\u00e1tske n\u00e1rodn\u00e9 turistick\u00e9 zdru\u017eenie udelilo prest\u00ed\u017ene ocenenie \u201eZlat\u00e9 pero\u201c<\/strong><\/p>\n<p><strong>\u201eVe\u013ek\u00e1 cena\u201c ide do Nemecka, Slovenska a USA<\/strong><\/p>\n<p>Chorv\u00e1tske turistick\u00e9 zdru\u017eenie u\u017e po 17. kr\u00e1t udelilo zahrani\u010dn\u00fdm turistick\u00fdm novin\u00e1rom, blogerom a influencerom prest\u00ed\u017ene ocenenie \u201eZlat\u00e9 pero\u201c za najlep\u0161ie publik\u00e1cie o\u00a0Chorv\u00e1tsku, ako o turistickej destin\u00e1cie, za posledn\u00fd, mimoriadne n\u00e1ro\u010dn\u00fd turistick\u00fd rok. Na sl\u00e1vnostnom odovzd\u00e1van\u00ed cien, ktor\u00e9 sa konalo dna 16. j\u00fana 2021 v Pule, sa z\u00fa\u010dastnilo 15 zahrani\u010dn\u00fdch novin\u00e1rov z 11 kraj\u00edn.<\/p>\n<p><em>\u201eTento rok cenu ude\u013eujeme \u201ena\u017eivo\u201c v kr\u00e1snej Istrii. Ocenen\u00ed novin\u00e1ri, blogeri a vplyvn\u00ed umelci v minulom roku, ktor\u00fd bol pre odvetvie cestovn\u00e9ho ruchu mimoriadne \u0165a\u017ek\u00fd, prispeli k zvidite\u013eneniu na\u0161ej krajiny na glob\u00e1lnej \u00farovni a pomohli pri budovan\u00ed imid\u017eu Chorv\u00e1tska ako bezpe\u010dnej, \u200b\u200bdobre pripravenej a \u017eiaducej turistickej destin\u00e1cie. T\u00fdmto tie\u017e dodato\u010dne upozor\u0148ujeme na Chorv\u00e1tsko v predve\u010der hlavnej \u010dasti turistickej sez\u00f3ny a vysielame spr\u00e1vu, \u017ee Chorv\u00e1tsko je absol\u00fatne pripraven\u00e9 na v\u00e4\u010d\u0161\u00ed pr\u00edliv host\u00ed,\u201c<\/em> uviedol riadite\u013e chorv\u00e1tskeho turistick\u00e9ho zdru\u017eenia Kristjan Stani\u010di\u0107.<\/p>\n<p>Na sl\u00e1vnostnom odovzd\u00e1van\u00ed cien sa okrem riadite\u013ea Stani\u010di\u0107a a kolegov zo zastupite\u013esk\u00fdch \u00faradov ChTZ z\u00fa\u010dastnili aj prefekt Istrijskej \u017eupy Boris Mileti\u0107, riadite\u013e Turistick\u00e9ho zdru\u017eenia Istrijskej \u017eupy Denis Ivo\u0161evi\u0107, riadite\u013eka Turistick\u00e9ho zdru\u017eenia Pula Sanja Cinkopan Korotaj a po\u010detn\u00ed z\u00e1stupcovia istrijsk\u00e9ho sektoru cestovn\u00e9ho ruchu.<\/p>\n<p><em>&#8222;Sme obzvl\u00e1\u0161\u0165 radi, \u017ee m\u00f4\u017eeme hosti\u0165 ocenen\u00fdch novin\u00e1rov a z\u00e1rove\u0148 chv\u00e1lime projekt Zlat\u00e9 pero, preto\u017ee novin\u00e1ri s\u00fa pre n\u00e1s nesmierne d\u00f4le\u017eit\u00ed aj v be\u017en\u00fdch turistick\u00fdch rokoch, nehovoriac v \u010dasoch t\u00fdchto kr\u00edz, ke\u010f je najd\u00f4le\u017eitej\u0161ou propag\u00e1ciou aj komunik\u00e1cia. Sme radi, \u017ee sa cerem\u00f3nia kon\u00e1 v na\u0161om regi\u00f3ne, preto\u017ee n\u00e1m d\u00e1va v\u00fdnimo\u010dn\u00fa pr\u00edle\u017eitos\u0165 predstavi\u0165 vz\u00e1cnym hos\u0165om bohatstvo a jedine\u010dnos\u0165 tohto regi\u00f3nu, na\u0161u pohostinnos\u0165, pr\u00edrodn\u00e9 a kult\u00farne pamiatky, gastron\u00f3miu a \u010fal\u0161ie siln\u00e9 str\u00e1nky, ktor\u00fdmi sme spozn\u00e1van\u00ed za na\u0161imi hranicami<\/em> \u201c, Povedal Denis Ivo\u0161evi\u0107, riadite\u013e Turistick\u00e9ho zdru\u017eenia Istrijskej \u017eupy.<\/p>\n<p><strong>Ve\u013ek\u00e1 cena putuje do Nemecka, Slovenska a USA<\/strong><\/p>\n<p>Najv\u00fdznamnej\u0161\u00edm ocenen\u00edm \u201eZlat\u00e9ho pera\u201c je <strong>Ve\u013ek\u00e1 cena<\/strong> (Grand Prix), ktor\u00e1 sa ude\u013euje v troch kateg\u00f3ri\u00e1ch: za najlep\u0161iu spr\u00e1vu pre tla\u010d alebo online m\u00e9di\u00e1, za najlep\u0161iu rozhlasov\u00fa alebo telev\u00edznu spr\u00e1vu a za najlep\u0161\u00ed pr\u00edspevok na blogu alebo soci\u00e1lnych sie\u0165ach.<\/p>\n<p>Tohtoro\u010dnou laure\u00e1tkou ceny Grand Prix za <strong>najlep\u0161iu spr\u00e1vu tla\u010den\u00e9ho m\u00e9dia<\/strong> je <strong>nemeck\u00e1 novin\u00e1rka Helene Schmidt<\/strong>, ktorej spr\u00e1va \u201eIstrien &#8211; das Kulinarische Kroatien\u201c bola publikovan\u00e1 v renomovanom \u010dasopise Autobild &#8211; Reisemobil. Vo svojej spr\u00e1ve Helena op\u00edsala cestu po Istrii a mal\u00fdch stredovek\u00fdch mest\u00e1ch a zd\u00f4raznila predov\u0161etk\u00fdm istrijsk\u00fa gastron\u00f3miu s mnoh\u00fdmi praktick\u00fdmi tipmi na n\u00e1v\u0161tevu Istrie. Publikovan\u00e1 spr\u00e1va je obzvl\u00e1\u0161\u0165 cenn\u00e1, preto\u017ee bola publikovan\u00e1 v renomovanom m\u00e9diu sledovanom motoristami, ktor\u00ed s\u00fa najpo\u010detnej\u0161\u00edmi n\u00e1v\u0161tevn\u00edkmi z Nemecka do Chorv\u00e1tska. Port\u00e1l Autobild je tie\u017e l\u00eddrom nemeck\u00e9ho digit\u00e1lneho trhu s viac ako 13 mili\u00f3nmi u\u017e\u00edvate\u013eov a 56 mili\u00f3nmi n\u00e1v\u0161tev len v minulom roku.<\/p>\n<p>Grand Prix za <strong>najlep\u0161iu spr\u00e1vu elektronick\u00fdch m\u00e9di\u00ed<\/strong> z\u00edskal <strong>slovensk\u00fd t\u00edm TV MARKIZA<\/strong>. Cenu za s\u00e9riu 10 epiz\u00f3d o Chorv\u00e1tsku s n\u00e1zvom \u201eS Mark\u00edzou v Chorv\u00e1tsku\u201c z\u00edskali novin\u00e1r Branislav Tomaga a kameraman Miroslav \u017dilka. Branislav Tomaga a Miroslav \u017dilka s\u00fa n\u00e1v\u0161tevn\u00edkmi Chorv\u00e1tska po mnoho rokov. Aby spoluob\u010danom uk\u00e1zali spr\u00e1vy z ich ob\u013e\u00faben\u00e9ho cie\u013ea, ne\u00fanavne sa hl\u00e1sili dva t\u00fd\u017edne na\u017eivo zo zauj\u00edmav\u00fdch miest v celom Chorv\u00e1tsku, od Umagu po Dubrovn\u00edk, a preto bolo v j\u00fani a j\u00fali 2020 Chorv\u00e1tsko a dovolenka v Chorv\u00e1tsku s 39-percentnou sledovanos\u0165ou,\u00a0 top t\u00e9mou najsledovanej\u0161ej telev\u00edzie na Slovensku. Spr\u00e1vy s\u00fa pln\u00e9 u\u017eito\u010dn\u00fdch inform\u00e1ci\u00ed, zauj\u00edmav\u00fdch faktov, r\u00e1d a rozhovorov s hostite\u013emi a s\u00fa sprev\u00e1dzan\u00e9 sc\u00e9nami chorv\u00e1tskych miest, pr\u00edrodn\u00fdch kr\u00e1s a gastron\u00f3mie. V n\u00e1ro\u010dnom pandemickom roku plnom neistoty zaslali svojimi spr\u00e1vami z Chorv\u00e1tska div\u00e1kom spr\u00e1vu, \u017ee Chorv\u00e1tsko je absol\u00fatne bezpe\u010dn\u00e1 dovolenkov\u00e1 destin\u00e1cia.<\/p>\n<p>&nbsp;<\/p>\n<p>V\u00ed\u0165azkou Grand Prix za <strong>najlep\u0161\u00ed cestovate\u013esk\u00fd blog<\/strong> je <strong>Kate McCulley z USA<\/strong>, ktor\u00e1 stoj\u00ed za blogom \u201eAdventurous Kate\u201c. Doteraz sa stretla s 83 krajinami a 7 kontinentmi a v roku 2017 ju Forbes zaradil do zoznamu 10 najvplyvnej\u0161\u00edch vplyvn\u00fdch cestovate\u013eov na svete. Svojimi blogov\u00fdmi spr\u00e1vami po\u010das minuloro\u010dnej letnej sez\u00f3ny evokovala z\u00e1\u017eitky z Chorv\u00e1tska, od Dubrovn\u00edka po Istriu. Napriek obmedzeniam a v\u0161eobecn\u00e9mu strachu z pand\u00e9mie pouk\u00e1zala na kr\u00e1sy na\u0161ej ponuky a zodpovednos\u0165 a l\u00e1skavos\u0165 miestneho obyvate\u013estva. Osobitn\u00fa \u010das\u0165 na svojom blogu venovala mnoh\u00fdm pr\u00edspevkom o Chorv\u00e1tsku, ktor\u00e9 n\u00e1jdete pod n\u00e1zvom \u201e<a href=\"https:\/\/www.adventurouskate.com\/category\/destinations\/croatia\/\">Destin\u00e1cie Chorv\u00e1tsko<\/a>\u201c.<\/p>\n<p>&nbsp;<\/p>\n<p>Na sl\u00e1vnostnom odovzd\u00e1van\u00ed cien sa z\u00fa\u010dastnili aj minuloro\u010dn\u00ed v\u00ed\u0165azi Ve\u013ekej ceny, a to novin\u00e1r Alex Crevar z USA, ktor\u00fd p\u00ed\u0161e pre New York Times, a \u010desk\u00fd novin\u00e1r Vladimir Kouba z TV Nova. Cel\u00fd program ude\u013eovania ocenen\u00ed zah\u0155\u0148al trojd\u0148ov\u00fa \u0161tudijn\u00fa cestu, s prehliadkou mnoh\u00fdch turistick\u00fdch miest na ju\u017enej Istrii, vr\u00e1tane Puly, Brijuni, Fa\u017eany, Vodnjanu, archeologick\u00e9ho n\u00e1leziska Nesactium, archeologick\u00e9ho parku Vi\u017eula v Meduline a tematick\u00e9ho parku Ka\u017euni.<\/p>\n<p>&nbsp;<\/p>\n<p>Udelen\u00edm Zlat\u00e9ho pera zd\u00f4raz\u0148uje Chorv\u00e1tske n\u00e1rodn\u00e9 turistick\u00e9 zdru\u017eenie hodnotu profesion\u00e1lneho pr\u00edstupu k p\u00edsaniu a pod\u00e1vaniu spr\u00e1v o Chorv\u00e1tsku v zahrani\u010dn\u00fdch m\u00e9di\u00e1ch a touto cestou sa chce po\u010fakova\u0165 zahrani\u010dn\u00fdm novin\u00e1rom, za pr\u00ednos pri propag\u00e1cii chorv\u00e1tskeho cestovn\u00e9ho ruchu vo svete. V predch\u00e1dzaj\u00facich rokoch boli hostite\u013emi ude\u013eovania cien: Z\u00e1hreb, Split, Rovinj, Opatija, Dubrovn\u00edk, \u010cakovec, Osijek, Oto\u010dac, Zadar, \u0160ibenik, Split, Opatija, Mali Lo\u0161inj, Osijek a Zadar.<\/p>\n<p>&nbsp;<\/p>\n<p>Okrem Chorv\u00e1tskeho turistick\u00e9ho zdru\u017eenia ako hlavn\u00e9ho organiz\u00e1tora podujatia s\u00fa tohtoro\u010dn\u00fdmi partnermi a\u00a0hostite\u013emi: turistick\u00e9 zdru\u017eenie Istrijskej \u017eupy, turistick\u00e9 zdru\u017eenie mesta Pula a \u010fal\u0161ie turistick\u00e9 zdru\u017eenia zoskupenia ju\u017enej Istri\u00ed.<\/p>\n<p>&nbsp;<\/p>\n<p>&nbsp;<\/p>\n<ul>\n<li><strong>Korona inform\u00e1cie<\/strong>: <a href=\"https:\/\/www.croatia.hr\/en-GB\/coronavirus-2019-ncov-q-and-a\">https:\/\/www.croatia.hr\/en-GB\/coronavirus-2019-ncov-q-and-a<\/a><\/li>\n<li><strong>Testovacie miesta v Chorv\u00e1tksu<\/strong>: <a href=\"https:\/\/htz1.croatia.hr\/sites\/default\/files\/2021-05\/Za%20web_testni%20centri_novo.pdf\">https:\/\/htz1.croatia.hr\/sites\/default\/files\/2021-05\/Za%20web_testni%20centri_novo.pdf<\/a><\/li>\n<li><strong>Podmienky pre cestovanie ob\u010dania EU<\/strong>: <a href=\"https:\/\/mup.gov.hr\/uzg-covid\/english\/286212\">https:\/\/mup.gov.hr\/uzg-covid\/english\/286212<\/a><\/li>\n<li><strong>Zoznam v\u00a0EU uzn\u00e1van\u00fdch antig\u00e9nnych testov: <\/strong><a href=\"https:\/\/ec.europa.eu\/health\/sites\/default\/files\/preparedness_response\/docs\/covid-19_rat_common-list_en.pdf\">https:\/\/ec.europa.eu\/health\/sites\/default\/files\/preparedness_response\/docs\/covid-19_rat_common-list_en.pdf<\/a><\/li>\n<\/ul>\n<p><strong>\u00a0<\/strong><\/p>\n<p><strong>\u00a0<\/strong><\/p>\n","protected":false},"excerpt":{"rendered":"<p>Chorv\u00e1tska turistick\u00e1 centr\u00e1la zorganizovala v spolupr\u00e1ci so \u017deleznicami SR (ZSSK) a Rak\u00faskymi dr\u00e1hami (\u00d6BB) po\u010das letnej sez\u00f3ny 2021 prem\u00e1vku nov\u00fdch turistick\u00fdch vlakov zo Slovenska do Chorv\u00e1tska. Turistick\u00e9 vlaky bud\u00fa prem\u00e1va\u0165 od 18. j\u00fana do 11. septembra na trase Bratislava &#8211; Viede\u0148 &#8211; Split a sp\u00e4\u0165 &#8211; vlaky bud\u00fa odch\u00e1dza\u0165 z Bratislavy v utorok a\u00a0piatok, zo [&hellip;]<\/p>\n","protected":false},"author":7,"featured_media":88330,"comment_status":"closed","ping_status":"closed","sticky":false,"template":"","format":"standard","meta":{"footnotes":""},"categories":[13,50],"tags":[],"class_list":["post-88329","post","type-post","status-publish","format-standard","has-post-thumbnail","hentry","category-real-estate","category-radim-vam","eq-blocks"],"_links":{"self":[{"href":"https:\/\/www.slovaklinesmagazin.sk\/cms\/wp-json\/wp\/v2\/posts\/88329","targetHints":{"allow":["GET"]}}],"collection":[{"href":"https:\/\/www.slovaklinesmagazin.sk\/cms\/wp-json\/wp\/v2\/posts"}],"about":[{"href":"https:\/\/www.slovaklinesmagazin.sk\/cms\/wp-json\/wp\/v2\/types\/post"}],"author":[{"embeddable":true,"href":"https:\/\/www.slovaklinesmagazin.sk\/cms\/wp-json\/wp\/v2\/users\/7"}],"replies":[{"embeddable":true,"href":"https:\/\/www.slovaklinesmagazin.sk\/cms\/wp-json\/wp\/v2\/comments?post=88329"}],"version-history":[{"count":1,"href":"https:\/\/www.slovaklinesmagazin.sk\/cms\/wp-json\/wp\/v2\/posts\/88329\/revisions"}],"predecessor-version":[{"id":88331,"href":"https:\/\/www.slovaklinesmagazin.sk\/cms\/wp-json\/wp\/v2\/posts\/88329\/revisions\/88331"}],"wp:featuredmedia":[{"embeddable":true,"href":"https:\/\/www.slovaklinesmagazin.sk\/cms\/wp-json\/wp\/v2\/media\/88330"}],"wp:attachment":[{"href":"https:\/\/www.slovaklinesmagazin.sk\/cms\/wp-json\/wp\/v2\/media?parent=88329"}],"wp:term":[{"taxonomy":"category","embeddable":true,"href":"https:\/\/www.slovaklinesmagazin.sk\/cms\/wp-json\/wp\/v2\/categories?post=88329"},{"taxonomy":"post_tag","embeddable":true,"href":"https:\/\/www.slovaklinesmagazin.sk\/cms\/wp-json\/wp\/v2\/tags?post=88329"}],"curies":[{"name":"wp","href":"https:\/\/api.w.org\/{rel}","templated":true}]}}