{"id":88788,"date":"2021-08-16T09:23:08","date_gmt":"2021-08-16T07:23:08","guid":{"rendered":"https:\/\/slovaklinesmagazin.sk\/cms\/?p=88788"},"modified":"2021-08-16T09:39:16","modified_gmt":"2021-08-16T07:39:16","slug":"legenda-o-upirovi-prdimuchovi-ozila-opat-pocas-upirskej-svetlej-noci-2021","status":"publish","type":"post","link":"https:\/\/www.slovaklinesmagazin.sk\/cms\/2021\/08\/legenda-o-upirovi-prdimuchovi-ozila-opat-pocas-upirskej-svetlej-noci-2021\/","title":{"rendered":"Legenda o up\u00edrovi Prdimuchovi o\u017eila op\u00e4\u0165 po\u010das Up\u00edrskej svetlej noci 2021"},"content":{"rendered":"<p>Oblastn\u00e1 organiz\u00e1cia cestovn\u00e9ho ruchu REGI\u00d3N HOREHRONIE aj tento rok, v spolupr\u00e1ci s n\u00edzkotatranskou dedinou, Hornou Lehotou, o\u017eivili legendu o jedinom slovenskom up\u00edrovi Prdimuchovi a\u00a0odprezentovali zauj\u00edmavosti obce sp\u00e4t\u00e9 s keltskou hist\u00f3riou.<\/p>\n<p>Podujatie, opraden\u00e9 poves\u0165ami, tajomstvami a\u00a0bohatou hist\u00f3riou, od\u0161tartoval o\u00a013:00 hodine starosta obce, p\u00e1n Vladim\u00edr Bu\u0161niak, ako inak ne\u017e u\u017e tradi\u010dn\u00fdm v\u00fdstupom na niekdaj\u0161ie keltsk\u00e9 s\u00eddlo a\u00a0v\u00a0s\u00fa\u010dasnosti N\u00e1rodn\u00fa kult\u00farnu pamiatku &#8211; \u00a0hradisko Hr\u00e1dok, na ktor\u00e9 vedie 3,5 kilometra dlh\u00fd n\u00e1u\u010dn\u00fd chodn\u00edk.<\/p>\n<p style=\"text-align: center;\"><img loading=\"lazy\" decoding=\"async\" class=\"alignnone size-full wp-image-88790\" src=\"https:\/\/slovaklinesmagazin.sk\/cms\/wp-content\/uploads\/2021\/08\/2021_08_13_Upirska_noc_1.jpg\" alt=\"\" width=\"1500\" height=\"1001\" srcset=\"https:\/\/www.slovaklinesmagazin.sk\/cms\/wp-content\/uploads\/2021\/08\/2021_08_13_Upirska_noc_1.jpg 1500w, https:\/\/www.slovaklinesmagazin.sk\/cms\/wp-content\/uploads\/2021\/08\/2021_08_13_Upirska_noc_1-300x200.jpg 300w, https:\/\/www.slovaklinesmagazin.sk\/cms\/wp-content\/uploads\/2021\/08\/2021_08_13_Upirska_noc_1-1024x683.jpg 1024w, https:\/\/www.slovaklinesmagazin.sk\/cms\/wp-content\/uploads\/2021\/08\/2021_08_13_Upirska_noc_1-768x513.jpg 768w, https:\/\/www.slovaklinesmagazin.sk\/cms\/wp-content\/uploads\/2021\/08\/2021_08_13_Upirska_noc_1-600x400.jpg 600w\" sizes=\"auto, (max-width: 1500px) 100vw, 1500px\" \/><\/p>\n<p>Po 17:00 hodine mohli v\u0161etci z\u00fa\u010dastnen\u00ed spozna\u0165, v\u00a0pam\u00e4tnej izbe ,,Kelti na Horehron\u00ed\u201c, nie len predmety a\u00a0n\u00e1stroje objaven\u00e9 archeologick\u00fdm v\u00fdskumom, \u010di\u00a03D model spom\u00ednan\u00e9ho s\u00eddla Keltov, ale tie\u017e d\u00e1ta, ktor\u00e9 mapuj\u00fa jednotliv\u00e9 historick\u00e9 obdobia os\u00edd\u013eovania n\u00e1\u0161ho stredn\u00e9ho a\u00a0horn\u00e9ho Pohronia.<\/p>\n<p>Druhou izbou, ktor\u00e1 l\u00e1kala v\u0161etk\u00fdch n\u00e1v\u0161tevn\u00edkov, bola ,,Izba up\u00edra Prdimuchu\u201c pln\u00e1 stra\u0161ideln\u00fdch n\u00e1strah a\u00a0\u00faloh sp\u00e1jan\u00e1 s\u00a0miestnou poves\u0165ou.\u00a0<em>,,V\u0161etci neboj\u00e1cni sa vrhli s\u00a0nad\u0161en\u00edm do ich rie\u0161en\u00ed s\u00a0cie\u013eom pom\u00f4c\u0165 Fonfe oslobodi\u0165 jej milovan\u00e9ho J\u00e1na Lehetsk\u00e9ho od zl\u00e9ho ducha up\u00edra Prdimuchu<\/em><em>\u00a0a<\/em><em>\u00a0unikn\u00fa<\/em><em>\u0165<\/em><em>\u00a0z izby sk\u00f4r ako napadne aj ich samotn\u00fdch.\u201c<\/em>, dodala v\u00fdkonn\u00e1 riadite\u013eka OOCR REGI\u00d3N HOREHRONIE, Ing. Petra Ridzo\u0148ov\u00e1 Hl\u00e1snikov\u00e1.<\/p>\n<p><em>,,N\u00e1v\u0161tevn\u00edci ka\u017edej vekovej kateg\u00f3rie sa te\u0161ili z\u00a0pestr\u00e9ho popolud\u0148aj\u0161ieho programu, kde za\u017eili tematick\u00e9 ma\u013eovanie na tv\u00e1r, remeseln\u00e9 dielne a\u00a0st\u00e1nky, \u010di hudobn\u00e9 i\u00a0divadeln\u00e9 vyst\u00fapenie.\u201c<\/em>, uviedla Mgr. Krist\u00edna \u0160ajgal\u00edkov\u00e1, destina\u010dn\u00e1 mana\u017e\u00e9rka OOCR REGI\u00d3N HOREHRONIE.<\/p>\n<p style=\"text-align: center;\"><img loading=\"lazy\" decoding=\"async\" class=\"alignnone size-full wp-image-88791\" src=\"https:\/\/slovaklinesmagazin.sk\/cms\/wp-content\/uploads\/2021\/08\/2021_08_13_Upirska_noc_4.jpg\" alt=\"\" width=\"1500\" height=\"1001\" srcset=\"https:\/\/www.slovaklinesmagazin.sk\/cms\/wp-content\/uploads\/2021\/08\/2021_08_13_Upirska_noc_4.jpg 1500w, https:\/\/www.slovaklinesmagazin.sk\/cms\/wp-content\/uploads\/2021\/08\/2021_08_13_Upirska_noc_4-300x200.jpg 300w, https:\/\/www.slovaklinesmagazin.sk\/cms\/wp-content\/uploads\/2021\/08\/2021_08_13_Upirska_noc_4-1024x683.jpg 1024w, https:\/\/www.slovaklinesmagazin.sk\/cms\/wp-content\/uploads\/2021\/08\/2021_08_13_Upirska_noc_4-768x513.jpg 768w, https:\/\/www.slovaklinesmagazin.sk\/cms\/wp-content\/uploads\/2021\/08\/2021_08_13_Upirska_noc_4-600x400.jpg 600w\" sizes=\"auto, (max-width: 1500px) 100vw, 1500px\" \/><\/p>\n<p>Up\u00edrska svetl\u00e1 noc vyvrcholila vo ve\u010dern\u00fdch hodin\u00e1ch stra\u0161ideln\u00fdm pochodom up\u00edrskym Prdimuchov\u00fdm chodn\u00edkom, kde jednotliv\u00e9 pr\u00edbehy o\u00a0up\u00edrovi rozpovedali samotn\u00e9 historick\u00e9 postavy ako kat \u010di\u00a0\u0161a\u0161o, v podan\u00ed hercov z\u00a0umeleckej agent\u00fary Divadeln\u00fd svet.<\/p>\n<p><em>,,Ka\u017ed\u00fdm rokom sa sna\u017e\u00edme pr\u00eds\u0165 s\u00a0novou atrakciou, ktor\u00e1 by pril\u00e1kala viac n\u00e1v\u0161tevn\u00edkov. Tento rok nebol v\u00fdnimkou. Do zauj\u00edmavost\u00ed obce pribudlo nov\u00e9 m\u00fazeum v\u00a0pr\u00edrode, ktor\u00e9 v\u00a0podobe osaden\u00fdch dreven\u00fdch st\u013apov s keltsk\u00fdmi artefaktmi, pohrebnej hranice a\u00a0popolnicov\u00e9ho hrobu pribli\u017euje \u017eivot Keltov.\u201c,<\/em>\u00a0dop\u013a\u0148a Ing. Petra Ridzo\u0148ov\u00e1 Hl\u00e1snikov\u00e1, v\u00fdkonn\u00e1 riadite\u013eka OOCR REGI\u00d3N HOREHRONIE.<\/p>\n<p><em>,,Som nesmierne r\u00e1d, \u017ee v\u00a0spolupr\u00e1ci s\u00a0Oblastnou organiz\u00e1ciou REGI\u00d3N HOREHRONIE a\u00a0aj v\u010faka finan\u010dnej podpore Banskobystrick\u00e9ho samospr\u00e1vneho kraja, sa n\u00e1m podarilo odprezentova\u0165 zauj\u00edmavosti obce sp\u00e4t\u00e9 s\u00a0legendou up\u00edra Prdimuchu i\u00a0keltskou hist\u00f3riou, a\u00a0prepoji\u0165 ich s\u00a0hlavn\u00fdm dejiskom cestovn\u00e9ho ruchu na Horehron\u00ed \u2013 rekrea\u010dnou oblas\u0165ou T\u00e1le a\u00a0Krp\u00e1\u010dovo<\/em><\/p>\n<div id='gallery-1' class='gallery galleryid-88788 gallery-columns-3 gallery-size-medium'><figure class='gallery-item'>\n\t\t\t<div class='gallery-icon landscape'>\n\t\t\t\t<a href='https:\/\/www.slovaklinesmagazin.sk\/cms\/2021\/08\/legenda-o-upirovi-prdimuchovi-ozila-opat-pocas-upirskej-svetlej-noci-2021\/2021_08_13_upirska_noc_1-2\/'><img loading=\"lazy\" decoding=\"async\" width=\"300\" height=\"200\" src=\"https:\/\/www.slovaklinesmagazin.sk\/cms\/wp-content\/uploads\/2021\/08\/2021_08_13_Upirska_noc_1-1-300x200.jpg\" class=\"attachment-medium size-medium\" alt=\"\" srcset=\"https:\/\/www.slovaklinesmagazin.sk\/cms\/wp-content\/uploads\/2021\/08\/2021_08_13_Upirska_noc_1-1-300x200.jpg 300w, https:\/\/www.slovaklinesmagazin.sk\/cms\/wp-content\/uploads\/2021\/08\/2021_08_13_Upirska_noc_1-1-1024x683.jpg 1024w, https:\/\/www.slovaklinesmagazin.sk\/cms\/wp-content\/uploads\/2021\/08\/2021_08_13_Upirska_noc_1-1-768x513.jpg 768w, https:\/\/www.slovaklinesmagazin.sk\/cms\/wp-content\/uploads\/2021\/08\/2021_08_13_Upirska_noc_1-1-600x400.jpg 600w, https:\/\/www.slovaklinesmagazin.sk\/cms\/wp-content\/uploads\/2021\/08\/2021_08_13_Upirska_noc_1-1.jpg 1500w\" sizes=\"auto, (max-width: 300px) 100vw, 300px\" \/><\/a>\n\t\t\t<\/div><\/figure><figure class='gallery-item'>\n\t\t\t<div class='gallery-icon landscape'>\n\t\t\t\t<a href='https:\/\/www.slovaklinesmagazin.sk\/cms\/2021\/08\/legenda-o-upirovi-prdimuchovi-ozila-opat-pocas-upirskej-svetlej-noci-2021\/2021_08_13_upirska_noc_2\/'><img loading=\"lazy\" decoding=\"async\" width=\"300\" height=\"200\" src=\"https:\/\/www.slovaklinesmagazin.sk\/cms\/wp-content\/uploads\/2021\/08\/2021_08_13_Upirska_noc_2-300x200.jpg\" class=\"attachment-medium size-medium\" alt=\"\" srcset=\"https:\/\/www.slovaklinesmagazin.sk\/cms\/wp-content\/uploads\/2021\/08\/2021_08_13_Upirska_noc_2-300x200.jpg 300w, https:\/\/www.slovaklinesmagazin.sk\/cms\/wp-content\/uploads\/2021\/08\/2021_08_13_Upirska_noc_2-1024x683.jpg 1024w, https:\/\/www.slovaklinesmagazin.sk\/cms\/wp-content\/uploads\/2021\/08\/2021_08_13_Upirska_noc_2-768x513.jpg 768w, https:\/\/www.slovaklinesmagazin.sk\/cms\/wp-content\/uploads\/2021\/08\/2021_08_13_Upirska_noc_2-600x400.jpg 600w, https:\/\/www.slovaklinesmagazin.sk\/cms\/wp-content\/uploads\/2021\/08\/2021_08_13_Upirska_noc_2.jpg 1500w\" sizes=\"auto, (max-width: 300px) 100vw, 300px\" \/><\/a>\n\t\t\t<\/div><\/figure><figure class='gallery-item'>\n\t\t\t<div class='gallery-icon landscape'>\n\t\t\t\t<a href='https:\/\/www.slovaklinesmagazin.sk\/cms\/2021\/08\/legenda-o-upirovi-prdimuchovi-ozila-opat-pocas-upirskej-svetlej-noci-2021\/2021_08_13_upirska_noc_3\/'><img loading=\"lazy\" decoding=\"async\" width=\"300\" height=\"200\" src=\"https:\/\/www.slovaklinesmagazin.sk\/cms\/wp-content\/uploads\/2021\/08\/2021_08_13_Upirska_noc_3-300x200.jpg\" class=\"attachment-medium size-medium\" alt=\"\" srcset=\"https:\/\/www.slovaklinesmagazin.sk\/cms\/wp-content\/uploads\/2021\/08\/2021_08_13_Upirska_noc_3-300x200.jpg 300w, https:\/\/www.slovaklinesmagazin.sk\/cms\/wp-content\/uploads\/2021\/08\/2021_08_13_Upirska_noc_3-1024x683.jpg 1024w, https:\/\/www.slovaklinesmagazin.sk\/cms\/wp-content\/uploads\/2021\/08\/2021_08_13_Upirska_noc_3-768x513.jpg 768w, https:\/\/www.slovaklinesmagazin.sk\/cms\/wp-content\/uploads\/2021\/08\/2021_08_13_Upirska_noc_3-600x400.jpg 600w, https:\/\/www.slovaklinesmagazin.sk\/cms\/wp-content\/uploads\/2021\/08\/2021_08_13_Upirska_noc_3.jpg 1500w\" sizes=\"auto, (max-width: 300px) 100vw, 300px\" \/><\/a>\n\t\t\t<\/div><\/figure><figure class='gallery-item'>\n\t\t\t<div class='gallery-icon landscape'>\n\t\t\t\t<a href='https:\/\/www.slovaklinesmagazin.sk\/cms\/2021\/08\/legenda-o-upirovi-prdimuchovi-ozila-opat-pocas-upirskej-svetlej-noci-2021\/2021_08_13_upirska_noc_4-2\/'><img loading=\"lazy\" decoding=\"async\" width=\"300\" height=\"200\" src=\"https:\/\/www.slovaklinesmagazin.sk\/cms\/wp-content\/uploads\/2021\/08\/2021_08_13_Upirska_noc_4-1-300x200.jpg\" class=\"attachment-medium size-medium\" alt=\"\" srcset=\"https:\/\/www.slovaklinesmagazin.sk\/cms\/wp-content\/uploads\/2021\/08\/2021_08_13_Upirska_noc_4-1-300x200.jpg 300w, https:\/\/www.slovaklinesmagazin.sk\/cms\/wp-content\/uploads\/2021\/08\/2021_08_13_Upirska_noc_4-1-1024x683.jpg 1024w, https:\/\/www.slovaklinesmagazin.sk\/cms\/wp-content\/uploads\/2021\/08\/2021_08_13_Upirska_noc_4-1-768x513.jpg 768w, https:\/\/www.slovaklinesmagazin.sk\/cms\/wp-content\/uploads\/2021\/08\/2021_08_13_Upirska_noc_4-1-600x400.jpg 600w, https:\/\/www.slovaklinesmagazin.sk\/cms\/wp-content\/uploads\/2021\/08\/2021_08_13_Upirska_noc_4-1.jpg 1500w\" sizes=\"auto, (max-width: 300px) 100vw, 300px\" \/><\/a>\n\t\t\t<\/div><\/figure><figure class='gallery-item'>\n\t\t\t<div class='gallery-icon landscape'>\n\t\t\t\t<a href='https:\/\/www.slovaklinesmagazin.sk\/cms\/2021\/08\/legenda-o-upirovi-prdimuchovi-ozila-opat-pocas-upirskej-svetlej-noci-2021\/2021_08_13_upirska_noc_5\/'><img loading=\"lazy\" decoding=\"async\" width=\"300\" height=\"200\" src=\"https:\/\/www.slovaklinesmagazin.sk\/cms\/wp-content\/uploads\/2021\/08\/2021_08_13_Upirska_noc_5-300x200.jpg\" class=\"attachment-medium size-medium\" alt=\"\" srcset=\"https:\/\/www.slovaklinesmagazin.sk\/cms\/wp-content\/uploads\/2021\/08\/2021_08_13_Upirska_noc_5-300x200.jpg 300w, https:\/\/www.slovaklinesmagazin.sk\/cms\/wp-content\/uploads\/2021\/08\/2021_08_13_Upirska_noc_5-1024x683.jpg 1024w, https:\/\/www.slovaklinesmagazin.sk\/cms\/wp-content\/uploads\/2021\/08\/2021_08_13_Upirska_noc_5-768x513.jpg 768w, https:\/\/www.slovaklinesmagazin.sk\/cms\/wp-content\/uploads\/2021\/08\/2021_08_13_Upirska_noc_5-600x400.jpg 600w, https:\/\/www.slovaklinesmagazin.sk\/cms\/wp-content\/uploads\/2021\/08\/2021_08_13_Upirska_noc_5.jpg 1500w\" sizes=\"auto, (max-width: 300px) 100vw, 300px\" \/><\/a>\n\t\t\t<\/div><\/figure><figure class='gallery-item'>\n\t\t\t<div class='gallery-icon landscape'>\n\t\t\t\t<a href='https:\/\/www.slovaklinesmagazin.sk\/cms\/2021\/08\/legenda-o-upirovi-prdimuchovi-ozila-opat-pocas-upirskej-svetlej-noci-2021\/2021_08_13_upirska_noc_6-2\/'><img loading=\"lazy\" decoding=\"async\" width=\"300\" height=\"200\" src=\"https:\/\/www.slovaklinesmagazin.sk\/cms\/wp-content\/uploads\/2021\/08\/2021_08_13_Upirska_noc_6-1-300x200.jpg\" class=\"attachment-medium size-medium\" alt=\"\" srcset=\"https:\/\/www.slovaklinesmagazin.sk\/cms\/wp-content\/uploads\/2021\/08\/2021_08_13_Upirska_noc_6-1-300x200.jpg 300w, https:\/\/www.slovaklinesmagazin.sk\/cms\/wp-content\/uploads\/2021\/08\/2021_08_13_Upirska_noc_6-1-1024x683.jpg 1024w, https:\/\/www.slovaklinesmagazin.sk\/cms\/wp-content\/uploads\/2021\/08\/2021_08_13_Upirska_noc_6-1-768x513.jpg 768w, https:\/\/www.slovaklinesmagazin.sk\/cms\/wp-content\/uploads\/2021\/08\/2021_08_13_Upirska_noc_6-1-600x400.jpg 600w, https:\/\/www.slovaklinesmagazin.sk\/cms\/wp-content\/uploads\/2021\/08\/2021_08_13_Upirska_noc_6-1.jpg 1500w\" sizes=\"auto, (max-width: 300px) 100vw, 300px\" \/><\/a>\n\t\t\t<\/div><\/figure><figure class='gallery-item'>\n\t\t\t<div class='gallery-icon landscape'>\n\t\t\t\t<a href='https:\/\/www.slovaklinesmagazin.sk\/cms\/2021\/08\/legenda-o-upirovi-prdimuchovi-ozila-opat-pocas-upirskej-svetlej-noci-2021\/2021_08_13_upirska_noc_7\/'><img loading=\"lazy\" decoding=\"async\" width=\"300\" height=\"200\" src=\"https:\/\/www.slovaklinesmagazin.sk\/cms\/wp-content\/uploads\/2021\/08\/2021_08_13_Upirska_noc_7-300x200.jpg\" class=\"attachment-medium size-medium\" alt=\"\" srcset=\"https:\/\/www.slovaklinesmagazin.sk\/cms\/wp-content\/uploads\/2021\/08\/2021_08_13_Upirska_noc_7-300x200.jpg 300w, https:\/\/www.slovaklinesmagazin.sk\/cms\/wp-content\/uploads\/2021\/08\/2021_08_13_Upirska_noc_7-1024x683.jpg 1024w, https:\/\/www.slovaklinesmagazin.sk\/cms\/wp-content\/uploads\/2021\/08\/2021_08_13_Upirska_noc_7-768x513.jpg 768w, https:\/\/www.slovaklinesmagazin.sk\/cms\/wp-content\/uploads\/2021\/08\/2021_08_13_Upirska_noc_7-600x400.jpg 600w, https:\/\/www.slovaklinesmagazin.sk\/cms\/wp-content\/uploads\/2021\/08\/2021_08_13_Upirska_noc_7.jpg 1500w\" sizes=\"auto, (max-width: 300px) 100vw, 300px\" \/><\/a>\n\t\t\t<\/div><\/figure><figure class='gallery-item'>\n\t\t\t<div class='gallery-icon landscape'>\n\t\t\t\t<a href='https:\/\/www.slovaklinesmagazin.sk\/cms\/2021\/08\/legenda-o-upirovi-prdimuchovi-ozila-opat-pocas-upirskej-svetlej-noci-2021\/2021_08_13_upirska_noc_8\/'><img loading=\"lazy\" decoding=\"async\" width=\"300\" height=\"200\" src=\"https:\/\/www.slovaklinesmagazin.sk\/cms\/wp-content\/uploads\/2021\/08\/2021_08_13_Upirska_noc_8-300x200.jpg\" class=\"attachment-medium size-medium\" alt=\"\" srcset=\"https:\/\/www.slovaklinesmagazin.sk\/cms\/wp-content\/uploads\/2021\/08\/2021_08_13_Upirska_noc_8-300x200.jpg 300w, https:\/\/www.slovaklinesmagazin.sk\/cms\/wp-content\/uploads\/2021\/08\/2021_08_13_Upirska_noc_8-1024x683.jpg 1024w, https:\/\/www.slovaklinesmagazin.sk\/cms\/wp-content\/uploads\/2021\/08\/2021_08_13_Upirska_noc_8-768x513.jpg 768w, https:\/\/www.slovaklinesmagazin.sk\/cms\/wp-content\/uploads\/2021\/08\/2021_08_13_Upirska_noc_8-600x400.jpg 600w, https:\/\/www.slovaklinesmagazin.sk\/cms\/wp-content\/uploads\/2021\/08\/2021_08_13_Upirska_noc_8.jpg 1500w\" sizes=\"auto, (max-width: 300px) 100vw, 300px\" \/><\/a>\n\t\t\t<\/div><\/figure>\n\t\t<\/div>\n\n","protected":false},"excerpt":{"rendered":"<p>Oblastn\u00e1 organiz\u00e1cia cestovn\u00e9ho ruchu REGI\u00d3N HOREHRONIE aj tento rok, v spolupr\u00e1ci s n\u00edzkotatranskou dedinou, Hornou Lehotou, o\u017eivili legendu o jedinom slovenskom up\u00edrovi Prdimuchovi a\u00a0odprezentovali zauj\u00edmavosti obce sp\u00e4t\u00e9 s keltskou hist\u00f3riou. Podujatie, opraden\u00e9 poves\u0165ami, tajomstvami a\u00a0bohatou hist\u00f3riou, od\u0161tartoval o\u00a013:00 hodine starosta obce, p\u00e1n Vladim\u00edr Bu\u0161niak, ako inak ne\u017e u\u017e tradi\u010dn\u00fdm v\u00fdstupom na niekdaj\u0161ie keltsk\u00e9 s\u00eddlo a\u00a0v\u00a0s\u00fa\u010dasnosti [&hellip;]<\/p>\n","protected":false},"author":7,"featured_media":88789,"comment_status":"closed","ping_status":"closed","sticky":false,"template":"","format":"standard","meta":{"footnotes":""},"categories":[13,11],"tags":[390,664,1081],"class_list":["post-88788","post","type-post","status-publish","format-standard","has-post-thumbnail","hentry","category-real-estate","category-news","tag-legenda","tag-prdimucha","tag-upiri","eq-blocks"],"_links":{"self":[{"href":"https:\/\/www.slovaklinesmagazin.sk\/cms\/wp-json\/wp\/v2\/posts\/88788","targetHints":{"allow":["GET"]}}],"collection":[{"href":"https:\/\/www.slovaklinesmagazin.sk\/cms\/wp-json\/wp\/v2\/posts"}],"about":[{"href":"https:\/\/www.slovaklinesmagazin.sk\/cms\/wp-json\/wp\/v2\/types\/post"}],"author":[{"embeddable":true,"href":"https:\/\/www.slovaklinesmagazin.sk\/cms\/wp-json\/wp\/v2\/users\/7"}],"replies":[{"embeddable":true,"href":"https:\/\/www.slovaklinesmagazin.sk\/cms\/wp-json\/wp\/v2\/comments?post=88788"}],"version-history":[{"count":1,"href":"https:\/\/www.slovaklinesmagazin.sk\/cms\/wp-json\/wp\/v2\/posts\/88788\/revisions"}],"predecessor-version":[{"id":88800,"href":"https:\/\/www.slovaklinesmagazin.sk\/cms\/wp-json\/wp\/v2\/posts\/88788\/revisions\/88800"}],"wp:featuredmedia":[{"embeddable":true,"href":"https:\/\/www.slovaklinesmagazin.sk\/cms\/wp-json\/wp\/v2\/media\/88789"}],"wp:attachment":[{"href":"https:\/\/www.slovaklinesmagazin.sk\/cms\/wp-json\/wp\/v2\/media?parent=88788"}],"wp:term":[{"taxonomy":"category","embeddable":true,"href":"https:\/\/www.slovaklinesmagazin.sk\/cms\/wp-json\/wp\/v2\/categories?post=88788"},{"taxonomy":"post_tag","embeddable":true,"href":"https:\/\/www.slovaklinesmagazin.sk\/cms\/wp-json\/wp\/v2\/tags?post=88788"}],"curies":[{"name":"wp","href":"https:\/\/api.w.org\/{rel}","templated":true}]}}