{"id":88825,"date":"2021-08-26T12:13:22","date_gmt":"2021-08-26T10:13:22","guid":{"rendered":"https:\/\/slovaklinesmagazin.sk\/cms\/?p=88825"},"modified":"2021-08-26T12:17:06","modified_gmt":"2021-08-26T10:17:06","slug":"tipy-na-letne-vikendy","status":"publish","type":"post","link":"https:\/\/www.slovaklinesmagazin.sk\/cms\/2021\/08\/tipy-na-letne-vikendy\/","title":{"rendered":"TIPY NA LETN\u00c9 V\u00cdKENDY"},"content":{"rendered":"<p><strong>POSLEDN\u00dd AUGUSTOV\u00dd V\u00cdKEND BUDE V TRNAVE PATRI\u0164 HUDOBN\u00ddM KONCERTOM A DIVADELN\u00ddM PREDSTAVENIAM PRE DETI<\/strong><\/p>\n<p><strong>Trnavu u\u017e v piatok 27. augusta rozozvu\u010dia t\u00f3ny rezofonickej gitary na medzin\u00e1rodnom festivale Mal\u00fd Dobrofest 2021. V sobotu nebude ch\u00fdba\u0165 filmov\u00fd ve\u010der s Kinom pod hviezdami a v nede\u013eu fin\u00e1lny koncert Trnavsk\u00fdch organov\u00fdch dn\u00ed \u010di rozl\u00fa\u010dka s letom s Kandr\u00e1\u010dovcami v Jaslovsk\u00fdch Bohuniciach. Vrcholi\u0165 bud\u00fa aj predstavenia v r\u00e1mci podujatia Leto na Korze, kde bude na programe divadlo pre deti.\u00a0<\/strong><\/p>\n<p style=\"text-align: center;\"><img loading=\"lazy\" decoding=\"async\" class=\"alignnone size-full wp-image-88827\" src=\"https:\/\/slovaklinesmagazin.sk\/cms\/wp-content\/uploads\/2021\/08\/dobro_foto-Milan-Benkovic-2.jpg\" alt=\"\" width=\"720\" height=\"960\" srcset=\"https:\/\/www.slovaklinesmagazin.sk\/cms\/wp-content\/uploads\/2021\/08\/dobro_foto-Milan-Benkovic-2.jpg 720w, https:\/\/www.slovaklinesmagazin.sk\/cms\/wp-content\/uploads\/2021\/08\/dobro_foto-Milan-Benkovic-2-225x300.jpg 225w, https:\/\/www.slovaklinesmagazin.sk\/cms\/wp-content\/uploads\/2021\/08\/dobro_foto-Milan-Benkovic-2-600x800.jpg 600w\" sizes=\"auto, (max-width: 720px) 100vw, 720px\" \/><\/p>\n<p>Dobro, foto:\u00a0 Milan Benkovi\u010d<\/p>\n<p>K t\u00fdm najzauj\u00edmavej\u0161\u00edm hudobn\u00fdm podujatiam v Trnave nepochybne patr\u00ed festival Mal\u00fd Dobrofest 2021, ktor\u00e9ho v porad\u00ed u\u017e siedmy ro\u010dn\u00edk sa uskuto\u010dn\u00ed v piatok o 20:00 hod. na N\u00e1dvor\u00ed v Trnave. V\u010faka nemu Trnava ani v tomto roku nepr\u00edde o jedine\u010dn\u00fd zvuk rezofonickej gitary, ktor\u00e1 oslavuje svoje 95. narodeniny. Koncert bude venovan\u00fd pamiatke rod\u00e1ka z Dolnej Krupej pri Trnave &#8211; J\u00e1na alebo Johna Dopyeru, vyn\u00e1lezcu rezofonickej gitary, ktor\u00fd ju pomenoval pekn\u00fdm slovensk\u00fdm n\u00e1zvom \u2013 dobro.<\/p>\n<p><em>\u201eV sobotu 28. augusta sa uskuto\u010dn\u00ed aj \u010fal\u0161ie Trnav\u010danmi ob\u013e\u00faben\u00e9 podujatie &#8211; Kino pod hviezdami. V pr\u00edjemnom prostred\u00ed Parku Bela IV. si budete m\u00f4c\u0165 pozrie\u0165 film Raj na zemi od re\u017eis\u00e9ra Jaroslava Vojteka. Nasledova\u0165 bude tradi\u010dne aj diskusia s tvorcami filmu,&#8220;<\/em> hovor\u00ed Alexander Prostin\u00e1k, zastupuj\u00faci v\u00fdkonn\u00fd riadite\u013e OOCR Trnava Tourism.<\/p>\n<p>Nede\u013ea bude v Trnave a okol\u00ed patri\u0165 hudbe. V Bazilike sv. Mikul\u00e1\u0161a zaznie od 20:00 hod. z\u00e1vere\u010dn\u00fd koncert v r\u00e1mci podujatia Trnavsk\u00e9 organov\u00e9 dni. Predstav\u00ed sa Cirkevno-hudobn\u00fd spolok pri Bazilike sv. Mikul\u00e1\u0161a s organistom Paolom Bougeatom a dirigentom Danielem Ruzzierom z Talianska. V Jaslovsk\u00fdch Bohuniciach sa bude nede\u013en\u00fd ve\u010der nies\u0165 v znamen\u00ed rozl\u00fa\u010dky s letom. Svoje obecenstvo roztancuj\u00fa od 19:30 hod. Bystr\u00edk banda a po 20:30 hod. hudobn\u00e1 skupina Kandr\u00e1\u010dovci.<\/p>\n<p style=\"text-align: center;\"><img loading=\"lazy\" decoding=\"async\" class=\"alignnone size-full wp-image-88828\" src=\"https:\/\/slovaklinesmagazin.sk\/cms\/wp-content\/uploads\/2021\/08\/leto-na-korze-program-scaled.jpg\" alt=\"\" width=\"1810\" height=\"2560\" srcset=\"https:\/\/www.slovaklinesmagazin.sk\/cms\/wp-content\/uploads\/2021\/08\/leto-na-korze-program-scaled.jpg 1810w, https:\/\/www.slovaklinesmagazin.sk\/cms\/wp-content\/uploads\/2021\/08\/leto-na-korze-program-212x300.jpg 212w, https:\/\/www.slovaklinesmagazin.sk\/cms\/wp-content\/uploads\/2021\/08\/leto-na-korze-program-724x1024.jpg 724w, https:\/\/www.slovaklinesmagazin.sk\/cms\/wp-content\/uploads\/2021\/08\/leto-na-korze-program-768x1086.jpg 768w, https:\/\/www.slovaklinesmagazin.sk\/cms\/wp-content\/uploads\/2021\/08\/leto-na-korze-program-600x849.jpg 600w, https:\/\/www.slovaklinesmagazin.sk\/cms\/wp-content\/uploads\/2021\/08\/leto-na-korze-program-1086x1536.jpg 1086w, https:\/\/www.slovaklinesmagazin.sk\/cms\/wp-content\/uploads\/2021\/08\/leto-na-korze-program-1448x2048.jpg 1448w\" sizes=\"auto, (max-width: 1810px) 100vw, 1810px\" \/><\/p>\n<p>Posledn\u00fd augustov\u00fd v\u00edkend bude vrcholi\u0165 aj podujatie Leto na Korze, v r\u00e1mci ktor\u00e9ho organiz\u00e1tori pripravili predstavenia pre deti. V piatok 27. augusta to bude Divadlo Agap\u00e9 a divadeln\u00e1 hra s n\u00e1zvom Mal\u00e1 ly\u017ei\u010dka z Banskej \u0160tiavnice. V nede\u013eu sa predstavia Kysel\u00ed Krastafci so svojou \u0161ou pre deti s n\u00e1zvom Kaukliar h\u013ead\u00e1 \u017eenu. Obe predstavenia sa za\u010dn\u00fa o 18:00 hod. na n\u00e1dvor\u00ed radnice v Trnave.<\/p>\n<p><strong>\u00a0<\/strong><\/p>\n<p><strong>Zdroj foto: <\/strong>Trnava Tourism, Ru\u017eena \u0160\u00edpkov\u00e1, Milan Benkovi\u010d, Mat\u00fa\u0161 Koprda<\/p>\n<p>&nbsp;<\/p>\n<p>Foto na titulke: Dobrofest 2020,\u00a0 Foto: Ru\u017eena \u0160\u00edpkov\u00e1<\/p>\n<p style=\"text-align: center;\"><img loading=\"lazy\" decoding=\"async\" class=\"alignnone size-full wp-image-88829\" src=\"https:\/\/slovaklinesmagazin.sk\/cms\/wp-content\/uploads\/2021\/08\/leto-na-korze.png\" alt=\"\" width=\"3507\" height=\"4960\" srcset=\"https:\/\/www.slovaklinesmagazin.sk\/cms\/wp-content\/uploads\/2021\/08\/leto-na-korze.png 3507w, https:\/\/www.slovaklinesmagazin.sk\/cms\/wp-content\/uploads\/2021\/08\/leto-na-korze-212x300.png 212w, https:\/\/www.slovaklinesmagazin.sk\/cms\/wp-content\/uploads\/2021\/08\/leto-na-korze-724x1024.png 724w, https:\/\/www.slovaklinesmagazin.sk\/cms\/wp-content\/uploads\/2021\/08\/leto-na-korze-768x1086.png 768w, https:\/\/www.slovaklinesmagazin.sk\/cms\/wp-content\/uploads\/2021\/08\/leto-na-korze-600x849.png 600w, https:\/\/www.slovaklinesmagazin.sk\/cms\/wp-content\/uploads\/2021\/08\/leto-na-korze-1086x1536.png 1086w, https:\/\/www.slovaklinesmagazin.sk\/cms\/wp-content\/uploads\/2021\/08\/leto-na-korze-1448x2048.png 1448w\" sizes=\"auto, (max-width: 3507px) 100vw, 3507px\" \/><\/p>\n<p>&nbsp;<\/p>\n<p>Viac inform\u00e1ci\u00ed na str\u00e1nke <a href=\"http:\/\/www.regiontrnava.sk\">www.regiontrnava.sk<\/a>, emailom <a href=\"mailto:info@trnavatourism.sk\">info@trnavatourism.sk<\/a> alebo priamo v\u00a0Turistickom informa\u010dnom centre \u2013 Regi\u00f3n Trnava. Otv\u00e1racie hodiny TIC n\u00e1jdete na <a href=\"http:\/\/bit.ly\/TuristickeInformacneCentrum\">http:\/\/bit.ly\/TuristickeInformacneCentrum<\/a><\/p>\n<p>&nbsp;<\/p>\n<p>N\u00e1jdete n\u00e1s aj na Facebooku <a href=\"http:\/\/www.facebook.com\/RegionTrnava\">www.facebook.com\/RegionTrnava<\/a> a\u00a0na Instagrame <a href=\"http:\/\/www.instagram.com\/regiontrnava\">www.instagram.com\/regiontrnava<\/a>.<\/p>\n<p style=\"text-align: center;\"><img loading=\"lazy\" decoding=\"async\" class=\"alignnone size-full wp-image-88832\" src=\"https:\/\/slovaklinesmagazin.sk\/cms\/wp-content\/uploads\/2021\/08\/dobrofest.jpg\" alt=\"\" width=\"1134\" height=\"521\" srcset=\"https:\/\/www.slovaklinesmagazin.sk\/cms\/wp-content\/uploads\/2021\/08\/dobrofest.jpg 1134w, https:\/\/www.slovaklinesmagazin.sk\/cms\/wp-content\/uploads\/2021\/08\/dobrofest-300x138.jpg 300w, https:\/\/www.slovaklinesmagazin.sk\/cms\/wp-content\/uploads\/2021\/08\/dobrofest-1024x470.jpg 1024w, https:\/\/www.slovaklinesmagazin.sk\/cms\/wp-content\/uploads\/2021\/08\/dobrofest-768x353.jpg 768w, https:\/\/www.slovaklinesmagazin.sk\/cms\/wp-content\/uploads\/2021\/08\/dobrofest-600x276.jpg 600w\" sizes=\"auto, (max-width: 1134px) 100vw, 1134px\" \/><\/p>\n<p>Te\u0161\u00edme sa na v\u00e1s v\u00a0Regi\u00f3ne Trnava!<\/p>\n","protected":false},"excerpt":{"rendered":"<p>POSLEDN\u00dd AUGUSTOV\u00dd V\u00cdKEND BUDE V TRNAVE PATRI\u0164 HUDOBN\u00ddM KONCERTOM A DIVADELN\u00ddM PREDSTAVENIAM PRE DETI Trnavu u\u017e v piatok 27. augusta rozozvu\u010dia t\u00f3ny rezofonickej gitary na medzin\u00e1rodnom festivale Mal\u00fd Dobrofest 2021. V sobotu nebude ch\u00fdba\u0165 filmov\u00fd ve\u010der s Kinom pod hviezdami a v nede\u013eu fin\u00e1lny koncert Trnavsk\u00fdch organov\u00fdch dn\u00ed \u010di rozl\u00fa\u010dka s letom s Kandr\u00e1\u010dovcami v [&hellip;]<\/p>\n","protected":false},"author":7,"featured_media":88826,"comment_status":"closed","ping_status":"closed","sticky":false,"template":"","format":"standard","meta":{"footnotes":""},"categories":[52,53,50,48],"tags":[],"class_list":["post-88825","post","type-post","status-publish","format-standard","has-post-thumbnail","hentry","category-outdoor","category-ponuky","category-radim-vam","category-umenie-a-kultura","eq-blocks"],"_links":{"self":[{"href":"https:\/\/www.slovaklinesmagazin.sk\/cms\/wp-json\/wp\/v2\/posts\/88825","targetHints":{"allow":["GET"]}}],"collection":[{"href":"https:\/\/www.slovaklinesmagazin.sk\/cms\/wp-json\/wp\/v2\/posts"}],"about":[{"href":"https:\/\/www.slovaklinesmagazin.sk\/cms\/wp-json\/wp\/v2\/types\/post"}],"author":[{"embeddable":true,"href":"https:\/\/www.slovaklinesmagazin.sk\/cms\/wp-json\/wp\/v2\/users\/7"}],"replies":[{"embeddable":true,"href":"https:\/\/www.slovaklinesmagazin.sk\/cms\/wp-json\/wp\/v2\/comments?post=88825"}],"version-history":[{"count":3,"href":"https:\/\/www.slovaklinesmagazin.sk\/cms\/wp-json\/wp\/v2\/posts\/88825\/revisions"}],"predecessor-version":[{"id":88833,"href":"https:\/\/www.slovaklinesmagazin.sk\/cms\/wp-json\/wp\/v2\/posts\/88825\/revisions\/88833"}],"wp:featuredmedia":[{"embeddable":true,"href":"https:\/\/www.slovaklinesmagazin.sk\/cms\/wp-json\/wp\/v2\/media\/88826"}],"wp:attachment":[{"href":"https:\/\/www.slovaklinesmagazin.sk\/cms\/wp-json\/wp\/v2\/media?parent=88825"}],"wp:term":[{"taxonomy":"category","embeddable":true,"href":"https:\/\/www.slovaklinesmagazin.sk\/cms\/wp-json\/wp\/v2\/categories?post=88825"},{"taxonomy":"post_tag","embeddable":true,"href":"https:\/\/www.slovaklinesmagazin.sk\/cms\/wp-json\/wp\/v2\/tags?post=88825"}],"curies":[{"name":"wp","href":"https:\/\/api.w.org\/{rel}","templated":true}]}}