{"id":89199,"date":"2021-10-22T11:20:30","date_gmt":"2021-10-22T09:20:30","guid":{"rendered":"https:\/\/slovaklinesmagazin.sk\/cms\/?p=89199"},"modified":"2021-10-22T11:26:04","modified_gmt":"2021-10-22T09:26:04","slug":"89199","status":"publish","type":"post","link":"https:\/\/www.slovaklinesmagazin.sk\/cms\/2021\/10\/89199\/","title":{"rendered":"Komorn\u00e9 koncerty v Slovenskej filharm\u00f3nii"},"content":{"rendered":"<p><strong><u>Nede\u013en\u00e9 popoludnie v REDUTE<\/u><\/strong><\/p>\n<p><strong>V nede\u013eu 24. okt\u00f3bra poz\u00fdvame v\u0161etk\u00fdch priaznivcov Slovensk\u00e9ho komorn\u00e9ho orchestra \/um. ved\u00faci Ewald Danel\/ na \u00favodn\u00fd koncert cyklu SKO, ktor\u00fd sa uskuto\u010dn\u00ed v St\u013apovej sieni Slovenskej filharm\u00f3nie o\u00a016.00.<\/strong><\/p>\n<p><img loading=\"lazy\" decoding=\"async\" class=\"alignnone size-full wp-image-89200\" src=\"https:\/\/slovaklinesmagazin.sk\/cms\/wp-content\/uploads\/2021\/10\/SKO6-scaled.jpg\" alt=\"\" width=\"2560\" height=\"2030\" srcset=\"https:\/\/www.slovaklinesmagazin.sk\/cms\/wp-content\/uploads\/2021\/10\/SKO6-scaled.jpg 2560w, https:\/\/www.slovaklinesmagazin.sk\/cms\/wp-content\/uploads\/2021\/10\/SKO6-300x238.jpg 300w, https:\/\/www.slovaklinesmagazin.sk\/cms\/wp-content\/uploads\/2021\/10\/SKO6-1024x812.jpg 1024w, https:\/\/www.slovaklinesmagazin.sk\/cms\/wp-content\/uploads\/2021\/10\/SKO6-768x609.jpg 768w, https:\/\/www.slovaklinesmagazin.sk\/cms\/wp-content\/uploads\/2021\/10\/SKO6-600x476.jpg 600w, https:\/\/www.slovaklinesmagazin.sk\/cms\/wp-content\/uploads\/2021\/10\/SKO6-1536x1218.jpg 1536w, https:\/\/www.slovaklinesmagazin.sk\/cms\/wp-content\/uploads\/2021\/10\/SKO6-2048x1624.jpg 2048w\" sizes=\"auto, (max-width: 2560px) 100vw, 2560px\" \/><\/p>\n<p>V r\u00e1mci cyklu Slovensk\u00e9ho komorn\u00e9ho orchestra odznie pre milovn\u00edkov komornej hudby po\u010das 73. koncertnej sez\u00f3ny \u0161es\u0165 koncertov s programom siahaj\u00facim od diel Arcangela Corelliho po skladby s\u00fa\u010dasn\u00fdch autorov. \u010clenovia Slovensk\u00e9ho komorn\u00e9ho orchestra pokra\u010duj\u00fa aj v uv\u00e1dzan\u00ed koncertov v bratislavsk\u00fdch chr\u00e1moch. Na \u00favodnom \u00a0koncerte v\u00a0bratislavskej Redute zaznie Sl\u00e1\u010dikov\u00e9 kvarteto \u010d. 1 d mol po\u013esk\u00e9ho skladate\u013ea Stanis\u0142awa Moniuszka, ktor\u00e9 vystrieda Nokturno pre sl\u00e1\u010dikov\u00e9 kvarteto J\u00e1na Levoslava Bellu. Skladate\u013e ho \u00a0skomponoval na sklonku \u017eivota v Bratislave. Koncert uzavrie Seren\u00e1da E dur, op. 22 z ranej tvorby Anton\u00edna Dvo\u0159\u00e1ka, ktor\u00e1 patr\u00ed\u00a0 k \u0165a\u017eiskov\u00e9mu reperto\u00e1ru vo svojom \u017e\u00e1nri.<\/p>\n<p><strong>Koncert sa kon\u00e1 v\u00a0re\u017eime OTP.\u00a0\u00a0\u00a0\u00a0\u00a0\u00a0<\/strong><\/p>\n<p>&nbsp;<\/p>\n<p><strong><u>Utorkov\u00fd klav\u00edrny recit\u00e1l v\u00a0Malej s\u00e1le Slovenskej filharm\u00f3nie<\/u><\/strong><\/p>\n<p><strong>\u00davodn\u00fd ve\u010der mimoriadne ob\u013e\u00faben\u00e9ho cyklu Klav\u00edr a\u00a0klaviristi bude patri\u0165 popredn\u00e9mu \u010desk\u00e9mu klaviristovi mladej gener\u00e1cie Markovi Koz\u00e1kovi. V roku 2021 sa stal laure\u00e1tom prest\u00ed\u017enej Medzin\u00e1rodnej s\u00fa\u0165a\u017ee G\u00e9zu Andu v Z\u00fcrichu a v roku 2019 bol finalistom Medzin\u00e1rodnej klav\u00edrnej s\u00fa\u0165a\u017ee F. Busoni v Bolzane. Koncert sa uskuto\u010dn\u00ed v\u00a0utorok 26. okt\u00f3bra o\u00a019-tej.<\/strong><\/p>\n<p style=\"text-align: center;\"><img loading=\"lazy\" decoding=\"async\" class=\"alignnone size-full wp-image-89201\" src=\"https:\/\/slovaklinesmagazin.sk\/cms\/wp-content\/uploads\/2021\/10\/Marek-Kozak.jpg\" alt=\"\" width=\"1067\" height=\"1600\" srcset=\"https:\/\/www.slovaklinesmagazin.sk\/cms\/wp-content\/uploads\/2021\/10\/Marek-Kozak.jpg 1067w, https:\/\/www.slovaklinesmagazin.sk\/cms\/wp-content\/uploads\/2021\/10\/Marek-Kozak-200x300.jpg 200w, https:\/\/www.slovaklinesmagazin.sk\/cms\/wp-content\/uploads\/2021\/10\/Marek-Kozak-683x1024.jpg 683w, https:\/\/www.slovaklinesmagazin.sk\/cms\/wp-content\/uploads\/2021\/10\/Marek-Kozak-768x1152.jpg 768w, https:\/\/www.slovaklinesmagazin.sk\/cms\/wp-content\/uploads\/2021\/10\/Marek-Kozak-600x900.jpg 600w, https:\/\/www.slovaklinesmagazin.sk\/cms\/wp-content\/uploads\/2021\/10\/Marek-Kozak-1024x1536.jpg 1024w\" sizes=\"auto, (max-width: 1067px) 100vw, 1067px\" \/><\/p>\n<p>Marek Koz\u00e1k pon\u00fakne n\u00e1v\u0161tevn\u00edkom\u00a0 prierez romantickou klav\u00edrnou literat\u00farou z pera troch autorov s origin\u00e1lnym skladate\u013esk\u00fdm \u0161t\u00fdlom &#8211; Bed\u0159icha Smetanu, Anton\u00edna Dvo\u0159\u00e1ka a\u00a0Franza Liszta. Protiv\u00e1hou legend\u00e1rnej Lisztovej Son\u00e1ty h mol bud\u00fa v programe diela \u010desk\u00fdch autorov, aj v\u00fdber z diel Anton\u00edna Dvo\u0159\u00e1ka, ktor\u00e9ho\u00a0 klav\u00edrnu tvorbu svet objavil a\u017e t. r. pri pr\u00edle\u017eitosti 180. v\u00fdro\u010dia jeho narodenia. Program dopln\u00ed skladba \u017dongl\u00e9r v\u00fdrazn\u00e9ho \u010desk\u00e9ho klaviristu, skladate\u013ea a\u00a0pedag\u00f3ga\u00a0 Adama Skoumala.<\/p>\n<p>&nbsp;<\/p>\n<p><strong>Bed\u0159ich Smetana<\/strong> \u00a0\u00a0\u00a0\u00a0\u00a0\u00a0 Spomienky na \u010cechy vo forme poliek op. 12<\/p>\n<p>Koncertn\u00e1 etuda gis mol Na brehu morskom op. 17<\/p>\n<p><strong>Anton\u00edn Dvo\u0159\u00e1k<\/strong> \u00a0\u00a0\u00a0\u00a0\u00a0\u00a0\u00a0\u00a0 Impromptu d mol<\/p>\n<p>Mazurky op. 56 (v\u00fdber)<\/p>\n<p>Ekloga g mol op. 52 \u010d. 4<\/p>\n<p><strong>Adam Skoumal<\/strong> \u00a0\u00a0\u00a0\u00a0\u00a0\u00a0\u00a0\u00a0\u00a0 \u017dongl\u00e9r<\/p>\n<p><strong>Franz Liszt<\/strong>\u00a0\u00a0 \u00a0\u00a0\u00a0\u00a0\u00a0\u00a0\u00a0\u00a0\u00a0\u00a0\u00a0\u00a0\u00a0\u00a0\u00a0\u00a0Son\u00e1ta h mol, S. 178<\/p>\n<p>&nbsp;<\/p>\n<p><strong>Koncert sa kon\u00e1 v re\u017eime OTP.\u00a0\u00a0\u00a0\u00a0<\/strong><\/p>\n<p style=\"text-align: center;\"><img loading=\"lazy\" decoding=\"async\" class=\"alignnone size-full wp-image-89202\" src=\"https:\/\/slovaklinesmagazin.sk\/cms\/wp-content\/uploads\/2021\/10\/20211026-K1-Marek-Kozak-A4.png\" alt=\"\" width=\"595\" height=\"842\" srcset=\"https:\/\/www.slovaklinesmagazin.sk\/cms\/wp-content\/uploads\/2021\/10\/20211026-K1-Marek-Kozak-A4.png 595w, https:\/\/www.slovaklinesmagazin.sk\/cms\/wp-content\/uploads\/2021\/10\/20211026-K1-Marek-Kozak-A4-212x300.png 212w\" sizes=\"auto, (max-width: 595px) 100vw, 595px\" \/><\/p>\n","protected":false},"excerpt":{"rendered":"<p>Nede\u013en\u00e9 popoludnie v REDUTE V nede\u013eu 24. okt\u00f3bra poz\u00fdvame v\u0161etk\u00fdch priaznivcov Slovensk\u00e9ho komorn\u00e9ho orchestra \/um. ved\u00faci Ewald Danel\/ na \u00favodn\u00fd koncert cyklu SKO, ktor\u00fd sa uskuto\u010dn\u00ed v St\u013apovej sieni Slovenskej filharm\u00f3nie o\u00a016.00. V r\u00e1mci cyklu Slovensk\u00e9ho komorn\u00e9ho orchestra odznie pre milovn\u00edkov komornej hudby po\u010das 73. koncertnej sez\u00f3ny \u0161es\u0165 koncertov s programom siahaj\u00facim od diel Arcangela [&hellip;]<\/p>\n","protected":false},"author":7,"featured_media":89203,"comment_status":"closed","ping_status":"closed","sticky":false,"template":"","format":"standard","meta":{"footnotes":""},"categories":[321,48],"tags":[],"class_list":["post-89199","post","type-post","status-publish","format-standard","has-post-thumbnail","hentry","category-tlacova-sprava","category-umenie-a-kultura","eq-blocks"],"_links":{"self":[{"href":"https:\/\/www.slovaklinesmagazin.sk\/cms\/wp-json\/wp\/v2\/posts\/89199","targetHints":{"allow":["GET"]}}],"collection":[{"href":"https:\/\/www.slovaklinesmagazin.sk\/cms\/wp-json\/wp\/v2\/posts"}],"about":[{"href":"https:\/\/www.slovaklinesmagazin.sk\/cms\/wp-json\/wp\/v2\/types\/post"}],"author":[{"embeddable":true,"href":"https:\/\/www.slovaklinesmagazin.sk\/cms\/wp-json\/wp\/v2\/users\/7"}],"replies":[{"embeddable":true,"href":"https:\/\/www.slovaklinesmagazin.sk\/cms\/wp-json\/wp\/v2\/comments?post=89199"}],"version-history":[{"count":4,"href":"https:\/\/www.slovaklinesmagazin.sk\/cms\/wp-json\/wp\/v2\/posts\/89199\/revisions"}],"predecessor-version":[{"id":89207,"href":"https:\/\/www.slovaklinesmagazin.sk\/cms\/wp-json\/wp\/v2\/posts\/89199\/revisions\/89207"}],"wp:featuredmedia":[{"embeddable":true,"href":"https:\/\/www.slovaklinesmagazin.sk\/cms\/wp-json\/wp\/v2\/media\/89203"}],"wp:attachment":[{"href":"https:\/\/www.slovaklinesmagazin.sk\/cms\/wp-json\/wp\/v2\/media?parent=89199"}],"wp:term":[{"taxonomy":"category","embeddable":true,"href":"https:\/\/www.slovaklinesmagazin.sk\/cms\/wp-json\/wp\/v2\/categories?post=89199"},{"taxonomy":"post_tag","embeddable":true,"href":"https:\/\/www.slovaklinesmagazin.sk\/cms\/wp-json\/wp\/v2\/tags?post=89199"}],"curies":[{"name":"wp","href":"https:\/\/api.w.org\/{rel}","templated":true}]}}