{"id":89218,"date":"2021-10-23T13:32:56","date_gmt":"2021-10-23T11:32:56","guid":{"rendered":"https:\/\/slovaklinesmagazin.sk\/cms\/?p=89218"},"modified":"2021-10-23T13:32:56","modified_gmt":"2021-10-23T11:32:56","slug":"konecne-opat-zimna-dovolenka-v-stajersku","status":"publish","type":"post","link":"https:\/\/www.slovaklinesmagazin.sk\/cms\/2021\/10\/konecne-opat-zimna-dovolenka-v-stajersku\/","title":{"rendered":"Kone\u010dne op\u00e4\u0165 zimn\u00e1 dovolenka v \u0160tajersku"},"content":{"rendered":"<p><strong>Vychutna\u0165 si prv\u00fa jazdu na svahu, odd\u00fdchnu\u0165 si v pr\u00edjemnej term\u00e1lnej vode, necha\u0165 sa opanta\u0165 v\u00f4\u0148ou pern\u00edka a hor\u00faceho varen\u00e9ho v\u00edna,&#8230;<\/strong><\/p>\n<p><strong>Ako ve\u013emi n\u00e1m ch\u00fdbala zimn\u00e1 dovolenka v \u0160tajersku. <\/strong><\/p>\n<p>\u00c1no, v tradi\u010dnom zmysle nejde o ni\u010d \u201enov\u00e9\u201c, no t\u00fato zimu sa zamysl\u00edme nad t\u00fdm, \u010do m\u00e1me, a predov\u0161etk\u00fdm nad t\u00fdm, \u010do n\u00e1m ch\u00fdbalo a \u010d\u00edm sa vyzna\u010duje zimn\u00e1 dovolenka v \u0160tajersku. Ide pritom o t\u00fa\u017eobn\u00e9 okamihy. Tak\u00fdmito okamihmi s\u00fa z\u00e1\u017eitky, ktor\u00e9 ukazuj\u00fa rozmanitos\u0165 \u0160tajerska a ktor\u00e9 robia rodinn\u00fa dovolenku v \u0160tajersku takou v\u00fdnimo\u010dnou.<\/p>\n<p style=\"text-align: center;\"><img loading=\"lazy\" decoding=\"async\" class=\"alignnone size-full wp-image-89220\" src=\"https:\/\/slovaklinesmagazin.sk\/cms\/wp-content\/uploads\/2021\/10\/14669_Steiermark-Tourismus-Tom-Lamm-scaled.jpg\" alt=\"\" width=\"2560\" height=\"1707\" srcset=\"https:\/\/www.slovaklinesmagazin.sk\/cms\/wp-content\/uploads\/2021\/10\/14669_Steiermark-Tourismus-Tom-Lamm-scaled.jpg 2560w, https:\/\/www.slovaklinesmagazin.sk\/cms\/wp-content\/uploads\/2021\/10\/14669_Steiermark-Tourismus-Tom-Lamm-300x200.jpg 300w, https:\/\/www.slovaklinesmagazin.sk\/cms\/wp-content\/uploads\/2021\/10\/14669_Steiermark-Tourismus-Tom-Lamm-1024x683.jpg 1024w, https:\/\/www.slovaklinesmagazin.sk\/cms\/wp-content\/uploads\/2021\/10\/14669_Steiermark-Tourismus-Tom-Lamm-768x512.jpg 768w, https:\/\/www.slovaklinesmagazin.sk\/cms\/wp-content\/uploads\/2021\/10\/14669_Steiermark-Tourismus-Tom-Lamm-600x400.jpg 600w, https:\/\/www.slovaklinesmagazin.sk\/cms\/wp-content\/uploads\/2021\/10\/14669_Steiermark-Tourismus-Tom-Lamm-1536x1024.jpg 1536w, https:\/\/www.slovaklinesmagazin.sk\/cms\/wp-content\/uploads\/2021\/10\/14669_Steiermark-Tourismus-Tom-Lamm-2048x1365.jpg 2048w\" sizes=\"auto, (max-width: 2560px) 100vw, 2560px\" \/><\/p>\n<p style=\"text-align: center;\"><span>\u00a9 Steiermark Tourismus |\u00a0<\/span><span>Tom Lamb<\/span><\/p>\n<p>Novinkou v \u0160tajersku je na\u0161ich 11 z\u00e1\u017eitkov\u00fdch regi\u00f3nov. Zo zrete\u013eom na tieto a zn\u00e1me z\u00e1\u017eitkov\u00e9 oblasti (aktivity v pr\u00edrode, zdravie, kult\u00fara v meste a na vidieku a kulin\u00e1rske \u0161peciality) sme zostavili 11 t\u00fa\u017eobn\u00fdch okamihov, na ktor\u00e9 sa m\u00f4\u017eu dovolenk\u00e1ri t\u00fato zimu obzvl\u00e1\u0161\u0165 te\u0161i\u0165. Ka\u017ed\u00fd tak\u00fdto okamih symbolizuje jeden obraz.<\/p>\n<p><strong>Preh\u013ead 11 t\u00fa\u017eobn\u00fdch okamihov v \u0160tajersku:<\/strong><\/p>\n<ul>\n<li>Pocit \u010derstvo upravenej zjazdovky pod nohami<\/li>\n<li>Turistika v zime<\/li>\n<li>Spozn\u00e1vanie pr\u00edrody na sne\u017eniciach<\/li>\n<li>Be\u017ekovanie za s\u00famraku alebo vo ve\u010dern\u00fdch hodin\u00e1ch<\/li>\n<li>Voda v term\u00e1lnych k\u00fape\u013eoch a saune s teplotou minim\u00e1lne 37 \u00b0C<\/li>\n<li>Romantick\u00e9 dovolenkov\u00e9 chv\u00edle vo dvojici<\/li>\n<li>Tak vonia advent<\/li>\n<li>Za\u017eite viano\u010dn\u00e9 n\u00e1kupy z osobn\u00e9ho a region\u00e1lneho poh\u013eadu<\/li>\n<li>Vypl\u0148te bielu zimu pestr\u00fdmi v\u00fdletn\u00fdmi cie\u013emi<\/li>\n<li>Vychutnajte si kulin\u00e1rske \u0161peciality v \u0161tajersk\u00fdch chat\u00e1ch<\/li>\n<li>Aj v zime si m\u00f4\u017eete vychutna\u0165 poh\u00e1r dobr\u00e9ho v\u00edna<\/li>\n<\/ul>\n<ol>\n<li><strong> Pocit \u010derstvo upravenej zjazdovky pod nohami&#8230;<\/strong><\/li>\n<\/ol>\n<p><strong>&#8230;v regi\u00f3ne Ausseerland-Salzkammergut. <\/strong>Ly\u017eova\u0165 o 8 r\u00e1no ako prv\u00fd na dokonale upraven\u00fdch zjazdovk\u00e1ch ly\u017eiarskeho strediska Tauplitz je mimoriadne povzn\u00e1\u0161aj\u00faci pocit. A potom sa m\u00f4\u017eete pokojne usadi\u0165 v niektorej z tich\u00fdch ch\u00e1t a da\u0165 si ra\u0148ajky, zatia\u013e \u010do ostatn\u00ed ly\u017eiari e\u0161te len prich\u00e1dzaj\u00fa na kopec. To v\u0161etko sprev\u00e1dzan\u00e9 inform\u00e1ciami z prvej ruky od zamestnancov strediska Tauplitz, ktor\u00ed v\u00e1m v pr\u00edpade z\u00e1ujmu pom\u00f4\u017eu nahliadnu\u0165 do fascinuj\u00faceho sveta \u0161pi\u010dkov\u00fdch technol\u00f3gi\u00ed lanoviek, zasne\u017eovania alebo dokonca \u00fapravy zjazdoviek. Ka\u017ed\u00fd \u0161tvrtok od 10. janu\u00e1ra, miesto stretnutia na dolnej stanici lanovky v stredisku Tauplitz.<\/p>\n<p><a href=\"https:\/\/www.dietauplitz.com\/de\/ski\/fruehstart.php\">www.dietauplitz.com\/de\/ski\/fruehstart.php<\/a><\/p>\n<p><strong>&#8230;v Hornom \u0160tajersku.<\/strong> Dorazi\u0165 do ly\u017eiarskeho strediska Stuhleck a sedie\u0165 na lanovke medzi prv\u00fdmi, aby ste si vychutnali v\u00fdchod slnka vo v\u00fd\u0161ke takmer 2 000 metrov, je v\u00fdnimo\u010dn\u00fd z\u00e1\u017eitok. N\u00e1sledn\u00e9 \u010darovanie prv\u00fdch st\u00f4p na \u010derstvo upraven\u00fdch svahoch je pre milovn\u00edkov zimn\u00fdch \u0161portov skuto\u010dn\u00fd splnen\u00fd sen. Od polovice janu\u00e1ra\/febru\u00e1ra 2022 bude seda\u010dkov\u00e1 lanovka v ly\u017eiarskom stredisku Stuhleck prem\u00e1va\u0165 pre rann\u00fdch ly\u017eiarov u\u017e od 7:00. Potom sa dovolenk\u00e1ri presun\u00fa na ra\u0148ajky do snehov\u00e9ho sal\u00f3nika v panoramatickej re\u0161taur\u00e1cii W11 (v cene skipasu). <a href=\"https:\/\/www.stuhleck.com\/\">https:\/\/www.stuhleck.com\/<\/a><strong>\u00a0<\/strong><\/p>\n<ol start=\"2\">\n<li><strong> Turistika v zime&#8230;<\/strong><\/li>\n<\/ol>\n<p><strong>&#8230;a v\u00fdchod slnka na kopci <\/strong><strong>Teufelstein<\/strong>. Z idylickej obce Fischbach uprostred Fischba\u0161sk\u00fdch \u00c1lp prejdete po zna\u010denom zimnom turistickom chodn\u00edku (pr\u00edpadne na sne\u017eniciach) po trase b\u00fdvalej lanovky k Zeller Kreuz. Stretnete tu \u010fal\u0161\u00edch milovn\u00edkov zimn\u00fdch \u0161portov, napr\u00edklad be\u017ek\u00e1rov, ktor\u00ed v skor\u00fdch rann\u00fdch hodin\u00e1ch s ob\u013eubou otl\u00e1\u010daj\u00fa svoje be\u017eky do trate na kopci Teufelstein.<\/p>\n<p style=\"text-align: center;\"><img loading=\"lazy\" decoding=\"async\" class=\"alignnone size-full wp-image-89221\" src=\"https:\/\/slovaklinesmagazin.sk\/cms\/wp-content\/uploads\/2021\/10\/14551_Steiermark-Tourismus-Tom-Lamm-scaled.jpg\" alt=\"\" width=\"2560\" height=\"1707\" srcset=\"https:\/\/www.slovaklinesmagazin.sk\/cms\/wp-content\/uploads\/2021\/10\/14551_Steiermark-Tourismus-Tom-Lamm-scaled.jpg 2560w, https:\/\/www.slovaklinesmagazin.sk\/cms\/wp-content\/uploads\/2021\/10\/14551_Steiermark-Tourismus-Tom-Lamm-300x200.jpg 300w, https:\/\/www.slovaklinesmagazin.sk\/cms\/wp-content\/uploads\/2021\/10\/14551_Steiermark-Tourismus-Tom-Lamm-1024x683.jpg 1024w, https:\/\/www.slovaklinesmagazin.sk\/cms\/wp-content\/uploads\/2021\/10\/14551_Steiermark-Tourismus-Tom-Lamm-768x512.jpg 768w, https:\/\/www.slovaklinesmagazin.sk\/cms\/wp-content\/uploads\/2021\/10\/14551_Steiermark-Tourismus-Tom-Lamm-600x400.jpg 600w, https:\/\/www.slovaklinesmagazin.sk\/cms\/wp-content\/uploads\/2021\/10\/14551_Steiermark-Tourismus-Tom-Lamm-1536x1024.jpg 1536w, https:\/\/www.slovaklinesmagazin.sk\/cms\/wp-content\/uploads\/2021\/10\/14551_Steiermark-Tourismus-Tom-Lamm-2048x1365.jpg 2048w\" sizes=\"auto, (max-width: 2560px) 100vw, 2560px\" \/><\/p>\n<p style=\"text-align: center;\"><span>\u00a9 Steiermark Tourismus |\u00a0<\/span><span>Tom Lamb<\/span><\/p>\n<p>Po dobre vy\u0161liapanom chodn\u00edku budete st\u00fapa\u0165 nahor k mystickej skale Teufelstein a vrcholov\u00e9mu kr\u00ed\u017eu len nieko\u013eko metrov od nej. Na vrchole kopca Teufelstein v\u00e1m ako tajn\u00fd tip odpor\u00fa\u010dame sledova\u0165 v\u00fdchod slnka z miesta za les\u00edkom za vrcholov\u00fdm kr\u00ed\u017eom. Okolo \u201eDiablovej skaly\u201c sa bude ur\u010dite zdr\u017eiava\u0165 viacero n\u00e1v\u0161tevn\u00edkov, no tu si m\u00f4\u017eete pri hor\u00facom \u010daji z termosky vychutna\u0165 ten najlep\u0161\u00ed v\u00fdh\u013ead na vych\u00e1dzaj\u00face slnko, ktor\u00e9 ponor\u00ed Rax, Schneealm, Veitsch a Hochschwab do kr\u00e1snej oran\u017eovej farby. <a href=\"https:\/\/www.fischbach.co.at\/freizeit-region\/ausflugsziele\/teufelstein\/\">https:\/\/www.fischbach.co.at\/freizeit-region\/ausflugsziele\/teufelstein\/<\/a><\/p>\n<p><strong>&#8230;na chodn\u00edku zameranom na bud\u00facnos\u0165 kl\u00edmy v pr\u00edrodnom parku P\u00f6llauer Tal vo v\u00fdchodnom \u0160tajersku<\/strong><\/p>\n<p>T\u00e1to okru\u017en\u00e1 t\u00fara uprostred <a href=\"https:\/\/www.naturpark-poellauertal.at\/\">pr\u00edrodn\u00e9ho parku P\u00f6llauer Tal <\/a>v z\u00e1hrade Rak\u00faska bude aj v zimn\u00fdch mesiacoch z\u00e1\u017eitkom pre cel\u00fa rodinu. Aj v zime sa t\u00e1to okru\u017en\u00e1 t\u00fara vyzna\u010duje ve\u013emi zvl\u00e1\u0161tnou atmosf\u00e9rou: Pr\u00edroda so svojou veget\u00e1ciou a \u017eivo\u010d\u00edchmi si v\u010faka n\u00edzkym teplot\u00e1m odd\u00fdchne, a to m\u00e1 upokojuj\u00faci \u00fa\u010dinok aj na n\u00e1s \u013eud\u00ed. Rastliny a stromy pokryt\u00e9 n\u00e1mrazou vytv\u00e1raj\u00fa mystick\u00e9 \u00fatvary.<\/p>\n<p>Chodn\u00edk bud\u00facnosti kl\u00edmy je prv\u00fd tematick\u00fd chodn\u00edk zameran\u00fd na prisp\u00f4sobovanie sa zmen\u00e1m kl\u00edmy v \u0160tajersku. Chodn\u00edk vhodn\u00fd pre rodiny s de\u0165mi, ktor\u00fd je v obci Hinterbr\u00fchli dokonca \u010diasto\u010dne bezbari\u00e9rov\u00fd, v\u00e1s za necel\u00e9 3 hodiny prevedie pribli\u017ene 9 kilometrami kult\u00farnej krajiny s bohatou hist\u00f3riou. Na viacer\u00fdch stanovi\u0161tiach si m\u00f4\u017eete pre\u010d\u00edta\u0165 tipy a inform\u00e1cie o pozit\u00edvnom v\u00fdvoji pri prebiehaj\u00facich klimatick\u00fdch zmen\u00e1ch. <a href=\"https:\/\/regio.outdooractive.com\/oar-oststeiermark\/de\/tour\/winterwandern\/winterwandern-am-klimazukunft-weg-im-naturpark-poellauer-tal\/55540672\/#dmdtab=oax-tab1\">https:\/\/regio.outdooractive.com\/oar-oststeiermark\/de\/tour\/winterwandern\/winterwandern-am-klimazukunft-weg-im-naturpark-poellauer-tal\/55540672\/#dmdtab=oax-tab1<\/a><\/p>\n<p><strong>&#8230;z ob\u00fdva\u010dky v mesta Leoben, <\/strong>Hlavn\u00e9 n\u00e1mestie je v\u00fdchodiskov\u00fdm bodom na prech\u00e1dzku k zr\u00facanine Massenburg, na ktor\u00fa sa treba vybavi\u0165 dobrou obuvou a ob\u010derstven\u00edm. Z modernej rozh\u013eadne sa v\u00e1m naskytne kr\u00e1sny v\u00fdh\u013ead na zimn\u00fd Leoben. Nasleduje t\u00fara po lesnom n\u00e1u\u010dnom chodn\u00edku k\u00a0hostinci Pampichlerwarte. Odtia\u013eto sa vyd\u00e1te po severoju\u017enom dia\u013ekovom turistickom chodn\u00edku E6, ktor\u00fd pon\u00faka st\u00e1le nov\u00e9 p\u00f4sobiv\u00e9 v\u00fdh\u013eady do \u00fadolia. Po 4 hodin\u00e1ch st\u00fapania a 1200 metroch nadmorskej v\u00fd\u0161ky sa dostanete k chate Mugelschutzhaus. Tu sa m\u00f4\u017eete zasl\u00fa\u017een\u00e9 ob\u010derstvi\u0165 a posilni\u0165. Aby ste sa zotavili z \u201enam\u00e1havej\u201c t\u00fary, odpor\u00fa\u010dame v\u00e1m nav\u0161t\u00edvi\u0165 k\u00fapele Asia Spa Leoben, kde si m\u00f4\u017eete skvele odd\u00fdchnu\u0165 v saune alebo na mas\u00e1\u017ei. <a href=\"https:\/\/regio.outdooractive.com\/oar-steiermark\/s\/R4Wn\">https:\/\/regio.outdooractive.com\/oar-steiermark\/s\/R4Wn<\/a><\/p>\n<p>&nbsp;<\/p>\n<p style=\"text-align: center;\"><img loading=\"lazy\" decoding=\"async\" class=\"alignnone size-full wp-image-89222\" src=\"https:\/\/slovaklinesmagazin.sk\/cms\/wp-content\/uploads\/2021\/10\/14570_Steiermark-Tourismus-Gunther-Steininger-scaled.jpg\" alt=\"\" width=\"2560\" height=\"1920\" srcset=\"https:\/\/www.slovaklinesmagazin.sk\/cms\/wp-content\/uploads\/2021\/10\/14570_Steiermark-Tourismus-Gunther-Steininger-scaled.jpg 2560w, https:\/\/www.slovaklinesmagazin.sk\/cms\/wp-content\/uploads\/2021\/10\/14570_Steiermark-Tourismus-Gunther-Steininger-300x225.jpg 300w, https:\/\/www.slovaklinesmagazin.sk\/cms\/wp-content\/uploads\/2021\/10\/14570_Steiermark-Tourismus-Gunther-Steininger-1024x768.jpg 1024w, https:\/\/www.slovaklinesmagazin.sk\/cms\/wp-content\/uploads\/2021\/10\/14570_Steiermark-Tourismus-Gunther-Steininger-768x576.jpg 768w, https:\/\/www.slovaklinesmagazin.sk\/cms\/wp-content\/uploads\/2021\/10\/14570_Steiermark-Tourismus-Gunther-Steininger-600x450.jpg 600w, https:\/\/www.slovaklinesmagazin.sk\/cms\/wp-content\/uploads\/2021\/10\/14570_Steiermark-Tourismus-Gunther-Steininger-1536x1152.jpg 1536w, https:\/\/www.slovaklinesmagazin.sk\/cms\/wp-content\/uploads\/2021\/10\/14570_Steiermark-Tourismus-Gunther-Steininger-2048x1536.jpg 2048w\" sizes=\"auto, (max-width: 2560px) 100vw, 2560px\" \/><\/p>\n<p style=\"text-align: center;\"><span>\u00a9 Steiermark Tourismus |\u00a0<\/span><span>G\u00fcnther Steininger<\/span><\/p>\n<p><strong>&#8230;na romantickom chodn\u00edku Br\u00fcndlweg <\/strong>v Hornom \u0160tajersku. Br\u00fcndlweg je pribli\u017ene 10 kilometrov dlh\u00fd okru\u017en\u00fd turistick\u00fd chodn\u00edk. Le\u017e\u00ed v nadmorskej v\u00fd\u0161ke viac ako 1 000 metrov a pon\u00faka fantastick\u00fd v\u00fdh\u013ead na cel\u00e9 \u00fadolie M\u00fcrztal. Popri z\u013eadovatel\u00fdch prame\u0148och a potokoch a pomedzi zasne\u017een\u00e9 stromy sa dostanete k ob\u010derstvovacej stanici Sch\u00e4ffer-Huber. Tu sa m\u00f4\u017eete te\u0161i\u0165 na pravdepodobne najlep\u0161iu brav\u010dov\u00fa pe\u010dienku na svete \u2013 nezabudnite si ju vopred rezervova\u0165. <strong>\u00a0<\/strong><a href=\"http:\/\/www.bruendlweg.at\/\">www.bruendlweg.at<\/a> <strong>\u00a0<\/strong><\/p>\n<p>&nbsp;<\/p>\n<p><strong>Tip pre rodinu<\/strong>: <strong>Zimn\u00e9 rande l\u00e1m alpaka v regi\u00f3ne Schilcherland<\/strong><\/p>\n<p>\u201ePozri sa mi do o\u010d\u00ed a po\u010f so mnou na t\u00faru!\u201c Zvedav\u00e9, v\u017edy priate\u013esk\u00e9, krotk\u00e9 a neskuto\u010dne mil\u00e9. Chlpat\u00e9 lamy alpaka v Schlossblick sa v\u017edy te\u0161ia na n\u00e1v\u0161tevu a najm\u00e4 na prech\u00e1dzky. Je to nielen z\u00e1bava pre \u0161tvornoh\u00fdch priate\u013eov, ale aj v\u00fdnimo\u010dn\u00fd z\u00e1\u017eitok pre t\u00fdch, ktor\u00ed h\u013eadaj\u00fa dobrodru\u017estvo a pokoj. Jednoducho vyjdete z mesta, nad\u00fdchate sa \u010derstv\u00e9ho vzduchu, uniknete stresu ka\u017edodenn\u00e9ho \u017eivota a kone\u010dne n\u00e1jdete pokoj. Ak t\u00fa\u017eite presne po \u010dom, ste na spr\u00e1vnom mieste. Jemn\u00e1 du\u0161a t\u00fdchto zvierat dok\u00e1\u017ee pomerne r\u00fdchlo uzemni\u0165 \u010dloveka na \u201edruhom konci v\u00f4dzky\u201c a prin\u00fati\u0165 ho myslie\u0165 na podstatn\u00e9 veci: \u010derstv\u00fd vzduch, hust\u00e9 lesy, nedotknut\u00fa pr\u00edrodu, po ktorej sa prech\u00e1dzate, a pokoj a ticho, ktor\u00e9mu dnes \u013eudia na\u010d\u00favaj\u00fa rad\u0161ej ako hudbe. V regi\u00f3ne Schilcherland m\u00f4\u017eete nav\u0161t\u00edvi\u0165 \u0161tyri ran\u010de s lamami alpaka: Schilcherland Alpaka v obci Gro\u00df St. Florian, ran\u010d s alpakami v obci Frauental, En Colores v obci Rassach a Schlossblick Alpaka v obci Stainz. <a href=\"http:\/\/www.schilcherland.at\/de\/Alpaka-Winter-Rendezvous-Ein-Date-mit-Calimero-Valentino-Co\">www.schilcherland.at\/de\/Alpaka-Winter-Rendezvous<\/a><\/p>\n<p><strong>\u00a0<\/strong><\/p>\n<ol start=\"3\">\n<li><strong> Spozn\u00e1vanie pr\u00edrody na sne\u017eniciach\u2026<\/strong><strong><br \/>\n&#8230;v nedotknutom n\u00e1rodnom parku Ges\u00e4use.<\/strong> Ak sa chcete dosta\u0165 vysoko, mus\u00edte st\u00fapa\u0165. So sne\u017enicami je turistika v zime jednoduch\u00e1. Na t\u00fdchto tich\u00fdch podr\u00e1\u017ekach prejdeme cez Haller Mauern \u2013 mal\u00e9 pohorie v \u0161tajerskej \u010dasti V\u00e1pencov\u00fdch \u00c1lp. Tu budete c\u00edti\u0165 sneh pod nohami, n\u00e1jdete svoj osobn\u00fd zimn\u00fd pokoj a na\u010derp\u00e1te silu uprostred mohutn\u00fdch h\u00f4r parku Ges\u00e4use. Posilnia v\u00e1s aj kulin\u00e1rske destin\u00e1cie v tomto regi\u00f3ne, ako napr\u00edklad hostinec Kamper. Od pe\u010den\u00fdch krvavni\u010diek Blunz&#8217;n Gr\u00f6stl cez babi\u010dkin gul\u00e1\u0161 a\u017e po \u0161tajersk\u00e9 jarn\u00e9 rolky a veg\u00e1nske kari z bielej kapusty. V\u010faka kombin\u00e1cii trad\u00edci\u00ed a modern\u00fdch \u0161pecial\u00edt bude pobyt v tomto rodinnom hostinci v\u00fdnimo\u010dn\u00fdm z\u00e1\u017eitkom. <a href=\"https:\/\/www.steiermark.com\/de\/reiseplanung\/winter\/winterfrische-erlebnisse\/schneeschuhwandern-fuer-einsteiger-und-fusionskueche-in-admont_p7907970\">www.steiermark.com\/de\/reiseplanung\/winter\/winterfrische-erlebnisse\/schneeschuhwandern<\/a><\/li>\n<\/ol>\n<p>&nbsp;<\/p>\n<p><strong>&#8230;na t\u00fare za \u201eFleischkrapfen\u201c so sprievodcom v Hornom \u0160tajersku. <\/strong>T\u00e1to t\u00fara na sne\u017eniciach vedie z Lammeralm do Malleisten a \u010falej k hostincu Annerlbauer. Na cestu sme sa vydali spolu s Kurzom Maierhoferom \u2013 prav\u00fdm horno\u0161tajer\u010danom a horsk\u00fdm vodcom. Pozd\u013a\u017e nedotknutej zasne\u017eenej krajiny rozpr\u00e1va svojim hos\u0165om zauj\u00edmav\u00e9 a vzru\u0161uj\u00face fakty o tomto regi\u00f3ne. Zav\u0155\u0161en\u00edm t\u00fary je region\u00e1lna poch\u00fa\u0165ka \u2013 m\u00e4sov\u00e9 \u0161i\u0161ky \u201eFleischkrapfen\u201c. Fleischkrapfen je s\u00fdta, korenist\u00e1 fa\u0161iangov\u00e1 \u0161pecialita z Horn\u00e9ho \u0160tajerska, ktor\u00e1 nesmie ch\u00fdba\u0165 na konci akt\u00edvnej t\u00fary. Term\u00edn: 12. febru\u00e1r 2022, 10:00 hod. <a href=\"http:\/\/www.steirischwandern.at\">www.steirischwandern.at<\/a><\/p>\n<p>&nbsp;<\/p>\n<p style=\"text-align: center;\"><img loading=\"lazy\" decoding=\"async\" class=\"alignnone size-full wp-image-89223\" src=\"https:\/\/slovaklinesmagazin.sk\/cms\/wp-content\/uploads\/2021\/10\/14523_Steiermark-Tourismus-Tom-Lamm-scaled.jpg\" alt=\"\" width=\"2560\" height=\"1707\" srcset=\"https:\/\/www.slovaklinesmagazin.sk\/cms\/wp-content\/uploads\/2021\/10\/14523_Steiermark-Tourismus-Tom-Lamm-scaled.jpg 2560w, https:\/\/www.slovaklinesmagazin.sk\/cms\/wp-content\/uploads\/2021\/10\/14523_Steiermark-Tourismus-Tom-Lamm-300x200.jpg 300w, https:\/\/www.slovaklinesmagazin.sk\/cms\/wp-content\/uploads\/2021\/10\/14523_Steiermark-Tourismus-Tom-Lamm-1024x683.jpg 1024w, https:\/\/www.slovaklinesmagazin.sk\/cms\/wp-content\/uploads\/2021\/10\/14523_Steiermark-Tourismus-Tom-Lamm-768x512.jpg 768w, https:\/\/www.slovaklinesmagazin.sk\/cms\/wp-content\/uploads\/2021\/10\/14523_Steiermark-Tourismus-Tom-Lamm-600x400.jpg 600w, https:\/\/www.slovaklinesmagazin.sk\/cms\/wp-content\/uploads\/2021\/10\/14523_Steiermark-Tourismus-Tom-Lamm-1536x1024.jpg 1536w, https:\/\/www.slovaklinesmagazin.sk\/cms\/wp-content\/uploads\/2021\/10\/14523_Steiermark-Tourismus-Tom-Lamm-2048x1365.jpg 2048w\" sizes=\"auto, (max-width: 2560px) 100vw, 2560px\" \/><\/p>\n<p style=\"text-align: center;\">\u00a0\u00a9 Steiermark Tourismus |\u00a0Tom Lamb<\/p>\n<p><strong>Tip pre rodinu<\/strong>: <strong>T\u00fara na sne\u017eniciach po zoologickej z\u00e1hrade<\/strong><\/p>\n<p>T\u00fara na sne\u017eniciach po zoologickej z\u00e1hrade \u201e<a href=\"https:\/\/www.derwildeberg.at\/de\">Wilder Berg Mautern<\/a>\u201c je jedine\u010dn\u00fd zimn\u00fd z\u00e1\u017eitok pre cel\u00fa rodinu. Popri akt\u00edvnom pohybe opakovane naraz\u00edte na r\u00f4zne zvierat\u00e1 a budete ma\u0165 kr\u00e1sny v\u00fdh\u013ead na \u00fadolie Liesingtal a Eisenerzsk\u00e9 Alpy. T\u00e1to t\u00fara v nen\u00e1ro\u010dnom ter\u00e9ne je ve\u013emi vhodn\u00e1 pre rodiny s de\u0165mi, m\u00e1 400 miernych v\u00fd\u0161kov\u00fdch metrov a d\u013a\u017eku pribli\u017ene 7 km. V\u010faka mo\u017enosti pozorova\u0165 div\u00fa zver, opakovane sa objavuj\u00facu na snehu, bude t\u00e1to t\u00fara pre deti vzru\u0161uj\u00faca a \u010das na nej ubehne ako voda. Je d\u00f4le\u017eit\u00e9, aby ste nesch\u00e1dzali z ozna\u010den\u00fdch chodn\u00edkov a lesn\u00fdch ciest a neru\u0161ili tak zvierat\u00e1 po\u010das ich zimn\u00e9ho odpo\u010dinku.<\/p>\n<p>&nbsp;<\/p>\n<ol start=\"4\">\n<li><strong> Be\u017ekovanie za s\u00famraku alebo vo ve\u010dern\u00fdch hodin\u00e1ch&#8230;<\/strong><\/li>\n<\/ol>\n<p><strong>&#8230;v Ramsau am Dachstein.<\/strong> Slne\u010dn\u00e1 oblas\u0165 be\u017eeck\u00e9ho ly\u017eovania s 220 kilometrami perfektne upraven\u00fdch trat\u00ed l\u00e1ka mnoh\u00fdch dovolenk\u00e1rov. Ke\u010f za horami zmizn\u00fa posledn\u00e9 l\u00fa\u010de slnka, kon\u010d\u00ed sa de\u0148 aj na slne\u010dnej n\u00e1hornej plo\u0161ine v Ramsau am Dachstein. Z\u00e1bava na be\u017ek\u00e1ch v\u0161ak e\u0161te nekon\u010d\u00ed. V\u010faka 4-kilometrovej no\u010dnej trati, ktor\u00e1 je osvetlen\u00e1 denne od 17:00 do 21:00 hod., s\u00fa z\u00e1\u017eitky z be\u017eeck\u00e9ho ly\u017eovania v Ramsau am Dachstein takmer neobmedzen\u00e9. <a href=\"https:\/\/www.schladming-dachstein.at\/de\/Winter\/Langlaufen\">https:\/\/www.schladming-dachstein.at\/de\/Winter\/Langlaufen<\/a><\/p>\n<p>&nbsp;<\/p>\n<p><strong>Tip pre rodinu<\/strong>:<strong> Zimn\u00e9 \u017eaby na be\u017ek\u00e1rskej trati Joglland<\/strong><\/p>\n<p>\u0160peci\u00e1lnu ponuku pre deti n\u00e1jdete na be\u017ek\u00e1rskej trati Joglland rodiny Orthoferovcov vo v\u00fdchodnom \u0160tajersku. K tomu samozrejme patr\u00ed aj spr\u00e1vne vybavenie. T\u00e1 je k dispoz\u00edcii od ve\u013ekosti top\u00e1nok 24 a v po\u017ei\u010dovni n\u00e1jdete aj ly\u017ee a palice pre najmen\u0161\u00edch n\u00e1v\u0161tevn\u00edkov be\u017ek\u00e1rskych trat\u00ed. Na detskom ochutn\u00e1vkovom kurze s Klaudiou a Lilli sa deti hravou formou u\u010dia, ako \u00eds\u0165 v spr\u00e1vnej stope. O z\u00e1bavu sa postar\u00e1 aj vlnit\u00fd be\u017ek\u00e1rsky kopec a be\u017ek\u00e1rska l\u00faka. Deti do 10 rokov m\u00f4\u017eu tra\u0165 vyu\u017e\u00edva\u0165 bezplatne. <a href=\"https:\/\/www.orthofer.at\/at\/natur-bewegen\/langlaufen?dt=1632385270976\">https:\/\/www.orthofer.at\/at\/natur-bewegen\/langlaufen?dt=1632385270976<\/a><\/p>\n<p><strong>\u00a0<\/strong><\/p>\n<ol start=\"5\">\n<li><strong> 37 \u00b0C a bude e\u0161te teplej\u0161ie&#8230;<\/strong><\/li>\n<\/ol>\n<p><strong>&#8230;v lie\u010divom prameni Vulkania\u00ae<\/strong> v Rogner Bad Blumau. Minul\u00fd rok n\u00e1m ch\u00fdbala predov\u0161etk\u00fdm dovolenka v k\u00fape\u013eoch, hor\u00face pramene a sauny preto priam volaj\u00fa svojich dovolenkov\u00fdch host\u00ed. V Rogner Bad Blumau \u2013 ob\u00fdvate\u013enom umeleckom diele \u2013 je voda ako hodv\u00e1b. Okrem toho m\u00e1 lie\u010div\u00fd prame\u0148 Vulkania\u00ae regenera\u010dn\u00fd \u00fa\u010dinok a lie\u010div\u00e9 \u00fa\u010dinky na reumatizmus, opotrebovan\u00e9 k\u013aby alebo bolesti chrbta. Druh\u00fdm prame\u0148om, ktor\u00fd sa vyu\u017e\u00edva v k\u00fape\u013eoch Bad Blumau, je prame\u0148 Melchior. Vyviera v h\u013abke 970 metrov a m\u00e1 teplotu 47 stup\u0148ov. <a href=\"https:\/\/www.blumau.com\/\">https:\/\/www.blumau.com\/<\/a><\/p>\n<p>&nbsp;<\/p>\n<p><strong>&#8230;v prvej \u0161tajerskej (vin\u00e1rskej) Winzersauna\u00ae<\/strong> na juhu \u0160tajerska. Vo vinohrade Kappel to je mo\u017en\u00e9. Tu si m\u00f4\u017eete n\u00e1js\u0165 \u010das pre seba a na chv\u00ed\u013eu sa zastavi\u0165, a to so \u0161peci\u00e1lnym v\u00fdh\u013eadom. 1. \u0161tajersk\u00e1 Winzersauna\u00ae z p\u00f4vodn\u00e9ho domu z mas\u00edvneho dreva z roku 1838 sa nach\u00e1dza v \u0161tajerskej oblasti Schilcher. Bola demontovan\u00e1 z\u00a0vin\u00e1rstva Kappel a znovu postaven\u00e1 pod\u013ea p\u00f4vodn\u00e9ho vzoru vo vin\u00e1rstve. Priestory sa n\u00e1sledne prestavali na saunu vr\u00e1tane panoramatick\u00e9ho sklenen\u00e9ho panelu. <a href=\"https:\/\/www.daskappel.at\/winzersauna\/\">https:\/\/www.daskappel.at\/winzersauna\/<\/a><\/p>\n<p>&nbsp;<\/p>\n<p><strong>Tip pre rodinu<\/strong>:<strong> Toto je z\u00e1bava po\u010das pobytu v k\u00fape\u013eoch<br \/>\n<\/strong>V k\u00fape\u013enom stredisku Loipersdorf je absol\u00fatnym vrcholom pre mal\u00fdch k\u00fape\u013en\u00fdch host\u00ed <a href=\"https:\/\/www.therme.at\/familien-erlebnisbad\/fun-park-rutschenpark\/\">toboganov\u00fd park<\/a>. Celkovo sa v parku nach\u00e1dza 5 \u0161myk\u013eaviek s celkovou d\u013a\u017ekou 529 metrov. \u010ci u\u017e je to dvojdr\u00e1hov\u00e1 Carrera s pretek\u00e1rskou atmosf\u00e9ru, v\u00edchrica s ve\u013ekou r\u00fdchlos\u0165ou a mo\u017enos\u0165ou \u0161m\u00fdkania vo dvojici, turbo \u0161m\u00fdka\u010dka Pfitschipfeil s r\u00fdchlos\u0165ou do 50 km\/h, alebo panoramatick\u00e1 \u0161myk\u013eavka, na ktorej m\u00e1te cez akrylov\u00fa kupolu v\u00fdh\u013ead na k\u00fapele a kr\u00e1snu krajinu \u2013 v\u0161etky s\u00fa z\u00e1rukou vodnej z\u00e1bavy, \u0161teklenia v bruchu a pocitu \u010dist\u00e9ho \u0161\u0165astia.<\/p>\n<p>&nbsp;<\/p>\n<ol start=\"6\">\n<li><strong> Romantick\u00e9 dovolenkov\u00e9 chv\u00edle vo dvojici&#8230;<\/strong><\/li>\n<\/ol>\n<p><strong>Praskaj\u00faci ohe\u0148 a v\u00fdchodo\u0161tajersk\u00e1 kuchy\u0148a v hoteli Almwellness Pierer<\/strong><\/p>\n<p>Ide\u00e1lnym miestom na ukon\u010denie d\u0148a je idylick\u00fd a \u00fatuln\u00fd sal\u00f3nik s krbom v hoteli Almwellness Pierer vo v\u00fdchodnom \u0160tajersku v pr\u00edrodnom parku Almenland. S ob\u013e\u00fabenou knihou v ruke, obklopen\u00ed pr\u00edrodn\u00fdmi materi\u00e1lmi, ako je star\u00e9 drevo a pr\u00edrodn\u00fd kame\u0148, m\u00f4\u017eete v tomto rodinnom hoteli zhodnoti\u0165 cel\u00fd de\u0148. Kulin\u00e1rske \u0161peciality a hrejiv\u00fd ohe\u0148 id\u00fa ruka v ruke v chate Latschenh\u00fctte ne\u010faleko hotela Pierer pri romantickom jazere Teichalmsee v pr\u00edrodnom parku Almenland. V\u00fddatn\u00e9 alpsk\u00e9 kulin\u00e1rske \u0161peciality a chutn\u00e1 dom\u00e1ca kuchy\u0148a rozmazn\u00e1vaj\u00fa host\u00ed vychutn\u00e1vaj\u00facich si v\u00fdh\u013ead na pr\u00edrodu. A\u017e do polovice decembra si m\u00f4\u017eete v hostinci Hofer Toni v obci Stubenberg am See vo v\u00fdchodo\u0161tajerskom jablkovom kraji pochutna\u0165 na typickom v\u00fdchodo\u0161tajerskom olovrante na drievku s fazu\u013eov\u00fdm \u0161al\u00e1tom. Kach\u013eov\u00e1 pec pri stole pre \u0161tamgastov sa postar\u00e1 o \u00fatuln\u00e9 a tepl\u00e9 chv\u00edle.<\/p>\n<p style=\"text-align: center;\"><strong>\u00a0<img loading=\"lazy\" decoding=\"async\" class=\"alignnone size-full wp-image-89224\" src=\"https:\/\/slovaklinesmagazin.sk\/cms\/wp-content\/uploads\/2021\/10\/14485_Steiermark-Tourismus-Tom-Lamm-scaled.jpg\" alt=\"\" width=\"2560\" height=\"1707\" srcset=\"https:\/\/www.slovaklinesmagazin.sk\/cms\/wp-content\/uploads\/2021\/10\/14485_Steiermark-Tourismus-Tom-Lamm-scaled.jpg 2560w, https:\/\/www.slovaklinesmagazin.sk\/cms\/wp-content\/uploads\/2021\/10\/14485_Steiermark-Tourismus-Tom-Lamm-300x200.jpg 300w, https:\/\/www.slovaklinesmagazin.sk\/cms\/wp-content\/uploads\/2021\/10\/14485_Steiermark-Tourismus-Tom-Lamm-1024x683.jpg 1024w, https:\/\/www.slovaklinesmagazin.sk\/cms\/wp-content\/uploads\/2021\/10\/14485_Steiermark-Tourismus-Tom-Lamm-768x512.jpg 768w, https:\/\/www.slovaklinesmagazin.sk\/cms\/wp-content\/uploads\/2021\/10\/14485_Steiermark-Tourismus-Tom-Lamm-600x400.jpg 600w, https:\/\/www.slovaklinesmagazin.sk\/cms\/wp-content\/uploads\/2021\/10\/14485_Steiermark-Tourismus-Tom-Lamm-1536x1024.jpg 1536w, https:\/\/www.slovaklinesmagazin.sk\/cms\/wp-content\/uploads\/2021\/10\/14485_Steiermark-Tourismus-Tom-Lamm-2048x1365.jpg 2048w\" sizes=\"auto, (max-width: 2560px) 100vw, 2560px\" \/><\/strong><\/p>\n<p style=\"text-align: center;\"><span>\u00a9 Steiermark Tourismus |\u00a0<\/span><span>Tom Lamb<\/span><\/p>\n<ol start=\"7\">\n<li><strong> Tak vonia advent&#8230;<\/strong><\/li>\n<\/ol>\n<p><strong>&#8230;na trhu Grieskindlmarkt na n\u00e1mest\u00ed Nikolaiplatz<\/strong>. Pod doh\u013eadom sv\u00e4t\u00e9ho Mikul\u00e1\u0161a sa na n\u00e1mest\u00ed Nikolaiplatz (medzi hotelom Weitzer a n\u00e1mest\u00edm Entenplatz) kon\u00e1 udr\u017eate\u013en\u00fd viano\u010dn\u00fd trh. Je na \u0148om zast\u00fapen\u00e1 \u0161tajersk\u00e1 dizajn\u00e9rska sc\u00e9na s ru\u010dne vyr\u00e1ban\u00fdmi v\u00fdrobkami z oblasti m\u00f3dy, bytov\u00fdch dekor\u00e1ci\u00ed, pr\u00edrodnej kozmetiky, \u0161perkov a doplnkov. Zameriava sa na udr\u017eate\u013enos\u0165, ekologick\u00e9 hospod\u00e1rstvo a \u201eredukovanie odpadu\u201c. Okrem toho tu n\u00e1jdete dom\u00e1ce dobroty z babi\u010dkinej kuchyne, ako s\u00fa su\u0161ienky, bio varen\u00e9 v\u00edno a, samozrejme, \u010daj. Adventn\u00fd trh, ako sa patr\u00ed: Dom\u00e1ci, podnetn\u00fd a pre dobr\u00fa vec.<\/p>\n<p>&nbsp;<\/p>\n<p><strong>&#8230;v okol\u00ed hory Erzberg a mesta Leoben. <\/strong>Najm\u00e4 v pokojnom obdob\u00ed roka si \u013eudia v regi\u00f3ne pripom\u00ednaj\u00fa svoje bohat\u00e9 zvyky a trad\u00edcie. Oslavy na po\u010des\u0165 sv\u00e4tej Barbory, patr\u00f3nky ban\u00edkov, \u201eMettenschicht\u201c, ale aj tradi\u010dn\u00e9 adventn\u00e9 trhy pril\u00e1kaj\u00fa ka\u017edoro\u010dne do regi\u00f3nu, ktor\u00fd sa presl\u00e1vil svojimi ban\u00edckymi zvykmi, mno\u017estvo n\u00e1v\u0161tevn\u00edkov. Kulin\u00e1rskou \u0161pecialitou je tradi\u010dn\u00e9 pivo Barbarabier, ktor\u00e9 sa var\u00ed na po\u010des\u0165 sv\u00e4tej Barbory, patr\u00f3nky ban\u00edkov, a najlep\u0161ie si ho vychutn\u00e1te \u010derstvo na\u010dapovan\u00e9 okolo 4. decembra.<\/p>\n<p>&nbsp;<\/p>\n<p><strong>&#8230;na tradi\u010dnom advente v Mariazelli. <\/strong>Bez ak\u00e9hoko\u013evek zhonu bude aj tento rok v Mariazelli po\u010das adventn\u00e9ho obdobia v popred\u00ed umenie a remesl\u00e1. Najpokojnej\u0161ie obdobie roka sa tu za\u010d\u00edna 18. novembra s ve\u013ekoryso rozmiestnen\u00fdmi adventn\u00fdmi st\u00e1nkami, ktor\u00e9 zaru\u010duj\u00fa maxim\u00e1lnu bezpe\u010dnos\u0165. Ako ka\u017ed\u00fd rok v\u00e1s o\u010dar\u00ed sviato\u010dne vyzdoben\u00e9 hlavn\u00e9 n\u00e1mestie s najv\u00e4\u010d\u0161\u00edm visiacim adventn\u00fdm vencom na svete s \u00fachvatnou kulisou mariazellskej baziliky.<\/p>\n<p>Otv\u00e1racie hodiny adventn\u00e9ho trhu: 18. november a\u017e 19. december 2021 po\u010das \u0161tyroch adventn\u00fdch v\u00edkendov od \u0161tvrtka do nedele a v stredu 8. decembra. <a href=\"https:\/\/www.mariazeller-advent.at\/\">www.mariazeller-advent.at<\/a><\/p>\n<p>&nbsp;<\/p>\n<ul>\n<li><strong>Tip:<\/strong> Zo\u00a0zjazdovky na\u00a0pern\u00edk. Ly\u017eiarske stredisk\u00e1 v\u00a0regi\u00f3ne poz\u00fdvaj\u00fa na\u00a0prv\u00fa ly\u017eova\u010dku u\u017e v\u00a0obdob\u00ed adventu. N\u00e1jdete tu t\u00fa najlep\u0161iu kombin\u00e1ciu ly\u017eiarskych z\u00e1\u017eitkov s\u00a0atmosf\u00e9rou adventu. V ly\u017eiarskych stredisk\u00e1ch si m\u00f4\u017eete cez de\u0148 u\u017e\u00edva\u0165 zjazdovky a ve\u010der relaxova\u0165 a spozn\u00e1va\u0165 trad\u00edcie, obdivova\u0165 remesl\u00e1 a ochutn\u00e1va\u0165 region\u00e1lnu kuchy\u0148u na adventn\u00fdch trhoch v mest\u00e1ch Horn\u00e9ho \u0160tajerska.<\/li>\n<\/ul>\n<p>&nbsp;<\/p>\n<ol start=\"8\">\n<li><strong> Za\u017eite viano\u010dn\u00e9 n\u00e1kupy z osobn\u00e9ho a region\u00e1lneho poh\u013eadu&#8230;<\/strong><\/li>\n<\/ol>\n<p><strong>&#8230;v obchode s\u00a0umeleckoremeseln\u00fdmi produktami Kunsthandwerk am Hof v Grazi<\/strong><\/p>\n<p>Na kr\u00e1snom n\u00e1dvor\u00ed (Hans-Sachs-Gasse 6) v starom meste Graz sa nach\u00e1dza obchod s remeseln\u00fdmi v\u00fdrobkami, suven\u00edrmi a dar\u010dekmi v\u0161etk\u00e9ho druhu, ktor\u00fd v\u00e1m odpor\u00fa\u010dame ako tajn\u00fd tip. N\u00e1jdete tu lacn\u00e9 v\u00fdrobky a dar\u010deky pre v\u0161etky ro\u010dn\u00e9 obdobia, ve\u013ea mal\u00fdch prekvapen\u00ed najm\u00e4 na Vianoce a Ve\u013ek\u00fa noc. Bohat\u00fd sortiment obsahuje v\u0161etko, \u010do potrebujete pre \u00fatuln\u00fd domov: Dekor\u00e1cie do izby, ru\u010dne \u0161it\u00e9 z\u00e1vesy, obrusy, dekora\u010dn\u00e9 vank\u00fa\u0161e, levandu\u013eov\u00e9 vrec\u00fa\u0161ka a ru\u010dne \u0161it\u00fa poste\u013en\u00fa bielize\u0148 Richelieu a \u010dipkovan\u00e9 oblie\u010dky. Atmosf\u00e9ra v klenutej miestnosti dvorn\u00e9ho kr\u00eddla, postaven\u00e9ho v roku 1492, priam nab\u00e1da k prehrab\u00e1vaniu a prezeraniu.<\/p>\n<p>&nbsp;<\/p>\n<p><strong>&#8230;v obchodnom dome Kastner &amp; \u00d6hler<\/strong><\/p>\n<p>Lond\u00fdn m\u00e1 Harrods, Graz m\u00e1 Kastner &amp; \u00d6hler. Ale obchodn\u00fd dom ako osobn\u00fd a region\u00e1lny tip? Zvy\u010dajne nie, ale Kastner &amp; \u00d6hler reprezentuje trad\u00edciu a regi\u00f3n. Obchodn\u00fd dom v Grazi je u\u017e viac ako 100 rokov symbolom kvality na v\u0161etk\u00fdch \u00farovniach a m\u00e1 \u0161irok\u00fa ponuku butikov, hra\u010dk\u00e1rstiev a neuverite\u013en\u00fa stre\u0161n\u00fa terasu s jedine\u010dn\u00fdm v\u00fdh\u013eadom na Graz.<\/p>\n<p><u>Historick\u00e9 pozadie:<\/u> V roku 1883 zme\u0161kal Karl Kastner v Grazi pr\u00edpojn\u00fd vlak do Z\u00e1hrebu. Pri prehliadke mesta na\u0161iel pr\u00e1zdny obchod na ulici Sackstra\u00dfe v centre mesta a prenajal si ho. Tak vznikla jeho firma v Grazi. V roku 1885 zaviedla firma ako prv\u00e1 v strednej Eur\u00f3pe pevn\u00e9 ceny. Tieto pevn\u00e9 ceny umo\u017enili \u010fal\u0161\u00ed inova\u010dn\u00fd krok: Spolo\u010dnos\u0165 Kastner &amp; \u00d6hler spustila v roku 1887 ako jedna z prv\u00fdch spolo\u010dnost\u00ed v Eur\u00f3pe z\u00e1sielkov\u00fd predaj. <a href=\"https:\/\/www.kastner-oehler.at\/\">https:\/\/www.kastner-oehler.at\/<\/a><\/p>\n<p>&nbsp;<\/p>\n<p><strong>&#8230;v obchodnom dome Arzberger v Mariazelli<\/strong><\/p>\n<p>Po n\u00e1v\u0161teve mariazellsk\u00e9ho adventu alebo pred \u0148ou by ste si ur\u010dite mali napl\u00e1nova\u0165 miestne n\u00e1kupy \u2013 \u010di u\u017e p\u00f4jdete do Pirkeru na pern\u00edk, nav\u0161t\u00edvite lek\u00e1re\u0148 Matky Bo\u017eej alebo obchodn\u00fd dom Arzberger \u2013 region\u00e1lne, chutn\u00e9, zdrav\u00e9, ale aj u\u0161\u013eachtil\u00e9, typick\u00e9 a skuto\u010dne \u0161tajersk\u00e9 v\u00fdrobky \u010dakaj\u00fa, k\u00fdm ich objav\u00edte. Obchodn\u00fd dom Arzberger v\u0161ak pon\u00faka zvl\u00e1\u0161tny z\u00e1\u017eitok. N\u00e1v\u0161tevn\u00edci tu n\u00e1jdu manufakt\u00faru na v\u00fdrobu lik\u00e9rov, ob\u013e\u00faben\u00fd \u201ePantherstrick\u201c, gurm\u00e1nsky bar a dokonca aj vinot\u00e9ku. Od svojho zalo\u017eenia v roku 1871 sa dom neust\u00e1le men\u00ed. Nielen budova, ktor\u00e1 pre\u0161la nespo\u010detn\u00fdmi rekon\u0161trukciami, ale aj sortiment v\u00fdrobkov a koncepcia spolo\u010dnosti pre\u0161li mnoh\u00fdmi zmenami. Pre\u0161lo mnoho v\u00fdvojov\u00fdch et\u00e1p, k\u00fdm sa z malej predajne potrav\u00edn v dome b\u00fdval\u00e9ho hotela Feichtegger stal modern\u00fd obchodn\u00fd dom. <a href=\"https:\/\/www.arzberger.co.at\/\">www.arzberger.co.at<\/a><\/p>\n<p>&nbsp;<\/p>\n<p><strong>&#8230;v GenussReich v ERZBERG LEOBEN<\/strong><\/p>\n<p>Nov\u00fd z\u00e1\u017eitkov\u00fd regi\u00f3n ERZBERG LEOBEN je bohat\u00fd nielen na hutn\u00edcke dedi\u010dstvo, ale predov\u0161etk\u00fdm na kulin\u00e1rsku rozmanitos\u0165.\u00a0 GenussReich predstavuje region\u00e1lnos\u0165, vz\u00e1jomn\u00fa d\u00f4veru, vysledovate\u013en\u00e9 v\u00fdrobn\u00e9 postupy, dobr\u00fa chu\u0165 a rados\u0165 zo v\u0161etk\u00fdch t\u00fdchto vec\u00ed. V okol\u00ed Erzbergu a Leobenu je viac ako 80 partnerov GenussReich. Oplat\u00ed sa cestova\u0165 s polopr\u00e1zdnymi kuframi, preto\u017ee na gurm\u00e1nov tu \u010dakaj\u00fa vynikaj\u00face slaninov\u00e9 \u0161peciality, miestne pivo, jablkov\u00fd d\u017e\u00fas a cider, bio med a mnoho \u010fal\u0161ieho. <a href=\"https:\/\/www.genussreich.at\/\">https:\/\/www.genussreich.at\/<\/a><\/p>\n<p>&nbsp;<\/p>\n<p><strong>&#8230;v star\u00fdch mest\u00e1ch a na viano\u010dn\u00fdch trhoch vo v\u00fdchodnom \u0160tajersku<\/strong><\/p>\n<p>Idylick\u00e9 adventn\u00e9 a viano\u010dn\u00e9 trhy vo v\u00fdchodnom \u0160tajersku s\u00fa pastvou nielen pre mal\u00e9 o\u010di: Historick\u00e9 star\u00e9 mest\u00e1 s\u00fa \u017eiarivo osvetlen\u00e9 a centr\u00e1 Weizu, Hartbergu, Gleisdorfu a Friedbergu sa premie\u0148aj\u00fa na neskuto\u010dn\u00e9 fotografick\u00e9 kulisy. Pri nakupovan\u00ed v uli\u010dk\u00e1ch star\u00fdch miest si m\u00f4\u017eete zak\u00fapi\u0165 s l\u00e1skou vyroben\u00e9 individu\u00e1lne dar\u010deky pre svojich bl\u00edzkych a na adventn\u00fdch a viano\u010dn\u00fdch trhoch m\u00e1te k dispoz\u00edcii \u0161irok\u00fa ponuku v\u00fdchodo\u0161tajersk\u00fdch remeseln\u00fdch v\u00fdrobkov. Pestr\u00e9 sprievodn\u00e9 programy, viano\u010dn\u00e1 po\u0161ta, kor\u010du\u013eovanie a vynikaj\u00face kulin\u00e1rske \u0161peciality charakterizuj\u00fa adventn\u00e9 a viano\u010dn\u00e9 obdobie v z\u00e1hrade Rak\u00faska. Po\u010das adventu a Vianoc na v\u00e1s \u010dak\u00e1 ve\u013ea zauj\u00edmav\u00fdch vec\u00ed aj mimo miest: Na host\u00ed vo v\u00fdchodnom \u0160tajersku \u010dakaj\u00fa tradi\u010dn\u00e9 trhy, romantick\u00e9 viano\u010dn\u00e9 trhy v idylickom prostred\u00ed, prech\u00e1dzky pri splne mesiaca a mnoho \u010fal\u0161ieho.<\/p>\n<p>Term\u00edny za\u010diatku mestsk\u00fdch viano\u010dn\u00fdch trhov (m\u00f4\u017eu sa zmeni\u0165 pod\u013ea situ\u00e1cie v s\u00favislosti s pand\u00e9miou koronav\u00edrusu!)<\/p>\n<p>Viano\u010dn\u00e9 k\u00fazlo v meste Hartberg: od 26. novembra<\/p>\n<p>Viano\u010dn\u00fd trh v meste Gleisdorf: od 03. decembra<\/p>\n<p>Weizer Christkindlmarkt: od 26. novembra<\/p>\n<p><a href=\"https:\/\/www.oststeiermark.com\/oststeiermark-region\/veranstaltungssuche.html#\/veranstaltungen\">www.oststeiermark.com\/oststeiermark-region\/veranstaltungssuche.html#\/veranstaltungen<\/a><\/p>\n<p>&nbsp;<\/p>\n<p>&nbsp;<\/p>\n<p><strong>&#8230;vo vinot\u00e9ke Vinofaktur Genussregal S\u00fcdsteiermark v meste Vogau<\/strong><\/p>\n<p>Na ploche 1700 m\u00b2 tu n\u00e1v\u0161tevn\u00edci n\u00e1jdu ponuku region\u00e1lnych v\u00fdrobkov, ktor\u00e1 nem\u00e1 konkurenciu \u2013 od najv\u00e4\u010d\u0161ej vinot\u00e9ky v \u0160tajersku cez \u010datn\u00ed, syry, d\u017eemy, cestoviny, hor\u010dicu, \u0161unku a klob\u00e1sy, nakladan\u00e9 ovocie a zeleninu a\u017e po kvalitn\u00e9 liehoviny a whisky. V najv\u00e4\u010d\u0161ej \u0161tajerskej vinot\u00e9ke sa priamo na mieste skladuj\u00fa \u0161tajersk\u00e9 klasick\u00e9 a miestne v\u00edna, ale aj raritn\u00e9 v\u00edna. Vzh\u013eadom na s\u00fa\u010dasn\u00fa situ\u00e1ciu je v\u00fdstava a\u017e do odvolania zatvoren\u00e1, no hala tr\u017enice s mno\u017estvom v\u00fdrobkov a bohat\u00fdm sortimentom v\u00edn je otvoren\u00e1. Po. \u2013 Ne.: 09:00 \u2013 18:00 hod. Aj po\u010das \u0161t\u00e1tnych sviatkov. <a href=\"https:\/\/www.genussregal.at\/\">www.genussregal.at<\/a><\/p>\n<p><strong>\u00a0<\/strong><\/p>\n<ol start=\"9\">\n<li><strong> Vypl\u0148te bielu zimu pestr\u00fdmi v\u00fdletn\u00fdmi destin\u00e1ciami&#8230;<\/strong><\/li>\n<\/ol>\n<p><strong>&#8230;s Grazsk\u00fdmi gr\u00e1ciami \u2013 interakt\u00edvnou prehliadkou po Grazi.<\/strong> Presk\u00fama\u0165 centrum Grazu na vlastn\u00fa p\u00e4s\u0165 \u2013 to je motto, ktor\u00fdm sa tu riadite. Ako to funguje? S osobn\u00fdm multimedi\u00e1lnym sprievodcom po meste v smartf\u00f3ne. Po stiahnut\u00ed tu n\u00e1jdete v\u00fdber pamiatok, naz\u00fdvan\u00fdch aj \u201eGrazske gr\u00e1cie\u201c, a okrem toho sa dozviete vzru\u0161uj\u00face a z\u00e1bavn\u00e9 anekdoty. Prech\u00e1dzka vedie cez celkovo 17 stanov\u00ed\u0161\u0165 a atmosf\u00e9ru mesta v\u00e1m pritom sprostredk\u00favaj\u00fa origin\u00e1lne zvuky. Pre v\u0161etk\u00fdch milovn\u00edkov h\u00e1daniek je tu hra: Po ka\u017edom stanovi\u0161ti m\u00f4\u017eete odpoveda\u0165 na z\u00e1ludn\u00e9 kv\u00edzov\u00e9 ot\u00e1zky, z ktor\u00fdch na konci prehliadky vyplynie tajni\u010dka. Odmenou bude mal\u00e9 prekvapenie. <a href=\"https:\/\/www.locandy.com\/q\/at-graz-grazien\">www.locandy.com\/q\/at-graz-grazien<\/a><\/p>\n<p>&nbsp;<\/p>\n<p><strong>&#8230; v m\u00fazeu zimn\u00fdch \u0161portov v M\u00fcrzzuschlag.<\/strong> Kompeten\u010dn\u00e9 centrum pre ly\u017eovanie a zimn\u00e9 \u0161porty bolo zalo\u017een\u00e9 v roku 1947 s my\u0161lienkou na v\u00fdznam tohto regi\u00f3nu z poh\u013eadu hist\u00f3rie ly\u017eovania. Zbierka sa v priebehu rokov neust\u00e1le rozrastala a v s\u00fa\u010dasnosti je jednou z najv\u00fdznamnej\u0161\u00edch vo svojej oblasti na svete. V kombin\u00e1cii s bohat\u00fdm arch\u00edvom a rozsiahlou kni\u017enicou sa zhroma\u017edilo ve\u013ek\u00e9 mno\u017estvo odborn\u00fdch poznatkov a WinterSportMuseum sa stalo kompeten\u010dn\u00fdm centrom pre ly\u017eovanie a zimn\u00e9 \u0161porty v Rak\u00fasku a Eur\u00f3pe. \u0160irok\u00e1 \u0161k\u00e1la vzdel\u00e1vac\u00edch programov premen\u00ed n\u00e1v\u0161tevu m\u00fazea na z\u00e1\u017eitok. Okrem toho v\u00e1s na n\u00e1v\u0161tevu poz\u00fdva kaviare\u0148 <em>Skirockcafe<\/em> a ob\u013e\u00faben\u00e1 ly\u017eiarska chata. Atraktivitu m\u00fazea zvy\u0161uj\u00fa po\u010detn\u00e9 podujatia organizovan\u00e9 \u0161pecializovan\u00fdm t\u00edmom. <a href=\"https:\/\/www.wintersportmuseum.com\/at\/\">www.wintersportmuseum.com\/at<\/a><\/p>\n<p>&nbsp;<\/p>\n<p><strong>Tip pre rodinu<\/strong>:<strong> Svet zvierat Herberstein<\/strong><\/p>\n<p>Cesta okolo sveta za jeden de\u0148. To je motto pre v\u00fdletn\u00fd rok 2021 vo svete zvierat Herberstein. Tu sa vyd\u00e1te na safari po celom svete. Vo svete zvierat \u017eije viac ako 700 zvierat z 85 druhov zo v\u0161etk\u00fdch piatich kontinentov. Hrd\u00fd p\u00e1v zavedie n\u00e1v\u0161tevn\u00edkov do exotickej rozmanitosti \u00c1zie, kde spolu s pandou \u010dervenou presk\u00famaj\u00fa Nep\u00e1l. Aj Eur\u00f3pa skr\u00fdva mnoho prekvapen\u00ed v podobe impozantn\u00e9ho daniela alebo takmer vyhynut\u00e9ho rysa. Potom sa vyd\u00e1me k st\u00e1du biz\u00f3nov na severoamerick\u00fdch pr\u00e9ri\u00e1ch, do juhoamerickej d\u017eungle s tamar\u00ednom pin\u010d\u00edm a do z\u00e1vratn\u00fdch v\u00fd\u0161ok \u00c1nd s lamami alpakami, a nakoniec sa stretneme s kr\u00e1\u013eom zvierat, levom C\u00e9zarom, a jeho mladou rodinou v Afrike.<\/p>\n<p>Otv\u00e1racie hodiny v zime: 08. november 2021 \u2013 16. marec 2022 od \u0161tvrtka do nedele a po\u010das \u0161t\u00e1tnych sviatkov od 10:00 do 15:30 hod. Pobyt v parku do 16:00 hod. <a href=\"http:\/\/www.tierwelt-herberstein.at\">www.tierwelt-herberstein.at<\/a><\/p>\n<p>&nbsp;<\/p>\n<ol start=\"10\">\n<li><strong> Vychutnajte si kulin\u00e1rske \u0161peciality v \u0161tajersk\u00fdch chat\u00e1ch&#8230;<\/strong><\/li>\n<\/ol>\n<p><strong>P\u00f4\u017eitok v ly\u017eiarskom stredisku Aflenzer B\u00fcrgeralm v Hornom \u0160tajersku<\/strong><\/p>\n<p>Dom\u00e1ce chatov\u00e9 \u0161peciality ud\u00e1vaj\u00fa t\u00f3n v ly\u017eiarskom stredisku Aflenzer B\u00fcrgeralm v Hornom \u0160tajersku. \u010ci u\u017e je to \u0161tr\u00fad\u013eov\u00e1 polievka na chate L\u00e4rchenh\u00fctte, T\u00fcrkentommerl a Fedlkoch na chate Almrauschh\u00fctte, Schweinsbratl a Buchtln na chate Wirtshaus Pierergut alebo \u0165ahan\u00e9 farm\u00e1rske \u0161i\u0161ky na chate Sch\u00f6nleitenhaus. Ak toho e\u0161te nem\u00e1te dos\u0165, m\u00f4\u017eete ochutna\u0165 divinu v re\u0161taur\u00e1cii Hochschwabwirt v obci Th\u00f6rl, kde s\u00fa na jed\u00e1lnom l\u00edstku jelene, kamz\u00edky, srny a in\u00e9. Mimochodom, HOCHschwabwirt je jedn\u00fdm zo 14 hostincov \u201eWilde Wirte\u201c v regi\u00f3ne. <a href=\"https:\/\/www.hochsteiermark.at\/at\/kulinarik\/kulinarikinitiativen\/genussregion-hochschwab-wild\">www.hochsteiermark.at\/at\/kulinarik\/kulinarikinitiativen\/genussregion-hochschwab-wild<\/a><\/p>\n<p><img loading=\"lazy\" decoding=\"async\" class=\"size-full wp-image-89225\" src=\"https:\/\/slovaklinesmagazin.sk\/cms\/wp-content\/uploads\/2021\/10\/14404_Steiermark-Tourismus-photo-austria.at_-scaled.jpg\" alt=\"\" width=\"2560\" height=\"1708\" srcset=\"https:\/\/www.slovaklinesmagazin.sk\/cms\/wp-content\/uploads\/2021\/10\/14404_Steiermark-Tourismus-photo-austria.at_-scaled.jpg 2560w, https:\/\/www.slovaklinesmagazin.sk\/cms\/wp-content\/uploads\/2021\/10\/14404_Steiermark-Tourismus-photo-austria.at_-300x200.jpg 300w, https:\/\/www.slovaklinesmagazin.sk\/cms\/wp-content\/uploads\/2021\/10\/14404_Steiermark-Tourismus-photo-austria.at_-1024x683.jpg 1024w, https:\/\/www.slovaklinesmagazin.sk\/cms\/wp-content\/uploads\/2021\/10\/14404_Steiermark-Tourismus-photo-austria.at_-768x512.jpg 768w, https:\/\/www.slovaklinesmagazin.sk\/cms\/wp-content\/uploads\/2021\/10\/14404_Steiermark-Tourismus-photo-austria.at_-600x400.jpg 600w, https:\/\/www.slovaklinesmagazin.sk\/cms\/wp-content\/uploads\/2021\/10\/14404_Steiermark-Tourismus-photo-austria.at_-1536x1025.jpg 1536w, https:\/\/www.slovaklinesmagazin.sk\/cms\/wp-content\/uploads\/2021\/10\/14404_Steiermark-Tourismus-photo-austria.at_-2048x1366.jpg 2048w\" sizes=\"auto, (max-width: 2560px) 100vw, 2560px\" \/><\/p>\n<p style=\"text-align: center;\"><span>\u00a9 Steiermark Tourismus |\u00a0<\/span><span>foto-austria.at<\/span><\/p>\n<p>T\u00ed, ktor\u00fdm ch\u00fdba skuto\u010dn\u00fd chatov\u00fd z\u00e1\u017eitok, sa m\u00f4\u017eu vybra\u0165 na Aflenzer B\u00fcrgeralm na t\u00faru\u201c<strong>od chaty k chate\u201c<\/strong>. M\u00f4\u017eete tu stretn\u00fa\u0165 kamz\u00edky, kozoro\u017ece a sne\u017en\u00e9 zajace. Krajina v oblasti s najv\u00e4\u010d\u0161\u00edm po\u010dtom hus\u00ed v Eur\u00f3pe je p\u00f4sobiv\u00e1 v lete aj v zime. T\u00fara po chat\u00e1ch vedie z Almboden do Sch\u00f6nleitenhaus k dom\u00e1cej pani Hermi, ktor\u00e1 svojich host\u00ed rozmazn\u00e1va sl\u00e1vnymi Bauernkrapfen a poh\u00e1rom p\u00e1lenky.<\/p>\n<p>&nbsp;<\/p>\n<ol start=\"11\">\n<li>Aj v zime si m\u00f4\u017eete vychutna\u0165 poh\u00e1r dobr\u00e9ho v\u00edna&#8230;<\/li>\n<\/ol>\n<p><strong>Zimn\u00fd p\u00f4\u017eitok v\u00a0hostincoch v ju\u017enom \u0160tajersku<\/strong><\/p>\n<p>Ke\u010f posledn\u00e9 pestrofarebn\u00e9 l\u00edstie opad\u00e1 na zem a teploty za\u010dn\u00fa by\u0165 \u010doraz mrazivej\u0161ie, znamen\u00e1 to, \u017ee zima dorazila aj do ju\u017en\u00e9ho \u0160tajerska. Nemus\u00edte sa v\u0161ak ob\u00e1va\u0165 \u2013 na juhu \u0160tajerska sa toho deje ve\u013ea aj v chladnom obdob\u00ed. U\u017e ste si niekedy vychutnali lahodn\u00e9 pohostenie na drievku a poh\u00e1r dobr\u00e9ho v\u00edna pri po\u010d\u00favan\u00ed praskaj\u00faceho oh\u0148a v kachliach? Nie? Potom je najvy\u0161\u0161\u00ed \u010das nav\u0161t\u00edvi\u0165 hostince nielen v\u00a0tepl\u00fdch ro\u010dn\u00fdch obdobiach, ale aj v zimn\u00fdch mesiacoch. Mnoh\u00e9 zariadenia na juhu \u0160tajerska predl\u017euj\u00fa sez\u00f3nu a radi priv\u00edtaj\u00fa host\u00ed aj po\u010das chladn\u00e9ho obdobia. <a href=\"https:\/\/www.suedsteiermark.com\/de\/Urlaub-planen\/4-Jahreszeiten\/Winter\">https:\/\/www.suedsteiermark.com\/de\/Urlaub-planen\/4-Jahreszeiten\/Winter<\/a><\/p>\n<p>V regi\u00f3ne Schilcherland s\u00fa prev\u00e1dzky otvoren\u00e9 aj v zime: <a href=\"https:\/\/www.schilcherland.at\/de\/Erlebnisbereiche\/Winteraktivitaeten\/Buschenschaenke\">https:\/\/www.schilcherland.at\/de\/Erlebnisbereiche\/Winteraktivitaeten\/Buschenschaenke<\/a><\/p>\n<p>&nbsp;<\/p>\n<p><strong>Ochutn\u00e1vky sudov\u00e9ho v\u00edna v ju\u017enom \u0160tajersku<\/strong><\/p>\n<p>Ke\u010f sa nad ju\u017en\u00fdm \u0160tajerskom rozhost\u00ed zimn\u00fd pokoj, na prv\u00fd poh\u013ead sa m\u00f4\u017ee zda\u0165, \u017ee sa tu zastavil \u010das. V pivniciach vin\u00e1rstiev sa prirodzene pracuje aj v chladn\u00fdch mesiacoch po zbere \u00farody, preto\u017ee nov\u00fd ro\u010dn\u00edk v\u00edna chce pr\u00eds\u0165 na svet, a preto si vy\u017eaduje ve\u013ek\u00fa pozornos\u0165 vinohradn\u00edkov a ich pomocn\u00edkov. Ochutn\u00e1vky sudov\u00fdch v\u00edn v ju\u017enom \u0160tajersku, na ktor\u00e9 je vstup zdarma a nie je potrebn\u00e9 sa vopred objedn\u00e1va\u0165, pon\u00fakaj\u00fa ide\u00e1lnu pr\u00edle\u017eitos\u0165 nav\u0161t\u00edvi\u0165 pivnicu svojho ob\u013e\u00faben\u00e9ho vin\u00e1ra a ochutna\u0165 lahodn\u00e9 v\u00edna priamo zo sudov. Vo v\u00ednnych pivniciach ju\u017en\u00e9ho \u0160tajerska vl\u00e1dne najm\u00e4 v zime ve\u013emi zvl\u00e1\u0161tna atmosf\u00e9ra, ktor\u00fa m\u00f4\u017eete za\u017ei\u0165 e\u0161te intenz\u00edvnej\u0161ie po\u010das n\u00e1v\u0161tevy obohatenej pr\u00edbehmi zo \u017eivota juho\u0161tajersk\u00e9ho vinohradn\u00edka. Presn\u00e9 term\u00edny pre rok 2021 a z\u00fa\u010dastnen\u00e9 podniky bud\u00fa zverejnen\u00e9 v najbli\u017e\u0161\u00edch d\u0148och:<\/p>\n<p><a href=\"https:\/\/www.suedsteiermark.com\/de\/Verkosten-Geniessen\/Weinerlebnisse\/Weinveranstaltungen\/Fassprobenverkostungen-2020\">https:\/\/www.suedsteiermark.com\/de\/Verkosten-Geniessen\/Weinerlebnisse\/Weinveranstaltungen\/Fassprobenverkostungen-2020<\/a><\/p>\n<p>&nbsp;<\/p>\n<p>Fotografia na titulke: \u00a9 Steiermark Tourismus |\u00a0Tom Lamb<\/p>\n<p>&nbsp;<\/p>\n<p>&nbsp;<\/p>\n<p>&nbsp;<\/p>\n<h3><\/h3>\n","protected":false},"excerpt":{"rendered":"<p>Vychutna\u0165 si prv\u00fa jazdu na svahu, odd\u00fdchnu\u0165 si v pr\u00edjemnej term\u00e1lnej vode, necha\u0165 sa opanta\u0165 v\u00f4\u0148ou pern\u00edka a hor\u00faceho varen\u00e9ho v\u00edna,&#8230; Ako ve\u013emi n\u00e1m ch\u00fdbala zimn\u00e1 dovolenka v \u0160tajersku. \u00c1no, v tradi\u010dnom zmysle nejde o ni\u010d \u201enov\u00e9\u201c, no t\u00fato zimu sa zamysl\u00edme nad t\u00fdm, \u010do m\u00e1me, a predov\u0161etk\u00fdm nad t\u00fdm, \u010do n\u00e1m ch\u00fdbalo a \u010d\u00edm [&hellip;]<\/p>\n","protected":false},"author":7,"featured_media":89219,"comment_status":"closed","ping_status":"closed","sticky":false,"template":"","format":"standard","meta":{"footnotes":""},"categories":[13,52,56,50],"tags":[],"class_list":["post-89218","post","type-post","status-publish","format-standard","has-post-thumbnail","hentry","category-real-estate","category-outdoor","category-priroda","category-radim-vam","eq-blocks"],"_links":{"self":[{"href":"https:\/\/www.slovaklinesmagazin.sk\/cms\/wp-json\/wp\/v2\/posts\/89218","targetHints":{"allow":["GET"]}}],"collection":[{"href":"https:\/\/www.slovaklinesmagazin.sk\/cms\/wp-json\/wp\/v2\/posts"}],"about":[{"href":"https:\/\/www.slovaklinesmagazin.sk\/cms\/wp-json\/wp\/v2\/types\/post"}],"author":[{"embeddable":true,"href":"https:\/\/www.slovaklinesmagazin.sk\/cms\/wp-json\/wp\/v2\/users\/7"}],"replies":[{"embeddable":true,"href":"https:\/\/www.slovaklinesmagazin.sk\/cms\/wp-json\/wp\/v2\/comments?post=89218"}],"version-history":[{"count":1,"href":"https:\/\/www.slovaklinesmagazin.sk\/cms\/wp-json\/wp\/v2\/posts\/89218\/revisions"}],"predecessor-version":[{"id":89226,"href":"https:\/\/www.slovaklinesmagazin.sk\/cms\/wp-json\/wp\/v2\/posts\/89218\/revisions\/89226"}],"wp:featuredmedia":[{"embeddable":true,"href":"https:\/\/www.slovaklinesmagazin.sk\/cms\/wp-json\/wp\/v2\/media\/89219"}],"wp:attachment":[{"href":"https:\/\/www.slovaklinesmagazin.sk\/cms\/wp-json\/wp\/v2\/media?parent=89218"}],"wp:term":[{"taxonomy":"category","embeddable":true,"href":"https:\/\/www.slovaklinesmagazin.sk\/cms\/wp-json\/wp\/v2\/categories?post=89218"},{"taxonomy":"post_tag","embeddable":true,"href":"https:\/\/www.slovaklinesmagazin.sk\/cms\/wp-json\/wp\/v2\/tags?post=89218"}],"curies":[{"name":"wp","href":"https:\/\/api.w.org\/{rel}","templated":true}]}}