{"id":89622,"date":"2022-01-11T16:09:49","date_gmt":"2022-01-11T14:09:49","guid":{"rendered":"https:\/\/slovaklinesmagazin.sk\/cms\/?p=89622"},"modified":"2022-01-11T16:10:04","modified_gmt":"2022-01-11T14:10:04","slug":"novym-generalnym-riaditelom-slovenskej-filharmonie-sa-stal-marian-turner","status":"publish","type":"post","link":"https:\/\/www.slovaklinesmagazin.sk\/cms\/2022\/01\/novym-generalnym-riaditelom-slovenskej-filharmonie-sa-stal-marian-turner\/","title":{"rendered":"Nov\u00fdm gener\u00e1lnym riadite\u013eom Slovenskej filharm\u00f3nie sa stal Mari\u00e1n Turner."},"content":{"rendered":"<p><strong>Vymenovala ho v pondelok 10. 1. 2022 ministerka kult\u00fary Slovenskej republiky Nat\u00e1lia Milanov\u00e1.<\/strong><\/p>\n<p>Post gener\u00e1lneho riadite\u013ea Slovenskej filharm\u00f3nie bude od janu\u00e1ra 2022 zast\u00e1va\u0165 Mari\u00e1n Turner. Do Slovenskej filharm\u00f3nie nastupuje po takmer p\u00e4tn\u00e1s\u0165ro\u010dnom p\u00f4soben\u00ed na poste riadite\u013ea umeleck\u00e9ho s\u00faboru L\u00fa\u010dnica. Mari\u00e1n Turner je z\u00e1rove\u0148 od roku 2014 hlavn\u00fdm dramaturgom a\u00a0predsedom festivalov\u00e9ho v\u00fdboru music festival Pie\u0161\u0165any, druh\u00e9ho najstar\u0161ieho hudobn\u00e9ho festivalu na Slovensku. M\u00e1 bohat\u00e9 umeleck\u00e9 a\u00a0mana\u017e\u00e9rske sk\u00fasenosti.<\/p>\n<p>V\u00a0rokoch 1998 \u2013 2006 bol mana\u017e\u00e9rom orchestr\u00e1lnych telies Slovensk\u00e9ho rozhlasu a\u00a0ved\u00facim Sekcie obchodu hudobn\u00fdch telies SRo. Spolupracoval pri organiz\u00e1cii umeleck\u00fdch turn\u00e9 viacer\u00fdch hudobn\u00fdch telies, nahr\u00e1vkach klasickej, filmovej a\u00a0modernej hudby pre dom\u00e1ce i\u00a0medzin\u00e1rodn\u00e9 spolo\u010dnosti, pri organiz\u00e1cii koncertn\u00fdch podujat\u00ed a\u00a0spolo\u010densk\u00fdch projektov s\u00a0medzin\u00e1rodn\u00fdmi s\u00f3listami z\u00a0r\u00f4znych hudobn\u00fdch \u017e\u00e1nrov. Spolupracuje s\u00a0v\u00fdznamn\u00fdmi svetov\u00fdmi autormi hudby, osobnos\u0165ami z kult\u00fary a\u00a0spolo\u010dnos\u0165ami z\u00a0kinematografickej oblasti. Je autorom scen\u00e1rov, hudobn\u00fdm dramaturgom programov pre RTVS a\u00a0spoluautorom odborn\u00fdch \u010dl\u00e1nkov i\u00a0rozhlasov\u00fdch rel\u00e1cii.<\/p>\n<p style=\"text-align: center;\"><img loading=\"lazy\" decoding=\"async\" class=\"alignnone size-full wp-image-89624\" src=\"https:\/\/slovaklinesmagazin.sk\/cms\/wp-content\/uploads\/2022\/01\/Marian-Turner-scaled.jpg\" alt=\"\" width=\"1780\" height=\"2560\" srcset=\"https:\/\/www.slovaklinesmagazin.sk\/cms\/wp-content\/uploads\/2022\/01\/Marian-Turner-scaled.jpg 1780w, https:\/\/www.slovaklinesmagazin.sk\/cms\/wp-content\/uploads\/2022\/01\/Marian-Turner-209x300.jpg 209w, https:\/\/www.slovaklinesmagazin.sk\/cms\/wp-content\/uploads\/2022\/01\/Marian-Turner-712x1024.jpg 712w, https:\/\/www.slovaklinesmagazin.sk\/cms\/wp-content\/uploads\/2022\/01\/Marian-Turner-768x1104.jpg 768w, https:\/\/www.slovaklinesmagazin.sk\/cms\/wp-content\/uploads\/2022\/01\/Marian-Turner-600x863.jpg 600w, https:\/\/www.slovaklinesmagazin.sk\/cms\/wp-content\/uploads\/2022\/01\/Marian-Turner-1068x1536.jpg 1068w, https:\/\/www.slovaklinesmagazin.sk\/cms\/wp-content\/uploads\/2022\/01\/Marian-Turner-1424x2048.jpg 1424w\" sizes=\"auto, (max-width: 1780px) 100vw, 1780px\" \/><\/p>\n<p>Mari\u00e1n Turner sa narodil 5. janu\u00e1ra 1968 v\u00a0Bratislave. Poch\u00e1dza z\u00a0rodiny so siln\u00fdm hudobn\u00fdm z\u00e1zem\u00edm. Na bratislavskom konzervat\u00f3riu \u0161tudoval hru na flaute a\u00a0v\u00a0\u0161t\u00fadi\u00e1ch pokra\u010doval na Vysokej \u0161kole m\u00fazick\u00fdch umen\u00ed v Bratislave. Vzdelanie si doplnil na \u0161tudijnom pobyte v\u00a0Bayreuthe a na Hoschule f\u00fcr Musik und darstellende Kunst vo Viedni. Po \u0161t\u00fadi\u00e1ch sa stal \u010dlenom viacer\u00fdch orchestrov ako L\u00fa\u010dnica, S\u013dUK, orchester Komornej opery v\u00a0Bratislave.\u00a0V\u00a0rokoch 1989 \u2013 1991 zast\u00e1val post prv\u00e9ho flautistu Symfonick\u00e9ho orchestra \u010ceskoslovensk\u00e9ho rozhlasu a\u00a0v\u00a0rokoch 1991 \u2013 1992 bol prv\u00fdm flautistom orchestra Slovensk\u00e1 filharm\u00f3nia. Ako umelec a\u00a0nesk\u00f4r mana\u017e\u00e9r p\u00f4sobil v\u00a0rokoch 1994 \u2013 1998 v \u00a0medzin\u00e1rodnom orchestri United Philharmonic Vienna vo Viedni.<\/p>\n<p>Projekt riadenia a rozvoja Slovenskej filharm\u00f3nie predlo\u017een\u00fd Mari\u00e1nom Turnerom s\u00a0n\u00e1zvom Kontinuita a\u00a0kvalita:<\/p>\n<p><a href=\"https:\/\/www.culture.gov.sk\/wp-content\/uploads\/2021\/09\/Marian-Turner-Projekt-riadenia-a-rozvoja-SF.pdf\">https:\/\/www.culture.gov.sk\/wp-content\/uploads\/2021\/09\/Marian-Turner-Projekt-riadenia-a-rozvoja-SF.pdf<\/a><\/p>\n<p><em>\u201eJe pre m\u0148a ve\u013ekou c\u0165ou, \u017ee prich\u00e1dzam do Slovenskej filharm\u00f3nie,\u00a0 ktor\u00e1 je v dobrej kond\u00edcii a r\u00e1d zachov\u00e1m kontinuitu budovan\u00fa prof. Marianom Lap\u0161ansk\u00fdm. Ver\u00edm, \u017ee z postu gener\u00e1lneho riadite\u013ea sa mi podar\u00ed formova\u0165 modern\u00fa hudobn\u00fa in\u0161tit\u00faciu,\u201c<\/em> povedal Mari\u00e1n Turner, novovymenovan\u00fd gener\u00e1lny riadite\u013e Slovenskej filharm\u00f3nie.<\/p>\n<p>&nbsp;<\/p>\n","protected":false},"excerpt":{"rendered":"<p>Vymenovala ho v pondelok 10. 1. 2022 ministerka kult\u00fary Slovenskej republiky Nat\u00e1lia Milanov\u00e1. Post gener\u00e1lneho riadite\u013ea Slovenskej filharm\u00f3nie bude od janu\u00e1ra 2022 zast\u00e1va\u0165 Mari\u00e1n Turner. Do Slovenskej filharm\u00f3nie nastupuje po takmer p\u00e4tn\u00e1s\u0165ro\u010dnom p\u00f4soben\u00ed na poste riadite\u013ea umeleck\u00e9ho s\u00faboru L\u00fa\u010dnica. Mari\u00e1n Turner je z\u00e1rove\u0148 od roku 2014 hlavn\u00fdm dramaturgom a\u00a0predsedom festivalov\u00e9ho v\u00fdboru music festival Pie\u0161\u0165any, druh\u00e9ho [&hellip;]<\/p>\n","protected":false},"author":7,"featured_media":89623,"comment_status":"closed","ping_status":"closed","sticky":false,"template":"","format":"standard","meta":{"footnotes":""},"categories":[321,48],"tags":[],"class_list":["post-89622","post","type-post","status-publish","format-standard","has-post-thumbnail","hentry","category-tlacova-sprava","category-umenie-a-kultura","eq-blocks"],"_links":{"self":[{"href":"https:\/\/www.slovaklinesmagazin.sk\/cms\/wp-json\/wp\/v2\/posts\/89622","targetHints":{"allow":["GET"]}}],"collection":[{"href":"https:\/\/www.slovaklinesmagazin.sk\/cms\/wp-json\/wp\/v2\/posts"}],"about":[{"href":"https:\/\/www.slovaklinesmagazin.sk\/cms\/wp-json\/wp\/v2\/types\/post"}],"author":[{"embeddable":true,"href":"https:\/\/www.slovaklinesmagazin.sk\/cms\/wp-json\/wp\/v2\/users\/7"}],"replies":[{"embeddable":true,"href":"https:\/\/www.slovaklinesmagazin.sk\/cms\/wp-json\/wp\/v2\/comments?post=89622"}],"version-history":[{"count":1,"href":"https:\/\/www.slovaklinesmagazin.sk\/cms\/wp-json\/wp\/v2\/posts\/89622\/revisions"}],"predecessor-version":[{"id":89625,"href":"https:\/\/www.slovaklinesmagazin.sk\/cms\/wp-json\/wp\/v2\/posts\/89622\/revisions\/89625"}],"wp:featuredmedia":[{"embeddable":true,"href":"https:\/\/www.slovaklinesmagazin.sk\/cms\/wp-json\/wp\/v2\/media\/89623"}],"wp:attachment":[{"href":"https:\/\/www.slovaklinesmagazin.sk\/cms\/wp-json\/wp\/v2\/media?parent=89622"}],"wp:term":[{"taxonomy":"category","embeddable":true,"href":"https:\/\/www.slovaklinesmagazin.sk\/cms\/wp-json\/wp\/v2\/categories?post=89622"},{"taxonomy":"post_tag","embeddable":true,"href":"https:\/\/www.slovaklinesmagazin.sk\/cms\/wp-json\/wp\/v2\/tags?post=89622"}],"curies":[{"name":"wp","href":"https:\/\/api.w.org\/{rel}","templated":true}]}}