{"id":89705,"date":"2022-01-27T11:46:49","date_gmt":"2022-01-27T09:46:49","guid":{"rendered":"https:\/\/slovaklinesmagazin.sk\/cms\/?p=89705"},"modified":"2022-01-27T11:49:50","modified_gmt":"2022-01-27T09:49:50","slug":"pre-holokaust-existuju-dokazy-ako-aj-tie-z-mauthausenu","status":"publish","type":"post","link":"https:\/\/www.slovaklinesmagazin.sk\/cms\/2022\/01\/pre-holokaust-existuju-dokazy-ako-aj-tie-z-mauthausenu\/","title":{"rendered":"Pre holokaust existuj\u00fa d\u00f4kazy, ako aj tie z\u00a0Mauthausenu!"},"content":{"rendered":"<p>V\u00a0pracovn\u00fdch t\u00e1boroch Tretej r\u00ed\u0161e sa odohr\u00e1vali hr\u00f4zy, ktor\u00e9 si dnes ani nedok\u00e1\u017eeme predstavi\u0165. V\u00a0dne\u0161nej dobe u\u017e mnoho t\u00fdch, ktor\u00ed pre\u017eili holokaust, nem\u00f4\u017eu vypoveda\u0165 svoje osobn\u00e9 svedectv\u00e1, a\u00a0tak sa o\u00a0najv\u00e4\u010d\u0161ej genoc\u00edde \u017didov (a \u010fal\u0161\u00edch men\u0161\u00edn) v\u00a0modern\u00fdch dejin\u00e1ch dozved\u00e1me len sprostredkovane a\u00a0to aj v\u010faka odv\u00e1\u017enym \u013eu\u010fom, ktor\u00ed zdokumentovali situ\u00e1ciu v Mauthausene.<\/p>\n<p style=\"text-align: center;\"><img loading=\"lazy\" decoding=\"async\" class=\"alignnone size-full wp-image-89706\" src=\"https:\/\/slovaklinesmagazin.sk\/cms\/wp-content\/uploads\/2022\/01\/Viasat.jpg\" alt=\"\" width=\"642\" height=\"486\" srcset=\"https:\/\/www.slovaklinesmagazin.sk\/cms\/wp-content\/uploads\/2022\/01\/Viasat.jpg 642w, https:\/\/www.slovaklinesmagazin.sk\/cms\/wp-content\/uploads\/2022\/01\/Viasat-300x227.jpg 300w, https:\/\/www.slovaklinesmagazin.sk\/cms\/wp-content\/uploads\/2022\/01\/Viasat-600x454.jpg 600w\" sizes=\"auto, (max-width: 642px) 100vw, 642px\" \/><\/p>\n<p>T\u00edto \u013eudia chceli nie len pre\u017ei\u0165, ale z\u00e1rove\u0148 aj uk\u00e1za\u0165 svetu, \u010do sa v\u00a0nemeck\u00fdch koncentra\u010dn\u00fdch t\u00e1boroch naozaj dialo. D\u00f4kazy z Mauthausenu s\u00fa \u00a0nepopierate\u013en\u00e9 \u2013 obsahuj\u00fa tie\u017e pribli\u017ene dve tis\u00edcky fotografi\u00ed, ktor\u00e9 boli vyhotoven\u00e9 a ukr\u00fdvan\u00e9 po cel\u00fa dobu 2 sv. vojny. H\u0155stka neohrozen\u00fdch riskovala svoje \u017eivoty, aby sa \u010fal\u0161ia gener\u00e1cia dozvedela nie\u010do, \u010do sa u\u017e nikdy nesmie opakova\u0165.<\/p>\n<p><img loading=\"lazy\" decoding=\"async\" class=\"alignleft size-full wp-image-89707\" src=\"https:\/\/slovaklinesmagazin.sk\/cms\/wp-content\/uploads\/2022\/01\/Viasat.....jpg\" alt=\"\" width=\"330\" height=\"241\" srcset=\"https:\/\/www.slovaklinesmagazin.sk\/cms\/wp-content\/uploads\/2022\/01\/Viasat.....jpg 330w, https:\/\/www.slovaklinesmagazin.sk\/cms\/wp-content\/uploads\/2022\/01\/Viasat....-300x219.jpg 300w\" sizes=\"auto, (max-width: 330px) 100vw, 330px\" \/>Mauthausen bola do roku 1938 oby\u010dajn\u00e1, priam malebn\u00e1 dedinka ne\u010faleko rak\u00faskeho mesta Linz. V roku 1938 tu bol zalo\u017een\u00fd prv\u00fd koncentra\u010dn\u00fd t\u00e1bor mimo \u00fazemia Nemecka. Jeho \u00fa\u010delom bolo upracova\u0165 tamoj\u0161\u00edch v\u00e4z\u0148ov k smrti.<\/p>\n<p>&nbsp;<\/p>\n<p>A \u017eulov\u00e9 lomy nad Mauthausenom boli pre tento \u00fa\u010del priam ide\u00e1lne. Od piatich hod\u00edn r\u00e1no do siedmej hodiny ve\u010dernej tu ods\u00fadenci \u0165ahali kamene a mnoho z nich zomrelo na vy\u010derpanie, vyhladovanie, ale aj r\u00f4zne choroby.<\/p>\n<p>&nbsp;<\/p>\n<p>D\u00f4vody, pre\u010do sa ods\u00faden\u00ed dostali to tohto koncentra\u010dn\u00e9ho t\u00e1bora, mohli by\u0165 r\u00f4zne. Od sexu\u00e1lnej orient\u00e1cie cez politick\u00e9 n\u00e1zory a\u017e po etnick\u00fd p\u00f4vod. Kto nezomrel kv\u00f4li \u0165a\u017ekej pr\u00e1ci, ten sa mohol sta\u0165 obe\u0165ou experimentov, by\u0165 popraven\u00fd alebo poslan\u00fd do plynovej komory.<\/p>\n<p>&nbsp;<\/p>\n<p><img loading=\"lazy\" decoding=\"async\" class=\"alignleft size-full wp-image-89708\" src=\"https:\/\/slovaklinesmagazin.sk\/cms\/wp-content\/uploads\/2022\/01\/Viasat1.jpg\" alt=\"\" width=\"303\" height=\"203\" srcset=\"https:\/\/www.slovaklinesmagazin.sk\/cms\/wp-content\/uploads\/2022\/01\/Viasat1.jpg 303w, https:\/\/www.slovaklinesmagazin.sk\/cms\/wp-content\/uploads\/2022\/01\/Viasat1-300x201.jpg 300w\" sizes=\"auto, (max-width: 303px) 100vw, 303px\" \/>Odv\u00e1\u017eny pl\u00e1n vyhotovova\u0165 fotografie toho, \u010do sa naozaj dialo v koncentra\u010dn\u00fdch t\u00e1boroch, sa zrodilo v hlave \u0160paniela Francisca Boix. Tento veter\u00e1n \u0161panielskej ob\u010dianskej vojny bol do Mauthausenu poslan\u00fd vo svojich 20 rokoch a preto\u017ee mal u\u017e vtedy nieko\u013ekoro\u010dn\u00e9 sk\u00fasenosti s fotografovan\u00edm, bol veden\u00edm t\u00e1bora naverbovan\u00fd za \u00fa\u010delom propagandy. Inak povedan\u00e9, mal v t\u00e1bore vyhotovova\u0165 sn\u00edmky, ktor\u00e9 by verejnos\u0165 udr\u017eiavali vo falo\u0161n\u00fdch predstav\u00e1ch o tom, ako to v Mauthausene a inde chod\u00ed.<\/p>\n<p>&nbsp;<\/p>\n<p>Jeho \u00falohou bolo okrem aran\u017eovania sc\u00e9n, ktor\u00e9 by ukazovali, ako je v koncentra\u010dn\u00fdch t\u00e1boroch \u201epekne\u201c, robi\u0165 aj sn\u00edmky m\u0155tvych v\u00e4z\u0148ov, ktor\u00e9 by ostatn\u00fdm dodali falo\u0161n\u00fa predstavu o\u00a0pr\u00ed\u010dine smrti. Zatia\u013e \u010do nejak\u00fd v\u00e4ze\u0148 mohol by\u0165 zastrelen\u00fd sadistick\u00fdm dozorcom len tak, pre z\u00e1bavu, Boixovou \u00falohou bolo, vytvori\u0165 fotografiu, ktor\u00e1 by sl\u00fa\u017eila ako d\u00f4kaz, \u017ee bol tento \u010dlovek zastrelen\u00fd pri \u00fateku alebo, \u017ee sp\u00e1chal samovra\u017edu.<\/p>\n<p>&nbsp;<\/p>\n<p>Mlad\u00fd \u0160paniel sa v\u00a0priebehu \u010dasu dostal k\u00a0mnoh\u00fdm d\u00f4le\u017eit\u00fdm negat\u00edvom, ktor\u00e9 mohli sl\u00fa\u017ei\u0165 v\u00a0neprospech nacistick\u00fdch mocip\u00e1nov. Vedel, \u017ee s\u00a0t\u00fdm mus\u00ed nie\u010do spravi\u0165, preto spolo\u010dne s\u00a0\u010fal\u0161\u00edmi \u0160panielmi v\u00a0t\u00e1bore vytvorili hnutie odporu. Boix za\u010dal negat\u00edvy z\u00a0laborat\u00f3ria pa\u0161ova\u0165 a\u00a0spolo\u010dne s\u00a0ostatn\u00fdmi si sn\u00edmky za\u0161\u00edvali do oble\u010denia alebo ich ukr\u00fdvali kde len mohli, napr\u00edklad aj do okenn\u00fdch r\u00e1mov. Tajn\u00e1 oper\u00e1cia trvala dva roky.<\/p>\n<p><img loading=\"lazy\" decoding=\"async\" class=\"alignleft size-full wp-image-89709\" src=\"https:\/\/slovaklinesmagazin.sk\/cms\/wp-content\/uploads\/2022\/01\/Viasat2.jpg\" alt=\"\" width=\"314\" height=\"251\" srcset=\"https:\/\/www.slovaklinesmagazin.sk\/cms\/wp-content\/uploads\/2022\/01\/Viasat2.jpg 314w, https:\/\/www.slovaklinesmagazin.sk\/cms\/wp-content\/uploads\/2022\/01\/Viasat2-300x240.jpg 300w\" sizes=\"auto, (max-width: 314px) 100vw, 314px\" \/>V roku 1944 sa Nemci s\u0165ahovali zo v\u0161etk\u00fdch frontov a\u00a0aj k\u00a0v\u00e4z\u0148om v\u00a0Mauthausene sa za\u010dali dost\u00e1va\u0165 spr\u00e1vy, \u017ee sa vojnov\u00e1 karta obracia. V\u00a0tej chv\u00edli v\u0161ak \u013eudia zodpovedn\u00ed za chod t\u00e1bora za\u010dali ni\u010di\u0165 v\u0161etky d\u00f4kazy, ktor\u00e9 by ich na konci vojny mohli usved\u010di\u0165 z\u00a0vojnov\u00fdch zlo\u010dinov. Preto skupina odboj\u00e1rov musela n\u00e1js\u0165 sp\u00f4sob, ako negat\u00edvy prepa\u0161ova\u0165 z\u00a0t\u00e1bora sk\u00f4r, ako by ich nacisti zni\u010dili. A\u00a0v\u00a0tom im mohla pom\u00f4c\u0165 jedine miestna \u017eena z\u00a0dedinky Mauthausen, ktor\u00fa n\u00e1hodou stretli v\u00a0\u017eulov\u00fdch lomoch&#8230;<\/p>\n<p>&nbsp;<\/p>\n<p>&nbsp;<\/p>\n<p>Pr\u00edbeh odv\u00e1\u017enych v\u00e4z\u0148ov, ktor\u00ed chceli svetu uk\u00e1za\u0165 zverstv\u00e1 nacistick\u00e9ho riadenia v\u00a0\u00faplnej nahote aj ke\u010f pritom riskovali \u017eivot, si m\u00f4\u017eete pozrie\u0165 teraz exkluz\u00edvne na telev\u00edznej stanici\u00a0 <a href=\"https:\/\/viasathistory.cz\/\"><strong>Viasat History<\/strong><\/a> v dokumente <strong>Odboj v\u00a0Mauthausene<\/strong>, ktor\u00fd bude odvysielan\u00fd pri pr\u00edle\u017eitosti <strong>Medzin\u00e1rodn\u00e9ho d\u0148a pamiatky obet\u00ed holokaustu<\/strong> vo <strong>\u0161tvrtok 27. janu\u00e1ra o 21:55<\/strong>.<\/p>\n<p>&nbsp;<\/p>\n<p>&nbsp;<\/p>\n<p><strong>Trailer: <\/strong><a href=\"https:\/\/youtu.be\/Su9xLvktvkY\"><strong>https:\/\/youtu.be\/Su9xLvktvkY<\/strong><\/a><\/p>\n<p><strong>\u00a0<\/strong><\/p>\n<p><strong>\u00a0<\/strong><\/p>\n<p><strong>\u00a0<\/strong><\/p>\n","protected":false},"excerpt":{"rendered":"<p>V\u00a0pracovn\u00fdch t\u00e1boroch Tretej r\u00ed\u0161e sa odohr\u00e1vali hr\u00f4zy, ktor\u00e9 si dnes ani nedok\u00e1\u017eeme predstavi\u0165. V\u00a0dne\u0161nej dobe u\u017e mnoho t\u00fdch, ktor\u00ed pre\u017eili holokaust, nem\u00f4\u017eu vypoveda\u0165 svoje osobn\u00e9 svedectv\u00e1, a\u00a0tak sa o\u00a0najv\u00e4\u010d\u0161ej genoc\u00edde \u017didov (a \u010fal\u0161\u00edch men\u0161\u00edn) v\u00a0modern\u00fdch dejin\u00e1ch dozved\u00e1me len sprostredkovane a\u00a0to aj v\u010faka odv\u00e1\u017enym \u013eu\u010fom, ktor\u00ed zdokumentovali situ\u00e1ciu v Mauthausene. T\u00edto \u013eudia chceli nie len pre\u017ei\u0165, [&hellip;]<\/p>\n","protected":false},"author":7,"featured_media":89710,"comment_status":"closed","ping_status":"closed","sticky":false,"template":"","format":"standard","meta":{"footnotes":""},"categories":[45],"tags":[],"class_list":["post-89705","post","type-post","status-publish","format-standard","has-post-thumbnail","hentry","category-nas-tip","eq-blocks"],"_links":{"self":[{"href":"https:\/\/www.slovaklinesmagazin.sk\/cms\/wp-json\/wp\/v2\/posts\/89705","targetHints":{"allow":["GET"]}}],"collection":[{"href":"https:\/\/www.slovaklinesmagazin.sk\/cms\/wp-json\/wp\/v2\/posts"}],"about":[{"href":"https:\/\/www.slovaklinesmagazin.sk\/cms\/wp-json\/wp\/v2\/types\/post"}],"author":[{"embeddable":true,"href":"https:\/\/www.slovaklinesmagazin.sk\/cms\/wp-json\/wp\/v2\/users\/7"}],"replies":[{"embeddable":true,"href":"https:\/\/www.slovaklinesmagazin.sk\/cms\/wp-json\/wp\/v2\/comments?post=89705"}],"version-history":[{"count":2,"href":"https:\/\/www.slovaklinesmagazin.sk\/cms\/wp-json\/wp\/v2\/posts\/89705\/revisions"}],"predecessor-version":[{"id":89712,"href":"https:\/\/www.slovaklinesmagazin.sk\/cms\/wp-json\/wp\/v2\/posts\/89705\/revisions\/89712"}],"wp:featuredmedia":[{"embeddable":true,"href":"https:\/\/www.slovaklinesmagazin.sk\/cms\/wp-json\/wp\/v2\/media\/89710"}],"wp:attachment":[{"href":"https:\/\/www.slovaklinesmagazin.sk\/cms\/wp-json\/wp\/v2\/media?parent=89705"}],"wp:term":[{"taxonomy":"category","embeddable":true,"href":"https:\/\/www.slovaklinesmagazin.sk\/cms\/wp-json\/wp\/v2\/categories?post=89705"},{"taxonomy":"post_tag","embeddable":true,"href":"https:\/\/www.slovaklinesmagazin.sk\/cms\/wp-json\/wp\/v2\/tags?post=89705"}],"curies":[{"name":"wp","href":"https:\/\/api.w.org\/{rel}","templated":true}]}}