{"id":89767,"date":"2022-02-10T10:46:39","date_gmt":"2022-02-10T08:46:39","guid":{"rendered":"https:\/\/slovaklinesmagazin.sk\/cms\/?p=89767"},"modified":"2022-02-10T10:51:13","modified_gmt":"2022-02-10T08:51:13","slug":"v-jasnej-predstavili-dlhocakavanu-novu-lanovku","status":"publish","type":"post","link":"https:\/\/www.slovaklinesmagazin.sk\/cms\/2022\/02\/v-jasnej-predstavili-dlhocakavanu-novu-lanovku\/","title":{"rendered":"V Jasnej predstavili dlho\u010dak\u00e1van\u00fa nov\u00fa lanovku,"},"content":{"rendered":"<p>\u010fal\u0161ou novinkou je zjazdovka venovan\u00e1 Petre Vlhovej.<\/p>\n<p>V Jasnej za\u010dali s v\u00fdstavbou dlhodobo pripravovanej lanovky, ktor\u00e1 by mala odstr\u00e1ni\u0165 najkritickej\u0161\u00ed bod v doprave v severnej \u010dasti tohto najv\u00e4\u010d\u0161ieho ly\u017eiarskeho strediska na Slovensku. Z\u00e1rove\u0148 od\u0161tartovali nov\u00fa trad\u00edciu zn\u00e1mu zo zahrani\u010dn\u00fdch stred\u00edsk \u2013 legend\u00e1rna zjazdovka \u010d.1 zn\u00e1ma doteraz ako Pretek\u00e1rska bude po novom nies\u0165 meno na\u0161ej naj\u00faspe\u0161nej\u0161ej ly\u017eiarky \u2013 Petry Vlhovej.<\/p>\n<p style=\"text-align: center;\"><img loading=\"lazy\" decoding=\"async\" class=\"wp-image-89770 size-large aligncenter\" src=\"https:\/\/slovaklinesmagazin.sk\/cms\/wp-content\/uploads\/2022\/02\/jasna_20210818_2-1024x719.jpg\" alt=\"\" width=\"640\" height=\"449\" srcset=\"https:\/\/www.slovaklinesmagazin.sk\/cms\/wp-content\/uploads\/2022\/02\/jasna_20210818_2-1024x719.jpg 1024w, https:\/\/www.slovaklinesmagazin.sk\/cms\/wp-content\/uploads\/2022\/02\/jasna_20210818_2-300x211.jpg 300w, https:\/\/www.slovaklinesmagazin.sk\/cms\/wp-content\/uploads\/2022\/02\/jasna_20210818_2-768x539.jpg 768w, https:\/\/www.slovaklinesmagazin.sk\/cms\/wp-content\/uploads\/2022\/02\/jasna_20210818_2-600x421.jpg 600w, https:\/\/www.slovaklinesmagazin.sk\/cms\/wp-content\/uploads\/2022\/02\/jasna_20210818_2-1536x1079.jpg 1536w, https:\/\/www.slovaklinesmagazin.sk\/cms\/wp-content\/uploads\/2022\/02\/jasna_20210818_2.jpg 1800w\" sizes=\"auto, (max-width: 640px) 100vw, 640px\" \/><\/p>\n<p>\u010ci ste s priate\u013emi, rodinou, ly\u017eiar expert alebo za\u010diato\u010dn\u00edk, ktor\u00e9ho <a href=\"https:\/\/www.exisport.com\/sk\/content\/331-pozicovna\"><span style=\"color: #0000ff;\"><strong>po\u017ei\u010dov\u0148a ly\u017e\u00ed<\/strong><\/span><\/a> je hlavn\u00fdm dod\u00e1vate\u013eom ly\u017eiarskeho vystroja, stredisko Jasn\u00e1 pon\u00faka aktivity a n\u00e1dhern\u00e9 prostredie, ktor\u00e9 si zamilujete. Stredisko sa nach\u00e1dza v pohor\u00ed N\u00edzke Tatry, ktor\u00e9 je s\u00fa\u010das\u0165ou n\u00e1rodn\u00e9ho parku NAPANT. Mas\u00edv N\u00edzkych Tatier sa tiahne stredn\u00fdm Slovenskom v d\u013a\u017eke 82 km smerom v\u00fdchod \u2013 z\u00e1pad medzi malebn\u00fdmi \u00fadoliami V\u00e1hu a Hrona. Najvy\u0161\u0161\u00ed vrchol je \u010eumbier 2043 m n.m., druh\u00fd najvy\u0161\u0161\u00ed vrchol je zn\u00e1my ly\u017eiarsky a turistick\u00fd kopec Chopok 2024 m n.m,<\/p>\n<p>Nov\u00fa lanovku sp\u00e1jaj\u00facu Bielu p\u00fa\u0165 a Priehybu chce TMR postavi\u0165 do bud\u00facej zimy (2022\/23). P\u00f4jde o 15-miestnu kab\u00ednov\u00fa lanovku zn\u00e1mu napr\u00edklad z ju\u017enej strany Chopku.<\/p>\n<p><em>\u201cPotrebovali sme odstr\u00e1ni\u0165 najv\u00e4\u010d\u0161\u00ed probl\u00e9m v doprave ly\u017eiarov a turistov na Priehybu z Bielej p\u00fate. Na prestupe z jestvuj\u00facej \u0161tvorseda\u010dky na v\u00fd\u0165ah Twinliner sa pravidelne tvoria z\u00e1pchy, niekedy sa mus\u00ed \u010daka\u0165 aj viac ako hodinu. Preto sme h\u013eadali najefekt\u00edvnej\u0161ie rie\u0161enie s \u010do najmen\u0161\u00edm dopadom na \u017eivotn\u00e9 prostredie,\u201c<\/em>\u00a0vysvet\u013euje okolnosti z\u00e1meru predseda predstavenstva TMR, a.s. Igor Rattaj.\u00a0<em>&#8222;P\u00f4vodn\u00fd projekt pre lanovku na Priehybu sme za\u010dali pripravova\u0165 e\u0161te v roku 2009. Bol ove\u013ea komplikovanej\u0161\u00ed, finan\u010dne n\u00e1ro\u010dnej\u0161\u00ed a predov\u0161etk\u00fdm by si vy\u017eadoval v\u00e4\u010d\u0161\u00ed z\u00e1sah do prostredia kv\u00f4li potrebe novej zjazdovky pre pr\u00edjazd k \u00fadolnej stanici nad L\u00fa\u010dkami. Od roku 2015 sme sa preto s\u00fastredili u\u017e iba na pr\u00edpravu minimalistickej verzie \u2013 iba lanovky a z Bielej p\u00fate, \u010do znamen\u00e1 7-n\u00e1sobne men\u0161\u00ed z\u00e1sah do lokality,\u201c\u00a0<\/em>doplnil \u010cen\u011bk J\u00edlek, COO spolo\u010dnosti TMR.<\/p>\n<p style=\"text-align: center;\"><img loading=\"lazy\" decoding=\"async\" class=\"alignleft size-full wp-image-89771\" src=\"https:\/\/slovaklinesmagazin.sk\/cms\/wp-content\/uploads\/2022\/02\/jasna_20210818_4.jpg\" alt=\"\" width=\"880\" height=\"495\" srcset=\"https:\/\/www.slovaklinesmagazin.sk\/cms\/wp-content\/uploads\/2022\/02\/jasna_20210818_4.jpg 880w, https:\/\/www.slovaklinesmagazin.sk\/cms\/wp-content\/uploads\/2022\/02\/jasna_20210818_4-300x169.jpg 300w, https:\/\/www.slovaklinesmagazin.sk\/cms\/wp-content\/uploads\/2022\/02\/jasna_20210818_4-768x432.jpg 768w, https:\/\/www.slovaklinesmagazin.sk\/cms\/wp-content\/uploads\/2022\/02\/jasna_20210818_4-600x338.jpg 600w\" sizes=\"auto, (max-width: 880px) 100vw, 880px\" \/><\/p>\n<p>Nov\u00e1 kab\u00ednov\u00e1 lanovka za\u010d\u00ednaj\u00faca na ploche parkoviska by mala vytvori\u0165 priame spojenie na Priehybu. Ocenia to nielen ly\u017eiari, ale v lete to zjednodu\u0161\u00ed aj dopravu imobiln\u00fdch n\u00e1v\u0161tevn\u00edkov a rod\u00edn s detsk\u00fdmi ko\u010d\u00edkmi. Lanovka bude z\u00e1rove\u0148 hlavnou prepravnou l\u00edniou pre z\u00e1sobovanie re\u0161taur\u00e1ci\u00ed, v\u010faka \u010domu sa v\u00fdrazne obmedz\u00ed pohyb ratrakov a zn\u00ed\u017ei uhl\u00edkov\u00e1 stopa.<em>\u00a0\u201cD\u00e1vam z\u00e1rove\u0148 verejn\u00fd pr\u00eds\u013eub, \u017ee v r\u00e1mci kompenz\u00e1ci\u00ed vysad\u00edme v Dem\u00e4novskej doline dvojn\u00e1sobn\u00fd po\u010det nov\u00fdch stromov oproti t\u00fdm, ktor\u00e9 z trasy lanovky odstr\u00e1nime. A podot\u00fdkam, \u017ee to bude v\u00fdsadba nad r\u00e1mec toho, \u010do sad\u00edme v r\u00e1mci tradi\u010dnej akcie Zelen\u00fd Chopok,\u201c<\/em>\u00a0informoval Rattaj.<\/p>\n<p>Ly\u017eiarske stredisko Jasn\u00e1 dnes z\u00e1rove\u0148 sl\u00e1vnostne predstavilo nov\u00e9 meno najpopul\u00e1rnej\u0161ej zjazdovej trate v stredisku. Zjazdovka zn\u00e1ma ako \u010d.1 alebo Pretek\u00e1rska ponesie od najbli\u017e\u0161ej zimnej sez\u00f3ny\u00a0 meno na\u0161ej naj\u00faspe\u0161nej\u0161ej alpskej ly\u017eiarky \u2013 v\u00ed\u0165azky Svetov\u00e9ho poh\u00e1ra Petry Vlhovej.<br \/>\nT\u00e1 na nej za\u010diatkom marca vyhrala preteky Svetov\u00e9ho poh\u00e1ra v obrovskom slalome.<br \/>\n<em>\u201ePomenovanie zjazdovky po v\u00fdnimo\u010dn\u00fdch osobnostiach ly\u017eovania je v zahrani\u010d\u00ed be\u017en\u00e9, skvel\u00fd \u00faspech Petry Vlhovej v uplynulej sez\u00f3ne n\u00e1m to cel\u00e9 iba u\u013eah\u010dil. Symbolick\u00e1 jednotka v stredisku tak od dne\u0161n\u00e9ho d\u0148a patr\u00ed slovenskej i svetovej jednotke \u2013 na\u0161ej Peti,\u201c\u00a0<\/em>hovor\u00ed s \u00fasmevom riadite\u013e strediska Jasn\u00e1 Ji\u0159\u00ed Trumpe\u0161.<\/p>\n<p><em>\u201eNa tejto zjazdovke sa mi v\u017edy jazdilo super, som tu ako doma, vyhrala som tu viacero pretekov. V uplynulej sez\u00f3ne som pr\u00e1ve tu v Jasnej a na tejto zjazdovke nabrala nov\u00fa energiu a doviedla cel\u00fa sez\u00f3nu do toho najkraj\u0161ieho konca. D\u00fafam, \u017ee aj s moj\u00edm menom bude t\u00e1to zjazdovka nielen mne, ale aj ostatn\u00fdm slovensk\u00fdm ly\u017eiarom pria\u0165 a za\u017eijeme na nej e\u0161te ve\u013ea \u00faspechov. Prajem ich aj v\u0161etk\u00fdm t\u00fdmto ly\u017eiarskym n\u00e1dejam, ktor\u00e9 ma tu dnes pri\u0161li podpori\u0165,\u201c\u00a0<\/em>uzavrela Petra Vlhov\u00e1\u00a0v spolo\u010dnosti det\u00ed z ly\u017eiarskych klubov z cel\u00e9ho Slovenska vr\u00e1tane dom\u00e1ceho Klubu alpsk\u00e9ho ly\u017eovania Jasn\u00e1, ktor\u00e9 ju pri sl\u00e1vnostnom ceremoni\u00e1li pri\u0161li podpori\u0165.<\/p>\n<p><strong>D\u00f4le\u017eit\u00e9 \u010d\u00edsla a fakty o pr\u00edprave novej lanovky Biela p\u00fa\u0165 &#8211; Priehyba:<\/strong><br \/>\n15 mil.\u00a0 Eur \u2013 v\u00fd\u0161ka invest\u00edcie<br \/>\n2800os\/hod \u2013 prepravn\u00e1 kapacita 15KLD Biela p\u00fa\u0165- Priehyba<br \/>\n930m \u2013\u00a0 d\u013a\u017eka lanovky Biela p\u00fa\u0165 \u2013 Priehyba<br \/>\n250os\/hod \u2013\u00a0 s\u00fa\u010dasn\u00e1 kapacita v\u00fd\u0165ahu Twinliner<br \/>\n7,57ha \u2013\u00a0 zmen\u0161enie plochy dotknutej v\u00fdstavbou lanovky oproti p\u00f4vodn\u00e9mu n\u00e1vrhu<br \/>\n2,4ha \u2013\u00a0 n\u00e1hradn\u00e1 v\u00fdsadba<br \/>\n1,5hod \u2013\u00a0 \u010dakacie doby na v\u00fd\u0165ah Twinliner v \u0161pi\u010dke<br \/>\n1,2ha \u2013\u00a0 plocha dotknut\u00e1 v\u00fdstavbou novej lanovky<\/p>\n<p>Foto na titulke: Marek Hajkovsky<\/p>\n<p><strong>Spolo\u010dnos\u0165 Tatry mountain resorts, a.s.<\/strong>\u00a0(TMR) je top subjektom v oblasti cestovn\u00e9ho ruchu v Strednej a V\u00fdchodnej Eur\u00f3pe, ktor\u00fd vlastn\u00ed alebo si prenaj\u00edma a prev\u00e1dzkuje atrakt\u00edvne horsk\u00e9 stredisk\u00e1, z\u00e1bavn\u00e9 parky, golfov\u00e9 rezorty, re\u0161taura\u010dn\u00e9 zariadenia, \u0161portov\u00e9 slu\u017eby, obchody a hotely. V N\u00edzkych Tatr\u00e1ch na Slovensku TMR vlastn\u00ed a prev\u00e1dzkuje stredisko Jasn\u00e1 N\u00edzke Tatry a hotely Grand Jasn\u00e1, Hotel Tri Studni\u010dky, Chalets Jasn\u00e1 Collection, Hotel Srdie\u010dko, Hotel Po\u0161ta a Hotel Rotunda. TMR je z\u00e1rove\u0148 vlastn\u00edkom Aquaparku Tatralandia. Ide o najv\u00e4\u010d\u0161\u00ed slovensk\u00fd aquapark s celoro\u010dnou prev\u00e1dzkou, ktor\u00fd pon\u00faka okrem vodnej z\u00e1bavy aj Tropical Paradise \u2013 \u0161peci\u00e1lnu tropick\u00fa halu s morskou vodou ako aj z\u00e1bavu vo Fun Parku a ubytovanie v bungalovoch a apartm\u00e1noch Holiday Village Tatralandia. Vo Vysok\u00fdch Tatr\u00e1ch TMR vlastn\u00ed a prev\u00e1dzkuje stredisko Vysok\u00e9 Tatry s horsk\u00fdmi lokalitami Tatransk\u00e1 Lomnica, Star\u00fd Smokovec a \u0160trbsk\u00e9 Pleso. V slovensk\u00fdch Vysok\u00fdch Tatr\u00e1ch TMR tie\u017e vlastn\u00ed hotely Grandhotel Praha Tatransk\u00e1 Lomnica, Grandhotel Star\u00fd Smokovec, Hotel FIS \u0160trbsk\u00e9 Pleso a Noc na Lomnickom \u0161t\u00edte. V Rak\u00fasku Skupina vlastn\u00ed a prev\u00e1dzkuje alpsk\u00e9 stredisko na \u013eadovci M\u00f6lltaler Gletscher, sestersk\u00e9 stredisko Ankogel Mallnitz a stredisko Muttereralm. V \u010cech\u00e1ch tie\u017e nepriamo vlastn\u00ed minoritn\u00fd podiel v spolo\u010dnosti Melida, a.s., ktor\u00e1 si prenaj\u00edma a prev\u00e1dzkuje stredisko \u0160pindler\u016fv Ml\u00fdn. TMR si tie\u017e prenaj\u00edma a prev\u00e1dzkuje \u010desk\u00fd ly\u017eiarsky are\u00e1l Je\u0161t\u011bd, Golf &amp; Ski Resort Ostravice a prenaj\u00edma si Kask\u00e1da Golf Rezort Brno, kde zastre\u0161uje prev\u00e1dzku hotela, re\u0161taur\u00e1cie a kongresov\u00e9ho centra. V Po\u013esku TMR vlastn\u00ed a prev\u00e1dzkuje horsk\u00e9 stredisko Szczyrk Mountain Resort a\u00a0 Legendiu &#8211; Sliezsky z\u00e1bavn\u00fd park (\u015al\u0105skie Weso\u0142e Miasteczko). V r\u00e1mci realitn\u00fdch projektov sa Skupina preva\u017ene orientuje na rozvoj, budovanie a predaj apartm\u00e1nov a komer\u010dn\u00fdch priestorov a pren\u00e1jom hotelov v rezortoch TMR. Do konca finan\u010dn\u00e9ho roka 2019 sa preinvestovalo do rozvoja a moderniz\u00e1cie stred\u00edsk TMR cca. 400 mil. EUR. Akcie TMR s\u00fa obchodovan\u00e9 na troch eur\u00f3pskych burz\u00e1ch v Bratislave, Prahe a vo Var\u0161ave.<\/p>\n<h3><\/h3>\n","protected":false},"excerpt":{"rendered":"<p>\u010fal\u0161ou novinkou je zjazdovka venovan\u00e1 Petre Vlhovej. V Jasnej za\u010dali s v\u00fdstavbou dlhodobo pripravovanej lanovky, ktor\u00e1 by mala odstr\u00e1ni\u0165 najkritickej\u0161\u00ed bod v doprave v severnej \u010dasti tohto najv\u00e4\u010d\u0161ieho ly\u017eiarskeho strediska na Slovensku. Z\u00e1rove\u0148 od\u0161tartovali nov\u00fa trad\u00edciu zn\u00e1mu zo zahrani\u010dn\u00fdch stred\u00edsk \u2013 legend\u00e1rna zjazdovka \u010d.1 zn\u00e1ma doteraz ako Pretek\u00e1rska bude po novom nies\u0165 meno na\u0161ej naj\u00faspe\u0161nej\u0161ej [&hellip;]<\/p>\n","protected":false},"author":7,"featured_media":89769,"comment_status":"closed","ping_status":"closed","sticky":false,"template":"","format":"standard","meta":{"footnotes":""},"categories":[52,56,14],"tags":[],"class_list":["post-89767","post","type-post","status-publish","format-standard","has-post-thumbnail","hentry","category-outdoor","category-priroda","category-sport","eq-blocks"],"_links":{"self":[{"href":"https:\/\/www.slovaklinesmagazin.sk\/cms\/wp-json\/wp\/v2\/posts\/89767","targetHints":{"allow":["GET"]}}],"collection":[{"href":"https:\/\/www.slovaklinesmagazin.sk\/cms\/wp-json\/wp\/v2\/posts"}],"about":[{"href":"https:\/\/www.slovaklinesmagazin.sk\/cms\/wp-json\/wp\/v2\/types\/post"}],"author":[{"embeddable":true,"href":"https:\/\/www.slovaklinesmagazin.sk\/cms\/wp-json\/wp\/v2\/users\/7"}],"replies":[{"embeddable":true,"href":"https:\/\/www.slovaklinesmagazin.sk\/cms\/wp-json\/wp\/v2\/comments?post=89767"}],"version-history":[{"count":2,"href":"https:\/\/www.slovaklinesmagazin.sk\/cms\/wp-json\/wp\/v2\/posts\/89767\/revisions"}],"predecessor-version":[{"id":89784,"href":"https:\/\/www.slovaklinesmagazin.sk\/cms\/wp-json\/wp\/v2\/posts\/89767\/revisions\/89784"}],"wp:featuredmedia":[{"embeddable":true,"href":"https:\/\/www.slovaklinesmagazin.sk\/cms\/wp-json\/wp\/v2\/media\/89769"}],"wp:attachment":[{"href":"https:\/\/www.slovaklinesmagazin.sk\/cms\/wp-json\/wp\/v2\/media?parent=89767"}],"wp:term":[{"taxonomy":"category","embeddable":true,"href":"https:\/\/www.slovaklinesmagazin.sk\/cms\/wp-json\/wp\/v2\/categories?post=89767"},{"taxonomy":"post_tag","embeddable":true,"href":"https:\/\/www.slovaklinesmagazin.sk\/cms\/wp-json\/wp\/v2\/tags?post=89767"}],"curies":[{"name":"wp","href":"https:\/\/api.w.org\/{rel}","templated":true}]}}