{"id":89859,"date":"2022-03-03T13:11:30","date_gmt":"2022-03-03T11:11:30","guid":{"rendered":"https:\/\/slovaklinesmagazin.sk\/cms\/?p=89859"},"modified":"2022-03-03T13:13:45","modified_gmt":"2022-03-03T11:13:45","slug":"tyzden-francuzskeho-filmu-creme-de-la-creme-2022-uvedie-v-predpremiere-svajciarsko-francuzsko-ukrajinsky-film-olga","status":"publish","type":"post","link":"https:\/\/www.slovaklinesmagazin.sk\/cms\/2022\/03\/tyzden-francuzskeho-filmu-creme-de-la-creme-2022-uvedie-v-predpremiere-svajciarsko-francuzsko-ukrajinsky-film-olga\/","title":{"rendered":"T\u00fd\u017ede\u0148 franc\u00fazskeho filmu Cr\u00e8me de la Cr\u00e8me 2022 uvedie\u00a0v\u00a0predpremi\u00e9re \u0161vaj\u010diarsko-franc\u00fazsko-ukrajinsk\u00fd film O\u013ega!"},"content":{"rendered":"<p><strong>8. ro\u010dn\u00edk prehliadky franc\u00fazskeho filmu Cr\u00e8me de la Cr\u00e8me sa bude kona\u0165 v Bratislave a v \u010fal\u0161\u00edch kin\u00e1ch na Slovensku od 7. do 13. marca 2022. <\/strong><strong>Prehliadku Cr\u00e8me de la Cr\u00e8me organizuje medi\u00e1lna spolo\u010dnos\u0165 Film Europe v spolupr\u00e1ci s Franc\u00fazskym in\u0161tit\u00fatom na Slovensku. <\/strong><\/p>\n<p>Vzh\u013eadom na\u00a0v\u00e1\u017enu celosvetov\u00fa situ\u00e1ciu a\u00a0na podporu Ukrajiny organiz\u00e1tori upravili program otvorenia prehliadky. \u00davodn\u00fdm predstaven\u00edm bude \u0161vaj\u010diarsko-franc\u00fazsko-ukrajinsk\u00e1 sn\u00edmka <a href=\"https:\/\/cdlc.sk\/film-v-kine\/olga\/\"><strong>O\u013ega<\/strong><\/a>, ktor\u00e1 mala premi\u00e9ru na medzin\u00e1rodnom festivale v\u00a0Cannes 2021 v\u00a0sekcii T\u00fd\u017ede\u0148 kritiky. T\u00e9ma filmu je\u00a0dnes v\u00fdsostne aktu\u00e1lna: o\u00a0siln\u00fdch em\u00f3ci\u00e1ch, \u017eivotn\u00fdch hodnot\u00e1ch, postojoch a politike. Debut franc\u00fazskeho re\u017eis\u00e9ra Elieho Grappeho prin\u00e1\u0161a pr\u00edbeh mladej ukrajinskej gymnastky, ktor\u00fd sa odohr\u00e1va v\u00a0\u010dase Euromajdanu. Hlavn\u00fa predstavite\u013eku O\u013egu stv\u00e1rnila mlad\u00e1 ukrajinsk\u00e1 vrcholov\u00e1 \u0161portovky\u0148a Anastasiia Budia\u0161kina. \u201e<em>Sn\u00edmka O\u013ega je pravdivou \u013eudskou dr\u00e1mou, ktor\u00e1 sa prep\u00e1ja so s\u00fa\u010dasn\u00fdm tragick\u00fdm dian\u00edm na Ukrajine. Pr\u00e1ve preto sme sa spolu s\u00a0Franc\u00fazskym ve\u013evyslanectvom a\u00a0Franc\u00fazskym in\u0161tit\u00fatom na Slovensku rozhodli film uvies\u0165 na otvoren\u00ed festivalu<\/em>\u201c, uviedol Ivan Hronec z\u00a0medi\u00e1lnej spolo\u010dnosti Film Europe.<\/p>\n<p>&nbsp;<\/p>\n<p><strong><a href=\"https:\/\/www.youtube.com\/watch?v=m3c7iDxBTZk\">Trailer: O\u013ega<\/a><\/strong><\/p>\n<p style=\"text-align: center;\"><iframe loading=\"lazy\" title=\"YouTube video player\" src=\"https:\/\/www.youtube.com\/embed\/m3c7iDxBTZk\" width=\"1280\" height=\"720\" frameborder=\"0\" allowfullscreen=\"allowfullscreen\"><\/iframe><\/p>\n<p>Film sa bude po\u010das celej prehliadky premieta\u0165 v\u00a0Bratislave a\u00a0v\u00a0kin\u00e1ch na Slovensku. Cel\u00e1 tr\u017eba z\u00a0premietania tejto sn\u00edmky poputuje na pomoc Ukrajine cez humanit\u00e1rnu organiz\u00e1ciu \u010clovek v\u00a0ohrozen\u00ed. \u201e<em>Vlnu solidarity, ktor\u00e1 sa od vypuknutia vojny na Ukrajine zodvihla sme v \u010cloveku v ohrozen\u00ed e\u0161te neza\u017eili.\u00a0Pomoc prich\u00e1dza nielen od jednotlivcov, zap\u00e1jaj\u00fa sa ve\u013ek\u00e9 firmy, podnikatelia, ale aj umelci a zn\u00e1me osobnosti, ktor\u00ed s\u00fa pripraven\u00ed svoj zisk venova\u0165 \u010cloveku v ohrozen\u00ed. Sme ve\u013emi v\u010fa\u010dn\u00ed za v\u0161etky iniciat\u00edvy a prejaven\u00fa d\u00f4veru,<\/em>&#8220; hovor\u00ed PR mana\u017e\u00e9rka humanit\u00e1rnej organiz\u00e1cie Lenka Ka\u010dm\u00e1rov\u00e1. Do zbierky sa zapojili kin\u00e1 po celom Slovensku a to:<\/p>\n<p>V Bratislave: Kino Lumi\u00e8re, Kino Film Europe, Kino Mlados\u0165, Kino Nov\u00e1 Cvernovka, DK L\u00faky; v Ko\u0161iciach: Kas\u00e1rne Kulturpark,\u00a0Kino \u00dasmev; v Malack\u00e1ch: Dom Kult\u00fary; v Trnave: Mal\u00fd Berl\u00edn; v Dubnici nad V\u00e1hom: Kino Lastovi\u010dka; v Prievidzi: KaSC FK\u201993; v\u00a0Pre\u0161ove: Kino Pocity; v\u00a0\u017diline:<\/p>\n<p>Stanica Z\u00e1rie\u010die; v\u00a0P\u00fachove: Podivn\u00fd bar\u00f3n; v\u00a0Seredi: Kino\u00a0Nova; v\u00a0Tren\u010d\u00edne: Artkino Metro; v\u00a0Nitre: FK Tatra, Mlyny Cinemas a Bod K.7 Nitra.<\/p>\n<p>Vo festivalovej kinopremi\u00e9re bude po\u010das prehliadky <strong>Cr\u00e8me de la Cr\u00e8me <\/strong>uveden\u00fdch osem sn\u00edmok. Prehliadku doplnia aj dve sekcie venovan\u00e9 v\u00fdnimo\u010dn\u00fdm franc\u00fazskym hereck\u00fdm osobnostiam. <strong>Sekcia Fokus<\/strong> bude venovan\u00e1 franc\u00fazskej here\u010dke L\u00e9i Seydoux a sekcia <strong>Hommage<\/strong> vzd\u00e1 poctu ned\u00e1vno zosnul\u00e9mu franc\u00fazskemu hercovi Gaspardovi Ullielovi.<\/p>\n<p style=\"text-align: center;\"><img loading=\"lazy\" decoding=\"async\" class=\"size-full wp-image-89861 aligncenter\" src=\"https:\/\/slovaklinesmagazin.sk\/cms\/wp-content\/uploads\/2022\/03\/Olga_CDLC-2022.jpg\" alt=\"\" width=\"1617\" height=\"1080\" srcset=\"https:\/\/www.slovaklinesmagazin.sk\/cms\/wp-content\/uploads\/2022\/03\/Olga_CDLC-2022.jpg 1617w, https:\/\/www.slovaklinesmagazin.sk\/cms\/wp-content\/uploads\/2022\/03\/Olga_CDLC-2022-300x200.jpg 300w, https:\/\/www.slovaklinesmagazin.sk\/cms\/wp-content\/uploads\/2022\/03\/Olga_CDLC-2022-1024x684.jpg 1024w, https:\/\/www.slovaklinesmagazin.sk\/cms\/wp-content\/uploads\/2022\/03\/Olga_CDLC-2022-768x513.jpg 768w, https:\/\/www.slovaklinesmagazin.sk\/cms\/wp-content\/uploads\/2022\/03\/Olga_CDLC-2022-600x401.jpg 600w, https:\/\/www.slovaklinesmagazin.sk\/cms\/wp-content\/uploads\/2022\/03\/Olga_CDLC-2022-1536x1026.jpg 1536w\" sizes=\"auto, (max-width: 1617px) 100vw, 1617px\" \/><\/p>\n<p>Medzi premi\u00e9rov\u00fdm titulmi bude uveden\u00e1 aj historick\u00e1 sn\u00edmka na mot\u00edvy Honor\u00e9 de Balzaca <strong><em>Straten\u00e9 il\u00fazie<\/em><\/strong>, ktor\u00e1 pred p\u00e1r d\u0148ami z\u00edskala vo Franc\u00fazsku a\u017e sedem ocenen\u00ed v r\u00e1mci n\u00e1rodn\u00fdch filmov\u00fdch cien C\u00e9sar vr\u00e1tane ceny za najlep\u0161\u00ed film roka.<\/p>\n<p>Film <em>O\u013ega <\/em>otvor\u00ed prehliadku <strong>Cr\u00e8me de la Cr\u00e8me <\/strong>d\u0148a <strong>7. marca o\u00a017:30<\/strong> <strong>v\u00a0s\u00e1le \u010dinohry\u00a0SND <\/strong>v Bratislave. Prehliadka bude pokra\u010dova\u0165 o\u00a0<strong>21:00<\/strong> filmom <em>Straten\u00e9 il\u00fazie<\/em>. Na otv\u00e1racie filmy s\u00fa l\u00edstky v predaji na www.snd.sk. Prejavi\u0165 solidaritu a podporu Ukrajine bude mo\u017en\u00e9 dobrovo\u013en\u00fdm pr\u00edspevkom priamo na mieste v r\u00e1mci \u00favodn\u00e9ho ve\u010dera prehliadky alebo zasla\u0165 pr\u00edspevok cez transparentn\u00fd \u00fa\u010det humanit\u00e1rnej organiz\u00e1cie \u010clovek v\u00a0ohrozen\u00ed.<\/p>\n<p>Viac inform\u00e1cii o filmoch, prehliadke\u00a0a programe n\u00e1jdete na\u00a0<a href=\"http:\/\/www.cdlc.sk\">www.cdlc.sk<\/a><\/p>\n<p>&nbsp;<\/p>\n<p><strong>\u00da\u010det verejnej zbierky \u010clovek v\u00a0ohrozen\u00ed na pomoc Ukrajine: <\/strong><\/p>\n<p>IBAN SK39 1100 0000 0029 4101 6716<\/p>\n<p>BIC(SWIFT): TATRSKBX<\/p>\n<p>Variabiln\u00fd symbol 1111<\/p>\n<p>&nbsp;<\/p>\n","protected":false},"excerpt":{"rendered":"<p>8. ro\u010dn\u00edk prehliadky franc\u00fazskeho filmu Cr\u00e8me de la Cr\u00e8me sa bude kona\u0165 v Bratislave a v \u010fal\u0161\u00edch kin\u00e1ch na Slovensku od 7. do 13. marca 2022. Prehliadku Cr\u00e8me de la Cr\u00e8me organizuje medi\u00e1lna spolo\u010dnos\u0165 Film Europe v spolupr\u00e1ci s Franc\u00fazskym in\u0161tit\u00fatom na Slovensku. Vzh\u013eadom na\u00a0v\u00e1\u017enu celosvetov\u00fa situ\u00e1ciu a\u00a0na podporu Ukrajiny organiz\u00e1tori upravili program otvorenia prehliadky. [&hellip;]<\/p>\n","protected":false},"author":7,"featured_media":89860,"comment_status":"closed","ping_status":"closed","sticky":false,"template":"","format":"standard","meta":{"footnotes":""},"categories":[47,48],"tags":[],"class_list":["post-89859","post","type-post","status-publish","format-standard","has-post-thumbnail","hentry","category-film","category-umenie-a-kultura","eq-blocks"],"_links":{"self":[{"href":"https:\/\/www.slovaklinesmagazin.sk\/cms\/wp-json\/wp\/v2\/posts\/89859","targetHints":{"allow":["GET"]}}],"collection":[{"href":"https:\/\/www.slovaklinesmagazin.sk\/cms\/wp-json\/wp\/v2\/posts"}],"about":[{"href":"https:\/\/www.slovaklinesmagazin.sk\/cms\/wp-json\/wp\/v2\/types\/post"}],"author":[{"embeddable":true,"href":"https:\/\/www.slovaklinesmagazin.sk\/cms\/wp-json\/wp\/v2\/users\/7"}],"replies":[{"embeddable":true,"href":"https:\/\/www.slovaklinesmagazin.sk\/cms\/wp-json\/wp\/v2\/comments?post=89859"}],"version-history":[{"count":3,"href":"https:\/\/www.slovaklinesmagazin.sk\/cms\/wp-json\/wp\/v2\/posts\/89859\/revisions"}],"predecessor-version":[{"id":89864,"href":"https:\/\/www.slovaklinesmagazin.sk\/cms\/wp-json\/wp\/v2\/posts\/89859\/revisions\/89864"}],"wp:featuredmedia":[{"embeddable":true,"href":"https:\/\/www.slovaklinesmagazin.sk\/cms\/wp-json\/wp\/v2\/media\/89860"}],"wp:attachment":[{"href":"https:\/\/www.slovaklinesmagazin.sk\/cms\/wp-json\/wp\/v2\/media?parent=89859"}],"wp:term":[{"taxonomy":"category","embeddable":true,"href":"https:\/\/www.slovaklinesmagazin.sk\/cms\/wp-json\/wp\/v2\/categories?post=89859"},{"taxonomy":"post_tag","embeddable":true,"href":"https:\/\/www.slovaklinesmagazin.sk\/cms\/wp-json\/wp\/v2\/tags?post=89859"}],"curies":[{"name":"wp","href":"https:\/\/api.w.org\/{rel}","templated":true}]}}