{"id":89936,"date":"2022-03-24T14:18:17","date_gmt":"2022-03-24T12:18:17","guid":{"rendered":"https:\/\/slovaklinesmagazin.sk\/cms\/?p=89936"},"modified":"2022-03-24T14:18:35","modified_gmt":"2022-03-24T12:18:35","slug":"statne-pamiatky-zacnu-navstevnicku-sezonu-2022-bez-mimoriadnych-opatreni","status":"publish","type":"post","link":"https:\/\/www.slovaklinesmagazin.sk\/cms\/2022\/03\/statne-pamiatky-zacnu-navstevnicku-sezonu-2022-bez-mimoriadnych-opatreni\/","title":{"rendered":"\u0160t\u00e1tne pamiatky za\u010dn\u00fa n\u00e1v\u0161tevn\u00edcku sez\u00f3nu 2022 bez mimoriadnych opatren\u00ed"},"content":{"rendered":"<p><strong>Pamiatky v spr\u00e1ve N\u00e1rodn\u00edho pam\u00e1tkov\u00e9ho \u00fastavu otvoria po dvoch rokoch sez\u00f3nu bez oneskorenia a bez nutnosti nosenia respir\u00e1torov v priestoroch pamiatkov\u00fdch objektov. Sprievodn\u00fdm programom roku 2022 je Rok \u0161\u013eachtick\u00fdch sl\u00e1vnost\u00ed.<\/strong><\/p>\n<p>&nbsp;<\/p>\n<p>\u201e<em>Ver\u00edme, \u017ee s n\u00e1vratom k \u0161tandardn\u00e9mu re\u017eimu n\u00e1v\u0161tevn\u00edckej sez\u00f3ny zav\u00edta na \u0161t\u00e1tne pamiatky viac n\u00e1v\u0161tevn\u00edkov. Aj napriek zru\u0161eniu mimoriadnych opatren\u00ed, ako bolo dodr\u017eiavanie rozostupov \u010di obmedzen\u00fd po\u010det os\u00f4b v skupine, n\u00e1v\u0161tevn\u00edkom odpor\u00fa\u010dame si prehliadky rezervova\u0165 vopred online<\/em>,\u201d uviedla <strong>gener\u00e1lna riadite\u013eka NP\u00da Na\u010fa Goryczkov\u00e1<\/strong>.<\/p>\n<p>Obmedzen\u00e1 n\u00e1v\u0161tevn\u00edcka prev\u00e1dzka po\u010das pandemick\u00fdch rokov spolu s rastom mandat\u00f3rnych v\u00fddavkov, ako je cena za elektrinu \u010di cena za slu\u017eby za \u00fadr\u017ebu a zabezpe\u010denie objektov, viedli v tomto roku k miernemu zv\u00fd\u0161eniu vstupn\u00e9ho o 30 K\u010d. O\u010dak\u00e1van\u00e9 v\u00fdnosy zo zv\u00fd\u0161en\u00e9ho vstupn\u00e9ho v\u0161ak z\u010faleka nepokryj\u00fa v\u0161etky v\u00fddavky. Zni\u017euj\u00fa sa naopak ceny vstupn\u00e9ho pre deti a ml\u00e1de\u017e a\u017e do 24 rokov, pri\u010dom deti do 6 rokov maj\u00fa na\u010falej vstup zadarmo. Tieto zmeny nadv\u00e4zuj\u00fa na dlhodob\u00fa snahu urobi\u0165 pamiatky pre skupinu mlad\u00fdch n\u00e1v\u0161tevn\u00edkov \u010do najdostupnej\u0161ie.<\/p>\n<p style=\"text-align: center;\"><img loading=\"lazy\" decoding=\"async\" class=\"aligncenter size-full wp-image-89938\" src=\"https:\/\/slovaklinesmagazin.sk\/cms\/wp-content\/uploads\/2022\/03\/Karlstejn_FOTO-CzechTourism-autor-Libor-Svacek.jpg\" alt=\"\" width=\"1152\" height=\"800\" srcset=\"https:\/\/www.slovaklinesmagazin.sk\/cms\/wp-content\/uploads\/2022\/03\/Karlstejn_FOTO-CzechTourism-autor-Libor-Svacek.jpg 1152w, https:\/\/www.slovaklinesmagazin.sk\/cms\/wp-content\/uploads\/2022\/03\/Karlstejn_FOTO-CzechTourism-autor-Libor-Svacek-300x208.jpg 300w, https:\/\/www.slovaklinesmagazin.sk\/cms\/wp-content\/uploads\/2022\/03\/Karlstejn_FOTO-CzechTourism-autor-Libor-Svacek-1024x711.jpg 1024w, https:\/\/www.slovaklinesmagazin.sk\/cms\/wp-content\/uploads\/2022\/03\/Karlstejn_FOTO-CzechTourism-autor-Libor-Svacek-768x533.jpg 768w, https:\/\/www.slovaklinesmagazin.sk\/cms\/wp-content\/uploads\/2022\/03\/Karlstejn_FOTO-CzechTourism-autor-Libor-Svacek-600x417.jpg 600w\" sizes=\"auto, (max-width: 1152px) 100vw, 1152px\" \/><\/p>\n<p style=\"text-align: center;\">Karlstejn FOTO CzechTourism, autor Libor Sv\u00e1\u010dek<\/p>\n<p>V s\u00favislosti s vojnou na Ukrajine pon\u00faka <strong>N\u00e1rodn\u00ed pam\u00e1tkov\u00fd \u00fastav<\/strong> vstup zadarmo na svoje pamiatky aj pre ukrajinsk\u00fdch ute\u010dencov. Z\u00e1rove\u0148 im poskytuje ubytovacie kapacity v podobe 110 l\u00f4\u017eok na 17 objektoch vr\u00e1tane mo\u017enosti pracovnej v\u00fdpomoci.<\/p>\n<p>Od konca apr\u00edla m\u00f4\u017eu n\u00e1v\u0161tevn\u00edci zav\u00edta\u0165 na nov\u00fa prehliadkov\u00fa trasu na <a href=\"https:\/\/www.kudyznudy.cz\/aktivity\/zamek-uhercice\">z\u00e1mku Uher\u010dice<\/a>, kde sa do obnoven\u00fdch priestorov bud\u00fa m\u00f4c\u0165 pozrie\u0165 v\u00f4bec po prv\u00fdkr\u00e1t od jeho spr\u00edstupnenia verejnosti v 90. rokoch. Dve rein\u0161talovan\u00e9 prehliadky bud\u00fa tie\u017e otvoren\u00e9 na <a href=\"https:\/\/www.kudyznudy.cz\/aktivity\/zamek-opocno-navstivte-velkolepy-renesancni-zame\">z\u00e1mku Opo\u010dno<\/a>, ktor\u00e9 pribl\u00ed\u017ei rodinu Colloredo-Mannsfeldovcov. Na <a href=\"https:\/\/www.kudyznudy.cz\/aktivity\/zamek-a-barokni-most-v-namesti-nad-oslavou\">z\u00e1mku N\u00e1m\u011b\u0161\u0165 nad Oslavou<\/a> bude okrem roz\u0161\u00edrenia s\u00fa\u010dasnej prehliadkovej trasy spr\u00edstupnen\u00e1 aj v\u00fdstava tapis\u00e9ri\u00ed. Za pozretie stoj\u00ed aj vr\u00e1ten\u00fd vz\u00e1cny \u0161t\u00edt <a href=\"https:\/\/www.kudyznudy.cz\/aktivity\/na-konopiste-za-frantiskem-ferdinandem\">z\u00e1mku Konopi\u0161t\u011b<\/a>, ktor\u00fd bol za vojny odcudzen\u00fd nacistami, \u010di vr\u00e1ten\u00fd obraz s podobiz\u0148ou Jana Michaela \u0160porka na <a href=\"https:\/\/www.kudyznudy.cz\/aktivity\/hospital-kuks-zcela-ojedinela-barokni-architektu\">hospital Kuks<\/a>, ktor\u00fd bol pred tridsiatimi rokmi ukradnut\u00fd pri no\u010dnej kr\u00e1de\u017ei.<\/p>\n<p style=\"text-align: center;\"><img loading=\"lazy\" decoding=\"async\" class=\"aligncenter size-full wp-image-89939\" src=\"https:\/\/slovaklinesmagazin.sk\/cms\/wp-content\/uploads\/2022\/03\/Konopiste_FOTO-CzechTourism-autor-Libor-Svacek.jpg\" alt=\"\" width=\"1064\" height=\"800\" srcset=\"https:\/\/www.slovaklinesmagazin.sk\/cms\/wp-content\/uploads\/2022\/03\/Konopiste_FOTO-CzechTourism-autor-Libor-Svacek.jpg 1064w, https:\/\/www.slovaklinesmagazin.sk\/cms\/wp-content\/uploads\/2022\/03\/Konopiste_FOTO-CzechTourism-autor-Libor-Svacek-300x226.jpg 300w, https:\/\/www.slovaklinesmagazin.sk\/cms\/wp-content\/uploads\/2022\/03\/Konopiste_FOTO-CzechTourism-autor-Libor-Svacek-1024x770.jpg 1024w, https:\/\/www.slovaklinesmagazin.sk\/cms\/wp-content\/uploads\/2022\/03\/Konopiste_FOTO-CzechTourism-autor-Libor-Svacek-768x577.jpg 768w, https:\/\/www.slovaklinesmagazin.sk\/cms\/wp-content\/uploads\/2022\/03\/Konopiste_FOTO-CzechTourism-autor-Libor-Svacek-600x451.jpg 600w\" sizes=\"auto, (max-width: 1064px) 100vw, 1064px\" \/><\/p>\n<p style=\"text-align: center;\">Konopi\u0161t\u011b_FOTO CzechTourism, autor Libor Sv\u00e1\u010dek<\/p>\n<p>S otvoren\u00edm sez\u00f3ny bude na <a href=\"https:\/\/www.kudyznudy.cz\/aktivity\/zamek-cervene-porici\">z\u00e1mku \u010cerven\u00e9 Po\u0159\u00ed\u010d\u00ed<\/a> otvoren\u00e1 v\u00fdstava o v\u00fdchove mlad\u00fdch \u0161\u013eachticov v 19. storo\u010d\u00ed. Na tunaj\u0161om z\u00e1mku bola dokon\u010den\u00e1 trojro\u010dn\u00e1 obnova hlavnej budovy podz\u00e1m\u010dia v\u010faka dot\u00e1cii Ministerstva kult\u00fary \u010ceskej republiky. V r\u00e1mci projektu spolufinancovan\u00e9ho E\u00da bol tie\u017e obnoven\u00fd are\u00e1l <a href=\"https:\/\/www.kudyznudy.cz\/aktivity\/stani-hrad-sternberk\">hradu \u0160ternberk<\/a> vr\u00e1tane ciest v parku. Do konca roku 2022 bude dokon\u010den\u00e1 aj obnova na <a href=\"https:\/\/www.kudyznudy.cz\/aktivity\/karlstejn-za-mistrem-theodorikem-i-otcem-vlasti\">Karl\u0161tejne<\/a>, kde vznikne nielen n\u00e1v\u0161tevn\u00edcke centrum a expoz\u00edcia, ale aj multifunk\u010dn\u00e1 s\u00e1la \u010di obnoven\u00e9 \u00fa\u017eitkov\u00e9 z\u00e1hrady. Dokon\u010den\u00e1 bude aj obnova divadelnej s\u00e1ly na <a href=\"https:\/\/www.kudyznudy.cz\/aktivity\/nejen-s-detmi-na-zamek-jezeri\">Jeze\u0159\u00ed<\/a>, v ktorej zaznela Beethovenova tretia symf\u00f3nia Eroica. Viac noviniek tohto roku sa dozviete <a href=\"https:\/\/www.npu.cz\/cs\/npu-a-pamatkova-pece\/npu-jako-instituce\/zpravy\/79658-vzhuru-do-navstevnicke-sezony-2022\"><strong>tu<\/strong><\/a>.<\/p>\n<p style=\"text-align: center;\"><img loading=\"lazy\" decoding=\"async\" class=\"aligncenter size-full wp-image-89940\" src=\"https:\/\/slovaklinesmagazin.sk\/cms\/wp-content\/uploads\/2022\/03\/KUKS_hospital_FOTO-CzechTourism-autor-Capkova.jpg\" alt=\"\" width=\"2005\" height=\"1999\" srcset=\"https:\/\/www.slovaklinesmagazin.sk\/cms\/wp-content\/uploads\/2022\/03\/KUKS_hospital_FOTO-CzechTourism-autor-Capkova.jpg 2005w, https:\/\/www.slovaklinesmagazin.sk\/cms\/wp-content\/uploads\/2022\/03\/KUKS_hospital_FOTO-CzechTourism-autor-Capkova-300x300.jpg 300w, https:\/\/www.slovaklinesmagazin.sk\/cms\/wp-content\/uploads\/2022\/03\/KUKS_hospital_FOTO-CzechTourism-autor-Capkova-1024x1021.jpg 1024w, https:\/\/www.slovaklinesmagazin.sk\/cms\/wp-content\/uploads\/2022\/03\/KUKS_hospital_FOTO-CzechTourism-autor-Capkova-150x150.jpg 150w, https:\/\/www.slovaklinesmagazin.sk\/cms\/wp-content\/uploads\/2022\/03\/KUKS_hospital_FOTO-CzechTourism-autor-Capkova-768x766.jpg 768w, https:\/\/www.slovaklinesmagazin.sk\/cms\/wp-content\/uploads\/2022\/03\/KUKS_hospital_FOTO-CzechTourism-autor-Capkova-600x598.jpg 600w, https:\/\/www.slovaklinesmagazin.sk\/cms\/wp-content\/uploads\/2022\/03\/KUKS_hospital_FOTO-CzechTourism-autor-Capkova-1536x1531.jpg 1536w\" sizes=\"auto, (max-width: 2005px) 100vw, 2005px\" \/><\/p>\n<p style=\"text-align: center;\">KUKS hospital FOTO CzechTourism, autor \u010capkov\u00e1<\/p>\n<p>Tohtoro\u010dnou t\u00e9mou projektu <strong>Po stop\u00e1ch \u0161\u013eachtick\u00fdch rodov<\/strong> bud\u00fa \u0161\u013eachtick\u00e9 sl\u00e1vnosti a z\u00e1bavy. U\u017e 12. ro\u010dn\u00edk sa tak v\u0161eobecne zameria na fenom\u00e9n sl\u00e1vnostn\u00fdch okamihov, ktor\u00e9 boli neoddelite\u013enou s\u00fa\u010das\u0165ou \u017eivota na hradoch a z\u00e1mkoch. Jedn\u00fdm z hlavn\u00fdch v\u00fdstupov bude v\u00fdstava \u0160\u013eachtickej sl\u00e1vnosti a z\u00e1bavy na \u0161t\u00e1tnom <a href=\"https:\/\/www.kudyznudy.cz\/aktivity\/prohlidka-hradu-a-zamku-v-ceskem-krumlove\">z\u00e1mku \u010cesk\u00fd Krumlov<\/a>, ktor\u00fd \u010falej pon\u00fakne sprievodn\u00fd program pre deti, kurzy dobov\u00fdch tancov \u010di tematick\u00e9 prehliadky aj workshopy. Z\u00e1mok \u010cesk\u00fd Krumlov bude z\u00e1rove\u0148 hlavn\u00fdm centrom tradi\u010dnej <strong>Hradoz\u00e1mockej noci<\/strong>, ktor\u00e1 sa uskuto\u010dn\u00ed 27. augusta naprie\u010d celou republikou. Podrobn\u00fd program Roku \u0161\u013eachtick\u00fdch sl\u00e1vnost\u00ed na zapojen\u00fdch pamiatkov\u00fdch objektoch n\u00e1jdete <a href=\"https:\/\/www.npu.cz\/cs\/npu-a-pamatkova-pece\/npu-jako-instituce\/cinnosti\/hlavni-temata-sezony\/79114-rok-slechtickych-slavnosti\"><strong>tu<\/strong><\/a>.<\/p>\n<p>&nbsp;<\/p>\n<p>Fotgrafia na titulke: \u010cesk\u00fd Krumlov FOTO CzechTourism, autor Ale\u0161 Motejl<\/p>\n","protected":false},"excerpt":{"rendered":"<p>Pamiatky v spr\u00e1ve N\u00e1rodn\u00edho pam\u00e1tkov\u00e9ho \u00fastavu otvoria po dvoch rokoch sez\u00f3nu bez oneskorenia a bez nutnosti nosenia respir\u00e1torov v priestoroch pamiatkov\u00fdch objektov. Sprievodn\u00fdm programom roku 2022 je Rok \u0161\u013eachtick\u00fdch sl\u00e1vnost\u00ed. &nbsp; \u201eVer\u00edme, \u017ee s n\u00e1vratom k \u0161tandardn\u00e9mu re\u017eimu n\u00e1v\u0161tevn\u00edckej sez\u00f3ny zav\u00edta na \u0161t\u00e1tne pamiatky viac n\u00e1v\u0161tevn\u00edkov. Aj napriek zru\u0161eniu mimoriadnych opatren\u00ed, ako bolo dodr\u017eiavanie rozostupov [&hellip;]<\/p>\n","protected":false},"author":7,"featured_media":89937,"comment_status":"closed","ping_status":"closed","sticky":false,"template":"","format":"standard","meta":{"footnotes":""},"categories":[13,52,50],"tags":[],"class_list":["post-89936","post","type-post","status-publish","format-standard","has-post-thumbnail","hentry","category-real-estate","category-outdoor","category-radim-vam","eq-blocks"],"_links":{"self":[{"href":"https:\/\/www.slovaklinesmagazin.sk\/cms\/wp-json\/wp\/v2\/posts\/89936","targetHints":{"allow":["GET"]}}],"collection":[{"href":"https:\/\/www.slovaklinesmagazin.sk\/cms\/wp-json\/wp\/v2\/posts"}],"about":[{"href":"https:\/\/www.slovaklinesmagazin.sk\/cms\/wp-json\/wp\/v2\/types\/post"}],"author":[{"embeddable":true,"href":"https:\/\/www.slovaklinesmagazin.sk\/cms\/wp-json\/wp\/v2\/users\/7"}],"replies":[{"embeddable":true,"href":"https:\/\/www.slovaklinesmagazin.sk\/cms\/wp-json\/wp\/v2\/comments?post=89936"}],"version-history":[{"count":1,"href":"https:\/\/www.slovaklinesmagazin.sk\/cms\/wp-json\/wp\/v2\/posts\/89936\/revisions"}],"predecessor-version":[{"id":89941,"href":"https:\/\/www.slovaklinesmagazin.sk\/cms\/wp-json\/wp\/v2\/posts\/89936\/revisions\/89941"}],"wp:featuredmedia":[{"embeddable":true,"href":"https:\/\/www.slovaklinesmagazin.sk\/cms\/wp-json\/wp\/v2\/media\/89937"}],"wp:attachment":[{"href":"https:\/\/www.slovaklinesmagazin.sk\/cms\/wp-json\/wp\/v2\/media?parent=89936"}],"wp:term":[{"taxonomy":"category","embeddable":true,"href":"https:\/\/www.slovaklinesmagazin.sk\/cms\/wp-json\/wp\/v2\/categories?post=89936"},{"taxonomy":"post_tag","embeddable":true,"href":"https:\/\/www.slovaklinesmagazin.sk\/cms\/wp-json\/wp\/v2\/tags?post=89936"}],"curies":[{"name":"wp","href":"https:\/\/api.w.org\/{rel}","templated":true}]}}