{"id":89991,"date":"2022-04-07T09:27:13","date_gmt":"2022-04-07T07:27:13","guid":{"rendered":"https:\/\/slovaklinesmagazin.sk\/cms\/?p=89991"},"modified":"2022-04-07T09:27:13","modified_gmt":"2022-04-07T07:27:13","slug":"ake-extremy-prezivaju-s-klientami-majitelia-pozicovne-karavanov","status":"publish","type":"post","link":"https:\/\/www.slovaklinesmagazin.sk\/cms\/2022\/04\/ake-extremy-prezivaju-s-klientami-majitelia-pozicovne-karavanov\/","title":{"rendered":"Ak\u00e9 extr\u00e9my pre\u017e\u00edvaj\u00fa s klientami majitelia po\u017ei\u010dovne karavanov ?"},"content":{"rendered":"<p>Po\u017ei\u010diavanie obytn\u00fdch vozidiel je v poslednom \u010dase ve\u013emi popul\u00e1rne. Av\u0161ak a\u017e 75% z\u00e1kazn\u00edkov prich\u00e1dzaj\u00facich do po\u017ei\u010dovn\u00ed s\u00fa v\u0161ak karavanisti za\u010diato\u010dn\u00edci, ktor\u00ed sa zo v\u0161etk\u00e9ho najviac ob\u00e1vaj\u00fa toho, \u010di im bud\u00fa sta\u010di\u0165 limity kilometrov.<br \/>\nTie s\u00fa \u00faplne be\u017enou podmienkou u zhruba 80% prenaj\u00edmate\u013eov. Z d\u00e1t najv\u00e4\u010d\u0161ieho prenaj\u00edmate\u013ea obytn\u00fdch vozidiel na pren\u00e1jom, \u010do je platforma Campiri, sme zistili, ako je to naozaj.<\/p>\n<p><strong>Bude v\u00e1m limit sta\u010di\u0165?<\/strong><br \/>\nZ tabuliek a grafov vypl\u00fdva, \u017ee priemern\u00fd z\u00e1kazn\u00edk nabehne pri \u0161es\u0165d\u0148ovej z\u00e1po\u017ei\u010dke iba sto osemdesiat kilometrov za de\u0148. Av\u0161ak be\u017en\u00e9 denn\u00e9 limity sa naj\u010dastej\u0161ie pohybuj\u00fa v rozmedz\u00ed od 300 do 350 kilometrov. V\u017edy ide navy\u0161e o priemern\u00fd denn\u00fd n\u00e1jazd, a tak je mo\u017en\u00e9 jeden de\u0148 prejs\u0165 p\u00e4\u0165desiat a druh\u00fd de\u0148 pokojne aj p\u00e4\u0165sto kilometrov. Limit prejdenej vzdialenosti navy\u0161e \u010dasto odpad\u00e1 pri dlh\u0161om pri zapo\u017ei\u010dan\u00ed vozidla.<\/p>\n<p style=\"text-align: center;\"><img loading=\"lazy\" decoding=\"async\" class=\"aligncenter size-full wp-image-89993\" src=\"https:\/\/slovaklinesmagazin.sk\/cms\/wp-content\/uploads\/2022\/04\/Pick-Up-Caravan_1-scaled.jpg\" alt=\"\" width=\"2560\" height=\"1714\" srcset=\"https:\/\/www.slovaklinesmagazin.sk\/cms\/wp-content\/uploads\/2022\/04\/Pick-Up-Caravan_1-scaled.jpg 2560w, https:\/\/www.slovaklinesmagazin.sk\/cms\/wp-content\/uploads\/2022\/04\/Pick-Up-Caravan_1-300x201.jpg 300w, https:\/\/www.slovaklinesmagazin.sk\/cms\/wp-content\/uploads\/2022\/04\/Pick-Up-Caravan_1-1024x685.jpg 1024w, https:\/\/www.slovaklinesmagazin.sk\/cms\/wp-content\/uploads\/2022\/04\/Pick-Up-Caravan_1-768x514.jpg 768w, https:\/\/www.slovaklinesmagazin.sk\/cms\/wp-content\/uploads\/2022\/04\/Pick-Up-Caravan_1-600x402.jpg 600w, https:\/\/www.slovaklinesmagazin.sk\/cms\/wp-content\/uploads\/2022\/04\/Pick-Up-Caravan_1-1536x1028.jpg 1536w, https:\/\/www.slovaklinesmagazin.sk\/cms\/wp-content\/uploads\/2022\/04\/Pick-Up-Caravan_1-2048x1371.jpg 2048w\" sizes=\"auto, (max-width: 2560px) 100vw, 2560px\" \/><\/p>\n<p>\u201eT\u00fdm, \u017ee si jednotliv\u00e9 po\u017ei\u010dovne nastavuj\u00fa obmedzen\u00e9 n\u00e1jazdy, predch\u00e1dza pr\u00edli\u0161n\u00e9mu opotrebovaniu svojich vozidiel a zni\u017euj\u00fa riziko, \u017ee by sa na cest\u00e1ch mohlo nie\u010do sta\u0165. Z\u00e1rove\u0148 sa chc\u00fa vyvarova\u0165 extr\u00e9mom. Viem dokonca o pr\u00edpade, ke\u010f si z\u00e1kazn\u00edk po\u017ei\u010dovne po\u010das trojd\u0148ovej p\u00f4\u017ei\u010dky ods\u0165ahoval v bytovom vozni cel\u00fd byt z Franc\u00fazska. Napriek tomu tu nie je d\u00f4vod na obavy. \u010ci u\u017e preto, \u017ee pri dlh\u0161om zapo\u017ei\u010dan\u00ed limity padaj\u00fa, alebo preto\u017ee z na\u0161ich d\u00e1t vieme, \u017ee limit prekro\u010d\u00ed iba okolo troch percent z\u00e1kazn\u00edkov,\u201c hovor\u00ed CEO Campiri Luk\u00e1\u0161 Janou\u0161ek.<\/p>\n<p><strong>Ako je to s neobmedzen\u00fdm dojazdom<\/strong><br \/>\nZ\u00e1rove\u0148 tie\u017e dod\u00e1va, \u017ee pri zapo\u017ei\u010dan\u00ed na viac ako 7 dn\u00ed v\u00e4\u010d\u0161ina po\u017ei\u010dovn\u00ed, ktor\u00e9 na na\u0161om trhu p\u00f4sobia, umo\u017e\u0148uje neobmedzen\u00fd n\u00e1jazd av niektor\u00fdch pr\u00edpadoch je taktie\u017e mo\u017en\u00e9 t\u00fato mo\u017enos\u0165 zvl\u00e1\u0161\u0165 prik\u00fapi\u0165. Zvy\u010dajne to v\u0161ak nie je potrebn\u00e9. Aj pri nastaven\u00ed limitu tristo kilometrov na de\u0148 to znamen\u00e1 2 100 km na 7 dn\u00ed. Ak by ste ho vyu\u017eili doplna, znamenalo by to, \u017ee by \u010dlovek v podstate str\u00e1vil dovolenku na ceste.<\/p>\n<p><strong>V\u00fdber obytn\u00e9ho vozidla \u010di karavanu<\/strong><br \/>\nV pr\u00edpade, \u017ee pr\u00e1ve vyber\u00e1te obytn\u00fd automobil alebo karavan, mali by ste si najsk\u00f4r poveda\u0165, \u010do od neho o\u010dak\u00e1vate a na ak\u00fd \u00fa\u010del si ho kupujete. Pokia\u013e si chcete v\u0161etko n\u00e1zorne predstavi\u0165, m\u00f4\u017eete nav\u0161t\u00edvi\u0165 aj niektor\u00fa z v\u00fdstav, ktor\u00e9 sa konaj\u00fa nielen v Slovenskej republike, ale aj v zahrani\u010d\u00ed.<\/p>\n<p><strong>V\u00fdber obytn\u00e9ho vozidla alebo karavanu<\/strong><br \/>\nPri v\u00fdbere obytn\u00e9ho vozidla aj karavanu by ste si mali najprv poveda\u0165, ko\u013eko os\u00f4b a kam bude jazdi\u0165. S men\u0161\u00edmi vozidlami budete ma\u0165 ni\u017e\u0161iu spotrebu a z\u00e1rove\u0148 budete m\u00f4c\u0165 \u00faspornej\u0161ie parkova\u0165 a vch\u00e1dza\u0165 na miesta, kam by ste s v\u00e4\u010d\u0161\u00edmi modelmi nemohli. Okrem in\u00e9ho s nimi bude jednoduch\u0161ia manipul\u00e1cia.<\/p>\n<p>To ocen\u00edte hlavne v pr\u00edpade, \u017ee nie ste pr\u00edli\u0161 zdatn\u00fd vodi\u010d. Pokia\u013e ale pl\u00e1nujete cestova\u0165 s rodinou, treba dba\u0165 na to, aby v\u0161etci mali dostatok priestoru na spanie, sedenie i ulo\u017eenie vec\u00ed.<br \/>\nZ\u00e1rove\u0148 by ste mali dba\u0165 na to, aby usporiadanie v\u0161etk\u00e9ho vybavenia bolo logick\u00e9. V relat\u00edvne malom priestore, ktor\u00fd budete ma\u0165 k dispoz\u00edcii, ocen\u00edte r\u00f4zne vychyt\u00e1vky, ktor\u00e9 v\u00e1m u\u013eah\u010dia a spr\u00edjemnia pohyb alebo ukladanie vec\u00ed. To ist\u00e1 plat\u00ed aj pri v\u00fdbave kuchynky. Vari\u010d je samozrejmos\u0165ou. Je d\u00f4le\u017eite ma\u0165 so sebou riad odoln\u00fd proti rozbitiu.<br \/>\nDoplnkov\u00e9 vychyt\u00e1vky, ako napr\u00edklad <a href=\"https:\/\/gastrohaal.sk\/produkty\/38_pizzapece\"><span style=\"color: #0000ff;\"><strong>pizza pec<\/strong><\/span><\/a>, s\u00fa vo v\u00fdbave bonusom<\/p>\n<p style=\"text-align: center;\"><img loading=\"lazy\" decoding=\"async\" class=\"aligncenter size-full wp-image-89995\" src=\"https:\/\/slovaklinesmagazin.sk\/cms\/wp-content\/uploads\/2022\/04\/2560px-Cessna_Grand_Caravan_interior.jpg\" alt=\"\" width=\"2560\" height=\"1705\" srcset=\"https:\/\/www.slovaklinesmagazin.sk\/cms\/wp-content\/uploads\/2022\/04\/2560px-Cessna_Grand_Caravan_interior.jpg 2560w, https:\/\/www.slovaklinesmagazin.sk\/cms\/wp-content\/uploads\/2022\/04\/2560px-Cessna_Grand_Caravan_interior-300x200.jpg 300w, https:\/\/www.slovaklinesmagazin.sk\/cms\/wp-content\/uploads\/2022\/04\/2560px-Cessna_Grand_Caravan_interior-1024x682.jpg 1024w, https:\/\/www.slovaklinesmagazin.sk\/cms\/wp-content\/uploads\/2022\/04\/2560px-Cessna_Grand_Caravan_interior-768x512.jpg 768w, https:\/\/www.slovaklinesmagazin.sk\/cms\/wp-content\/uploads\/2022\/04\/2560px-Cessna_Grand_Caravan_interior-600x400.jpg 600w, https:\/\/www.slovaklinesmagazin.sk\/cms\/wp-content\/uploads\/2022\/04\/2560px-Cessna_Grand_Caravan_interior-1536x1023.jpg 1536w, https:\/\/www.slovaklinesmagazin.sk\/cms\/wp-content\/uploads\/2022\/04\/2560px-Cessna_Grand_Caravan_interior-2048x1364.jpg 2048w\" sizes=\"auto, (max-width: 2560px) 100vw, 2560px\" \/><\/p>\n<p>&nbsp;<\/p>\n<p>Vybera\u0165 by ste mali aj pod\u013ea ceny. Ak za karavan alebo obytniak d\u00e1te \u010diastku, ktor\u00e1 nebude zodpoveda\u0165 v\u00e1\u0161mu rozpo\u010dtu, je mo\u017en\u00e9, \u017ee sa budete musie\u0165 uskromni\u0165 v pl\u00e1noch na dovolenku. Riadi\u0165 sa m\u00f4\u017eete samozrejme aj pod\u013ea v\u00fdrobcu dan\u00e9ho modelu.<\/p>\n<p><strong>V\u00fdstavy obytn\u00fdch vozidiel a karavanov<\/strong><br \/>\nPri v\u00fdbere karavanu alebo obytniaka s\u00fa v\u00fdstavy skvel\u00fdm pomocn\u00edkom. M\u00f4\u017eete si tam mnoho modelov pozrie\u0165 na\u017eivo a op\u00fdta\u0165 sa odborn\u00edkov na to, \u010do v\u00e1s zauj\u00edma.<br \/>\nV\u010faka tomu si budete m\u00f4c\u0165 porovna\u0165 v\u00fdhody a nev\u00fdhody jednotliv\u00fdch rie\u0161en\u00ed a kvalifikovane sa rozhodn\u00fa\u0165. V \u010cech\u00e1ch medzi najv\u00e4\u010d\u0161ie akcie venovan\u00e9 tejto t\u00e9me patria v\u00fdstavy For caravan v Prahe alebo Caravaning v Brne. Ak v\u00e1s obytn\u00e9 voz\u00edtka naozaj zauj\u00edmaj\u00fa, nemali by ste si ich necha\u0165 ujs\u0165.<\/p>\n<p>V zahrani\u010d\u00ed m\u00f4\u017eete nav\u0161t\u00edvi\u0165 napr. v\u00fdstavu Camper Caravan Show vo Var\u0161ave, ktor\u00e1 sa chv\u00e1li t\u00fdm, \u017ee sa jedn\u00e1 o najv\u00e4\u010d\u0161iu v\u00fdstavu v strednej a v\u00fdchodnej Eur\u00f3pe.<\/p>\n<p>Zdroj: https:\/\/bit.ly\/3xeClDd, https:\/\/bit.ly\/3jb4h2E<\/p>\n<p>Viac inform\u00e1ci\u00ed: https:\/\/www.portalridice.cz\/, https:\/\/www.svetcestovatele.cz\/<\/p>\n<p>Foto: flickr<\/p>\n<p>&nbsp;<\/p>\n","protected":false},"excerpt":{"rendered":"<p>Po\u017ei\u010diavanie obytn\u00fdch vozidiel je v poslednom \u010dase ve\u013emi popul\u00e1rne. Av\u0161ak a\u017e 75% z\u00e1kazn\u00edkov prich\u00e1dzaj\u00facich do po\u017ei\u010dovn\u00ed s\u00fa v\u0161ak karavanisti za\u010diato\u010dn\u00edci, ktor\u00ed sa zo v\u0161etk\u00e9ho najviac ob\u00e1vaj\u00fa toho, \u010di im bud\u00fa sta\u010di\u0165 limity kilometrov. Tie s\u00fa \u00faplne be\u017enou podmienkou u zhruba 80% prenaj\u00edmate\u013eov. Z d\u00e1t najv\u00e4\u010d\u0161ieho prenaj\u00edmate\u013ea obytn\u00fdch vozidiel na pren\u00e1jom, \u010do je platforma Campiri, sme [&hellip;]<\/p>\n","protected":false},"author":7,"featured_media":89992,"comment_status":"closed","ping_status":"closed","sticky":false,"template":"","format":"standard","meta":{"footnotes":""},"categories":[4,13,52,50],"tags":[],"class_list":["post-89991","post","type-post","status-publish","format-standard","has-post-thumbnail","hentry","category-automobily","category-real-estate","category-outdoor","category-radim-vam","eq-blocks"],"_links":{"self":[{"href":"https:\/\/www.slovaklinesmagazin.sk\/cms\/wp-json\/wp\/v2\/posts\/89991","targetHints":{"allow":["GET"]}}],"collection":[{"href":"https:\/\/www.slovaklinesmagazin.sk\/cms\/wp-json\/wp\/v2\/posts"}],"about":[{"href":"https:\/\/www.slovaklinesmagazin.sk\/cms\/wp-json\/wp\/v2\/types\/post"}],"author":[{"embeddable":true,"href":"https:\/\/www.slovaklinesmagazin.sk\/cms\/wp-json\/wp\/v2\/users\/7"}],"replies":[{"embeddable":true,"href":"https:\/\/www.slovaklinesmagazin.sk\/cms\/wp-json\/wp\/v2\/comments?post=89991"}],"version-history":[{"count":1,"href":"https:\/\/www.slovaklinesmagazin.sk\/cms\/wp-json\/wp\/v2\/posts\/89991\/revisions"}],"predecessor-version":[{"id":89996,"href":"https:\/\/www.slovaklinesmagazin.sk\/cms\/wp-json\/wp\/v2\/posts\/89991\/revisions\/89996"}],"wp:featuredmedia":[{"embeddable":true,"href":"https:\/\/www.slovaklinesmagazin.sk\/cms\/wp-json\/wp\/v2\/media\/89992"}],"wp:attachment":[{"href":"https:\/\/www.slovaklinesmagazin.sk\/cms\/wp-json\/wp\/v2\/media?parent=89991"}],"wp:term":[{"taxonomy":"category","embeddable":true,"href":"https:\/\/www.slovaklinesmagazin.sk\/cms\/wp-json\/wp\/v2\/categories?post=89991"},{"taxonomy":"post_tag","embeddable":true,"href":"https:\/\/www.slovaklinesmagazin.sk\/cms\/wp-json\/wp\/v2\/tags?post=89991"}],"curies":[{"name":"wp","href":"https:\/\/api.w.org\/{rel}","templated":true}]}}